{"id":563,"date":"2023-01-05T13:46:16","date_gmt":"2023-01-05T12:46:16","guid":{"rendered":"https:\/\/hoyre.no\/innlandet\/?p=563"},"modified":"2023-01-05T13:48:55","modified_gmt":"2023-01-05T12:48:55","slug":"regjeringens-politikk-en-fallitterklaering-for-bedrifter-og-arbeidsplasser","status":"publish","type":"post","link":"https:\/\/hoyre.no\/innlandet\/aktuelt\/regjeringens-politikk-en-fallitterklaering-for-bedrifter-og-arbeidsplasser\/","title":{"rendered":"Regjeringens politikk \u2013 en fallitterkl\u00e6ring for bedrifter og arbeidsplasser"},"content":{"rendered":"\n<p class=\"preamble\">Stortingsrepresentant Anna Molberg (H) er bekymret for bedriftene i Innlandet. Her kan du lese hva hun skrev i Oppland Arbeiderblad denne uken.<\/p>\t\t\t<div class=\"post-meta wp-block teft-byline-wrapper\">\n\t\t\t\t<div class=\"top\">\n\t\t\t\t\t<div class=\"signature\">\n\t\t\t\t\t\t<div class=\"teft-byline\">\n\t\t\t\t\t\t\t\t\t\t\t\t\t\t<div>\n\t\t\t\t\t\t\t\t<h3>H\u00f8yres redaksjon<\/h3>\t\t\t\t\t\t\t\t\n\t\t\t\t\t\t\t\t\t\t\t\t\t\t\t\t\t<span class=\"date\">Sist oppdatert: 5. januar 2023<\/span>\n\t\t\t\t\t\t\t\t\t\t\t\t\t\t\t\t\t\t\t\t\t\t\t\t\t<span class=\"reading-time\" itemprop=\"timeRequired\" content=\"PT3M\"><em>Ca. 3 minutter lesetid<\/em><\/span>\n\t\t\t\t\t\t\t\t\t\t\t\t\t\t\t<\/div>\n\t\t\t\t\t\t<\/div>\n\t\t\t\t\t<\/div>\n\t\t\t\t\t\t<div class=\"sharing\">\n\t\t<a class=\"share-button share-link copy-link\" data-copy=\"https:\/\/hoyre.no\/innlandet\/aktuelt\/regjeringens-politikk-en-fallitterklaering-for-bedrifter-og-arbeidsplasser\/\" target=\"_blank\"><span class=\"screen-reader-text\">Del link<\/span><\/a>\n\t\t<a class=\"share-button share-twitter\" href=\"http:\/\/twitter.com\/share?text=Regjeringens politikk \u2013 en fallitterkl\u00e6ring for bedrifter og arbeidsplasser&#038;url=https:\/\/hoyre.no\/innlandet\/aktuelt\/regjeringens-politikk-en-fallitterklaering-for-bedrifter-og-arbeidsplasser\/&#038;hashtags=Hoyre\" target=\"_blank\"><span class=\"screen-reader-text\">Del p\u00e5 twitter<\/span><\/a>\n\t\t<a class=\"share-button share-facebook\" href=\"https:\/\/www.facebook.com\/sharer\/sharer.php?u=https:\/\/hoyre.no\/innlandet\/aktuelt\/regjeringens-politikk-en-fallitterklaering-for-bedrifter-og-arbeidsplasser\/\" target=\"_blank\"><span class=\"screen-reader-text\">Del p\u00e5 facebook<\/span><\/a>\n\t<\/div>\n\t\t\t\t\t<\/div>\n\t\t\t<\/div>\n\n\t\t\t<figure class=\"hoyre-image-wrapper\"><div class=\"hoyre-image\"><img loading=\"lazy\" decoding=\"async\" width=\"957\" height=\"925\" src=\"https:\/\/hoyre.no\/content\/uploads\/sites\/7\/2023\/01\/Anna-NFD.png\" class=\"attachment-scaled size-scaled\" alt=\"\" style=\"object-position: 62% 25%\" srcset=\"https:\/\/hoyre.no\/content\/uploads\/sites\/7\/2023\/01\/Anna-NFD.png 957w, https:\/\/hoyre.no\/content\/uploads\/sites\/7\/2023\/01\/Anna-NFD-300x290.png 300w, https:\/\/hoyre.no\/content\/uploads\/sites\/7\/2023\/01\/Anna-NFD-768x742.png 768w\" sizes=\"auto, (max-width: 957px) 100vw, 957px\" \/><\/div><\/figure>\n\n\n\n\n<p><em>Debattinnlegg av Anna Molberg, Stortingsrepresentant fra Hedmark valgkrets:<\/em><\/p>\n\n\n\n<p>Vi er flere som har lest HA sine historier om sentrale bedrifter som sliter \u00f8konomisk, og som har den f\u00f8lge at ansatte m\u00e5 g\u00e5.<\/p>\n\n\n\n<p>F\u00f8rst ut var Furnes Jernst\u00f8peri som permitterer 33 ansatte og 13 vikarer f\u00e5r ikke fornyet kontrakten sin. Jiffy Products og slakter Brovold p\u00e5 Stange m\u00e5tte gj\u00f8re det samme, og sist ut var Moelven ByggModul som legger ned avdelingen p\u00e5 Hjellum.<\/p>\n\n\n\n<p><strong>Det betyr at 50 ansatte mister jobben.<\/strong><\/p>\n\n\n\n<p>Innlandet er ikke alene, for dette skjer over hele landet akkurat n\u00e5. Hoved\u00e5rsaken er som kjent h\u00f8ye str\u00f8mpriser, men ogs\u00e5 prisstigninger p\u00e5 alt annet i samfunnet.<\/p>\n\n\n\n<p><strong>Ingen regjering \u00f8nsker dette<\/strong> hverken for folk eller bedrifter. Heller ikke Vedum og St\u00f8re.<\/p>\n\n\n\n<p>Men det m\u00e5 v\u00e6re lov \u00e5 sp\u00f8rre hvorfor den sittende regjeringen ikke kan levere en bedre str\u00f8mst\u00f8tteordning og samtidig innf\u00f8rer h\u00f8yere skatter og nye rigide regler i arbeidslivet.<\/p>\n\n\n\n<p>Summen av regjeringens politikk gj\u00f8r en vanskelig situasjon mye verre for n\u00e6ringslivet og ansatte.<\/p>\n\n\n\n<p>Str\u00f8mst\u00f8tteordningen for n\u00e6ringslivet skulle omfatte 20.000 bedrifter, if\u00f8lge n\u00e6ringsministeren. Innen s\u00f8knadsfristen var omme var det bare rundt 1.000 bedrifter som kom inn under ordningen for \u00e5 f\u00e5 kontanter til \u00e5 betale str\u00f8mregningen.<\/p>\n\n\n\n<p>Det varslede fastprisavtalesystemet ser ikke ut til \u00e5 fungere, og som en ekstra nytt\u00e5rsgave kommer h\u00f8yere formuesskatt (som bedriftseiere betaler fordi de har verdifullt produksjonsutstyr, blant annet) og en h\u00f8yere arbeidsgiveravgift p\u00e5 ansatte som tjener over 750.000.<\/p>\n\n\n\n<p><strong>Som om ikke det var nok<\/strong>, vedtok regjeringspartiene med st\u00f8tte fra SV og R\u00f8dt nye innstramminger og forbud mot innleid arbeidskraft fra bemanningsbransjen.<\/p>\n\n\n\n<p>Dette til full jubel fra LO. Konsekvensen av dette er at bemanningsselskapet Adecco n\u00e5 sier opp 600 faste ansatte, if\u00f8lge Dagsrevyen p\u00e5 s\u00f8ndag.<\/p>\n\n\n\n<p>Aftenposten meldte i romjulen at tre polske bygningsarbeidere f\u00e5r sparken fordi de ikke lengre kan leies inn, og Dagsavisen fortalte like f\u00f8r jul at bedriften CBA Fagformidling i Oslo m\u00e5tte la 120 ansatte g\u00e5.<\/p>\n\n\n\n<p>Mer enn 50.000 mennesker i Norge har fast jobb i et bemanningsbyr\u00e5, og det har v\u00e6rt inngangen til arbeidslivet for mange.<\/p>\n\n\n\n<p>Selv ble jeg nylig kontaktet av en fortvilet entrepren\u00f8r som ikke turte \u00e5 melde seg p\u00e5 en anbudskonkurranse fordi han fryktet at med de nye innleiereglene, s\u00e5 ville han ikke kunne skaffe nok folk til byggeprosjektet.<\/p>\n\n\n\n<p>H\u00f8yre foreslo i Stortinget at flere bedrifter skulle omfattes av str\u00f8mst\u00f8tteordningen og at flere bedrifter burde kunne f\u00e5 mer.<\/p>\n\n\n\n<p>Dette ville betydd noe for blant annet Furnes Jernst\u00f8peri, Jiffy Products, Brovold og Moelven.<\/p>\n\n\n\n<p><strong>Med mindre det skjer et mirakel<\/strong> og fastpris-regimet til regjeringen plutselig ser ut til \u00e5 fungere, kommer H\u00f8yre til \u00e5 foresl\u00e5 en bedre str\u00f8mst\u00f8tteordning for \u00e5 hindre at flere bedrifter m\u00e5 ty til oppsigelser og permitteringer.<\/p>\n\n\n\n<p>Vi har satt av fem milliarder kroner til dette i v\u00e5rt alternative statsbudsjett (mot mindre oljepengebruk), og vi g\u00e5r i gang p\u00e5 ny\u00e5ret med \u00e5 foresl\u00e5 en bedre m\u00e5te \u00e5 s\u00f8ke st\u00f8tte p\u00e5.<\/p>\n\n\n\n<p>Dette \u00f8nsker vi \u00e5 g\u00e5 i dialog med n\u00e6ringslivet om, slik at en best mulig ordning kan foresl\u00e5s i Stortinget.<\/p>\n\n\n\n<p>H\u00f8yre har ogs\u00e5 foresl\u00e5tt \u00e5 senke formuesskatten, reversere \u00f8kningen i arbeidsgiveravgift og vi stemte selvsagt mot forbudet mot innleie fra bemanningsbransjen.<\/p>\n\n\n\n<p>Vedum og St\u00f8re m\u00e5 se totalen av hindringer deres regjering p\u00e5legger folk og bedrifter.<\/p>\n\n\n\n<p>Mange bekker sm\u00e5, gj\u00f8r som kjent en stor \u00e5. Summen av alt er ikke til \u00e5 leve med.<\/p>\n\n\n<div class=\"tags\">\n\t<\/div>\n<div class=\"post-footer alignfull has-background block-editor-block-list__block\" data-align=full>\n\t<div class=\"post-footer-inner\">\n\t\t<h3>Relaterte artikler<\/h3>\n\t\t<div class=\"related-content\"><div class=\"is-card-hoyre\">\n\t<div class=\"teft-card hoyre-teft-card post-teft-card\">\n\t\t<a href=\"https:\/\/hoyre.no\/innlandet\/aktuelt\/nar-lokaldemokratiet-nekter-og-staten-ikke-tar-ansvar\/\" class=\"teft-card__primary-action\">\n\n\t\t\t\t\t<div class=\"teft-card__media teft-card__media--16-9\">\n\t\t\t\t\t\t<img loading=\"lazy\" decoding=\"async\" width=\"768\" height=\"569\" src=\"https:\/\/hoyre.no\/content\/uploads\/sites\/7\/2026\/04\/Aasland-Velure-Helgesen_Arendal-2025-768x569.jpeg\" class=\"attachment-medium_large size-medium_large\" alt=\"Energiminister Terje Aasland (Ap), Hanne Alstrup Velure og KS-leder Gunn Marit Helgesen.\" srcset=\"https:\/\/hoyre.no\/content\/uploads\/sites\/7\/2026\/04\/Aasland-Velure-Helgesen_Arendal-2025-768x569.jpeg 768w, https:\/\/hoyre.no\/content\/uploads\/sites\/7\/2026\/04\/Aasland-Velure-Helgesen_Arendal-2025-300x222.jpeg 300w, https:\/\/hoyre.no\/content\/uploads\/sites\/7\/2026\/04\/Aasland-Velure-Helgesen_Arendal-2025-1024x758.jpeg 1024w, https:\/\/hoyre.no\/content\/uploads\/sites\/7\/2026\/04\/Aasland-Velure-Helgesen_Arendal-2025-1536x1137.jpeg 1536w, https:\/\/hoyre.no\/content\/uploads\/sites\/7\/2026\/04\/Aasland-Velure-Helgesen_Arendal-2025-2048x1516.jpeg 2048w\" sizes=\"auto, (max-width: 768px) 100vw, 768px\" \/>\t\t<\/div>\n\t\t\n\t\t\t<div class=\"teft-card__content-wrapper\">\n\t\t\t\t<div class=\"teft-card__secondary\">\n\t\t\t\t\t\n\t\t\t\t\t\t\t\t<div class=\"teft-card__meta\">\n\t\t\t\t\t\t\t\t\t<span class=\"post-date\">27. apr 2026<\/span>\n\n\t\t\t\t\t\t\t\t\t<span class=\"post-category\">Debatt<\/span>\t\t\t\t\t\t\t\t<\/div>\n\t\t\t\t\t\t\t\t\t\t\t<\/div>\n\n\t\t\t\t<div class=\"teft-card__primary\">\n\t\t\t\t\t<h2 class=\"teft-card__title\">N\u00e5r lokaldemokratiet nekter \u2013 og staten ikke tar ansvar&nbsp;<span class=\"teft-card__primary-title-append\"><\/span><\/h2>\t\t\t\t<\/div>\n\t\t\t<\/div>\n\t\t<\/a>\n\t<\/div>\n\n\t<\/div><div class=\"is-card-hoyre\">\n\t<div class=\"teft-card hoyre-teft-card post-teft-card\">\n\t\t<a href=\"https:\/\/hoyre.no\/innlandet\/aktuelt\/bedre-bruk-av-laererne-til-elevenes-beste\/\" class=\"teft-card__primary-action\">\n\n\t\t\t\t\t<div class=\"teft-card__media teft-card__media--16-9\">\n\t\t\t\t\t\t<img loading=\"lazy\" decoding=\"async\" width=\"768\" height=\"512\" src=\"https:\/\/hoyre.no\/content\/uploads\/sites\/7\/2024\/11\/Hanne-Alstrup-Velure-04-LOCOMOTIV-768x512.jpg\" class=\"attachment-medium_large size-medium_large\" alt=\"Hanne Alstrup Velure. Foto: Jan Tore \u00d8verstad \/ Locomotiv AS\" srcset=\"https:\/\/hoyre.no\/content\/uploads\/sites\/7\/2024\/11\/Hanne-Alstrup-Velure-04-LOCOMOTIV-768x512.jpg 768w, https:\/\/hoyre.no\/content\/uploads\/sites\/7\/2024\/11\/Hanne-Alstrup-Velure-04-LOCOMOTIV-300x200.jpg 300w, https:\/\/hoyre.no\/content\/uploads\/sites\/7\/2024\/11\/Hanne-Alstrup-Velure-04-LOCOMOTIV-1024x683.jpg 1024w, https:\/\/hoyre.no\/content\/uploads\/sites\/7\/2024\/11\/Hanne-Alstrup-Velure-04-LOCOMOTIV-1536x1024.jpg 1536w, https:\/\/hoyre.no\/content\/uploads\/sites\/7\/2024\/11\/Hanne-Alstrup-Velure-04-LOCOMOTIV-2048x1365.jpg 2048w\" sizes=\"auto, (max-width: 768px) 100vw, 768px\" \/>\t\t<\/div>\n\t\t\n\t\t\t<div class=\"teft-card__content-wrapper\">\n\t\t\t\t<div class=\"teft-card__secondary\">\n\t\t\t\t\t\n\t\t\t\t\t\t\t\t<div class=\"teft-card__meta\">\n\t\t\t\t\t\t\t\t\t<span class=\"post-date\">13. apr 2026<\/span>\n\n\t\t\t\t\t\t\t\t\t<span class=\"post-category\">Debatt<\/span>\t\t\t\t\t\t\t\t<\/div>\n\t\t\t\t\t\t\t\t\t\t\t<\/div>\n\n\t\t\t\t<div class=\"teft-card__primary\">\n\t\t\t\t\t<h2 class=\"teft-card__title\">Bedre bruk av l\u00e6rerne \u2013 til elevenes beste&nbsp;<span class=\"teft-card__primary-title-append\"><\/span><\/h2>\t\t\t\t<\/div>\n\t\t\t<\/div>\n\t\t<\/a>\n\t<\/div>\n\n\t<\/div><div class=\"is-card-hoyre\">\n\t<div class=\"teft-card hoyre-teft-card post-teft-card\">\n\t\t<a href=\"https:\/\/hoyre.no\/innlandet\/aktuelt\/viltet-er-en-ressurs-na-og-i-fremtiden\/\" class=\"teft-card__primary-action\">\n\n\t\t\t\t\t<div class=\"teft-card__media teft-card__media--16-9\">\n\t\t\t\t\t\t<img loading=\"lazy\" decoding=\"async\" width=\"768\" height=\"768\" src=\"https:\/\/hoyre.no\/content\/uploads\/sites\/7\/2026\/03\/Joakim-Ekseth-jakt-kvadrat-768x768.jpg\" class=\"attachment-medium_large size-medium_large\" alt=\"\" srcset=\"https:\/\/hoyre.no\/content\/uploads\/sites\/7\/2026\/03\/Joakim-Ekseth-jakt-kvadrat-768x768.jpg 768w, https:\/\/hoyre.no\/content\/uploads\/sites\/7\/2026\/03\/Joakim-Ekseth-jakt-kvadrat-300x300.jpg 300w, https:\/\/hoyre.no\/content\/uploads\/sites\/7\/2026\/03\/Joakim-Ekseth-jakt-kvadrat-1024x1024.jpg 1024w, https:\/\/hoyre.no\/content\/uploads\/sites\/7\/2026\/03\/Joakim-Ekseth-jakt-kvadrat-150x150.jpg 150w, https:\/\/hoyre.no\/content\/uploads\/sites\/7\/2026\/03\/Joakim-Ekseth-jakt-kvadrat.jpg 1080w\" sizes=\"auto, (max-width: 768px) 100vw, 768px\" \/>\t\t<\/div>\n\t\t\n\t\t\t<div class=\"teft-card__content-wrapper\">\n\t\t\t\t<div class=\"teft-card__secondary\">\n\t\t\t\t\t\n\t\t\t\t\t\t\t\t<div class=\"teft-card__meta\">\n\t\t\t\t\t\t\t\t\t<span class=\"post-date\">20. mar 2026<\/span>\n\n\t\t\t\t\t\t\t\t\t<span class=\"post-category\">Debatt<\/span>\t\t\t\t\t\t\t\t<\/div>\n\t\t\t\t\t\t\t\t\t\t\t<\/div>\n\n\t\t\t\t<div class=\"teft-card__primary\">\n\t\t\t\t\t<h2 class=\"teft-card__title\">Viltet er en ressurs, n\u00e5 og i fremtiden&nbsp;<span class=\"teft-card__primary-title-append\"><\/span><\/h2>\t\t\t\t<\/div>\n\t\t\t<\/div>\n\t\t<\/a>\n\t<\/div>\n\n\t<\/div><\/div>\t<\/div>\n<\/div>\n","protected":false},"excerpt":{"rendered":"","protected":false},"author":28039,"featured_media":0,"comment_status":"closed","ping_status":"closed","sticky":false,"template":"","format":"standard","meta":{"teft_cards_image_url":"","teft_cards_custom_pretitle":"","teft_cards_image_id":565,"teft_cards_image_focal_point_x":0.58,"teft_cards_image_focal_point_y":0.3,"teft_cards_title":"","teft_cards_excerpt":"","teft_show_chapters":false,"author_display_name":"","footnotes":""},"category":[1],"post_tag":[],"hoyre-visibility":[],"article-type":[],"politician":[],"class_list":["post-563","post","type-post","status-publish","format-standard","hentry","category-ukategorisert"],"yoast_head":"<!-- This site is optimized with the Yoast SEO plugin v26.6 - https:\/\/yoast.com\/wordpress\/plugins\/seo\/ -->\n<title>Regjeringens politikk \u2013 en fallitterkl\u00e6ring for bedrifter og arbeidsplasser - Innlandet H\u00f8yre<\/title>\n<meta name=\"robots\" content=\"index, follow, max-snippet:-1, max-image-preview:large, max-video-preview:-1\" \/>\n<link rel=\"canonical\" href=\"https:\/\/hoyre.no\/innlandet\/aktuelt\/regjeringens-politikk-en-fallitterklaering-for-bedrifter-og-arbeidsplasser\/\" \/>\n<meta property=\"og:locale\" content=\"nb_NO\" \/>\n<meta property=\"og:type\" content=\"article\" \/>\n<meta property=\"og:title\" content=\"Regjeringens politikk \u2013 en fallitterkl\u00e6ring for bedrifter og arbeidsplasser - Innlandet H\u00f8yre\" \/>\n<meta property=\"og:url\" content=\"https:\/\/hoyre.no\/innlandet\/aktuelt\/regjeringens-politikk-en-fallitterklaering-for-bedrifter-og-arbeidsplasser\/\" \/>\n<meta property=\"og:site_name\" content=\"Innlandet H\u00f8yre\" \/>\n<meta property=\"article:published_time\" content=\"2023-01-05T12:46:16+00:00\" \/>\n<meta property=\"article:modified_time\" content=\"2023-01-05T12:48:55+00:00\" \/>\n<meta property=\"og:image\" content=\"https:\/\/hoyre.no\/content\/uploads\/sites\/7\/2026\/03\/Joakim-Ekseth-jakt-kvadrat-1024x1024.jpg\" \/>\n<meta name=\"author\" content=\"Marianne Gunnerud\" \/>\n<meta name=\"twitter:card\" content=\"summary_large_image\" \/>\n<meta name=\"twitter:label1\" content=\"Skrevet av\" \/>\n\t<meta name=\"twitter:data1\" content=\"Marianne Gunnerud\" \/>\n\t<meta name=\"twitter:label2\" content=\"Ansl. lesetid\" \/>\n\t<meta name=\"twitter:data2\" content=\"4 minutter\" \/>\n<script type=\"application\/ld+json\" class=\"yoast-schema-graph\">{\"@context\":\"https:\/\/schema.org\",\"@graph\":[{\"@type\":\"NewsArticle\",\"@id\":\"https:\/\/hoyre.no\/innlandet\/aktuelt\/regjeringens-politikk-en-fallitterklaering-for-bedrifter-og-arbeidsplasser\/\",\"url\":\"https:\/\/hoyre.no\/innlandet\/aktuelt\/regjeringens-politikk-en-fallitterklaering-for-bedrifter-og-arbeidsplasser\/\",\"name\":\"Regjeringens politikk \u2013 en fallitterkl\u00e6ring for bedrifter og arbeidsplasser - Innlandet H\u00f8yre\",\"isPartOf\":{\"@id\":\"https:\/\/hoyre.no\/innlandet\/#website\"},\"datePublished\":\"2023-01-05T12:46:16+00:00\",\"dateModified\":\"2023-01-05T12:48:55+00:00\",\"author\":{\"@id\":\"https:\/\/hoyre.no\/innlandet\/#\/schema\/person\/f0a788fe77deb9bd4c8c2da7d5c22c97\"},\"breadcrumb\":{\"@id\":\"https:\/\/hoyre.no\/innlandet\/aktuelt\/regjeringens-politikk-en-fallitterklaering-for-bedrifter-og-arbeidsplasser\/#breadcrumb\"},\"inLanguage\":\"nb-NO\",\"potentialAction\":[{\"@type\":\"ReadAction\",\"target\":[\"https:\/\/hoyre.no\/innlandet\/aktuelt\/regjeringens-politikk-en-fallitterklaering-for-bedrifter-og-arbeidsplasser\/\"]}]},{\"@type\":\"BreadcrumbList\",\"@id\":\"https:\/\/hoyre.no\/innlandet\/aktuelt\/regjeringens-politikk-en-fallitterklaering-for-bedrifter-og-arbeidsplasser\/#breadcrumb\",\"itemListElement\":[{\"@type\":\"ListItem\",\"position\":1,\"name\":\"Til hoyre.no\",\"item\":\"https:\/\/hoyre.no\"},{\"@type\":\"ListItem\",\"position\":2,\"name\":\"Hjem\",\"item\":\"https:\/\/hoyre.no\/innlandet\/\"},{\"@type\":\"ListItem\",\"position\":3,\"name\":\"Regjeringens politikk \u2013 en fallitterkl\u00e6ring for bedrifter og arbeidsplasser\"}]},{\"@type\":\"WebSite\",\"@id\":\"https:\/\/hoyre.no\/innlandet\/#website\",\"url\":\"https:\/\/hoyre.no\/innlandet\/\",\"name\":\"Innlandet H\u00f8yre\",\"description\":\"Bare enda et H\u00f8yres nettsteder-nettsted\",\"inLanguage\":\"nb-NO\"},{\"@type\":\"Person\",\"@id\":\"https:\/\/hoyre.no\/innlandet\/#\/schema\/person\/f0a788fe77deb9bd4c8c2da7d5c22c97\",\"name\":\"Marianne Gunnerud\",\"image\":{\"@type\":\"ImageObject\",\"inLanguage\":\"nb-NO\",\"@id\":\"https:\/\/hoyre.no\/innlandet\/#\/schema\/person\/image\/\",\"url\":\"https:\/\/secure.gravatar.com\/avatar\/481e93059b3e2beffbe812ded6df7841628911049651966d3cb038c88f954cf8?s=96&d=mm&r=g\",\"contentUrl\":\"https:\/\/secure.gravatar.com\/avatar\/481e93059b3e2beffbe812ded6df7841628911049651966d3cb038c88f954cf8?s=96&d=mm&r=g\",\"caption\":\"Marianne Gunnerud\"},\"url\":\"https:\/\/hoyre.no\/innlandet\/aktuelt\/author\/m51971695\/\"}]}<\/script>\n<!-- \/ Yoast SEO plugin. -->","yoast_head_json":{"title":"Regjeringens politikk \u2013 en fallitterkl\u00e6ring for bedrifter og arbeidsplasser - Innlandet H\u00f8yre","robots":{"index":"index","follow":"follow","max-snippet":"max-snippet:-1","max-image-preview":"max-image-preview:large","max-video-preview":"max-video-preview:-1"},"canonical":"https:\/\/hoyre.no\/innlandet\/aktuelt\/regjeringens-politikk-en-fallitterklaering-for-bedrifter-og-arbeidsplasser\/","og_locale":"nb_NO","og_type":"article","og_title":"Regjeringens politikk \u2013 en fallitterkl\u00e6ring for bedrifter og arbeidsplasser - Innlandet H\u00f8yre","og_url":"https:\/\/hoyre.no\/innlandet\/aktuelt\/regjeringens-politikk-en-fallitterklaering-for-bedrifter-og-arbeidsplasser\/","og_site_name":"Innlandet H\u00f8yre","article_published_time":"2023-01-05T12:46:16+00:00","article_modified_time":"2023-01-05T12:48:55+00:00","og_image":[{"url":"https:\/\/hoyre.no\/content\/uploads\/sites\/7\/2026\/03\/Joakim-Ekseth-jakt-kvadrat-1024x1024.jpg","width":"","height":"","type":""}],"author":"Marianne Gunnerud","twitter_card":"summary_large_image","twitter_misc":{"Skrevet av":"Marianne Gunnerud","Ansl. lesetid":"4 minutter"},"schema":{"@context":"https:\/\/schema.org","@graph":[{"@type":"NewsArticle","@id":"https:\/\/hoyre.no\/innlandet\/aktuelt\/regjeringens-politikk-en-fallitterklaering-for-bedrifter-og-arbeidsplasser\/","url":"https:\/\/hoyre.no\/innlandet\/aktuelt\/regjeringens-politikk-en-fallitterklaering-for-bedrifter-og-arbeidsplasser\/","name":"Regjeringens politikk \u2013 en fallitterkl\u00e6ring for bedrifter og arbeidsplasser - Innlandet H\u00f8yre","isPartOf":{"@id":"https:\/\/hoyre.no\/innlandet\/#website"},"datePublished":"2023-01-05T12:46:16+00:00","dateModified":"2023-01-05T12:48:55+00:00","author":{"@id":"https:\/\/hoyre.no\/innlandet\/#\/schema\/person\/f0a788fe77deb9bd4c8c2da7d5c22c97"},"breadcrumb":{"@id":"https:\/\/hoyre.no\/innlandet\/aktuelt\/regjeringens-politikk-en-fallitterklaering-for-bedrifter-og-arbeidsplasser\/#breadcrumb"},"inLanguage":"nb-NO","potentialAction":[{"@type":"ReadAction","target":["https:\/\/hoyre.no\/innlandet\/aktuelt\/regjeringens-politikk-en-fallitterklaering-for-bedrifter-og-arbeidsplasser\/"]}]},{"@type":"BreadcrumbList","@id":"https:\/\/hoyre.no\/innlandet\/aktuelt\/regjeringens-politikk-en-fallitterklaering-for-bedrifter-og-arbeidsplasser\/#breadcrumb","itemListElement":[{"@type":"ListItem","position":1,"name":"Til hoyre.no","item":"https:\/\/hoyre.no"},{"@type":"ListItem","position":2,"name":"Hjem","item":"https:\/\/hoyre.no\/innlandet\/"},{"@type":"ListItem","position":3,"name":"Regjeringens politikk \u2013 en fallitterkl\u00e6ring for bedrifter og arbeidsplasser"}]},{"@type":"WebSite","@id":"https:\/\/hoyre.no\/innlandet\/#website","url":"https:\/\/hoyre.no\/innlandet\/","name":"Innlandet H\u00f8yre","description":"Bare enda et H\u00f8yres nettsteder-nettsted","inLanguage":"nb-NO"},{"@type":"Person","@id":"https:\/\/hoyre.no\/innlandet\/#\/schema\/person\/f0a788fe77deb9bd4c8c2da7d5c22c97","name":"Marianne Gunnerud","image":{"@type":"ImageObject","inLanguage":"nb-NO","@id":"https:\/\/hoyre.no\/innlandet\/#\/schema\/person\/image\/","url":"https:\/\/secure.gravatar.com\/avatar\/481e93059b3e2beffbe812ded6df7841628911049651966d3cb038c88f954cf8?s=96&d=mm&r=g","contentUrl":"https:\/\/secure.gravatar.com\/avatar\/481e93059b3e2beffbe812ded6df7841628911049651966d3cb038c88f954cf8?s=96&d=mm&r=g","caption":"Marianne Gunnerud"},"url":"https:\/\/hoyre.no\/innlandet\/aktuelt\/author\/m51971695\/"}]}},"distributor_meta":false,"distributor_terms":false,"distributor_media":false,"distributor_original_site_name":"Innlandet H\u00f8yre","distributor_original_site_url":"https:\/\/hoyre.no\/innlandet","push-errors":false,"_links":{"self":[{"href":"https:\/\/hoyre.no\/innlandet\/wp-json\/wp\/v2\/posts\/563","targetHints":{"allow":["GET"]}}],"collection":[{"href":"https:\/\/hoyre.no\/innlandet\/wp-json\/wp\/v2\/posts"}],"about":[{"href":"https:\/\/hoyre.no\/innlandet\/wp-json\/wp\/v2\/types\/post"}],"author":[{"embeddable":true,"href":"https:\/\/hoyre.no\/innlandet\/wp-json\/wp\/v2\/users\/28039"}],"replies":[{"embeddable":true,"href":"https:\/\/hoyre.no\/innlandet\/wp-json\/wp\/v2\/comments?post=563"}],"version-history":[{"count":3,"href":"https:\/\/hoyre.no\/innlandet\/wp-json\/wp\/v2\/posts\/563\/revisions"}],"predecessor-version":[{"id":568,"href":"https:\/\/hoyre.no\/innlandet\/wp-json\/wp\/v2\/posts\/563\/revisions\/568"}],"wp:attachment":[{"href":"https:\/\/hoyre.no\/innlandet\/wp-json\/wp\/v2\/media?parent=563"}],"wp:term":[{"taxonomy":"category","embeddable":true,"href":"https:\/\/hoyre.no\/innlandet\/wp-json\/wp\/v2\/category?post=563"},{"taxonomy":"post_tag","embeddable":true,"href":"https:\/\/hoyre.no\/innlandet\/wp-json\/wp\/v2\/post_tag?post=563"},{"taxonomy":"hoyre-visibility","embeddable":true,"href":"https:\/\/hoyre.no\/innlandet\/wp-json\/wp\/v2\/hoyre-visibility?post=563"},{"taxonomy":"article-type","embeddable":true,"href":"https:\/\/hoyre.no\/innlandet\/wp-json\/wp\/v2\/article-type?post=563"},{"taxonomy":"politician","embeddable":true,"href":"https:\/\/hoyre.no\/innlandet\/wp-json\/wp\/v2\/politician?post=563"}],"curies":[{"name":"wp","href":"https:\/\/api.w.org\/{rel}","templated":true}]}}