{"id":75,"date":"2020-06-17T22:00:00","date_gmt":"2020-06-17T20:00:00","guid":{"rendered":"https:\/\/hoyre.no\/innlandet\/aktuelt\/ntp_riksvei_4_er_prioritert\/"},"modified":"2020-06-17T22:00:00","modified_gmt":"2020-06-17T20:00:00","slug":"ntp_riksvei_4_er_prioritert","status":"publish","type":"post","link":"https:\/\/hoyre.no\/innlandet\/aktuelt\/ntp_riksvei_4_er_prioritert\/","title":{"rendered":"NTP &#8211; Riksvei 4 er prioritert"},"content":{"rendered":"<p class=\"preamble\">I dagens Fylkesting holdt Fylkestingsrepresentant for H\u00f8yre, Joakim Ekseth, et innlegg til debatten om Nasjonal Transportplan, der han var tydelig p\u00e5 at Riksvei 4 er prioritert. Du kan lese hele hans innlegg her.<\/p>\t\t\t<div class=\"post-meta wp-block teft-byline-wrapper\">\n\t\t\t\t<div class=\"top\">\n\t\t\t\t\t<div class=\"signature\">\n\t\t\t\t\t\t<div class=\"teft-byline\">\n\t\t\t\t\t\t\t\t\t\t\t\t\t\t<div>\n\t\t\t\t\t\t\t\t<h3>H\u00f8yres redaksjon<\/h3>\t\t\t\t\t\t\t\t\n\t\t\t\t\t\t\t\t\t\t\t\t\t\t\t\t\t<span class=\"date\">Sist oppdatert: 17. juni 2020<\/span>\n\t\t\t\t\t\t\t\t\t\t\t\t\t\t\t\t\t\t\t\t\t\t\t\t\t<span class=\"reading-time\" itemprop=\"timeRequired\" content=\"PT3M\"><em>Ca. 3 minutter lesetid<\/em><\/span>\n\t\t\t\t\t\t\t\t\t\t\t\t\t\t\t<\/div>\n\t\t\t\t\t\t<\/div>\n\t\t\t\t\t<\/div>\n\t\t\t\t\t\t<div class=\"sharing\">\n\t\t<a class=\"share-button share-link copy-link\" data-copy=\"https:\/\/hoyre.no\/innlandet\/aktuelt\/ntp_riksvei_4_er_prioritert\/\" target=\"_blank\"><span class=\"screen-reader-text\">Del link<\/span><\/a>\n\t\t<a class=\"share-button share-twitter\" href=\"http:\/\/twitter.com\/share?text=NTP &#8211; Riksvei 4 er prioritert&#038;url=https:\/\/hoyre.no\/innlandet\/aktuelt\/ntp_riksvei_4_er_prioritert\/&#038;hashtags=Hoyre\" target=\"_blank\"><span class=\"screen-reader-text\">Del p\u00e5 twitter<\/span><\/a>\n\t\t<a class=\"share-button share-facebook\" href=\"https:\/\/www.facebook.com\/sharer\/sharer.php?u=https:\/\/hoyre.no\/innlandet\/aktuelt\/ntp_riksvei_4_er_prioritert\/\" target=\"_blank\"><span class=\"screen-reader-text\">Del p\u00e5 facebook<\/span><\/a>\n\t<\/div>\n\t\t\t\t\t<\/div>\n\t\t\t<\/div>\n\n\t\t\t<figure class=\"hoyre-image-wrapper\"><div class=\"hoyre-image\"><img loading=\"lazy\" decoding=\"async\" width=\"2560\" height=\"1440\" src=\"https:\/\/hoyre.no\/content\/uploads\/sites\/7\/2020\/11\/gettyimages_62906250_16x9-scaled.jpg\" class=\"attachment-scaled size-scaled\" alt=\"\" style=\"object-position: 50% 50%\" srcset=\"https:\/\/hoyre.no\/content\/uploads\/sites\/7\/2020\/11\/gettyimages_62906250_16x9-scaled.jpg 2560w, https:\/\/hoyre.no\/content\/uploads\/sites\/7\/2020\/11\/gettyimages_62906250_16x9-300x169.jpg 300w, https:\/\/hoyre.no\/content\/uploads\/sites\/7\/2020\/11\/gettyimages_62906250_16x9-1024x576.jpg 1024w, https:\/\/hoyre.no\/content\/uploads\/sites\/7\/2020\/11\/gettyimages_62906250_16x9-768x432.jpg 768w, https:\/\/hoyre.no\/content\/uploads\/sites\/7\/2020\/11\/gettyimages_62906250_16x9-1536x864.jpg 1536w, https:\/\/hoyre.no\/content\/uploads\/sites\/7\/2020\/11\/gettyimages_62906250_16x9-2048x1152.jpg 2048w\" sizes=\"auto, (max-width: 2560px) 100vw, 2560px\" \/><\/div><\/figure><div id=\"hoyre-old-article-content-wrapper\"><div>Nasjonal transportplan (NTP 2022-2033) skal presentere den nasjonale transportpolitikken i perioden 2022 til 2033. Viktige m\u00e5l er effektiv bruk av virkemidler og styrket samspill mellom transportformene. <\/div><div>Dette dokumentet er det viktigste innen samferdselsfeltet. Innlandet H\u00f8yre har derfor arbeidet grundig med v\u00e5re prioriteringer. <\/div><div>H\u00f8yre prioriterte f\u00f8rst \u00e5 sluttf\u00f8re alle vedtatte prosjekter i gjeldende NTP. Videre prioriterte vi flere av v\u00e5re store nasjonale transport\u00e5rer, samt behovet for \u00f8kte overf\u00f8ringer til fylkene for \u00e5 bedre standarden p\u00e5 fylkesvegnettet.<\/div><div>H\u00f8yre har imidlertid ikke flertall p\u00e5 Fylkestinget og m\u00e5 derfor jobbe sammen med resten av Fylkestinget for \u00e5 f\u00e5 gjennomslag. Vi spilte derfor tidlig inn v\u00e5re prim\u00e6rforslag og delte disse. Det er derfor meget gledelig \u00e5 se at store deler av H\u00f8yres opprinnelige prioriteringer fremkommer i det forslaget som vi i dag behandler og sannsynligvis vedtar \u2013 forh\u00e5pentligvis enstemmig.<\/div><div>Innlandet har i mange \u00e5r n\u00e5 hatt gleden av flere sv\u00e6rt store samferdselsprosjekter i v\u00e5r region, men det er fortsatt mye \u00e5 ta tak i, b\u00e5de i forbindelse med vedlikehold av eksisterende infrastruktur, og bygging av ny. For Innlandet er det derfor avgj\u00f8rende viktig \u00e5 ha omforente prioriteringer i s\u00e5 store saker som NTP, for s\u00e5ledes \u00e5 f\u00e5 mest mulig gjennomslag i Stortinget n\u00e5r saken endelig skal vedtas. <\/div><div>Den veien vi har prioritert h\u00f8yes av nye veiprosjekter, er riksvei 4. I NRK.no i g\u00e5r, 17. juni, kunne vi lese at \u00ab28 hjem ble jevnet med jorda. Alt kan v\u00e6re forgjeves.\u00bb Saken handler om grenda Volla, der 28 boligeiendommer for tre \u00e5r siden ble revet for \u00e5 gi plass til ny riksvei 4. Siden har ingen ting skjedd og veiutbyggingen er lagt p\u00e5 is. Slik som dette kan vi ikke ha det!<\/div><div>N\u00e5 har Nye Veier AS riksvei 4 blant sine h\u00f8yest prioriterte prosjekter og det er tverrpolitisk enighet i Innlandet om at riksvei 4, Oslo \u2013 Mj\u00f8sbrua, er det viktigste nye veiprosjektet \u00e5 prioritere i kommende NTP. Det blir derfor v\u00e5rt felles ansvar, KJ\u00c6RE Fylkestingskolleger, \u00e5 s\u00f8rge for at denne overskriften ikke blir en realitet!<\/div><div>Den viktigste prioriteringen fra H\u00f8yres opprinnelige prioriteringer som det dessverre ikke er funnet plass til er Europavei 136. Denne strekningen skulle vi veldig gjerne sett at hadde kommet med i den endelige listen, men dette har vi dessverre ikke klart \u00e5 skaffe flertall for.<\/div><div>Prosessen i forbindelse med fylkestingets behandling av innspillene har v\u00e6rt \u00ablitt humpete\u00bb, men dette har samtidig gitt oss litt ekstra tid. Bortsett fra E-136, mener H\u00f8yre at det dokumentet som vi i dag behandler er godt og fremtidsrettet, og jeg vil derfor takke de andre partiene for godt samarbeid s\u00e5 langt. Samtidig oppfordrer jeg alle til \u00e5 f\u00f8lge disse prioriteringene helt inn til m\u00e5l, med videre p\u00e5virkning av v\u00e5re representanter p\u00e5 Stortinget frem til endelig vedtak neste sommer. <\/div><div><br \/><\/div><p><br \/><\/p><\/div>\n<div class=\"tags\">\n\t<\/div>\n<div class=\"post-footer alignfull has-background block-editor-block-list__block\" data-align=full>\n\t<div class=\"post-footer-inner\">\n\t\t<h3>Relaterte artikler<\/h3>\n\t\t<div class=\"related-content\"><div class=\"is-card-hoyre\">\n\t<div class=\"teft-card hoyre-teft-card post-teft-card\">\n\t\t<a href=\"https:\/\/hoyre.no\/innlandet\/aktuelt\/nar-lokaldemokratiet-nekter-og-staten-ikke-tar-ansvar\/\" class=\"teft-card__primary-action\">\n\n\t\t\t\t\t<div class=\"teft-card__media teft-card__media--16-9\">\n\t\t\t\t\t\t<img loading=\"lazy\" decoding=\"async\" width=\"768\" height=\"569\" src=\"https:\/\/hoyre.no\/content\/uploads\/sites\/7\/2026\/04\/Aasland-Velure-Helgesen_Arendal-2025-768x569.jpeg\" class=\"attachment-medium_large size-medium_large\" alt=\"Energiminister Terje Aasland (Ap), Hanne Alstrup Velure og KS-leder Gunn Marit Helgesen.\" srcset=\"https:\/\/hoyre.no\/content\/uploads\/sites\/7\/2026\/04\/Aasland-Velure-Helgesen_Arendal-2025-768x569.jpeg 768w, https:\/\/hoyre.no\/content\/uploads\/sites\/7\/2026\/04\/Aasland-Velure-Helgesen_Arendal-2025-300x222.jpeg 300w, https:\/\/hoyre.no\/content\/uploads\/sites\/7\/2026\/04\/Aasland-Velure-Helgesen_Arendal-2025-1024x758.jpeg 1024w, https:\/\/hoyre.no\/content\/uploads\/sites\/7\/2026\/04\/Aasland-Velure-Helgesen_Arendal-2025-1536x1137.jpeg 1536w, https:\/\/hoyre.no\/content\/uploads\/sites\/7\/2026\/04\/Aasland-Velure-Helgesen_Arendal-2025-2048x1516.jpeg 2048w\" sizes=\"auto, (max-width: 768px) 100vw, 768px\" \/>\t\t<\/div>\n\t\t\n\t\t\t<div class=\"teft-card__content-wrapper\">\n\t\t\t\t<div class=\"teft-card__secondary\">\n\t\t\t\t\t\n\t\t\t\t\t\t\t\t<div class=\"teft-card__meta\">\n\t\t\t\t\t\t\t\t\t<span class=\"post-date\">27. apr 2026<\/span>\n\n\t\t\t\t\t\t\t\t\t<span class=\"post-category\">Debatt<\/span>\t\t\t\t\t\t\t\t<\/div>\n\t\t\t\t\t\t\t\t\t\t\t<\/div>\n\n\t\t\t\t<div class=\"teft-card__primary\">\n\t\t\t\t\t<h2 class=\"teft-card__title\">N\u00e5r lokaldemokratiet nekter \u2013 og staten ikke tar ansvar&nbsp;<span class=\"teft-card__primary-title-append\"><\/span><\/h2>\t\t\t\t<\/div>\n\t\t\t<\/div>\n\t\t<\/a>\n\t<\/div>\n\n\t<\/div><div class=\"is-card-hoyre\">\n\t<div class=\"teft-card hoyre-teft-card post-teft-card\">\n\t\t<a href=\"https:\/\/hoyre.no\/innlandet\/aktuelt\/bedre-bruk-av-laererne-til-elevenes-beste\/\" class=\"teft-card__primary-action\">\n\n\t\t\t\t\t<div class=\"teft-card__media teft-card__media--16-9\">\n\t\t\t\t\t\t<img loading=\"lazy\" decoding=\"async\" width=\"768\" height=\"512\" src=\"https:\/\/hoyre.no\/content\/uploads\/sites\/7\/2024\/11\/Hanne-Alstrup-Velure-04-LOCOMOTIV-768x512.jpg\" class=\"attachment-medium_large size-medium_large\" alt=\"Hanne Alstrup Velure. Foto: Jan Tore \u00d8verstad \/ Locomotiv AS\" srcset=\"https:\/\/hoyre.no\/content\/uploads\/sites\/7\/2024\/11\/Hanne-Alstrup-Velure-04-LOCOMOTIV-768x512.jpg 768w, https:\/\/hoyre.no\/content\/uploads\/sites\/7\/2024\/11\/Hanne-Alstrup-Velure-04-LOCOMOTIV-300x200.jpg 300w, https:\/\/hoyre.no\/content\/uploads\/sites\/7\/2024\/11\/Hanne-Alstrup-Velure-04-LOCOMOTIV-1024x683.jpg 1024w, https:\/\/hoyre.no\/content\/uploads\/sites\/7\/2024\/11\/Hanne-Alstrup-Velure-04-LOCOMOTIV-1536x1024.jpg 1536w, https:\/\/hoyre.no\/content\/uploads\/sites\/7\/2024\/11\/Hanne-Alstrup-Velure-04-LOCOMOTIV-2048x1365.jpg 2048w\" sizes=\"auto, (max-width: 768px) 100vw, 768px\" \/>\t\t<\/div>\n\t\t\n\t\t\t<div class=\"teft-card__content-wrapper\">\n\t\t\t\t<div class=\"teft-card__secondary\">\n\t\t\t\t\t\n\t\t\t\t\t\t\t\t<div class=\"teft-card__meta\">\n\t\t\t\t\t\t\t\t\t<span class=\"post-date\">13. apr 2026<\/span>\n\n\t\t\t\t\t\t\t\t\t<span class=\"post-category\">Debatt<\/span>\t\t\t\t\t\t\t\t<\/div>\n\t\t\t\t\t\t\t\t\t\t\t<\/div>\n\n\t\t\t\t<div class=\"teft-card__primary\">\n\t\t\t\t\t<h2 class=\"teft-card__title\">Bedre bruk av l\u00e6rerne \u2013 til elevenes beste&nbsp;<span class=\"teft-card__primary-title-append\"><\/span><\/h2>\t\t\t\t<\/div>\n\t\t\t<\/div>\n\t\t<\/a>\n\t<\/div>\n\n\t<\/div><div class=\"is-card-hoyre\">\n\t<div class=\"teft-card hoyre-teft-card post-teft-card\">\n\t\t<a href=\"https:\/\/hoyre.no\/innlandet\/aktuelt\/viltet-er-en-ressurs-na-og-i-fremtiden\/\" class=\"teft-card__primary-action\">\n\n\t\t\t\t\t<div class=\"teft-card__media teft-card__media--16-9\">\n\t\t\t\t\t\t<img loading=\"lazy\" decoding=\"async\" width=\"768\" height=\"768\" src=\"https:\/\/hoyre.no\/content\/uploads\/sites\/7\/2026\/03\/Joakim-Ekseth-jakt-kvadrat-768x768.jpg\" class=\"attachment-medium_large size-medium_large\" alt=\"\" srcset=\"https:\/\/hoyre.no\/content\/uploads\/sites\/7\/2026\/03\/Joakim-Ekseth-jakt-kvadrat-768x768.jpg 768w, https:\/\/hoyre.no\/content\/uploads\/sites\/7\/2026\/03\/Joakim-Ekseth-jakt-kvadrat-300x300.jpg 300w, https:\/\/hoyre.no\/content\/uploads\/sites\/7\/2026\/03\/Joakim-Ekseth-jakt-kvadrat-1024x1024.jpg 1024w, https:\/\/hoyre.no\/content\/uploads\/sites\/7\/2026\/03\/Joakim-Ekseth-jakt-kvadrat-150x150.jpg 150w, https:\/\/hoyre.no\/content\/uploads\/sites\/7\/2026\/03\/Joakim-Ekseth-jakt-kvadrat.jpg 1080w\" sizes=\"auto, (max-width: 768px) 100vw, 768px\" \/>\t\t<\/div>\n\t\t\n\t\t\t<div class=\"teft-card__content-wrapper\">\n\t\t\t\t<div class=\"teft-card__secondary\">\n\t\t\t\t\t\n\t\t\t\t\t\t\t\t<div class=\"teft-card__meta\">\n\t\t\t\t\t\t\t\t\t<span class=\"post-date\">20. mar 2026<\/span>\n\n\t\t\t\t\t\t\t\t\t<span class=\"post-category\">Debatt<\/span>\t\t\t\t\t\t\t\t<\/div>\n\t\t\t\t\t\t\t\t\t\t\t<\/div>\n\n\t\t\t\t<div class=\"teft-card__primary\">\n\t\t\t\t\t<h2 class=\"teft-card__title\">Viltet er en ressurs, n\u00e5 og i fremtiden&nbsp;<span class=\"teft-card__primary-title-append\"><\/span><\/h2>\t\t\t\t<\/div>\n\t\t\t<\/div>\n\t\t<\/a>\n\t<\/div>\n\n\t<\/div><\/div>\t<\/div>\n<\/div>\n","protected":false},"excerpt":{"rendered":"","protected":false},"author":0,"featured_media":0,"comment_status":"closed","ping_status":"closed","sticky":false,"template":"","format":"standard","meta":{"teft_cards_image_url":"https:\/\/hoyre.no\/content\/uploads\/sites\/7\/2020\/11\/gettyimages_62906250_16x9-scaled.jpg","teft_cards_custom_pretitle":"","teft_cards_image_id":74,"teft_cards_image_focal_point_x":0,"teft_cards_image_focal_point_y":0,"teft_cards_title":"","teft_cards_excerpt":"","teft_show_chapters":false,"author_display_name":"Marianne Aashaug","footnotes":""},"category":[1],"post_tag":[],"hoyre-visibility":[],"article-type":[],"politician":[],"class_list":["post-75","post","type-post","status-publish","format-standard","hentry","category-ukategorisert"],"yoast_head":"<!-- This site is optimized with the Yoast SEO plugin v26.6 - https:\/\/yoast.com\/wordpress\/plugins\/seo\/ -->\n<title>NTP - Riksvei 4 er prioritert - Innlandet H\u00f8yre<\/title>\n<meta name=\"robots\" content=\"index, follow, max-snippet:-1, max-image-preview:large, max-video-preview:-1\" \/>\n<link rel=\"canonical\" href=\"https:\/\/hoyre.no\/innlandet\/aktuelt\/ntp_riksvei_4_er_prioritert\/\" \/>\n<meta property=\"og:locale\" content=\"nb_NO\" \/>\n<meta property=\"og:type\" content=\"article\" \/>\n<meta property=\"og:title\" content=\"NTP - Riksvei 4 er prioritert - Innlandet H\u00f8yre\" \/>\n<meta property=\"og:url\" content=\"https:\/\/hoyre.no\/innlandet\/aktuelt\/ntp_riksvei_4_er_prioritert\/\" \/>\n<meta property=\"og:site_name\" content=\"Innlandet H\u00f8yre\" \/>\n<meta property=\"article:published_time\" content=\"2020-06-17T20:00:00+00:00\" \/>\n<meta property=\"og:image\" content=\"https:\/\/hoyre.no\/content\/uploads\/sites\/7\/2026\/03\/Joakim-Ekseth-jakt-kvadrat-1024x1024.jpg\" \/>\n<meta name=\"twitter:card\" content=\"summary_large_image\" \/>\n<meta name=\"twitter:label1\" content=\"Ansl. lesetid\" \/>\n\t<meta name=\"twitter:data1\" content=\"3 minutter\" \/>\n<script type=\"application\/ld+json\" class=\"yoast-schema-graph\">{\"@context\":\"https:\/\/schema.org\",\"@graph\":[{\"@type\":\"NewsArticle\",\"@id\":\"https:\/\/hoyre.no\/innlandet\/aktuelt\/ntp_riksvei_4_er_prioritert\/\",\"url\":\"https:\/\/hoyre.no\/innlandet\/aktuelt\/ntp_riksvei_4_er_prioritert\/\",\"name\":\"NTP - Riksvei 4 er prioritert - Innlandet H\u00f8yre\",\"isPartOf\":{\"@id\":\"https:\/\/hoyre.no\/innlandet\/#website\"},\"datePublished\":\"2020-06-17T20:00:00+00:00\",\"author\":{\"@id\":\"\"},\"breadcrumb\":{\"@id\":\"https:\/\/hoyre.no\/innlandet\/aktuelt\/ntp_riksvei_4_er_prioritert\/#breadcrumb\"},\"inLanguage\":\"nb-NO\",\"potentialAction\":[{\"@type\":\"ReadAction\",\"target\":[\"https:\/\/hoyre.no\/innlandet\/aktuelt\/ntp_riksvei_4_er_prioritert\/\"]}]},{\"@type\":\"BreadcrumbList\",\"@id\":\"https:\/\/hoyre.no\/innlandet\/aktuelt\/ntp_riksvei_4_er_prioritert\/#breadcrumb\",\"itemListElement\":[{\"@type\":\"ListItem\",\"position\":1,\"name\":\"Til hoyre.no\",\"item\":\"https:\/\/hoyre.no\"},{\"@type\":\"ListItem\",\"position\":2,\"name\":\"Hjem\",\"item\":\"https:\/\/hoyre.no\/innlandet\/\"},{\"@type\":\"ListItem\",\"position\":3,\"name\":\"NTP &#8211; Riksvei 4 er prioritert\"}]},{\"@type\":\"WebSite\",\"@id\":\"https:\/\/hoyre.no\/innlandet\/#website\",\"url\":\"https:\/\/hoyre.no\/innlandet\/\",\"name\":\"Innlandet H\u00f8yre\",\"description\":\"Bare enda et H\u00f8yres nettsteder-nettsted\",\"inLanguage\":\"nb-NO\"}]}<\/script>\n<!-- \/ Yoast SEO plugin. -->","yoast_head_json":{"title":"NTP - Riksvei 4 er prioritert - Innlandet H\u00f8yre","robots":{"index":"index","follow":"follow","max-snippet":"max-snippet:-1","max-image-preview":"max-image-preview:large","max-video-preview":"max-video-preview:-1"},"canonical":"https:\/\/hoyre.no\/innlandet\/aktuelt\/ntp_riksvei_4_er_prioritert\/","og_locale":"nb_NO","og_type":"article","og_title":"NTP - Riksvei 4 er prioritert - Innlandet H\u00f8yre","og_url":"https:\/\/hoyre.no\/innlandet\/aktuelt\/ntp_riksvei_4_er_prioritert\/","og_site_name":"Innlandet H\u00f8yre","article_published_time":"2020-06-17T20:00:00+00:00","og_image":[{"url":"https:\/\/hoyre.no\/content\/uploads\/sites\/7\/2026\/03\/Joakim-Ekseth-jakt-kvadrat-1024x1024.jpg","width":"","height":"","type":""}],"twitter_card":"summary_large_image","twitter_misc":{"Ansl. lesetid":"3 minutter"},"schema":{"@context":"https:\/\/schema.org","@graph":[{"@type":"NewsArticle","@id":"https:\/\/hoyre.no\/innlandet\/aktuelt\/ntp_riksvei_4_er_prioritert\/","url":"https:\/\/hoyre.no\/innlandet\/aktuelt\/ntp_riksvei_4_er_prioritert\/","name":"NTP - Riksvei 4 er prioritert - Innlandet H\u00f8yre","isPartOf":{"@id":"https:\/\/hoyre.no\/innlandet\/#website"},"datePublished":"2020-06-17T20:00:00+00:00","author":{"@id":""},"breadcrumb":{"@id":"https:\/\/hoyre.no\/innlandet\/aktuelt\/ntp_riksvei_4_er_prioritert\/#breadcrumb"},"inLanguage":"nb-NO","potentialAction":[{"@type":"ReadAction","target":["https:\/\/hoyre.no\/innlandet\/aktuelt\/ntp_riksvei_4_er_prioritert\/"]}]},{"@type":"BreadcrumbList","@id":"https:\/\/hoyre.no\/innlandet\/aktuelt\/ntp_riksvei_4_er_prioritert\/#breadcrumb","itemListElement":[{"@type":"ListItem","position":1,"name":"Til hoyre.no","item":"https:\/\/hoyre.no"},{"@type":"ListItem","position":2,"name":"Hjem","item":"https:\/\/hoyre.no\/innlandet\/"},{"@type":"ListItem","position":3,"name":"NTP &#8211; Riksvei 4 er prioritert"}]},{"@type":"WebSite","@id":"https:\/\/hoyre.no\/innlandet\/#website","url":"https:\/\/hoyre.no\/innlandet\/","name":"Innlandet H\u00f8yre","description":"Bare enda et H\u00f8yres nettsteder-nettsted","inLanguage":"nb-NO"}]}},"distributor_meta":false,"distributor_terms":false,"distributor_media":false,"distributor_original_site_name":"Innlandet H\u00f8yre","distributor_original_site_url":"https:\/\/hoyre.no\/innlandet","push-errors":false,"_links":{"self":[{"href":"https:\/\/hoyre.no\/innlandet\/wp-json\/wp\/v2\/posts\/75","targetHints":{"allow":["GET"]}}],"collection":[{"href":"https:\/\/hoyre.no\/innlandet\/wp-json\/wp\/v2\/posts"}],"about":[{"href":"https:\/\/hoyre.no\/innlandet\/wp-json\/wp\/v2\/types\/post"}],"replies":[{"embeddable":true,"href":"https:\/\/hoyre.no\/innlandet\/wp-json\/wp\/v2\/comments?post=75"}],"version-history":[{"count":0,"href":"https:\/\/hoyre.no\/innlandet\/wp-json\/wp\/v2\/posts\/75\/revisions"}],"wp:attachment":[{"href":"https:\/\/hoyre.no\/innlandet\/wp-json\/wp\/v2\/media?parent=75"}],"wp:term":[{"taxonomy":"category","embeddable":true,"href":"https:\/\/hoyre.no\/innlandet\/wp-json\/wp\/v2\/category?post=75"},{"taxonomy":"post_tag","embeddable":true,"href":"https:\/\/hoyre.no\/innlandet\/wp-json\/wp\/v2\/post_tag?post=75"},{"taxonomy":"hoyre-visibility","embeddable":true,"href":"https:\/\/hoyre.no\/innlandet\/wp-json\/wp\/v2\/hoyre-visibility?post=75"},{"taxonomy":"article-type","embeddable":true,"href":"https:\/\/hoyre.no\/innlandet\/wp-json\/wp\/v2\/article-type?post=75"},{"taxonomy":"politician","embeddable":true,"href":"https:\/\/hoyre.no\/innlandet\/wp-json\/wp\/v2\/politician?post=75"}],"curies":[{"name":"wp","href":"https:\/\/api.w.org\/{rel}","templated":true}]}}