{"id":15,"date":"2019-03-17T23:00:00","date_gmt":"2019-03-17T22:00:00","guid":{"rendered":"https:\/\/hoyre.no\/iveland\/aktuelt\/iveland_engangsstotte_til_bygging_av_bolig\/"},"modified":"2019-03-17T23:00:00","modified_gmt":"2019-03-17T22:00:00","slug":"iveland_engangsstotte_til_bygging_av_bolig","status":"publish","type":"post","link":"https:\/\/hoyre.no\/iveland\/aktuelt\/iveland_engangsstotte_til_bygging_av_bolig\/","title":{"rendered":"Vil du bygge dr\u00f8mmen din i Iveland?"},"content":{"rendered":"<p class=\"preamble\">Pressemelding fra Iveland H\u00f8yre: nnIveland H\u00f8yre vil g\u00e5 inn for en st\u00f8tteordning til bygging av hus ognbolig i kommunen. Det vil \u00e5pne opp for at unge som har tilh\u00f8righet til Iveland lettere kan f\u00e5 realisert sine dr\u00f8mmer om eget hus i hjemkommunen.n<\/p>\t\t\t<div class=\"post-meta wp-block teft-byline-wrapper\">\n\t\t\t\t<div class=\"top\">\n\t\t\t\t\t<div class=\"signature\">\n\t\t\t\t\t\t<div class=\"teft-byline\">\n\t\t\t\t\t\t\t\t\t\t\t\t\t\t<div>\n\t\t\t\t\t\t\t\t<h3>H\u00f8yres redaksjon<\/h3>\t\t\t\t\t\t\t\t\n\t\t\t\t\t\t\t\t\t\t\t\t\t\t\t\t\t<span class=\"date\">Sist oppdatert: 17. mars 2019<\/span>\n\t\t\t\t\t\t\t\t\t\t\t\t\t\t\t\t\t\t\t\t\t\t\t\t\t<span class=\"reading-time\" itemprop=\"timeRequired\" content=\"PT2M\"><em>Ca. 2 minutter lesetid<\/em><\/span>\n\t\t\t\t\t\t\t\t\t\t\t\t\t\t\t<\/div>\n\t\t\t\t\t\t<\/div>\n\t\t\t\t\t<\/div>\n\t\t\t\t\t\t<div class=\"sharing\">\n\t\t<a class=\"share-button share-link copy-link\" data-copy=\"https:\/\/hoyre.no\/iveland\/aktuelt\/iveland_engangsstotte_til_bygging_av_bolig\/\" target=\"_blank\"><span class=\"screen-reader-text\">Del link<\/span><\/a>\n\t\t<a class=\"share-button share-twitter\" href=\"http:\/\/twitter.com\/share?text=Vil du bygge dr\u00f8mmen din i Iveland?&#038;url=https:\/\/hoyre.no\/iveland\/aktuelt\/iveland_engangsstotte_til_bygging_av_bolig\/&#038;hashtags=Hoyre\" target=\"_blank\"><span class=\"screen-reader-text\">Del p\u00e5 twitter<\/span><\/a>\n\t\t<a class=\"share-button share-facebook\" href=\"https:\/\/www.facebook.com\/sharer\/sharer.php?u=https:\/\/hoyre.no\/iveland\/aktuelt\/iveland_engangsstotte_til_bygging_av_bolig\/\" target=\"_blank\"><span class=\"screen-reader-text\">Del p\u00e5 facebook<\/span><\/a>\n\t<\/div>\n\t\t\t\t\t<\/div>\n\t\t\t<\/div>\n\n\t\t\t<figure class=\"hoyre-image-wrapper\"><div class=\"hoyre-image\"><img loading=\"lazy\" decoding=\"async\" width=\"2500\" height=\"1666\" src=\"https:\/\/hoyre.no\/content\/uploads\/sites\/30\/2020\/11\/gettyimages_51290607.jpg\" class=\"attachment-scaled size-scaled\" alt=\"\" style=\"object-position: 50% 50%\" srcset=\"https:\/\/hoyre.no\/content\/uploads\/sites\/30\/2020\/11\/gettyimages_51290607.jpg 2500w, https:\/\/hoyre.no\/content\/uploads\/sites\/30\/2020\/11\/gettyimages_51290607-300x200.jpg 300w, https:\/\/hoyre.no\/content\/uploads\/sites\/30\/2020\/11\/gettyimages_51290607-1024x682.jpg 1024w, https:\/\/hoyre.no\/content\/uploads\/sites\/30\/2020\/11\/gettyimages_51290607-768x512.jpg 768w, https:\/\/hoyre.no\/content\/uploads\/sites\/30\/2020\/11\/gettyimages_51290607-1536x1024.jpg 1536w, https:\/\/hoyre.no\/content\/uploads\/sites\/30\/2020\/11\/gettyimages_51290607-2048x1365.jpg 2048w\" sizes=\"auto, (max-width: 2500px) 100vw, 2500px\" \/><\/div><\/figure><div id=\"hoyre-old-article-content-wrapper\"><p>nn  Vi fra Iveland H\u00f8yre vil hjelpe deg! Vi har troen p\u00e5 ei god fremtid for Iveland, for vi tror p\u00e5 b\u00e5de nye og eksisterende innbyggerne.n<\/p>nn<p>Iveland H\u00f8yre vil i den nye kommuneperioden kjempe for en aktiv boligbygging i hele kommunen. Vi tror p\u00e5 valgfrihet for v\u00e5re innbyggere, for vi mener folk selv skal kunne bestemme hvor de vil bo. Vi vil derfor g\u00e5 for dristige tiltak for \u00e5 b\u00e5de \u00f8ke innbyggertallet, og beholde eksisterende innbyggere i kommunen.n  <br \/>n<\/p>n<h4>Iveland H\u00f8yre \u00f8nskern\u00e5 gi 300.000,- i engangsst\u00f8tte til bygging av enebolig eller 200.000,- inengangsst\u00f8tte til bygging pr. leilighet i 2-mannsbolig. etter samme kriterier.nDen samme ordning vil vi ha for 4-mannsbolig og leiligheter ogs\u00e5. St\u00f8tten vilnbli utl\u00f8st ved innflytting, om de oppfyller noen enkle kriterier.<\/h4>n<p>Iveland H\u00f8yre vil g\u00e5 for st\u00f8tteordningen til bygging av hus og bolig i kommunen for vi tror det vil \u00f8ke innbyggertallet, noe som ogs\u00e5 vil gi fart i kommunale og private boligfelt som ligger ute p\u00e5 markedet. Det vil \u00e5pne opp for at unge som har tilh\u00f8righet til Iveland lettere kan f\u00e5 realisert sine dr\u00f8mmer om eget hus i hjemkommunen &#8211; p\u00e5 kommunale eller private tomter, eller p\u00e5 stedet de har vokst opp. Foreldre som vil bygge fremtidsrettet bolig for seg selv, kan om de \u00f8nsker det, dermed overlate barndomshjemmet til barna.n  <br \/>n<\/p>n<p>Vi tror ogs\u00e5 at dette tiltaket \u00e5pner for at nye innbyggere kan bygge der de \u00f8nsker. Liker du \u00e5 ha folk rundt deg, s\u00e5 har vi fine tomter i byggefelt. Vil du bo litt lenger vekk fra naboer, s\u00e5 har vi tomter for det ogs\u00e5. N\u00e6rhet til frihet!<\/p>nn<p>Iveland har mange arbeidstakere fra andre kommuner, og vi i H\u00f8yre \u00f8nsker \u00e5 gi disse et tilbud som gj\u00f8r det mulig \u00e5 flytte n\u00e6rmere arbeidsplassen. Det vil gi arbeidstakere en fordel n\u00e5r de bor n\u00e6rmere arbeidsplassen, b\u00e5de \u00f8konomisk samtidig som det er en milj\u00f8gevinst p\u00e5 grunn av mindre bilkj\u00f8ring til og fra arbeidsplassen.n  <br \/>n  <br \/> En \u00f8kning av innbyggere er <u>helt n\u00f8dvendig<\/u> for \u00e5 sikre v\u00e5re flotte barnehager og skoler, og for \u00e5 opprettholde de kommunale arbeidsplassene. Innbyggervekst er helt vesentlig og n\u00f8dvendig for \u00e5 holde avgiftene nede, og for \u00e5 kunne gi gode velferds- og fritidstilbud av h\u00f8y kvalitet til innbyggerne i kommunen. n<\/p>n<h3>Vi tror p\u00e5 deg, for vi tror p\u00e5 Valgfrihet!<\/h3>nnnn<p>n  <br \/>n<\/p><\/div>\n<div class=\"tags\">\n\t<\/div>\n<div class=\"post-footer alignfull has-background block-editor-block-list__block\" data-align=full>\n\t<div class=\"post-footer-inner\">\n\t\t<h3>Relaterte artikler<\/h3>\n\t\t<div class=\"related-content\"><div class=\"is-card-hoyre\">\n\t<div class=\"teft-card hoyre-teft-card post-teft-card\">\n\t\t<a href=\"https:\/\/hoyre.no\/iveland\/aktuelt\/ivelands-forste-hoyre-ordforer\/\" class=\"teft-card__primary-action\">\n\n\t\t\t\t\t<div class=\"teft-card__media teft-card__media--16-9\">\n\t\t\t\t\t\t<img loading=\"lazy\" decoding=\"async\" width=\"768\" height=\"1291\" src=\"https:\/\/hoyre.no\/content\/uploads\/sites\/30\/2023\/10\/392799223_1662933247526648_7570239659622696403_n-768x1291.jpg\" class=\"attachment-medium_large size-medium_large\" alt=\"Jan Andre myhren\" srcset=\"https:\/\/hoyre.no\/content\/uploads\/sites\/30\/2023\/10\/392799223_1662933247526648_7570239659622696403_n-768x1291.jpg 768w, https:\/\/hoyre.no\/content\/uploads\/sites\/30\/2023\/10\/392799223_1662933247526648_7570239659622696403_n-178x300.jpg 178w, https:\/\/hoyre.no\/content\/uploads\/sites\/30\/2023\/10\/392799223_1662933247526648_7570239659622696403_n-609x1024.jpg 609w, https:\/\/hoyre.no\/content\/uploads\/sites\/30\/2023\/10\/392799223_1662933247526648_7570239659622696403_n-914x1536.jpg 914w, https:\/\/hoyre.no\/content\/uploads\/sites\/30\/2023\/10\/392799223_1662933247526648_7570239659622696403_n.jpg 1218w\" sizes=\"auto, (max-width: 768px) 100vw, 768px\" \/>\t\t<\/div>\n\t\t\n\t\t\t<div class=\"teft-card__content-wrapper\">\n\t\t\t\t<div class=\"teft-card__secondary\">\n\t\t\t\t\t\n\t\t\t\t\t\t\t\t<div class=\"teft-card__meta\">\n\t\t\t\t\t\t\t\t\t<span class=\"post-date\">20. okt 2023<\/span>\n\n\t\t\t\t\t\t\t\t\t\t\t\t\t\t\t\t\t<\/div>\n\t\t\t\t\t\t\t\t\t\t\t<\/div>\n\n\t\t\t\t<div class=\"teft-card__primary\">\n\t\t\t\t\t<h2 class=\"teft-card__title\">Ivelands F\u00f8rste H\u00f8yre Ordf\u00f8rer&nbsp;<span class=\"teft-card__primary-title-append\"><\/span><\/h2>\t\t\t\t<\/div>\n\t\t\t<\/div>\n\t\t<\/a>\n\t<\/div>\n\n\t<\/div><div class=\"is-card-hoyre\">\n\t<div class=\"teft-card hoyre-teft-card post-teft-card\">\n\t\t<a href=\"https:\/\/hoyre.no\/iveland\/aktuelt\/hoyreordforer-i-iveland\/\" class=\"teft-card__primary-action\">\n\n\t\t\t\t\t<div class=\"teft-card__media teft-card__media--16-9\">\n\t\t\t\t\t\t<img loading=\"lazy\" decoding=\"async\" width=\"500\" height=\"261\" src=\"https:\/\/hoyre.no\/content\/uploads\/sites\/30\/2023\/10\/10395570555627985904.jpg\" class=\"attachment-medium_large size-medium_large\" alt=\"Andre Myrhen t.v. Linda Skripeland t.h.. Foto Iveland Kommune\" srcset=\"https:\/\/hoyre.no\/content\/uploads\/sites\/30\/2023\/10\/10395570555627985904.jpg 500w, https:\/\/hoyre.no\/content\/uploads\/sites\/30\/2023\/10\/10395570555627985904-300x157.jpg 300w\" sizes=\"auto, (max-width: 500px) 100vw, 500px\" \/>\t\t<\/div>\n\t\t\n\t\t\t<div class=\"teft-card__content-wrapper\">\n\t\t\t\t<div class=\"teft-card__secondary\">\n\t\t\t\t\t\n\t\t\t\t\t\t\t\t<div class=\"teft-card__meta\">\n\t\t\t\t\t\t\t\t\t<span class=\"post-date\">3. okt 2023<\/span>\n\n\t\t\t\t\t\t\t\t\t\t\t\t\t\t\t\t\t<\/div>\n\t\t\t\t\t\t\t\t\t\t\t<\/div>\n\n\t\t\t\t<div class=\"teft-card__primary\">\n\t\t\t\t\t<h2 class=\"teft-card__title\">H\u00f8yreordf\u00f8rer i Iveland&nbsp;<span class=\"teft-card__primary-title-append\"><\/span><\/h2>\t\t\t\t<\/div>\n\t\t\t<\/div>\n\t\t<\/a>\n\t<\/div>\n\n\t<\/div><div class=\"is-card-hoyre\">\n\t<div class=\"teft-card hoyre-teft-card post-teft-card\">\n\t\t<a href=\"https:\/\/hoyre.no\/iveland\/aktuelt\/45\/\" class=\"teft-card__primary-action\">\n\n\t\t\t\t\t<div class=\"teft-card__media teft-card__media--16-9\">\n\t\t\t\t\t\t<img loading=\"lazy\" decoding=\"async\" width=\"508\" height=\"720\" src=\"https:\/\/hoyre.no\/content\/uploads\/sites\/30\/2023\/10\/374256525_735999715225237_5468864569814707962_n.jpg\" class=\"attachment-medium_large size-medium_large\" alt=\"iveland h\u00f8ye program 2023\" srcset=\"https:\/\/hoyre.no\/content\/uploads\/sites\/30\/2023\/10\/374256525_735999715225237_5468864569814707962_n.jpg 508w, https:\/\/hoyre.no\/content\/uploads\/sites\/30\/2023\/10\/374256525_735999715225237_5468864569814707962_n-212x300.jpg 212w\" sizes=\"auto, (max-width: 508px) 100vw, 508px\" \/>\t\t<\/div>\n\t\t\n\t\t\t<div class=\"teft-card__content-wrapper\">\n\t\t\t\t<div class=\"teft-card__secondary\">\n\t\t\t\t\t\n\t\t\t\t\t\t\t\t<div class=\"teft-card__meta\">\n\t\t\t\t\t\t\t\t\t<span class=\"post-date\">3. okt 2023<\/span>\n\n\t\t\t\t\t\t\t\t\t\t\t\t\t\t\t\t\t<\/div>\n\t\t\t\t\t\t\t\t\t\t\t<\/div>\n\n\t\t\t\t<div class=\"teft-card__primary\">\n\t\t\t\t\t<h2 class=\"teft-card__title\">H\u00f8yre vant valget i Iveland&nbsp;<span class=\"teft-card__primary-title-append\"><\/span><\/h2>\t\t\t\t<\/div>\n\t\t\t<\/div>\n\t\t<\/a>\n\t<\/div>\n\n\t<\/div><\/div>\t<\/div>\n<\/div>\n","protected":false},"excerpt":{"rendered":"","protected":false},"author":0,"featured_media":0,"comment_status":"open","ping_status":"open","sticky":false,"template":"","format":"standard","meta":{"teft_cards_image_url":"https:\/\/hoyre.no\/content\/uploads\/sites\/30\/2020\/11\/gettyimages_51290607.jpg","teft_cards_custom_pretitle":"","teft_cards_image_id":14,"teft_cards_image_focal_point_x":0,"teft_cards_image_focal_point_y":0,"teft_cards_title":"","teft_cards_excerpt":"","teft_show_chapters":false,"author_display_name":"Ordf\u00f8rerkandidat Jan Andr\u00e9 Myhren","footnotes":""},"category":[1],"post_tag":[],"hoyre-visibility":[],"article-type":[],"politician":[],"class_list":["post-15","post","type-post","status-publish","format-standard","hentry","category-ukategorisert"],"yoast_head":"<!-- This site is optimized with the Yoast SEO plugin v26.6 - https:\/\/yoast.com\/wordpress\/plugins\/seo\/ -->\n<title>Vil du bygge dr\u00f8mmen din i Iveland? - Iveland H\u00f8yre<\/title>\n<meta name=\"robots\" content=\"index, follow, max-snippet:-1, max-image-preview:large, max-video-preview:-1\" \/>\n<link rel=\"canonical\" href=\"https:\/\/hoyre.no\/iveland\/aktuelt\/iveland_engangsstotte_til_bygging_av_bolig\/\" \/>\n<meta property=\"og:locale\" content=\"nb_NO\" \/>\n<meta property=\"og:type\" content=\"article\" \/>\n<meta property=\"og:title\" content=\"Vil du bygge dr\u00f8mmen din i Iveland? - Iveland H\u00f8yre\" \/>\n<meta property=\"og:url\" content=\"https:\/\/hoyre.no\/iveland\/aktuelt\/iveland_engangsstotte_til_bygging_av_bolig\/\" \/>\n<meta property=\"og:site_name\" content=\"Iveland H\u00f8yre\" \/>\n<meta property=\"article:published_time\" content=\"2019-03-17T22:00:00+00:00\" \/>\n<meta property=\"og:image\" content=\"https:\/\/hoyre.no\/content\/uploads\/sites\/30\/2023\/10\/374256525_735999715225237_5468864569814707962_n.jpg\" \/>\n<meta name=\"twitter:card\" content=\"summary_large_image\" \/>\n<meta name=\"twitter:label1\" content=\"Ansl. lesetid\" \/>\n\t<meta name=\"twitter:data1\" content=\"2 minutter\" \/>\n<script type=\"application\/ld+json\" class=\"yoast-schema-graph\">{\"@context\":\"https:\/\/schema.org\",\"@graph\":[{\"@type\":\"NewsArticle\",\"@id\":\"https:\/\/hoyre.no\/iveland\/aktuelt\/iveland_engangsstotte_til_bygging_av_bolig\/\",\"url\":\"https:\/\/hoyre.no\/iveland\/aktuelt\/iveland_engangsstotte_til_bygging_av_bolig\/\",\"name\":\"Vil du bygge dr\u00f8mmen din i Iveland? - Iveland H\u00f8yre\",\"isPartOf\":{\"@id\":\"https:\/\/hoyre.no\/iveland\/#website\"},\"datePublished\":\"2019-03-17T22:00:00+00:00\",\"author\":{\"@id\":\"\"},\"breadcrumb\":{\"@id\":\"https:\/\/hoyre.no\/iveland\/aktuelt\/iveland_engangsstotte_til_bygging_av_bolig\/#breadcrumb\"},\"inLanguage\":\"nb-NO\",\"potentialAction\":[{\"@type\":\"ReadAction\",\"target\":[\"https:\/\/hoyre.no\/iveland\/aktuelt\/iveland_engangsstotte_til_bygging_av_bolig\/\"]}]},{\"@type\":\"BreadcrumbList\",\"@id\":\"https:\/\/hoyre.no\/iveland\/aktuelt\/iveland_engangsstotte_til_bygging_av_bolig\/#breadcrumb\",\"itemListElement\":[{\"@type\":\"ListItem\",\"position\":1,\"name\":\"Til hoyre.no\",\"item\":\"https:\/\/hoyre.no\"},{\"@type\":\"ListItem\",\"position\":2,\"name\":\"Hjem\",\"item\":\"https:\/\/hoyre.no\/iveland\/\"},{\"@type\":\"ListItem\",\"position\":3,\"name\":\"Vil du bygge dr\u00f8mmen din i Iveland?\"}]},{\"@type\":\"WebSite\",\"@id\":\"https:\/\/hoyre.no\/iveland\/#website\",\"url\":\"https:\/\/hoyre.no\/iveland\/\",\"name\":\"Iveland H\u00f8yre\",\"description\":\"Bare enda et H\u00f8yres nettsteder-nettsted\",\"inLanguage\":\"nb-NO\"}]}<\/script>\n<!-- \/ Yoast SEO plugin. -->","yoast_head_json":{"title":"Vil du bygge dr\u00f8mmen din i Iveland? - Iveland H\u00f8yre","robots":{"index":"index","follow":"follow","max-snippet":"max-snippet:-1","max-image-preview":"max-image-preview:large","max-video-preview":"max-video-preview:-1"},"canonical":"https:\/\/hoyre.no\/iveland\/aktuelt\/iveland_engangsstotte_til_bygging_av_bolig\/","og_locale":"nb_NO","og_type":"article","og_title":"Vil du bygge dr\u00f8mmen din i Iveland? - Iveland H\u00f8yre","og_url":"https:\/\/hoyre.no\/iveland\/aktuelt\/iveland_engangsstotte_til_bygging_av_bolig\/","og_site_name":"Iveland H\u00f8yre","article_published_time":"2019-03-17T22:00:00+00:00","og_image":[{"url":"https:\/\/hoyre.no\/content\/uploads\/sites\/30\/2023\/10\/374256525_735999715225237_5468864569814707962_n.jpg","width":"","height":"","type":""}],"twitter_card":"summary_large_image","twitter_misc":{"Ansl. lesetid":"2 minutter"},"schema":{"@context":"https:\/\/schema.org","@graph":[{"@type":"NewsArticle","@id":"https:\/\/hoyre.no\/iveland\/aktuelt\/iveland_engangsstotte_til_bygging_av_bolig\/","url":"https:\/\/hoyre.no\/iveland\/aktuelt\/iveland_engangsstotte_til_bygging_av_bolig\/","name":"Vil du bygge dr\u00f8mmen din i Iveland? - Iveland H\u00f8yre","isPartOf":{"@id":"https:\/\/hoyre.no\/iveland\/#website"},"datePublished":"2019-03-17T22:00:00+00:00","author":{"@id":""},"breadcrumb":{"@id":"https:\/\/hoyre.no\/iveland\/aktuelt\/iveland_engangsstotte_til_bygging_av_bolig\/#breadcrumb"},"inLanguage":"nb-NO","potentialAction":[{"@type":"ReadAction","target":["https:\/\/hoyre.no\/iveland\/aktuelt\/iveland_engangsstotte_til_bygging_av_bolig\/"]}]},{"@type":"BreadcrumbList","@id":"https:\/\/hoyre.no\/iveland\/aktuelt\/iveland_engangsstotte_til_bygging_av_bolig\/#breadcrumb","itemListElement":[{"@type":"ListItem","position":1,"name":"Til hoyre.no","item":"https:\/\/hoyre.no"},{"@type":"ListItem","position":2,"name":"Hjem","item":"https:\/\/hoyre.no\/iveland\/"},{"@type":"ListItem","position":3,"name":"Vil du bygge dr\u00f8mmen din i Iveland?"}]},{"@type":"WebSite","@id":"https:\/\/hoyre.no\/iveland\/#website","url":"https:\/\/hoyre.no\/iveland\/","name":"Iveland H\u00f8yre","description":"Bare enda et H\u00f8yres nettsteder-nettsted","inLanguage":"nb-NO"}]}},"distributor_meta":false,"distributor_terms":false,"distributor_media":false,"distributor_original_site_name":"Iveland H\u00f8yre","distributor_original_site_url":"https:\/\/hoyre.no\/iveland","push-errors":false,"_links":{"self":[{"href":"https:\/\/hoyre.no\/iveland\/wp-json\/wp\/v2\/posts\/15","targetHints":{"allow":["GET"]}}],"collection":[{"href":"https:\/\/hoyre.no\/iveland\/wp-json\/wp\/v2\/posts"}],"about":[{"href":"https:\/\/hoyre.no\/iveland\/wp-json\/wp\/v2\/types\/post"}],"replies":[{"embeddable":true,"href":"https:\/\/hoyre.no\/iveland\/wp-json\/wp\/v2\/comments?post=15"}],"version-history":[{"count":0,"href":"https:\/\/hoyre.no\/iveland\/wp-json\/wp\/v2\/posts\/15\/revisions"}],"wp:attachment":[{"href":"https:\/\/hoyre.no\/iveland\/wp-json\/wp\/v2\/media?parent=15"}],"wp:term":[{"taxonomy":"category","embeddable":true,"href":"https:\/\/hoyre.no\/iveland\/wp-json\/wp\/v2\/category?post=15"},{"taxonomy":"post_tag","embeddable":true,"href":"https:\/\/hoyre.no\/iveland\/wp-json\/wp\/v2\/post_tag?post=15"},{"taxonomy":"hoyre-visibility","embeddable":true,"href":"https:\/\/hoyre.no\/iveland\/wp-json\/wp\/v2\/hoyre-visibility?post=15"},{"taxonomy":"article-type","embeddable":true,"href":"https:\/\/hoyre.no\/iveland\/wp-json\/wp\/v2\/article-type?post=15"},{"taxonomy":"politician","embeddable":true,"href":"https:\/\/hoyre.no\/iveland\/wp-json\/wp\/v2\/politician?post=15"}],"curies":[{"name":"wp","href":"https:\/\/api.w.org\/{rel}","templated":true}]}}