{"id":26,"date":"2022-03-07T10:29:47","date_gmt":"2022-03-07T09:29:47","guid":{"rendered":"https:\/\/hoyre.no\/iveland\/?p=26"},"modified":"2023-10-03T13:12:21","modified_gmt":"2023-10-03T11:12:21","slug":"flyktningkrise-i-europa","status":"publish","type":"post","link":"https:\/\/hoyre.no\/iveland\/aktuelt\/flyktningkrise-i-europa\/","title":{"rendered":"Flyktningkrise i Europa"},"content":{"rendered":"\n<p class=\"preamble\">Russlands meningsl\u00f8se krigshandlinger i Ukraina, vil kunne f\u00f8re til en massiv flyktningkrise i Europa. Som et naboland og n\u00e6romr\u00e5de har ogs\u00e5 Norge et ansvar for \u00e5 stille opp.<\/p>\t\t\t<div class=\"post-meta wp-block teft-byline-wrapper\">\n\t\t\t\t<div class=\"top\">\n\t\t\t\t\t<div class=\"signature\">\n\t\t\t\t\t\t<div class=\"teft-byline\">\n\t\t\t\t\t\t\t\t\t\t\t\t\t\t<div>\n\t\t\t\t\t\t\t\t<h3>H\u00f8yres redaksjon<\/h3>\t\t\t\t\t\t\t\t\n\t\t\t\t\t\t\t\t\t\t\t\t\t\t\t\t\t<span class=\"date\">Sist oppdatert: 3. oktober 2023<\/span>\n\t\t\t\t\t\t\t\t\t\t\t\t\t\t\t\t\t\t\t\t\t\t\t\t\t<span class=\"reading-time\" itemprop=\"timeRequired\" content=\"PT2M\"><em>Ca. 2 minutter lesetid<\/em><\/span>\n\t\t\t\t\t\t\t\t\t\t\t\t\t\t\t<\/div>\n\t\t\t\t\t\t<\/div>\n\t\t\t\t\t<\/div>\n\t\t\t\t\t\t<div class=\"sharing\">\n\t\t<a class=\"share-button share-link copy-link\" data-copy=\"https:\/\/hoyre.no\/iveland\/aktuelt\/flyktningkrise-i-europa\/\" target=\"_blank\"><span class=\"screen-reader-text\">Del link<\/span><\/a>\n\t\t<a class=\"share-button share-twitter\" href=\"http:\/\/twitter.com\/share?text=Flyktningkrise i Europa&#038;url=https:\/\/hoyre.no\/iveland\/aktuelt\/flyktningkrise-i-europa\/&#038;hashtags=Hoyre\" target=\"_blank\"><span class=\"screen-reader-text\">Del p\u00e5 twitter<\/span><\/a>\n\t\t<a class=\"share-button share-facebook\" href=\"https:\/\/www.facebook.com\/sharer\/sharer.php?u=https:\/\/hoyre.no\/iveland\/aktuelt\/flyktningkrise-i-europa\/\" target=\"_blank\"><span class=\"screen-reader-text\">Del p\u00e5 facebook<\/span><\/a>\n\t<\/div>\n\t\t\t\t\t<\/div>\n\t\t\t<\/div>\n\n\t\t\t<figure class=\"hoyre-image-wrapper\"><div class=\"hoyre-image\"><img loading=\"lazy\" decoding=\"async\" width=\"1920\" height=\"1440\" src=\"https:\/\/hoyre.no\/content\/uploads\/sites\/30\/2022\/03\/international-2684771_1920.jpg\" class=\"attachment-scaled size-scaled\" alt=\"Ukrainas flagg\" style=\"object-position: 50% 50%\" srcset=\"https:\/\/hoyre.no\/content\/uploads\/sites\/30\/2022\/03\/international-2684771_1920.jpg 1920w, https:\/\/hoyre.no\/content\/uploads\/sites\/30\/2022\/03\/international-2684771_1920-300x225.jpg 300w, https:\/\/hoyre.no\/content\/uploads\/sites\/30\/2022\/03\/international-2684771_1920-1024x768.jpg 1024w, https:\/\/hoyre.no\/content\/uploads\/sites\/30\/2022\/03\/international-2684771_1920-768x576.jpg 768w, https:\/\/hoyre.no\/content\/uploads\/sites\/30\/2022\/03\/international-2684771_1920-1536x1152.jpg 1536w\" sizes=\"auto, (max-width: 1920px) 100vw, 1920px\" \/><\/div><\/figure>\n\n\n\n\n<p>Norge m\u00e5 kunne bidra til \u00e5 finne en felles l\u00f8sning p\u00e5 flyktningkrisen som vi n\u00e5 ser i Europa.Dette handler f\u00f8rst og fremst om \u00e5 hjelpe folk i en n\u00f8dsituasjon, men ogs\u00e5 om \u00e5 gi mennesker som kommer hit en mulighet for trygge rammer og en bedret fremtid<\/p>\n\n\n\n<p>Iveland kommune \u00f8nsker selvsagt \u00e5 hjelpe til med \u00e5 ta imot flyktninger. Mange kommuner jobber n\u00e5 hardt sammen for \u00e5 finne en l\u00f8sninger for flykningene fra Ukraina.Iveland kommunen er oppdatert p\u00e5 de hendelsene som utspiller seg, og gj\u00f8r l\u00f8pende vurderinger om hvordan vi skal forholde oss til denne nye situasjonen.UNHCR rapporterer tirsdag 1. mars at om lag 677 000 mennesker er p\u00e5 flukt fra Ukraina. FN advarte samtidig om at krigen kan f\u00f8re til \u00abEuropas st\u00f8rste flyktningkrise dette \u00e5rhundre\u00bb.<\/p>\n\n\n\n<p> Iveland H\u00f8yre \u00f8nsker \u00e5 legge forholdene til rette for at flyktninger fra krigen kan reise til Iveland, og er glad for at kommunen gj\u00f8r n\u00f8dvendige forberedelser for mottak av ukrainske krigsflyktninger s\u00e5 snart nasjonale myndigheter anmoder om dette.<\/p>\n\n\n\n<p>Iveland H\u00f8yre oppfordrer alle innbyggere til \u00e5 v\u00e6re inkluderende, vise solidaritet og medmenneskelighet i en sv\u00e6rt krevende tid for alle flyktninger som kommer eller allerede bor i kommunen.<\/p>\n\n\n\n<p>Iveland H\u00f8yre synes det er viktig at foreldre i kommunen snakker med sine barn om situasjonen rundt Ukraina, og at man forklarer dem at det ikke er det russiske folket generelt som utgj\u00f8r krigen, men Russlands politiske ledelse. Det er ogs\u00e5 viktigheten av \u00e5 vise omsorg p\u00e5 sosiale medier, vi mener det er viktig at barna har lav grense for \u00e5 varsle en voksen hvis de ser noe p\u00e5 nettet som oppfattes som mobbing eller som er vanskelig \u00e5 forst\u00e5.<\/p>\n\n\n\n<p><a href=\"https:\/\/l.facebook.com\/l.php?u=https%3A%2F%2Fnam12.safelinks.protection.outlook.com%2F%3Furl%3Dhttps%253A%252F%252Fhoyre.no%252Fagder%252Faktuelt%252Fuakseptabel-krig%252F%26amp%253Bdata%3D04%257C01%257C%257C02a36d2235884204955908d9ff9dfcc7%257C84df9e7fe9f640afb435aaaaaaaaaaaa%257C1%257C0%257C637821876297328900%257CUnknown%257CTWFpbGZsb3d8eyJWIjoiMC4wLjAwMDAiLCJQIjoiV2luMzIiLCJBTiI6Ik1haWwiLCJXVCI6Mn0%253D%257C3000%26amp%253Bsdata%3Dmnf6gdZBsr2OW%252Fw4UdQGaqSqft0sJxoWjheNx9X4I2I%253D%26amp%253Breserved%3D0%26fbclid%3DIwAR03oZOpOj1SLuliRSzHLS2vMqkZEV03kfkQy3WCyOz4Iop0wMmiQzxUchU&amp;h=AT3L7FS3DNRX-GNuRZHMj01SFrmp6wS6CMGjSXLO0KdkHjyz_OtTmN1suKTEJUPYNu-S_p_fzYAdnQX4Qe12EXqn6UxIilF1dWKZwdUXgj0bg8kcBpnD8fTxjxoBSQV6QQ&amp;__tn__=-UK-R&amp;c[0]=AT12JTrpqVkpXXLu1gkJgdTtNJkoUUD7c3l6i7UK2tXxqxcr3--RPhhHn8-eTqKg2T8hQAYBB8Kwh9FANdlXFJocsTOYz8SqKASvb02XuSfKnkhasdw-nKDos5PBQxWLt8WinR-opXnTDY9Y3I0WsOf5j_VApitG2XLyKxRV--Cu2w\" target=\"_blank\" rel=\"noreferrer noopener\">Les ogs\u00e5 Agder H\u00f8yres fylkesstyre sin uttalelse om krigen i Ukraina<\/a><\/p>\n\n\n\n<p><\/p>\n\n\n\n<p><\/p>\n\n\n<div class=\"tags\">\n\t\t<div class=\"wp-block-tag-cloud\">\n\t\t\t\t\t<a href=\"https:\/\/hoyre.no\/iveland\/aktuelt\/tag\/iveland\/\" class=\"tag-cloud-link\">Iveland<\/a>\n\t\t\t\t\t<a href=\"https:\/\/hoyre.no\/iveland\/aktuelt\/tag\/ukraina\/\" class=\"tag-cloud-link\">Ukraina<\/a>\n\t\t\t<\/div>\n\t<\/div>\n<div class=\"post-footer alignfull has-background block-editor-block-list__block\" data-align=full>\n\t<div class=\"post-footer-inner\">\n\t\t<h3>Relaterte artikler<\/h3>\n\t\t<div class=\"related-content\"><div class=\"is-card-hoyre\">\n\t<div class=\"teft-card hoyre-teft-card post-teft-card\">\n\t\t<a href=\"https:\/\/hoyre.no\/iveland\/aktuelt\/ivelands-forste-hoyre-ordforer\/\" class=\"teft-card__primary-action\">\n\n\t\t\t\t\t<div class=\"teft-card__media teft-card__media--16-9\">\n\t\t\t\t\t\t<img loading=\"lazy\" decoding=\"async\" width=\"768\" height=\"1291\" src=\"https:\/\/hoyre.no\/content\/uploads\/sites\/30\/2023\/10\/392799223_1662933247526648_7570239659622696403_n-768x1291.jpg\" class=\"attachment-medium_large size-medium_large\" alt=\"Jan Andre myhren\" srcset=\"https:\/\/hoyre.no\/content\/uploads\/sites\/30\/2023\/10\/392799223_1662933247526648_7570239659622696403_n-768x1291.jpg 768w, https:\/\/hoyre.no\/content\/uploads\/sites\/30\/2023\/10\/392799223_1662933247526648_7570239659622696403_n-178x300.jpg 178w, https:\/\/hoyre.no\/content\/uploads\/sites\/30\/2023\/10\/392799223_1662933247526648_7570239659622696403_n-609x1024.jpg 609w, https:\/\/hoyre.no\/content\/uploads\/sites\/30\/2023\/10\/392799223_1662933247526648_7570239659622696403_n-914x1536.jpg 914w, https:\/\/hoyre.no\/content\/uploads\/sites\/30\/2023\/10\/392799223_1662933247526648_7570239659622696403_n.jpg 1218w\" sizes=\"auto, (max-width: 768px) 100vw, 768px\" \/>\t\t<\/div>\n\t\t\n\t\t\t<div class=\"teft-card__content-wrapper\">\n\t\t\t\t<div class=\"teft-card__secondary\">\n\t\t\t\t\t\n\t\t\t\t\t\t\t\t<div class=\"teft-card__meta\">\n\t\t\t\t\t\t\t\t\t<span class=\"post-date\">20. okt 2023<\/span>\n\n\t\t\t\t\t\t\t\t\t\t\t\t\t\t\t\t\t<\/div>\n\t\t\t\t\t\t\t\t\t\t\t<\/div>\n\n\t\t\t\t<div class=\"teft-card__primary\">\n\t\t\t\t\t<h2 class=\"teft-card__title\">Ivelands F\u00f8rste H\u00f8yre Ordf\u00f8rer&nbsp;<span class=\"teft-card__primary-title-append\"><\/span><\/h2>\t\t\t\t<\/div>\n\t\t\t<\/div>\n\t\t<\/a>\n\t<\/div>\n\n\t<\/div><div class=\"is-card-hoyre\">\n\t<div class=\"teft-card hoyre-teft-card post-teft-card\">\n\t\t<a href=\"https:\/\/hoyre.no\/iveland\/aktuelt\/hoyreordforer-i-iveland\/\" class=\"teft-card__primary-action\">\n\n\t\t\t\t\t<div class=\"teft-card__media teft-card__media--16-9\">\n\t\t\t\t\t\t<img loading=\"lazy\" decoding=\"async\" width=\"500\" height=\"261\" src=\"https:\/\/hoyre.no\/content\/uploads\/sites\/30\/2023\/10\/10395570555627985904.jpg\" class=\"attachment-medium_large size-medium_large\" alt=\"Andre Myrhen t.v. Linda Skripeland t.h.. Foto Iveland Kommune\" srcset=\"https:\/\/hoyre.no\/content\/uploads\/sites\/30\/2023\/10\/10395570555627985904.jpg 500w, https:\/\/hoyre.no\/content\/uploads\/sites\/30\/2023\/10\/10395570555627985904-300x157.jpg 300w\" sizes=\"auto, (max-width: 500px) 100vw, 500px\" \/>\t\t<\/div>\n\t\t\n\t\t\t<div class=\"teft-card__content-wrapper\">\n\t\t\t\t<div class=\"teft-card__secondary\">\n\t\t\t\t\t\n\t\t\t\t\t\t\t\t<div class=\"teft-card__meta\">\n\t\t\t\t\t\t\t\t\t<span class=\"post-date\">3. okt 2023<\/span>\n\n\t\t\t\t\t\t\t\t\t\t\t\t\t\t\t\t\t<\/div>\n\t\t\t\t\t\t\t\t\t\t\t<\/div>\n\n\t\t\t\t<div class=\"teft-card__primary\">\n\t\t\t\t\t<h2 class=\"teft-card__title\">H\u00f8yreordf\u00f8rer i Iveland&nbsp;<span class=\"teft-card__primary-title-append\"><\/span><\/h2>\t\t\t\t<\/div>\n\t\t\t<\/div>\n\t\t<\/a>\n\t<\/div>\n\n\t<\/div><div class=\"is-card-hoyre\">\n\t<div class=\"teft-card hoyre-teft-card post-teft-card\">\n\t\t<a href=\"https:\/\/hoyre.no\/iveland\/aktuelt\/45\/\" class=\"teft-card__primary-action\">\n\n\t\t\t\t\t<div class=\"teft-card__media teft-card__media--16-9\">\n\t\t\t\t\t\t<img loading=\"lazy\" decoding=\"async\" width=\"508\" height=\"720\" src=\"https:\/\/hoyre.no\/content\/uploads\/sites\/30\/2023\/10\/374256525_735999715225237_5468864569814707962_n.jpg\" class=\"attachment-medium_large size-medium_large\" alt=\"iveland h\u00f8ye program 2023\" srcset=\"https:\/\/hoyre.no\/content\/uploads\/sites\/30\/2023\/10\/374256525_735999715225237_5468864569814707962_n.jpg 508w, https:\/\/hoyre.no\/content\/uploads\/sites\/30\/2023\/10\/374256525_735999715225237_5468864569814707962_n-212x300.jpg 212w\" sizes=\"auto, (max-width: 508px) 100vw, 508px\" \/>\t\t<\/div>\n\t\t\n\t\t\t<div class=\"teft-card__content-wrapper\">\n\t\t\t\t<div class=\"teft-card__secondary\">\n\t\t\t\t\t\n\t\t\t\t\t\t\t\t<div class=\"teft-card__meta\">\n\t\t\t\t\t\t\t\t\t<span class=\"post-date\">3. okt 2023<\/span>\n\n\t\t\t\t\t\t\t\t\t\t\t\t\t\t\t\t\t<\/div>\n\t\t\t\t\t\t\t\t\t\t\t<\/div>\n\n\t\t\t\t<div class=\"teft-card__primary\">\n\t\t\t\t\t<h2 class=\"teft-card__title\">H\u00f8yre vant valget i Iveland&nbsp;<span class=\"teft-card__primary-title-append\"><\/span><\/h2>\t\t\t\t<\/div>\n\t\t\t<\/div>\n\t\t<\/a>\n\t<\/div>\n\n\t<\/div><\/div>\t<\/div>\n<\/div>\n","protected":false},"excerpt":{"rendered":"","protected":false},"author":15224,"featured_media":0,"comment_status":"closed","ping_status":"closed","sticky":false,"template":"","format":"standard","meta":{"teft_cards_image_url":"","teft_cards_custom_pretitle":"","teft_cards_image_id":0,"teft_cards_image_focal_point_x":0,"teft_cards_image_focal_point_y":0,"teft_cards_title":"","teft_cards_excerpt":"","teft_show_chapters":false,"author_display_name":"","footnotes":""},"category":[1],"post_tag":[4,3],"hoyre-visibility":[],"article-type":[],"politician":[],"class_list":["post-26","post","type-post","status-publish","format-standard","hentry","category-ukategorisert","tag-iveland","tag-ukraina"],"yoast_head":"<!-- This site is optimized with the Yoast SEO plugin v26.6 - https:\/\/yoast.com\/wordpress\/plugins\/seo\/ -->\n<title>Flyktningkrise i Europa - Iveland H\u00f8yre<\/title>\n<meta name=\"robots\" content=\"index, follow, max-snippet:-1, max-image-preview:large, max-video-preview:-1\" \/>\n<link rel=\"canonical\" href=\"https:\/\/hoyre.no\/iveland\/aktuelt\/flyktningkrise-i-europa\/\" \/>\n<meta property=\"og:locale\" content=\"nb_NO\" \/>\n<meta property=\"og:type\" content=\"article\" \/>\n<meta property=\"og:title\" content=\"Flyktningkrise i Europa - Iveland H\u00f8yre\" \/>\n<meta property=\"og:url\" content=\"https:\/\/hoyre.no\/iveland\/aktuelt\/flyktningkrise-i-europa\/\" \/>\n<meta property=\"og:site_name\" content=\"Iveland H\u00f8yre\" \/>\n<meta property=\"article:published_time\" content=\"2022-03-07T09:29:47+00:00\" \/>\n<meta property=\"article:modified_time\" content=\"2023-10-03T11:12:21+00:00\" \/>\n<meta property=\"og:image\" content=\"https:\/\/hoyre.no\/content\/uploads\/sites\/30\/2023\/10\/374256525_735999715225237_5468864569814707962_n.jpg\" \/>\n<meta name=\"author\" content=\"Alfred \u00d8yna Fjermeros\" \/>\n<meta name=\"twitter:card\" content=\"summary_large_image\" \/>\n<meta name=\"twitter:label1\" content=\"Skrevet av\" \/>\n\t<meta name=\"twitter:data1\" content=\"Alfred \u00d8yna Fjermeros\" \/>\n\t<meta name=\"twitter:label2\" content=\"Ansl. lesetid\" \/>\n\t<meta name=\"twitter:data2\" content=\"2 minutter\" \/>\n<script type=\"application\/ld+json\" class=\"yoast-schema-graph\">{\"@context\":\"https:\/\/schema.org\",\"@graph\":[{\"@type\":\"NewsArticle\",\"@id\":\"https:\/\/hoyre.no\/iveland\/aktuelt\/flyktningkrise-i-europa\/\",\"url\":\"https:\/\/hoyre.no\/iveland\/aktuelt\/flyktningkrise-i-europa\/\",\"name\":\"Flyktningkrise i Europa - Iveland H\u00f8yre\",\"isPartOf\":{\"@id\":\"https:\/\/hoyre.no\/iveland\/#website\"},\"datePublished\":\"2022-03-07T09:29:47+00:00\",\"dateModified\":\"2023-10-03T11:12:21+00:00\",\"author\":{\"@id\":\"https:\/\/hoyre.no\/iveland\/#\/schema\/person\/10ed7a65899e719ff7c2a99eab5ff143\"},\"breadcrumb\":{\"@id\":\"https:\/\/hoyre.no\/iveland\/aktuelt\/flyktningkrise-i-europa\/#breadcrumb\"},\"inLanguage\":\"nb-NO\",\"potentialAction\":[{\"@type\":\"ReadAction\",\"target\":[\"https:\/\/hoyre.no\/iveland\/aktuelt\/flyktningkrise-i-europa\/\"]}]},{\"@type\":\"BreadcrumbList\",\"@id\":\"https:\/\/hoyre.no\/iveland\/aktuelt\/flyktningkrise-i-europa\/#breadcrumb\",\"itemListElement\":[{\"@type\":\"ListItem\",\"position\":1,\"name\":\"Til hoyre.no\",\"item\":\"https:\/\/hoyre.no\"},{\"@type\":\"ListItem\",\"position\":2,\"name\":\"Hjem\",\"item\":\"https:\/\/hoyre.no\/iveland\/\"},{\"@type\":\"ListItem\",\"position\":3,\"name\":\"Flyktningkrise i Europa\"}]},{\"@type\":\"WebSite\",\"@id\":\"https:\/\/hoyre.no\/iveland\/#website\",\"url\":\"https:\/\/hoyre.no\/iveland\/\",\"name\":\"Iveland H\u00f8yre\",\"description\":\"Bare enda et H\u00f8yres nettsteder-nettsted\",\"inLanguage\":\"nb-NO\"},{\"@type\":\"Person\",\"@id\":\"https:\/\/hoyre.no\/iveland\/#\/schema\/person\/10ed7a65899e719ff7c2a99eab5ff143\",\"name\":\"Alfred \u00d8yna Fjermeros\",\"image\":{\"@type\":\"ImageObject\",\"inLanguage\":\"nb-NO\",\"@id\":\"https:\/\/hoyre.no\/iveland\/#\/schema\/person\/image\/\",\"url\":\"https:\/\/secure.gravatar.com\/avatar\/fba318ff853249ad8aa08be6f6a6220b310dbcb6ea76ed8cc7d5d45027d7dba6?s=96&d=mm&r=g\",\"contentUrl\":\"https:\/\/secure.gravatar.com\/avatar\/fba318ff853249ad8aa08be6f6a6220b310dbcb6ea76ed8cc7d5d45027d7dba6?s=96&d=mm&r=g\",\"caption\":\"Alfred \u00d8yna Fjermeros\"},\"url\":\"https:\/\/hoyre.no\/iveland\/aktuelt\/author\/m50332246\/\"}]}<\/script>\n<!-- \/ Yoast SEO plugin. -->","yoast_head_json":{"title":"Flyktningkrise i Europa - Iveland H\u00f8yre","robots":{"index":"index","follow":"follow","max-snippet":"max-snippet:-1","max-image-preview":"max-image-preview:large","max-video-preview":"max-video-preview:-1"},"canonical":"https:\/\/hoyre.no\/iveland\/aktuelt\/flyktningkrise-i-europa\/","og_locale":"nb_NO","og_type":"article","og_title":"Flyktningkrise i Europa - Iveland H\u00f8yre","og_url":"https:\/\/hoyre.no\/iveland\/aktuelt\/flyktningkrise-i-europa\/","og_site_name":"Iveland H\u00f8yre","article_published_time":"2022-03-07T09:29:47+00:00","article_modified_time":"2023-10-03T11:12:21+00:00","og_image":[{"url":"https:\/\/hoyre.no\/content\/uploads\/sites\/30\/2023\/10\/374256525_735999715225237_5468864569814707962_n.jpg","width":"","height":"","type":""}],"author":"Alfred \u00d8yna Fjermeros","twitter_card":"summary_large_image","twitter_misc":{"Skrevet av":"Alfred \u00d8yna Fjermeros","Ansl. lesetid":"2 minutter"},"schema":{"@context":"https:\/\/schema.org","@graph":[{"@type":"NewsArticle","@id":"https:\/\/hoyre.no\/iveland\/aktuelt\/flyktningkrise-i-europa\/","url":"https:\/\/hoyre.no\/iveland\/aktuelt\/flyktningkrise-i-europa\/","name":"Flyktningkrise i Europa - Iveland H\u00f8yre","isPartOf":{"@id":"https:\/\/hoyre.no\/iveland\/#website"},"datePublished":"2022-03-07T09:29:47+00:00","dateModified":"2023-10-03T11:12:21+00:00","author":{"@id":"https:\/\/hoyre.no\/iveland\/#\/schema\/person\/10ed7a65899e719ff7c2a99eab5ff143"},"breadcrumb":{"@id":"https:\/\/hoyre.no\/iveland\/aktuelt\/flyktningkrise-i-europa\/#breadcrumb"},"inLanguage":"nb-NO","potentialAction":[{"@type":"ReadAction","target":["https:\/\/hoyre.no\/iveland\/aktuelt\/flyktningkrise-i-europa\/"]}]},{"@type":"BreadcrumbList","@id":"https:\/\/hoyre.no\/iveland\/aktuelt\/flyktningkrise-i-europa\/#breadcrumb","itemListElement":[{"@type":"ListItem","position":1,"name":"Til hoyre.no","item":"https:\/\/hoyre.no"},{"@type":"ListItem","position":2,"name":"Hjem","item":"https:\/\/hoyre.no\/iveland\/"},{"@type":"ListItem","position":3,"name":"Flyktningkrise i Europa"}]},{"@type":"WebSite","@id":"https:\/\/hoyre.no\/iveland\/#website","url":"https:\/\/hoyre.no\/iveland\/","name":"Iveland H\u00f8yre","description":"Bare enda et H\u00f8yres nettsteder-nettsted","inLanguage":"nb-NO"},{"@type":"Person","@id":"https:\/\/hoyre.no\/iveland\/#\/schema\/person\/10ed7a65899e719ff7c2a99eab5ff143","name":"Alfred \u00d8yna Fjermeros","image":{"@type":"ImageObject","inLanguage":"nb-NO","@id":"https:\/\/hoyre.no\/iveland\/#\/schema\/person\/image\/","url":"https:\/\/secure.gravatar.com\/avatar\/fba318ff853249ad8aa08be6f6a6220b310dbcb6ea76ed8cc7d5d45027d7dba6?s=96&d=mm&r=g","contentUrl":"https:\/\/secure.gravatar.com\/avatar\/fba318ff853249ad8aa08be6f6a6220b310dbcb6ea76ed8cc7d5d45027d7dba6?s=96&d=mm&r=g","caption":"Alfred \u00d8yna Fjermeros"},"url":"https:\/\/hoyre.no\/iveland\/aktuelt\/author\/m50332246\/"}]}},"distributor_meta":false,"distributor_terms":false,"distributor_media":false,"distributor_original_site_name":"Iveland H\u00f8yre","distributor_original_site_url":"https:\/\/hoyre.no\/iveland","push-errors":false,"_links":{"self":[{"href":"https:\/\/hoyre.no\/iveland\/wp-json\/wp\/v2\/posts\/26","targetHints":{"allow":["GET"]}}],"collection":[{"href":"https:\/\/hoyre.no\/iveland\/wp-json\/wp\/v2\/posts"}],"about":[{"href":"https:\/\/hoyre.no\/iveland\/wp-json\/wp\/v2\/types\/post"}],"author":[{"embeddable":true,"href":"https:\/\/hoyre.no\/iveland\/wp-json\/wp\/v2\/users\/15224"}],"replies":[{"embeddable":true,"href":"https:\/\/hoyre.no\/iveland\/wp-json\/wp\/v2\/comments?post=26"}],"version-history":[{"count":1,"href":"https:\/\/hoyre.no\/iveland\/wp-json\/wp\/v2\/posts\/26\/revisions"}],"predecessor-version":[{"id":28,"href":"https:\/\/hoyre.no\/iveland\/wp-json\/wp\/v2\/posts\/26\/revisions\/28"}],"wp:attachment":[{"href":"https:\/\/hoyre.no\/iveland\/wp-json\/wp\/v2\/media?parent=26"}],"wp:term":[{"taxonomy":"category","embeddable":true,"href":"https:\/\/hoyre.no\/iveland\/wp-json\/wp\/v2\/category?post=26"},{"taxonomy":"post_tag","embeddable":true,"href":"https:\/\/hoyre.no\/iveland\/wp-json\/wp\/v2\/post_tag?post=26"},{"taxonomy":"hoyre-visibility","embeddable":true,"href":"https:\/\/hoyre.no\/iveland\/wp-json\/wp\/v2\/hoyre-visibility?post=26"},{"taxonomy":"article-type","embeddable":true,"href":"https:\/\/hoyre.no\/iveland\/wp-json\/wp\/v2\/article-type?post=26"},{"taxonomy":"politician","embeddable":true,"href":"https:\/\/hoyre.no\/iveland\/wp-json\/wp\/v2\/politician?post=26"}],"curies":[{"name":"wp","href":"https:\/\/api.w.org\/{rel}","templated":true}]}}