{"id":124,"date":"2025-05-05T14:47:05","date_gmt":"2025-05-05T12:47:05","guid":{"rendered":"https:\/\/hoyre.no\/kafjord\/?p=124"},"modified":"2025-05-05T14:48:31","modified_gmt":"2025-05-05T12:48:31","slug":"et-godt-arbeidsmiljo-kommer-ikke-av-seg-selv","status":"publish","type":"post","link":"https:\/\/hoyre.no\/kafjord\/aktuelt\/et-godt-arbeidsmiljo-kommer-ikke-av-seg-selv\/","title":{"rendered":"Et godt arbeidsmilj\u00f8 kommer ikke av seg selv"},"content":{"rendered":"\n<p class=\"preamble\">Et godt arbeidsmilj\u00f8 i K\u00e5fjord kommune er ikke bare viktig for de ansatte. Det er avgj\u00f8rende for tjenestene innbyggerne mottar \u2013 og for tilliten til kommunen som arbeidsgiver.<\/p>\t\t\t<div class=\"post-meta wp-block teft-byline-wrapper\">\n\t\t\t\t<div class=\"top\">\n\t\t\t\t\t<div class=\"signature\">\n\t\t\t\t\t\t<div class=\"teft-byline\">\n\t\t\t\t\t\t\t\t\t\t\t\t\t\t<div>\n\t\t\t\t\t\t\t\t<h3>H\u00f8yres redaksjon<\/h3>\t\t\t\t\t\t\t\t\n\t\t\t\t\t\t\t\t\t\t\t\t\t\t\t\t\t<span class=\"date\">Sist oppdatert: 5. mai 2025<\/span>\n\t\t\t\t\t\t\t\t\t\t\t\t\t\t\t\t\t\t\t\t\t\t\t\t\t<span class=\"reading-time\" itemprop=\"timeRequired\" content=\"PT2M\"><em>Ca. 2 minutter lesetid<\/em><\/span>\n\t\t\t\t\t\t\t\t\t\t\t\t\t\t\t<\/div>\n\t\t\t\t\t\t<\/div>\n\t\t\t\t\t<\/div>\n\t\t\t\t\t\t<div class=\"sharing\">\n\t\t<a class=\"share-button share-link copy-link\" data-copy=\"https:\/\/hoyre.no\/kafjord\/aktuelt\/et-godt-arbeidsmiljo-kommer-ikke-av-seg-selv\/\" target=\"_blank\"><span class=\"screen-reader-text\">Del link<\/span><\/a>\n\t\t<a class=\"share-button share-twitter\" href=\"http:\/\/twitter.com\/share?text=Et godt arbeidsmilj\u00f8 kommer ikke av seg selv&#038;url=https:\/\/hoyre.no\/kafjord\/aktuelt\/et-godt-arbeidsmiljo-kommer-ikke-av-seg-selv\/&#038;hashtags=Hoyre\" target=\"_blank\"><span class=\"screen-reader-text\">Del p\u00e5 twitter<\/span><\/a>\n\t\t<a class=\"share-button share-facebook\" href=\"https:\/\/www.facebook.com\/sharer\/sharer.php?u=https:\/\/hoyre.no\/kafjord\/aktuelt\/et-godt-arbeidsmiljo-kommer-ikke-av-seg-selv\/\" target=\"_blank\"><span class=\"screen-reader-text\">Del p\u00e5 facebook<\/span><\/a>\n\t<\/div>\n\t\t\t\t\t<\/div>\n\t\t\t<\/div>\n\n\t\t\t<figure class=\"hoyre-image-wrapper\"><div class=\"hoyre-image\"><img loading=\"lazy\" decoding=\"async\" width=\"1000\" height=\"528\" src=\"https:\/\/hoyre.no\/content\/uploads\/sites\/252\/2025\/05\/ae0c90f7-6189-4073-ba93-1cdf9332140e.avif\" class=\"attachment-scaled size-scaled\" alt=\"\" style=\"object-position: 50% 50%\" srcset=\"https:\/\/hoyre.no\/content\/uploads\/sites\/252\/2025\/05\/ae0c90f7-6189-4073-ba93-1cdf9332140e.avif 1000w, https:\/\/hoyre.no\/content\/uploads\/sites\/252\/2025\/05\/ae0c90f7-6189-4073-ba93-1cdf9332140e-300x158.avif 300w, https:\/\/hoyre.no\/content\/uploads\/sites\/252\/2025\/05\/ae0c90f7-6189-4073-ba93-1cdf9332140e-768x406.avif 768w\" sizes=\"auto, (max-width: 1000px) 100vw, 1000px\" \/><\/div><figcaption class=\"caption\">Foto: skjermdump \/ K\u00e5fjord kommune<\/figcaption><\/figure>\n\n\n\n\n<p><strong>Et godt arbeidsmilj\u00f8 i K\u00e5fjord kommune er ikke bare viktig for de ansatte. Det er avgj\u00f8rende for tjenestene innbyggerne mottar \u2013 og for tilliten til kommunen som arbeidsgiver.<\/strong><\/p>\n\n\n\n<p>I H\u00f8yre er vi opptatt av at folk skal trives i jobben sin. N\u00e5r det kommer gjentatte signaler om at ansatte i K\u00e5fjord kommune opplever utfordringer i arbeidsmilj\u00f8et, m\u00e5 vi ta det p\u00e5 alvor. Det handler ikke om \u00e5 rette pekefingre, men om \u00e5 lytte og finne l\u00f8sninger \u2013 sammen.<\/p>\n\n\n\n<p>Flere ansatte i kommunen har tatt direkte kontakt med oss for \u00e5 uttrykke sin bekymring, og vi har ogs\u00e5 fanget opp tydelige tilbakemeldinger som er delt anonymt p\u00e5 jobbvurderingssiden <strong><a href=\"https:\/\/jobbi.no\/i\/gaivuona-suohkan-kaafjord-kommune-kaivuonon-komuuni\/vurderinger\">Jobbi.no<\/a><\/strong>. Dette bekrefter inntrykket av at det er behov for en grundig gjennomgang av arbeidsmilj\u00f8et.<\/p>\n\n\n\n<p>I forrige kommunestyrem\u00f8te tok vi i K\u00e5fjord H\u00f8yre opp behovet for en ekstern, uavhengig gjennomgang. Vi mener dette er et viktig verkt\u00f8y for \u00e5 skape \u00e5penhet, trygghet og bedre dialog. En slik gjennomgang kan gi oss kunnskap vi trenger for \u00e5 gj\u00f8re n\u00f8dvendige forbedringer \u2013 og sikre at alle som jobber i kommunen blir m\u00f8tt med respekt, st\u00f8tte og forutsigbarhet i hverdagen.<\/p>\n\n\n\n<p>Vi vet at arbeidsmilj\u00f8 handler om ledelse, kultur, rammer og medvirkning. Og vi vet at gode arbeidsplasser gir bedre tjenester til innbyggerne. Derfor \u00f8nsker K\u00e5fjord H\u00f8yre \u00e5 bidra til at kommunen skal v\u00e6re et sted der folk b\u00e5de \u00f8nsker \u00e5 jobbe og har lyst til \u00e5 bli.<\/p>\n\n\n\n<p>Vi h\u00e5per flere partier vil v\u00e6re med p\u00e5 \u00e5 l\u00f8fte denne saken. Trygge ansatte gir trygge tjenester. Det er et felles ansvar \u2013 og et viktig steg p\u00e5 veien videre for K\u00e5fjord.<\/p>\n\n\n\n<p><strong>Vi i K\u00e5fjord H\u00f8yre kommer til \u00e5 f\u00f8lge dette tett fremover, og vil jobbe for at kommunen tar de n\u00f8dvendige grepene for \u00e5 sikre et trygt og godt arbeidsmilj\u00f8 for alle ansatte.<\/strong><\/p>\n\n\n<div class=\"tags\">\n\t<\/div>\n<div class=\"post-footer alignfull has-background block-editor-block-list__block\" data-align=full>\n\t<div class=\"post-footer-inner\">\n\t\t<h3>Relaterte artikler<\/h3>\n\t\t<div class=\"related-content\"><div class=\"is-card-hoyre\">\n\t<div class=\"teft-card hoyre-teft-card post-teft-card\">\n\t\t<a href=\"https:\/\/hoyre.no\/kafjord\/aktuelt\/63\/\" class=\"teft-card__primary-action\">\n\n\t\t\t\t\t<div class=\"teft-card__media teft-card__media--16-9\">\n\t\t\t\t\t\t<img loading=\"lazy\" decoding=\"async\" width=\"768\" height=\"513\" src=\"https:\/\/hoyre.no\/content\/uploads\/sites\/252\/2023\/02\/1a014a4d-130c-4929-9f9a-941e6e51d504-768x513.jpg\" class=\"attachment-medium_large size-medium_large\" alt=\"\" srcset=\"https:\/\/hoyre.no\/content\/uploads\/sites\/252\/2023\/02\/1a014a4d-130c-4929-9f9a-941e6e51d504-768x513.jpg 768w, https:\/\/hoyre.no\/content\/uploads\/sites\/252\/2023\/02\/1a014a4d-130c-4929-9f9a-941e6e51d504-300x200.jpg 300w, https:\/\/hoyre.no\/content\/uploads\/sites\/252\/2023\/02\/1a014a4d-130c-4929-9f9a-941e6e51d504.jpg 800w\" sizes=\"auto, (max-width: 768px) 100vw, 768px\" \/>\t\t<\/div>\n\t\t\n\t\t\t<div class=\"teft-card__content-wrapper\">\n\t\t\t\t<div class=\"teft-card__secondary\">\n\t\t\t\t\t\n\t\t\t\t\t\t\t\t<div class=\"teft-card__meta\">\n\t\t\t\t\t\t\t\t\t<span class=\"post-date\">21. feb 2023<\/span>\n\n\t\t\t\t\t\t\t\t\t<span class=\"post-category\">Nyheter fra K\u00e5fjord H\u00f8yre<\/span>\t\t\t\t\t\t\t\t<\/div>\n\t\t\t\t\t\t\t\t\t\t\t<\/div>\n\n\t\t\t\t<div class=\"teft-card__primary\">\n\t\t\t\t\t<h2 class=\"teft-card__title\">K\u00e5fjord H\u00f8yres ordf\u00f8rerkandidat er valgt&nbsp;<span class=\"teft-card__primary-title-append\"><\/span><\/h2>\t\t\t\t<\/div>\n\t\t\t<\/div>\n\t\t<\/a>\n\t<\/div>\n\n\t<\/div><div class=\"is-card-hoyre\">\n\t<div class=\"teft-card hoyre-teft-card post-teft-card\">\n\t\t<a href=\"https:\/\/hoyre.no\/kafjord\/aktuelt\/kafjord-hoyres-partiprogram-2023-2027\/\" class=\"teft-card__primary-action\">\n\n\t\t\t\t\t<div class=\"teft-card__media teft-card__media--16-9\">\n\t\t\t\t\t\t<img loading=\"lazy\" decoding=\"async\" width=\"768\" height=\"1097\" src=\"https:\/\/hoyre.no\/content\/uploads\/sites\/252\/2023\/07\/Valgprogram-Ka\u030afjord-Hoyre-2023-2027-offentlig_page-0001-768x1097.jpg\" class=\"attachment-medium_large size-medium_large\" alt=\"\" srcset=\"https:\/\/hoyre.no\/content\/uploads\/sites\/252\/2023\/07\/Valgprogram-Ka\u030afjord-Hoyre-2023-2027-offentlig_page-0001-768x1097.jpg 768w, https:\/\/hoyre.no\/content\/uploads\/sites\/252\/2023\/07\/Valgprogram-Ka\u030afjord-Hoyre-2023-2027-offentlig_page-0001-210x300.jpg 210w, https:\/\/hoyre.no\/content\/uploads\/sites\/252\/2023\/07\/Valgprogram-Ka\u030afjord-Hoyre-2023-2027-offentlig_page-0001-717x1024.jpg 717w, https:\/\/hoyre.no\/content\/uploads\/sites\/252\/2023\/07\/Valgprogram-Ka\u030afjord-Hoyre-2023-2027-offentlig_page-0001-1075x1536.jpg 1075w, https:\/\/hoyre.no\/content\/uploads\/sites\/252\/2023\/07\/Valgprogram-Ka\u030afjord-Hoyre-2023-2027-offentlig_page-0001-1434x2048.jpg 1434w, https:\/\/hoyre.no\/content\/uploads\/sites\/252\/2023\/07\/Valgprogram-Ka\u030afjord-Hoyre-2023-2027-offentlig_page-0001.jpg 1739w\" sizes=\"auto, (max-width: 768px) 100vw, 768px\" \/>\t\t<\/div>\n\t\t\n\t\t\t<div class=\"teft-card__content-wrapper\">\n\t\t\t\t<div class=\"teft-card__secondary\">\n\t\t\t\t\t\n\t\t\t\t\t\t\t\t<div class=\"teft-card__meta\">\n\t\t\t\t\t\t\t\t\t<span class=\"post-date\">31. jul 2023<\/span>\n\n\t\t\t\t\t\t\t\t\t<span class=\"post-category\">Nyheter fra K\u00e5fjord H\u00f8yre<\/span>\t\t\t\t\t\t\t\t<\/div>\n\t\t\t\t\t\t\t\t\t\t\t<\/div>\n\n\t\t\t\t<div class=\"teft-card__primary\">\n\t\t\t\t\t<h2 class=\"teft-card__title\">K\u00e5fjord H\u00f8yres valgprogram 2023-2027&nbsp;<span class=\"teft-card__primary-title-append\"><\/span><\/h2>\t\t\t\t<\/div>\n\t\t\t<\/div>\n\t\t<\/a>\n\t<\/div>\n\n\t<\/div><div class=\"is-card-hoyre\">\n\t<div class=\"teft-card hoyre-teft-card post-teft-card\">\n\t\t<a href=\"https:\/\/hoyre.no\/kafjord\/aktuelt\/na-er-valglista-klar\/\" class=\"teft-card__primary-action\">\n\n\t\t\t<div class=\"teft-card__media teft-card__media--16-9 no-image\"><\/div>\n\t\t\t<div class=\"teft-card__content-wrapper\">\n\t\t\t\t<div class=\"teft-card__secondary\">\n\t\t\t\t\t\n\t\t\t\t\t\t\t\t<div class=\"teft-card__meta\">\n\t\t\t\t\t\t\t\t\t<span class=\"post-date\">6. jun 2023<\/span>\n\n\t\t\t\t\t\t\t\t\t\t\t\t\t\t\t\t\t<\/div>\n\t\t\t\t\t\t\t\t\t\t\t<\/div>\n\n\t\t\t\t<div class=\"teft-card__primary\">\n\t\t\t\t\t<h2 class=\"teft-card__title\">N\u00e5 er valglista klar&nbsp;<span class=\"teft-card__primary-title-append\"><\/span><\/h2>\t\t\t\t<\/div>\n\t\t\t<\/div>\n\t\t<\/a>\n\t<\/div>\n\n\t<\/div><\/div>\t<\/div>\n<\/div>\n","protected":false},"excerpt":{"rendered":"","protected":false},"author":26507,"featured_media":0,"comment_status":"closed","ping_status":"closed","sticky":false,"template":"","format":"standard","meta":{"teft_cards_image_url":"","teft_cards_custom_pretitle":"","teft_cards_image_id":125,"teft_cards_image_focal_point_x":0.5,"teft_cards_image_focal_point_y":0.5,"teft_cards_title":"","teft_cards_excerpt":"","teft_show_chapters":false,"author_display_name":"","footnotes":""},"category":[4],"post_tag":[],"hoyre-visibility":[],"article-type":[],"politician":[],"class_list":["post-124","post","type-post","status-publish","format-standard","hentry","category-nyheter-fra-kafjord-hoyre"],"yoast_head":"<!-- This site is optimized with the Yoast SEO plugin v26.6 - https:\/\/yoast.com\/wordpress\/plugins\/seo\/ -->\n<title>Et godt arbeidsmilj\u00f8 kommer ikke av seg selv - K\u00e5fjord H\u00f8yre<\/title>\n<meta name=\"robots\" content=\"index, follow, max-snippet:-1, max-image-preview:large, max-video-preview:-1\" \/>\n<link rel=\"canonical\" href=\"https:\/\/hoyre.no\/kafjord\/aktuelt\/et-godt-arbeidsmiljo-kommer-ikke-av-seg-selv\/\" \/>\n<meta property=\"og:locale\" content=\"nb_NO\" \/>\n<meta property=\"og:type\" content=\"article\" \/>\n<meta property=\"og:title\" content=\"Et godt arbeidsmilj\u00f8 kommer ikke av seg selv - K\u00e5fjord H\u00f8yre\" \/>\n<meta property=\"og:url\" content=\"https:\/\/hoyre.no\/kafjord\/aktuelt\/et-godt-arbeidsmiljo-kommer-ikke-av-seg-selv\/\" \/>\n<meta property=\"og:site_name\" content=\"K\u00e5fjord H\u00f8yre\" \/>\n<meta property=\"article:published_time\" content=\"2025-05-05T12:47:05+00:00\" \/>\n<meta property=\"article:modified_time\" content=\"2025-05-05T12:48:31+00:00\" \/>\n<meta property=\"og:image\" content=\"https:\/\/hoyre.no\/content\/uploads\/sites\/252\/2022\/11\/Hoyres-logo.png\" \/>\n\t<meta property=\"og:image:width\" content=\"1000\" \/>\n\t<meta property=\"og:image:height\" content=\"1000\" \/>\n\t<meta property=\"og:image:type\" content=\"image\/png\" \/>\n<meta name=\"author\" content=\"Jens-Aleksander Butter Simonsen\" \/>\n<meta name=\"twitter:card\" content=\"summary_large_image\" \/>\n<meta name=\"twitter:label1\" content=\"Skrevet av\" \/>\n\t<meta name=\"twitter:data1\" content=\"Jens-Aleksander Butter Simonsen\" \/>\n\t<meta name=\"twitter:label2\" content=\"Ansl. lesetid\" \/>\n\t<meta name=\"twitter:data2\" content=\"2 minutter\" \/>\n<script type=\"application\/ld+json\" class=\"yoast-schema-graph\">{\"@context\":\"https:\/\/schema.org\",\"@graph\":[{\"@type\":\"NewsArticle\",\"@id\":\"https:\/\/hoyre.no\/kafjord\/aktuelt\/et-godt-arbeidsmiljo-kommer-ikke-av-seg-selv\/\",\"url\":\"https:\/\/hoyre.no\/kafjord\/aktuelt\/et-godt-arbeidsmiljo-kommer-ikke-av-seg-selv\/\",\"name\":\"Et godt arbeidsmilj\u00f8 kommer ikke av seg selv - K\u00e5fjord H\u00f8yre\",\"isPartOf\":{\"@id\":\"https:\/\/hoyre.no\/kafjord\/#website\"},\"datePublished\":\"2025-05-05T12:47:05+00:00\",\"dateModified\":\"2025-05-05T12:48:31+00:00\",\"author\":{\"@id\":\"https:\/\/hoyre.no\/kafjord\/#\/schema\/person\/ac634d21ae2b49e90946475395fc3b4c\"},\"breadcrumb\":{\"@id\":\"https:\/\/hoyre.no\/kafjord\/aktuelt\/et-godt-arbeidsmiljo-kommer-ikke-av-seg-selv\/#breadcrumb\"},\"inLanguage\":\"nb-NO\",\"potentialAction\":[{\"@type\":\"ReadAction\",\"target\":[\"https:\/\/hoyre.no\/kafjord\/aktuelt\/et-godt-arbeidsmiljo-kommer-ikke-av-seg-selv\/\"]}]},{\"@type\":\"BreadcrumbList\",\"@id\":\"https:\/\/hoyre.no\/kafjord\/aktuelt\/et-godt-arbeidsmiljo-kommer-ikke-av-seg-selv\/#breadcrumb\",\"itemListElement\":[{\"@type\":\"ListItem\",\"position\":1,\"name\":\"Til hoyre.no\",\"item\":\"https:\/\/hoyre.no\"},{\"@type\":\"ListItem\",\"position\":2,\"name\":\"Hjem\",\"item\":\"https:\/\/hoyre.no\/kafjord\/\"},{\"@type\":\"ListItem\",\"position\":3,\"name\":\"Et godt arbeidsmilj\u00f8 kommer ikke av seg selv\"}]},{\"@type\":\"WebSite\",\"@id\":\"https:\/\/hoyre.no\/kafjord\/#website\",\"url\":\"https:\/\/hoyre.no\/kafjord\/\",\"name\":\"K\u00e5fjord H\u00f8yre\",\"description\":\"Bare enda et H\u00f8yres nettsteder-nettsted\",\"inLanguage\":\"nb-NO\"},{\"@type\":\"Person\",\"@id\":\"https:\/\/hoyre.no\/kafjord\/#\/schema\/person\/ac634d21ae2b49e90946475395fc3b4c\",\"name\":\"Jens-Aleksander Butter Simonsen\",\"image\":{\"@type\":\"ImageObject\",\"inLanguage\":\"nb-NO\",\"@id\":\"https:\/\/hoyre.no\/kafjord\/#\/schema\/person\/image\/\",\"url\":\"https:\/\/secure.gravatar.com\/avatar\/0f1d29357f6ff1287a2dc5cb4682950ab38df7e8c3c753433c61e957449d8e3d?s=96&d=mm&r=g\",\"contentUrl\":\"https:\/\/secure.gravatar.com\/avatar\/0f1d29357f6ff1287a2dc5cb4682950ab38df7e8c3c753433c61e957449d8e3d?s=96&d=mm&r=g\",\"caption\":\"Jens-Aleksander Butter Simonsen\"},\"url\":\"https:\/\/hoyre.no\/kafjord\/aktuelt\/author\/m50669605\/\"}]}<\/script>\n<!-- \/ Yoast SEO plugin. -->","yoast_head_json":{"title":"Et godt arbeidsmilj\u00f8 kommer ikke av seg selv - K\u00e5fjord H\u00f8yre","robots":{"index":"index","follow":"follow","max-snippet":"max-snippet:-1","max-image-preview":"max-image-preview:large","max-video-preview":"max-video-preview:-1"},"canonical":"https:\/\/hoyre.no\/kafjord\/aktuelt\/et-godt-arbeidsmiljo-kommer-ikke-av-seg-selv\/","og_locale":"nb_NO","og_type":"article","og_title":"Et godt arbeidsmilj\u00f8 kommer ikke av seg selv - K\u00e5fjord H\u00f8yre","og_url":"https:\/\/hoyre.no\/kafjord\/aktuelt\/et-godt-arbeidsmiljo-kommer-ikke-av-seg-selv\/","og_site_name":"K\u00e5fjord H\u00f8yre","article_published_time":"2025-05-05T12:47:05+00:00","article_modified_time":"2025-05-05T12:48:31+00:00","og_image":[{"width":1000,"height":1000,"url":"https:\/\/hoyre.no\/content\/uploads\/sites\/252\/2022\/11\/Hoyres-logo.png","type":"image\/png"}],"author":"Jens-Aleksander Butter Simonsen","twitter_card":"summary_large_image","twitter_misc":{"Skrevet av":"Jens-Aleksander Butter Simonsen","Ansl. lesetid":"2 minutter"},"schema":{"@context":"https:\/\/schema.org","@graph":[{"@type":"NewsArticle","@id":"https:\/\/hoyre.no\/kafjord\/aktuelt\/et-godt-arbeidsmiljo-kommer-ikke-av-seg-selv\/","url":"https:\/\/hoyre.no\/kafjord\/aktuelt\/et-godt-arbeidsmiljo-kommer-ikke-av-seg-selv\/","name":"Et godt arbeidsmilj\u00f8 kommer ikke av seg selv - K\u00e5fjord H\u00f8yre","isPartOf":{"@id":"https:\/\/hoyre.no\/kafjord\/#website"},"datePublished":"2025-05-05T12:47:05+00:00","dateModified":"2025-05-05T12:48:31+00:00","author":{"@id":"https:\/\/hoyre.no\/kafjord\/#\/schema\/person\/ac634d21ae2b49e90946475395fc3b4c"},"breadcrumb":{"@id":"https:\/\/hoyre.no\/kafjord\/aktuelt\/et-godt-arbeidsmiljo-kommer-ikke-av-seg-selv\/#breadcrumb"},"inLanguage":"nb-NO","potentialAction":[{"@type":"ReadAction","target":["https:\/\/hoyre.no\/kafjord\/aktuelt\/et-godt-arbeidsmiljo-kommer-ikke-av-seg-selv\/"]}]},{"@type":"BreadcrumbList","@id":"https:\/\/hoyre.no\/kafjord\/aktuelt\/et-godt-arbeidsmiljo-kommer-ikke-av-seg-selv\/#breadcrumb","itemListElement":[{"@type":"ListItem","position":1,"name":"Til hoyre.no","item":"https:\/\/hoyre.no"},{"@type":"ListItem","position":2,"name":"Hjem","item":"https:\/\/hoyre.no\/kafjord\/"},{"@type":"ListItem","position":3,"name":"Et godt arbeidsmilj\u00f8 kommer ikke av seg selv"}]},{"@type":"WebSite","@id":"https:\/\/hoyre.no\/kafjord\/#website","url":"https:\/\/hoyre.no\/kafjord\/","name":"K\u00e5fjord H\u00f8yre","description":"Bare enda et H\u00f8yres nettsteder-nettsted","inLanguage":"nb-NO"},{"@type":"Person","@id":"https:\/\/hoyre.no\/kafjord\/#\/schema\/person\/ac634d21ae2b49e90946475395fc3b4c","name":"Jens-Aleksander Butter Simonsen","image":{"@type":"ImageObject","inLanguage":"nb-NO","@id":"https:\/\/hoyre.no\/kafjord\/#\/schema\/person\/image\/","url":"https:\/\/secure.gravatar.com\/avatar\/0f1d29357f6ff1287a2dc5cb4682950ab38df7e8c3c753433c61e957449d8e3d?s=96&d=mm&r=g","contentUrl":"https:\/\/secure.gravatar.com\/avatar\/0f1d29357f6ff1287a2dc5cb4682950ab38df7e8c3c753433c61e957449d8e3d?s=96&d=mm&r=g","caption":"Jens-Aleksander Butter Simonsen"},"url":"https:\/\/hoyre.no\/kafjord\/aktuelt\/author\/m50669605\/"}]}},"distributor_meta":false,"distributor_terms":false,"distributor_media":false,"distributor_original_site_name":"K\u00e5fjord H\u00f8yre","distributor_original_site_url":"https:\/\/hoyre.no\/kafjord","push-errors":false,"_links":{"self":[{"href":"https:\/\/hoyre.no\/kafjord\/wp-json\/wp\/v2\/posts\/124","targetHints":{"allow":["GET"]}}],"collection":[{"href":"https:\/\/hoyre.no\/kafjord\/wp-json\/wp\/v2\/posts"}],"about":[{"href":"https:\/\/hoyre.no\/kafjord\/wp-json\/wp\/v2\/types\/post"}],"author":[{"embeddable":true,"href":"https:\/\/hoyre.no\/kafjord\/wp-json\/wp\/v2\/users\/26507"}],"replies":[{"embeddable":true,"href":"https:\/\/hoyre.no\/kafjord\/wp-json\/wp\/v2\/comments?post=124"}],"version-history":[{"count":3,"href":"https:\/\/hoyre.no\/kafjord\/wp-json\/wp\/v2\/posts\/124\/revisions"}],"predecessor-version":[{"id":128,"href":"https:\/\/hoyre.no\/kafjord\/wp-json\/wp\/v2\/posts\/124\/revisions\/128"}],"wp:attachment":[{"href":"https:\/\/hoyre.no\/kafjord\/wp-json\/wp\/v2\/media?parent=124"}],"wp:term":[{"taxonomy":"category","embeddable":true,"href":"https:\/\/hoyre.no\/kafjord\/wp-json\/wp\/v2\/category?post=124"},{"taxonomy":"post_tag","embeddable":true,"href":"https:\/\/hoyre.no\/kafjord\/wp-json\/wp\/v2\/post_tag?post=124"},{"taxonomy":"hoyre-visibility","embeddable":true,"href":"https:\/\/hoyre.no\/kafjord\/wp-json\/wp\/v2\/hoyre-visibility?post=124"},{"taxonomy":"article-type","embeddable":true,"href":"https:\/\/hoyre.no\/kafjord\/wp-json\/wp\/v2\/article-type?post=124"},{"taxonomy":"politician","embeddable":true,"href":"https:\/\/hoyre.no\/kafjord\/wp-json\/wp\/v2\/politician?post=124"}],"curies":[{"name":"wp","href":"https:\/\/api.w.org\/{rel}","templated":true}]}}