{"id":92,"date":"2023-06-06T00:33:37","date_gmt":"2023-06-05T22:33:37","guid":{"rendered":"https:\/\/hoyre.no\/kafjord\/?p=92"},"modified":"2023-06-06T00:36:21","modified_gmt":"2023-06-05T22:36:21","slug":"na-er-valglista-klar","status":"publish","type":"post","link":"https:\/\/hoyre.no\/kafjord\/aktuelt\/na-er-valglista-klar\/","title":{"rendered":"N\u00e5 er valglista klar"},"content":{"rendered":"\n<p class=\"preamble\">N\u00e5 er K\u00e5fjord H\u00f8yre sin valgliste til kommunestyrevalget komplett og godkjent av valgstyret<img loading=\"lazy\" decoding=\"async\" height=\"16\" width=\"16\" src=\"https:\/\/static.xx.fbcdn.net\/images\/emoji.php\/v9\/t57\/1.5\/16\/1f44f.png\" alt=\"\ud83d\udc4f\"> Vi har en liste med variasjon, b\u00e5de i alder og n\u00e5r det kommer til erfaring med politisk arbeid.<\/p>\n\n\n\n\n<p>K\u00e5fjord H\u00f8yre \u00f8nsker \u00e5 gj\u00f8re K\u00e5fjord til en enda bedre kommune \u00e5 bo i. En kommune som er fremoverlent og \u00f8nsker \u00e5 sette seg i f\u00f8rersetet. Vi \u00f8nsker \u00e5 bidra til en kommune som oppleves som attraktiv og spennende \u00e5 bo og arbeide i. K\u00e5fjord H\u00f8yre lover ikke mer enn vi kan holde, vi vil v\u00e6re <a><\/a>n\u00f8kterne og ansvarlige med fellesskapets midler. Det er dine og mine penger vi forvalter, og det tar vi p\u00e5 ytterste alvor.<\/p>\n\n\n\n<p>K\u00e5fjord H\u00f8yre &#8211; Vi tror p\u00e5 K\u00e5fjord<img loading=\"lazy\" decoding=\"async\" height=\"16\" width=\"16\" src=\"https:\/\/static.xx.fbcdn.net\/images\/emoji.php\/v9\/tc5\/1.5\/16\/1f499.png\" alt=\"\ud83d\udc99\"><\/p>\n\n\n\n<p><strong>1. Jens-A. Butter Simonsen, f.\u00e5r 1994<\/strong><br>2. Anna-Iren Berg-L\u00f8vli, f.\u00e5r 1975<br>3. Daniel Holm, f.\u00e5r 1984<br>4. Mikaela Elisabeth Reinikainen, f.\u00e5r 1979<br>5. Jens Ivar Simonsen, f.\u00e5r 1973<br>6. Frans Pr\u00f8vlien, f.\u00e5r 1957<br>7. Else Marie H\u00f8len Johansen, f.\u00e5r 1949<br>8. Albert Fredrik Haldorsen, f.\u00e5r 1966<br>9. Wenche Molund Sagatun, f.\u00e5r 1975<br>10. Petter Arnfinn Mikkelsen, f.\u00e5r 1958<br>11. Knut Ivar Nilsen, f.\u00e5r 1968<br>12. Jan Roger Olsen, f.\u00e5r 1971<br>13. Veronje Simonsen, f.\u00e5r 2004<br>14. Jim Roar Wiik, f.\u00e5r 1979<br>15. Torgeir Larsen, f.\u00e5r 1982<br>16. Lasse Andre Bj\u00f8rn, f.\u00e5r 1995<br>17. Roger Mathisen, f.\u00e5r 1969<\/p>\n\n\n<div class=\"tags\">\n\t<\/div>\n<div class=\"post-footer alignfull has-background block-editor-block-list__block\" data-align=full>\n\t<div class=\"post-footer-inner\">\n\t\t<h3>Relaterte artikler<\/h3>\n\t\t<div class=\"related-content\"><div class=\"is-card-hoyre\">\n\t<div class=\"teft-card hoyre-teft-card post-teft-card\">\n\t\t<a href=\"https:\/\/hoyre.no\/kafjord\/aktuelt\/63\/\" class=\"teft-card__primary-action\">\n\n\t\t\t\t\t<div class=\"teft-card__media teft-card__media--16-9\">\n\t\t\t\t\t\t<img loading=\"lazy\" decoding=\"async\" width=\"768\" height=\"513\" src=\"https:\/\/hoyre.no\/content\/uploads\/sites\/252\/2023\/02\/1a014a4d-130c-4929-9f9a-941e6e51d504-768x513.jpg\" class=\"attachment-medium_large size-medium_large\" alt=\"\" srcset=\"https:\/\/hoyre.no\/content\/uploads\/sites\/252\/2023\/02\/1a014a4d-130c-4929-9f9a-941e6e51d504-768x513.jpg 768w, https:\/\/hoyre.no\/content\/uploads\/sites\/252\/2023\/02\/1a014a4d-130c-4929-9f9a-941e6e51d504-300x200.jpg 300w, https:\/\/hoyre.no\/content\/uploads\/sites\/252\/2023\/02\/1a014a4d-130c-4929-9f9a-941e6e51d504.jpg 800w\" sizes=\"auto, (max-width: 768px) 100vw, 768px\" \/>\t\t<\/div>\n\t\t\n\t\t\t<div class=\"teft-card__content-wrapper\">\n\t\t\t\t<div class=\"teft-card__secondary\">\n\t\t\t\t\t\n\t\t\t\t\t\t\t\t<div class=\"teft-card__meta\">\n\t\t\t\t\t\t\t\t\t<span class=\"post-date\">21. feb 2023<\/span>\n\n\t\t\t\t\t\t\t\t\t<span class=\"post-category\">Nyheter fra K\u00e5fjord H\u00f8yre<\/span>\t\t\t\t\t\t\t\t<\/div>\n\t\t\t\t\t\t\t\t\t\t\t<\/div>\n\n\t\t\t\t<div class=\"teft-card__primary\">\n\t\t\t\t\t<h2 class=\"teft-card__title\">K\u00e5fjord H\u00f8yres ordf\u00f8rerkandidat er valgt&nbsp;<span class=\"teft-card__primary-title-append\"><\/span><\/h2>\t\t\t\t<\/div>\n\t\t\t<\/div>\n\t\t<\/a>\n\t<\/div>\n\n\t<\/div><div class=\"is-card-hoyre\">\n\t<div class=\"teft-card hoyre-teft-card post-teft-card\">\n\t\t<a href=\"https:\/\/hoyre.no\/kafjord\/aktuelt\/et-godt-arbeidsmiljo-kommer-ikke-av-seg-selv\/\" class=\"teft-card__primary-action\">\n\n\t\t\t\t\t<div class=\"teft-card__media teft-card__media--16-9\">\n\t\t\t\t\t\t<img loading=\"lazy\" decoding=\"async\" width=\"768\" height=\"406\" src=\"https:\/\/hoyre.no\/content\/uploads\/sites\/252\/2025\/05\/ae0c90f7-6189-4073-ba93-1cdf9332140e-768x406.avif\" class=\"attachment-medium_large size-medium_large\" alt=\"\" srcset=\"https:\/\/hoyre.no\/content\/uploads\/sites\/252\/2025\/05\/ae0c90f7-6189-4073-ba93-1cdf9332140e-768x406.avif 768w, https:\/\/hoyre.no\/content\/uploads\/sites\/252\/2025\/05\/ae0c90f7-6189-4073-ba93-1cdf9332140e-300x158.avif 300w, https:\/\/hoyre.no\/content\/uploads\/sites\/252\/2025\/05\/ae0c90f7-6189-4073-ba93-1cdf9332140e.avif 1000w\" sizes=\"auto, (max-width: 768px) 100vw, 768px\" \/>\t\t<\/div>\n\t\t\n\t\t\t<div class=\"teft-card__content-wrapper\">\n\t\t\t\t<div class=\"teft-card__secondary\">\n\t\t\t\t\t\n\t\t\t\t\t\t\t\t<div class=\"teft-card__meta\">\n\t\t\t\t\t\t\t\t\t<span class=\"post-date\">5. mai 2025<\/span>\n\n\t\t\t\t\t\t\t\t\t\t\t\t\t\t\t\t\t<\/div>\n\t\t\t\t\t\t\t\t\t\t\t<\/div>\n\n\t\t\t\t<div class=\"teft-card__primary\">\n\t\t\t\t\t<h2 class=\"teft-card__title\">Et godt arbeidsmilj\u00f8 kommer ikke av seg selv&nbsp;<span class=\"teft-card__primary-title-append\"><\/span><\/h2>\t\t\t\t<\/div>\n\t\t\t<\/div>\n\t\t<\/a>\n\t<\/div>\n\n\t<\/div><div class=\"is-card-hoyre\">\n\t<div class=\"teft-card hoyre-teft-card post-teft-card\">\n\t\t<a href=\"https:\/\/hoyre.no\/kafjord\/aktuelt\/kafjord-hoyres-partiprogram-2023-2027\/\" class=\"teft-card__primary-action\">\n\n\t\t\t\t\t<div class=\"teft-card__media teft-card__media--16-9\">\n\t\t\t\t\t\t<img loading=\"lazy\" decoding=\"async\" width=\"768\" height=\"1097\" src=\"https:\/\/hoyre.no\/content\/uploads\/sites\/252\/2023\/07\/Valgprogram-Ka\u030afjord-Hoyre-2023-2027-offentlig_page-0001-768x1097.jpg\" class=\"attachment-medium_large size-medium_large\" alt=\"\" srcset=\"https:\/\/hoyre.no\/content\/uploads\/sites\/252\/2023\/07\/Valgprogram-Ka\u030afjord-Hoyre-2023-2027-offentlig_page-0001-768x1097.jpg 768w, https:\/\/hoyre.no\/content\/uploads\/sites\/252\/2023\/07\/Valgprogram-Ka\u030afjord-Hoyre-2023-2027-offentlig_page-0001-210x300.jpg 210w, https:\/\/hoyre.no\/content\/uploads\/sites\/252\/2023\/07\/Valgprogram-Ka\u030afjord-Hoyre-2023-2027-offentlig_page-0001-717x1024.jpg 717w, https:\/\/hoyre.no\/content\/uploads\/sites\/252\/2023\/07\/Valgprogram-Ka\u030afjord-Hoyre-2023-2027-offentlig_page-0001-1075x1536.jpg 1075w, https:\/\/hoyre.no\/content\/uploads\/sites\/252\/2023\/07\/Valgprogram-Ka\u030afjord-Hoyre-2023-2027-offentlig_page-0001-1434x2048.jpg 1434w, https:\/\/hoyre.no\/content\/uploads\/sites\/252\/2023\/07\/Valgprogram-Ka\u030afjord-Hoyre-2023-2027-offentlig_page-0001.jpg 1739w\" sizes=\"auto, (max-width: 768px) 100vw, 768px\" \/>\t\t<\/div>\n\t\t\n\t\t\t<div class=\"teft-card__content-wrapper\">\n\t\t\t\t<div class=\"teft-card__secondary\">\n\t\t\t\t\t\n\t\t\t\t\t\t\t\t<div class=\"teft-card__meta\">\n\t\t\t\t\t\t\t\t\t<span class=\"post-date\">31. jul 2023<\/span>\n\n\t\t\t\t\t\t\t\t\t<span class=\"post-category\">Nyheter fra K\u00e5fjord H\u00f8yre<\/span>\t\t\t\t\t\t\t\t<\/div>\n\t\t\t\t\t\t\t\t\t\t\t<\/div>\n\n\t\t\t\t<div class=\"teft-card__primary\">\n\t\t\t\t\t<h2 class=\"teft-card__title\">K\u00e5fjord H\u00f8yres valgprogram 2023-2027&nbsp;<span class=\"teft-card__primary-title-append\"><\/span><\/h2>\t\t\t\t<\/div>\n\t\t\t<\/div>\n\t\t<\/a>\n\t<\/div>\n\n\t<\/div><\/div>\t<\/div>\n<\/div>\n","protected":false},"excerpt":{"rendered":"","protected":false},"author":26507,"featured_media":0,"comment_status":"closed","ping_status":"closed","sticky":false,"template":"","format":"standard","meta":{"teft_cards_image_url":"","teft_cards_custom_pretitle":"","teft_cards_image_id":0,"teft_cards_image_focal_point_x":0,"teft_cards_image_focal_point_y":0,"teft_cards_title":"","teft_cards_excerpt":"","teft_show_chapters":false,"author_display_name":"","footnotes":""},"category":[1],"post_tag":[],"hoyre-visibility":[],"article-type":[],"politician":[],"class_list":["post-92","post","type-post","status-publish","format-standard","hentry","category-ukategorisert"],"yoast_head":"<!-- This site is optimized with the Yoast SEO plugin v26.6 - https:\/\/yoast.com\/wordpress\/plugins\/seo\/ -->\n<title>N\u00e5 er valglista klar - K\u00e5fjord H\u00f8yre<\/title>\n<meta name=\"robots\" content=\"index, follow, max-snippet:-1, max-image-preview:large, max-video-preview:-1\" \/>\n<link rel=\"canonical\" href=\"https:\/\/hoyre.no\/kafjord\/aktuelt\/na-er-valglista-klar\/\" \/>\n<meta property=\"og:locale\" content=\"nb_NO\" \/>\n<meta property=\"og:type\" content=\"article\" \/>\n<meta property=\"og:title\" content=\"N\u00e5 er valglista klar - K\u00e5fjord H\u00f8yre\" \/>\n<meta property=\"og:url\" content=\"https:\/\/hoyre.no\/kafjord\/aktuelt\/na-er-valglista-klar\/\" \/>\n<meta property=\"og:site_name\" content=\"K\u00e5fjord H\u00f8yre\" \/>\n<meta property=\"article:published_time\" content=\"2023-06-05T22:33:37+00:00\" \/>\n<meta property=\"article:modified_time\" content=\"2023-06-05T22:36:21+00:00\" \/>\n<meta property=\"og:image\" content=\"https:\/\/hoyre.no\/content\/uploads\/sites\/252\/2023\/07\/Valgprogram-Ka\u030afjord-Hoyre-2023-2027-offentlig_page-0001-717x1024.jpg\" \/>\n<meta name=\"author\" content=\"Jens-Aleksander Butter Simonsen\" \/>\n<meta name=\"twitter:card\" content=\"summary_large_image\" \/>\n<meta name=\"twitter:label1\" content=\"Skrevet av\" \/>\n\t<meta name=\"twitter:data1\" content=\"Jens-Aleksander Butter Simonsen\" \/>\n\t<meta name=\"twitter:label2\" content=\"Ansl. lesetid\" \/>\n\t<meta name=\"twitter:data2\" content=\"2 minutter\" \/>\n<script type=\"application\/ld+json\" class=\"yoast-schema-graph\">{\"@context\":\"https:\/\/schema.org\",\"@graph\":[{\"@type\":\"NewsArticle\",\"@id\":\"https:\/\/hoyre.no\/kafjord\/aktuelt\/na-er-valglista-klar\/\",\"url\":\"https:\/\/hoyre.no\/kafjord\/aktuelt\/na-er-valglista-klar\/\",\"name\":\"N\u00e5 er valglista klar - K\u00e5fjord H\u00f8yre\",\"isPartOf\":{\"@id\":\"https:\/\/hoyre.no\/kafjord\/#website\"},\"image\":{\"@id\":\"https:\/\/hoyre.no\/kafjord\/aktuelt\/na-er-valglista-klar\/#primaryimage\"},\"thumbnailUrl\":\"https:\/\/static.xx.fbcdn.net\/images\/emoji.php\/v9\/t57\/1.5\/16\/1f44f.png\",\"datePublished\":\"2023-06-05T22:33:37+00:00\",\"dateModified\":\"2023-06-05T22:36:21+00:00\",\"author\":{\"@id\":\"https:\/\/hoyre.no\/kafjord\/#\/schema\/person\/ac634d21ae2b49e90946475395fc3b4c\"},\"breadcrumb\":{\"@id\":\"https:\/\/hoyre.no\/kafjord\/aktuelt\/na-er-valglista-klar\/#breadcrumb\"},\"inLanguage\":\"nb-NO\",\"potentialAction\":[{\"@type\":\"ReadAction\",\"target\":[\"https:\/\/hoyre.no\/kafjord\/aktuelt\/na-er-valglista-klar\/\"]}]},{\"@type\":\"ImageObject\",\"inLanguage\":\"nb-NO\",\"@id\":\"https:\/\/hoyre.no\/kafjord\/aktuelt\/na-er-valglista-klar\/#primaryimage\",\"url\":\"https:\/\/static.xx.fbcdn.net\/images\/emoji.php\/v9\/t57\/1.5\/16\/1f44f.png\",\"contentUrl\":\"https:\/\/static.xx.fbcdn.net\/images\/emoji.php\/v9\/t57\/1.5\/16\/1f44f.png\"},{\"@type\":\"BreadcrumbList\",\"@id\":\"https:\/\/hoyre.no\/kafjord\/aktuelt\/na-er-valglista-klar\/#breadcrumb\",\"itemListElement\":[{\"@type\":\"ListItem\",\"position\":1,\"name\":\"Til hoyre.no\",\"item\":\"https:\/\/hoyre.no\"},{\"@type\":\"ListItem\",\"position\":2,\"name\":\"Hjem\",\"item\":\"https:\/\/hoyre.no\/kafjord\/\"},{\"@type\":\"ListItem\",\"position\":3,\"name\":\"N\u00e5 er valglista klar\"}]},{\"@type\":\"WebSite\",\"@id\":\"https:\/\/hoyre.no\/kafjord\/#website\",\"url\":\"https:\/\/hoyre.no\/kafjord\/\",\"name\":\"K\u00e5fjord H\u00f8yre\",\"description\":\"Bare enda et H\u00f8yres nettsteder-nettsted\",\"inLanguage\":\"nb-NO\"},{\"@type\":\"Person\",\"@id\":\"https:\/\/hoyre.no\/kafjord\/#\/schema\/person\/ac634d21ae2b49e90946475395fc3b4c\",\"name\":\"Jens-Aleksander Butter Simonsen\",\"image\":{\"@type\":\"ImageObject\",\"inLanguage\":\"nb-NO\",\"@id\":\"https:\/\/hoyre.no\/kafjord\/#\/schema\/person\/image\/\",\"url\":\"https:\/\/secure.gravatar.com\/avatar\/0f1d29357f6ff1287a2dc5cb4682950ab38df7e8c3c753433c61e957449d8e3d?s=96&d=mm&r=g\",\"contentUrl\":\"https:\/\/secure.gravatar.com\/avatar\/0f1d29357f6ff1287a2dc5cb4682950ab38df7e8c3c753433c61e957449d8e3d?s=96&d=mm&r=g\",\"caption\":\"Jens-Aleksander Butter Simonsen\"},\"url\":\"https:\/\/hoyre.no\/kafjord\/aktuelt\/author\/m50669605\/\"}]}<\/script>\n<!-- \/ Yoast SEO plugin. -->","yoast_head_json":{"title":"N\u00e5 er valglista klar - K\u00e5fjord H\u00f8yre","robots":{"index":"index","follow":"follow","max-snippet":"max-snippet:-1","max-image-preview":"max-image-preview:large","max-video-preview":"max-video-preview:-1"},"canonical":"https:\/\/hoyre.no\/kafjord\/aktuelt\/na-er-valglista-klar\/","og_locale":"nb_NO","og_type":"article","og_title":"N\u00e5 er valglista klar - K\u00e5fjord H\u00f8yre","og_url":"https:\/\/hoyre.no\/kafjord\/aktuelt\/na-er-valglista-klar\/","og_site_name":"K\u00e5fjord H\u00f8yre","article_published_time":"2023-06-05T22:33:37+00:00","article_modified_time":"2023-06-05T22:36:21+00:00","og_image":[{"url":"https:\/\/hoyre.no\/content\/uploads\/sites\/252\/2023\/07\/Valgprogram-Ka\u030afjord-Hoyre-2023-2027-offentlig_page-0001-717x1024.jpg","width":"","height":"","type":""}],"author":"Jens-Aleksander Butter Simonsen","twitter_card":"summary_large_image","twitter_misc":{"Skrevet av":"Jens-Aleksander Butter Simonsen","Ansl. lesetid":"2 minutter"},"schema":{"@context":"https:\/\/schema.org","@graph":[{"@type":"NewsArticle","@id":"https:\/\/hoyre.no\/kafjord\/aktuelt\/na-er-valglista-klar\/","url":"https:\/\/hoyre.no\/kafjord\/aktuelt\/na-er-valglista-klar\/","name":"N\u00e5 er valglista klar - K\u00e5fjord H\u00f8yre","isPartOf":{"@id":"https:\/\/hoyre.no\/kafjord\/#website"},"image":{"@id":"https:\/\/hoyre.no\/kafjord\/aktuelt\/na-er-valglista-klar\/#primaryimage"},"thumbnailUrl":"https:\/\/static.xx.fbcdn.net\/images\/emoji.php\/v9\/t57\/1.5\/16\/1f44f.png","datePublished":"2023-06-05T22:33:37+00:00","dateModified":"2023-06-05T22:36:21+00:00","author":{"@id":"https:\/\/hoyre.no\/kafjord\/#\/schema\/person\/ac634d21ae2b49e90946475395fc3b4c"},"breadcrumb":{"@id":"https:\/\/hoyre.no\/kafjord\/aktuelt\/na-er-valglista-klar\/#breadcrumb"},"inLanguage":"nb-NO","potentialAction":[{"@type":"ReadAction","target":["https:\/\/hoyre.no\/kafjord\/aktuelt\/na-er-valglista-klar\/"]}]},{"@type":"ImageObject","inLanguage":"nb-NO","@id":"https:\/\/hoyre.no\/kafjord\/aktuelt\/na-er-valglista-klar\/#primaryimage","url":"https:\/\/static.xx.fbcdn.net\/images\/emoji.php\/v9\/t57\/1.5\/16\/1f44f.png","contentUrl":"https:\/\/static.xx.fbcdn.net\/images\/emoji.php\/v9\/t57\/1.5\/16\/1f44f.png"},{"@type":"BreadcrumbList","@id":"https:\/\/hoyre.no\/kafjord\/aktuelt\/na-er-valglista-klar\/#breadcrumb","itemListElement":[{"@type":"ListItem","position":1,"name":"Til hoyre.no","item":"https:\/\/hoyre.no"},{"@type":"ListItem","position":2,"name":"Hjem","item":"https:\/\/hoyre.no\/kafjord\/"},{"@type":"ListItem","position":3,"name":"N\u00e5 er valglista klar"}]},{"@type":"WebSite","@id":"https:\/\/hoyre.no\/kafjord\/#website","url":"https:\/\/hoyre.no\/kafjord\/","name":"K\u00e5fjord H\u00f8yre","description":"Bare enda et H\u00f8yres nettsteder-nettsted","inLanguage":"nb-NO"},{"@type":"Person","@id":"https:\/\/hoyre.no\/kafjord\/#\/schema\/person\/ac634d21ae2b49e90946475395fc3b4c","name":"Jens-Aleksander Butter Simonsen","image":{"@type":"ImageObject","inLanguage":"nb-NO","@id":"https:\/\/hoyre.no\/kafjord\/#\/schema\/person\/image\/","url":"https:\/\/secure.gravatar.com\/avatar\/0f1d29357f6ff1287a2dc5cb4682950ab38df7e8c3c753433c61e957449d8e3d?s=96&d=mm&r=g","contentUrl":"https:\/\/secure.gravatar.com\/avatar\/0f1d29357f6ff1287a2dc5cb4682950ab38df7e8c3c753433c61e957449d8e3d?s=96&d=mm&r=g","caption":"Jens-Aleksander Butter Simonsen"},"url":"https:\/\/hoyre.no\/kafjord\/aktuelt\/author\/m50669605\/"}]}},"distributor_meta":false,"distributor_terms":false,"distributor_media":false,"distributor_original_site_name":"K\u00e5fjord H\u00f8yre","distributor_original_site_url":"https:\/\/hoyre.no\/kafjord","push-errors":false,"_links":{"self":[{"href":"https:\/\/hoyre.no\/kafjord\/wp-json\/wp\/v2\/posts\/92","targetHints":{"allow":["GET"]}}],"collection":[{"href":"https:\/\/hoyre.no\/kafjord\/wp-json\/wp\/v2\/posts"}],"about":[{"href":"https:\/\/hoyre.no\/kafjord\/wp-json\/wp\/v2\/types\/post"}],"author":[{"embeddable":true,"href":"https:\/\/hoyre.no\/kafjord\/wp-json\/wp\/v2\/users\/26507"}],"replies":[{"embeddable":true,"href":"https:\/\/hoyre.no\/kafjord\/wp-json\/wp\/v2\/comments?post=92"}],"version-history":[{"count":2,"href":"https:\/\/hoyre.no\/kafjord\/wp-json\/wp\/v2\/posts\/92\/revisions"}],"predecessor-version":[{"id":96,"href":"https:\/\/hoyre.no\/kafjord\/wp-json\/wp\/v2\/posts\/92\/revisions\/96"}],"wp:attachment":[{"href":"https:\/\/hoyre.no\/kafjord\/wp-json\/wp\/v2\/media?parent=92"}],"wp:term":[{"taxonomy":"category","embeddable":true,"href":"https:\/\/hoyre.no\/kafjord\/wp-json\/wp\/v2\/category?post=92"},{"taxonomy":"post_tag","embeddable":true,"href":"https:\/\/hoyre.no\/kafjord\/wp-json\/wp\/v2\/post_tag?post=92"},{"taxonomy":"hoyre-visibility","embeddable":true,"href":"https:\/\/hoyre.no\/kafjord\/wp-json\/wp\/v2\/hoyre-visibility?post=92"},{"taxonomy":"article-type","embeddable":true,"href":"https:\/\/hoyre.no\/kafjord\/wp-json\/wp\/v2\/article-type?post=92"},{"taxonomy":"politician","embeddable":true,"href":"https:\/\/hoyre.no\/kafjord\/wp-json\/wp\/v2\/politician?post=92"}],"curies":[{"name":"wp","href":"https:\/\/api.w.org\/{rel}","templated":true}]}}