{"id":251,"date":"2023-07-06T10:39:00","date_gmt":"2023-07-06T08:39:00","guid":{"rendered":"https:\/\/hoyre.no\/klepp\/?p=251"},"modified":"2023-07-06T10:55:50","modified_gmt":"2023-07-06T08:55:50","slug":"bli-betre-kjent-med-var-ordforarkandidat","status":"publish","type":"post","link":"https:\/\/hoyre.no\/klepp\/aktuelt\/bli-betre-kjent-med-var-ordforarkandidat\/","title":{"rendered":"Bli betre kjent med v\u00e5r ordf\u00f8rarkandidat!"},"content":{"rendered":"\n<p class=\"preamble\">Ove Horpestad &#8211; gartnar, snart ordf\u00f8rar?<\/p>\t\t\t<div class=\"post-meta wp-block teft-byline-wrapper\">\n\t\t\t\t<div class=\"top\">\n\t\t\t\t\t<div class=\"signature\">\n\t\t\t\t\t\t<div class=\"teft-byline\">\n\t\t\t\t\t\t\t\t\t\t\t\t\t\t<div>\n\t\t\t\t\t\t\t\t<h3>H\u00f8yres redaksjon<\/h3>\t\t\t\t\t\t\t\t\n\t\t\t\t\t\t\t\t\t\t\t\t\t\t\t\t\t<span class=\"date\">Sist oppdatert: 6. juli 2023<\/span>\n\t\t\t\t\t\t\t\t\t\t\t\t\t\t\t\t\t\t\t\t\t\t\t\t\t<span class=\"reading-time\" itemprop=\"timeRequired\" content=\"PT4M\"><em>Ca. 4 minutter lesetid<\/em><\/span>\n\t\t\t\t\t\t\t\t\t\t\t\t\t\t\t<\/div>\n\t\t\t\t\t\t<\/div>\n\t\t\t\t\t<\/div>\n\t\t\t\t\t\t<div class=\"sharing\">\n\t\t<a class=\"share-button share-link copy-link\" data-copy=\"https:\/\/hoyre.no\/klepp\/aktuelt\/bli-betre-kjent-med-var-ordforarkandidat\/\" target=\"_blank\"><span class=\"screen-reader-text\">Del link<\/span><\/a>\n\t\t<a class=\"share-button share-twitter\" href=\"http:\/\/twitter.com\/share?text=Bli betre kjent med v\u00e5r ordf\u00f8rarkandidat!&#038;url=https:\/\/hoyre.no\/klepp\/aktuelt\/bli-betre-kjent-med-var-ordforarkandidat\/&#038;hashtags=Hoyre\" target=\"_blank\"><span class=\"screen-reader-text\">Del p\u00e5 twitter<\/span><\/a>\n\t\t<a class=\"share-button share-facebook\" href=\"https:\/\/www.facebook.com\/sharer\/sharer.php?u=https:\/\/hoyre.no\/klepp\/aktuelt\/bli-betre-kjent-med-var-ordforarkandidat\/\" target=\"_blank\"><span class=\"screen-reader-text\">Del p\u00e5 facebook<\/span><\/a>\n\t<\/div>\n\t\t\t\t\t<\/div>\n\t\t\t<\/div>\n\n\t\t\t<figure class=\"hoyre-image-wrapper\"><div class=\"hoyre-image\"><img loading=\"lazy\" decoding=\"async\" width=\"1890\" height=\"1261\" src=\"https:\/\/hoyre.no\/content\/uploads\/sites\/220\/2023\/07\/Ove-i-veksthuset_DSC8468.jpg\" class=\"attachment-scaled size-scaled\" alt=\"\" style=\"object-position: 50% 50%\" srcset=\"https:\/\/hoyre.no\/content\/uploads\/sites\/220\/2023\/07\/Ove-i-veksthuset_DSC8468.jpg 1890w, https:\/\/hoyre.no\/content\/uploads\/sites\/220\/2023\/07\/Ove-i-veksthuset_DSC8468-300x200.jpg 300w, https:\/\/hoyre.no\/content\/uploads\/sites\/220\/2023\/07\/Ove-i-veksthuset_DSC8468-1024x683.jpg 1024w, https:\/\/hoyre.no\/content\/uploads\/sites\/220\/2023\/07\/Ove-i-veksthuset_DSC8468-768x512.jpg 768w, https:\/\/hoyre.no\/content\/uploads\/sites\/220\/2023\/07\/Ove-i-veksthuset_DSC8468-1536x1025.jpg 1536w\" sizes=\"auto, (max-width: 1890px) 100vw, 1890px\" \/><\/div><\/figure>\n\n\n\n\n<p id=\"block-1713328a-2003-4714-9172-e683fe8e6830\"><strong>Alder:<\/strong> 52 \u00e5r<\/p>\n\n\n\n<p id=\"block-dde25b04-b5b9-461f-8fcb-a79e165d6889\"><strong>Familie:<\/strong> Tvillingbror og to s\u00f8stre. Gift med Helena, barna \u00c5ste (26), Endre (23) og Trude (19)<\/p>\n\n\n\n<p id=\"block-98c70751-4413-460d-86cb-64272270bfe5\"><strong>Bustad:<\/strong>&nbsp;Horpestad<\/p>\n\n\n\n<p id=\"block-3df43f36-31d3-469a-8474-fb39cc78d867\"><strong>Oppvekst:<\/strong> F\u00f8dd og oppvaksen p\u00e5 gard p\u00e5 Horpestad. Dei dyrka gr\u00f8nsaker, og Ove fekk tidleg plikter og muligheter til \u00e5 jobbe p\u00e5 garden. P\u00e5 fritida var fotballen den store interessa, og han var aktiv i fotballen til han flytta heimefr\u00e5 som 18-\u00e5ring. I tillegg spela Ove kornett i Tu skulekorps.<\/p>\n\n\n\n<p id=\"block-b1c52171-48f5-4565-a885-7d275594425a\"><strong>Utdanning:<\/strong> Etter ungdomsskulen 1 \u00e5r \u00abmask &amp; mek\u00bb. Etter det utdanna Ove seg til gartnar ved Gjennestad gartnerskule i Stokke i Vestfold.<\/p>\n\n\n\n<p id=\"block-ac8be17e-6e65-4ec3-98ff-6220321a1f01\"><strong>Yrke:<\/strong> Tok over garden i 1988, etter \u00e5 ha drive samdrift med foreldra i ein periode. Starta med gr\u00f8nsaker og etter kvart blomar i veksthus. Han er dagleg leiar i Horpestad gartneri, som best\u00e5r av 16.000 m2 veksthus. Gartneriet driv hovudsakleg med hortensia.<\/p>\n\n\n\n<figure class=\"wp-block-image\" id=\"block-1da76250-f79c-4b09-b82f-54e46d38e25b\"><img decoding=\"async\" src=\"https:\/\/hoyre.no\/content\/uploads\/sites\/220\/2023\/07\/Ove-i-veksthuset_DSC8458-683x1024.jpg\" alt=\"Dette bildet mangler alt-tekst; dets filnavn er Ove-i-veksthuset_DSC8458-683x1024.jpg\" \/><figcaption>Hortensia er ein staseleg blome. Dei sterke, klare fargane lyser opp heile \u00e5ret.<\/figcaption><\/figure>\n\n\n\n<ul class=\"wp-block-list\" id=\"block-de7fc6f0-dc53-4e67-93e9-db58d12d0916\"><li><em><strong>Du fekk tidleg plikter heime p\u00e5 garden. Korleis var det?<\/strong><\/em> Eg har alltid likt \u00e5 jobbe, og det var ein sj\u00f8lvsagt ting at ungane p\u00e5 gard skulle hjelpe til i arbeidet. For meg var det stor stas \u00e5 f\u00e5 k\u00f8yre traktor, og det meste arbeidet var kjekt.<\/li><li><em><strong>Kvifor bytte fra gr\u00f8nsaker til blomar?<\/strong><\/em> Kona mi Helena er og gartnar, og fra starten hadde vi b\u00e5de gr\u00f8nsaker p\u00e5 friland og blomar i veksthus. Men det blei for travelt, sidan toppsesongen for begge er p\u00e5 same tid. Eit aukande krav om spesialisering gjorde at vi m\u00e5tte ta eit val om kva vi ville satse p\u00e5. Det blei hortensia, ein vakker blome med mange muligheter.<\/li><li><em><strong>Korleis g\u00e5r det \u00e5 jobbe saman som ektepar?<\/strong><\/em> I ein travel kvardag g\u00e5r det i eitt, og vi jobber godt saman. Vi har 10 arbeidsplassar ved gartneriet, og har ein god arbeidsfordeling.&nbsp;<\/li><li><strong><em>Kvifor politikk?<\/em><\/strong> Eg har alltid vore engasjert i idrett og frivillig arbeid. Eg har og vore interessert i politikk, og brukte ein god del tid til \u00e5 setje meg inn i dei ulike partia. Ved valet i 2011 blei eg spurt om \u00e5 vere med p\u00e5 lista til Klepp H\u00f8gre, og sa ja til det. Eg blei valt inn, og sidan har det blitt tre periodar i politikken, seier ordf\u00f8rarkandidaten.<\/li><li><strong><em>Kvifor H\u00f8gre?<\/em><\/strong> Eg synes at H\u00f8gre har den beste n\u00e6ringslivspolitikken. Eg synes og at H\u00f8gre har dei beste l\u00f8ysingane p\u00e5 skule, b\u00e5de for elevar og dei som jobber i skulen, og innan helse og eldreomsorg.<\/li><li><strong><em>Kva gjer deg glad?<\/em><\/strong> For meg er kvardagslykke dei \u00f8yeblikka Helena og eg kan finne tid til \u00e5 setje oss ned med ein kopp kaffi og berre vere til. S\u00e5 er eg glad i \u00e5 vere p\u00e5 tur, og i \u00e5 halde meg i form. Kvar s\u00f8ndag er Helena og eg p\u00e5 l\u00f8petur saman. Minst 10 km, men gjerne meir.<\/li><\/ul>\n\n\n\n<figure class=\"wp-block-image\" id=\"block-e9c677d7-2081-4e3c-bf33-1ffc3e62ca66\"><img decoding=\"async\" src=\"https:\/\/hoyre.no\/content\/uploads\/sites\/220\/2023\/07\/Ove-og-Helena_MAS_1007-1024x678.jpg\" alt=\"Dette bildet mangler alt-tekst; dets filnavn er Ove-og-Helena_MAS_1007-1024x678.jpg\" \/><figcaption>Helena er ikkje like politisk engasjert som Ove, men ho lufter gjerne tankar og meiningar. \u00abEit godt korrektiv\u00bb! meiner Ove.&nbsp;<br>Kva slags ordf\u00f8rar vil Ove bli, viss han blir vald? \u00abOve har eit stort \u00f8nske om \u00e5 bidra i fellesskapet. Eg trur han vil bli ein super ordf\u00f8rar. Han er flink til \u00e5 sj\u00e5 samanhengar, og har ein diplomatisk m\u00e5te \u00e5 vere p\u00e5,\u00bb seier Helena.<\/figcaption><\/figure>\n\n\n\n<ul class=\"wp-block-list\" id=\"block-53f81945-c20d-4c2f-b53b-e5c9eb4c141a\"><li><strong><em>Kva gjer deg sint?<\/em><\/strong> Det skal mykje til for \u00e5 gjere meg sint, men eg blir provosert av lettvint politikk. Og urettferdighet oppr\u00f8rer meg.<\/li><li><strong><em>Kor drar familien p\u00e5 ferie?<\/em><\/strong> Om vinteren er vi glade i \u00e5 vere i sn\u00f8en. Vi har ei campingvogn i Sirdal, og der f\u00e5r alle i familien gjere det dei liker best. Helena og eg vil helst p\u00e5 langrenn, mens den yngre garde vil i bakken! Om sommaren reiser vi gjerne p\u00e5 tur med telt. Kyst og fjell er like flott. Og s\u00e5 blir det gjerne bes\u00f8k til Austlandet, der vi har familie. Men i \u00e5r reiser vi til utlandet; til Algarvekysten i Portugal. Det gler vi oss til!<\/li><li><strong><em>Kva er hjartesakane dine?<\/em><\/strong> Eg har stor tru p\u00e5 samarbeid mellom kommunane for \u00e5 f\u00e5 til gode l\u00f8ysingar. Dette gjeld legevakt, skule, NAV og barnevern. Eg har tru p\u00e5 ein politikk med tydelege f\u00f8ringar i samarbeidet mellom politikarar og administrasjon. Ofte er det viktig \u00e5 sj\u00e5 store samanhengar for \u00e5 f\u00e5 dei beste l\u00f8ysingane.<\/li><\/ul>\n\n\n\n<figure class=\"wp-block-image\" id=\"block-69226b1c-3155-45e2-a6cd-947038aafd13\"><img decoding=\"async\" src=\"https:\/\/hoyre.no\/content\/uploads\/sites\/220\/2023\/07\/Ove-og-Helena_l%E2%94%9C%E2%95%95p-967x1024.jpg\" alt=\"Dette bildet mangler alt-tekst; dets filnavn er Ove-og-Helena_l%E2%94%9C%E2%95%95p-967x1024.jpg\" \/><figcaption>Helena og Ove deltek gjerne p\u00e5 l\u00f8pskonkurransar n\u00e5r dei har tid til det.<\/figcaption><\/figure>\n\n\n<div class=\"tags\">\n\t\t<div class=\"wp-block-tag-cloud\">\n\t\t\t\t\t<a href=\"https:\/\/hoyre.no\/klepp\/aktuelt\/tag\/ove-horpestad\/\" class=\"tag-cloud-link\">Ove Horpestad<\/a>\n\t\t\t<\/div>\n\t<\/div>\n<div class=\"post-footer alignfull has-background block-editor-block-list__block\" data-align=full>\n\t<div class=\"post-footer-inner\">\n\t\t<h3>Relaterte artikler<\/h3>\n\t\t<div class=\"related-content\"><div class=\"is-card-hoyre\">\n\t<div class=\"teft-card hoyre-teft-card post-teft-card\">\n\t\t<a href=\"https:\/\/hoyre.no\/klepp\/aktuelt\/bli-bedre-kjent-med-vare-listekandidater-jone-og-fehmi\/\" class=\"teft-card__primary-action\">\n\n\t\t\t<div class=\"teft-card__media teft-card__media--16-9 no-image\"><\/div>\n\t\t\t<div class=\"teft-card__content-wrapper\">\n\t\t\t\t<div class=\"teft-card__secondary\">\n\t\t\t\t\t\n\t\t\t\t\t\t\t\t<div class=\"teft-card__meta\">\n\t\t\t\t\t\t\t\t\t<span class=\"post-date\">31. aug 2023<\/span>\n\n\t\t\t\t\t\t\t\t\t\t\t\t\t\t\t\t\t<\/div>\n\t\t\t\t\t\t\t\t\t\t\t<\/div>\n\n\t\t\t\t<div class=\"teft-card__primary\">\n\t\t\t\t\t<h2 class=\"teft-card__title\">Bli bedre kjent med v\u00e5re listekandidater Jone og Fehmi&nbsp;<span class=\"teft-card__primary-title-append\"><\/span><\/h2>\t\t\t\t<\/div>\n\t\t\t<\/div>\n\t\t<\/a>\n\t<\/div>\n\n\t<\/div><div class=\"is-card-hoyre\">\n\t<div class=\"teft-card hoyre-teft-card post-teft-card\">\n\t\t<a href=\"https:\/\/hoyre.no\/klepp\/aktuelt\/bli-bedre-kjent-med-vare-listekandidater-jarle-og-fridtjov\/\" class=\"teft-card__primary-action\">\n\n\t\t\t<div class=\"teft-card__media teft-card__media--16-9 no-image\"><\/div>\n\t\t\t<div class=\"teft-card__content-wrapper\">\n\t\t\t\t<div class=\"teft-card__secondary\">\n\t\t\t\t\t\n\t\t\t\t\t\t\t\t<div class=\"teft-card__meta\">\n\t\t\t\t\t\t\t\t\t<span class=\"post-date\">30. aug 2023<\/span>\n\n\t\t\t\t\t\t\t\t\t\t\t\t\t\t\t\t\t<\/div>\n\t\t\t\t\t\t\t\t\t\t\t<\/div>\n\n\t\t\t\t<div class=\"teft-card__primary\">\n\t\t\t\t\t<h2 class=\"teft-card__title\">Bli bedre kjent med v\u00e5re listekandidater Jarle og Fridtjov&nbsp;<span class=\"teft-card__primary-title-append\"><\/span><\/h2>\t\t\t\t<\/div>\n\t\t\t<\/div>\n\t\t<\/a>\n\t<\/div>\n\n\t<\/div><div class=\"is-card-hoyre\">\n\t<div class=\"teft-card hoyre-teft-card post-teft-card\">\n\t\t<a href=\"https:\/\/hoyre.no\/klepp\/aktuelt\/bli-med-kjent-med-vare-listekandidater-morten-og-kjetil\/\" class=\"teft-card__primary-action\">\n\n\t\t\t<div class=\"teft-card__media teft-card__media--16-9 no-image\"><\/div>\n\t\t\t<div class=\"teft-card__content-wrapper\">\n\t\t\t\t<div class=\"teft-card__secondary\">\n\t\t\t\t\t\n\t\t\t\t\t\t\t\t<div class=\"teft-card__meta\">\n\t\t\t\t\t\t\t\t\t<span class=\"post-date\">16. aug 2023<\/span>\n\n\t\t\t\t\t\t\t\t\t<span class=\"post-category\">Ukategorisert<\/span>\t\t\t\t\t\t\t\t<\/div>\n\t\t\t\t\t\t\t\t\t\t\t<\/div>\n\n\t\t\t\t<div class=\"teft-card__primary\">\n\t\t\t\t\t<h2 class=\"teft-card__title\">Bli bedre kjent med v\u00e5re listekandidater Morten og Kjetil&nbsp;<span class=\"teft-card__primary-title-append\"><\/span><\/h2>\t\t\t\t<\/div>\n\t\t\t<\/div>\n\t\t<\/a>\n\t<\/div>\n\n\t<\/div><\/div>\t<\/div>\n<\/div>\n","protected":false},"excerpt":{"rendered":"","protected":false},"author":37700,"featured_media":0,"comment_status":"closed","ping_status":"closed","sticky":false,"template":"","format":"standard","meta":{"teft_cards_image_url":"","teft_cards_custom_pretitle":"","teft_cards_image_id":230,"teft_cards_image_focal_point_x":0.48,"teft_cards_image_focal_point_y":0.33,"teft_cards_title":"","teft_cards_excerpt":"","teft_show_chapters":false,"author_display_name":"","footnotes":""},"category":[1],"post_tag":[7],"hoyre-visibility":[],"article-type":[],"politician":[],"class_list":["post-251","post","type-post","status-publish","format-standard","hentry","category-ukategorisert","tag-ove-horpestad"],"yoast_head":"<!-- This site is optimized with the Yoast SEO plugin v26.6 - https:\/\/yoast.com\/wordpress\/plugins\/seo\/ -->\n<title>Bli betre kjent med v\u00e5r ordf\u00f8rarkandidat! - Klepp H\u00f8yre<\/title>\n<meta name=\"robots\" content=\"index, follow, max-snippet:-1, max-image-preview:large, max-video-preview:-1\" \/>\n<link rel=\"canonical\" href=\"https:\/\/hoyre.no\/klepp\/aktuelt\/bli-betre-kjent-med-var-ordforarkandidat\/\" \/>\n<meta property=\"og:locale\" content=\"nn_NO\" \/>\n<meta property=\"og:type\" content=\"article\" \/>\n<meta property=\"og:title\" content=\"Bli betre kjent med v\u00e5r ordf\u00f8rarkandidat! - Klepp H\u00f8yre\" \/>\n<meta property=\"og:url\" content=\"https:\/\/hoyre.no\/klepp\/aktuelt\/bli-betre-kjent-med-var-ordforarkandidat\/\" \/>\n<meta property=\"og:site_name\" content=\"Klepp H\u00f8yre\" \/>\n<meta property=\"article:published_time\" content=\"2023-07-06T08:39:00+00:00\" \/>\n<meta property=\"article:modified_time\" content=\"2023-07-06T08:55:50+00:00\" \/>\n<meta property=\"og:image\" content=\"https:\/\/hoyre.no\/content\/uploads\/sites\/220\/2023\/07\/Ove-i-veksthuset_DSC8458-683x1024.jpg\" \/>\n<meta name=\"author\" content=\"Veronika Dagestad\" \/>\n<meta name=\"twitter:card\" content=\"summary_large_image\" \/>\n<meta name=\"twitter:label1\" content=\"Written by\" \/>\n\t<meta name=\"twitter:data1\" content=\"Veronika Dagestad\" \/>\n\t<meta name=\"twitter:label2\" content=\"Est. reading time\" \/>\n\t<meta name=\"twitter:data2\" content=\"5 minutt\" \/>\n<script type=\"application\/ld+json\" class=\"yoast-schema-graph\">{\"@context\":\"https:\/\/schema.org\",\"@graph\":[{\"@type\":\"NewsArticle\",\"@id\":\"https:\/\/hoyre.no\/klepp\/aktuelt\/bli-betre-kjent-med-var-ordforarkandidat\/\",\"url\":\"https:\/\/hoyre.no\/klepp\/aktuelt\/bli-betre-kjent-med-var-ordforarkandidat\/\",\"name\":\"Bli betre kjent med v\u00e5r ordf\u00f8rarkandidat! - Klepp H\u00f8yre\",\"isPartOf\":{\"@id\":\"https:\/\/hoyre.no\/klepp\/#website\"},\"image\":{\"@id\":\"https:\/\/hoyre.no\/klepp\/aktuelt\/bli-betre-kjent-med-var-ordforarkandidat\/#primaryimage\"},\"thumbnailUrl\":\"https:\/\/hoyre.no\/content\/uploads\/sites\/220\/2023\/07\/Ove-i-veksthuset_DSC8458-683x1024.jpg\",\"datePublished\":\"2023-07-06T08:39:00+00:00\",\"dateModified\":\"2023-07-06T08:55:50+00:00\",\"author\":{\"@id\":\"https:\/\/hoyre.no\/klepp\/#\/schema\/person\/091b76c994a7672a47b00716a3a6e0f0\"},\"breadcrumb\":{\"@id\":\"https:\/\/hoyre.no\/klepp\/aktuelt\/bli-betre-kjent-med-var-ordforarkandidat\/#breadcrumb\"},\"inLanguage\":\"nn-NO\",\"potentialAction\":[{\"@type\":\"ReadAction\",\"target\":[\"https:\/\/hoyre.no\/klepp\/aktuelt\/bli-betre-kjent-med-var-ordforarkandidat\/\"]}]},{\"@type\":\"ImageObject\",\"inLanguage\":\"nn-NO\",\"@id\":\"https:\/\/hoyre.no\/klepp\/aktuelt\/bli-betre-kjent-med-var-ordforarkandidat\/#primaryimage\",\"url\":\"https:\/\/hoyre.no\/content\/uploads\/sites\/220\/2023\/07\/Ove-i-veksthuset_DSC8458-683x1024.jpg\",\"contentUrl\":\"https:\/\/hoyre.no\/content\/uploads\/sites\/220\/2023\/07\/Ove-i-veksthuset_DSC8458-683x1024.jpg\"},{\"@type\":\"BreadcrumbList\",\"@id\":\"https:\/\/hoyre.no\/klepp\/aktuelt\/bli-betre-kjent-med-var-ordforarkandidat\/#breadcrumb\",\"itemListElement\":[{\"@type\":\"ListItem\",\"position\":1,\"name\":\"Til hoyre.no\",\"item\":\"https:\/\/hoyre.no\"},{\"@type\":\"ListItem\",\"position\":2,\"name\":\"Hjem\",\"item\":\"https:\/\/hoyre.no\/klepp\/\"},{\"@type\":\"ListItem\",\"position\":3,\"name\":\"Bli betre kjent med v\u00e5r ordf\u00f8rarkandidat!\"}]},{\"@type\":\"WebSite\",\"@id\":\"https:\/\/hoyre.no\/klepp\/#website\",\"url\":\"https:\/\/hoyre.no\/klepp\/\",\"name\":\"Klepp H\u00f8yre\",\"description\":\"Bare enda et H\u00f8yres nettsteder-nettsted\",\"inLanguage\":\"nn-NO\"},{\"@type\":\"Person\",\"@id\":\"https:\/\/hoyre.no\/klepp\/#\/schema\/person\/091b76c994a7672a47b00716a3a6e0f0\",\"name\":\"Veronika Dagestad\",\"image\":{\"@type\":\"ImageObject\",\"inLanguage\":\"nn-NO\",\"@id\":\"https:\/\/hoyre.no\/klepp\/#\/schema\/person\/image\/\",\"url\":\"https:\/\/secure.gravatar.com\/avatar\/1db4f4778e583c050abe98d0d93924f2f10b0b88a4a2b99908cda8d754189f86?s=96&d=mm&r=g\",\"contentUrl\":\"https:\/\/secure.gravatar.com\/avatar\/1db4f4778e583c050abe98d0d93924f2f10b0b88a4a2b99908cda8d754189f86?s=96&d=mm&r=g\",\"caption\":\"Veronika Dagestad\"},\"url\":\"https:\/\/hoyre.no\/klepp\/aktuelt\/author\/m52175411\/\"}]}<\/script>\n<!-- \/ Yoast SEO plugin. -->","yoast_head_json":{"title":"Bli betre kjent med v\u00e5r ordf\u00f8rarkandidat! - Klepp H\u00f8yre","robots":{"index":"index","follow":"follow","max-snippet":"max-snippet:-1","max-image-preview":"max-image-preview:large","max-video-preview":"max-video-preview:-1"},"canonical":"https:\/\/hoyre.no\/klepp\/aktuelt\/bli-betre-kjent-med-var-ordforarkandidat\/","og_locale":"nn_NO","og_type":"article","og_title":"Bli betre kjent med v\u00e5r ordf\u00f8rarkandidat! - Klepp H\u00f8yre","og_url":"https:\/\/hoyre.no\/klepp\/aktuelt\/bli-betre-kjent-med-var-ordforarkandidat\/","og_site_name":"Klepp H\u00f8yre","article_published_time":"2023-07-06T08:39:00+00:00","article_modified_time":"2023-07-06T08:55:50+00:00","og_image":[{"url":"https:\/\/hoyre.no\/content\/uploads\/sites\/220\/2023\/07\/Ove-i-veksthuset_DSC8458-683x1024.jpg","type":"","width":"","height":""}],"author":"Veronika Dagestad","twitter_card":"summary_large_image","twitter_misc":{"Written by":"Veronika Dagestad","Est. reading time":"5 minutt"},"schema":{"@context":"https:\/\/schema.org","@graph":[{"@type":"NewsArticle","@id":"https:\/\/hoyre.no\/klepp\/aktuelt\/bli-betre-kjent-med-var-ordforarkandidat\/","url":"https:\/\/hoyre.no\/klepp\/aktuelt\/bli-betre-kjent-med-var-ordforarkandidat\/","name":"Bli betre kjent med v\u00e5r ordf\u00f8rarkandidat! - Klepp H\u00f8yre","isPartOf":{"@id":"https:\/\/hoyre.no\/klepp\/#website"},"image":{"@id":"https:\/\/hoyre.no\/klepp\/aktuelt\/bli-betre-kjent-med-var-ordforarkandidat\/#primaryimage"},"thumbnailUrl":"https:\/\/hoyre.no\/content\/uploads\/sites\/220\/2023\/07\/Ove-i-veksthuset_DSC8458-683x1024.jpg","datePublished":"2023-07-06T08:39:00+00:00","dateModified":"2023-07-06T08:55:50+00:00","author":{"@id":"https:\/\/hoyre.no\/klepp\/#\/schema\/person\/091b76c994a7672a47b00716a3a6e0f0"},"breadcrumb":{"@id":"https:\/\/hoyre.no\/klepp\/aktuelt\/bli-betre-kjent-med-var-ordforarkandidat\/#breadcrumb"},"inLanguage":"nn-NO","potentialAction":[{"@type":"ReadAction","target":["https:\/\/hoyre.no\/klepp\/aktuelt\/bli-betre-kjent-med-var-ordforarkandidat\/"]}]},{"@type":"ImageObject","inLanguage":"nn-NO","@id":"https:\/\/hoyre.no\/klepp\/aktuelt\/bli-betre-kjent-med-var-ordforarkandidat\/#primaryimage","url":"https:\/\/hoyre.no\/content\/uploads\/sites\/220\/2023\/07\/Ove-i-veksthuset_DSC8458-683x1024.jpg","contentUrl":"https:\/\/hoyre.no\/content\/uploads\/sites\/220\/2023\/07\/Ove-i-veksthuset_DSC8458-683x1024.jpg"},{"@type":"BreadcrumbList","@id":"https:\/\/hoyre.no\/klepp\/aktuelt\/bli-betre-kjent-med-var-ordforarkandidat\/#breadcrumb","itemListElement":[{"@type":"ListItem","position":1,"name":"Til hoyre.no","item":"https:\/\/hoyre.no"},{"@type":"ListItem","position":2,"name":"Hjem","item":"https:\/\/hoyre.no\/klepp\/"},{"@type":"ListItem","position":3,"name":"Bli betre kjent med v\u00e5r ordf\u00f8rarkandidat!"}]},{"@type":"WebSite","@id":"https:\/\/hoyre.no\/klepp\/#website","url":"https:\/\/hoyre.no\/klepp\/","name":"Klepp H\u00f8yre","description":"Bare enda et H\u00f8yres nettsteder-nettsted","inLanguage":"nn-NO"},{"@type":"Person","@id":"https:\/\/hoyre.no\/klepp\/#\/schema\/person\/091b76c994a7672a47b00716a3a6e0f0","name":"Veronika Dagestad","image":{"@type":"ImageObject","inLanguage":"nn-NO","@id":"https:\/\/hoyre.no\/klepp\/#\/schema\/person\/image\/","url":"https:\/\/secure.gravatar.com\/avatar\/1db4f4778e583c050abe98d0d93924f2f10b0b88a4a2b99908cda8d754189f86?s=96&d=mm&r=g","contentUrl":"https:\/\/secure.gravatar.com\/avatar\/1db4f4778e583c050abe98d0d93924f2f10b0b88a4a2b99908cda8d754189f86?s=96&d=mm&r=g","caption":"Veronika Dagestad"},"url":"https:\/\/hoyre.no\/klepp\/aktuelt\/author\/m52175411\/"}]}},"distributor_meta":false,"distributor_terms":false,"distributor_media":false,"distributor_original_site_name":"Klepp H\u00f8yre","distributor_original_site_url":"https:\/\/hoyre.no\/klepp","push-errors":false,"_links":{"self":[{"href":"https:\/\/hoyre.no\/klepp\/wp-json\/wp\/v2\/posts\/251","targetHints":{"allow":["GET"]}}],"collection":[{"href":"https:\/\/hoyre.no\/klepp\/wp-json\/wp\/v2\/posts"}],"about":[{"href":"https:\/\/hoyre.no\/klepp\/wp-json\/wp\/v2\/types\/post"}],"author":[{"embeddable":true,"href":"https:\/\/hoyre.no\/klepp\/wp-json\/wp\/v2\/users\/37700"}],"replies":[{"embeddable":true,"href":"https:\/\/hoyre.no\/klepp\/wp-json\/wp\/v2\/comments?post=251"}],"version-history":[{"count":2,"href":"https:\/\/hoyre.no\/klepp\/wp-json\/wp\/v2\/posts\/251\/revisions"}],"predecessor-version":[{"id":253,"href":"https:\/\/hoyre.no\/klepp\/wp-json\/wp\/v2\/posts\/251\/revisions\/253"}],"wp:attachment":[{"href":"https:\/\/hoyre.no\/klepp\/wp-json\/wp\/v2\/media?parent=251"}],"wp:term":[{"taxonomy":"category","embeddable":true,"href":"https:\/\/hoyre.no\/klepp\/wp-json\/wp\/v2\/category?post=251"},{"taxonomy":"post_tag","embeddable":true,"href":"https:\/\/hoyre.no\/klepp\/wp-json\/wp\/v2\/post_tag?post=251"},{"taxonomy":"hoyre-visibility","embeddable":true,"href":"https:\/\/hoyre.no\/klepp\/wp-json\/wp\/v2\/hoyre-visibility?post=251"},{"taxonomy":"article-type","embeddable":true,"href":"https:\/\/hoyre.no\/klepp\/wp-json\/wp\/v2\/article-type?post=251"},{"taxonomy":"politician","embeddable":true,"href":"https:\/\/hoyre.no\/klepp\/wp-json\/wp\/v2\/politician?post=251"}],"curies":[{"name":"wp","href":"https:\/\/api.w.org\/{rel}","templated":true}]}}