{"id":258,"date":"2023-07-17T08:00:00","date_gmt":"2023-07-17T06:00:00","guid":{"rendered":"https:\/\/hoyre.no\/klepp\/?p=258"},"modified":"2023-07-30T22:22:30","modified_gmt":"2023-07-30T20:22:30","slug":"bli-bedre-kjent-med-vare-listekandidater-2","status":"publish","type":"post","link":"https:\/\/hoyre.no\/klepp\/aktuelt\/bli-bedre-kjent-med-vare-listekandidater-2\/","title":{"rendered":"Bli bedre kjent med v\u00e5re listekandidater Lars Arild og Ordin"},"content":{"rendered":"\n\n\n\n<figure class=\"wp-block-image size-large\"><img loading=\"lazy\" decoding=\"async\" width=\"683\" height=\"1024\" src=\"https:\/\/hoyre.no\/content\/uploads\/sites\/220\/2023\/07\/Lars-Arild-Reve_DSC8127_just-683x1024.jpg\" alt=\"\" class=\"wp-image-260\" srcset=\"https:\/\/hoyre.no\/content\/uploads\/sites\/220\/2023\/07\/Lars-Arild-Reve_DSC8127_just-683x1024.jpg 683w, https:\/\/hoyre.no\/content\/uploads\/sites\/220\/2023\/07\/Lars-Arild-Reve_DSC8127_just-200x300.jpg 200w, https:\/\/hoyre.no\/content\/uploads\/sites\/220\/2023\/07\/Lars-Arild-Reve_DSC8127_just-768x1151.jpg 768w, https:\/\/hoyre.no\/content\/uploads\/sites\/220\/2023\/07\/Lars-Arild-Reve_DSC8127_just-1025x1536.jpg 1025w, https:\/\/hoyre.no\/content\/uploads\/sites\/220\/2023\/07\/Lars-Arild-Reve_DSC8127_just-1367x2048.jpg 1367w, https:\/\/hoyre.no\/content\/uploads\/sites\/220\/2023\/07\/Lars-Arild-Reve_DSC8127_just-scaled.jpg 1668w\" sizes=\"auto, (max-width: 683px) 100vw, 683px\" \/><\/figure>\n\n\n\n<p><strong>Lars Arild Reve, f\u00f8dt i 1950.<\/strong><\/p>\n\n\n\n<p><strong>Bor n\u00e5:<\/strong>&nbsp;P\u00e5 Klepp, i Presten Soles veg.<\/p>\n\n\n\n<p><strong>Jobber som:&nbsp;<\/strong>Jeg er pensjonist og st\u00f8ttekontakt.<\/p>\n\n\n\n<p><strong>Hvorfor meldte du deg inn i H\u00f8yre?<\/strong>&nbsp;Fordi H\u00f8yre har den beste politikken.<\/p>\n\n\n\n<p><strong>Hva er dine hjertesaker i valgkampen?<\/strong>&nbsp;Jeg er opptatt av oppvekstsvilk\u00e5r for barn og unge og eldreomsorg.<\/p>\n\n\n\n<p><strong>Hva driver du med utenom politikk og jobb?<\/strong>&nbsp;Jeg strikker, g\u00e5r tur med hunden og bruker tid i losjen p\u00e5 Bryne. <\/p>\n\n\n\n<figure class=\"wp-block-image size-large\"><img loading=\"lazy\" decoding=\"async\" width=\"683\" height=\"1024\" src=\"https:\/\/hoyre.no\/content\/uploads\/sites\/220\/2023\/07\/Ordin-Rosland_DSC8106_just-683x1024.jpg\" alt=\"\" class=\"wp-image-261\" srcset=\"https:\/\/hoyre.no\/content\/uploads\/sites\/220\/2023\/07\/Ordin-Rosland_DSC8106_just-683x1024.jpg 683w, https:\/\/hoyre.no\/content\/uploads\/sites\/220\/2023\/07\/Ordin-Rosland_DSC8106_just-200x300.jpg 200w, https:\/\/hoyre.no\/content\/uploads\/sites\/220\/2023\/07\/Ordin-Rosland_DSC8106_just-768x1151.jpg 768w, https:\/\/hoyre.no\/content\/uploads\/sites\/220\/2023\/07\/Ordin-Rosland_DSC8106_just-1025x1536.jpg 1025w, https:\/\/hoyre.no\/content\/uploads\/sites\/220\/2023\/07\/Ordin-Rosland_DSC8106_just-1367x2048.jpg 1367w, https:\/\/hoyre.no\/content\/uploads\/sites\/220\/2023\/07\/Ordin-Rosland_DSC8106_just-scaled.jpg 1669w\" sizes=\"auto, (max-width: 683px) 100vw, 683px\" \/><\/figure>\n\n\n\n<p><strong>Ordin Rosland, f\u00f8dt i 1970.<\/strong><\/p>\n\n\n\n<p><strong>Vokst opp:<\/strong> P\u00e5 K\u00e5sen.<\/p>\n\n\n\n<p><strong>Bor n\u00e5:<\/strong>&nbsp;P\u00e5 S\u00e6rheim.<\/p>\n\n\n\n<p><strong>Jobber som:&nbsp;<\/strong>Daglig leder.<\/p>\n\n\n\n<p><strong>Hvorfor meldte du deg inn i H\u00f8yre?<\/strong>&nbsp;Politikk som leder fellesskapet av enkeltpersoner med offentlig og private akt\u00f8rer fremover og ikke reversering. \u00d8nsker \u00e5 delta der en vedtar utviklingen i Klepp.<\/p>\n\n\n\n<p><strong>Hva er dine hjertesaker i valgkampen?<\/strong>&nbsp;                                                                             &#8211; God tilrettelegging for n\u00e6ringsliv i Klepp i samarbeid med landbruket.                       &#8211; L\u00f8se utfordringer i lag med nabokommuner n\u00e5r det er hensiktsmessig.<br>&#8211; Tilrettelegge for ungdommen ut i skole\/arbeidslivet.<br>&#8211;&nbsp; Bygge opp tilbud der befolkningen bor.<\/p>\n\n\n\n<p><strong>Hva driver du med utenom politikk og jobb?<\/strong>&nbsp;                                                                    &#8211; Familie, barn og barnebarn.<br>&#8211; Gamle amerikanske kj\u00f8ret\u00f8y.<br>&#8211; Motorsport.<\/p>\n\n\n\n<p><\/p>\n\n\n<div class=\"tags\">\n\t\t<div class=\"wp-block-tag-cloud\">\n\t\t\t\t\t<a href=\"https:\/\/hoyre.no\/klepp\/aktuelt\/tag\/hoyre\/\" class=\"tag-cloud-link\">h\u00f8yre<\/a>\n\t\t\t\t\t<a href=\"https:\/\/hoyre.no\/klepp\/aktuelt\/tag\/klepp\/\" class=\"tag-cloud-link\">klepp<\/a>\n\t\t\t\t\t<a href=\"https:\/\/hoyre.no\/klepp\/aktuelt\/tag\/klepphoyre\/\" class=\"tag-cloud-link\">klepph\u00f8yre<\/a>\n\t\t\t\t\t<a href=\"https:\/\/hoyre.no\/klepp\/aktuelt\/tag\/listekandidat\/\" class=\"tag-cloud-link\">listekandidat<\/a>\n\t\t\t<\/div>\n\t<\/div>\n<div class=\"post-footer alignfull has-background block-editor-block-list__block\" data-align=full>\n\t<div class=\"post-footer-inner\">\n\t\t<h3>Relaterte artikler<\/h3>\n\t\t<div class=\"related-content\"><div class=\"is-card-hoyre\">\n\t<div class=\"teft-card hoyre-teft-card post-teft-card\">\n\t\t<a href=\"https:\/\/hoyre.no\/klepp\/aktuelt\/bli-bedre-kjent-med-vare-listekandidater-jone-og-fehmi\/\" class=\"teft-card__primary-action\">\n\n\t\t\t<div class=\"teft-card__media teft-card__media--16-9 no-image\"><\/div>\n\t\t\t<div class=\"teft-card__content-wrapper\">\n\t\t\t\t<div class=\"teft-card__secondary\">\n\t\t\t\t\t\n\t\t\t\t\t\t\t\t<div class=\"teft-card__meta\">\n\t\t\t\t\t\t\t\t\t<span class=\"post-date\">31. aug 2023<\/span>\n\n\t\t\t\t\t\t\t\t\t\t\t\t\t\t\t\t\t<\/div>\n\t\t\t\t\t\t\t\t\t\t\t<\/div>\n\n\t\t\t\t<div class=\"teft-card__primary\">\n\t\t\t\t\t<h2 class=\"teft-card__title\">Bli bedre kjent med v\u00e5re listekandidater Jone og Fehmi&nbsp;<span class=\"teft-card__primary-title-append\"><\/span><\/h2>\t\t\t\t<\/div>\n\t\t\t<\/div>\n\t\t<\/a>\n\t<\/div>\n\n\t<\/div><div class=\"is-card-hoyre\">\n\t<div class=\"teft-card hoyre-teft-card post-teft-card\">\n\t\t<a href=\"https:\/\/hoyre.no\/klepp\/aktuelt\/bli-bedre-kjent-med-vare-listekandidater-jarle-og-fridtjov\/\" class=\"teft-card__primary-action\">\n\n\t\t\t<div class=\"teft-card__media teft-card__media--16-9 no-image\"><\/div>\n\t\t\t<div class=\"teft-card__content-wrapper\">\n\t\t\t\t<div class=\"teft-card__secondary\">\n\t\t\t\t\t\n\t\t\t\t\t\t\t\t<div class=\"teft-card__meta\">\n\t\t\t\t\t\t\t\t\t<span class=\"post-date\">30. aug 2023<\/span>\n\n\t\t\t\t\t\t\t\t\t\t\t\t\t\t\t\t\t<\/div>\n\t\t\t\t\t\t\t\t\t\t\t<\/div>\n\n\t\t\t\t<div class=\"teft-card__primary\">\n\t\t\t\t\t<h2 class=\"teft-card__title\">Bli bedre kjent med v\u00e5re listekandidater Jarle og Fridtjov&nbsp;<span class=\"teft-card__primary-title-append\"><\/span><\/h2>\t\t\t\t<\/div>\n\t\t\t<\/div>\n\t\t<\/a>\n\t<\/div>\n\n\t<\/div><div class=\"is-card-hoyre\">\n\t<div class=\"teft-card hoyre-teft-card post-teft-card\">\n\t\t<a href=\"https:\/\/hoyre.no\/klepp\/aktuelt\/bli-med-kjent-med-vare-listekandidater-morten-og-kjetil\/\" class=\"teft-card__primary-action\">\n\n\t\t\t<div class=\"teft-card__media teft-card__media--16-9 no-image\"><\/div>\n\t\t\t<div class=\"teft-card__content-wrapper\">\n\t\t\t\t<div class=\"teft-card__secondary\">\n\t\t\t\t\t\n\t\t\t\t\t\t\t\t<div class=\"teft-card__meta\">\n\t\t\t\t\t\t\t\t\t<span class=\"post-date\">16. aug 2023<\/span>\n\n\t\t\t\t\t\t\t\t\t<span class=\"post-category\">Ukategorisert<\/span>\t\t\t\t\t\t\t\t<\/div>\n\t\t\t\t\t\t\t\t\t\t\t<\/div>\n\n\t\t\t\t<div class=\"teft-card__primary\">\n\t\t\t\t\t<h2 class=\"teft-card__title\">Bli bedre kjent med v\u00e5re listekandidater Morten og Kjetil&nbsp;<span class=\"teft-card__primary-title-append\"><\/span><\/h2>\t\t\t\t<\/div>\n\t\t\t<\/div>\n\t\t<\/a>\n\t<\/div>\n\n\t<\/div><\/div>\t<\/div>\n<\/div>\n","protected":false},"excerpt":{"rendered":"","protected":false},"author":37700,"featured_media":0,"comment_status":"closed","ping_status":"closed","sticky":false,"template":"","format":"standard","meta":{"teft_cards_image_url":"","teft_cards_custom_pretitle":"","teft_cards_image_id":96,"teft_cards_image_focal_point_x":0.5,"teft_cards_image_focal_point_y":0.5,"teft_cards_title":"","teft_cards_excerpt":"","teft_show_chapters":false,"author_display_name":"","footnotes":""},"category":[1],"post_tag":[9,8,11,10],"hoyre-visibility":[],"article-type":[],"politician":[],"class_list":["post-258","post","type-post","status-publish","format-standard","hentry","category-ukategorisert","tag-hoyre","tag-klepp","tag-klepphoyre","tag-listekandidat"],"yoast_head":"<!-- This site is optimized with the Yoast SEO plugin v26.6 - https:\/\/yoast.com\/wordpress\/plugins\/seo\/ -->\n<title>Bli bedre kjent med v\u00e5re listekandidater Lars Arild og Ordin - Klepp H\u00f8yre<\/title>\n<meta name=\"robots\" content=\"index, follow, max-snippet:-1, max-image-preview:large, max-video-preview:-1\" \/>\n<link rel=\"canonical\" href=\"https:\/\/hoyre.no\/klepp\/aktuelt\/bli-bedre-kjent-med-vare-listekandidater-2\/\" \/>\n<meta property=\"og:locale\" content=\"nn_NO\" \/>\n<meta property=\"og:type\" content=\"article\" \/>\n<meta property=\"og:title\" content=\"Bli bedre kjent med v\u00e5re listekandidater Lars Arild og Ordin - Klepp H\u00f8yre\" \/>\n<meta property=\"og:url\" content=\"https:\/\/hoyre.no\/klepp\/aktuelt\/bli-bedre-kjent-med-vare-listekandidater-2\/\" \/>\n<meta property=\"og:site_name\" content=\"Klepp H\u00f8yre\" \/>\n<meta property=\"article:published_time\" content=\"2023-07-17T06:00:00+00:00\" \/>\n<meta property=\"article:modified_time\" content=\"2023-07-30T20:22:30+00:00\" \/>\n<meta property=\"og:image\" content=\"https:\/\/hoyre.no\/content\/uploads\/sites\/220\/2023\/07\/Lars-Arild-Reve_DSC8127_just-683x1024.jpg\" \/>\n<meta name=\"author\" content=\"Veronika Dagestad\" \/>\n<meta name=\"twitter:card\" content=\"summary_large_image\" \/>\n<meta name=\"twitter:label1\" content=\"Written by\" \/>\n\t<meta name=\"twitter:data1\" content=\"Veronika Dagestad\" \/>\n\t<meta name=\"twitter:label2\" content=\"Est. reading time\" \/>\n\t<meta name=\"twitter:data2\" content=\"2 minutt\" \/>\n<script type=\"application\/ld+json\" class=\"yoast-schema-graph\">{\"@context\":\"https:\/\/schema.org\",\"@graph\":[{\"@type\":\"NewsArticle\",\"@id\":\"https:\/\/hoyre.no\/klepp\/aktuelt\/bli-bedre-kjent-med-vare-listekandidater-2\/\",\"url\":\"https:\/\/hoyre.no\/klepp\/aktuelt\/bli-bedre-kjent-med-vare-listekandidater-2\/\",\"name\":\"Bli bedre kjent med v\u00e5re listekandidater Lars Arild og Ordin - Klepp H\u00f8yre\",\"isPartOf\":{\"@id\":\"https:\/\/hoyre.no\/klepp\/#website\"},\"image\":{\"@id\":\"https:\/\/hoyre.no\/klepp\/aktuelt\/bli-bedre-kjent-med-vare-listekandidater-2\/#primaryimage\"},\"thumbnailUrl\":\"https:\/\/hoyre.no\/content\/uploads\/sites\/220\/2023\/07\/Lars-Arild-Reve_DSC8127_just-683x1024.jpg\",\"datePublished\":\"2023-07-17T06:00:00+00:00\",\"dateModified\":\"2023-07-30T20:22:30+00:00\",\"author\":{\"@id\":\"https:\/\/hoyre.no\/klepp\/#\/schema\/person\/091b76c994a7672a47b00716a3a6e0f0\"},\"breadcrumb\":{\"@id\":\"https:\/\/hoyre.no\/klepp\/aktuelt\/bli-bedre-kjent-med-vare-listekandidater-2\/#breadcrumb\"},\"inLanguage\":\"nn-NO\",\"potentialAction\":[{\"@type\":\"ReadAction\",\"target\":[\"https:\/\/hoyre.no\/klepp\/aktuelt\/bli-bedre-kjent-med-vare-listekandidater-2\/\"]}]},{\"@type\":\"ImageObject\",\"inLanguage\":\"nn-NO\",\"@id\":\"https:\/\/hoyre.no\/klepp\/aktuelt\/bli-bedre-kjent-med-vare-listekandidater-2\/#primaryimage\",\"url\":\"https:\/\/hoyre.no\/content\/uploads\/sites\/220\/2023\/07\/Lars-Arild-Reve_DSC8127_just-683x1024.jpg\",\"contentUrl\":\"https:\/\/hoyre.no\/content\/uploads\/sites\/220\/2023\/07\/Lars-Arild-Reve_DSC8127_just-683x1024.jpg\"},{\"@type\":\"BreadcrumbList\",\"@id\":\"https:\/\/hoyre.no\/klepp\/aktuelt\/bli-bedre-kjent-med-vare-listekandidater-2\/#breadcrumb\",\"itemListElement\":[{\"@type\":\"ListItem\",\"position\":1,\"name\":\"Til hoyre.no\",\"item\":\"https:\/\/hoyre.no\"},{\"@type\":\"ListItem\",\"position\":2,\"name\":\"Hjem\",\"item\":\"https:\/\/hoyre.no\/klepp\/\"},{\"@type\":\"ListItem\",\"position\":3,\"name\":\"Bli bedre kjent med v\u00e5re listekandidater Lars Arild og Ordin\"}]},{\"@type\":\"WebSite\",\"@id\":\"https:\/\/hoyre.no\/klepp\/#website\",\"url\":\"https:\/\/hoyre.no\/klepp\/\",\"name\":\"Klepp H\u00f8yre\",\"description\":\"Bare enda et H\u00f8yres nettsteder-nettsted\",\"inLanguage\":\"nn-NO\"},{\"@type\":\"Person\",\"@id\":\"https:\/\/hoyre.no\/klepp\/#\/schema\/person\/091b76c994a7672a47b00716a3a6e0f0\",\"name\":\"Veronika Dagestad\",\"image\":{\"@type\":\"ImageObject\",\"inLanguage\":\"nn-NO\",\"@id\":\"https:\/\/hoyre.no\/klepp\/#\/schema\/person\/image\/\",\"url\":\"https:\/\/secure.gravatar.com\/avatar\/1db4f4778e583c050abe98d0d93924f2f10b0b88a4a2b99908cda8d754189f86?s=96&d=mm&r=g\",\"contentUrl\":\"https:\/\/secure.gravatar.com\/avatar\/1db4f4778e583c050abe98d0d93924f2f10b0b88a4a2b99908cda8d754189f86?s=96&d=mm&r=g\",\"caption\":\"Veronika Dagestad\"},\"url\":\"https:\/\/hoyre.no\/klepp\/aktuelt\/author\/m52175411\/\"}]}<\/script>\n<!-- \/ Yoast SEO plugin. -->","yoast_head_json":{"title":"Bli bedre kjent med v\u00e5re listekandidater Lars Arild og Ordin - Klepp H\u00f8yre","robots":{"index":"index","follow":"follow","max-snippet":"max-snippet:-1","max-image-preview":"max-image-preview:large","max-video-preview":"max-video-preview:-1"},"canonical":"https:\/\/hoyre.no\/klepp\/aktuelt\/bli-bedre-kjent-med-vare-listekandidater-2\/","og_locale":"nn_NO","og_type":"article","og_title":"Bli bedre kjent med v\u00e5re listekandidater Lars Arild og Ordin - Klepp H\u00f8yre","og_url":"https:\/\/hoyre.no\/klepp\/aktuelt\/bli-bedre-kjent-med-vare-listekandidater-2\/","og_site_name":"Klepp H\u00f8yre","article_published_time":"2023-07-17T06:00:00+00:00","article_modified_time":"2023-07-30T20:22:30+00:00","og_image":[{"url":"https:\/\/hoyre.no\/content\/uploads\/sites\/220\/2023\/07\/Lars-Arild-Reve_DSC8127_just-683x1024.jpg","type":"","width":"","height":""}],"author":"Veronika Dagestad","twitter_card":"summary_large_image","twitter_misc":{"Written by":"Veronika Dagestad","Est. reading time":"2 minutt"},"schema":{"@context":"https:\/\/schema.org","@graph":[{"@type":"NewsArticle","@id":"https:\/\/hoyre.no\/klepp\/aktuelt\/bli-bedre-kjent-med-vare-listekandidater-2\/","url":"https:\/\/hoyre.no\/klepp\/aktuelt\/bli-bedre-kjent-med-vare-listekandidater-2\/","name":"Bli bedre kjent med v\u00e5re listekandidater Lars Arild og Ordin - Klepp H\u00f8yre","isPartOf":{"@id":"https:\/\/hoyre.no\/klepp\/#website"},"image":{"@id":"https:\/\/hoyre.no\/klepp\/aktuelt\/bli-bedre-kjent-med-vare-listekandidater-2\/#primaryimage"},"thumbnailUrl":"https:\/\/hoyre.no\/content\/uploads\/sites\/220\/2023\/07\/Lars-Arild-Reve_DSC8127_just-683x1024.jpg","datePublished":"2023-07-17T06:00:00+00:00","dateModified":"2023-07-30T20:22:30+00:00","author":{"@id":"https:\/\/hoyre.no\/klepp\/#\/schema\/person\/091b76c994a7672a47b00716a3a6e0f0"},"breadcrumb":{"@id":"https:\/\/hoyre.no\/klepp\/aktuelt\/bli-bedre-kjent-med-vare-listekandidater-2\/#breadcrumb"},"inLanguage":"nn-NO","potentialAction":[{"@type":"ReadAction","target":["https:\/\/hoyre.no\/klepp\/aktuelt\/bli-bedre-kjent-med-vare-listekandidater-2\/"]}]},{"@type":"ImageObject","inLanguage":"nn-NO","@id":"https:\/\/hoyre.no\/klepp\/aktuelt\/bli-bedre-kjent-med-vare-listekandidater-2\/#primaryimage","url":"https:\/\/hoyre.no\/content\/uploads\/sites\/220\/2023\/07\/Lars-Arild-Reve_DSC8127_just-683x1024.jpg","contentUrl":"https:\/\/hoyre.no\/content\/uploads\/sites\/220\/2023\/07\/Lars-Arild-Reve_DSC8127_just-683x1024.jpg"},{"@type":"BreadcrumbList","@id":"https:\/\/hoyre.no\/klepp\/aktuelt\/bli-bedre-kjent-med-vare-listekandidater-2\/#breadcrumb","itemListElement":[{"@type":"ListItem","position":1,"name":"Til hoyre.no","item":"https:\/\/hoyre.no"},{"@type":"ListItem","position":2,"name":"Hjem","item":"https:\/\/hoyre.no\/klepp\/"},{"@type":"ListItem","position":3,"name":"Bli bedre kjent med v\u00e5re listekandidater Lars Arild og Ordin"}]},{"@type":"WebSite","@id":"https:\/\/hoyre.no\/klepp\/#website","url":"https:\/\/hoyre.no\/klepp\/","name":"Klepp H\u00f8yre","description":"Bare enda et H\u00f8yres nettsteder-nettsted","inLanguage":"nn-NO"},{"@type":"Person","@id":"https:\/\/hoyre.no\/klepp\/#\/schema\/person\/091b76c994a7672a47b00716a3a6e0f0","name":"Veronika Dagestad","image":{"@type":"ImageObject","inLanguage":"nn-NO","@id":"https:\/\/hoyre.no\/klepp\/#\/schema\/person\/image\/","url":"https:\/\/secure.gravatar.com\/avatar\/1db4f4778e583c050abe98d0d93924f2f10b0b88a4a2b99908cda8d754189f86?s=96&d=mm&r=g","contentUrl":"https:\/\/secure.gravatar.com\/avatar\/1db4f4778e583c050abe98d0d93924f2f10b0b88a4a2b99908cda8d754189f86?s=96&d=mm&r=g","caption":"Veronika Dagestad"},"url":"https:\/\/hoyre.no\/klepp\/aktuelt\/author\/m52175411\/"}]}},"distributor_meta":false,"distributor_terms":false,"distributor_media":false,"distributor_original_site_name":"Klepp H\u00f8yre","distributor_original_site_url":"https:\/\/hoyre.no\/klepp","push-errors":false,"_links":{"self":[{"href":"https:\/\/hoyre.no\/klepp\/wp-json\/wp\/v2\/posts\/258","targetHints":{"allow":["GET"]}}],"collection":[{"href":"https:\/\/hoyre.no\/klepp\/wp-json\/wp\/v2\/posts"}],"about":[{"href":"https:\/\/hoyre.no\/klepp\/wp-json\/wp\/v2\/types\/post"}],"author":[{"embeddable":true,"href":"https:\/\/hoyre.no\/klepp\/wp-json\/wp\/v2\/users\/37700"}],"replies":[{"embeddable":true,"href":"https:\/\/hoyre.no\/klepp\/wp-json\/wp\/v2\/comments?post=258"}],"version-history":[{"count":3,"href":"https:\/\/hoyre.no\/klepp\/wp-json\/wp\/v2\/posts\/258\/revisions"}],"predecessor-version":[{"id":274,"href":"https:\/\/hoyre.no\/klepp\/wp-json\/wp\/v2\/posts\/258\/revisions\/274"}],"wp:attachment":[{"href":"https:\/\/hoyre.no\/klepp\/wp-json\/wp\/v2\/media?parent=258"}],"wp:term":[{"taxonomy":"category","embeddable":true,"href":"https:\/\/hoyre.no\/klepp\/wp-json\/wp\/v2\/category?post=258"},{"taxonomy":"post_tag","embeddable":true,"href":"https:\/\/hoyre.no\/klepp\/wp-json\/wp\/v2\/post_tag?post=258"},{"taxonomy":"hoyre-visibility","embeddable":true,"href":"https:\/\/hoyre.no\/klepp\/wp-json\/wp\/v2\/hoyre-visibility?post=258"},{"taxonomy":"article-type","embeddable":true,"href":"https:\/\/hoyre.no\/klepp\/wp-json\/wp\/v2\/article-type?post=258"},{"taxonomy":"politician","embeddable":true,"href":"https:\/\/hoyre.no\/klepp\/wp-json\/wp\/v2\/politician?post=258"}],"curies":[{"name":"wp","href":"https:\/\/api.w.org\/{rel}","templated":true}]}}