{"id":280,"date":"2023-08-14T08:00:00","date_gmt":"2023-08-14T06:00:00","guid":{"rendered":"https:\/\/hoyre.no\/klepp\/?p=280"},"modified":"2023-08-10T15:21:07","modified_gmt":"2023-08-10T13:21:07","slug":"bli-bedre-kjent-med-vare-listekandidater-kjetil-og-veronika","status":"publish","type":"post","link":"https:\/\/hoyre.no\/klepp\/aktuelt\/bli-bedre-kjent-med-vare-listekandidater-kjetil-og-veronika\/","title":{"rendered":"Bli bedre kjent med v\u00e5re listekandidater Kjetil og Veronika"},"content":{"rendered":"\n\n\n\n<figure class=\"wp-block-image size-large\"><img loading=\"lazy\" decoding=\"async\" width=\"683\" height=\"1024\" src=\"https:\/\/hoyre.no\/content\/uploads\/sites\/220\/2023\/07\/Kjetil-Friestad_DSC8172_just-683x1024.jpg\" alt=\"\" class=\"wp-image-281\" srcset=\"https:\/\/hoyre.no\/content\/uploads\/sites\/220\/2023\/07\/Kjetil-Friestad_DSC8172_just-683x1024.jpg 683w, https:\/\/hoyre.no\/content\/uploads\/sites\/220\/2023\/07\/Kjetil-Friestad_DSC8172_just-200x300.jpg 200w, https:\/\/hoyre.no\/content\/uploads\/sites\/220\/2023\/07\/Kjetil-Friestad_DSC8172_just-768x1151.jpg 768w, https:\/\/hoyre.no\/content\/uploads\/sites\/220\/2023\/07\/Kjetil-Friestad_DSC8172_just-1025x1536.jpg 1025w, https:\/\/hoyre.no\/content\/uploads\/sites\/220\/2023\/07\/Kjetil-Friestad_DSC8172_just-1367x2048.jpg 1367w, https:\/\/hoyre.no\/content\/uploads\/sites\/220\/2023\/07\/Kjetil-Friestad_DSC8172_just-scaled.jpg 1669w\" sizes=\"auto, (max-width: 683px) 100vw, 683px\" \/><\/figure>\n\n\n\n<p><strong>Kjetil Friestad, f\u00f8dt i 1975.<\/strong><\/p>\n\n\n\n<p><strong>Vokst opp:<\/strong> Verdalen.<\/p>\n\n\n\n<p><strong>Bor n\u00e5:<\/strong>&nbsp;Orstad.<\/p>\n\n\n\n<p><strong>Jobber som:<\/strong>&nbsp;Salgs- og markedssjef i Heidelberg Materials.<\/p>\n\n\n\n<p><strong>Hvorfor meldte du deg inn i H\u00f8yre?<\/strong>&nbsp;Det var \u00f8nsket om \u00e5 v\u00e6re med \u00e5 bidra til en fornuftig utvikling av lokalmilj\u00f8et som fikk meg inn i politikken.<\/p>\n\n\n\n<p><strong>Hva er dine hjertesaker i valgkampen?<\/strong>&nbsp;Ny skolel\u00f8sning p\u00e5 Orstad blir en viktig sak fremover, gjerne i samarbeid med Fr\u00f8yland. P\u00e5 lengre sikt m\u00e5 vi og s\u00f8rge for at det blir en bedre trafikkl\u00f8sning p\u00e5 Orstad enn det som er i dag.<\/p>\n\n\n\n<p><strong>Hva driver du med utenom politikk og jobb?<\/strong>&nbsp;Fiske p\u00e5 Sele er favoritthobbyen, ellers er jeg aktiv i Kverneland Rockeklubb og pr\u00f8ver i tillegg \u00e5 komme meg innom et treningssenter p\u00e5 jevnlig basis.<\/p>\n\n\n\n<figure class=\"wp-block-image size-large\"><img loading=\"lazy\" decoding=\"async\" width=\"683\" height=\"1024\" src=\"https:\/\/hoyre.no\/content\/uploads\/sites\/220\/2023\/07\/DSC7986-683x1024.jpg\" alt=\"\" class=\"wp-image-282\" srcset=\"https:\/\/hoyre.no\/content\/uploads\/sites\/220\/2023\/07\/DSC7986-683x1024.jpg 683w, https:\/\/hoyre.no\/content\/uploads\/sites\/220\/2023\/07\/DSC7986-200x300.jpg 200w, https:\/\/hoyre.no\/content\/uploads\/sites\/220\/2023\/07\/DSC7986-768x1151.jpg 768w, https:\/\/hoyre.no\/content\/uploads\/sites\/220\/2023\/07\/DSC7986-1025x1536.jpg 1025w, https:\/\/hoyre.no\/content\/uploads\/sites\/220\/2023\/07\/DSC7986-1367x2048.jpg 1367w, https:\/\/hoyre.no\/content\/uploads\/sites\/220\/2023\/07\/DSC7986-scaled.jpg 1668w\" sizes=\"auto, (max-width: 683px) 100vw, 683px\" \/><\/figure>\n\n\n\n<p><strong>Veronika Dagestad, f\u00f8dt i 1986.<\/strong><\/p>\n\n\n\n<p><strong>Vokst opp:<\/strong>&nbsp;Klepp.<\/p>\n\n\n\n<p><strong>Bor n\u00e5:<\/strong>&nbsp;Klepp.<\/p>\n\n\n\n<p><strong>Jobber som:<\/strong>&nbsp;R\u00e5dgiver i Stavanger R\u00f8de Kors.<\/p>\n\n\n\n<p><strong>Hvorfor meldte du deg inn i H\u00f8yre?&nbsp;<\/strong>Engasjert i lokalmilj\u00f8et, og et \u00f8kende \u00f8nske om \u00e5 bidra til gode oppvekst- og livsvilk\u00e5r lokalt fikk meg til \u00e5 si ja til \u00e5 bli listekandidat. Jeg mener at H\u00f8yre er det beste styringspartiet, og synes at mye bra har skjedd under H\u00f8yre sitt styre i kommunen. <\/p>\n\n\n\n<p><strong>Hva er dine hjertesaker i valgkampen?<\/strong>&nbsp;Jeg er opptatt av gode oppvekstsvilk\u00e5r for barn og unge. Alle barn har rett til en meningsfull fritid med gode m\u00f8teplasser og aktiviteter. Kommunen m\u00e5 legge til rette for at dette er mulig, blant annet ved \u00e5 bygge flerbrukshall. Tidlig innsats er viktig, og vi trenger gode barnehager og skoler der det er rom for at alle barna blir sett og de som trenger hjelp av ulike grunner f\u00e5r dette tidlig, tilpasset behovet. Jeg vil ha flere sm\u00e5barnsm\u00f8dre inn i politikken, som vil v\u00e6re med \u00e5 forme fremtidens kommune. Klepp skal v\u00e6re en god plass \u00e5 leve hele livet, fra start til slutt.<\/p>\n\n\n\n<p><strong>Hva driver du med utenom politikk og jobb?<\/strong>\u00a0Jeg er med i styret fotballbredde barn- og ungdom i idrettslaget, og i vellaget. Er ogs\u00e5 representant for fem enslige mindre\u00e5rige asyls\u00f8kere. Liker turer b\u00e5de i n\u00e6romr\u00e5det og i fjellet, og pr\u00f8ver \u00e5 f\u00e5 tid til det s\u00e5 ofte som mulig. Glad i \u00e5 reise n\u00e5r muligheten byr seg, og den \u00e5rlige jente- bl\u00e5turen prioriteres h\u00f8yt. Bruker en del tid p\u00e5 b\u00f8ker, podkast og serier, og er blitt bitt av surdeigsbakebasillen, s\u00e5 jeg baker mye br\u00f8d. Er veldig gjerne sosial, da gjerne i godt matlag, der det enten st\u00e5r fransk eller \u00e5pen gourmet p\u00e5 menyen. Ellers g\u00e5r det mye tid med p\u00e5 \u00e5 v\u00e6re sammen med, og f\u00f8lge opp ungene mine p\u00e5 6 og 9 \u00e5r.  <\/p>\n\n\n<div class=\"tags\">\n\t\t<div class=\"wp-block-tag-cloud\">\n\t\t\t\t\t<a href=\"https:\/\/hoyre.no\/klepp\/aktuelt\/tag\/klepphoyre\/\" class=\"tag-cloud-link\">klepph\u00f8yre<\/a>\n\t\t\t\t\t<a href=\"https:\/\/hoyre.no\/klepp\/aktuelt\/tag\/listekandidat\/\" class=\"tag-cloud-link\">listekandidat<\/a>\n\t\t\t<\/div>\n\t<\/div>\n<div class=\"post-footer alignfull has-background block-editor-block-list__block\" data-align=full>\n\t<div class=\"post-footer-inner\">\n\t\t<h3>Relaterte artikler<\/h3>\n\t\t<div class=\"related-content\"><div class=\"is-card-hoyre\">\n\t<div class=\"teft-card hoyre-teft-card post-teft-card\">\n\t\t<a href=\"https:\/\/hoyre.no\/klepp\/aktuelt\/bli-bedre-kjent-med-vare-listekandidater-jone-og-fehmi\/\" class=\"teft-card__primary-action\">\n\n\t\t\t<div class=\"teft-card__media teft-card__media--16-9 no-image\"><\/div>\n\t\t\t<div class=\"teft-card__content-wrapper\">\n\t\t\t\t<div class=\"teft-card__secondary\">\n\t\t\t\t\t\n\t\t\t\t\t\t\t\t<div class=\"teft-card__meta\">\n\t\t\t\t\t\t\t\t\t<span class=\"post-date\">31. aug 2023<\/span>\n\n\t\t\t\t\t\t\t\t\t\t\t\t\t\t\t\t\t<\/div>\n\t\t\t\t\t\t\t\t\t\t\t<\/div>\n\n\t\t\t\t<div class=\"teft-card__primary\">\n\t\t\t\t\t<h2 class=\"teft-card__title\">Bli bedre kjent med v\u00e5re listekandidater Jone og Fehmi&nbsp;<span class=\"teft-card__primary-title-append\"><\/span><\/h2>\t\t\t\t<\/div>\n\t\t\t<\/div>\n\t\t<\/a>\n\t<\/div>\n\n\t<\/div><div class=\"is-card-hoyre\">\n\t<div class=\"teft-card hoyre-teft-card post-teft-card\">\n\t\t<a href=\"https:\/\/hoyre.no\/klepp\/aktuelt\/bli-bedre-kjent-med-vare-listekandidater-jarle-og-fridtjov\/\" class=\"teft-card__primary-action\">\n\n\t\t\t<div class=\"teft-card__media teft-card__media--16-9 no-image\"><\/div>\n\t\t\t<div class=\"teft-card__content-wrapper\">\n\t\t\t\t<div class=\"teft-card__secondary\">\n\t\t\t\t\t\n\t\t\t\t\t\t\t\t<div class=\"teft-card__meta\">\n\t\t\t\t\t\t\t\t\t<span class=\"post-date\">30. aug 2023<\/span>\n\n\t\t\t\t\t\t\t\t\t\t\t\t\t\t\t\t\t<\/div>\n\t\t\t\t\t\t\t\t\t\t\t<\/div>\n\n\t\t\t\t<div class=\"teft-card__primary\">\n\t\t\t\t\t<h2 class=\"teft-card__title\">Bli bedre kjent med v\u00e5re listekandidater Jarle og Fridtjov&nbsp;<span class=\"teft-card__primary-title-append\"><\/span><\/h2>\t\t\t\t<\/div>\n\t\t\t<\/div>\n\t\t<\/a>\n\t<\/div>\n\n\t<\/div><div class=\"is-card-hoyre\">\n\t<div class=\"teft-card hoyre-teft-card post-teft-card\">\n\t\t<a href=\"https:\/\/hoyre.no\/klepp\/aktuelt\/bli-med-kjent-med-vare-listekandidater-morten-og-kjetil\/\" class=\"teft-card__primary-action\">\n\n\t\t\t<div class=\"teft-card__media teft-card__media--16-9 no-image\"><\/div>\n\t\t\t<div class=\"teft-card__content-wrapper\">\n\t\t\t\t<div class=\"teft-card__secondary\">\n\t\t\t\t\t\n\t\t\t\t\t\t\t\t<div class=\"teft-card__meta\">\n\t\t\t\t\t\t\t\t\t<span class=\"post-date\">16. aug 2023<\/span>\n\n\t\t\t\t\t\t\t\t\t<span class=\"post-category\">Ukategorisert<\/span>\t\t\t\t\t\t\t\t<\/div>\n\t\t\t\t\t\t\t\t\t\t\t<\/div>\n\n\t\t\t\t<div class=\"teft-card__primary\">\n\t\t\t\t\t<h2 class=\"teft-card__title\">Bli bedre kjent med v\u00e5re listekandidater Morten og Kjetil&nbsp;<span class=\"teft-card__primary-title-append\"><\/span><\/h2>\t\t\t\t<\/div>\n\t\t\t<\/div>\n\t\t<\/a>\n\t<\/div>\n\n\t<\/div><\/div>\t<\/div>\n<\/div>\n","protected":false},"excerpt":{"rendered":"","protected":false},"author":37700,"featured_media":0,"comment_status":"closed","ping_status":"closed","sticky":false,"template":"","format":"standard","meta":{"teft_cards_image_url":"","teft_cards_custom_pretitle":"","teft_cards_image_id":96,"teft_cards_image_focal_point_x":0.5,"teft_cards_image_focal_point_y":0.5,"teft_cards_title":"","teft_cards_excerpt":"","teft_show_chapters":false,"author_display_name":"","footnotes":""},"category":[1],"post_tag":[11,10],"hoyre-visibility":[],"article-type":[],"politician":[],"class_list":["post-280","post","type-post","status-publish","format-standard","hentry","category-ukategorisert","tag-klepphoyre","tag-listekandidat"],"yoast_head":"<!-- This site is optimized with the Yoast SEO plugin v26.6 - https:\/\/yoast.com\/wordpress\/plugins\/seo\/ -->\n<title>Bli bedre kjent med v\u00e5re listekandidater Kjetil og Veronika - Klepp H\u00f8yre<\/title>\n<meta name=\"robots\" content=\"index, follow, max-snippet:-1, max-image-preview:large, max-video-preview:-1\" \/>\n<link rel=\"canonical\" href=\"https:\/\/hoyre.no\/klepp\/aktuelt\/bli-bedre-kjent-med-vare-listekandidater-kjetil-og-veronika\/\" \/>\n<meta property=\"og:locale\" content=\"nn_NO\" \/>\n<meta property=\"og:type\" content=\"article\" \/>\n<meta property=\"og:title\" content=\"Bli bedre kjent med v\u00e5re listekandidater Kjetil og Veronika - Klepp H\u00f8yre\" \/>\n<meta property=\"og:url\" content=\"https:\/\/hoyre.no\/klepp\/aktuelt\/bli-bedre-kjent-med-vare-listekandidater-kjetil-og-veronika\/\" \/>\n<meta property=\"og:site_name\" content=\"Klepp H\u00f8yre\" \/>\n<meta property=\"article:published_time\" content=\"2023-08-14T06:00:00+00:00\" \/>\n<meta property=\"og:image\" content=\"https:\/\/hoyre.no\/content\/uploads\/sites\/220\/2023\/07\/Kjetil-Friestad_DSC8172_just-683x1024.jpg\" \/>\n<meta name=\"author\" content=\"Veronika Dagestad\" \/>\n<meta name=\"twitter:card\" content=\"summary_large_image\" \/>\n<meta name=\"twitter:label1\" content=\"Written by\" \/>\n\t<meta name=\"twitter:data1\" content=\"Veronika Dagestad\" \/>\n\t<meta name=\"twitter:label2\" content=\"Est. reading time\" \/>\n\t<meta name=\"twitter:data2\" content=\"3 minutt\" \/>\n<script type=\"application\/ld+json\" class=\"yoast-schema-graph\">{\"@context\":\"https:\/\/schema.org\",\"@graph\":[{\"@type\":\"NewsArticle\",\"@id\":\"https:\/\/hoyre.no\/klepp\/aktuelt\/bli-bedre-kjent-med-vare-listekandidater-kjetil-og-veronika\/\",\"url\":\"https:\/\/hoyre.no\/klepp\/aktuelt\/bli-bedre-kjent-med-vare-listekandidater-kjetil-og-veronika\/\",\"name\":\"Bli bedre kjent med v\u00e5re listekandidater Kjetil og Veronika - Klepp H\u00f8yre\",\"isPartOf\":{\"@id\":\"https:\/\/hoyre.no\/klepp\/#website\"},\"image\":{\"@id\":\"https:\/\/hoyre.no\/klepp\/aktuelt\/bli-bedre-kjent-med-vare-listekandidater-kjetil-og-veronika\/#primaryimage\"},\"thumbnailUrl\":\"https:\/\/hoyre.no\/content\/uploads\/sites\/220\/2023\/07\/Kjetil-Friestad_DSC8172_just-683x1024.jpg\",\"datePublished\":\"2023-08-14T06:00:00+00:00\",\"author\":{\"@id\":\"https:\/\/hoyre.no\/klepp\/#\/schema\/person\/091b76c994a7672a47b00716a3a6e0f0\"},\"breadcrumb\":{\"@id\":\"https:\/\/hoyre.no\/klepp\/aktuelt\/bli-bedre-kjent-med-vare-listekandidater-kjetil-og-veronika\/#breadcrumb\"},\"inLanguage\":\"nn-NO\",\"potentialAction\":[{\"@type\":\"ReadAction\",\"target\":[\"https:\/\/hoyre.no\/klepp\/aktuelt\/bli-bedre-kjent-med-vare-listekandidater-kjetil-og-veronika\/\"]}]},{\"@type\":\"ImageObject\",\"inLanguage\":\"nn-NO\",\"@id\":\"https:\/\/hoyre.no\/klepp\/aktuelt\/bli-bedre-kjent-med-vare-listekandidater-kjetil-og-veronika\/#primaryimage\",\"url\":\"https:\/\/hoyre.no\/content\/uploads\/sites\/220\/2023\/07\/Kjetil-Friestad_DSC8172_just-683x1024.jpg\",\"contentUrl\":\"https:\/\/hoyre.no\/content\/uploads\/sites\/220\/2023\/07\/Kjetil-Friestad_DSC8172_just-683x1024.jpg\"},{\"@type\":\"BreadcrumbList\",\"@id\":\"https:\/\/hoyre.no\/klepp\/aktuelt\/bli-bedre-kjent-med-vare-listekandidater-kjetil-og-veronika\/#breadcrumb\",\"itemListElement\":[{\"@type\":\"ListItem\",\"position\":1,\"name\":\"Til hoyre.no\",\"item\":\"https:\/\/hoyre.no\"},{\"@type\":\"ListItem\",\"position\":2,\"name\":\"Hjem\",\"item\":\"https:\/\/hoyre.no\/klepp\/\"},{\"@type\":\"ListItem\",\"position\":3,\"name\":\"Bli bedre kjent med v\u00e5re listekandidater Kjetil og Veronika\"}]},{\"@type\":\"WebSite\",\"@id\":\"https:\/\/hoyre.no\/klepp\/#website\",\"url\":\"https:\/\/hoyre.no\/klepp\/\",\"name\":\"Klepp H\u00f8yre\",\"description\":\"Bare enda et H\u00f8yres nettsteder-nettsted\",\"inLanguage\":\"nn-NO\"},{\"@type\":\"Person\",\"@id\":\"https:\/\/hoyre.no\/klepp\/#\/schema\/person\/091b76c994a7672a47b00716a3a6e0f0\",\"name\":\"Veronika Dagestad\",\"image\":{\"@type\":\"ImageObject\",\"inLanguage\":\"nn-NO\",\"@id\":\"https:\/\/hoyre.no\/klepp\/#\/schema\/person\/image\/\",\"url\":\"https:\/\/secure.gravatar.com\/avatar\/1db4f4778e583c050abe98d0d93924f2f10b0b88a4a2b99908cda8d754189f86?s=96&d=mm&r=g\",\"contentUrl\":\"https:\/\/secure.gravatar.com\/avatar\/1db4f4778e583c050abe98d0d93924f2f10b0b88a4a2b99908cda8d754189f86?s=96&d=mm&r=g\",\"caption\":\"Veronika Dagestad\"},\"url\":\"https:\/\/hoyre.no\/klepp\/aktuelt\/author\/m52175411\/\"}]}<\/script>\n<!-- \/ Yoast SEO plugin. -->","yoast_head_json":{"title":"Bli bedre kjent med v\u00e5re listekandidater Kjetil og Veronika - Klepp H\u00f8yre","robots":{"index":"index","follow":"follow","max-snippet":"max-snippet:-1","max-image-preview":"max-image-preview:large","max-video-preview":"max-video-preview:-1"},"canonical":"https:\/\/hoyre.no\/klepp\/aktuelt\/bli-bedre-kjent-med-vare-listekandidater-kjetil-og-veronika\/","og_locale":"nn_NO","og_type":"article","og_title":"Bli bedre kjent med v\u00e5re listekandidater Kjetil og Veronika - Klepp H\u00f8yre","og_url":"https:\/\/hoyre.no\/klepp\/aktuelt\/bli-bedre-kjent-med-vare-listekandidater-kjetil-og-veronika\/","og_site_name":"Klepp H\u00f8yre","article_published_time":"2023-08-14T06:00:00+00:00","og_image":[{"url":"https:\/\/hoyre.no\/content\/uploads\/sites\/220\/2023\/07\/Kjetil-Friestad_DSC8172_just-683x1024.jpg","type":"","width":"","height":""}],"author":"Veronika Dagestad","twitter_card":"summary_large_image","twitter_misc":{"Written by":"Veronika Dagestad","Est. reading time":"3 minutt"},"schema":{"@context":"https:\/\/schema.org","@graph":[{"@type":"NewsArticle","@id":"https:\/\/hoyre.no\/klepp\/aktuelt\/bli-bedre-kjent-med-vare-listekandidater-kjetil-og-veronika\/","url":"https:\/\/hoyre.no\/klepp\/aktuelt\/bli-bedre-kjent-med-vare-listekandidater-kjetil-og-veronika\/","name":"Bli bedre kjent med v\u00e5re listekandidater Kjetil og Veronika - Klepp H\u00f8yre","isPartOf":{"@id":"https:\/\/hoyre.no\/klepp\/#website"},"image":{"@id":"https:\/\/hoyre.no\/klepp\/aktuelt\/bli-bedre-kjent-med-vare-listekandidater-kjetil-og-veronika\/#primaryimage"},"thumbnailUrl":"https:\/\/hoyre.no\/content\/uploads\/sites\/220\/2023\/07\/Kjetil-Friestad_DSC8172_just-683x1024.jpg","datePublished":"2023-08-14T06:00:00+00:00","author":{"@id":"https:\/\/hoyre.no\/klepp\/#\/schema\/person\/091b76c994a7672a47b00716a3a6e0f0"},"breadcrumb":{"@id":"https:\/\/hoyre.no\/klepp\/aktuelt\/bli-bedre-kjent-med-vare-listekandidater-kjetil-og-veronika\/#breadcrumb"},"inLanguage":"nn-NO","potentialAction":[{"@type":"ReadAction","target":["https:\/\/hoyre.no\/klepp\/aktuelt\/bli-bedre-kjent-med-vare-listekandidater-kjetil-og-veronika\/"]}]},{"@type":"ImageObject","inLanguage":"nn-NO","@id":"https:\/\/hoyre.no\/klepp\/aktuelt\/bli-bedre-kjent-med-vare-listekandidater-kjetil-og-veronika\/#primaryimage","url":"https:\/\/hoyre.no\/content\/uploads\/sites\/220\/2023\/07\/Kjetil-Friestad_DSC8172_just-683x1024.jpg","contentUrl":"https:\/\/hoyre.no\/content\/uploads\/sites\/220\/2023\/07\/Kjetil-Friestad_DSC8172_just-683x1024.jpg"},{"@type":"BreadcrumbList","@id":"https:\/\/hoyre.no\/klepp\/aktuelt\/bli-bedre-kjent-med-vare-listekandidater-kjetil-og-veronika\/#breadcrumb","itemListElement":[{"@type":"ListItem","position":1,"name":"Til hoyre.no","item":"https:\/\/hoyre.no"},{"@type":"ListItem","position":2,"name":"Hjem","item":"https:\/\/hoyre.no\/klepp\/"},{"@type":"ListItem","position":3,"name":"Bli bedre kjent med v\u00e5re listekandidater Kjetil og Veronika"}]},{"@type":"WebSite","@id":"https:\/\/hoyre.no\/klepp\/#website","url":"https:\/\/hoyre.no\/klepp\/","name":"Klepp H\u00f8yre","description":"Bare enda et H\u00f8yres nettsteder-nettsted","inLanguage":"nn-NO"},{"@type":"Person","@id":"https:\/\/hoyre.no\/klepp\/#\/schema\/person\/091b76c994a7672a47b00716a3a6e0f0","name":"Veronika Dagestad","image":{"@type":"ImageObject","inLanguage":"nn-NO","@id":"https:\/\/hoyre.no\/klepp\/#\/schema\/person\/image\/","url":"https:\/\/secure.gravatar.com\/avatar\/1db4f4778e583c050abe98d0d93924f2f10b0b88a4a2b99908cda8d754189f86?s=96&d=mm&r=g","contentUrl":"https:\/\/secure.gravatar.com\/avatar\/1db4f4778e583c050abe98d0d93924f2f10b0b88a4a2b99908cda8d754189f86?s=96&d=mm&r=g","caption":"Veronika Dagestad"},"url":"https:\/\/hoyre.no\/klepp\/aktuelt\/author\/m52175411\/"}]}},"distributor_meta":false,"distributor_terms":false,"distributor_media":false,"distributor_original_site_name":"Klepp H\u00f8yre","distributor_original_site_url":"https:\/\/hoyre.no\/klepp","push-errors":false,"_links":{"self":[{"href":"https:\/\/hoyre.no\/klepp\/wp-json\/wp\/v2\/posts\/280","targetHints":{"allow":["GET"]}}],"collection":[{"href":"https:\/\/hoyre.no\/klepp\/wp-json\/wp\/v2\/posts"}],"about":[{"href":"https:\/\/hoyre.no\/klepp\/wp-json\/wp\/v2\/types\/post"}],"author":[{"embeddable":true,"href":"https:\/\/hoyre.no\/klepp\/wp-json\/wp\/v2\/users\/37700"}],"replies":[{"embeddable":true,"href":"https:\/\/hoyre.no\/klepp\/wp-json\/wp\/v2\/comments?post=280"}],"version-history":[{"count":5,"href":"https:\/\/hoyre.no\/klepp\/wp-json\/wp\/v2\/posts\/280\/revisions"}],"predecessor-version":[{"id":302,"href":"https:\/\/hoyre.no\/klepp\/wp-json\/wp\/v2\/posts\/280\/revisions\/302"}],"wp:attachment":[{"href":"https:\/\/hoyre.no\/klepp\/wp-json\/wp\/v2\/media?parent=280"}],"wp:term":[{"taxonomy":"category","embeddable":true,"href":"https:\/\/hoyre.no\/klepp\/wp-json\/wp\/v2\/category?post=280"},{"taxonomy":"post_tag","embeddable":true,"href":"https:\/\/hoyre.no\/klepp\/wp-json\/wp\/v2\/post_tag?post=280"},{"taxonomy":"hoyre-visibility","embeddable":true,"href":"https:\/\/hoyre.no\/klepp\/wp-json\/wp\/v2\/hoyre-visibility?post=280"},{"taxonomy":"article-type","embeddable":true,"href":"https:\/\/hoyre.no\/klepp\/wp-json\/wp\/v2\/article-type?post=280"},{"taxonomy":"politician","embeddable":true,"href":"https:\/\/hoyre.no\/klepp\/wp-json\/wp\/v2\/politician?post=280"}],"curies":[{"name":"wp","href":"https:\/\/api.w.org\/{rel}","templated":true}]}}