{"id":306,"date":"2023-08-16T08:00:00","date_gmt":"2023-08-16T06:00:00","guid":{"rendered":"https:\/\/hoyre.no\/klepp\/?p=306"},"modified":"2023-08-20T10:01:18","modified_gmt":"2023-08-20T08:01:18","slug":"bli-med-kjent-med-vare-listekandidater-morten-og-kjetil","status":"publish","type":"post","link":"https:\/\/hoyre.no\/klepp\/aktuelt\/bli-med-kjent-med-vare-listekandidater-morten-og-kjetil\/","title":{"rendered":"Bli bedre kjent med v\u00e5re listekandidater Morten og Kjetil"},"content":{"rendered":"\n\n\n\n<figure class=\"wp-block-image size-large\"><img loading=\"lazy\" decoding=\"async\" width=\"683\" height=\"1024\" src=\"https:\/\/hoyre.no\/content\/uploads\/sites\/220\/2023\/08\/Morten-Erga_DSC8158_just-683x1024.jpg\" alt=\"\" class=\"wp-image-307\" srcset=\"https:\/\/hoyre.no\/content\/uploads\/sites\/220\/2023\/08\/Morten-Erga_DSC8158_just-683x1024.jpg 683w, https:\/\/hoyre.no\/content\/uploads\/sites\/220\/2023\/08\/Morten-Erga_DSC8158_just-200x300.jpg 200w, https:\/\/hoyre.no\/content\/uploads\/sites\/220\/2023\/08\/Morten-Erga_DSC8158_just-768x1151.jpg 768w, https:\/\/hoyre.no\/content\/uploads\/sites\/220\/2023\/08\/Morten-Erga_DSC8158_just-1025x1536.jpg 1025w, https:\/\/hoyre.no\/content\/uploads\/sites\/220\/2023\/08\/Morten-Erga_DSC8158_just-1367x2048.jpg 1367w, https:\/\/hoyre.no\/content\/uploads\/sites\/220\/2023\/08\/Morten-Erga_DSC8158_just-scaled.jpg 1668w\" sizes=\"auto, (max-width: 683px) 100vw, 683px\" \/><\/figure>\n\n\n\n<p><strong>Morten Erga, f\u00f8dt 1970.<\/strong><\/p>\n\n\n\n<p><strong>Vokst opp:<\/strong>&nbsp;Kleppe.<\/p>\n\n\n\n<p><strong>Bor n\u00e5:<\/strong>&nbsp;Kleppe.<\/p>\n\n\n\n<p><strong>Jobber som:<\/strong>&nbsp;R\u00e5dgiver personmarked i Sparebanken Vest.<\/p>\n\n\n\n<p><strong>Hvorfor meldte du deg inn i H\u00f8yre?<\/strong>&nbsp;N\u00e6rmest egne politiske meninger.<\/p>\n\n\n\n<p><strong>Hva er dine hjertesaker i valgkampen?<\/strong>&nbsp;Kommunesammensl\u00e5ing Klepp og Time, H\u00e5 kommer senere om de vil. Dette vil gi bedre tjenester og \u00f8ke v\u00e5r konkurransekraft. Omkj\u00f8ringsvei godt utenom K\u00e5sen og Bryne for eksempel, strekket fra Braut til rundkj\u00f8ring Ree ved tidligere Br\u00f8ytfabrikken. Dette vil l\u00f8se dagens flaskehals og gi en langsiktig god l\u00f8sning.<\/p>\n\n\n\n<p><strong>Hva driver du med utenom politikk og jobb?<\/strong>&nbsp;Samfunnsengasjert familiefar med kone og tre ten\u00e5ringsbarn, hus og heim, venner, g\u00e5turer i n\u00e6romr\u00e5det, sykler til jobb, sportsinteressert og f\u00f8lger aktivt med i nyhetsbildet og samfunnsdebatten via aviser, tv, internett og podkaster over en god kopp kaffe.<\/p>\n\n\n\n<figure class=\"wp-block-image size-large\"><img loading=\"lazy\" decoding=\"async\" width=\"683\" height=\"1024\" src=\"https:\/\/hoyre.no\/content\/uploads\/sites\/220\/2023\/08\/Kjetil-Myklebust_DSC8113_just-683x1024.jpg\" alt=\"\" class=\"wp-image-308\" srcset=\"https:\/\/hoyre.no\/content\/uploads\/sites\/220\/2023\/08\/Kjetil-Myklebust_DSC8113_just-683x1024.jpg 683w, https:\/\/hoyre.no\/content\/uploads\/sites\/220\/2023\/08\/Kjetil-Myklebust_DSC8113_just-200x300.jpg 200w, https:\/\/hoyre.no\/content\/uploads\/sites\/220\/2023\/08\/Kjetil-Myklebust_DSC8113_just-768x1151.jpg 768w, https:\/\/hoyre.no\/content\/uploads\/sites\/220\/2023\/08\/Kjetil-Myklebust_DSC8113_just-1025x1536.jpg 1025w, https:\/\/hoyre.no\/content\/uploads\/sites\/220\/2023\/08\/Kjetil-Myklebust_DSC8113_just-1367x2048.jpg 1367w, https:\/\/hoyre.no\/content\/uploads\/sites\/220\/2023\/08\/Kjetil-Myklebust_DSC8113_just-scaled.jpg 1668w\" sizes=\"auto, (max-width: 683px) 100vw, 683px\" \/><\/figure>\n\n\n\n<p><strong>Kjetil Myklebust, f\u00f8dt 1971.<\/strong><\/p>\n\n\n\n<p><strong>Vokst opp:<\/strong>&nbsp;P\u00e5 et sm\u00e5bruk p\u00e5 St\u00e5rheim i Eid kommune (n\u00e5 Stad) i Sogn og Fjordane (n\u00e5 Vestland).<\/p>\n\n\n\n<p><strong>Bor n\u00e5:<\/strong>&nbsp;Klepp sentrum.<\/p>\n\n\n\n<p><strong>Jobber som:<\/strong>\u00a0L\u00e6rer ved Klepp ungdomsskole. Var assisterende rektor fra 2014-2020, og har ogs\u00e5 jobbet p\u00e5 Bore skole som l\u00e6rer.<\/p>\n\n\n\n<p><strong>Hvorfor meldte du deg inn i H\u00f8yre?<\/strong>&nbsp;Jeg var med i Unge H\u00f8yre i Sogn og Fjordane n\u00e5r jeg var rundt 20 \u00e5r. Det ble H\u00f8yre fordi jeg mener det er viktig \u00e5 styrke de st\u00f8rste partiene som ligger rundt sentrum av politikken. H\u00f8yre vil endre og bevare. Vi skal ta vare p\u00e5 det beste fra fortiden, men samtidig m\u00e5 samfunnet endres i takt med en endret verden. H\u00f8yre er partiet som balanserer respekt for enkeltindivid og privat initiativ med en ansvarlig velferdsstat. Vi m\u00e5 holde p\u00e5 gode velferdsordninger, men samtidig forst\u00e5 at en trenger et sterkt privat n\u00e6ringsliv. Klepp skal ha tillit blant private akt\u00f8rer. H\u00f8yre st\u00e5r ogs\u00e5 for en fast linje i utenrikspolitikken, med NATO og et godt forhold til EU.<\/p>\n\n\n\n<p><strong>Hva er dine hjertesaker i valgkampen?<\/strong>&nbsp;Klepp skal ha trygge oppvekstmilj\u00f8. Barnehager og skoler er de viktigste fellesarenaene i Norge og i kommunen. En m\u00e5 derfor verdsette og styrke denne rollen ved \u00e5 styrke skolene, og ikke minst skolene sin rolle som samfunnsbyggere. Kommunen m\u00e5 ogs\u00e5 skape godt samarbeid med andre akt\u00f8rer innen offentlig sektor og ikke minst politiet. Samt godt samarbeid med frivillig sektor. Her er det rom for at Klepp kommune kan ta et st\u00f8rre lederskap for \u00e5 f\u00e5 til dette. <\/p>\n\n\n\n<p>Integrering: Klepp har mange innvandrere, b\u00e5de flyktninger og arbeidsinnvandrere. Det er helt avgj\u00f8rende at disse blir integrert, at barna og foreldrene blir involvert i idrett og andre fritidsaktiviteter. Her kan skolene spille en viktig rolle. Kommunen m\u00e5 ogs\u00e5 se og verdsette det religi\u00f8se mangfoldet i denne gruppa, og forst\u00e5 og legge til rette for at disse f\u00e5r m\u00f8teplasser i kommunen.<\/p>\n\n\n\n<p>Vi m\u00e5 samarbeide mer med andre kommuner, spesielt Time. Det er allerede mange gode samarbeidspunkt p\u00e5 plass, men her er det mye som kan gj\u00f8res. Det kan v\u00e6re mer samarbeid om kommunale tjenester, f.eks. PPT, og samarbeid om arealbruk for n\u00e6ringsvirksomhet eller bostedsform\u00e5l.<\/p>\n\n\n\n<p>Frivillig sektor: Et godt lokalsamfunn er avhengig av et mangfold av lag og organisasjoner. Frivillig arbeid m\u00e5 verdsettes og heies frem. Det er viktig at kommunen tar en aktiv rolle i \u00e5 skape god dialog mellom kommunen og alle frivillige akt\u00f8rer.<\/p>\n\n\n\n<p><strong>Hva driver du med utenom politikk og jobb?<\/strong> Familien er viktig, b\u00e5de kjernefamilien og storfamilien. Jeg er heldig som har svigerforeldre i Verdalen som er aktive og gj\u00f8r mye for oss og barnebarna. Jeg liker idrett, og jeg l\u00f8per, sykler og g\u00e5r p\u00e5 ski. Har barn i h\u00e5ndball og fotball i Klepp IL, og har v\u00e6rt medtrener der. Siden vi flyttet til Klepp fra Bergen i 2013 har vi v\u00e6rt med i milj\u00f8et rundt Kleppe bedehus, der jeg mellom annet har v\u00e6rt s\u00f8ndagsskolel\u00e6rer. Dette er et aktivt og mangfoldig milj\u00f8 som betyr mye for barn og ungdom i Klepp, men ogs\u00e5 for mange innvandrere. S\u00e5 liker jeg \u00e5 lese og skrive. Har blant annet skrevet en roman for barn om historien rundt Knickebein- senderen p\u00e5 Haugabakka fra andre verdenskrig, som jeg h\u00e5per \u00e5 f\u00e5 utgitt.  <\/p>\n\n\n<div class=\"tags\">\n\t<\/div>\n<div class=\"post-footer alignfull has-background block-editor-block-list__block\" data-align=full>\n\t<div class=\"post-footer-inner\">\n\t\t<h3>Relaterte artikler<\/h3>\n\t\t<div class=\"related-content\"><div class=\"is-card-hoyre\">\n\t<div class=\"teft-card hoyre-teft-card post-teft-card\">\n\t\t<a href=\"https:\/\/hoyre.no\/klepp\/aktuelt\/bli-bedre-kjent-med-vare-listekandidater-jone-og-fehmi\/\" class=\"teft-card__primary-action\">\n\n\t\t\t<div class=\"teft-card__media teft-card__media--16-9 no-image\"><\/div>\n\t\t\t<div class=\"teft-card__content-wrapper\">\n\t\t\t\t<div class=\"teft-card__secondary\">\n\t\t\t\t\t\n\t\t\t\t\t\t\t\t<div class=\"teft-card__meta\">\n\t\t\t\t\t\t\t\t\t<span class=\"post-date\">31. aug 2023<\/span>\n\n\t\t\t\t\t\t\t\t\t\t\t\t\t\t\t\t\t<\/div>\n\t\t\t\t\t\t\t\t\t\t\t<\/div>\n\n\t\t\t\t<div class=\"teft-card__primary\">\n\t\t\t\t\t<h2 class=\"teft-card__title\">Bli bedre kjent med v\u00e5re listekandidater Jone og Fehmi&nbsp;<span class=\"teft-card__primary-title-append\"><\/span><\/h2>\t\t\t\t<\/div>\n\t\t\t<\/div>\n\t\t<\/a>\n\t<\/div>\n\n\t<\/div><div class=\"is-card-hoyre\">\n\t<div class=\"teft-card hoyre-teft-card post-teft-card\">\n\t\t<a href=\"https:\/\/hoyre.no\/klepp\/aktuelt\/bli-bedre-kjent-med-vare-listekandidater-jarle-og-fridtjov\/\" class=\"teft-card__primary-action\">\n\n\t\t\t<div class=\"teft-card__media teft-card__media--16-9 no-image\"><\/div>\n\t\t\t<div class=\"teft-card__content-wrapper\">\n\t\t\t\t<div class=\"teft-card__secondary\">\n\t\t\t\t\t\n\t\t\t\t\t\t\t\t<div class=\"teft-card__meta\">\n\t\t\t\t\t\t\t\t\t<span class=\"post-date\">30. aug 2023<\/span>\n\n\t\t\t\t\t\t\t\t\t\t\t\t\t\t\t\t\t<\/div>\n\t\t\t\t\t\t\t\t\t\t\t<\/div>\n\n\t\t\t\t<div class=\"teft-card__primary\">\n\t\t\t\t\t<h2 class=\"teft-card__title\">Bli bedre kjent med v\u00e5re listekandidater Jarle og Fridtjov&nbsp;<span class=\"teft-card__primary-title-append\"><\/span><\/h2>\t\t\t\t<\/div>\n\t\t\t<\/div>\n\t\t<\/a>\n\t<\/div>\n\n\t<\/div><div class=\"is-card-hoyre\">\n\t<div class=\"teft-card hoyre-teft-card post-teft-card\">\n\t\t<a href=\"https:\/\/hoyre.no\/klepp\/aktuelt\/bli-bedre-kjent-med-vare-listekandidater-kjetil-og-veronika\/\" class=\"teft-card__primary-action\">\n\n\t\t\t\t\t<div class=\"teft-card__media teft-card__media--16-9\">\n\t\t\t\t\t\t<img loading=\"lazy\" decoding=\"async\" width=\"768\" height=\"768\" src=\"https:\/\/hoyre.no\/content\/uploads\/sites\/220\/2022\/11\/Hoyres-logo-768x768.png\" class=\"attachment-medium_large size-medium_large\" alt=\"\" srcset=\"https:\/\/hoyre.no\/content\/uploads\/sites\/220\/2022\/11\/Hoyres-logo-768x768.png 768w, https:\/\/hoyre.no\/content\/uploads\/sites\/220\/2022\/11\/Hoyres-logo-300x300.png 300w, https:\/\/hoyre.no\/content\/uploads\/sites\/220\/2022\/11\/Hoyres-logo-150x150.png 150w, https:\/\/hoyre.no\/content\/uploads\/sites\/220\/2022\/11\/Hoyres-logo.png 1000w\" sizes=\"auto, (max-width: 768px) 100vw, 768px\" \/>\t\t<\/div>\n\t\t\n\t\t\t<div class=\"teft-card__content-wrapper\">\n\t\t\t\t<div class=\"teft-card__secondary\">\n\t\t\t\t\t\n\t\t\t\t\t\t\t\t<div class=\"teft-card__meta\">\n\t\t\t\t\t\t\t\t\t<span class=\"post-date\">14. aug 2023<\/span>\n\n\t\t\t\t\t\t\t\t\t<span class=\"post-category\">Ukategorisert<\/span>\t\t\t\t\t\t\t\t<\/div>\n\t\t\t\t\t\t\t\t\t\t\t<\/div>\n\n\t\t\t\t<div class=\"teft-card__primary\">\n\t\t\t\t\t<h2 class=\"teft-card__title\">Bli bedre kjent med v\u00e5re listekandidater Kjetil og Veronika&nbsp;<span class=\"teft-card__primary-title-append\"><\/span><\/h2>\t\t\t\t<\/div>\n\t\t\t<\/div>\n\t\t<\/a>\n\t<\/div>\n\n\t<\/div><\/div>\t<\/div>\n<\/div>\n","protected":false},"excerpt":{"rendered":"","protected":false},"author":37700,"featured_media":0,"comment_status":"closed","ping_status":"closed","sticky":false,"template":"","format":"standard","meta":{"teft_cards_image_url":"","teft_cards_custom_pretitle":"","teft_cards_image_id":0,"teft_cards_image_focal_point_x":0,"teft_cards_image_focal_point_y":0,"teft_cards_title":"","teft_cards_excerpt":"","teft_show_chapters":false,"author_display_name":"","footnotes":""},"category":[1],"post_tag":[],"hoyre-visibility":[],"article-type":[],"politician":[],"class_list":["post-306","post","type-post","status-publish","format-standard","hentry","category-ukategorisert"],"yoast_head":"<!-- This site is optimized with the Yoast SEO plugin v26.6 - https:\/\/yoast.com\/wordpress\/plugins\/seo\/ -->\n<title>Bli bedre kjent med v\u00e5re listekandidater Morten og Kjetil - Klepp H\u00f8yre<\/title>\n<meta name=\"robots\" content=\"index, follow, max-snippet:-1, max-image-preview:large, max-video-preview:-1\" \/>\n<link rel=\"canonical\" href=\"https:\/\/hoyre.no\/klepp\/aktuelt\/bli-med-kjent-med-vare-listekandidater-morten-og-kjetil\/\" \/>\n<meta property=\"og:locale\" content=\"nn_NO\" \/>\n<meta property=\"og:type\" content=\"article\" \/>\n<meta property=\"og:title\" content=\"Bli bedre kjent med v\u00e5re listekandidater Morten og Kjetil - Klepp H\u00f8yre\" \/>\n<meta property=\"og:url\" content=\"https:\/\/hoyre.no\/klepp\/aktuelt\/bli-med-kjent-med-vare-listekandidater-morten-og-kjetil\/\" \/>\n<meta property=\"og:site_name\" content=\"Klepp H\u00f8yre\" \/>\n<meta property=\"article:published_time\" content=\"2023-08-16T06:00:00+00:00\" \/>\n<meta property=\"article:modified_time\" content=\"2023-08-20T08:01:18+00:00\" \/>\n<meta property=\"og:image\" content=\"https:\/\/hoyre.no\/content\/uploads\/sites\/220\/2022\/11\/Hoyres-logo.png\" \/>\n<meta name=\"author\" content=\"Veronika Dagestad\" \/>\n<meta name=\"twitter:card\" content=\"summary_large_image\" \/>\n<meta name=\"twitter:label1\" content=\"Written by\" \/>\n\t<meta name=\"twitter:data1\" content=\"Veronika Dagestad\" \/>\n\t<meta name=\"twitter:label2\" content=\"Est. reading time\" \/>\n\t<meta name=\"twitter:data2\" content=\"4 minutt\" \/>\n<script type=\"application\/ld+json\" class=\"yoast-schema-graph\">{\"@context\":\"https:\/\/schema.org\",\"@graph\":[{\"@type\":\"NewsArticle\",\"@id\":\"https:\/\/hoyre.no\/klepp\/aktuelt\/bli-med-kjent-med-vare-listekandidater-morten-og-kjetil\/\",\"url\":\"https:\/\/hoyre.no\/klepp\/aktuelt\/bli-med-kjent-med-vare-listekandidater-morten-og-kjetil\/\",\"name\":\"Bli bedre kjent med v\u00e5re listekandidater Morten og Kjetil - Klepp H\u00f8yre\",\"isPartOf\":{\"@id\":\"https:\/\/hoyre.no\/klepp\/#website\"},\"image\":{\"@id\":\"https:\/\/hoyre.no\/klepp\/aktuelt\/bli-med-kjent-med-vare-listekandidater-morten-og-kjetil\/#primaryimage\"},\"thumbnailUrl\":\"https:\/\/hoyre.no\/content\/uploads\/sites\/220\/2023\/08\/Morten-Erga_DSC8158_just-683x1024.jpg\",\"datePublished\":\"2023-08-16T06:00:00+00:00\",\"dateModified\":\"2023-08-20T08:01:18+00:00\",\"author\":{\"@id\":\"https:\/\/hoyre.no\/klepp\/#\/schema\/person\/091b76c994a7672a47b00716a3a6e0f0\"},\"breadcrumb\":{\"@id\":\"https:\/\/hoyre.no\/klepp\/aktuelt\/bli-med-kjent-med-vare-listekandidater-morten-og-kjetil\/#breadcrumb\"},\"inLanguage\":\"nn-NO\",\"potentialAction\":[{\"@type\":\"ReadAction\",\"target\":[\"https:\/\/hoyre.no\/klepp\/aktuelt\/bli-med-kjent-med-vare-listekandidater-morten-og-kjetil\/\"]}]},{\"@type\":\"ImageObject\",\"inLanguage\":\"nn-NO\",\"@id\":\"https:\/\/hoyre.no\/klepp\/aktuelt\/bli-med-kjent-med-vare-listekandidater-morten-og-kjetil\/#primaryimage\",\"url\":\"https:\/\/hoyre.no\/content\/uploads\/sites\/220\/2023\/08\/Morten-Erga_DSC8158_just-683x1024.jpg\",\"contentUrl\":\"https:\/\/hoyre.no\/content\/uploads\/sites\/220\/2023\/08\/Morten-Erga_DSC8158_just-683x1024.jpg\"},{\"@type\":\"BreadcrumbList\",\"@id\":\"https:\/\/hoyre.no\/klepp\/aktuelt\/bli-med-kjent-med-vare-listekandidater-morten-og-kjetil\/#breadcrumb\",\"itemListElement\":[{\"@type\":\"ListItem\",\"position\":1,\"name\":\"Til hoyre.no\",\"item\":\"https:\/\/hoyre.no\"},{\"@type\":\"ListItem\",\"position\":2,\"name\":\"Hjem\",\"item\":\"https:\/\/hoyre.no\/klepp\/\"},{\"@type\":\"ListItem\",\"position\":3,\"name\":\"Bli bedre kjent med v\u00e5re listekandidater Morten og Kjetil\"}]},{\"@type\":\"WebSite\",\"@id\":\"https:\/\/hoyre.no\/klepp\/#website\",\"url\":\"https:\/\/hoyre.no\/klepp\/\",\"name\":\"Klepp H\u00f8yre\",\"description\":\"Bare enda et H\u00f8yres nettsteder-nettsted\",\"inLanguage\":\"nn-NO\"},{\"@type\":\"Person\",\"@id\":\"https:\/\/hoyre.no\/klepp\/#\/schema\/person\/091b76c994a7672a47b00716a3a6e0f0\",\"name\":\"Veronika Dagestad\",\"image\":{\"@type\":\"ImageObject\",\"inLanguage\":\"nn-NO\",\"@id\":\"https:\/\/hoyre.no\/klepp\/#\/schema\/person\/image\/\",\"url\":\"https:\/\/secure.gravatar.com\/avatar\/1db4f4778e583c050abe98d0d93924f2f10b0b88a4a2b99908cda8d754189f86?s=96&d=mm&r=g\",\"contentUrl\":\"https:\/\/secure.gravatar.com\/avatar\/1db4f4778e583c050abe98d0d93924f2f10b0b88a4a2b99908cda8d754189f86?s=96&d=mm&r=g\",\"caption\":\"Veronika Dagestad\"},\"url\":\"https:\/\/hoyre.no\/klepp\/aktuelt\/author\/m52175411\/\"}]}<\/script>\n<!-- \/ Yoast SEO plugin. -->","yoast_head_json":{"title":"Bli bedre kjent med v\u00e5re listekandidater Morten og Kjetil - Klepp H\u00f8yre","robots":{"index":"index","follow":"follow","max-snippet":"max-snippet:-1","max-image-preview":"max-image-preview:large","max-video-preview":"max-video-preview:-1"},"canonical":"https:\/\/hoyre.no\/klepp\/aktuelt\/bli-med-kjent-med-vare-listekandidater-morten-og-kjetil\/","og_locale":"nn_NO","og_type":"article","og_title":"Bli bedre kjent med v\u00e5re listekandidater Morten og Kjetil - Klepp H\u00f8yre","og_url":"https:\/\/hoyre.no\/klepp\/aktuelt\/bli-med-kjent-med-vare-listekandidater-morten-og-kjetil\/","og_site_name":"Klepp H\u00f8yre","article_published_time":"2023-08-16T06:00:00+00:00","article_modified_time":"2023-08-20T08:01:18+00:00","og_image":[{"url":"https:\/\/hoyre.no\/content\/uploads\/sites\/220\/2022\/11\/Hoyres-logo.png","width":"","height":"","type":""}],"author":"Veronika Dagestad","twitter_card":"summary_large_image","twitter_misc":{"Written by":"Veronika Dagestad","Est. reading time":"4 minutt"},"schema":{"@context":"https:\/\/schema.org","@graph":[{"@type":"NewsArticle","@id":"https:\/\/hoyre.no\/klepp\/aktuelt\/bli-med-kjent-med-vare-listekandidater-morten-og-kjetil\/","url":"https:\/\/hoyre.no\/klepp\/aktuelt\/bli-med-kjent-med-vare-listekandidater-morten-og-kjetil\/","name":"Bli bedre kjent med v\u00e5re listekandidater Morten og Kjetil - Klepp H\u00f8yre","isPartOf":{"@id":"https:\/\/hoyre.no\/klepp\/#website"},"image":{"@id":"https:\/\/hoyre.no\/klepp\/aktuelt\/bli-med-kjent-med-vare-listekandidater-morten-og-kjetil\/#primaryimage"},"thumbnailUrl":"https:\/\/hoyre.no\/content\/uploads\/sites\/220\/2023\/08\/Morten-Erga_DSC8158_just-683x1024.jpg","datePublished":"2023-08-16T06:00:00+00:00","dateModified":"2023-08-20T08:01:18+00:00","author":{"@id":"https:\/\/hoyre.no\/klepp\/#\/schema\/person\/091b76c994a7672a47b00716a3a6e0f0"},"breadcrumb":{"@id":"https:\/\/hoyre.no\/klepp\/aktuelt\/bli-med-kjent-med-vare-listekandidater-morten-og-kjetil\/#breadcrumb"},"inLanguage":"nn-NO","potentialAction":[{"@type":"ReadAction","target":["https:\/\/hoyre.no\/klepp\/aktuelt\/bli-med-kjent-med-vare-listekandidater-morten-og-kjetil\/"]}]},{"@type":"ImageObject","inLanguage":"nn-NO","@id":"https:\/\/hoyre.no\/klepp\/aktuelt\/bli-med-kjent-med-vare-listekandidater-morten-og-kjetil\/#primaryimage","url":"https:\/\/hoyre.no\/content\/uploads\/sites\/220\/2023\/08\/Morten-Erga_DSC8158_just-683x1024.jpg","contentUrl":"https:\/\/hoyre.no\/content\/uploads\/sites\/220\/2023\/08\/Morten-Erga_DSC8158_just-683x1024.jpg"},{"@type":"BreadcrumbList","@id":"https:\/\/hoyre.no\/klepp\/aktuelt\/bli-med-kjent-med-vare-listekandidater-morten-og-kjetil\/#breadcrumb","itemListElement":[{"@type":"ListItem","position":1,"name":"Til hoyre.no","item":"https:\/\/hoyre.no"},{"@type":"ListItem","position":2,"name":"Hjem","item":"https:\/\/hoyre.no\/klepp\/"},{"@type":"ListItem","position":3,"name":"Bli bedre kjent med v\u00e5re listekandidater Morten og Kjetil"}]},{"@type":"WebSite","@id":"https:\/\/hoyre.no\/klepp\/#website","url":"https:\/\/hoyre.no\/klepp\/","name":"Klepp H\u00f8yre","description":"Bare enda et H\u00f8yres nettsteder-nettsted","inLanguage":"nn-NO"},{"@type":"Person","@id":"https:\/\/hoyre.no\/klepp\/#\/schema\/person\/091b76c994a7672a47b00716a3a6e0f0","name":"Veronika Dagestad","image":{"@type":"ImageObject","inLanguage":"nn-NO","@id":"https:\/\/hoyre.no\/klepp\/#\/schema\/person\/image\/","url":"https:\/\/secure.gravatar.com\/avatar\/1db4f4778e583c050abe98d0d93924f2f10b0b88a4a2b99908cda8d754189f86?s=96&d=mm&r=g","contentUrl":"https:\/\/secure.gravatar.com\/avatar\/1db4f4778e583c050abe98d0d93924f2f10b0b88a4a2b99908cda8d754189f86?s=96&d=mm&r=g","caption":"Veronika Dagestad"},"url":"https:\/\/hoyre.no\/klepp\/aktuelt\/author\/m52175411\/"}]}},"distributor_meta":false,"distributor_terms":false,"distributor_media":false,"distributor_original_site_name":"Klepp H\u00f8yre","distributor_original_site_url":"https:\/\/hoyre.no\/klepp","push-errors":false,"_links":{"self":[{"href":"https:\/\/hoyre.no\/klepp\/wp-json\/wp\/v2\/posts\/306","targetHints":{"allow":["GET"]}}],"collection":[{"href":"https:\/\/hoyre.no\/klepp\/wp-json\/wp\/v2\/posts"}],"about":[{"href":"https:\/\/hoyre.no\/klepp\/wp-json\/wp\/v2\/types\/post"}],"author":[{"embeddable":true,"href":"https:\/\/hoyre.no\/klepp\/wp-json\/wp\/v2\/users\/37700"}],"replies":[{"embeddable":true,"href":"https:\/\/hoyre.no\/klepp\/wp-json\/wp\/v2\/comments?post=306"}],"version-history":[{"count":2,"href":"https:\/\/hoyre.no\/klepp\/wp-json\/wp\/v2\/posts\/306\/revisions"}],"predecessor-version":[{"id":311,"href":"https:\/\/hoyre.no\/klepp\/wp-json\/wp\/v2\/posts\/306\/revisions\/311"}],"wp:attachment":[{"href":"https:\/\/hoyre.no\/klepp\/wp-json\/wp\/v2\/media?parent=306"}],"wp:term":[{"taxonomy":"category","embeddable":true,"href":"https:\/\/hoyre.no\/klepp\/wp-json\/wp\/v2\/category?post=306"},{"taxonomy":"post_tag","embeddable":true,"href":"https:\/\/hoyre.no\/klepp\/wp-json\/wp\/v2\/post_tag?post=306"},{"taxonomy":"hoyre-visibility","embeddable":true,"href":"https:\/\/hoyre.no\/klepp\/wp-json\/wp\/v2\/hoyre-visibility?post=306"},{"taxonomy":"article-type","embeddable":true,"href":"https:\/\/hoyre.no\/klepp\/wp-json\/wp\/v2\/article-type?post=306"},{"taxonomy":"politician","embeddable":true,"href":"https:\/\/hoyre.no\/klepp\/wp-json\/wp\/v2\/politician?post=306"}],"curies":[{"name":"wp","href":"https:\/\/api.w.org\/{rel}","templated":true}]}}