{"id":313,"date":"2023-08-30T12:13:22","date_gmt":"2023-08-30T10:13:22","guid":{"rendered":"https:\/\/hoyre.no\/klepp\/?p=313"},"modified":"2023-08-30T12:13:23","modified_gmt":"2023-08-30T10:13:23","slug":"bli-bedre-kjent-med-vare-listekandidater-jarle-og-fridtjov","status":"publish","type":"post","link":"https:\/\/hoyre.no\/klepp\/aktuelt\/bli-bedre-kjent-med-vare-listekandidater-jarle-og-fridtjov\/","title":{"rendered":"Bli bedre kjent med v\u00e5re listekandidater Jarle og Fridtjov"},"content":{"rendered":"\n\n\n\n<figure class=\"wp-block-image size-large\"><img loading=\"lazy\" decoding=\"async\" width=\"683\" height=\"1024\" src=\"https:\/\/hoyre.no\/content\/uploads\/sites\/220\/2023\/08\/Jarle-Ra\u2560esberg_DSC8235-683x1024.jpg\" alt=\"\" class=\"wp-image-314\" srcset=\"https:\/\/hoyre.no\/content\/uploads\/sites\/220\/2023\/08\/Jarle-Ra\u2560esberg_DSC8235-683x1024.jpg 683w, https:\/\/hoyre.no\/content\/uploads\/sites\/220\/2023\/08\/Jarle-Ra\u2560esberg_DSC8235-200x300.jpg 200w, https:\/\/hoyre.no\/content\/uploads\/sites\/220\/2023\/08\/Jarle-Ra\u2560esberg_DSC8235-768x1151.jpg 768w, https:\/\/hoyre.no\/content\/uploads\/sites\/220\/2023\/08\/Jarle-Ra\u2560esberg_DSC8235-1025x1536.jpg 1025w, https:\/\/hoyre.no\/content\/uploads\/sites\/220\/2023\/08\/Jarle-Ra\u2560esberg_DSC8235-1367x2048.jpg 1367w, https:\/\/hoyre.no\/content\/uploads\/sites\/220\/2023\/08\/Jarle-Ra\u2560esberg_DSC8235-scaled.jpg 1668w\" sizes=\"auto, (max-width: 683px) 100vw, 683px\" \/><\/figure>\n\n\n\n<p><strong>Jarle R\u00e5sberg, f\u00f8dt 1976.<\/strong><\/p>\n\n\n\n<p><strong>Vokst opp:<\/strong>\u00a0H\u00f8yanger, Sogn og Fjordane.<\/p>\n\n\n\n<p><strong>Bor n\u00e5:<\/strong>\u00a0Kleppestemmen.<\/p>\n\n\n\n<p><strong>Jobber som:<\/strong>\u00a0R\u00e5dgiver innen oljevernberedskapen p\u00e5 norsk sokkel. Norsk Oljevernforening for operat\u00f8rselskap (NOFO).<\/p>\n\n\n\n<p><strong>Hvorfor meldte du deg inn i H\u00f8yre?<\/strong>\u00a0H\u00f8yre er partiet som passer best for meg, har aldri v\u00e6rt i tvil om det.<\/p>\n\n\n\n<p><strong>Hva er dine hjertesaker i valgkampen?<\/strong>\u00a0Flyttet til Klepp i 2009 og ser derfor p\u00e5 meg selv som relativt ny i kommunen. Gjennom de 14 \u00e5rene jeg har bodd her har jeg sett en fantastisk utvikling, men ser ogs\u00e5 dessverre at vi har en del voksesmerter. Det som st\u00e5r mitt hjerte n\u00e6rmest er at de to ungdommene hjemme m\u00f8ter trygge omgivelser og gode fritidstilbud. <\/p>\n\n\n\n<p>Som vi sier i programmet- Klepp skal v\u00e6re en attraktiv plass \u00e5 vokse opp, bo og arbeide i. Vil jobbe for trygge og inkluderende rammer for alle, sikre gode oppvekstsvilk\u00e5r for barn og unge samt en trygg alderdom for eldre. Samtidig m\u00e5 vi sikre en langsiktig og helhetlig politikk som gir forutsigbarhet for innbyggere, jordbruk og n\u00e6ringsliv. \u00c5 legge til rette for n\u00e6ringslivet i Klepp er en sv\u00e6rt viktig sak for meg som jeg mener gir positive synergier for alle innbyggere.<\/p>\n\n\n\n<p>Me seier JA n\u00e5r me kan og NEI n\u00e5r me m\u00e5. <\/p>\n\n\n\n<p><strong>Hva driver du med utenom politikk og jobb?<\/strong>\u00a0To ungdommer, samboer og hund krever sitt. Ellers raskt engasjert i det meste som skjer rundt meg. Er veldig glad i \u00e5 v\u00e6re p\u00e5 hytta. Pr\u00f8ver \u00e5 holde meg i form med litt l\u00f8ping og skal forh\u00e5pentligvis f\u00e5 tid til litt storviltjakt i \u00e5r.<\/p>\n\n\n\n<figure class=\"wp-block-image size-large\"><img loading=\"lazy\" decoding=\"async\" width=\"683\" height=\"1024\" src=\"https:\/\/hoyre.no\/content\/uploads\/sites\/220\/2023\/08\/Fridtjov-Helland_DSC8195_just-683x1024.jpg\" alt=\"\" class=\"wp-image-315\" srcset=\"https:\/\/hoyre.no\/content\/uploads\/sites\/220\/2023\/08\/Fridtjov-Helland_DSC8195_just-683x1024.jpg 683w, https:\/\/hoyre.no\/content\/uploads\/sites\/220\/2023\/08\/Fridtjov-Helland_DSC8195_just-200x300.jpg 200w, https:\/\/hoyre.no\/content\/uploads\/sites\/220\/2023\/08\/Fridtjov-Helland_DSC8195_just-768x1151.jpg 768w, https:\/\/hoyre.no\/content\/uploads\/sites\/220\/2023\/08\/Fridtjov-Helland_DSC8195_just-1025x1536.jpg 1025w, https:\/\/hoyre.no\/content\/uploads\/sites\/220\/2023\/08\/Fridtjov-Helland_DSC8195_just-1367x2048.jpg 1367w, https:\/\/hoyre.no\/content\/uploads\/sites\/220\/2023\/08\/Fridtjov-Helland_DSC8195_just-scaled.jpg 1668w\" sizes=\"auto, (max-width: 683px) 100vw, 683px\" \/><\/figure>\n\n\n\n<p><strong>Fridtjov Helland, f\u00f8dt 1963.<\/strong><\/p>\n\n\n\n<p><strong>Bor n\u00e5:<\/strong>\u00a0Borekretsen.<\/p>\n\n\n\n<p><strong>Jobber som:<\/strong>\u00a0Innkj\u00f8pssjef hos Oceaneering AS.<\/p>\n\n\n\n<p><strong>Hvorfor meldte du deg inn i H\u00f8yre?<\/strong>\u00a0Jeg har alltid v\u00e6rt engasjert i n\u00e6ringsutvikling og frivillighet. H\u00f8yre er uten tvil det beste partiet her.<\/p>\n\n\n\n<p><strong>Hva er dine hjertesaker i valgkampen?<\/strong>\u00a0N\u00e6ringsutvikling, og styrke innovasjonsevne og gr\u00fcnderaktivitet. Sikre gode vilk\u00e5r for idretten og resten av frivilligheten. God folkehelse har en betydning for alle!<\/p>\n\n\n\n<p><strong>Hva driver du med utenom politikk og jobb?<\/strong>\u00a0Jeg er leder for Klepp Idrettsr\u00e5d, og bruker all ledig kapasitet til \u00e5 st\u00e5 opp for idretten og tilrettelegge for god folkehelse for folk i alle aldre. Har en hus, hytte, b\u00e5t og biler er det nok \u00e5 finne p\u00e5!<\/p>\n\n\n<div class=\"tags\">\n\t<\/div>\n<div class=\"post-footer alignfull has-background block-editor-block-list__block\" data-align=full>\n\t<div class=\"post-footer-inner\">\n\t\t<h3>Relaterte artikler<\/h3>\n\t\t<div class=\"related-content\"><div class=\"is-card-hoyre\">\n\t<div class=\"teft-card hoyre-teft-card post-teft-card\">\n\t\t<a href=\"https:\/\/hoyre.no\/klepp\/aktuelt\/bli-bedre-kjent-med-vare-listekandidater-jone-og-fehmi\/\" class=\"teft-card__primary-action\">\n\n\t\t\t<div class=\"teft-card__media teft-card__media--16-9 no-image\"><\/div>\n\t\t\t<div class=\"teft-card__content-wrapper\">\n\t\t\t\t<div class=\"teft-card__secondary\">\n\t\t\t\t\t\n\t\t\t\t\t\t\t\t<div class=\"teft-card__meta\">\n\t\t\t\t\t\t\t\t\t<span class=\"post-date\">31. aug 2023<\/span>\n\n\t\t\t\t\t\t\t\t\t\t\t\t\t\t\t\t\t<\/div>\n\t\t\t\t\t\t\t\t\t\t\t<\/div>\n\n\t\t\t\t<div class=\"teft-card__primary\">\n\t\t\t\t\t<h2 class=\"teft-card__title\">Bli bedre kjent med v\u00e5re listekandidater Jone og Fehmi&nbsp;<span class=\"teft-card__primary-title-append\"><\/span><\/h2>\t\t\t\t<\/div>\n\t\t\t<\/div>\n\t\t<\/a>\n\t<\/div>\n\n\t<\/div><div class=\"is-card-hoyre\">\n\t<div class=\"teft-card hoyre-teft-card post-teft-card\">\n\t\t<a href=\"https:\/\/hoyre.no\/klepp\/aktuelt\/bli-med-kjent-med-vare-listekandidater-morten-og-kjetil\/\" class=\"teft-card__primary-action\">\n\n\t\t\t<div class=\"teft-card__media teft-card__media--16-9 no-image\"><\/div>\n\t\t\t<div class=\"teft-card__content-wrapper\">\n\t\t\t\t<div class=\"teft-card__secondary\">\n\t\t\t\t\t\n\t\t\t\t\t\t\t\t<div class=\"teft-card__meta\">\n\t\t\t\t\t\t\t\t\t<span class=\"post-date\">16. aug 2023<\/span>\n\n\t\t\t\t\t\t\t\t\t<span class=\"post-category\">Ukategorisert<\/span>\t\t\t\t\t\t\t\t<\/div>\n\t\t\t\t\t\t\t\t\t\t\t<\/div>\n\n\t\t\t\t<div class=\"teft-card__primary\">\n\t\t\t\t\t<h2 class=\"teft-card__title\">Bli bedre kjent med v\u00e5re listekandidater Morten og Kjetil&nbsp;<span class=\"teft-card__primary-title-append\"><\/span><\/h2>\t\t\t\t<\/div>\n\t\t\t<\/div>\n\t\t<\/a>\n\t<\/div>\n\n\t<\/div><div class=\"is-card-hoyre\">\n\t<div class=\"teft-card hoyre-teft-card post-teft-card\">\n\t\t<a href=\"https:\/\/hoyre.no\/klepp\/aktuelt\/bli-bedre-kjent-med-vare-listekandidater-kjetil-og-veronika\/\" class=\"teft-card__primary-action\">\n\n\t\t\t\t\t<div class=\"teft-card__media teft-card__media--16-9\">\n\t\t\t\t\t\t<img loading=\"lazy\" decoding=\"async\" width=\"768\" height=\"768\" src=\"https:\/\/hoyre.no\/content\/uploads\/sites\/220\/2022\/11\/Hoyres-logo-768x768.png\" class=\"attachment-medium_large size-medium_large\" alt=\"\" srcset=\"https:\/\/hoyre.no\/content\/uploads\/sites\/220\/2022\/11\/Hoyres-logo-768x768.png 768w, https:\/\/hoyre.no\/content\/uploads\/sites\/220\/2022\/11\/Hoyres-logo-300x300.png 300w, https:\/\/hoyre.no\/content\/uploads\/sites\/220\/2022\/11\/Hoyres-logo-150x150.png 150w, https:\/\/hoyre.no\/content\/uploads\/sites\/220\/2022\/11\/Hoyres-logo.png 1000w\" sizes=\"auto, (max-width: 768px) 100vw, 768px\" \/>\t\t<\/div>\n\t\t\n\t\t\t<div class=\"teft-card__content-wrapper\">\n\t\t\t\t<div class=\"teft-card__secondary\">\n\t\t\t\t\t\n\t\t\t\t\t\t\t\t<div class=\"teft-card__meta\">\n\t\t\t\t\t\t\t\t\t<span class=\"post-date\">14. aug 2023<\/span>\n\n\t\t\t\t\t\t\t\t\t<span class=\"post-category\">Ukategorisert<\/span>\t\t\t\t\t\t\t\t<\/div>\n\t\t\t\t\t\t\t\t\t\t\t<\/div>\n\n\t\t\t\t<div class=\"teft-card__primary\">\n\t\t\t\t\t<h2 class=\"teft-card__title\">Bli bedre kjent med v\u00e5re listekandidater Kjetil og Veronika&nbsp;<span class=\"teft-card__primary-title-append\"><\/span><\/h2>\t\t\t\t<\/div>\n\t\t\t<\/div>\n\t\t<\/a>\n\t<\/div>\n\n\t<\/div><\/div>\t<\/div>\n<\/div>\n","protected":false},"excerpt":{"rendered":"","protected":false},"author":37700,"featured_media":0,"comment_status":"closed","ping_status":"closed","sticky":false,"template":"","format":"standard","meta":{"teft_cards_image_url":"","teft_cards_custom_pretitle":"","teft_cards_image_id":0,"teft_cards_image_focal_point_x":0,"teft_cards_image_focal_point_y":0,"teft_cards_title":"","teft_cards_excerpt":"","teft_show_chapters":false,"author_display_name":"","footnotes":""},"category":[1],"post_tag":[],"hoyre-visibility":[],"article-type":[],"politician":[],"class_list":["post-313","post","type-post","status-publish","format-standard","hentry","category-ukategorisert"],"yoast_head":"<!-- This site is optimized with the Yoast SEO plugin v26.6 - https:\/\/yoast.com\/wordpress\/plugins\/seo\/ -->\n<title>Bli bedre kjent med v\u00e5re listekandidater Jarle og Fridtjov - Klepp H\u00f8yre<\/title>\n<meta name=\"robots\" content=\"index, follow, max-snippet:-1, max-image-preview:large, max-video-preview:-1\" \/>\n<link rel=\"canonical\" href=\"https:\/\/hoyre.no\/klepp\/aktuelt\/bli-bedre-kjent-med-vare-listekandidater-jarle-og-fridtjov\/\" \/>\n<meta property=\"og:locale\" content=\"nn_NO\" \/>\n<meta property=\"og:type\" content=\"article\" \/>\n<meta property=\"og:title\" content=\"Bli bedre kjent med v\u00e5re listekandidater Jarle og Fridtjov - Klepp H\u00f8yre\" \/>\n<meta property=\"og:url\" content=\"https:\/\/hoyre.no\/klepp\/aktuelt\/bli-bedre-kjent-med-vare-listekandidater-jarle-og-fridtjov\/\" \/>\n<meta property=\"og:site_name\" content=\"Klepp H\u00f8yre\" \/>\n<meta property=\"article:published_time\" content=\"2023-08-30T10:13:22+00:00\" \/>\n<meta property=\"article:modified_time\" content=\"2023-08-30T10:13:23+00:00\" \/>\n<meta property=\"og:image\" content=\"https:\/\/hoyre.no\/content\/uploads\/sites\/220\/2022\/11\/Hoyres-logo.png\" \/>\n<meta name=\"author\" content=\"Veronika Dagestad\" \/>\n<meta name=\"twitter:card\" content=\"summary_large_image\" \/>\n<meta name=\"twitter:label1\" content=\"Written by\" \/>\n\t<meta name=\"twitter:data1\" content=\"Veronika Dagestad\" \/>\n\t<meta name=\"twitter:label2\" content=\"Est. reading time\" \/>\n\t<meta name=\"twitter:data2\" content=\"3 minutt\" \/>\n<script type=\"application\/ld+json\" class=\"yoast-schema-graph\">{\"@context\":\"https:\/\/schema.org\",\"@graph\":[{\"@type\":\"NewsArticle\",\"@id\":\"https:\/\/hoyre.no\/klepp\/aktuelt\/bli-bedre-kjent-med-vare-listekandidater-jarle-og-fridtjov\/\",\"url\":\"https:\/\/hoyre.no\/klepp\/aktuelt\/bli-bedre-kjent-med-vare-listekandidater-jarle-og-fridtjov\/\",\"name\":\"Bli bedre kjent med v\u00e5re listekandidater Jarle og Fridtjov - Klepp H\u00f8yre\",\"isPartOf\":{\"@id\":\"https:\/\/hoyre.no\/klepp\/#website\"},\"image\":{\"@id\":\"https:\/\/hoyre.no\/klepp\/aktuelt\/bli-bedre-kjent-med-vare-listekandidater-jarle-og-fridtjov\/#primaryimage\"},\"thumbnailUrl\":\"https:\/\/hoyre.no\/content\/uploads\/sites\/220\/2023\/08\/Fridtjov-Helland_DSC8195_just-683x1024.jpg\",\"datePublished\":\"2023-08-30T10:13:22+00:00\",\"dateModified\":\"2023-08-30T10:13:23+00:00\",\"author\":{\"@id\":\"https:\/\/hoyre.no\/klepp\/#\/schema\/person\/091b76c994a7672a47b00716a3a6e0f0\"},\"breadcrumb\":{\"@id\":\"https:\/\/hoyre.no\/klepp\/aktuelt\/bli-bedre-kjent-med-vare-listekandidater-jarle-og-fridtjov\/#breadcrumb\"},\"inLanguage\":\"nn-NO\",\"potentialAction\":[{\"@type\":\"ReadAction\",\"target\":[\"https:\/\/hoyre.no\/klepp\/aktuelt\/bli-bedre-kjent-med-vare-listekandidater-jarle-og-fridtjov\/\"]}]},{\"@type\":\"ImageObject\",\"inLanguage\":\"nn-NO\",\"@id\":\"https:\/\/hoyre.no\/klepp\/aktuelt\/bli-bedre-kjent-med-vare-listekandidater-jarle-og-fridtjov\/#primaryimage\",\"url\":\"https:\/\/hoyre.no\/content\/uploads\/sites\/220\/2023\/08\/Fridtjov-Helland_DSC8195_just-683x1024.jpg\",\"contentUrl\":\"https:\/\/hoyre.no\/content\/uploads\/sites\/220\/2023\/08\/Fridtjov-Helland_DSC8195_just-683x1024.jpg\"},{\"@type\":\"BreadcrumbList\",\"@id\":\"https:\/\/hoyre.no\/klepp\/aktuelt\/bli-bedre-kjent-med-vare-listekandidater-jarle-og-fridtjov\/#breadcrumb\",\"itemListElement\":[{\"@type\":\"ListItem\",\"position\":1,\"name\":\"Til hoyre.no\",\"item\":\"https:\/\/hoyre.no\"},{\"@type\":\"ListItem\",\"position\":2,\"name\":\"Hjem\",\"item\":\"https:\/\/hoyre.no\/klepp\/\"},{\"@type\":\"ListItem\",\"position\":3,\"name\":\"Bli bedre kjent med v\u00e5re listekandidater Jarle og Fridtjov\"}]},{\"@type\":\"WebSite\",\"@id\":\"https:\/\/hoyre.no\/klepp\/#website\",\"url\":\"https:\/\/hoyre.no\/klepp\/\",\"name\":\"Klepp H\u00f8yre\",\"description\":\"Bare enda et H\u00f8yres nettsteder-nettsted\",\"inLanguage\":\"nn-NO\"},{\"@type\":\"Person\",\"@id\":\"https:\/\/hoyre.no\/klepp\/#\/schema\/person\/091b76c994a7672a47b00716a3a6e0f0\",\"name\":\"Veronika Dagestad\",\"image\":{\"@type\":\"ImageObject\",\"inLanguage\":\"nn-NO\",\"@id\":\"https:\/\/hoyre.no\/klepp\/#\/schema\/person\/image\/\",\"url\":\"https:\/\/secure.gravatar.com\/avatar\/1db4f4778e583c050abe98d0d93924f2f10b0b88a4a2b99908cda8d754189f86?s=96&d=mm&r=g\",\"contentUrl\":\"https:\/\/secure.gravatar.com\/avatar\/1db4f4778e583c050abe98d0d93924f2f10b0b88a4a2b99908cda8d754189f86?s=96&d=mm&r=g\",\"caption\":\"Veronika Dagestad\"},\"url\":\"https:\/\/hoyre.no\/klepp\/aktuelt\/author\/m52175411\/\"}]}<\/script>\n<!-- \/ Yoast SEO plugin. -->","yoast_head_json":{"title":"Bli bedre kjent med v\u00e5re listekandidater Jarle og Fridtjov - Klepp H\u00f8yre","robots":{"index":"index","follow":"follow","max-snippet":"max-snippet:-1","max-image-preview":"max-image-preview:large","max-video-preview":"max-video-preview:-1"},"canonical":"https:\/\/hoyre.no\/klepp\/aktuelt\/bli-bedre-kjent-med-vare-listekandidater-jarle-og-fridtjov\/","og_locale":"nn_NO","og_type":"article","og_title":"Bli bedre kjent med v\u00e5re listekandidater Jarle og Fridtjov - Klepp H\u00f8yre","og_url":"https:\/\/hoyre.no\/klepp\/aktuelt\/bli-bedre-kjent-med-vare-listekandidater-jarle-og-fridtjov\/","og_site_name":"Klepp H\u00f8yre","article_published_time":"2023-08-30T10:13:22+00:00","article_modified_time":"2023-08-30T10:13:23+00:00","og_image":[{"url":"https:\/\/hoyre.no\/content\/uploads\/sites\/220\/2022\/11\/Hoyres-logo.png","width":"","height":"","type":""}],"author":"Veronika Dagestad","twitter_card":"summary_large_image","twitter_misc":{"Written by":"Veronika Dagestad","Est. reading time":"3 minutt"},"schema":{"@context":"https:\/\/schema.org","@graph":[{"@type":"NewsArticle","@id":"https:\/\/hoyre.no\/klepp\/aktuelt\/bli-bedre-kjent-med-vare-listekandidater-jarle-og-fridtjov\/","url":"https:\/\/hoyre.no\/klepp\/aktuelt\/bli-bedre-kjent-med-vare-listekandidater-jarle-og-fridtjov\/","name":"Bli bedre kjent med v\u00e5re listekandidater Jarle og Fridtjov - Klepp H\u00f8yre","isPartOf":{"@id":"https:\/\/hoyre.no\/klepp\/#website"},"image":{"@id":"https:\/\/hoyre.no\/klepp\/aktuelt\/bli-bedre-kjent-med-vare-listekandidater-jarle-og-fridtjov\/#primaryimage"},"thumbnailUrl":"https:\/\/hoyre.no\/content\/uploads\/sites\/220\/2023\/08\/Fridtjov-Helland_DSC8195_just-683x1024.jpg","datePublished":"2023-08-30T10:13:22+00:00","dateModified":"2023-08-30T10:13:23+00:00","author":{"@id":"https:\/\/hoyre.no\/klepp\/#\/schema\/person\/091b76c994a7672a47b00716a3a6e0f0"},"breadcrumb":{"@id":"https:\/\/hoyre.no\/klepp\/aktuelt\/bli-bedre-kjent-med-vare-listekandidater-jarle-og-fridtjov\/#breadcrumb"},"inLanguage":"nn-NO","potentialAction":[{"@type":"ReadAction","target":["https:\/\/hoyre.no\/klepp\/aktuelt\/bli-bedre-kjent-med-vare-listekandidater-jarle-og-fridtjov\/"]}]},{"@type":"ImageObject","inLanguage":"nn-NO","@id":"https:\/\/hoyre.no\/klepp\/aktuelt\/bli-bedre-kjent-med-vare-listekandidater-jarle-og-fridtjov\/#primaryimage","url":"https:\/\/hoyre.no\/content\/uploads\/sites\/220\/2023\/08\/Fridtjov-Helland_DSC8195_just-683x1024.jpg","contentUrl":"https:\/\/hoyre.no\/content\/uploads\/sites\/220\/2023\/08\/Fridtjov-Helland_DSC8195_just-683x1024.jpg"},{"@type":"BreadcrumbList","@id":"https:\/\/hoyre.no\/klepp\/aktuelt\/bli-bedre-kjent-med-vare-listekandidater-jarle-og-fridtjov\/#breadcrumb","itemListElement":[{"@type":"ListItem","position":1,"name":"Til hoyre.no","item":"https:\/\/hoyre.no"},{"@type":"ListItem","position":2,"name":"Hjem","item":"https:\/\/hoyre.no\/klepp\/"},{"@type":"ListItem","position":3,"name":"Bli bedre kjent med v\u00e5re listekandidater Jarle og Fridtjov"}]},{"@type":"WebSite","@id":"https:\/\/hoyre.no\/klepp\/#website","url":"https:\/\/hoyre.no\/klepp\/","name":"Klepp H\u00f8yre","description":"Bare enda et H\u00f8yres nettsteder-nettsted","inLanguage":"nn-NO"},{"@type":"Person","@id":"https:\/\/hoyre.no\/klepp\/#\/schema\/person\/091b76c994a7672a47b00716a3a6e0f0","name":"Veronika Dagestad","image":{"@type":"ImageObject","inLanguage":"nn-NO","@id":"https:\/\/hoyre.no\/klepp\/#\/schema\/person\/image\/","url":"https:\/\/secure.gravatar.com\/avatar\/1db4f4778e583c050abe98d0d93924f2f10b0b88a4a2b99908cda8d754189f86?s=96&d=mm&r=g","contentUrl":"https:\/\/secure.gravatar.com\/avatar\/1db4f4778e583c050abe98d0d93924f2f10b0b88a4a2b99908cda8d754189f86?s=96&d=mm&r=g","caption":"Veronika Dagestad"},"url":"https:\/\/hoyre.no\/klepp\/aktuelt\/author\/m52175411\/"}]}},"distributor_meta":false,"distributor_terms":false,"distributor_media":false,"distributor_original_site_name":"Klepp H\u00f8yre","distributor_original_site_url":"https:\/\/hoyre.no\/klepp","push-errors":false,"_links":{"self":[{"href":"https:\/\/hoyre.no\/klepp\/wp-json\/wp\/v2\/posts\/313","targetHints":{"allow":["GET"]}}],"collection":[{"href":"https:\/\/hoyre.no\/klepp\/wp-json\/wp\/v2\/posts"}],"about":[{"href":"https:\/\/hoyre.no\/klepp\/wp-json\/wp\/v2\/types\/post"}],"author":[{"embeddable":true,"href":"https:\/\/hoyre.no\/klepp\/wp-json\/wp\/v2\/users\/37700"}],"replies":[{"embeddable":true,"href":"https:\/\/hoyre.no\/klepp\/wp-json\/wp\/v2\/comments?post=313"}],"version-history":[{"count":1,"href":"https:\/\/hoyre.no\/klepp\/wp-json\/wp\/v2\/posts\/313\/revisions"}],"predecessor-version":[{"id":316,"href":"https:\/\/hoyre.no\/klepp\/wp-json\/wp\/v2\/posts\/313\/revisions\/316"}],"wp:attachment":[{"href":"https:\/\/hoyre.no\/klepp\/wp-json\/wp\/v2\/media?parent=313"}],"wp:term":[{"taxonomy":"category","embeddable":true,"href":"https:\/\/hoyre.no\/klepp\/wp-json\/wp\/v2\/category?post=313"},{"taxonomy":"post_tag","embeddable":true,"href":"https:\/\/hoyre.no\/klepp\/wp-json\/wp\/v2\/post_tag?post=313"},{"taxonomy":"hoyre-visibility","embeddable":true,"href":"https:\/\/hoyre.no\/klepp\/wp-json\/wp\/v2\/hoyre-visibility?post=313"},{"taxonomy":"article-type","embeddable":true,"href":"https:\/\/hoyre.no\/klepp\/wp-json\/wp\/v2\/article-type?post=313"},{"taxonomy":"politician","embeddable":true,"href":"https:\/\/hoyre.no\/klepp\/wp-json\/wp\/v2\/politician?post=313"}],"curies":[{"name":"wp","href":"https:\/\/api.w.org\/{rel}","templated":true}]}}