{"id":317,"date":"2023-08-31T12:00:00","date_gmt":"2023-08-31T10:00:00","guid":{"rendered":"https:\/\/hoyre.no\/klepp\/?p=317"},"modified":"2023-08-30T12:29:42","modified_gmt":"2023-08-30T10:29:42","slug":"bli-bedre-kjent-med-vare-listekandidater-jone-og-fehmi","status":"publish","type":"post","link":"https:\/\/hoyre.no\/klepp\/aktuelt\/bli-bedre-kjent-med-vare-listekandidater-jone-og-fehmi\/","title":{"rendered":"Bli bedre kjent med v\u00e5re listekandidater Jone og Fehmi"},"content":{"rendered":"\n\n\n\n<figure class=\"wp-block-image size-large\"><img loading=\"lazy\" decoding=\"async\" width=\"683\" height=\"1024\" src=\"https:\/\/hoyre.no\/content\/uploads\/sites\/220\/2023\/08\/Jone-Aasland_DSC8075_just-683x1024.jpg\" alt=\"\" class=\"wp-image-318\" srcset=\"https:\/\/hoyre.no\/content\/uploads\/sites\/220\/2023\/08\/Jone-Aasland_DSC8075_just-683x1024.jpg 683w, https:\/\/hoyre.no\/content\/uploads\/sites\/220\/2023\/08\/Jone-Aasland_DSC8075_just-200x300.jpg 200w, https:\/\/hoyre.no\/content\/uploads\/sites\/220\/2023\/08\/Jone-Aasland_DSC8075_just-768x1151.jpg 768w, https:\/\/hoyre.no\/content\/uploads\/sites\/220\/2023\/08\/Jone-Aasland_DSC8075_just-1025x1536.jpg 1025w, https:\/\/hoyre.no\/content\/uploads\/sites\/220\/2023\/08\/Jone-Aasland_DSC8075_just-1367x2048.jpg 1367w, https:\/\/hoyre.no\/content\/uploads\/sites\/220\/2023\/08\/Jone-Aasland_DSC8075_just-scaled.jpg 1669w\" sizes=\"auto, (max-width: 683px) 100vw, 683px\" \/><\/figure>\n\n\n\n<p><strong>Jone Aasland, f\u00f8dt 1974.<\/strong><\/p>\n\n\n\n<p><strong>Bor n\u00e5:<\/strong>\u00a0Orstad.<\/p>\n\n\n\n<p><strong>Jobber som:<\/strong>\u00a0Head of Supply Chain &amp; Logistics, Kinly AS..<\/p>\n\n\n\n<p><strong>Hvorfor meldte du deg inn i H\u00f8yre?<\/strong>\u00a0For \u00e5 fremme saker jeg brenner for i lokalmilj\u00f8et.<\/p>\n\n\n\n<p><strong>Hva er dine hjertesaker i valgkampen?<\/strong>\u00a0<\/p>\n\n\n\n<ul class=\"wp-block-list\"><li>Ny skolel\u00f8sning p\u00e5 Orstad<\/li><li>Bedre \u00f8konomiske vilk\u00e5r for idrett og frivillighet i Klepp kommune<\/li><li>Jobbe for p\u00e5 sikt \u00e5 f\u00e5 til en felles sv\u00f8mmehall med Time kommune i Orstad\/Fr\u00f8yland- omr\u00e5det<\/li><\/ul>\n\n\n\n<p><strong>Hva driver du med utenom politikk og jobb?<\/strong>\u00a0Engasjert i idrett. Spiller volleyball og er med som trener p\u00e5 jenter 17 fotball. Ogs\u00e5 medlem av Klepp Idrettsr\u00e5d. Sommeren benyttes mye p\u00e5 hytta ved sj\u00f8en, og vinterstid blir det skiturer og hyttekos. Tilbringer mye tid sammen med familien.<\/p>\n\n\n\n<figure class=\"wp-block-image size-large\"><img loading=\"lazy\" decoding=\"async\" width=\"683\" height=\"1024\" src=\"https:\/\/hoyre.no\/content\/uploads\/sites\/220\/2023\/08\/Fehmi-Bekteshi_01_DSC8150_just-683x1024.jpg\" alt=\"\" class=\"wp-image-319\" srcset=\"https:\/\/hoyre.no\/content\/uploads\/sites\/220\/2023\/08\/Fehmi-Bekteshi_01_DSC8150_just-683x1024.jpg 683w, https:\/\/hoyre.no\/content\/uploads\/sites\/220\/2023\/08\/Fehmi-Bekteshi_01_DSC8150_just-200x300.jpg 200w, https:\/\/hoyre.no\/content\/uploads\/sites\/220\/2023\/08\/Fehmi-Bekteshi_01_DSC8150_just-768x1151.jpg 768w, https:\/\/hoyre.no\/content\/uploads\/sites\/220\/2023\/08\/Fehmi-Bekteshi_01_DSC8150_just-1025x1536.jpg 1025w, https:\/\/hoyre.no\/content\/uploads\/sites\/220\/2023\/08\/Fehmi-Bekteshi_01_DSC8150_just-1367x2048.jpg 1367w, https:\/\/hoyre.no\/content\/uploads\/sites\/220\/2023\/08\/Fehmi-Bekteshi_01_DSC8150_just-scaled.jpg 1668w\" sizes=\"auto, (max-width: 683px) 100vw, 683px\" \/><\/figure>\n\n\n\n<p><strong>Fehmi Bekteshi, f\u00f8dt 1972.<\/strong><\/p>\n\n\n\n<p><strong>Vokst opp:<\/strong>\u00a0I Albania\/Kosovo. Flyttet til Norge i begynnelsen av 90-tallet.<\/p>\n\n\n\n<p><strong>Bor n\u00e5:<\/strong>\u00a0Tj\u00f8tta.<\/p>\n\n\n\n<p><strong>Jobber som:<\/strong>\u00a0Daglig leder.<\/p>\n\n\n\n<p><strong>Hvorfor meldte du deg inn i H\u00f8yre?<\/strong>\u00a0Fordi jeg \u00f8nsker \u00e5 bruke min stemme p\u00e5 vegne av lokalbefolkningen, spesielt de som gjerne trenger det mest. <\/p>\n\n\n\n<p><strong>Hva er dine hjertesaker i valgkampen?<\/strong>\u00a0Jeg er opptatt av integrering og inkludering. Dugnadsarbeid og frivillighet er viktig for lokalsamfunnet. Vil hjelpe de som trenger det.<\/p>\n\n\n\n<p><strong>Hva driver du med utenom politikk og jobb?<\/strong>\u00a0P\u00e5 fritiden liker jeg \u00e5 spille fotball og sykle. N\u00e5r jeg f\u00e5r tid, er det deilig \u00e5 ta en fisketur.<\/p>\n\n\n<div class=\"tags\">\n\t<\/div>\n<div class=\"post-footer alignfull has-background block-editor-block-list__block\" data-align=full>\n\t<div class=\"post-footer-inner\">\n\t\t<h3>Relaterte artikler<\/h3>\n\t\t<div class=\"related-content\"><div class=\"is-card-hoyre\">\n\t<div class=\"teft-card hoyre-teft-card post-teft-card\">\n\t\t<a href=\"https:\/\/hoyre.no\/klepp\/aktuelt\/bli-bedre-kjent-med-vare-listekandidater-jarle-og-fridtjov\/\" class=\"teft-card__primary-action\">\n\n\t\t\t<div class=\"teft-card__media teft-card__media--16-9 no-image\"><\/div>\n\t\t\t<div class=\"teft-card__content-wrapper\">\n\t\t\t\t<div class=\"teft-card__secondary\">\n\t\t\t\t\t\n\t\t\t\t\t\t\t\t<div class=\"teft-card__meta\">\n\t\t\t\t\t\t\t\t\t<span class=\"post-date\">30. aug 2023<\/span>\n\n\t\t\t\t\t\t\t\t\t\t\t\t\t\t\t\t\t<\/div>\n\t\t\t\t\t\t\t\t\t\t\t<\/div>\n\n\t\t\t\t<div class=\"teft-card__primary\">\n\t\t\t\t\t<h2 class=\"teft-card__title\">Bli bedre kjent med v\u00e5re listekandidater Jarle og Fridtjov&nbsp;<span class=\"teft-card__primary-title-append\"><\/span><\/h2>\t\t\t\t<\/div>\n\t\t\t<\/div>\n\t\t<\/a>\n\t<\/div>\n\n\t<\/div><div class=\"is-card-hoyre\">\n\t<div class=\"teft-card hoyre-teft-card post-teft-card\">\n\t\t<a href=\"https:\/\/hoyre.no\/klepp\/aktuelt\/bli-med-kjent-med-vare-listekandidater-morten-og-kjetil\/\" class=\"teft-card__primary-action\">\n\n\t\t\t<div class=\"teft-card__media teft-card__media--16-9 no-image\"><\/div>\n\t\t\t<div class=\"teft-card__content-wrapper\">\n\t\t\t\t<div class=\"teft-card__secondary\">\n\t\t\t\t\t\n\t\t\t\t\t\t\t\t<div class=\"teft-card__meta\">\n\t\t\t\t\t\t\t\t\t<span class=\"post-date\">16. aug 2023<\/span>\n\n\t\t\t\t\t\t\t\t\t<span class=\"post-category\">Ukategorisert<\/span>\t\t\t\t\t\t\t\t<\/div>\n\t\t\t\t\t\t\t\t\t\t\t<\/div>\n\n\t\t\t\t<div class=\"teft-card__primary\">\n\t\t\t\t\t<h2 class=\"teft-card__title\">Bli bedre kjent med v\u00e5re listekandidater Morten og Kjetil&nbsp;<span class=\"teft-card__primary-title-append\"><\/span><\/h2>\t\t\t\t<\/div>\n\t\t\t<\/div>\n\t\t<\/a>\n\t<\/div>\n\n\t<\/div><div class=\"is-card-hoyre\">\n\t<div class=\"teft-card hoyre-teft-card post-teft-card\">\n\t\t<a href=\"https:\/\/hoyre.no\/klepp\/aktuelt\/bli-bedre-kjent-med-vare-listekandidater-kjetil-og-veronika\/\" class=\"teft-card__primary-action\">\n\n\t\t\t\t\t<div class=\"teft-card__media teft-card__media--16-9\">\n\t\t\t\t\t\t<img loading=\"lazy\" decoding=\"async\" width=\"768\" height=\"768\" src=\"https:\/\/hoyre.no\/content\/uploads\/sites\/220\/2022\/11\/Hoyres-logo-768x768.png\" class=\"attachment-medium_large size-medium_large\" alt=\"\" srcset=\"https:\/\/hoyre.no\/content\/uploads\/sites\/220\/2022\/11\/Hoyres-logo-768x768.png 768w, https:\/\/hoyre.no\/content\/uploads\/sites\/220\/2022\/11\/Hoyres-logo-300x300.png 300w, https:\/\/hoyre.no\/content\/uploads\/sites\/220\/2022\/11\/Hoyres-logo-150x150.png 150w, https:\/\/hoyre.no\/content\/uploads\/sites\/220\/2022\/11\/Hoyres-logo.png 1000w\" sizes=\"auto, (max-width: 768px) 100vw, 768px\" \/>\t\t<\/div>\n\t\t\n\t\t\t<div class=\"teft-card__content-wrapper\">\n\t\t\t\t<div class=\"teft-card__secondary\">\n\t\t\t\t\t\n\t\t\t\t\t\t\t\t<div class=\"teft-card__meta\">\n\t\t\t\t\t\t\t\t\t<span class=\"post-date\">14. aug 2023<\/span>\n\n\t\t\t\t\t\t\t\t\t<span class=\"post-category\">Ukategorisert<\/span>\t\t\t\t\t\t\t\t<\/div>\n\t\t\t\t\t\t\t\t\t\t\t<\/div>\n\n\t\t\t\t<div class=\"teft-card__primary\">\n\t\t\t\t\t<h2 class=\"teft-card__title\">Bli bedre kjent med v\u00e5re listekandidater Kjetil og Veronika&nbsp;<span class=\"teft-card__primary-title-append\"><\/span><\/h2>\t\t\t\t<\/div>\n\t\t\t<\/div>\n\t\t<\/a>\n\t<\/div>\n\n\t<\/div><\/div>\t<\/div>\n<\/div>\n","protected":false},"excerpt":{"rendered":"","protected":false},"author":37700,"featured_media":0,"comment_status":"closed","ping_status":"closed","sticky":false,"template":"","format":"standard","meta":{"teft_cards_image_url":"","teft_cards_custom_pretitle":"","teft_cards_image_id":0,"teft_cards_image_focal_point_x":0,"teft_cards_image_focal_point_y":0,"teft_cards_title":"","teft_cards_excerpt":"","teft_show_chapters":false,"author_display_name":"","footnotes":""},"category":[1],"post_tag":[],"hoyre-visibility":[],"article-type":[],"politician":[],"class_list":["post-317","post","type-post","status-publish","format-standard","hentry","category-ukategorisert"],"yoast_head":"<!-- This site is optimized with the Yoast SEO plugin v26.6 - https:\/\/yoast.com\/wordpress\/plugins\/seo\/ -->\n<title>Bli bedre kjent med v\u00e5re listekandidater Jone og Fehmi - Klepp H\u00f8yre<\/title>\n<meta name=\"robots\" content=\"index, follow, max-snippet:-1, max-image-preview:large, max-video-preview:-1\" \/>\n<link rel=\"canonical\" href=\"https:\/\/hoyre.no\/klepp\/aktuelt\/bli-bedre-kjent-med-vare-listekandidater-jone-og-fehmi\/\" \/>\n<meta property=\"og:locale\" content=\"nn_NO\" \/>\n<meta property=\"og:type\" content=\"article\" \/>\n<meta property=\"og:title\" content=\"Bli bedre kjent med v\u00e5re listekandidater Jone og Fehmi - Klepp H\u00f8yre\" \/>\n<meta property=\"og:url\" content=\"https:\/\/hoyre.no\/klepp\/aktuelt\/bli-bedre-kjent-med-vare-listekandidater-jone-og-fehmi\/\" \/>\n<meta property=\"og:site_name\" content=\"Klepp H\u00f8yre\" \/>\n<meta property=\"article:published_time\" content=\"2023-08-31T10:00:00+00:00\" \/>\n<meta property=\"og:image\" content=\"https:\/\/hoyre.no\/content\/uploads\/sites\/220\/2022\/11\/Hoyres-logo.png\" \/>\n<meta name=\"author\" content=\"Veronika Dagestad\" \/>\n<meta name=\"twitter:card\" content=\"summary_large_image\" \/>\n<meta name=\"twitter:label1\" content=\"Written by\" \/>\n\t<meta name=\"twitter:data1\" content=\"Veronika Dagestad\" \/>\n\t<meta name=\"twitter:label2\" content=\"Est. reading time\" \/>\n\t<meta name=\"twitter:data2\" content=\"2 minutt\" \/>\n<script type=\"application\/ld+json\" class=\"yoast-schema-graph\">{\"@context\":\"https:\/\/schema.org\",\"@graph\":[{\"@type\":\"NewsArticle\",\"@id\":\"https:\/\/hoyre.no\/klepp\/aktuelt\/bli-bedre-kjent-med-vare-listekandidater-jone-og-fehmi\/\",\"url\":\"https:\/\/hoyre.no\/klepp\/aktuelt\/bli-bedre-kjent-med-vare-listekandidater-jone-og-fehmi\/\",\"name\":\"Bli bedre kjent med v\u00e5re listekandidater Jone og Fehmi - Klepp H\u00f8yre\",\"isPartOf\":{\"@id\":\"https:\/\/hoyre.no\/klepp\/#website\"},\"image\":{\"@id\":\"https:\/\/hoyre.no\/klepp\/aktuelt\/bli-bedre-kjent-med-vare-listekandidater-jone-og-fehmi\/#primaryimage\"},\"thumbnailUrl\":\"https:\/\/hoyre.no\/content\/uploads\/sites\/220\/2023\/08\/Jone-Aasland_DSC8075_just-683x1024.jpg\",\"datePublished\":\"2023-08-31T10:00:00+00:00\",\"author\":{\"@id\":\"https:\/\/hoyre.no\/klepp\/#\/schema\/person\/091b76c994a7672a47b00716a3a6e0f0\"},\"breadcrumb\":{\"@id\":\"https:\/\/hoyre.no\/klepp\/aktuelt\/bli-bedre-kjent-med-vare-listekandidater-jone-og-fehmi\/#breadcrumb\"},\"inLanguage\":\"nn-NO\",\"potentialAction\":[{\"@type\":\"ReadAction\",\"target\":[\"https:\/\/hoyre.no\/klepp\/aktuelt\/bli-bedre-kjent-med-vare-listekandidater-jone-og-fehmi\/\"]}]},{\"@type\":\"ImageObject\",\"inLanguage\":\"nn-NO\",\"@id\":\"https:\/\/hoyre.no\/klepp\/aktuelt\/bli-bedre-kjent-med-vare-listekandidater-jone-og-fehmi\/#primaryimage\",\"url\":\"https:\/\/hoyre.no\/content\/uploads\/sites\/220\/2023\/08\/Jone-Aasland_DSC8075_just-683x1024.jpg\",\"contentUrl\":\"https:\/\/hoyre.no\/content\/uploads\/sites\/220\/2023\/08\/Jone-Aasland_DSC8075_just-683x1024.jpg\"},{\"@type\":\"BreadcrumbList\",\"@id\":\"https:\/\/hoyre.no\/klepp\/aktuelt\/bli-bedre-kjent-med-vare-listekandidater-jone-og-fehmi\/#breadcrumb\",\"itemListElement\":[{\"@type\":\"ListItem\",\"position\":1,\"name\":\"Til hoyre.no\",\"item\":\"https:\/\/hoyre.no\"},{\"@type\":\"ListItem\",\"position\":2,\"name\":\"Hjem\",\"item\":\"https:\/\/hoyre.no\/klepp\/\"},{\"@type\":\"ListItem\",\"position\":3,\"name\":\"Bli bedre kjent med v\u00e5re listekandidater Jone og Fehmi\"}]},{\"@type\":\"WebSite\",\"@id\":\"https:\/\/hoyre.no\/klepp\/#website\",\"url\":\"https:\/\/hoyre.no\/klepp\/\",\"name\":\"Klepp H\u00f8yre\",\"description\":\"Bare enda et H\u00f8yres nettsteder-nettsted\",\"inLanguage\":\"nn-NO\"},{\"@type\":\"Person\",\"@id\":\"https:\/\/hoyre.no\/klepp\/#\/schema\/person\/091b76c994a7672a47b00716a3a6e0f0\",\"name\":\"Veronika Dagestad\",\"image\":{\"@type\":\"ImageObject\",\"inLanguage\":\"nn-NO\",\"@id\":\"https:\/\/hoyre.no\/klepp\/#\/schema\/person\/image\/\",\"url\":\"https:\/\/secure.gravatar.com\/avatar\/1db4f4778e583c050abe98d0d93924f2f10b0b88a4a2b99908cda8d754189f86?s=96&d=mm&r=g\",\"contentUrl\":\"https:\/\/secure.gravatar.com\/avatar\/1db4f4778e583c050abe98d0d93924f2f10b0b88a4a2b99908cda8d754189f86?s=96&d=mm&r=g\",\"caption\":\"Veronika Dagestad\"},\"url\":\"https:\/\/hoyre.no\/klepp\/aktuelt\/author\/m52175411\/\"}]}<\/script>\n<!-- \/ Yoast SEO plugin. -->","yoast_head_json":{"title":"Bli bedre kjent med v\u00e5re listekandidater Jone og Fehmi - Klepp H\u00f8yre","robots":{"index":"index","follow":"follow","max-snippet":"max-snippet:-1","max-image-preview":"max-image-preview:large","max-video-preview":"max-video-preview:-1"},"canonical":"https:\/\/hoyre.no\/klepp\/aktuelt\/bli-bedre-kjent-med-vare-listekandidater-jone-og-fehmi\/","og_locale":"nn_NO","og_type":"article","og_title":"Bli bedre kjent med v\u00e5re listekandidater Jone og Fehmi - Klepp H\u00f8yre","og_url":"https:\/\/hoyre.no\/klepp\/aktuelt\/bli-bedre-kjent-med-vare-listekandidater-jone-og-fehmi\/","og_site_name":"Klepp H\u00f8yre","article_published_time":"2023-08-31T10:00:00+00:00","og_image":[{"url":"https:\/\/hoyre.no\/content\/uploads\/sites\/220\/2022\/11\/Hoyres-logo.png","width":"","height":"","type":""}],"author":"Veronika Dagestad","twitter_card":"summary_large_image","twitter_misc":{"Written by":"Veronika Dagestad","Est. reading time":"2 minutt"},"schema":{"@context":"https:\/\/schema.org","@graph":[{"@type":"NewsArticle","@id":"https:\/\/hoyre.no\/klepp\/aktuelt\/bli-bedre-kjent-med-vare-listekandidater-jone-og-fehmi\/","url":"https:\/\/hoyre.no\/klepp\/aktuelt\/bli-bedre-kjent-med-vare-listekandidater-jone-og-fehmi\/","name":"Bli bedre kjent med v\u00e5re listekandidater Jone og Fehmi - Klepp H\u00f8yre","isPartOf":{"@id":"https:\/\/hoyre.no\/klepp\/#website"},"image":{"@id":"https:\/\/hoyre.no\/klepp\/aktuelt\/bli-bedre-kjent-med-vare-listekandidater-jone-og-fehmi\/#primaryimage"},"thumbnailUrl":"https:\/\/hoyre.no\/content\/uploads\/sites\/220\/2023\/08\/Jone-Aasland_DSC8075_just-683x1024.jpg","datePublished":"2023-08-31T10:00:00+00:00","author":{"@id":"https:\/\/hoyre.no\/klepp\/#\/schema\/person\/091b76c994a7672a47b00716a3a6e0f0"},"breadcrumb":{"@id":"https:\/\/hoyre.no\/klepp\/aktuelt\/bli-bedre-kjent-med-vare-listekandidater-jone-og-fehmi\/#breadcrumb"},"inLanguage":"nn-NO","potentialAction":[{"@type":"ReadAction","target":["https:\/\/hoyre.no\/klepp\/aktuelt\/bli-bedre-kjent-med-vare-listekandidater-jone-og-fehmi\/"]}]},{"@type":"ImageObject","inLanguage":"nn-NO","@id":"https:\/\/hoyre.no\/klepp\/aktuelt\/bli-bedre-kjent-med-vare-listekandidater-jone-og-fehmi\/#primaryimage","url":"https:\/\/hoyre.no\/content\/uploads\/sites\/220\/2023\/08\/Jone-Aasland_DSC8075_just-683x1024.jpg","contentUrl":"https:\/\/hoyre.no\/content\/uploads\/sites\/220\/2023\/08\/Jone-Aasland_DSC8075_just-683x1024.jpg"},{"@type":"BreadcrumbList","@id":"https:\/\/hoyre.no\/klepp\/aktuelt\/bli-bedre-kjent-med-vare-listekandidater-jone-og-fehmi\/#breadcrumb","itemListElement":[{"@type":"ListItem","position":1,"name":"Til hoyre.no","item":"https:\/\/hoyre.no"},{"@type":"ListItem","position":2,"name":"Hjem","item":"https:\/\/hoyre.no\/klepp\/"},{"@type":"ListItem","position":3,"name":"Bli bedre kjent med v\u00e5re listekandidater Jone og Fehmi"}]},{"@type":"WebSite","@id":"https:\/\/hoyre.no\/klepp\/#website","url":"https:\/\/hoyre.no\/klepp\/","name":"Klepp H\u00f8yre","description":"Bare enda et H\u00f8yres nettsteder-nettsted","inLanguage":"nn-NO"},{"@type":"Person","@id":"https:\/\/hoyre.no\/klepp\/#\/schema\/person\/091b76c994a7672a47b00716a3a6e0f0","name":"Veronika Dagestad","image":{"@type":"ImageObject","inLanguage":"nn-NO","@id":"https:\/\/hoyre.no\/klepp\/#\/schema\/person\/image\/","url":"https:\/\/secure.gravatar.com\/avatar\/1db4f4778e583c050abe98d0d93924f2f10b0b88a4a2b99908cda8d754189f86?s=96&d=mm&r=g","contentUrl":"https:\/\/secure.gravatar.com\/avatar\/1db4f4778e583c050abe98d0d93924f2f10b0b88a4a2b99908cda8d754189f86?s=96&d=mm&r=g","caption":"Veronika Dagestad"},"url":"https:\/\/hoyre.no\/klepp\/aktuelt\/author\/m52175411\/"}]}},"distributor_meta":false,"distributor_terms":false,"distributor_media":false,"distributor_original_site_name":"Klepp H\u00f8yre","distributor_original_site_url":"https:\/\/hoyre.no\/klepp","push-errors":false,"_links":{"self":[{"href":"https:\/\/hoyre.no\/klepp\/wp-json\/wp\/v2\/posts\/317","targetHints":{"allow":["GET"]}}],"collection":[{"href":"https:\/\/hoyre.no\/klepp\/wp-json\/wp\/v2\/posts"}],"about":[{"href":"https:\/\/hoyre.no\/klepp\/wp-json\/wp\/v2\/types\/post"}],"author":[{"embeddable":true,"href":"https:\/\/hoyre.no\/klepp\/wp-json\/wp\/v2\/users\/37700"}],"replies":[{"embeddable":true,"href":"https:\/\/hoyre.no\/klepp\/wp-json\/wp\/v2\/comments?post=317"}],"version-history":[{"count":1,"href":"https:\/\/hoyre.no\/klepp\/wp-json\/wp\/v2\/posts\/317\/revisions"}],"predecessor-version":[{"id":320,"href":"https:\/\/hoyre.no\/klepp\/wp-json\/wp\/v2\/posts\/317\/revisions\/320"}],"wp:attachment":[{"href":"https:\/\/hoyre.no\/klepp\/wp-json\/wp\/v2\/media?parent=317"}],"wp:term":[{"taxonomy":"category","embeddable":true,"href":"https:\/\/hoyre.no\/klepp\/wp-json\/wp\/v2\/category?post=317"},{"taxonomy":"post_tag","embeddable":true,"href":"https:\/\/hoyre.no\/klepp\/wp-json\/wp\/v2\/post_tag?post=317"},{"taxonomy":"hoyre-visibility","embeddable":true,"href":"https:\/\/hoyre.no\/klepp\/wp-json\/wp\/v2\/hoyre-visibility?post=317"},{"taxonomy":"article-type","embeddable":true,"href":"https:\/\/hoyre.no\/klepp\/wp-json\/wp\/v2\/article-type?post=317"},{"taxonomy":"politician","embeddable":true,"href":"https:\/\/hoyre.no\/klepp\/wp-json\/wp\/v2\/politician?post=317"}],"curies":[{"name":"wp","href":"https:\/\/api.w.org\/{rel}","templated":true}]}}