{"id":55,"date":"2022-09-29T18:57:59","date_gmt":"2022-09-29T16:57:59","guid":{"rendered":"https:\/\/hoyre.no\/kongsvinger\/?p=55"},"modified":"2022-09-29T18:59:04","modified_gmt":"2022-09-29T16:59:04","slug":"nominasjon-til-kommunestyrevalget","status":"publish","type":"post","link":"https:\/\/hoyre.no\/kongsvinger\/aktuelt\/nominasjon-til-kommunestyrevalget\/","title":{"rendered":"Nominasjon til kommunestyrevalget"},"content":{"rendered":"\n<p class=\"preamble\">Kongsvinger H\u00f8yre avholder nominasjonsm\u00f8te 28. november 2022.<\/p>\t\t\t<div class=\"post-meta wp-block teft-byline-wrapper\">\n\t\t\t\t<div class=\"top\">\n\t\t\t\t\t<div class=\"signature\">\n\t\t\t\t\t\t<div class=\"teft-byline\">\n\t\t\t\t\t\t\t\t\t\t\t\t\t\t<div>\n\t\t\t\t\t\t\t\t<h3>H\u00f8yres redaksjon<\/h3>\t\t\t\t\t\t\t\t\n\t\t\t\t\t\t\t\t\t\t\t\t\t\t\t\t\t<span class=\"date\">Sist oppdatert: 29. september 2022<\/span>\n\t\t\t\t\t\t\t\t\t\t\t\t\t\t\t\t\t\t\t\t\t\t\t\t\t<span class=\"reading-time\" itemprop=\"timeRequired\" content=\"PT1M\"><em>Ca. 1 minutter lesetid<\/em><\/span>\n\t\t\t\t\t\t\t\t\t\t\t\t\t\t\t<\/div>\n\t\t\t\t\t\t<\/div>\n\t\t\t\t\t<\/div>\n\t\t\t\t\t\t<div class=\"sharing\">\n\t\t<a class=\"share-button share-link copy-link\" data-copy=\"https:\/\/hoyre.no\/kongsvinger\/aktuelt\/nominasjon-til-kommunestyrevalget\/\" target=\"_blank\"><span class=\"screen-reader-text\">Del link<\/span><\/a>\n\t\t<a class=\"share-button share-twitter\" href=\"http:\/\/twitter.com\/share?text=Nominasjon til kommunestyrevalget&#038;url=https:\/\/hoyre.no\/kongsvinger\/aktuelt\/nominasjon-til-kommunestyrevalget\/&#038;hashtags=Hoyre\" target=\"_blank\"><span class=\"screen-reader-text\">Del p\u00e5 twitter<\/span><\/a>\n\t\t<a class=\"share-button share-facebook\" href=\"https:\/\/www.facebook.com\/sharer\/sharer.php?u=https:\/\/hoyre.no\/kongsvinger\/aktuelt\/nominasjon-til-kommunestyrevalget\/\" target=\"_blank\"><span class=\"screen-reader-text\">Del p\u00e5 facebook<\/span><\/a>\n\t<\/div>\n\t\t\t\t\t<\/div>\n\t\t\t<\/div>\n\n\t\t\t<figure class=\"hoyre-image-wrapper\"><div class=\"hoyre-image\"><img loading=\"lazy\" decoding=\"async\" width=\"1067\" height=\"706\" src=\"https:\/\/hoyre.no\/content\/uploads\/sites\/74\/2022\/09\/nominasjon_kongsvinger.jpg\" class=\"attachment-scaled size-scaled\" alt=\"\" style=\"object-position: 48% 66%\" srcset=\"https:\/\/hoyre.no\/content\/uploads\/sites\/74\/2022\/09\/nominasjon_kongsvinger.jpg 1067w, https:\/\/hoyre.no\/content\/uploads\/sites\/74\/2022\/09\/nominasjon_kongsvinger-300x199.jpg 300w, https:\/\/hoyre.no\/content\/uploads\/sites\/74\/2022\/09\/nominasjon_kongsvinger-1024x678.jpg 1024w, https:\/\/hoyre.no\/content\/uploads\/sites\/74\/2022\/09\/nominasjon_kongsvinger-768x508.jpg 768w\" sizes=\"auto, (max-width: 1067px) 100vw, 1067px\" \/><\/div><\/figure>\n\n\n\n\n<p>Vi ser frem til kommunestyrevalget i september 2023, og prosessen med \u00e5 finne gode kandidater til H\u00f8yres liste i Kongsvinger kommune er i gang.<\/p>\n\n\n\n<p>Kongsvinger H\u00f8yre avholder sitt nominasjonsm\u00f8te til kommunevalglisten 28. november 2022.<\/p>\n\n\n\n<p>Nominasjonskomiteen, under ledelse av Odd Henning Dypvik, er opptatt av \u00e5 ha en s\u00e5 mangfoldig liste som mulig og tar gjerne imot forslag til kandidater med ulik bakgrunn. Som et folkeparti skal vi fors\u00f8ke v\u00e5rt beste \u00e5 avspeile kommunen. Fremfor alt vil vi gjerne ha kandidater som nyter respekt i v\u00e5rt n\u00e6rmilj\u00f8, p\u00e5 arbeidsplassen, i idrettslaget, eller andre frivillige organisasjoner. Skal vi f\u00e5 en liste med bred appell er vi helt avhengig av gode forslag fra v\u00e5re medlemmer og sympatis\u00f8rer. <\/p>\n\n\n\n<p><a href=\"https:\/\/kandidat.hoyre.no\/\" target=\"_blank\" rel=\"noreferrer noopener\">Send oss gjerne foreslag p\u00e5 kandidater<\/a><\/p>\n\n\n<div class=\"tags\">\n\t<\/div>\n<div class=\"post-footer alignfull has-background block-editor-block-list__block\" data-align=full>\n\t<div class=\"post-footer-inner\">\n\t\t<h3>Relaterte artikler<\/h3>\n\t\t<div class=\"related-content\"><div class=\"is-card-hoyre\">\n\t<div class=\"teft-card hoyre-teft-card post-teft-card\">\n\t\t<a href=\"https:\/\/hoyre.no\/kongsvinger\/aktuelt\/program_2019_2023\/\" class=\"teft-card__primary-action\">\n\n\t\t\t\t\t<div class=\"teft-card__media teft-card__media--16-9\">\n\t\t\t\t\t\t<img loading=\"lazy\" decoding=\"async\" width=\"768\" height=\"1090\" src=\"https:\/\/hoyre.no\/content\/uploads\/sites\/74\/2020\/11\/a777a65e_74a4_4cfa_a-768x1090.jpg\" class=\"attachment-medium_large size-medium_large\" alt=\"\" srcset=\"https:\/\/hoyre.no\/content\/uploads\/sites\/74\/2020\/11\/a777a65e_74a4_4cfa_a-768x1090.jpg 768w, https:\/\/hoyre.no\/content\/uploads\/sites\/74\/2020\/11\/a777a65e_74a4_4cfa_a-211x300.jpg 211w, https:\/\/hoyre.no\/content\/uploads\/sites\/74\/2020\/11\/a777a65e_74a4_4cfa_a-722x1024.jpg 722w, https:\/\/hoyre.no\/content\/uploads\/sites\/74\/2020\/11\/a777a65e_74a4_4cfa_a.jpg 874w\" sizes=\"auto, (max-width: 768px) 100vw, 768px\" \/>\t\t<\/div>\n\t\t\n\t\t\t<div class=\"teft-card__content-wrapper\">\n\t\t\t\t<div class=\"teft-card__secondary\">\n\t\t\t\t\t\n\t\t\t\t\t\t\t\t<div class=\"teft-card__meta\">\n\t\t\t\t\t\t\t\t\t<span class=\"post-date\">30. jul 2019<\/span>\n\n\t\t\t\t\t\t\t\t\t\t\t\t\t\t\t\t\t<\/div>\n\t\t\t\t\t\t\t\t\t\t\t<\/div>\n\n\t\t\t\t<div class=\"teft-card__primary\">\n\t\t\t\t\t<h2 class=\"teft-card__title\">Program 2019-2023&nbsp;<span class=\"teft-card__primary-title-append\"><\/span><\/h2>\t\t\t\t<\/div>\n\t\t\t<\/div>\n\t\t<\/a>\n\t<\/div>\n\n\t<\/div><\/div>\t<\/div>\n<\/div>\n","protected":false},"excerpt":{"rendered":"","protected":false},"author":28039,"featured_media":0,"comment_status":"closed","ping_status":"closed","sticky":false,"template":"","format":"standard","meta":{"teft_cards_image_url":"","teft_cards_custom_pretitle":"","teft_cards_image_id":57,"teft_cards_image_focal_point_x":0.5,"teft_cards_image_focal_point_y":0.5,"teft_cards_title":"","teft_cards_excerpt":"","teft_show_chapters":false,"author_display_name":"","footnotes":""},"category":[1],"post_tag":[],"hoyre-visibility":[],"article-type":[],"politician":[],"class_list":["post-55","post","type-post","status-publish","format-standard","hentry","category-ukategorisert"],"yoast_head":"<!-- This site is optimized with the Yoast SEO plugin v26.6 - https:\/\/yoast.com\/wordpress\/plugins\/seo\/ -->\n<title>Nominasjon til kommunestyrevalget - Kongsvinger H\u00f8yre<\/title>\n<meta name=\"robots\" content=\"index, follow, max-snippet:-1, max-image-preview:large, max-video-preview:-1\" \/>\n<link rel=\"canonical\" href=\"https:\/\/hoyre.no\/kongsvinger\/aktuelt\/nominasjon-til-kommunestyrevalget\/\" \/>\n<meta property=\"og:locale\" content=\"nb_NO\" \/>\n<meta property=\"og:type\" content=\"article\" \/>\n<meta property=\"og:title\" content=\"Nominasjon til kommunestyrevalget - Kongsvinger H\u00f8yre\" \/>\n<meta property=\"og:url\" content=\"https:\/\/hoyre.no\/kongsvinger\/aktuelt\/nominasjon-til-kommunestyrevalget\/\" \/>\n<meta property=\"og:site_name\" content=\"Kongsvinger H\u00f8yre\" \/>\n<meta property=\"article:published_time\" content=\"2022-09-29T16:57:59+00:00\" \/>\n<meta property=\"article:modified_time\" content=\"2022-09-29T16:59:04+00:00\" \/>\n<meta property=\"og:image\" content=\"https:\/\/hoyre.no\/content\/uploads\/sites\/74\/2020\/11\/a777a65e_74a4_4cfa_a-722x1024.jpg\" \/>\n<meta name=\"author\" content=\"Marianne Gunnerud\" \/>\n<meta name=\"twitter:card\" content=\"summary_large_image\" \/>\n<meta name=\"twitter:label1\" content=\"Skrevet av\" \/>\n\t<meta name=\"twitter:data1\" content=\"Marianne Gunnerud\" \/>\n\t<meta name=\"twitter:label2\" content=\"Ansl. lesetid\" \/>\n\t<meta name=\"twitter:data2\" content=\"1 minutt\" \/>\n<script type=\"application\/ld+json\" class=\"yoast-schema-graph\">{\"@context\":\"https:\/\/schema.org\",\"@graph\":[{\"@type\":\"NewsArticle\",\"@id\":\"https:\/\/hoyre.no\/kongsvinger\/aktuelt\/nominasjon-til-kommunestyrevalget\/\",\"url\":\"https:\/\/hoyre.no\/kongsvinger\/aktuelt\/nominasjon-til-kommunestyrevalget\/\",\"name\":\"Nominasjon til kommunestyrevalget - Kongsvinger H\u00f8yre\",\"isPartOf\":{\"@id\":\"https:\/\/hoyre.no\/kongsvinger\/#website\"},\"datePublished\":\"2022-09-29T16:57:59+00:00\",\"dateModified\":\"2022-09-29T16:59:04+00:00\",\"author\":{\"@id\":\"https:\/\/hoyre.no\/kongsvinger\/#\/schema\/person\/f0a788fe77deb9bd4c8c2da7d5c22c97\"},\"breadcrumb\":{\"@id\":\"https:\/\/hoyre.no\/kongsvinger\/aktuelt\/nominasjon-til-kommunestyrevalget\/#breadcrumb\"},\"inLanguage\":\"nb-NO\",\"potentialAction\":[{\"@type\":\"ReadAction\",\"target\":[\"https:\/\/hoyre.no\/kongsvinger\/aktuelt\/nominasjon-til-kommunestyrevalget\/\"]}]},{\"@type\":\"BreadcrumbList\",\"@id\":\"https:\/\/hoyre.no\/kongsvinger\/aktuelt\/nominasjon-til-kommunestyrevalget\/#breadcrumb\",\"itemListElement\":[{\"@type\":\"ListItem\",\"position\":1,\"name\":\"Til hoyre.no\",\"item\":\"https:\/\/hoyre.no\"},{\"@type\":\"ListItem\",\"position\":2,\"name\":\"Hjem\",\"item\":\"https:\/\/hoyre.no\/kongsvinger\/\"},{\"@type\":\"ListItem\",\"position\":3,\"name\":\"Nominasjon til kommunestyrevalget\"}]},{\"@type\":\"WebSite\",\"@id\":\"https:\/\/hoyre.no\/kongsvinger\/#website\",\"url\":\"https:\/\/hoyre.no\/kongsvinger\/\",\"name\":\"Kongsvinger H\u00f8yre\",\"description\":\"Bare enda et H\u00f8yres nettsteder-nettsted\",\"inLanguage\":\"nb-NO\"},{\"@type\":\"Person\",\"@id\":\"https:\/\/hoyre.no\/kongsvinger\/#\/schema\/person\/f0a788fe77deb9bd4c8c2da7d5c22c97\",\"name\":\"Marianne Gunnerud\",\"image\":{\"@type\":\"ImageObject\",\"inLanguage\":\"nb-NO\",\"@id\":\"https:\/\/hoyre.no\/kongsvinger\/#\/schema\/person\/image\/\",\"url\":\"https:\/\/secure.gravatar.com\/avatar\/481e93059b3e2beffbe812ded6df7841628911049651966d3cb038c88f954cf8?s=96&d=mm&r=g\",\"contentUrl\":\"https:\/\/secure.gravatar.com\/avatar\/481e93059b3e2beffbe812ded6df7841628911049651966d3cb038c88f954cf8?s=96&d=mm&r=g\",\"caption\":\"Marianne Gunnerud\"},\"url\":\"https:\/\/hoyre.no\/kongsvinger\/aktuelt\/author\/m51971695\/\"}]}<\/script>\n<!-- \/ Yoast SEO plugin. -->","yoast_head_json":{"title":"Nominasjon til kommunestyrevalget - Kongsvinger H\u00f8yre","robots":{"index":"index","follow":"follow","max-snippet":"max-snippet:-1","max-image-preview":"max-image-preview:large","max-video-preview":"max-video-preview:-1"},"canonical":"https:\/\/hoyre.no\/kongsvinger\/aktuelt\/nominasjon-til-kommunestyrevalget\/","og_locale":"nb_NO","og_type":"article","og_title":"Nominasjon til kommunestyrevalget - Kongsvinger H\u00f8yre","og_url":"https:\/\/hoyre.no\/kongsvinger\/aktuelt\/nominasjon-til-kommunestyrevalget\/","og_site_name":"Kongsvinger H\u00f8yre","article_published_time":"2022-09-29T16:57:59+00:00","article_modified_time":"2022-09-29T16:59:04+00:00","og_image":[{"url":"https:\/\/hoyre.no\/content\/uploads\/sites\/74\/2020\/11\/a777a65e_74a4_4cfa_a-722x1024.jpg","width":"","height":"","type":""}],"author":"Marianne Gunnerud","twitter_card":"summary_large_image","twitter_misc":{"Skrevet av":"Marianne Gunnerud","Ansl. lesetid":"1 minutt"},"schema":{"@context":"https:\/\/schema.org","@graph":[{"@type":"NewsArticle","@id":"https:\/\/hoyre.no\/kongsvinger\/aktuelt\/nominasjon-til-kommunestyrevalget\/","url":"https:\/\/hoyre.no\/kongsvinger\/aktuelt\/nominasjon-til-kommunestyrevalget\/","name":"Nominasjon til kommunestyrevalget - Kongsvinger H\u00f8yre","isPartOf":{"@id":"https:\/\/hoyre.no\/kongsvinger\/#website"},"datePublished":"2022-09-29T16:57:59+00:00","dateModified":"2022-09-29T16:59:04+00:00","author":{"@id":"https:\/\/hoyre.no\/kongsvinger\/#\/schema\/person\/f0a788fe77deb9bd4c8c2da7d5c22c97"},"breadcrumb":{"@id":"https:\/\/hoyre.no\/kongsvinger\/aktuelt\/nominasjon-til-kommunestyrevalget\/#breadcrumb"},"inLanguage":"nb-NO","potentialAction":[{"@type":"ReadAction","target":["https:\/\/hoyre.no\/kongsvinger\/aktuelt\/nominasjon-til-kommunestyrevalget\/"]}]},{"@type":"BreadcrumbList","@id":"https:\/\/hoyre.no\/kongsvinger\/aktuelt\/nominasjon-til-kommunestyrevalget\/#breadcrumb","itemListElement":[{"@type":"ListItem","position":1,"name":"Til hoyre.no","item":"https:\/\/hoyre.no"},{"@type":"ListItem","position":2,"name":"Hjem","item":"https:\/\/hoyre.no\/kongsvinger\/"},{"@type":"ListItem","position":3,"name":"Nominasjon til kommunestyrevalget"}]},{"@type":"WebSite","@id":"https:\/\/hoyre.no\/kongsvinger\/#website","url":"https:\/\/hoyre.no\/kongsvinger\/","name":"Kongsvinger H\u00f8yre","description":"Bare enda et H\u00f8yres nettsteder-nettsted","inLanguage":"nb-NO"},{"@type":"Person","@id":"https:\/\/hoyre.no\/kongsvinger\/#\/schema\/person\/f0a788fe77deb9bd4c8c2da7d5c22c97","name":"Marianne Gunnerud","image":{"@type":"ImageObject","inLanguage":"nb-NO","@id":"https:\/\/hoyre.no\/kongsvinger\/#\/schema\/person\/image\/","url":"https:\/\/secure.gravatar.com\/avatar\/481e93059b3e2beffbe812ded6df7841628911049651966d3cb038c88f954cf8?s=96&d=mm&r=g","contentUrl":"https:\/\/secure.gravatar.com\/avatar\/481e93059b3e2beffbe812ded6df7841628911049651966d3cb038c88f954cf8?s=96&d=mm&r=g","caption":"Marianne Gunnerud"},"url":"https:\/\/hoyre.no\/kongsvinger\/aktuelt\/author\/m51971695\/"}]}},"distributor_meta":false,"distributor_terms":false,"distributor_media":false,"distributor_original_site_name":"Kongsvinger H\u00f8yre","distributor_original_site_url":"https:\/\/hoyre.no\/kongsvinger","push-errors":false,"_links":{"self":[{"href":"https:\/\/hoyre.no\/kongsvinger\/wp-json\/wp\/v2\/posts\/55","targetHints":{"allow":["GET"]}}],"collection":[{"href":"https:\/\/hoyre.no\/kongsvinger\/wp-json\/wp\/v2\/posts"}],"about":[{"href":"https:\/\/hoyre.no\/kongsvinger\/wp-json\/wp\/v2\/types\/post"}],"author":[{"embeddable":true,"href":"https:\/\/hoyre.no\/kongsvinger\/wp-json\/wp\/v2\/users\/28039"}],"replies":[{"embeddable":true,"href":"https:\/\/hoyre.no\/kongsvinger\/wp-json\/wp\/v2\/comments?post=55"}],"version-history":[{"count":2,"href":"https:\/\/hoyre.no\/kongsvinger\/wp-json\/wp\/v2\/posts\/55\/revisions"}],"predecessor-version":[{"id":59,"href":"https:\/\/hoyre.no\/kongsvinger\/wp-json\/wp\/v2\/posts\/55\/revisions\/59"}],"wp:attachment":[{"href":"https:\/\/hoyre.no\/kongsvinger\/wp-json\/wp\/v2\/media?parent=55"}],"wp:term":[{"taxonomy":"category","embeddable":true,"href":"https:\/\/hoyre.no\/kongsvinger\/wp-json\/wp\/v2\/category?post=55"},{"taxonomy":"post_tag","embeddable":true,"href":"https:\/\/hoyre.no\/kongsvinger\/wp-json\/wp\/v2\/post_tag?post=55"},{"taxonomy":"hoyre-visibility","embeddable":true,"href":"https:\/\/hoyre.no\/kongsvinger\/wp-json\/wp\/v2\/hoyre-visibility?post=55"},{"taxonomy":"article-type","embeddable":true,"href":"https:\/\/hoyre.no\/kongsvinger\/wp-json\/wp\/v2\/article-type?post=55"},{"taxonomy":"politician","embeddable":true,"href":"https:\/\/hoyre.no\/kongsvinger\/wp-json\/wp\/v2\/politician?post=55"}],"curies":[{"name":"wp","href":"https:\/\/api.w.org\/{rel}","templated":true}]}}