{"id":136,"date":"2021-01-20T17:35:04","date_gmt":"2021-01-20T16:35:04","guid":{"rendered":"https:\/\/hoyre.no\/kristiansand\/?p=136"},"modified":"2021-12-07T11:11:29","modified_gmt":"2021-12-07T10:11:29","slug":"interpellasjon-om-vaksinering-i-kristiansand","status":"publish","type":"post","link":"https:\/\/hoyre.no\/kristiansand\/aktuelt\/interpellasjon-om-vaksinering-i-kristiansand\/","title":{"rendered":"Interpellasjon om vaksinering i Kristiansand"},"content":{"rendered":"\n<p class=\"preamble\">Bystyremedlem Espen Saga (H) har skrevet en interpellasjon til ordf\u00f8rer om \u00e5 ta i bruk private vaksinasjonskontorer for \u00e5 tilby Covid-19 vaksine til v\u00e5re innbyggere.<\/p>\t\t\t<div class=\"post-meta wp-block teft-byline-wrapper\">\n\t\t\t\t<div class=\"top\">\n\t\t\t\t\t<div class=\"signature\">\n\t\t\t\t\t\t<div class=\"teft-byline\">\n\t\t\t\t\t\t\t\t\t\t\t\t\t\t<div>\n\t\t\t\t\t\t\t\t<h3>H\u00f8yres redaksjon<\/h3>\t\t\t\t\t\t\t\t\n\t\t\t\t\t\t\t\t\t\t\t\t\t\t\t\t\t<span class=\"date\">Sist oppdatert: 7. desember 2021<\/span>\n\t\t\t\t\t\t\t\t\t\t\t\t\t\t\t\t\t\t\t\t\t\t\t\t\t<span class=\"reading-time\" itemprop=\"timeRequired\" content=\"PT2M\"><em>Ca. 2 minutter lesetid<\/em><\/span>\n\t\t\t\t\t\t\t\t\t\t\t\t\t\t\t<\/div>\n\t\t\t\t\t\t<\/div>\n\t\t\t\t\t<\/div>\n\t\t\t\t\t\t<div class=\"sharing\">\n\t\t<a class=\"share-button share-link copy-link\" data-copy=\"https:\/\/hoyre.no\/kristiansand\/aktuelt\/interpellasjon-om-vaksinering-i-kristiansand\/\" target=\"_blank\"><span class=\"screen-reader-text\">Del link<\/span><\/a>\n\t\t<a class=\"share-button share-twitter\" href=\"http:\/\/twitter.com\/share?text=Interpellasjon om vaksinering i Kristiansand&#038;url=https:\/\/hoyre.no\/kristiansand\/aktuelt\/interpellasjon-om-vaksinering-i-kristiansand\/&#038;hashtags=Hoyre\" target=\"_blank\"><span class=\"screen-reader-text\">Del p\u00e5 twitter<\/span><\/a>\n\t\t<a class=\"share-button share-facebook\" href=\"https:\/\/www.facebook.com\/sharer\/sharer.php?u=https:\/\/hoyre.no\/kristiansand\/aktuelt\/interpellasjon-om-vaksinering-i-kristiansand\/\" target=\"_blank\"><span class=\"screen-reader-text\">Del p\u00e5 facebook<\/span><\/a>\n\t<\/div>\n\t\t\t\t\t<\/div>\n\t\t\t<\/div>\n\n\t\t\t<figure class=\"hoyre-image-wrapper\"><div class=\"hoyre-image\"><img loading=\"lazy\" decoding=\"async\" width=\"850\" height=\"850\" src=\"https:\/\/hoyre.no\/content\/uploads\/sites\/28\/2020\/11\/espen_saga_dsc_3348.jpg\" class=\"attachment-scaled size-scaled\" alt=\"Bystyremedlem Espen Saga\" style=\"object-position: 54% 22%\" srcset=\"https:\/\/hoyre.no\/content\/uploads\/sites\/28\/2020\/11\/espen_saga_dsc_3348.jpg 850w, https:\/\/hoyre.no\/content\/uploads\/sites\/28\/2020\/11\/espen_saga_dsc_3348-300x300.jpg 300w, https:\/\/hoyre.no\/content\/uploads\/sites\/28\/2020\/11\/espen_saga_dsc_3348-150x150.jpg 150w, https:\/\/hoyre.no\/content\/uploads\/sites\/28\/2020\/11\/espen_saga_dsc_3348-768x768.jpg 768w\" sizes=\"auto, (max-width: 850px) 100vw, 850px\" \/><\/div><\/figure>\n\n\n\n\n<p><strong>Kristiansand Kommune er n\u00e5 godt i gang med c-19 vaksineringen av byens befolkning. Hver dag gis det vaksiner til de prioriterte gruppene utfra kriteriene fra statlige myndigheter. Etter hvert utvides gruppene til ogs\u00e5 \u00e5 omfatte stadig flere mennesker.<\/strong><br><br>Det gj\u00f8res et veldig godt arbeid av kommunens smittevernteam, og sammen med det kommunale vaksinasjonskontoret og fastlegene, er det laget en god plan for \u00e5 rulle ut vaksineringen p\u00e5 en mest mulig effektiv m\u00e5te.<br><br>Jeg har imidlertid f\u00e5tt tilbakemeldinger fra enkelte fastleger som er bekymret for hvordan de skal klare vaksinasjonsoppgavene sammen med den ordin\u00e6re pasientbehandlingen. Etter hvert som vaksinen tilbys stadig flere, m\u00e5 b\u00e5de ettermiddager og kvelder tas i bruk for \u00e5 dekke ettersp\u00f8rselen.<br><br>Kommunens vaksinasjonskontor er behjelpelige med \u00e5 avlaste fastlegene, men ogs\u00e5 de har begrenset kapasitet.<br><br><strong>Samtidig vet vi at det i byen v\u00e5r finnes private vaksinasjonskontorer som har b\u00e5de lang erfaring n\u00e5r det gjelder vaksiner, og ikke minst ledig kapasitet til \u00e5 avlaste fastlegene med vaksineringen.<\/strong><br><br>Det er flere fastleger som benytter private vaksinasjonskontorer som ekstraressurs og faglig r\u00e5dgiver i en normal situasjon med reisevaksiner og influensavaksiner. De \u00f8nsker ogs\u00e5 \u00e5 gj\u00f8re dette under c-19 vaksinasjonen.<br>Et privat vaksinasjonskontor i Kristiansand er S\u00f8rover AS. S\u00f8rover har b\u00e5de kompetanse, egnete lokaler og ikke minst sv\u00e6rt mye ledig kapasitet til \u00e5 v\u00e6re en partner for kommunen og fastlegene under c19 vaksineringen.<\/p>\n\n\n\n<p>Til tross for gjentatte henvendelser til kommunen har de per dags dato ikke blitt tatt med i planleggingen av vaksineringen og har ikke f\u00e5tt mulighet til \u00e5 gjennomf\u00f8re vaksineringer og avlaste fastlegene.<br><br>Ordf\u00f8rer, her kan vi sl\u00e5 to fluer i en smekk.<br><br>S\u00f8rover er en privat bedrift som har merket pandemien hardt p\u00e5 kroppen. I fjor hadde de en omsettings nedgang p\u00e5 80 % grunnet at folk ikke lenger har behov for feks reisevaksiner.<br><br>Dersom de private vaksinasjonskontorene f\u00e5r anledning til \u00e5 tilby c19 vaksiner og avlaste fastlegene, vil det v\u00e6re b\u00e5de god n\u00e6ringspolitikk og sv\u00e6rt god helsepolitikk. To omr\u00e5der jeg antar ordf\u00f8reren er opptatt av.<br><\/p>\n\n\n\n<p><strong>S\u00e5 sp\u00f8rsm\u00e5let mitt til ordf\u00f8reren blir da: Vil du ta et initiativ slik at private vaksinasjonskontorer i Kristiansand blir gitt muligheten til \u00e5 tilby c-19 vaksiner, og avlaste fastlegene der hvor fastlegene selv ikke har tilstrekkelig kapasitet til \u00e5 gjennomf\u00f8re vaksinering av sine pasienter?<br><br><\/strong>Espen Saga (H)<br>Bystyremedlem<br>Medlem Helseutvalget<\/p>\n\n\n<div class=\"tags\">\n\t\t<div class=\"wp-block-tag-cloud\">\n\t\t\t\t\t<a href=\"https:\/\/hoyre.no\/kristiansand\/aktuelt\/tag\/interpellasjon\/\" class=\"tag-cloud-link\">Interpellasjon<\/a>\n\t\t\t<\/div>\n\t<\/div>\n<div class=\"post-footer alignfull has-background block-editor-block-list__block\" data-align=full>\n\t<div class=\"post-footer-inner\">\n\t\t<h3>Relaterte artikler<\/h3>\n\t\t<div class=\"related-content\"><div class=\"is-card-hoyre\">\n\t<div class=\"teft-card hoyre-teft-card post-teft-card\">\n\t\t<a href=\"https:\/\/hoyre.no\/kristiansand\/aktuelt\/hvem-skal-sitte-i-bystyret\/\" class=\"teft-card__primary-action\">\n\n\t\t\t<div class=\"teft-card__media teft-card__media--16-9 no-image\"><\/div>\n\t\t\t<div class=\"teft-card__content-wrapper\">\n\t\t\t\t<div class=\"teft-card__secondary\">\n\t\t\t\t\t\n\t\t\t\t\t\t\t\t<div class=\"teft-card__meta\">\n\t\t\t\t\t\t\t\t\t<span class=\"post-date\">30. mar 2026<\/span>\n\n\t\t\t\t\t\t\t\t\t\t\t\t\t\t\t\t\t<\/div>\n\t\t\t\t\t\t\t\t\t\t\t<\/div>\n\n\t\t\t\t<div class=\"teft-card__primary\">\n\t\t\t\t\t<h2 class=\"teft-card__title\">Hvem skal sitte i bystyret?\u00a0&nbsp;<span class=\"teft-card__primary-title-append\"><\/span><\/h2>\t\t\t\t<\/div>\n\t\t\t<\/div>\n\t\t<\/a>\n\t<\/div>\n\n\t<\/div><div class=\"is-card-hoyre\">\n\t<div class=\"teft-card hoyre-teft-card post-teft-card\">\n\t\t<a href=\"https:\/\/hoyre.no\/kristiansand\/aktuelt\/snart-ett-ar-som-ordforerens-radgiver\/\" class=\"teft-card__primary-action\">\n\n\t\t\t\t\t<div class=\"teft-card__media teft-card__media--16-9\">\n\t\t\t\t\t\t<img loading=\"lazy\" decoding=\"async\" width=\"768\" height=\"497\" src=\"https:\/\/hoyre.no\/content\/uploads\/sites\/28\/2026\/02\/IMG_0005-768x497.jpg\" class=\"attachment-medium_large size-medium_large\" alt=\"\" srcset=\"https:\/\/hoyre.no\/content\/uploads\/sites\/28\/2026\/02\/IMG_0005-768x497.jpg 768w, https:\/\/hoyre.no\/content\/uploads\/sites\/28\/2026\/02\/IMG_0005-300x194.jpg 300w, https:\/\/hoyre.no\/content\/uploads\/sites\/28\/2026\/02\/IMG_0005-1024x662.jpg 1024w, https:\/\/hoyre.no\/content\/uploads\/sites\/28\/2026\/02\/IMG_0005.jpg 1200w\" sizes=\"auto, (max-width: 768px) 100vw, 768px\" \/>\t\t<\/div>\n\t\t\n\t\t\t<div class=\"teft-card__content-wrapper\">\n\t\t\t\t<div class=\"teft-card__secondary\">\n\t\t\t\t\t\n\t\t\t\t\t\t\t\t<div class=\"teft-card__meta\">\n\t\t\t\t\t\t\t\t\t<span class=\"post-date\">5. feb 2026<\/span>\n\n\t\t\t\t\t\t\t\t\t\t\t\t\t\t\t\t\t<\/div>\n\t\t\t\t\t\t\t\t\t\t\t<\/div>\n\n\t\t\t\t<div class=\"teft-card__primary\">\n\t\t\t\t\t<h2 class=\"teft-card__title\">Snart ett \u00e5r som ordf\u00f8rerens r\u00e5dgiver&nbsp;<span class=\"teft-card__primary-title-append\"><\/span><\/h2>\t\t\t\t<\/div>\n\t\t\t<\/div>\n\t\t<\/a>\n\t<\/div>\n\n\t<\/div><div class=\"is-card-hoyre\">\n\t<div class=\"teft-card hoyre-teft-card post-teft-card\">\n\t\t<a href=\"https:\/\/hoyre.no\/kristiansand\/aktuelt\/valgkampaktiviteter-i-kristiansand-bli-med\/\" class=\"teft-card__primary-action\">\n\n\t\t\t\t\t<div class=\"teft-card__media teft-card__media--16-9\">\n\t\t\t\t\t\t<img loading=\"lazy\" decoding=\"async\" width=\"768\" height=\"576\" src=\"https:\/\/hoyre.no\/content\/uploads\/sites\/28\/2023\/09\/tempImageLf7hdu-768x576.jpg\" class=\"attachment-medium_large size-medium_large\" alt=\"\" srcset=\"https:\/\/hoyre.no\/content\/uploads\/sites\/28\/2023\/09\/tempImageLf7hdu-768x576.jpg 768w, https:\/\/hoyre.no\/content\/uploads\/sites\/28\/2023\/09\/tempImageLf7hdu-300x225.jpg 300w, https:\/\/hoyre.no\/content\/uploads\/sites\/28\/2023\/09\/tempImageLf7hdu-1024x768.jpg 1024w, https:\/\/hoyre.no\/content\/uploads\/sites\/28\/2023\/09\/tempImageLf7hdu-1536x1152.jpg 1536w, https:\/\/hoyre.no\/content\/uploads\/sites\/28\/2023\/09\/tempImageLf7hdu-2048x1536.jpg 2048w\" sizes=\"auto, (max-width: 768px) 100vw, 768px\" \/>\t\t<\/div>\n\t\t\n\t\t\t<div class=\"teft-card__content-wrapper\">\n\t\t\t\t<div class=\"teft-card__secondary\">\n\t\t\t\t\t\n\t\t\t\t\t\t\t\t<div class=\"teft-card__meta\">\n\t\t\t\t\t\t\t\t\t<span class=\"post-date\">26. aug 2025<\/span>\n\n\t\t\t\t\t\t\t\t\t<span class=\"post-category\">Ukategorisert<\/span>\t\t\t\t\t\t\t\t<\/div>\n\t\t\t\t\t\t\t\t\t\t\t<\/div>\n\n\t\t\t\t<div class=\"teft-card__primary\">\n\t\t\t\t\t<h2 class=\"teft-card__title\">Valgkampaktiviteter i Kristiansand &#8211; bli med!&nbsp;<span class=\"teft-card__primary-title-append\"><\/span><\/h2>\t\t\t\t<\/div>\n\t\t\t<\/div>\n\t\t<\/a>\n\t<\/div>\n\n\t<\/div><\/div>\t<\/div>\n<\/div>\n","protected":false},"excerpt":{"rendered":"","protected":false},"author":349,"featured_media":0,"comment_status":"closed","ping_status":"closed","sticky":false,"template":"","format":"standard","meta":{"teft_cards_image_url":"","teft_cards_custom_pretitle":"","teft_cards_image_id":77,"teft_cards_image_focal_point_x":0.5,"teft_cards_image_focal_point_y":0.5,"teft_cards_title":"","teft_cards_excerpt":"","teft_show_chapters":false,"author_display_name":"","footnotes":""},"category":[7],"post_tag":[4],"hoyre-visibility":[],"article-type":[],"politician":[3],"class_list":["post-136","post","type-post","status-publish","format-standard","hentry","category-interpellasjoner","tag-interpellasjon","politician-lokalpolitiker"],"yoast_head":"<!-- This site is optimized with the Yoast SEO plugin v26.6 - https:\/\/yoast.com\/wordpress\/plugins\/seo\/ -->\n<title>Interpellasjon om vaksinering i Kristiansand - Kristiansand H\u00f8yre<\/title>\n<meta name=\"robots\" content=\"index, follow, max-snippet:-1, max-image-preview:large, max-video-preview:-1\" \/>\n<link rel=\"canonical\" href=\"https:\/\/hoyre.no\/kristiansand\/aktuelt\/interpellasjon-om-vaksinering-i-kristiansand\/\" \/>\n<meta property=\"og:locale\" content=\"nb_NO\" \/>\n<meta property=\"og:type\" content=\"article\" \/>\n<meta property=\"og:title\" content=\"Interpellasjon om vaksinering i Kristiansand - Kristiansand H\u00f8yre\" \/>\n<meta property=\"og:url\" content=\"https:\/\/hoyre.no\/kristiansand\/aktuelt\/interpellasjon-om-vaksinering-i-kristiansand\/\" \/>\n<meta property=\"og:site_name\" content=\"Kristiansand H\u00f8yre\" \/>\n<meta property=\"article:published_time\" content=\"2021-01-20T16:35:04+00:00\" \/>\n<meta property=\"article:modified_time\" content=\"2021-12-07T10:11:29+00:00\" \/>\n<meta property=\"og:image\" content=\"https:\/\/hoyre.no\/content\/uploads\/sites\/28\/2023\/09\/tempImageLf7hdu-1024x768.jpg\" \/>\n<meta name=\"twitter:card\" content=\"summary_large_image\" \/>\n<meta name=\"twitter:label1\" content=\"Skrevet av\" \/>\n\t<meta name=\"twitter:data1\" content=\"\" \/>\n\t<meta name=\"twitter:label2\" content=\"Ansl. lesetid\" \/>\n\t<meta name=\"twitter:data2\" content=\"2 minutter\" \/>\n<script type=\"application\/ld+json\" class=\"yoast-schema-graph\">{\"@context\":\"https:\/\/schema.org\",\"@graph\":[{\"@type\":\"NewsArticle\",\"@id\":\"https:\/\/hoyre.no\/kristiansand\/aktuelt\/interpellasjon-om-vaksinering-i-kristiansand\/\",\"url\":\"https:\/\/hoyre.no\/kristiansand\/aktuelt\/interpellasjon-om-vaksinering-i-kristiansand\/\",\"name\":\"Interpellasjon om vaksinering i Kristiansand - Kristiansand H\u00f8yre\",\"isPartOf\":{\"@id\":\"https:\/\/hoyre.no\/kristiansand\/#website\"},\"datePublished\":\"2021-01-20T16:35:04+00:00\",\"dateModified\":\"2021-12-07T10:11:29+00:00\",\"author\":{\"@id\":\"\"},\"breadcrumb\":{\"@id\":\"https:\/\/hoyre.no\/kristiansand\/aktuelt\/interpellasjon-om-vaksinering-i-kristiansand\/#breadcrumb\"},\"inLanguage\":\"nb-NO\",\"potentialAction\":[{\"@type\":\"ReadAction\",\"target\":[\"https:\/\/hoyre.no\/kristiansand\/aktuelt\/interpellasjon-om-vaksinering-i-kristiansand\/\"]}]},{\"@type\":\"BreadcrumbList\",\"@id\":\"https:\/\/hoyre.no\/kristiansand\/aktuelt\/interpellasjon-om-vaksinering-i-kristiansand\/#breadcrumb\",\"itemListElement\":[{\"@type\":\"ListItem\",\"position\":1,\"name\":\"Til hoyre.no\",\"item\":\"https:\/\/hoyre.no\"},{\"@type\":\"ListItem\",\"position\":2,\"name\":\"Hjem\",\"item\":\"https:\/\/hoyre.no\/kristiansand\/\"},{\"@type\":\"ListItem\",\"position\":3,\"name\":\"Interpellasjon om vaksinering i Kristiansand\"}]},{\"@type\":\"WebSite\",\"@id\":\"https:\/\/hoyre.no\/kristiansand\/#website\",\"url\":\"https:\/\/hoyre.no\/kristiansand\/\",\"name\":\"Kristiansand H\u00f8yre\",\"description\":\"Bare enda et H\u00f8yres nettsteder-nettsted\",\"inLanguage\":\"nb-NO\"},{\"@type\":\"Person\",\"@id\":\"\",\"url\":\"https:\/\/hoyre.no\/kristiansand\/aktuelt\/author\/\"}]}<\/script>\n<!-- \/ Yoast SEO plugin. -->","yoast_head_json":{"title":"Interpellasjon om vaksinering i Kristiansand - Kristiansand H\u00f8yre","robots":{"index":"index","follow":"follow","max-snippet":"max-snippet:-1","max-image-preview":"max-image-preview:large","max-video-preview":"max-video-preview:-1"},"canonical":"https:\/\/hoyre.no\/kristiansand\/aktuelt\/interpellasjon-om-vaksinering-i-kristiansand\/","og_locale":"nb_NO","og_type":"article","og_title":"Interpellasjon om vaksinering i Kristiansand - Kristiansand H\u00f8yre","og_url":"https:\/\/hoyre.no\/kristiansand\/aktuelt\/interpellasjon-om-vaksinering-i-kristiansand\/","og_site_name":"Kristiansand H\u00f8yre","article_published_time":"2021-01-20T16:35:04+00:00","article_modified_time":"2021-12-07T10:11:29+00:00","og_image":[{"url":"https:\/\/hoyre.no\/content\/uploads\/sites\/28\/2023\/09\/tempImageLf7hdu-1024x768.jpg","width":"","height":"","type":""}],"twitter_card":"summary_large_image","twitter_misc":{"Skrevet av":"","Ansl. lesetid":"2 minutter"},"schema":{"@context":"https:\/\/schema.org","@graph":[{"@type":"NewsArticle","@id":"https:\/\/hoyre.no\/kristiansand\/aktuelt\/interpellasjon-om-vaksinering-i-kristiansand\/","url":"https:\/\/hoyre.no\/kristiansand\/aktuelt\/interpellasjon-om-vaksinering-i-kristiansand\/","name":"Interpellasjon om vaksinering i Kristiansand - Kristiansand H\u00f8yre","isPartOf":{"@id":"https:\/\/hoyre.no\/kristiansand\/#website"},"datePublished":"2021-01-20T16:35:04+00:00","dateModified":"2021-12-07T10:11:29+00:00","author":{"@id":""},"breadcrumb":{"@id":"https:\/\/hoyre.no\/kristiansand\/aktuelt\/interpellasjon-om-vaksinering-i-kristiansand\/#breadcrumb"},"inLanguage":"nb-NO","potentialAction":[{"@type":"ReadAction","target":["https:\/\/hoyre.no\/kristiansand\/aktuelt\/interpellasjon-om-vaksinering-i-kristiansand\/"]}]},{"@type":"BreadcrumbList","@id":"https:\/\/hoyre.no\/kristiansand\/aktuelt\/interpellasjon-om-vaksinering-i-kristiansand\/#breadcrumb","itemListElement":[{"@type":"ListItem","position":1,"name":"Til hoyre.no","item":"https:\/\/hoyre.no"},{"@type":"ListItem","position":2,"name":"Hjem","item":"https:\/\/hoyre.no\/kristiansand\/"},{"@type":"ListItem","position":3,"name":"Interpellasjon om vaksinering i Kristiansand"}]},{"@type":"WebSite","@id":"https:\/\/hoyre.no\/kristiansand\/#website","url":"https:\/\/hoyre.no\/kristiansand\/","name":"Kristiansand H\u00f8yre","description":"Bare enda et H\u00f8yres nettsteder-nettsted","inLanguage":"nb-NO"},{"@type":"Person","@id":"","url":"https:\/\/hoyre.no\/kristiansand\/aktuelt\/author\/"}]}},"distributor_meta":false,"distributor_terms":false,"distributor_media":false,"distributor_original_site_name":"Kristiansand H\u00f8yre","distributor_original_site_url":"https:\/\/hoyre.no\/kristiansand","push-errors":false,"_links":{"self":[{"href":"https:\/\/hoyre.no\/kristiansand\/wp-json\/wp\/v2\/posts\/136","targetHints":{"allow":["GET"]}}],"collection":[{"href":"https:\/\/hoyre.no\/kristiansand\/wp-json\/wp\/v2\/posts"}],"about":[{"href":"https:\/\/hoyre.no\/kristiansand\/wp-json\/wp\/v2\/types\/post"}],"author":[{"embeddable":true,"href":"https:\/\/hoyre.no\/kristiansand\/wp-json\/wp\/v2\/users\/349"}],"replies":[{"embeddable":true,"href":"https:\/\/hoyre.no\/kristiansand\/wp-json\/wp\/v2\/comments?post=136"}],"version-history":[{"count":5,"href":"https:\/\/hoyre.no\/kristiansand\/wp-json\/wp\/v2\/posts\/136\/revisions"}],"predecessor-version":[{"id":218,"href":"https:\/\/hoyre.no\/kristiansand\/wp-json\/wp\/v2\/posts\/136\/revisions\/218"}],"wp:attachment":[{"href":"https:\/\/hoyre.no\/kristiansand\/wp-json\/wp\/v2\/media?parent=136"}],"wp:term":[{"taxonomy":"category","embeddable":true,"href":"https:\/\/hoyre.no\/kristiansand\/wp-json\/wp\/v2\/category?post=136"},{"taxonomy":"post_tag","embeddable":true,"href":"https:\/\/hoyre.no\/kristiansand\/wp-json\/wp\/v2\/post_tag?post=136"},{"taxonomy":"hoyre-visibility","embeddable":true,"href":"https:\/\/hoyre.no\/kristiansand\/wp-json\/wp\/v2\/hoyre-visibility?post=136"},{"taxonomy":"article-type","embeddable":true,"href":"https:\/\/hoyre.no\/kristiansand\/wp-json\/wp\/v2\/article-type?post=136"},{"taxonomy":"politician","embeddable":true,"href":"https:\/\/hoyre.no\/kristiansand\/wp-json\/wp\/v2\/politician?post=136"}],"curies":[{"name":"wp","href":"https:\/\/api.w.org\/{rel}","templated":true}]}}