{"id":21,"date":"2019-09-02T22:00:00","date_gmt":"2019-09-02T20:00:00","guid":{"rendered":"https:\/\/hoyre.no\/kristiansand\/aktuelt\/en_ekte_kristiansander_med_hjerte_for_byen_var\/"},"modified":"2019-09-02T22:00:00","modified_gmt":"2019-09-02T20:00:00","slug":"en_ekte_kristiansander_med_hjerte_for_byen_var","status":"publish","type":"post","link":"https:\/\/hoyre.no\/kristiansand\/aktuelt\/en_ekte_kristiansander_med_hjerte_for_byen_var\/","title":{"rendered":"En ekte kristiansander med hjerte for byen v\u00e5r"},"content":{"rendered":"<p class=\"preamble\">Harald er en ekte kristiansander med barne\u00e5r p\u00e5 Grim, oppvekst p\u00e5 S\u00f8m, bosted p\u00e5 M\u00f8vig, besteforeldre p\u00e5 Mosby og r\u00f8tter i Songdalen. Harald har ledet sammensl\u00e5ingen av de tre kommunene og h\u00e5per \u00e5 bli ordf\u00f8rer i den nye kommunen. Harald er engasjert i det meste i politikken og leder ogs\u00e5 Agder H\u00f8yre og er i med i partiets sentralstyre.<\/p>\t\t\t<div class=\"post-meta wp-block teft-byline-wrapper\">\n\t\t\t\t<div class=\"top\">\n\t\t\t\t\t<div class=\"signature\">\n\t\t\t\t\t\t<div class=\"teft-byline\">\n\t\t\t\t\t\t\t\t\t\t\t\t\t\t<div>\n\t\t\t\t\t\t\t\t<h3>H\u00f8yres redaksjon<\/h3>\t\t\t\t\t\t\t\t\n\t\t\t\t\t\t\t\t\t\t\t\t\t\t\t\t\t<span class=\"date\">Sist oppdatert: 2. september 2019<\/span>\n\t\t\t\t\t\t\t\t\t\t\t\t\t\t\t\t\t\t\t\t\t\t\t\t\t<span class=\"reading-time\" itemprop=\"timeRequired\" content=\"PT3M\"><em>Ca. 3 minutter lesetid<\/em><\/span>\n\t\t\t\t\t\t\t\t\t\t\t\t\t\t\t<\/div>\n\t\t\t\t\t\t<\/div>\n\t\t\t\t\t<\/div>\n\t\t\t\t\t\t<div class=\"sharing\">\n\t\t<a class=\"share-button share-link copy-link\" data-copy=\"https:\/\/hoyre.no\/kristiansand\/aktuelt\/en_ekte_kristiansander_med_hjerte_for_byen_var\/\" target=\"_blank\"><span class=\"screen-reader-text\">Del link<\/span><\/a>\n\t\t<a class=\"share-button share-twitter\" href=\"http:\/\/twitter.com\/share?text=En ekte kristiansander med hjerte for byen v\u00e5r&#038;url=https:\/\/hoyre.no\/kristiansand\/aktuelt\/en_ekte_kristiansander_med_hjerte_for_byen_var\/&#038;hashtags=Hoyre\" target=\"_blank\"><span class=\"screen-reader-text\">Del p\u00e5 twitter<\/span><\/a>\n\t\t<a class=\"share-button share-facebook\" href=\"https:\/\/www.facebook.com\/sharer\/sharer.php?u=https:\/\/hoyre.no\/kristiansand\/aktuelt\/en_ekte_kristiansander_med_hjerte_for_byen_var\/\" target=\"_blank\"><span class=\"screen-reader-text\">Del p\u00e5 facebook<\/span><\/a>\n\t<\/div>\n\t\t\t\t\t<\/div>\n\t\t\t<\/div>\n\n\t\t\t<figure class=\"hoyre-image-wrapper\"><div class=\"hoyre-image\"><img loading=\"lazy\" decoding=\"async\" width=\"2560\" height=\"1920\" src=\"https:\/\/hoyre.no\/content\/uploads\/sites\/28\/2020\/11\/img_20170826_121717-scaled.jpg\" class=\"attachment-scaled size-scaled\" alt=\"\" style=\"object-position: 50% 50%\" srcset=\"https:\/\/hoyre.no\/content\/uploads\/sites\/28\/2020\/11\/img_20170826_121717-scaled.jpg 2560w, https:\/\/hoyre.no\/content\/uploads\/sites\/28\/2020\/11\/img_20170826_121717-300x225.jpg 300w, https:\/\/hoyre.no\/content\/uploads\/sites\/28\/2020\/11\/img_20170826_121717-1024x768.jpg 1024w, https:\/\/hoyre.no\/content\/uploads\/sites\/28\/2020\/11\/img_20170826_121717-768x576.jpg 768w, https:\/\/hoyre.no\/content\/uploads\/sites\/28\/2020\/11\/img_20170826_121717-1536x1152.jpg 1536w, https:\/\/hoyre.no\/content\/uploads\/sites\/28\/2020\/11\/img_20170826_121717-2048x1536.jpg 2048w\" sizes=\"auto, (max-width: 2560px) 100vw, 2560px\" \/><\/div><\/figure><div id=\"hoyre-old-article-content-wrapper\"><b>Personalia<\/b>:n<br \/>54\u00e5r. Gift. 3 barn p\u00e5 25, 23 og 21n<p><b>Utdanning:<\/b> n  <br \/> Sivil\u00f8konom fra handelsh\u00f8yskolen BI. Noen tilleggskurs fra bla London Business School og Harvard Business School. Unge H\u00f8yres elitekurs i 1982!<\/p>n<p><b>Jobberfaring:<\/b> n  <br \/> I studietiden jobbet jeg som journalist blant annet i Aftenposten. S\u00e5 gikk jeg over til konsulent- og forskningsbransjen. F\u00f8rst litt i Oslo f\u00f8r jeg begynte i Agderforskning i 1990. Der jobbet jeg i 14 \u00e5r og hadde de fleste roller, blant annet fire \u00e5r som direkt\u00f8r.n  <br \/>n  <br \/>I 2004 starter jeg Oxford Research i Norge \u2013 med tom pult og 100-tusen i aksjekapital. Jeg slutte da jeg ble ordf\u00f8rer, og da hadde selskapet blitt ca 20 ansatte og tilsvarende antall millioner i omsetning. Jeg har jobbet med ulike prosjekter for oppdragsgivere i inn og utland, med sv\u00e6rt variert innhold. Dette er en utrolig nyttig bakgrunn \u00e5 ha i det politiske arbeidet.n  <br \/>n  <br \/>I oktober 2015 ble jeg valgt som ordf\u00f8rer i en by jeg brenner for at skal v\u00e6re Norges beste og Norges flotteste. Dette vil jeg fortsette \u00e5 gj\u00f8re videre . <\/p>n<h2><b>Hvorfor ble dunpolitisk aktiv?<\/b><\/h2>n<p>Jeg ble politisk engasjert allerede p\u00e5 ungdomsskolen. Da var den store debatten om karakterene skulle fjernes i skolen. Arbeiderpartiet var for, H\u00f8yre var mot. H\u00f8yre ble mitt parti!n  <br \/>n  <br \/>Jeg kom inn i Unge H\u00f8yre og ble raskt med i styret, med Tom Stig Bisseth Johansen, som formann. S\u00e5 overtok jeg selv ledertr\u00f8ya og siden gikk det slag i slag med ledelse av Vest-Agder Unge H\u00f8yre, 4 \u00e5r i Unge H\u00f8yres sentralstyre, redakt\u00f8r av Unge H\u00f8yres avis, Norges medlem i EUs ungdomsforum og mye mer.n  <br \/>n  <br \/>Da jeg flyttet tilbake til Kristiansand etter studiene tok det ikke lenge f\u00f8r jeg havnet p\u00e5 H\u00f8yres liste, og i en alder av 28 ble jeg gruppeleder i bystyret \u2013 med Bj\u00f8rg Wallevik som ordf\u00f8rer. Der satt jeg i to perioder, men trakk meg da jeg ble direkt\u00f8r i Agderforskning. S\u00e5 gikk det 15 \u00e5r f\u00f8r jeg igjen ble politisk aktiv \u2013 har dog fulgt med fra sidelinjen hele tiden!<\/p>n<h2><b>Glad fornnominasjonen<\/b><\/h2>n<p>Det er en \u00e6re \u00e5 bli nominert som H\u00f8yres ordf\u00f8rerkandidat i nye Kristiansand!<\/p>n<h2><b>Hjertesaker? <\/b><\/h2>n<p>Jeg brenner for mye, men en god skole er min sak nummer 1. Ogs\u00e5 gode vilk\u00e5r for n\u00e6ringslivet st\u00e5r sentralt. Vi m\u00e5 skape verdier f\u00f8r de brukes!<\/p><\/div>\n<div class=\"tags\">\n\t<\/div>\n<div class=\"post-footer alignfull has-background block-editor-block-list__block\" data-align=full>\n\t<div class=\"post-footer-inner\">\n\t\t<h3>Relaterte artikler<\/h3>\n\t\t<div class=\"related-content\"><div class=\"is-card-hoyre\">\n\t<div class=\"teft-card hoyre-teft-card post-teft-card\">\n\t\t<a href=\"https:\/\/hoyre.no\/kristiansand\/aktuelt\/hvem-skal-sitte-i-bystyret\/\" class=\"teft-card__primary-action\">\n\n\t\t\t<div class=\"teft-card__media teft-card__media--16-9 no-image\"><\/div>\n\t\t\t<div class=\"teft-card__content-wrapper\">\n\t\t\t\t<div class=\"teft-card__secondary\">\n\t\t\t\t\t\n\t\t\t\t\t\t\t\t<div class=\"teft-card__meta\">\n\t\t\t\t\t\t\t\t\t<span class=\"post-date\">30. mar 2026<\/span>\n\n\t\t\t\t\t\t\t\t\t\t\t\t\t\t\t\t\t<\/div>\n\t\t\t\t\t\t\t\t\t\t\t<\/div>\n\n\t\t\t\t<div class=\"teft-card__primary\">\n\t\t\t\t\t<h2 class=\"teft-card__title\">Hvem skal sitte i bystyret?\u00a0&nbsp;<span class=\"teft-card__primary-title-append\"><\/span><\/h2>\t\t\t\t<\/div>\n\t\t\t<\/div>\n\t\t<\/a>\n\t<\/div>\n\n\t<\/div><div class=\"is-card-hoyre\">\n\t<div class=\"teft-card hoyre-teft-card post-teft-card\">\n\t\t<a href=\"https:\/\/hoyre.no\/kristiansand\/aktuelt\/snart-ett-ar-som-ordforerens-radgiver\/\" class=\"teft-card__primary-action\">\n\n\t\t\t\t\t<div class=\"teft-card__media teft-card__media--16-9\">\n\t\t\t\t\t\t<img loading=\"lazy\" decoding=\"async\" width=\"768\" height=\"497\" src=\"https:\/\/hoyre.no\/content\/uploads\/sites\/28\/2026\/02\/IMG_0005-768x497.jpg\" class=\"attachment-medium_large size-medium_large\" alt=\"\" srcset=\"https:\/\/hoyre.no\/content\/uploads\/sites\/28\/2026\/02\/IMG_0005-768x497.jpg 768w, https:\/\/hoyre.no\/content\/uploads\/sites\/28\/2026\/02\/IMG_0005-300x194.jpg 300w, https:\/\/hoyre.no\/content\/uploads\/sites\/28\/2026\/02\/IMG_0005-1024x662.jpg 1024w, https:\/\/hoyre.no\/content\/uploads\/sites\/28\/2026\/02\/IMG_0005.jpg 1200w\" sizes=\"auto, (max-width: 768px) 100vw, 768px\" \/>\t\t<\/div>\n\t\t\n\t\t\t<div class=\"teft-card__content-wrapper\">\n\t\t\t\t<div class=\"teft-card__secondary\">\n\t\t\t\t\t\n\t\t\t\t\t\t\t\t<div class=\"teft-card__meta\">\n\t\t\t\t\t\t\t\t\t<span class=\"post-date\">5. feb 2026<\/span>\n\n\t\t\t\t\t\t\t\t\t\t\t\t\t\t\t\t\t<\/div>\n\t\t\t\t\t\t\t\t\t\t\t<\/div>\n\n\t\t\t\t<div class=\"teft-card__primary\">\n\t\t\t\t\t<h2 class=\"teft-card__title\">Snart ett \u00e5r som ordf\u00f8rerens r\u00e5dgiver&nbsp;<span class=\"teft-card__primary-title-append\"><\/span><\/h2>\t\t\t\t<\/div>\n\t\t\t<\/div>\n\t\t<\/a>\n\t<\/div>\n\n\t<\/div><div class=\"is-card-hoyre\">\n\t<div class=\"teft-card hoyre-teft-card post-teft-card\">\n\t\t<a href=\"https:\/\/hoyre.no\/kristiansand\/aktuelt\/valgkampaktiviteter-i-kristiansand-bli-med\/\" class=\"teft-card__primary-action\">\n\n\t\t\t\t\t<div class=\"teft-card__media teft-card__media--16-9\">\n\t\t\t\t\t\t<img loading=\"lazy\" decoding=\"async\" width=\"768\" height=\"576\" src=\"https:\/\/hoyre.no\/content\/uploads\/sites\/28\/2023\/09\/tempImageLf7hdu-768x576.jpg\" class=\"attachment-medium_large size-medium_large\" alt=\"\" srcset=\"https:\/\/hoyre.no\/content\/uploads\/sites\/28\/2023\/09\/tempImageLf7hdu-768x576.jpg 768w, https:\/\/hoyre.no\/content\/uploads\/sites\/28\/2023\/09\/tempImageLf7hdu-300x225.jpg 300w, https:\/\/hoyre.no\/content\/uploads\/sites\/28\/2023\/09\/tempImageLf7hdu-1024x768.jpg 1024w, https:\/\/hoyre.no\/content\/uploads\/sites\/28\/2023\/09\/tempImageLf7hdu-1536x1152.jpg 1536w, https:\/\/hoyre.no\/content\/uploads\/sites\/28\/2023\/09\/tempImageLf7hdu-2048x1536.jpg 2048w\" sizes=\"auto, (max-width: 768px) 100vw, 768px\" \/>\t\t<\/div>\n\t\t\n\t\t\t<div class=\"teft-card__content-wrapper\">\n\t\t\t\t<div class=\"teft-card__secondary\">\n\t\t\t\t\t\n\t\t\t\t\t\t\t\t<div class=\"teft-card__meta\">\n\t\t\t\t\t\t\t\t\t<span class=\"post-date\">26. aug 2025<\/span>\n\n\t\t\t\t\t\t\t\t\t<span class=\"post-category\">Ukategorisert<\/span>\t\t\t\t\t\t\t\t<\/div>\n\t\t\t\t\t\t\t\t\t\t\t<\/div>\n\n\t\t\t\t<div class=\"teft-card__primary\">\n\t\t\t\t\t<h2 class=\"teft-card__title\">Valgkampaktiviteter i Kristiansand &#8211; bli med!&nbsp;<span class=\"teft-card__primary-title-append\"><\/span><\/h2>\t\t\t\t<\/div>\n\t\t\t<\/div>\n\t\t<\/a>\n\t<\/div>\n\n\t<\/div><\/div>\t<\/div>\n<\/div>\n","protected":false},"excerpt":{"rendered":"","protected":false},"author":0,"featured_media":0,"comment_status":"open","ping_status":"open","sticky":false,"template":"","format":"standard","meta":{"teft_cards_image_url":"https:\/\/hoyre.no\/content\/uploads\/sites\/28\/2020\/11\/img_20170826_121717-scaled.jpg","teft_cards_custom_pretitle":"","teft_cards_image_id":20,"teft_cards_image_focal_point_x":0,"teft_cards_image_focal_point_y":0,"teft_cards_title":"","teft_cards_excerpt":"","teft_show_chapters":false,"author_display_name":"Kristiansand H\u00f8yre","footnotes":""},"category":[1],"post_tag":[],"hoyre-visibility":[],"article-type":[],"politician":[],"class_list":["post-21","post","type-post","status-publish","format-standard","hentry","category-ukategorisert"],"yoast_head":"<!-- This site is optimized with the Yoast SEO plugin v26.6 - https:\/\/yoast.com\/wordpress\/plugins\/seo\/ -->\n<title>En ekte kristiansander med hjerte for byen v\u00e5r - Kristiansand H\u00f8yre<\/title>\n<meta name=\"robots\" content=\"index, follow, max-snippet:-1, max-image-preview:large, max-video-preview:-1\" \/>\n<link rel=\"canonical\" href=\"https:\/\/hoyre.no\/kristiansand\/aktuelt\/en_ekte_kristiansander_med_hjerte_for_byen_var\/\" \/>\n<meta property=\"og:locale\" content=\"nb_NO\" \/>\n<meta property=\"og:type\" content=\"article\" \/>\n<meta property=\"og:title\" content=\"En ekte kristiansander med hjerte for byen v\u00e5r - Kristiansand H\u00f8yre\" \/>\n<meta property=\"og:url\" content=\"https:\/\/hoyre.no\/kristiansand\/aktuelt\/en_ekte_kristiansander_med_hjerte_for_byen_var\/\" \/>\n<meta property=\"og:site_name\" content=\"Kristiansand H\u00f8yre\" \/>\n<meta property=\"article:published_time\" content=\"2019-09-02T20:00:00+00:00\" \/>\n<meta property=\"og:image\" content=\"https:\/\/hoyre.no\/content\/uploads\/sites\/28\/2023\/09\/tempImageLf7hdu-1024x768.jpg\" \/>\n<meta name=\"twitter:card\" content=\"summary_large_image\" \/>\n<meta name=\"twitter:label1\" content=\"Ansl. lesetid\" \/>\n\t<meta name=\"twitter:data1\" content=\"2 minutter\" \/>\n<script type=\"application\/ld+json\" class=\"yoast-schema-graph\">{\"@context\":\"https:\/\/schema.org\",\"@graph\":[{\"@type\":\"NewsArticle\",\"@id\":\"https:\/\/hoyre.no\/kristiansand\/aktuelt\/en_ekte_kristiansander_med_hjerte_for_byen_var\/\",\"url\":\"https:\/\/hoyre.no\/kristiansand\/aktuelt\/en_ekte_kristiansander_med_hjerte_for_byen_var\/\",\"name\":\"En ekte kristiansander med hjerte for byen v\u00e5r - Kristiansand H\u00f8yre\",\"isPartOf\":{\"@id\":\"https:\/\/hoyre.no\/kristiansand\/#website\"},\"datePublished\":\"2019-09-02T20:00:00+00:00\",\"author\":{\"@id\":\"\"},\"breadcrumb\":{\"@id\":\"https:\/\/hoyre.no\/kristiansand\/aktuelt\/en_ekte_kristiansander_med_hjerte_for_byen_var\/#breadcrumb\"},\"inLanguage\":\"nb-NO\",\"potentialAction\":[{\"@type\":\"ReadAction\",\"target\":[\"https:\/\/hoyre.no\/kristiansand\/aktuelt\/en_ekte_kristiansander_med_hjerte_for_byen_var\/\"]}]},{\"@type\":\"BreadcrumbList\",\"@id\":\"https:\/\/hoyre.no\/kristiansand\/aktuelt\/en_ekte_kristiansander_med_hjerte_for_byen_var\/#breadcrumb\",\"itemListElement\":[{\"@type\":\"ListItem\",\"position\":1,\"name\":\"Til hoyre.no\",\"item\":\"https:\/\/hoyre.no\"},{\"@type\":\"ListItem\",\"position\":2,\"name\":\"Hjem\",\"item\":\"https:\/\/hoyre.no\/kristiansand\/\"},{\"@type\":\"ListItem\",\"position\":3,\"name\":\"En ekte kristiansander med hjerte for byen v\u00e5r\"}]},{\"@type\":\"WebSite\",\"@id\":\"https:\/\/hoyre.no\/kristiansand\/#website\",\"url\":\"https:\/\/hoyre.no\/kristiansand\/\",\"name\":\"Kristiansand H\u00f8yre\",\"description\":\"Bare enda et H\u00f8yres nettsteder-nettsted\",\"inLanguage\":\"nb-NO\"}]}<\/script>\n<!-- \/ Yoast SEO plugin. -->","yoast_head_json":{"title":"En ekte kristiansander med hjerte for byen v\u00e5r - Kristiansand H\u00f8yre","robots":{"index":"index","follow":"follow","max-snippet":"max-snippet:-1","max-image-preview":"max-image-preview:large","max-video-preview":"max-video-preview:-1"},"canonical":"https:\/\/hoyre.no\/kristiansand\/aktuelt\/en_ekte_kristiansander_med_hjerte_for_byen_var\/","og_locale":"nb_NO","og_type":"article","og_title":"En ekte kristiansander med hjerte for byen v\u00e5r - Kristiansand H\u00f8yre","og_url":"https:\/\/hoyre.no\/kristiansand\/aktuelt\/en_ekte_kristiansander_med_hjerte_for_byen_var\/","og_site_name":"Kristiansand H\u00f8yre","article_published_time":"2019-09-02T20:00:00+00:00","og_image":[{"url":"https:\/\/hoyre.no\/content\/uploads\/sites\/28\/2023\/09\/tempImageLf7hdu-1024x768.jpg","width":"","height":"","type":""}],"twitter_card":"summary_large_image","twitter_misc":{"Ansl. lesetid":"2 minutter"},"schema":{"@context":"https:\/\/schema.org","@graph":[{"@type":"NewsArticle","@id":"https:\/\/hoyre.no\/kristiansand\/aktuelt\/en_ekte_kristiansander_med_hjerte_for_byen_var\/","url":"https:\/\/hoyre.no\/kristiansand\/aktuelt\/en_ekte_kristiansander_med_hjerte_for_byen_var\/","name":"En ekte kristiansander med hjerte for byen v\u00e5r - Kristiansand H\u00f8yre","isPartOf":{"@id":"https:\/\/hoyre.no\/kristiansand\/#website"},"datePublished":"2019-09-02T20:00:00+00:00","author":{"@id":""},"breadcrumb":{"@id":"https:\/\/hoyre.no\/kristiansand\/aktuelt\/en_ekte_kristiansander_med_hjerte_for_byen_var\/#breadcrumb"},"inLanguage":"nb-NO","potentialAction":[{"@type":"ReadAction","target":["https:\/\/hoyre.no\/kristiansand\/aktuelt\/en_ekte_kristiansander_med_hjerte_for_byen_var\/"]}]},{"@type":"BreadcrumbList","@id":"https:\/\/hoyre.no\/kristiansand\/aktuelt\/en_ekte_kristiansander_med_hjerte_for_byen_var\/#breadcrumb","itemListElement":[{"@type":"ListItem","position":1,"name":"Til hoyre.no","item":"https:\/\/hoyre.no"},{"@type":"ListItem","position":2,"name":"Hjem","item":"https:\/\/hoyre.no\/kristiansand\/"},{"@type":"ListItem","position":3,"name":"En ekte kristiansander med hjerte for byen v\u00e5r"}]},{"@type":"WebSite","@id":"https:\/\/hoyre.no\/kristiansand\/#website","url":"https:\/\/hoyre.no\/kristiansand\/","name":"Kristiansand H\u00f8yre","description":"Bare enda et H\u00f8yres nettsteder-nettsted","inLanguage":"nb-NO"}]}},"distributor_meta":false,"distributor_terms":false,"distributor_media":false,"distributor_original_site_name":"Kristiansand H\u00f8yre","distributor_original_site_url":"https:\/\/hoyre.no\/kristiansand","push-errors":false,"_links":{"self":[{"href":"https:\/\/hoyre.no\/kristiansand\/wp-json\/wp\/v2\/posts\/21","targetHints":{"allow":["GET"]}}],"collection":[{"href":"https:\/\/hoyre.no\/kristiansand\/wp-json\/wp\/v2\/posts"}],"about":[{"href":"https:\/\/hoyre.no\/kristiansand\/wp-json\/wp\/v2\/types\/post"}],"replies":[{"embeddable":true,"href":"https:\/\/hoyre.no\/kristiansand\/wp-json\/wp\/v2\/comments?post=21"}],"version-history":[{"count":0,"href":"https:\/\/hoyre.no\/kristiansand\/wp-json\/wp\/v2\/posts\/21\/revisions"}],"wp:attachment":[{"href":"https:\/\/hoyre.no\/kristiansand\/wp-json\/wp\/v2\/media?parent=21"}],"wp:term":[{"taxonomy":"category","embeddable":true,"href":"https:\/\/hoyre.no\/kristiansand\/wp-json\/wp\/v2\/category?post=21"},{"taxonomy":"post_tag","embeddable":true,"href":"https:\/\/hoyre.no\/kristiansand\/wp-json\/wp\/v2\/post_tag?post=21"},{"taxonomy":"hoyre-visibility","embeddable":true,"href":"https:\/\/hoyre.no\/kristiansand\/wp-json\/wp\/v2\/hoyre-visibility?post=21"},{"taxonomy":"article-type","embeddable":true,"href":"https:\/\/hoyre.no\/kristiansand\/wp-json\/wp\/v2\/article-type?post=21"},{"taxonomy":"politician","embeddable":true,"href":"https:\/\/hoyre.no\/kristiansand\/wp-json\/wp\/v2\/politician?post=21"}],"curies":[{"name":"wp","href":"https:\/\/api.w.org\/{rel}","templated":true}]}}