{"id":44,"date":"2020-09-09T22:00:00","date_gmt":"2020-09-09T20:00:00","guid":{"rendered":"https:\/\/hoyre.no\/kristiansand\/aktuelt\/interpellasjon_apenhet_kommunikasjon_kristiansand_sammenslaing\/"},"modified":"2021-12-07T11:12:12","modified_gmt":"2021-12-07T10:12:12","slug":"interpellasjon_apenhet_kommunikasjon_kristiansand_sammenslaing","status":"publish","type":"post","link":"https:\/\/hoyre.no\/kristiansand\/aktuelt\/interpellasjon_apenhet_kommunikasjon_kristiansand_sammenslaing\/","title":{"rendered":"Interpellasjon: Mer \u00e5penhet og god kommunikasjon er viktig"},"content":{"rendered":"<p class=\"preamble\">Media har i den senere tid hatt flere oppslag om omorganisering av hjemmetjenestene p\u00e5 Langenes og i Songdalen, hvor det fremkommer at administrasjonen forsl\u00e5r endringer i tjenestetilbudet til innbyggerne, som er ukjente for politikerne.<\/p>\t\t\t<div class=\"post-meta wp-block teft-byline-wrapper\">\n\t\t\t\t<div class=\"top\">\n\t\t\t\t\t<div class=\"signature\">\n\t\t\t\t\t\t<div class=\"teft-byline\">\n\t\t\t\t\t\t\t\t\t\t\t\t\t\t<div>\n\t\t\t\t\t\t\t\t<h3>H\u00f8yres redaksjon<\/h3>\t\t\t\t\t\t\t\t\n\t\t\t\t\t\t\t\t\t\t\t\t\t\t\t\t\t<span class=\"date\">Sist oppdatert: 7. desember 2021<\/span>\n\t\t\t\t\t\t\t\t\t\t\t\t\t\t\t\t\t\t\t\t\t\t\t\t\t<span class=\"reading-time\" itemprop=\"timeRequired\" content=\"PT2M\"><em>Ca. 2 minutter lesetid<\/em><\/span>\n\t\t\t\t\t\t\t\t\t\t\t\t\t\t\t<\/div>\n\t\t\t\t\t\t<\/div>\n\t\t\t\t\t<\/div>\n\t\t\t\t\t\t<div class=\"sharing\">\n\t\t<a class=\"share-button share-link copy-link\" data-copy=\"https:\/\/hoyre.no\/kristiansand\/aktuelt\/interpellasjon_apenhet_kommunikasjon_kristiansand_sammenslaing\/\" target=\"_blank\"><span class=\"screen-reader-text\">Del link<\/span><\/a>\n\t\t<a class=\"share-button share-twitter\" href=\"http:\/\/twitter.com\/share?text=Interpellasjon: Mer \u00e5penhet og god kommunikasjon er viktig&#038;url=https:\/\/hoyre.no\/kristiansand\/aktuelt\/interpellasjon_apenhet_kommunikasjon_kristiansand_sammenslaing\/&#038;hashtags=Hoyre\" target=\"_blank\"><span class=\"screen-reader-text\">Del p\u00e5 twitter<\/span><\/a>\n\t\t<a class=\"share-button share-facebook\" href=\"https:\/\/www.facebook.com\/sharer\/sharer.php?u=https:\/\/hoyre.no\/kristiansand\/aktuelt\/interpellasjon_apenhet_kommunikasjon_kristiansand_sammenslaing\/\" target=\"_blank\"><span class=\"screen-reader-text\">Del p\u00e5 facebook<\/span><\/a>\n\t<\/div>\n\t\t\t\t\t<\/div>\n\t\t\t<\/div>\n\n\t\t\t<figure class=\"hoyre-image-wrapper\"><div class=\"hoyre-image\"><img loading=\"lazy\" decoding=\"async\" width=\"2560\" height=\"1439\" src=\"https:\/\/hoyre.no\/content\/uploads\/sites\/28\/2020\/11\/p5084778_16x9-scaled.jpg\" class=\"attachment-scaled size-scaled\" alt=\"\" style=\"object-position: 50% 50%\" srcset=\"https:\/\/hoyre.no\/content\/uploads\/sites\/28\/2020\/11\/p5084778_16x9-scaled.jpg 2560w, https:\/\/hoyre.no\/content\/uploads\/sites\/28\/2020\/11\/p5084778_16x9-300x169.jpg 300w, https:\/\/hoyre.no\/content\/uploads\/sites\/28\/2020\/11\/p5084778_16x9-1024x576.jpg 1024w, https:\/\/hoyre.no\/content\/uploads\/sites\/28\/2020\/11\/p5084778_16x9-768x432.jpg 768w, https:\/\/hoyre.no\/content\/uploads\/sites\/28\/2020\/11\/p5084778_16x9-1536x863.jpg 1536w, https:\/\/hoyre.no\/content\/uploads\/sites\/28\/2020\/11\/p5084778_16x9-2048x1151.jpg 2048w\" sizes=\"auto, (max-width: 2560px) 100vw, 2560px\" \/><\/div><\/figure><div id=\"hoyre-old-article-content-wrapper\"><p>nn  Den daglige driften av en kommune som betjener 111 645 innbyggere er krevende, og en kommunesammensl\u00e5ing med tre kommuner gj\u00f8r dette enda mere utfordrende. N\u00e5r politikerne som er de \u00f8verste ansvarlige i kommunen ikke f\u00e5r informasjon om p\u00e5g\u00e5ende prosesser, eller er de \u00absiste\u00bb som f\u00e5r vite hva som skjer, s\u00e5 skaper dette un\u00f8dvendig uro og st\u00f8y.  <\/p>n<p>Administrasjonen har f\u00e5tt fullmakt gjennom delegasjonsreglementet til \u00e5 organisere kommunen i hht gjeldene kommuneplaner, handlingsplaner og budsjetter. Det fordrer god kommunikasjon og informasjon til politikerne. Det er et viktig demokratisk prinsipp<strong><\/strong>at det er de folkevalgte og ikke administrasjonen som utgj\u00f8r det \u00f8verste organet i kommunen.<strong><\/strong><\/p>n<h3><em>Vi er valgt av folket som representanter for \u00e5 sikre at alle stemmer h\u00f8res, og viktige hensyn tas.<\/em><\/h3>n<p>I sammensl\u00e5ingsprosessen var det en utstrakt involvering av politikerne for \u00e5 ivareta \u00e5penhet og transparens i arbeidet. Dette for \u00e5 sikre at den nye kommunen utviklet seg etter fellesnemdas intensjoner.  <\/p>nn<p>N\u00e5 kan det virke som om involveringen, kommunikasjonen og \u00e5penhet om prosessene er langt mindre enn i sammensl\u00e5ingsprosessen, det til tross for at utvalgslederne er frikj\u00f8pt i 30% for \u00e5 f\u00f8lge sitt utvalgsomr\u00e5de tett opp. Det n\u00e6rmer seg ett \u00e5r siden dagens bystyre ble valgt. <\/p>n<p>Det oppleves derfor som betimelig \u00e5 reflektere over om vi har oppn\u00e5dd en god balanse p\u00e5 hvordan og n\u00e5r folkevalgte skal involveres.  n  <br \/>  n<\/p>n<h4>Mitt sp\u00f8rsm\u00e5l til ordf\u00f8rer er <br \/><\/h4>n<p>Er ordf\u00f8reren forn\u00f8yd med hvordan politikere involveres og informeres i oppf\u00f8lgingsarbeidet med kommunesammensl\u00e5ingen? <\/p>n<p>Dersom svaret p\u00e5 sp\u00f8rsm\u00e5let er nei; Hva vil ordf\u00f8reren gj\u00f8re for \u00e5 sikre at politikerne blir involvert p\u00e5 en m\u00e5te som f\u00f8rer til mer \u00e5penhet og transparens, samt mindre st\u00f8y og uro blant ansatte og innbyggere?n  <br \/>n<\/p><\/div>\n<div class=\"tags\">\n\t<\/div>\n<div class=\"post-footer alignfull has-background block-editor-block-list__block\" data-align=full>\n\t<div class=\"post-footer-inner\">\n\t\t<h3>Relaterte artikler<\/h3>\n\t\t<div class=\"related-content\"><div class=\"is-card-hoyre\">\n\t<div class=\"teft-card hoyre-teft-card post-teft-card\">\n\t\t<a href=\"https:\/\/hoyre.no\/kristiansand\/aktuelt\/hvem-skal-sitte-i-bystyret\/\" class=\"teft-card__primary-action\">\n\n\t\t\t<div class=\"teft-card__media teft-card__media--16-9 no-image\"><\/div>\n\t\t\t<div class=\"teft-card__content-wrapper\">\n\t\t\t\t<div class=\"teft-card__secondary\">\n\t\t\t\t\t\n\t\t\t\t\t\t\t\t<div class=\"teft-card__meta\">\n\t\t\t\t\t\t\t\t\t<span class=\"post-date\">30. mar 2026<\/span>\n\n\t\t\t\t\t\t\t\t\t\t\t\t\t\t\t\t\t<\/div>\n\t\t\t\t\t\t\t\t\t\t\t<\/div>\n\n\t\t\t\t<div class=\"teft-card__primary\">\n\t\t\t\t\t<h2 class=\"teft-card__title\">Hvem skal sitte i bystyret?\u00a0&nbsp;<span class=\"teft-card__primary-title-append\"><\/span><\/h2>\t\t\t\t<\/div>\n\t\t\t<\/div>\n\t\t<\/a>\n\t<\/div>\n\n\t<\/div><div class=\"is-card-hoyre\">\n\t<div class=\"teft-card hoyre-teft-card post-teft-card\">\n\t\t<a href=\"https:\/\/hoyre.no\/kristiansand\/aktuelt\/snart-ett-ar-som-ordforerens-radgiver\/\" class=\"teft-card__primary-action\">\n\n\t\t\t\t\t<div class=\"teft-card__media teft-card__media--16-9\">\n\t\t\t\t\t\t<img loading=\"lazy\" decoding=\"async\" width=\"768\" height=\"497\" src=\"https:\/\/hoyre.no\/content\/uploads\/sites\/28\/2026\/02\/IMG_0005-768x497.jpg\" class=\"attachment-medium_large size-medium_large\" alt=\"\" srcset=\"https:\/\/hoyre.no\/content\/uploads\/sites\/28\/2026\/02\/IMG_0005-768x497.jpg 768w, https:\/\/hoyre.no\/content\/uploads\/sites\/28\/2026\/02\/IMG_0005-300x194.jpg 300w, https:\/\/hoyre.no\/content\/uploads\/sites\/28\/2026\/02\/IMG_0005-1024x662.jpg 1024w, https:\/\/hoyre.no\/content\/uploads\/sites\/28\/2026\/02\/IMG_0005.jpg 1200w\" sizes=\"auto, (max-width: 768px) 100vw, 768px\" \/>\t\t<\/div>\n\t\t\n\t\t\t<div class=\"teft-card__content-wrapper\">\n\t\t\t\t<div class=\"teft-card__secondary\">\n\t\t\t\t\t\n\t\t\t\t\t\t\t\t<div class=\"teft-card__meta\">\n\t\t\t\t\t\t\t\t\t<span class=\"post-date\">5. feb 2026<\/span>\n\n\t\t\t\t\t\t\t\t\t\t\t\t\t\t\t\t\t<\/div>\n\t\t\t\t\t\t\t\t\t\t\t<\/div>\n\n\t\t\t\t<div class=\"teft-card__primary\">\n\t\t\t\t\t<h2 class=\"teft-card__title\">Snart ett \u00e5r som ordf\u00f8rerens r\u00e5dgiver&nbsp;<span class=\"teft-card__primary-title-append\"><\/span><\/h2>\t\t\t\t<\/div>\n\t\t\t<\/div>\n\t\t<\/a>\n\t<\/div>\n\n\t<\/div><div class=\"is-card-hoyre\">\n\t<div class=\"teft-card hoyre-teft-card post-teft-card\">\n\t\t<a href=\"https:\/\/hoyre.no\/kristiansand\/aktuelt\/valgkampaktiviteter-i-kristiansand-bli-med\/\" class=\"teft-card__primary-action\">\n\n\t\t\t\t\t<div class=\"teft-card__media teft-card__media--16-9\">\n\t\t\t\t\t\t<img loading=\"lazy\" decoding=\"async\" width=\"768\" height=\"576\" src=\"https:\/\/hoyre.no\/content\/uploads\/sites\/28\/2023\/09\/tempImageLf7hdu-768x576.jpg\" class=\"attachment-medium_large size-medium_large\" alt=\"\" srcset=\"https:\/\/hoyre.no\/content\/uploads\/sites\/28\/2023\/09\/tempImageLf7hdu-768x576.jpg 768w, https:\/\/hoyre.no\/content\/uploads\/sites\/28\/2023\/09\/tempImageLf7hdu-300x225.jpg 300w, https:\/\/hoyre.no\/content\/uploads\/sites\/28\/2023\/09\/tempImageLf7hdu-1024x768.jpg 1024w, https:\/\/hoyre.no\/content\/uploads\/sites\/28\/2023\/09\/tempImageLf7hdu-1536x1152.jpg 1536w, https:\/\/hoyre.no\/content\/uploads\/sites\/28\/2023\/09\/tempImageLf7hdu-2048x1536.jpg 2048w\" sizes=\"auto, (max-width: 768px) 100vw, 768px\" \/>\t\t<\/div>\n\t\t\n\t\t\t<div class=\"teft-card__content-wrapper\">\n\t\t\t\t<div class=\"teft-card__secondary\">\n\t\t\t\t\t\n\t\t\t\t\t\t\t\t<div class=\"teft-card__meta\">\n\t\t\t\t\t\t\t\t\t<span class=\"post-date\">26. aug 2025<\/span>\n\n\t\t\t\t\t\t\t\t\t<span class=\"post-category\">Ukategorisert<\/span>\t\t\t\t\t\t\t\t<\/div>\n\t\t\t\t\t\t\t\t\t\t\t<\/div>\n\n\t\t\t\t<div class=\"teft-card__primary\">\n\t\t\t\t\t<h2 class=\"teft-card__title\">Valgkampaktiviteter i Kristiansand &#8211; bli med!&nbsp;<span class=\"teft-card__primary-title-append\"><\/span><\/h2>\t\t\t\t<\/div>\n\t\t\t<\/div>\n\t\t<\/a>\n\t<\/div>\n\n\t<\/div><\/div>\t<\/div>\n<\/div>\n","protected":false},"excerpt":{"rendered":"","protected":false},"author":347,"featured_media":0,"comment_status":"closed","ping_status":"closed","sticky":false,"template":"","format":"standard","meta":{"teft_cards_image_url":"https:\/\/hoyre.no\/content\/uploads\/sites\/28\/2020\/11\/p5084778_16x9-scaled.jpg","teft_cards_custom_pretitle":"","teft_cards_image_id":43,"teft_cards_image_focal_point_x":0,"teft_cards_image_focal_point_y":0,"teft_cards_title":"","teft_cards_excerpt":"","teft_show_chapters":false,"author_display_name":"Renate H\u00e6geland, gruppeleder Kristiansand H\u00f8yre","footnotes":""},"category":[1],"post_tag":[],"hoyre-visibility":[],"article-type":[],"politician":[],"class_list":["post-44","post","type-post","status-publish","format-standard","hentry","category-ukategorisert"],"yoast_head":"<!-- This site is optimized with the Yoast SEO plugin v26.6 - https:\/\/yoast.com\/wordpress\/plugins\/seo\/ -->\n<title>Interpellasjon: Mer \u00e5penhet og god kommunikasjon er viktig - Kristiansand H\u00f8yre<\/title>\n<meta name=\"robots\" content=\"index, follow, max-snippet:-1, max-image-preview:large, max-video-preview:-1\" \/>\n<link rel=\"canonical\" href=\"https:\/\/hoyre.no\/kristiansand\/aktuelt\/interpellasjon_apenhet_kommunikasjon_kristiansand_sammenslaing\/\" \/>\n<meta property=\"og:locale\" content=\"nb_NO\" \/>\n<meta property=\"og:type\" content=\"article\" \/>\n<meta property=\"og:title\" content=\"Interpellasjon: Mer \u00e5penhet og god kommunikasjon er viktig - Kristiansand H\u00f8yre\" \/>\n<meta property=\"og:url\" content=\"https:\/\/hoyre.no\/kristiansand\/aktuelt\/interpellasjon_apenhet_kommunikasjon_kristiansand_sammenslaing\/\" \/>\n<meta property=\"og:site_name\" content=\"Kristiansand H\u00f8yre\" \/>\n<meta property=\"article:published_time\" content=\"2020-09-09T20:00:00+00:00\" \/>\n<meta property=\"article:modified_time\" content=\"2021-12-07T10:12:12+00:00\" \/>\n<meta property=\"og:image\" content=\"https:\/\/hoyre.no\/content\/uploads\/sites\/28\/2023\/09\/tempImageLf7hdu-1024x768.jpg\" \/>\n<meta name=\"author\" content=\"Nicolai \u00d8steby\" \/>\n<meta name=\"twitter:card\" content=\"summary_large_image\" \/>\n<meta name=\"twitter:label1\" content=\"Skrevet av\" \/>\n\t<meta name=\"twitter:data1\" content=\"Nicolai \u00d8steby\" \/>\n\t<meta name=\"twitter:label2\" content=\"Ansl. lesetid\" \/>\n\t<meta name=\"twitter:data2\" content=\"2 minutter\" \/>\n<script type=\"application\/ld+json\" class=\"yoast-schema-graph\">{\"@context\":\"https:\/\/schema.org\",\"@graph\":[{\"@type\":\"NewsArticle\",\"@id\":\"https:\/\/hoyre.no\/kristiansand\/aktuelt\/interpellasjon_apenhet_kommunikasjon_kristiansand_sammenslaing\/\",\"url\":\"https:\/\/hoyre.no\/kristiansand\/aktuelt\/interpellasjon_apenhet_kommunikasjon_kristiansand_sammenslaing\/\",\"name\":\"Interpellasjon: Mer \u00e5penhet og god kommunikasjon er viktig - Kristiansand H\u00f8yre\",\"isPartOf\":{\"@id\":\"https:\/\/hoyre.no\/kristiansand\/#website\"},\"datePublished\":\"2020-09-09T20:00:00+00:00\",\"dateModified\":\"2021-12-07T10:12:12+00:00\",\"author\":{\"@id\":\"https:\/\/hoyre.no\/kristiansand\/#\/schema\/person\/021fc9b8ca1e7342b4fb2d096feabdeb\"},\"breadcrumb\":{\"@id\":\"https:\/\/hoyre.no\/kristiansand\/aktuelt\/interpellasjon_apenhet_kommunikasjon_kristiansand_sammenslaing\/#breadcrumb\"},\"inLanguage\":\"nb-NO\",\"potentialAction\":[{\"@type\":\"ReadAction\",\"target\":[\"https:\/\/hoyre.no\/kristiansand\/aktuelt\/interpellasjon_apenhet_kommunikasjon_kristiansand_sammenslaing\/\"]}]},{\"@type\":\"BreadcrumbList\",\"@id\":\"https:\/\/hoyre.no\/kristiansand\/aktuelt\/interpellasjon_apenhet_kommunikasjon_kristiansand_sammenslaing\/#breadcrumb\",\"itemListElement\":[{\"@type\":\"ListItem\",\"position\":1,\"name\":\"Til hoyre.no\",\"item\":\"https:\/\/hoyre.no\"},{\"@type\":\"ListItem\",\"position\":2,\"name\":\"Hjem\",\"item\":\"https:\/\/hoyre.no\/kristiansand\/\"},{\"@type\":\"ListItem\",\"position\":3,\"name\":\"Interpellasjon: Mer \u00e5penhet og god kommunikasjon er viktig\"}]},{\"@type\":\"WebSite\",\"@id\":\"https:\/\/hoyre.no\/kristiansand\/#website\",\"url\":\"https:\/\/hoyre.no\/kristiansand\/\",\"name\":\"Kristiansand H\u00f8yre\",\"description\":\"Bare enda et H\u00f8yres nettsteder-nettsted\",\"inLanguage\":\"nb-NO\"},{\"@type\":\"Person\",\"@id\":\"https:\/\/hoyre.no\/kristiansand\/#\/schema\/person\/021fc9b8ca1e7342b4fb2d096feabdeb\",\"name\":\"Nicolai \u00d8steby\",\"image\":{\"@type\":\"ImageObject\",\"inLanguage\":\"nb-NO\",\"@id\":\"https:\/\/hoyre.no\/kristiansand\/#\/schema\/person\/image\/\",\"url\":\"https:\/\/secure.gravatar.com\/avatar\/a3750b4c871cea281fbf2f98069040c5f19bd5960ceb747df23830db6948b121?s=96&d=mm&r=g\",\"contentUrl\":\"https:\/\/secure.gravatar.com\/avatar\/a3750b4c871cea281fbf2f98069040c5f19bd5960ceb747df23830db6948b121?s=96&d=mm&r=g\",\"caption\":\"Nicolai \u00d8steby\"},\"url\":\"https:\/\/hoyre.no\/kristiansand\/aktuelt\/author\/m52043361\/\"}]}<\/script>\n<!-- \/ Yoast SEO plugin. -->","yoast_head_json":{"title":"Interpellasjon: Mer \u00e5penhet og god kommunikasjon er viktig - Kristiansand H\u00f8yre","robots":{"index":"index","follow":"follow","max-snippet":"max-snippet:-1","max-image-preview":"max-image-preview:large","max-video-preview":"max-video-preview:-1"},"canonical":"https:\/\/hoyre.no\/kristiansand\/aktuelt\/interpellasjon_apenhet_kommunikasjon_kristiansand_sammenslaing\/","og_locale":"nb_NO","og_type":"article","og_title":"Interpellasjon: Mer \u00e5penhet og god kommunikasjon er viktig - Kristiansand H\u00f8yre","og_url":"https:\/\/hoyre.no\/kristiansand\/aktuelt\/interpellasjon_apenhet_kommunikasjon_kristiansand_sammenslaing\/","og_site_name":"Kristiansand H\u00f8yre","article_published_time":"2020-09-09T20:00:00+00:00","article_modified_time":"2021-12-07T10:12:12+00:00","og_image":[{"url":"https:\/\/hoyre.no\/content\/uploads\/sites\/28\/2023\/09\/tempImageLf7hdu-1024x768.jpg","width":"","height":"","type":""}],"author":"Nicolai \u00d8steby","twitter_card":"summary_large_image","twitter_misc":{"Skrevet av":"Nicolai \u00d8steby","Ansl. lesetid":"2 minutter"},"schema":{"@context":"https:\/\/schema.org","@graph":[{"@type":"NewsArticle","@id":"https:\/\/hoyre.no\/kristiansand\/aktuelt\/interpellasjon_apenhet_kommunikasjon_kristiansand_sammenslaing\/","url":"https:\/\/hoyre.no\/kristiansand\/aktuelt\/interpellasjon_apenhet_kommunikasjon_kristiansand_sammenslaing\/","name":"Interpellasjon: Mer \u00e5penhet og god kommunikasjon er viktig - Kristiansand H\u00f8yre","isPartOf":{"@id":"https:\/\/hoyre.no\/kristiansand\/#website"},"datePublished":"2020-09-09T20:00:00+00:00","dateModified":"2021-12-07T10:12:12+00:00","author":{"@id":"https:\/\/hoyre.no\/kristiansand\/#\/schema\/person\/021fc9b8ca1e7342b4fb2d096feabdeb"},"breadcrumb":{"@id":"https:\/\/hoyre.no\/kristiansand\/aktuelt\/interpellasjon_apenhet_kommunikasjon_kristiansand_sammenslaing\/#breadcrumb"},"inLanguage":"nb-NO","potentialAction":[{"@type":"ReadAction","target":["https:\/\/hoyre.no\/kristiansand\/aktuelt\/interpellasjon_apenhet_kommunikasjon_kristiansand_sammenslaing\/"]}]},{"@type":"BreadcrumbList","@id":"https:\/\/hoyre.no\/kristiansand\/aktuelt\/interpellasjon_apenhet_kommunikasjon_kristiansand_sammenslaing\/#breadcrumb","itemListElement":[{"@type":"ListItem","position":1,"name":"Til hoyre.no","item":"https:\/\/hoyre.no"},{"@type":"ListItem","position":2,"name":"Hjem","item":"https:\/\/hoyre.no\/kristiansand\/"},{"@type":"ListItem","position":3,"name":"Interpellasjon: Mer \u00e5penhet og god kommunikasjon er viktig"}]},{"@type":"WebSite","@id":"https:\/\/hoyre.no\/kristiansand\/#website","url":"https:\/\/hoyre.no\/kristiansand\/","name":"Kristiansand H\u00f8yre","description":"Bare enda et H\u00f8yres nettsteder-nettsted","inLanguage":"nb-NO"},{"@type":"Person","@id":"https:\/\/hoyre.no\/kristiansand\/#\/schema\/person\/021fc9b8ca1e7342b4fb2d096feabdeb","name":"Nicolai \u00d8steby","image":{"@type":"ImageObject","inLanguage":"nb-NO","@id":"https:\/\/hoyre.no\/kristiansand\/#\/schema\/person\/image\/","url":"https:\/\/secure.gravatar.com\/avatar\/a3750b4c871cea281fbf2f98069040c5f19bd5960ceb747df23830db6948b121?s=96&d=mm&r=g","contentUrl":"https:\/\/secure.gravatar.com\/avatar\/a3750b4c871cea281fbf2f98069040c5f19bd5960ceb747df23830db6948b121?s=96&d=mm&r=g","caption":"Nicolai \u00d8steby"},"url":"https:\/\/hoyre.no\/kristiansand\/aktuelt\/author\/m52043361\/"}]}},"distributor_meta":false,"distributor_terms":false,"distributor_media":false,"distributor_original_site_name":"Kristiansand H\u00f8yre","distributor_original_site_url":"https:\/\/hoyre.no\/kristiansand","push-errors":false,"_links":{"self":[{"href":"https:\/\/hoyre.no\/kristiansand\/wp-json\/wp\/v2\/posts\/44","targetHints":{"allow":["GET"]}}],"collection":[{"href":"https:\/\/hoyre.no\/kristiansand\/wp-json\/wp\/v2\/posts"}],"about":[{"href":"https:\/\/hoyre.no\/kristiansand\/wp-json\/wp\/v2\/types\/post"}],"author":[{"embeddable":true,"href":"https:\/\/hoyre.no\/kristiansand\/wp-json\/wp\/v2\/users\/347"}],"replies":[{"embeddable":true,"href":"https:\/\/hoyre.no\/kristiansand\/wp-json\/wp\/v2\/comments?post=44"}],"version-history":[{"count":1,"href":"https:\/\/hoyre.no\/kristiansand\/wp-json\/wp\/v2\/posts\/44\/revisions"}],"predecessor-version":[{"id":219,"href":"https:\/\/hoyre.no\/kristiansand\/wp-json\/wp\/v2\/posts\/44\/revisions\/219"}],"wp:attachment":[{"href":"https:\/\/hoyre.no\/kristiansand\/wp-json\/wp\/v2\/media?parent=44"}],"wp:term":[{"taxonomy":"category","embeddable":true,"href":"https:\/\/hoyre.no\/kristiansand\/wp-json\/wp\/v2\/category?post=44"},{"taxonomy":"post_tag","embeddable":true,"href":"https:\/\/hoyre.no\/kristiansand\/wp-json\/wp\/v2\/post_tag?post=44"},{"taxonomy":"hoyre-visibility","embeddable":true,"href":"https:\/\/hoyre.no\/kristiansand\/wp-json\/wp\/v2\/hoyre-visibility?post=44"},{"taxonomy":"article-type","embeddable":true,"href":"https:\/\/hoyre.no\/kristiansand\/wp-json\/wp\/v2\/article-type?post=44"},{"taxonomy":"politician","embeddable":true,"href":"https:\/\/hoyre.no\/kristiansand\/wp-json\/wp\/v2\/politician?post=44"}],"curies":[{"name":"wp","href":"https:\/\/api.w.org\/{rel}","templated":true}]}}