{"id":58,"date":"2019-12-03T23:00:00","date_gmt":"2019-12-03T22:00:00","guid":{"rendered":"https:\/\/hoyre.no\/kristiansand\/aktuelt\/nytt_foreningsstyre_kristiansand_hoyre\/"},"modified":"2019-12-03T23:00:00","modified_gmt":"2019-12-03T22:00:00","slug":"nytt_foreningsstyre_kristiansand_hoyre","status":"publish","type":"post","link":"https:\/\/hoyre.no\/kristiansand\/aktuelt\/nytt_foreningsstyre_kristiansand_hoyre\/","title":{"rendered":"Nyvalgt styre i Kristiansand H\u00f8yre"},"content":{"rendered":"<p class=\"preamble\">n Tirsdag 3. desember 2019 avhold Kristiansand H\u00f8yre sitt \u00e5rsm\u00f8te, hvor det nye styret ble valgt.n n<\/p>\t\t\t<div class=\"post-meta wp-block teft-byline-wrapper\">\n\t\t\t\t<div class=\"top\">\n\t\t\t\t\t<div class=\"signature\">\n\t\t\t\t\t\t<div class=\"teft-byline\">\n\t\t\t\t\t\t\t\t\t\t\t\t\t\t<div>\n\t\t\t\t\t\t\t\t<h3>H\u00f8yres redaksjon<\/h3>\t\t\t\t\t\t\t\t\n\t\t\t\t\t\t\t\t\t\t\t\t\t\t\t\t\t<span class=\"date\">Sist oppdatert: 3. desember 2019<\/span>\n\t\t\t\t\t\t\t\t\t\t\t\t\t\t\t\t\t\t\t\t\t\t\t\t\t<span class=\"reading-time\" itemprop=\"timeRequired\" content=\"PT8M\"><em>Ca. 8 minutter lesetid<\/em><\/span>\n\t\t\t\t\t\t\t\t\t\t\t\t\t\t\t<\/div>\n\t\t\t\t\t\t<\/div>\n\t\t\t\t\t<\/div>\n\t\t\t\t\t\t<div class=\"sharing\">\n\t\t<a class=\"share-button share-link copy-link\" data-copy=\"https:\/\/hoyre.no\/kristiansand\/aktuelt\/nytt_foreningsstyre_kristiansand_hoyre\/\" target=\"_blank\"><span class=\"screen-reader-text\">Del link<\/span><\/a>\n\t\t<a class=\"share-button share-twitter\" href=\"http:\/\/twitter.com\/share?text=Nyvalgt styre i Kristiansand H\u00f8yre&#038;url=https:\/\/hoyre.no\/kristiansand\/aktuelt\/nytt_foreningsstyre_kristiansand_hoyre\/&#038;hashtags=Hoyre\" target=\"_blank\"><span class=\"screen-reader-text\">Del p\u00e5 twitter<\/span><\/a>\n\t\t<a class=\"share-button share-facebook\" href=\"https:\/\/www.facebook.com\/sharer\/sharer.php?u=https:\/\/hoyre.no\/kristiansand\/aktuelt\/nytt_foreningsstyre_kristiansand_hoyre\/\" target=\"_blank\"><span class=\"screen-reader-text\">Del p\u00e5 facebook<\/span><\/a>\n\t<\/div>\n\t\t\t\t\t<\/div>\n\t\t\t<\/div>\n\n\t\t\t<figure class=\"hoyre-image-wrapper\"><div class=\"hoyre-image\"><img loading=\"lazy\" decoding=\"async\" width=\"2560\" height=\"1440\" src=\"https:\/\/hoyre.no\/content\/uploads\/sites\/28\/2020\/11\/pc032371_16x9-scaled.jpg\" class=\"attachment-scaled size-scaled\" alt=\"\" style=\"object-position: 50% 50%\" srcset=\"https:\/\/hoyre.no\/content\/uploads\/sites\/28\/2020\/11\/pc032371_16x9-scaled.jpg 2560w, https:\/\/hoyre.no\/content\/uploads\/sites\/28\/2020\/11\/pc032371_16x9-300x169.jpg 300w, https:\/\/hoyre.no\/content\/uploads\/sites\/28\/2020\/11\/pc032371_16x9-1024x576.jpg 1024w, https:\/\/hoyre.no\/content\/uploads\/sites\/28\/2020\/11\/pc032371_16x9-768x432.jpg 768w, https:\/\/hoyre.no\/content\/uploads\/sites\/28\/2020\/11\/pc032371_16x9-1536x864.jpg 1536w, https:\/\/hoyre.no\/content\/uploads\/sites\/28\/2020\/11\/pc032371_16x9-2048x1152.jpg 2048w\" sizes=\"auto, (max-width: 2560px) 100vw, 2560px\" \/><\/div><\/figure><div id=\"hoyre-old-article-content-wrapper\"><p>n  Ikke siden sammensl\u00e5ing av S\u00f8gne, Songdalen og Kristiansand H\u00f8yre i 2018 har det v\u00e6rt endringer i styresammensetningen. \u00c5rsm\u00f8tet vedtok derfor nye styremedlemmer med ulik frekvens p\u00e5 sine verv (hhv 1 og 2 \u00e5r)n  <br \/>n  <br \/>n  <br \/>Fra og med 3. desember 2019 best\u00e5r dermed hovedstyret av<\/p>nn<table cellspacing=\"0\" cellpadding=\"0\" border=\"1\">n  <tbody>n    <tr>n      <td width=\"167\" valign=\"top\">n        <p>VERV<\/p>n      <\/td>n      <td width=\"121\" valign=\"top\">n        <p>NAVN<\/p>n      <\/td>n      <td width=\"121\" valign=\"top\">n        <p>VALGPERIODE (\u00e5r)<\/p>n      <\/td>n    <\/tr>n    <tr>n      <td width=\"167\" valign=\"top\">n        <p>Lokallagsleder<\/p>n      <\/td>n      <td width=\"121\" valign=\"top\">n        <p>Per Sigurd S\u00f8rensen<\/p>n      <\/td>n      <td width=\"121\" valign=\"top\">n        <p>2<\/p>n      <\/td>n    <\/tr>n    <tr>n      <td width=\"167\" valign=\"top\">n        <p>1.nestleder (politisk) <\/p>n      <\/td>n      <td width=\"121\" valign=\"top\">n        <p>Tor Utsogn<\/p>n      <\/td>n      <td width=\"121\" valign=\"top\">n        <p>1<\/p>n      <\/td>n    <\/tr>n    <tr>n      <td width=\"167\" valign=\"top\">n        <p>2.nestleder (organisatorisk)<\/p>n      <\/td>n      <td width=\"121\" valign=\"top\">n        <p>Kjersti Javenes<\/p>n      <\/td>n      <td width=\"121\" valign=\"top\">n        <p>2<\/p>n      <\/td>n    <\/tr>n    <tr>n      <td width=\"167\" valign=\"top\">n        <p>Kasserer<\/p>n      <\/td>n      <td width=\"121\" valign=\"top\">n        <p>Trond Reitan<\/p>n      <\/td>n      <td width=\"121\" valign=\"top\">n        <p>2<\/p>n      <\/td>n    <\/tr>n    <tr>n      <td width=\"167\" valign=\"top\">n        <p>Kvinnepolitisk ansvarlig<\/p>n      <\/td>n      <td width=\"121\" valign=\"top\">n        <p>Grete Alver<\/p>n      <\/td>n      <td width=\"121\" valign=\"top\">n        <p>1<\/p>n      <\/td>n    <\/tr>n    <tr>n      <td width=\"167\" valign=\"top\">n        <p>Styremedlem<\/p>n      <\/td>n      <td width=\"121\" valign=\"top\">n        <p>Synn\u00f8ve Hynne Prebensen<\/p>n      <\/td>n      <td width=\"121\" valign=\"top\">n        <p>1<\/p>n      <\/td>n    <\/tr>n    <tr>n      <td width=\"167\" valign=\"top\">n        <p>Styremedlem<\/p>n      <\/td>n      <td width=\"121\" valign=\"top\">n        <p>Mathias Bernander<\/p>n      <\/td>n      <td width=\"121\" valign=\"top\">n        <p>2<\/p>n      <\/td>n    <\/tr>n    <tr>n      <td width=\"167\" valign=\"top\">n        <p>Bydelskontakt Vest<\/p>n      <\/td>n      <td width=\"121\" valign=\"top\">n        <p>Vegard Kristian M\u00f8ller Launes<\/p>n      <\/td>n      <td width=\"121\" valign=\"top\">n        <p>1<\/p>n      <\/td>n    <\/tr>n    <tr>n      <td width=\"167\" valign=\"top\">n        <p>Bydelskontakt Sentrum<\/p>n      <\/td>n      <td width=\"121\" valign=\"top\">n        <p>Odd Nordmo<\/p>n      <\/td>n      <td width=\"121\" valign=\"top\">n        <p>1<\/p>n      <\/td>n    <\/tr>n    <tr>n      <td width=\"167\" valign=\"top\">n        <p>Bydelskontakt \u00d8st<\/p>n      <\/td>n      <td width=\"121\" valign=\"top\">n        <p>Lisbeth Andersen<\/p>n      <\/td>n      <td width=\"121\" valign=\"top\">n        <p>1<\/p>n      <\/td>n    <\/tr>n    <tr>n      <td width=\"167\" valign=\"top\">n        <p>Bydelskontakt Lund<\/p>n      <\/td>n      <td width=\"121\" valign=\"top\">n        <p>Merete Gulbrandsen<\/p>n      <\/td>n      <td width=\"121\" valign=\"top\">n        <p>1<\/p>n      <\/td>n    <\/tr>n    <tr>n      <td width=\"167\" valign=\"top\">n        <p>Bydelskontakt Songdalen<\/p>n      <\/td>n      <td width=\"121\" valign=\"top\">n        <p><\/p>n      <\/td>n      <td width=\"121\" valign=\"top\">n        <p>1<\/p>n      <\/td>n    <\/tr>n    <tr>n      <td width=\"167\" valign=\"top\">n        <p>Bydelskontakt S\u00f8gne<\/p>n      <\/td>n      <td width=\"121\" valign=\"top\">n        <p>Jack Andersen<\/p>n      <\/td>n      <td width=\"121\" valign=\"top\">n        <p>1<\/p>n      <\/td>n    <\/tr>n    <tr>n      <td width=\"167\" valign=\"top\">n        <p>1.fylkesstyrerepresentant for Kristiansand H\u00f8yre<\/p>n      <\/td>n      <td width=\"121\" valign=\"top\">n        <p>Tor Utsogn<\/p>n      <\/td>n      <td width=\"121\" valign=\"top\">n        <p>Nestleder<\/p>n      <\/td>n    <\/tr>n    <tr>n      <td width=\"167\" valign=\"top\">n        <p>2.fylkesstyrerepresentant for Kristiansand H\u00f8yre<\/p>n      <\/td>n      <td width=\"121\" valign=\"top\">n        <p>Kjersti Javenes<\/p>n      <\/td>n      <td width=\"121\" valign=\"top\">n        <p>Nestleder<\/p>n      <\/td>n    <\/tr>n    <tr>n      <td width=\"167\" valign=\"top\">n        <p>Revisor 1<\/p>n      <\/td>n      <td width=\"121\" valign=\"top\">n        <p>Erik Nyhus<\/p>n      <\/td>n      <td width=\"121\" valign=\"top\">n        <p>1<\/p>n      <\/td>n    <\/tr>n    <tr>n      <td width=\"167\" valign=\"top\">n        <p>Revisor 2<\/p>n      <\/td>n      <td width=\"121\" valign=\"top\">n        <p>Berit Ahlb\u00e4ck<\/p>n      <\/td>n      <td width=\"121\" valign=\"top\">n        <p>1<\/p>n      <\/td>n    <\/tr>n  <\/tbody>n<\/table>n<em>* Foreningsstyret har f\u00e5tt mandat til \u00e5 velge en ny Bydelskontakt for Songdalen<\/p><p><br \/><\/em>I tillegg ble valgkomiteeen tilf\u00f8rt nytt medlem: Amalie Gunnufsen, i tillegg til eksisterende medlemmer: Harald F. Andersen, Hans Otto Lund og Svein Gr\u00f8dum. Komiteen ble i 2018 valgt for 2 \u00e5r, og er ikke p\u00e5 valg f\u00f8r \u00e5rsm\u00f8tet i 2020.n<br \/>n<br \/>n<br \/>For sp\u00f8rsm\u00e5l rundt \u00e5rsm\u00f8tet eller for \u00e5 kontakte hovedsstyret, vennligst kontakt lokallagsleder <strong>Per Sigurd S\u00f8rensen p\u00e5 mobil 911 19 264 eller e-post: krshoyre@gmail.com<\/strong>, eller p\u00e5 v\u00e5r <a href=\"http:\/\/www.facebook.com\/krshoyre\">Facebookside<\/a>.n<br \/><\/div>\n<div class=\"tags\">\n\t<\/div>\n<div class=\"post-footer alignfull has-background block-editor-block-list__block\" data-align=full>\n\t<div class=\"post-footer-inner\">\n\t\t<h3>Relaterte artikler<\/h3>\n\t\t<div class=\"related-content\"><div class=\"is-card-hoyre\">\n\t<div class=\"teft-card hoyre-teft-card post-teft-card\">\n\t\t<a href=\"https:\/\/hoyre.no\/kristiansand\/aktuelt\/hvem-skal-sitte-i-bystyret\/\" class=\"teft-card__primary-action\">\n\n\t\t\t<div class=\"teft-card__media teft-card__media--16-9 no-image\"><\/div>\n\t\t\t<div class=\"teft-card__content-wrapper\">\n\t\t\t\t<div class=\"teft-card__secondary\">\n\t\t\t\t\t\n\t\t\t\t\t\t\t\t<div class=\"teft-card__meta\">\n\t\t\t\t\t\t\t\t\t<span class=\"post-date\">30. mar 2026<\/span>\n\n\t\t\t\t\t\t\t\t\t\t\t\t\t\t\t\t\t<\/div>\n\t\t\t\t\t\t\t\t\t\t\t<\/div>\n\n\t\t\t\t<div class=\"teft-card__primary\">\n\t\t\t\t\t<h2 class=\"teft-card__title\">Hvem skal sitte i bystyret?\u00a0&nbsp;<span class=\"teft-card__primary-title-append\"><\/span><\/h2>\t\t\t\t<\/div>\n\t\t\t<\/div>\n\t\t<\/a>\n\t<\/div>\n\n\t<\/div><div class=\"is-card-hoyre\">\n\t<div class=\"teft-card hoyre-teft-card post-teft-card\">\n\t\t<a href=\"https:\/\/hoyre.no\/kristiansand\/aktuelt\/snart-ett-ar-som-ordforerens-radgiver\/\" class=\"teft-card__primary-action\">\n\n\t\t\t\t\t<div class=\"teft-card__media teft-card__media--16-9\">\n\t\t\t\t\t\t<img loading=\"lazy\" decoding=\"async\" width=\"768\" height=\"497\" src=\"https:\/\/hoyre.no\/content\/uploads\/sites\/28\/2026\/02\/IMG_0005-768x497.jpg\" class=\"attachment-medium_large size-medium_large\" alt=\"\" srcset=\"https:\/\/hoyre.no\/content\/uploads\/sites\/28\/2026\/02\/IMG_0005-768x497.jpg 768w, https:\/\/hoyre.no\/content\/uploads\/sites\/28\/2026\/02\/IMG_0005-300x194.jpg 300w, https:\/\/hoyre.no\/content\/uploads\/sites\/28\/2026\/02\/IMG_0005-1024x662.jpg 1024w, https:\/\/hoyre.no\/content\/uploads\/sites\/28\/2026\/02\/IMG_0005.jpg 1200w\" sizes=\"auto, (max-width: 768px) 100vw, 768px\" \/>\t\t<\/div>\n\t\t\n\t\t\t<div class=\"teft-card__content-wrapper\">\n\t\t\t\t<div class=\"teft-card__secondary\">\n\t\t\t\t\t\n\t\t\t\t\t\t\t\t<div class=\"teft-card__meta\">\n\t\t\t\t\t\t\t\t\t<span class=\"post-date\">5. feb 2026<\/span>\n\n\t\t\t\t\t\t\t\t\t\t\t\t\t\t\t\t\t<\/div>\n\t\t\t\t\t\t\t\t\t\t\t<\/div>\n\n\t\t\t\t<div class=\"teft-card__primary\">\n\t\t\t\t\t<h2 class=\"teft-card__title\">Snart ett \u00e5r som ordf\u00f8rerens r\u00e5dgiver&nbsp;<span class=\"teft-card__primary-title-append\"><\/span><\/h2>\t\t\t\t<\/div>\n\t\t\t<\/div>\n\t\t<\/a>\n\t<\/div>\n\n\t<\/div><div class=\"is-card-hoyre\">\n\t<div class=\"teft-card hoyre-teft-card post-teft-card\">\n\t\t<a href=\"https:\/\/hoyre.no\/kristiansand\/aktuelt\/valgkampaktiviteter-i-kristiansand-bli-med\/\" class=\"teft-card__primary-action\">\n\n\t\t\t\t\t<div class=\"teft-card__media teft-card__media--16-9\">\n\t\t\t\t\t\t<img loading=\"lazy\" decoding=\"async\" width=\"768\" height=\"576\" src=\"https:\/\/hoyre.no\/content\/uploads\/sites\/28\/2023\/09\/tempImageLf7hdu-768x576.jpg\" class=\"attachment-medium_large size-medium_large\" alt=\"\" srcset=\"https:\/\/hoyre.no\/content\/uploads\/sites\/28\/2023\/09\/tempImageLf7hdu-768x576.jpg 768w, https:\/\/hoyre.no\/content\/uploads\/sites\/28\/2023\/09\/tempImageLf7hdu-300x225.jpg 300w, https:\/\/hoyre.no\/content\/uploads\/sites\/28\/2023\/09\/tempImageLf7hdu-1024x768.jpg 1024w, https:\/\/hoyre.no\/content\/uploads\/sites\/28\/2023\/09\/tempImageLf7hdu-1536x1152.jpg 1536w, https:\/\/hoyre.no\/content\/uploads\/sites\/28\/2023\/09\/tempImageLf7hdu-2048x1536.jpg 2048w\" sizes=\"auto, (max-width: 768px) 100vw, 768px\" \/>\t\t<\/div>\n\t\t\n\t\t\t<div class=\"teft-card__content-wrapper\">\n\t\t\t\t<div class=\"teft-card__secondary\">\n\t\t\t\t\t\n\t\t\t\t\t\t\t\t<div class=\"teft-card__meta\">\n\t\t\t\t\t\t\t\t\t<span class=\"post-date\">26. aug 2025<\/span>\n\n\t\t\t\t\t\t\t\t\t<span class=\"post-category\">Ukategorisert<\/span>\t\t\t\t\t\t\t\t<\/div>\n\t\t\t\t\t\t\t\t\t\t\t<\/div>\n\n\t\t\t\t<div class=\"teft-card__primary\">\n\t\t\t\t\t<h2 class=\"teft-card__title\">Valgkampaktiviteter i Kristiansand &#8211; bli med!&nbsp;<span class=\"teft-card__primary-title-append\"><\/span><\/h2>\t\t\t\t<\/div>\n\t\t\t<\/div>\n\t\t<\/a>\n\t<\/div>\n\n\t<\/div><\/div>\t<\/div>\n<\/div>\n","protected":false},"excerpt":{"rendered":"","protected":false},"author":0,"featured_media":0,"comment_status":"open","ping_status":"open","sticky":false,"template":"","format":"standard","meta":{"teft_cards_image_url":"https:\/\/hoyre.no\/content\/uploads\/sites\/28\/2020\/11\/pc032371_16x9-scaled.jpg","teft_cards_custom_pretitle":"","teft_cards_image_id":57,"teft_cards_image_focal_point_x":0,"teft_cards_image_focal_point_y":0,"teft_cards_title":"","teft_cards_excerpt":"","teft_show_chapters":false,"author_display_name":"Kristiansand H\u00f8yre","footnotes":""},"category":[1],"post_tag":[],"hoyre-visibility":[],"article-type":[],"politician":[],"class_list":["post-58","post","type-post","status-publish","format-standard","hentry","category-ukategorisert"],"yoast_head":"<!-- This site is optimized with the Yoast SEO plugin v26.6 - https:\/\/yoast.com\/wordpress\/plugins\/seo\/ -->\n<title>Nyvalgt styre i Kristiansand H\u00f8yre - Kristiansand H\u00f8yre<\/title>\n<meta name=\"robots\" content=\"index, follow, max-snippet:-1, max-image-preview:large, max-video-preview:-1\" \/>\n<link rel=\"canonical\" href=\"https:\/\/hoyre.no\/kristiansand\/aktuelt\/nytt_foreningsstyre_kristiansand_hoyre\/\" \/>\n<meta property=\"og:locale\" content=\"nb_NO\" \/>\n<meta property=\"og:type\" content=\"article\" \/>\n<meta property=\"og:title\" content=\"Nyvalgt styre i Kristiansand H\u00f8yre - Kristiansand H\u00f8yre\" \/>\n<meta property=\"og:url\" content=\"https:\/\/hoyre.no\/kristiansand\/aktuelt\/nytt_foreningsstyre_kristiansand_hoyre\/\" \/>\n<meta property=\"og:site_name\" content=\"Kristiansand H\u00f8yre\" \/>\n<meta property=\"article:published_time\" content=\"2019-12-03T22:00:00+00:00\" \/>\n<meta property=\"og:image\" content=\"https:\/\/hoyre.no\/content\/uploads\/sites\/28\/2023\/09\/tempImageLf7hdu-1024x768.jpg\" \/>\n<meta name=\"twitter:card\" content=\"summary_large_image\" \/>\n<meta name=\"twitter:label1\" content=\"Ansl. lesetid\" \/>\n\t<meta name=\"twitter:data1\" content=\"2 minutter\" \/>\n<script type=\"application\/ld+json\" class=\"yoast-schema-graph\">{\"@context\":\"https:\/\/schema.org\",\"@graph\":[{\"@type\":\"NewsArticle\",\"@id\":\"https:\/\/hoyre.no\/kristiansand\/aktuelt\/nytt_foreningsstyre_kristiansand_hoyre\/\",\"url\":\"https:\/\/hoyre.no\/kristiansand\/aktuelt\/nytt_foreningsstyre_kristiansand_hoyre\/\",\"name\":\"Nyvalgt styre i Kristiansand H\u00f8yre - Kristiansand H\u00f8yre\",\"isPartOf\":{\"@id\":\"https:\/\/hoyre.no\/kristiansand\/#website\"},\"datePublished\":\"2019-12-03T22:00:00+00:00\",\"author\":{\"@id\":\"\"},\"breadcrumb\":{\"@id\":\"https:\/\/hoyre.no\/kristiansand\/aktuelt\/nytt_foreningsstyre_kristiansand_hoyre\/#breadcrumb\"},\"inLanguage\":\"nb-NO\",\"potentialAction\":[{\"@type\":\"ReadAction\",\"target\":[\"https:\/\/hoyre.no\/kristiansand\/aktuelt\/nytt_foreningsstyre_kristiansand_hoyre\/\"]}]},{\"@type\":\"BreadcrumbList\",\"@id\":\"https:\/\/hoyre.no\/kristiansand\/aktuelt\/nytt_foreningsstyre_kristiansand_hoyre\/#breadcrumb\",\"itemListElement\":[{\"@type\":\"ListItem\",\"position\":1,\"name\":\"Til hoyre.no\",\"item\":\"https:\/\/hoyre.no\"},{\"@type\":\"ListItem\",\"position\":2,\"name\":\"Hjem\",\"item\":\"https:\/\/hoyre.no\/kristiansand\/\"},{\"@type\":\"ListItem\",\"position\":3,\"name\":\"Nyvalgt styre i Kristiansand H\u00f8yre\"}]},{\"@type\":\"WebSite\",\"@id\":\"https:\/\/hoyre.no\/kristiansand\/#website\",\"url\":\"https:\/\/hoyre.no\/kristiansand\/\",\"name\":\"Kristiansand H\u00f8yre\",\"description\":\"Bare enda et H\u00f8yres nettsteder-nettsted\",\"inLanguage\":\"nb-NO\"}]}<\/script>\n<!-- \/ Yoast SEO plugin. -->","yoast_head_json":{"title":"Nyvalgt styre i Kristiansand H\u00f8yre - Kristiansand H\u00f8yre","robots":{"index":"index","follow":"follow","max-snippet":"max-snippet:-1","max-image-preview":"max-image-preview:large","max-video-preview":"max-video-preview:-1"},"canonical":"https:\/\/hoyre.no\/kristiansand\/aktuelt\/nytt_foreningsstyre_kristiansand_hoyre\/","og_locale":"nb_NO","og_type":"article","og_title":"Nyvalgt styre i Kristiansand H\u00f8yre - Kristiansand H\u00f8yre","og_url":"https:\/\/hoyre.no\/kristiansand\/aktuelt\/nytt_foreningsstyre_kristiansand_hoyre\/","og_site_name":"Kristiansand H\u00f8yre","article_published_time":"2019-12-03T22:00:00+00:00","og_image":[{"url":"https:\/\/hoyre.no\/content\/uploads\/sites\/28\/2023\/09\/tempImageLf7hdu-1024x768.jpg","width":"","height":"","type":""}],"twitter_card":"summary_large_image","twitter_misc":{"Ansl. lesetid":"2 minutter"},"schema":{"@context":"https:\/\/schema.org","@graph":[{"@type":"NewsArticle","@id":"https:\/\/hoyre.no\/kristiansand\/aktuelt\/nytt_foreningsstyre_kristiansand_hoyre\/","url":"https:\/\/hoyre.no\/kristiansand\/aktuelt\/nytt_foreningsstyre_kristiansand_hoyre\/","name":"Nyvalgt styre i Kristiansand H\u00f8yre - Kristiansand H\u00f8yre","isPartOf":{"@id":"https:\/\/hoyre.no\/kristiansand\/#website"},"datePublished":"2019-12-03T22:00:00+00:00","author":{"@id":""},"breadcrumb":{"@id":"https:\/\/hoyre.no\/kristiansand\/aktuelt\/nytt_foreningsstyre_kristiansand_hoyre\/#breadcrumb"},"inLanguage":"nb-NO","potentialAction":[{"@type":"ReadAction","target":["https:\/\/hoyre.no\/kristiansand\/aktuelt\/nytt_foreningsstyre_kristiansand_hoyre\/"]}]},{"@type":"BreadcrumbList","@id":"https:\/\/hoyre.no\/kristiansand\/aktuelt\/nytt_foreningsstyre_kristiansand_hoyre\/#breadcrumb","itemListElement":[{"@type":"ListItem","position":1,"name":"Til hoyre.no","item":"https:\/\/hoyre.no"},{"@type":"ListItem","position":2,"name":"Hjem","item":"https:\/\/hoyre.no\/kristiansand\/"},{"@type":"ListItem","position":3,"name":"Nyvalgt styre i Kristiansand H\u00f8yre"}]},{"@type":"WebSite","@id":"https:\/\/hoyre.no\/kristiansand\/#website","url":"https:\/\/hoyre.no\/kristiansand\/","name":"Kristiansand H\u00f8yre","description":"Bare enda et H\u00f8yres nettsteder-nettsted","inLanguage":"nb-NO"}]}},"distributor_meta":false,"distributor_terms":false,"distributor_media":false,"distributor_original_site_name":"Kristiansand H\u00f8yre","distributor_original_site_url":"https:\/\/hoyre.no\/kristiansand","push-errors":false,"_links":{"self":[{"href":"https:\/\/hoyre.no\/kristiansand\/wp-json\/wp\/v2\/posts\/58","targetHints":{"allow":["GET"]}}],"collection":[{"href":"https:\/\/hoyre.no\/kristiansand\/wp-json\/wp\/v2\/posts"}],"about":[{"href":"https:\/\/hoyre.no\/kristiansand\/wp-json\/wp\/v2\/types\/post"}],"replies":[{"embeddable":true,"href":"https:\/\/hoyre.no\/kristiansand\/wp-json\/wp\/v2\/comments?post=58"}],"version-history":[{"count":0,"href":"https:\/\/hoyre.no\/kristiansand\/wp-json\/wp\/v2\/posts\/58\/revisions"}],"wp:attachment":[{"href":"https:\/\/hoyre.no\/kristiansand\/wp-json\/wp\/v2\/media?parent=58"}],"wp:term":[{"taxonomy":"category","embeddable":true,"href":"https:\/\/hoyre.no\/kristiansand\/wp-json\/wp\/v2\/category?post=58"},{"taxonomy":"post_tag","embeddable":true,"href":"https:\/\/hoyre.no\/kristiansand\/wp-json\/wp\/v2\/post_tag?post=58"},{"taxonomy":"hoyre-visibility","embeddable":true,"href":"https:\/\/hoyre.no\/kristiansand\/wp-json\/wp\/v2\/hoyre-visibility?post=58"},{"taxonomy":"article-type","embeddable":true,"href":"https:\/\/hoyre.no\/kristiansand\/wp-json\/wp\/v2\/article-type?post=58"},{"taxonomy":"politician","embeddable":true,"href":"https:\/\/hoyre.no\/kristiansand\/wp-json\/wp\/v2\/politician?post=58"}],"curies":[{"name":"wp","href":"https:\/\/api.w.org\/{rel}","templated":true}]}}