{"id":617,"date":"2023-03-28T12:43:12","date_gmt":"2023-03-28T10:43:12","guid":{"rendered":"https:\/\/hoyre.no\/kristiansand\/?p=617"},"modified":"2023-10-09T11:51:34","modified_gmt":"2023-10-09T09:51:34","slug":"kristiansand-hoyres-valgprogram-er-klart","status":"publish","type":"post","link":"https:\/\/hoyre.no\/kristiansand\/aktuelt\/kristiansand-hoyres-valgprogram-er-klart\/","title":{"rendered":"Kristiansand H\u00f8yres valgprogram er klart!"},"content":{"rendered":"\n<p class=\"preamble\">Medlemmene i Kristiansand H\u00f8yre har vedtatt bystyrevalgprogrammet for perioden 2023 &#8211; 2027. Det kan du lese her.<\/p>\t\t\t<div class=\"post-meta wp-block teft-byline-wrapper\">\n\t\t\t\t<div class=\"top\">\n\t\t\t\t\t<div class=\"signature\">\n\t\t\t\t\t\t<div class=\"teft-byline\">\n\t\t\t\t\t\t\t\t\t\t\t\t\t\t<div>\n\t\t\t\t\t\t\t\t<h3>H\u00f8yres redaksjon<\/h3>\t\t\t\t\t\t\t\t\n\t\t\t\t\t\t\t\t\t\t\t\t\t\t\t\t\t<span class=\"date\">Sist oppdatert: 9. oktober 2023<\/span>\n\t\t\t\t\t\t\t\t\t\t\t\t\t\t\t\t\t\t\t\t\t\t\t\t\t<span class=\"reading-time\" itemprop=\"timeRequired\" content=\"PT2M\"><em>Ca. 2 minutter lesetid<\/em><\/span>\n\t\t\t\t\t\t\t\t\t\t\t\t\t\t\t<\/div>\n\t\t\t\t\t\t<\/div>\n\t\t\t\t\t<\/div>\n\t\t\t\t\t\t<div class=\"sharing\">\n\t\t<a class=\"share-button share-link copy-link\" data-copy=\"https:\/\/hoyre.no\/kristiansand\/aktuelt\/kristiansand-hoyres-valgprogram-er-klart\/\" target=\"_blank\"><span class=\"screen-reader-text\">Del link<\/span><\/a>\n\t\t<a class=\"share-button share-twitter\" href=\"http:\/\/twitter.com\/share?text=Kristiansand H\u00f8yres valgprogram er klart!&#038;url=https:\/\/hoyre.no\/kristiansand\/aktuelt\/kristiansand-hoyres-valgprogram-er-klart\/&#038;hashtags=Hoyre\" target=\"_blank\"><span class=\"screen-reader-text\">Del p\u00e5 twitter<\/span><\/a>\n\t\t<a class=\"share-button share-facebook\" href=\"https:\/\/www.facebook.com\/sharer\/sharer.php?u=https:\/\/hoyre.no\/kristiansand\/aktuelt\/kristiansand-hoyres-valgprogram-er-klart\/\" target=\"_blank\"><span class=\"screen-reader-text\">Del p\u00e5 facebook<\/span><\/a>\n\t<\/div>\n\t\t\t\t\t<\/div>\n\t\t\t<\/div>\n\n\t\t\t<figure class=\"hoyre-image-wrapper\"><div class=\"hoyre-image\"><img loading=\"lazy\" decoding=\"async\" width=\"3333\" height=\"2222\" src=\"https:\/\/hoyre.no\/content\/uploads\/sites\/28\/2023\/03\/bystyrecov.png\" class=\"attachment-scaled size-scaled\" alt=\"\" style=\"object-position: 50% 50%\" srcset=\"https:\/\/hoyre.no\/content\/uploads\/sites\/28\/2023\/03\/bystyrecov.png 3333w, https:\/\/hoyre.no\/content\/uploads\/sites\/28\/2023\/03\/bystyrecov-300x200.png 300w, https:\/\/hoyre.no\/content\/uploads\/sites\/28\/2023\/03\/bystyrecov-1024x683.png 1024w, https:\/\/hoyre.no\/content\/uploads\/sites\/28\/2023\/03\/bystyrecov-768x512.png 768w, https:\/\/hoyre.no\/content\/uploads\/sites\/28\/2023\/03\/bystyrecov-1536x1024.png 1536w, https:\/\/hoyre.no\/content\/uploads\/sites\/28\/2023\/03\/bystyrecov-2048x1365.png 2048w\" sizes=\"auto, (max-width: 3333px) 100vw, 3333px\" \/><\/div><\/figure>\n\n\n\n\n<p>Etter en lang programprosses med mange innspill fra ulike akt\u00f8rer, var det til slutt medlemmene i Kristiansand H\u00f8yre som skulle behandle programmet H\u00f8yre g\u00e5r til valg p\u00e5 i september.<\/p>\n\n\n\n<h3 class=\"wp-block-heading\">\u2013 Setter retning for Kristiansand<\/h3>\n\n\n\n<p>Ordf\u00f8rerkandidat Mathias Bernander er sv\u00e6rt forn\u00f8yd med programmet H\u00f8yre n\u00e5 skal fri til velgerne med.<\/p>\n\n\n\n<p>\u2013 Etter fire \u00e5r med politisk kaos trenger vi trygg, stabil styring i Kristiansand. H\u00f8yre er garantisten for det. Dette programmet viser at vi vil mer for Kristiansand enn det de fire siste \u00e5rene har gitt oss. Programmet setter tydelig retning for kommunen og hva vi skal f\u00e5 til i bystyret, sier Bernander.<\/p>\n\n\n\n<p>Han legger til:<\/p>\n\n\n\n<p>\u2013 Vi st\u00e5r overfor store utfordringer i Kristiansand. Vi m\u00e5 ta i bruk alle gode krefter for \u00e5 klare \u00e5 inkludere flere, gi raskere og bedre helsehjelp, og skape en skole som gir muligheter for alle. Alt dette samtidig som folk skal sitte igjen med mer av pengene sine selv. Dette programmet gj\u00f8r oss godt rustet til \u00e5 l\u00f8se de utfordringene, og realiserere alle mulighetene Kristiansand har.<\/p>\n\n\n\n<p><strong>5. kandidat Amalie Gunnufsen, som har ledet programarbeidet, er stolt over resultatet partiet har kommet frem til.<\/strong><\/p>\n\n\n\n<p>\u2013 Det har v\u00e6rt en stor prosess med mange involverte og flere innspillsrunder. Vi har g\u00e5tt bredt ut for \u00e5 f\u00e5 innspill fra innbyggere, organisasjoner og n\u00e6ringsliv. Responsen har v\u00e6rt god, og jeg h\u00e5per alle som har tatt del i prosessen f\u00f8ler et lite eierskap til programmet som skal lede byen v\u00e5r de nesten fire \u00e5rene.<\/p>\n\n\n\n<p><\/p>\n\n\n\n<h3 class=\"wp-block-heading\">Endelig vedtatt program<\/h3>\n\n\n\n<p>Her kan du laste ned Kristiansand H\u00f8yres bystyrevalgprogram for perioden 2023 \u2013 2027:<\/p>\n\n\n\n<div class=\"wp-block-teft-file icon-link-block\"><a href=\"https:\/\/hoyre.no\/content\/uploads\/sites\/28\/2023\/03\/Kristiansand-Hoyres-bystyrevalgprogram-2023-2027.pdf\" download><span class=\"file-title\">Kristiansand H\u00f8yres bystyrevalgprogram 2023 &#8211; 2027<\/span><span class=\"file-name\"><\/span><\/a><\/div>\n\n\n<div class=\"tags\">\n\t<\/div>\n<div class=\"post-footer alignfull has-background block-editor-block-list__block\" data-align=full>\n\t<div class=\"post-footer-inner\">\n\t\t<h3>Relaterte artikler<\/h3>\n\t\t<div class=\"related-content\"><div class=\"is-card-hoyre\">\n\t<div class=\"teft-card hoyre-teft-card post-teft-card\">\n\t\t<a href=\"https:\/\/hoyre.no\/kristiansand\/aktuelt\/hvem-skal-sitte-i-bystyret\/\" class=\"teft-card__primary-action\">\n\n\t\t\t<div class=\"teft-card__media teft-card__media--16-9 no-image\"><\/div>\n\t\t\t<div class=\"teft-card__content-wrapper\">\n\t\t\t\t<div class=\"teft-card__secondary\">\n\t\t\t\t\t\n\t\t\t\t\t\t\t\t<div class=\"teft-card__meta\">\n\t\t\t\t\t\t\t\t\t<span class=\"post-date\">30. mar 2026<\/span>\n\n\t\t\t\t\t\t\t\t\t\t\t\t\t\t\t\t\t<\/div>\n\t\t\t\t\t\t\t\t\t\t\t<\/div>\n\n\t\t\t\t<div class=\"teft-card__primary\">\n\t\t\t\t\t<h2 class=\"teft-card__title\">Hvem skal sitte i bystyret?\u00a0&nbsp;<span class=\"teft-card__primary-title-append\"><\/span><\/h2>\t\t\t\t<\/div>\n\t\t\t<\/div>\n\t\t<\/a>\n\t<\/div>\n\n\t<\/div><div class=\"is-card-hoyre\">\n\t<div class=\"teft-card hoyre-teft-card post-teft-card\">\n\t\t<a href=\"https:\/\/hoyre.no\/kristiansand\/aktuelt\/snart-ett-ar-som-ordforerens-radgiver\/\" class=\"teft-card__primary-action\">\n\n\t\t\t\t\t<div class=\"teft-card__media teft-card__media--16-9\">\n\t\t\t\t\t\t<img loading=\"lazy\" decoding=\"async\" width=\"768\" height=\"497\" src=\"https:\/\/hoyre.no\/content\/uploads\/sites\/28\/2026\/02\/IMG_0005-768x497.jpg\" class=\"attachment-medium_large size-medium_large\" alt=\"\" srcset=\"https:\/\/hoyre.no\/content\/uploads\/sites\/28\/2026\/02\/IMG_0005-768x497.jpg 768w, https:\/\/hoyre.no\/content\/uploads\/sites\/28\/2026\/02\/IMG_0005-300x194.jpg 300w, https:\/\/hoyre.no\/content\/uploads\/sites\/28\/2026\/02\/IMG_0005-1024x662.jpg 1024w, https:\/\/hoyre.no\/content\/uploads\/sites\/28\/2026\/02\/IMG_0005.jpg 1200w\" sizes=\"auto, (max-width: 768px) 100vw, 768px\" \/>\t\t<\/div>\n\t\t\n\t\t\t<div class=\"teft-card__content-wrapper\">\n\t\t\t\t<div class=\"teft-card__secondary\">\n\t\t\t\t\t\n\t\t\t\t\t\t\t\t<div class=\"teft-card__meta\">\n\t\t\t\t\t\t\t\t\t<span class=\"post-date\">5. feb 2026<\/span>\n\n\t\t\t\t\t\t\t\t\t\t\t\t\t\t\t\t\t<\/div>\n\t\t\t\t\t\t\t\t\t\t\t<\/div>\n\n\t\t\t\t<div class=\"teft-card__primary\">\n\t\t\t\t\t<h2 class=\"teft-card__title\">Snart ett \u00e5r som ordf\u00f8rerens r\u00e5dgiver&nbsp;<span class=\"teft-card__primary-title-append\"><\/span><\/h2>\t\t\t\t<\/div>\n\t\t\t<\/div>\n\t\t<\/a>\n\t<\/div>\n\n\t<\/div><div class=\"is-card-hoyre\">\n\t<div class=\"teft-card hoyre-teft-card post-teft-card\">\n\t\t<a href=\"https:\/\/hoyre.no\/kristiansand\/aktuelt\/valgkampaktiviteter-i-kristiansand-bli-med\/\" class=\"teft-card__primary-action\">\n\n\t\t\t\t\t<div class=\"teft-card__media teft-card__media--16-9\">\n\t\t\t\t\t\t<img loading=\"lazy\" decoding=\"async\" width=\"768\" height=\"576\" src=\"https:\/\/hoyre.no\/content\/uploads\/sites\/28\/2023\/09\/tempImageLf7hdu-768x576.jpg\" class=\"attachment-medium_large size-medium_large\" alt=\"\" srcset=\"https:\/\/hoyre.no\/content\/uploads\/sites\/28\/2023\/09\/tempImageLf7hdu-768x576.jpg 768w, https:\/\/hoyre.no\/content\/uploads\/sites\/28\/2023\/09\/tempImageLf7hdu-300x225.jpg 300w, https:\/\/hoyre.no\/content\/uploads\/sites\/28\/2023\/09\/tempImageLf7hdu-1024x768.jpg 1024w, https:\/\/hoyre.no\/content\/uploads\/sites\/28\/2023\/09\/tempImageLf7hdu-1536x1152.jpg 1536w, https:\/\/hoyre.no\/content\/uploads\/sites\/28\/2023\/09\/tempImageLf7hdu-2048x1536.jpg 2048w\" sizes=\"auto, (max-width: 768px) 100vw, 768px\" \/>\t\t<\/div>\n\t\t\n\t\t\t<div class=\"teft-card__content-wrapper\">\n\t\t\t\t<div class=\"teft-card__secondary\">\n\t\t\t\t\t\n\t\t\t\t\t\t\t\t<div class=\"teft-card__meta\">\n\t\t\t\t\t\t\t\t\t<span class=\"post-date\">26. aug 2025<\/span>\n\n\t\t\t\t\t\t\t\t\t<span class=\"post-category\">Ukategorisert<\/span>\t\t\t\t\t\t\t\t<\/div>\n\t\t\t\t\t\t\t\t\t\t\t<\/div>\n\n\t\t\t\t<div class=\"teft-card__primary\">\n\t\t\t\t\t<h2 class=\"teft-card__title\">Valgkampaktiviteter i Kristiansand &#8211; bli med!&nbsp;<span class=\"teft-card__primary-title-append\"><\/span><\/h2>\t\t\t\t<\/div>\n\t\t\t<\/div>\n\t\t<\/a>\n\t<\/div>\n\n\t<\/div><\/div>\t<\/div>\n<\/div>\n","protected":false},"excerpt":{"rendered":"","protected":false},"author":347,"featured_media":0,"comment_status":"closed","ping_status":"closed","sticky":false,"template":"","format":"standard","meta":{"teft_cards_image_url":"","teft_cards_custom_pretitle":"","teft_cards_image_id":624,"teft_cards_image_focal_point_x":0.5,"teft_cards_image_focal_point_y":0.5,"teft_cards_title":"","teft_cards_excerpt":"","teft_show_chapters":false,"author_display_name":"","footnotes":""},"category":[5,11],"post_tag":[],"hoyre-visibility":[],"article-type":[],"politician":[],"class_list":["post-617","post","type-post","status-publish","format-standard","hentry","category-nyheter","category-politikk"],"yoast_head":"<!-- This site is optimized with the Yoast SEO plugin v26.6 - https:\/\/yoast.com\/wordpress\/plugins\/seo\/ -->\n<title>Kristiansand H\u00f8yres valgprogram er klart! - Kristiansand H\u00f8yre<\/title>\n<meta name=\"robots\" content=\"index, follow, max-snippet:-1, max-image-preview:large, max-video-preview:-1\" \/>\n<link rel=\"canonical\" href=\"https:\/\/hoyre.no\/kristiansand\/aktuelt\/kristiansand-hoyres-valgprogram-er-klart\/\" \/>\n<meta property=\"og:locale\" content=\"nb_NO\" \/>\n<meta property=\"og:type\" content=\"article\" \/>\n<meta property=\"og:title\" content=\"Kristiansand H\u00f8yres valgprogram er klart! - Kristiansand H\u00f8yre\" \/>\n<meta property=\"og:url\" content=\"https:\/\/hoyre.no\/kristiansand\/aktuelt\/kristiansand-hoyres-valgprogram-er-klart\/\" \/>\n<meta property=\"og:site_name\" content=\"Kristiansand H\u00f8yre\" \/>\n<meta property=\"article:published_time\" content=\"2023-03-28T10:43:12+00:00\" \/>\n<meta property=\"article:modified_time\" content=\"2023-10-09T09:51:34+00:00\" \/>\n<meta property=\"og:image\" content=\"https:\/\/hoyre.no\/content\/uploads\/sites\/28\/2023\/09\/tempImageLf7hdu-1024x768.jpg\" \/>\n<meta name=\"author\" content=\"Nicolai \u00d8steby\" \/>\n<meta name=\"twitter:card\" content=\"summary_large_image\" \/>\n<meta name=\"twitter:image\" content=\"https:\/\/hoyre.no\/content\/uploads\/sites\/28\/2023\/03\/bystyrecov.png\" \/>\n<meta name=\"twitter:label1\" content=\"Skrevet av\" \/>\n\t<meta name=\"twitter:data1\" content=\"Nicolai \u00d8steby\" \/>\n\t<meta name=\"twitter:label2\" content=\"Ansl. lesetid\" \/>\n\t<meta name=\"twitter:data2\" content=\"2 minutter\" \/>\n<script type=\"application\/ld+json\" class=\"yoast-schema-graph\">{\"@context\":\"https:\/\/schema.org\",\"@graph\":[{\"@type\":\"NewsArticle\",\"@id\":\"https:\/\/hoyre.no\/kristiansand\/aktuelt\/kristiansand-hoyres-valgprogram-er-klart\/\",\"url\":\"https:\/\/hoyre.no\/kristiansand\/aktuelt\/kristiansand-hoyres-valgprogram-er-klart\/\",\"name\":\"Kristiansand H\u00f8yres valgprogram er klart! - Kristiansand H\u00f8yre\",\"isPartOf\":{\"@id\":\"https:\/\/hoyre.no\/kristiansand\/#website\"},\"datePublished\":\"2023-03-28T10:43:12+00:00\",\"dateModified\":\"2023-10-09T09:51:34+00:00\",\"author\":{\"@id\":\"https:\/\/hoyre.no\/kristiansand\/#\/schema\/person\/021fc9b8ca1e7342b4fb2d096feabdeb\"},\"breadcrumb\":{\"@id\":\"https:\/\/hoyre.no\/kristiansand\/aktuelt\/kristiansand-hoyres-valgprogram-er-klart\/#breadcrumb\"},\"inLanguage\":\"nb-NO\",\"potentialAction\":[{\"@type\":\"ReadAction\",\"target\":[\"https:\/\/hoyre.no\/kristiansand\/aktuelt\/kristiansand-hoyres-valgprogram-er-klart\/\"]}]},{\"@type\":\"BreadcrumbList\",\"@id\":\"https:\/\/hoyre.no\/kristiansand\/aktuelt\/kristiansand-hoyres-valgprogram-er-klart\/#breadcrumb\",\"itemListElement\":[{\"@type\":\"ListItem\",\"position\":1,\"name\":\"Til hoyre.no\",\"item\":\"https:\/\/hoyre.no\"},{\"@type\":\"ListItem\",\"position\":2,\"name\":\"Hjem\",\"item\":\"https:\/\/hoyre.no\/kristiansand\/\"},{\"@type\":\"ListItem\",\"position\":3,\"name\":\"Kristiansand H\u00f8yres valgprogram er klart!\"}]},{\"@type\":\"WebSite\",\"@id\":\"https:\/\/hoyre.no\/kristiansand\/#website\",\"url\":\"https:\/\/hoyre.no\/kristiansand\/\",\"name\":\"Kristiansand H\u00f8yre\",\"description\":\"Bare enda et H\u00f8yres nettsteder-nettsted\",\"inLanguage\":\"nb-NO\"},{\"@type\":\"Person\",\"@id\":\"https:\/\/hoyre.no\/kristiansand\/#\/schema\/person\/021fc9b8ca1e7342b4fb2d096feabdeb\",\"name\":\"Nicolai \u00d8steby\",\"image\":{\"@type\":\"ImageObject\",\"inLanguage\":\"nb-NO\",\"@id\":\"https:\/\/hoyre.no\/kristiansand\/#\/schema\/person\/image\/\",\"url\":\"https:\/\/secure.gravatar.com\/avatar\/a3750b4c871cea281fbf2f98069040c5f19bd5960ceb747df23830db6948b121?s=96&d=mm&r=g\",\"contentUrl\":\"https:\/\/secure.gravatar.com\/avatar\/a3750b4c871cea281fbf2f98069040c5f19bd5960ceb747df23830db6948b121?s=96&d=mm&r=g\",\"caption\":\"Nicolai \u00d8steby\"},\"url\":\"https:\/\/hoyre.no\/kristiansand\/aktuelt\/author\/m52043361\/\"}]}<\/script>\n<!-- \/ Yoast SEO plugin. -->","yoast_head_json":{"title":"Kristiansand H\u00f8yres valgprogram er klart! - Kristiansand H\u00f8yre","robots":{"index":"index","follow":"follow","max-snippet":"max-snippet:-1","max-image-preview":"max-image-preview:large","max-video-preview":"max-video-preview:-1"},"canonical":"https:\/\/hoyre.no\/kristiansand\/aktuelt\/kristiansand-hoyres-valgprogram-er-klart\/","og_locale":"nb_NO","og_type":"article","og_title":"Kristiansand H\u00f8yres valgprogram er klart! - Kristiansand H\u00f8yre","og_url":"https:\/\/hoyre.no\/kristiansand\/aktuelt\/kristiansand-hoyres-valgprogram-er-klart\/","og_site_name":"Kristiansand H\u00f8yre","article_published_time":"2023-03-28T10:43:12+00:00","article_modified_time":"2023-10-09T09:51:34+00:00","og_image":[{"url":"https:\/\/hoyre.no\/content\/uploads\/sites\/28\/2023\/09\/tempImageLf7hdu-1024x768.jpg","width":"","height":"","type":""}],"author":"Nicolai \u00d8steby","twitter_card":"summary_large_image","twitter_image":"https:\/\/hoyre.no\/content\/uploads\/sites\/28\/2023\/03\/bystyrecov.png","twitter_misc":{"Skrevet av":"Nicolai \u00d8steby","Ansl. lesetid":"2 minutter"},"schema":{"@context":"https:\/\/schema.org","@graph":[{"@type":"NewsArticle","@id":"https:\/\/hoyre.no\/kristiansand\/aktuelt\/kristiansand-hoyres-valgprogram-er-klart\/","url":"https:\/\/hoyre.no\/kristiansand\/aktuelt\/kristiansand-hoyres-valgprogram-er-klart\/","name":"Kristiansand H\u00f8yres valgprogram er klart! - Kristiansand H\u00f8yre","isPartOf":{"@id":"https:\/\/hoyre.no\/kristiansand\/#website"},"datePublished":"2023-03-28T10:43:12+00:00","dateModified":"2023-10-09T09:51:34+00:00","author":{"@id":"https:\/\/hoyre.no\/kristiansand\/#\/schema\/person\/021fc9b8ca1e7342b4fb2d096feabdeb"},"breadcrumb":{"@id":"https:\/\/hoyre.no\/kristiansand\/aktuelt\/kristiansand-hoyres-valgprogram-er-klart\/#breadcrumb"},"inLanguage":"nb-NO","potentialAction":[{"@type":"ReadAction","target":["https:\/\/hoyre.no\/kristiansand\/aktuelt\/kristiansand-hoyres-valgprogram-er-klart\/"]}]},{"@type":"BreadcrumbList","@id":"https:\/\/hoyre.no\/kristiansand\/aktuelt\/kristiansand-hoyres-valgprogram-er-klart\/#breadcrumb","itemListElement":[{"@type":"ListItem","position":1,"name":"Til hoyre.no","item":"https:\/\/hoyre.no"},{"@type":"ListItem","position":2,"name":"Hjem","item":"https:\/\/hoyre.no\/kristiansand\/"},{"@type":"ListItem","position":3,"name":"Kristiansand H\u00f8yres valgprogram er klart!"}]},{"@type":"WebSite","@id":"https:\/\/hoyre.no\/kristiansand\/#website","url":"https:\/\/hoyre.no\/kristiansand\/","name":"Kristiansand H\u00f8yre","description":"Bare enda et H\u00f8yres nettsteder-nettsted","inLanguage":"nb-NO"},{"@type":"Person","@id":"https:\/\/hoyre.no\/kristiansand\/#\/schema\/person\/021fc9b8ca1e7342b4fb2d096feabdeb","name":"Nicolai \u00d8steby","image":{"@type":"ImageObject","inLanguage":"nb-NO","@id":"https:\/\/hoyre.no\/kristiansand\/#\/schema\/person\/image\/","url":"https:\/\/secure.gravatar.com\/avatar\/a3750b4c871cea281fbf2f98069040c5f19bd5960ceb747df23830db6948b121?s=96&d=mm&r=g","contentUrl":"https:\/\/secure.gravatar.com\/avatar\/a3750b4c871cea281fbf2f98069040c5f19bd5960ceb747df23830db6948b121?s=96&d=mm&r=g","caption":"Nicolai \u00d8steby"},"url":"https:\/\/hoyre.no\/kristiansand\/aktuelt\/author\/m52043361\/"}]}},"distributor_meta":false,"distributor_terms":false,"distributor_media":false,"distributor_original_site_name":"Kristiansand H\u00f8yre","distributor_original_site_url":"https:\/\/hoyre.no\/kristiansand","push-errors":false,"_links":{"self":[{"href":"https:\/\/hoyre.no\/kristiansand\/wp-json\/wp\/v2\/posts\/617","targetHints":{"allow":["GET"]}}],"collection":[{"href":"https:\/\/hoyre.no\/kristiansand\/wp-json\/wp\/v2\/posts"}],"about":[{"href":"https:\/\/hoyre.no\/kristiansand\/wp-json\/wp\/v2\/types\/post"}],"author":[{"embeddable":true,"href":"https:\/\/hoyre.no\/kristiansand\/wp-json\/wp\/v2\/users\/347"}],"replies":[{"embeddable":true,"href":"https:\/\/hoyre.no\/kristiansand\/wp-json\/wp\/v2\/comments?post=617"}],"version-history":[{"count":3,"href":"https:\/\/hoyre.no\/kristiansand\/wp-json\/wp\/v2\/posts\/617\/revisions"}],"predecessor-version":[{"id":949,"href":"https:\/\/hoyre.no\/kristiansand\/wp-json\/wp\/v2\/posts\/617\/revisions\/949"}],"wp:attachment":[{"href":"https:\/\/hoyre.no\/kristiansand\/wp-json\/wp\/v2\/media?parent=617"}],"wp:term":[{"taxonomy":"category","embeddable":true,"href":"https:\/\/hoyre.no\/kristiansand\/wp-json\/wp\/v2\/category?post=617"},{"taxonomy":"post_tag","embeddable":true,"href":"https:\/\/hoyre.no\/kristiansand\/wp-json\/wp\/v2\/post_tag?post=617"},{"taxonomy":"hoyre-visibility","embeddable":true,"href":"https:\/\/hoyre.no\/kristiansand\/wp-json\/wp\/v2\/hoyre-visibility?post=617"},{"taxonomy":"article-type","embeddable":true,"href":"https:\/\/hoyre.no\/kristiansand\/wp-json\/wp\/v2\/article-type?post=617"},{"taxonomy":"politician","embeddable":true,"href":"https:\/\/hoyre.no\/kristiansand\/wp-json\/wp\/v2\/politician?post=617"}],"curies":[{"name":"wp","href":"https:\/\/api.w.org\/{rel}","templated":true}]}}