{"id":84,"date":"2019-05-19T22:00:00","date_gmt":"2019-05-19T20:00:00","guid":{"rendered":"https:\/\/hoyre.no\/kristiansand\/aktuelt\/portrettintervju_odd_nordmo\/"},"modified":"2019-05-19T22:00:00","modified_gmt":"2019-05-19T20:00:00","slug":"portrettintervju_odd_nordmo","status":"publish","type":"post","link":"https:\/\/hoyre.no\/kristiansand\/aktuelt\/portrettintervju_odd_nordmo\/","title":{"rendered":"Portrettintervju: Odd Nordmo"},"content":{"rendered":"<p class=\"preamble\">nn Odd Nordmo har 5. plass p\u00e5 H\u00f8yres liste til \u00e5rets kommunevalg. Han er fra Lund, har bodd i Kvadraturen siden 2005 og har v\u00e6rt valgt inn i Bystyret siden 2011. Her blir vi litt bedre kjent med Odd.nnnnn n<\/p>\t\t\t<div class=\"post-meta wp-block teft-byline-wrapper\">\n\t\t\t\t<div class=\"top\">\n\t\t\t\t\t<div class=\"signature\">\n\t\t\t\t\t\t<div class=\"teft-byline\">\n\t\t\t\t\t\t\t\t\t\t\t\t\t\t<div>\n\t\t\t\t\t\t\t\t<h3>H\u00f8yres redaksjon<\/h3>\t\t\t\t\t\t\t\t\n\t\t\t\t\t\t\t\t\t\t\t\t\t\t\t\t\t<span class=\"date\">Sist oppdatert: 19. mai 2019<\/span>\n\t\t\t\t\t\t\t\t\t\t\t\t\t\t\t\t\t\t\t\t\t\t\t\t\t<span class=\"reading-time\" itemprop=\"timeRequired\" content=\"PT2M\"><em>Ca. 2 minutter lesetid<\/em><\/span>\n\t\t\t\t\t\t\t\t\t\t\t\t\t\t\t<\/div>\n\t\t\t\t\t\t<\/div>\n\t\t\t\t\t<\/div>\n\t\t\t\t\t\t<div class=\"sharing\">\n\t\t<a class=\"share-button share-link copy-link\" data-copy=\"https:\/\/hoyre.no\/kristiansand\/aktuelt\/portrettintervju_odd_nordmo\/\" target=\"_blank\"><span class=\"screen-reader-text\">Del link<\/span><\/a>\n\t\t<a class=\"share-button share-twitter\" href=\"http:\/\/twitter.com\/share?text=Portrettintervju: Odd Nordmo&#038;url=https:\/\/hoyre.no\/kristiansand\/aktuelt\/portrettintervju_odd_nordmo\/&#038;hashtags=Hoyre\" target=\"_blank\"><span class=\"screen-reader-text\">Del p\u00e5 twitter<\/span><\/a>\n\t\t<a class=\"share-button share-facebook\" href=\"https:\/\/www.facebook.com\/sharer\/sharer.php?u=https:\/\/hoyre.no\/kristiansand\/aktuelt\/portrettintervju_odd_nordmo\/\" target=\"_blank\"><span class=\"screen-reader-text\">Del p\u00e5 facebook<\/span><\/a>\n\t<\/div>\n\t\t\t\t\t<\/div>\n\t\t\t<\/div>\n\n\t\t\t<figure class=\"hoyre-image-wrapper\"><div class=\"hoyre-image\"><img loading=\"lazy\" decoding=\"async\" width=\"1707\" height=\"2560\" src=\"https:\/\/hoyre.no\/content\/uploads\/sites\/28\/2020\/11\/dsc_3336-scaled.jpg\" class=\"attachment-scaled size-scaled\" alt=\"\" style=\"object-position: 50% 50%\" srcset=\"https:\/\/hoyre.no\/content\/uploads\/sites\/28\/2020\/11\/dsc_3336-scaled.jpg 1707w, https:\/\/hoyre.no\/content\/uploads\/sites\/28\/2020\/11\/dsc_3336-200x300.jpg 200w, https:\/\/hoyre.no\/content\/uploads\/sites\/28\/2020\/11\/dsc_3336-683x1024.jpg 683w, https:\/\/hoyre.no\/content\/uploads\/sites\/28\/2020\/11\/dsc_3336-768x1152.jpg 768w, https:\/\/hoyre.no\/content\/uploads\/sites\/28\/2020\/11\/dsc_3336-1024x1536.jpg 1024w, https:\/\/hoyre.no\/content\/uploads\/sites\/28\/2020\/11\/dsc_3336-1366x2048.jpg 1366w\" sizes=\"auto, (max-width: 1707px) 100vw, 1707px\" \/><\/div><\/figure><div id=\"hoyre-old-article-content-wrapper\"><strong>Personalia<\/strong>:n<br \/>63 \u00e5r, gift, to d\u00f8tre, en bonusdatter og tre barnebarn. Flyttet fra Hammerfest til Kristiansand da jeg var ti \u00e5r. nn<p><strong>Utdannelse:<\/strong>n  <br \/>Befalsutdanning, Politiskole, Prosjektledelse, Administrasjon og Ledelse.<\/p>n<p><strong>A<\/strong><strong>rbei<\/strong><strong>d<\/strong>:n  <br \/>Politistasjonssjef i Randesund, prosjektleder for flere byggesaker i Agder politidistrikt, hyttebygging og reguleringsplaner i Bykle kommune. For \u00e5 nevne noe.n<\/p>nn<p><strong>Aktiviteter<\/strong>:n  <br \/>Tillitsvalgt i mange \u00e5r i skole, politi, idrettslag og Lions. Stolt over \u00e5 ha vunnet uoffisielt NM (G-18) og offisielt NM i h\u00e5ndball med AK-28 (G-50).n  <br \/>n  <br \/>Stor Vipers-fan!n<\/p>n<br \/>nn<h2><b>Hvorfornbegynte du med politikk?<\/b><\/h2>n<p>Jeg er samfunnsengasjert, og da min sluttdato i politiet n\u00e6rmet seg, var det helt naturlig \u00e5 melde seg til innsats i H\u00f8yre. I dag er jeg takknemlig for at jeg f\u00e5r v\u00e6re med \u00e5 p\u00e5virke byens utvikling. <\/p>nn<h2><b>Hvaner dine hjertesaker?<\/b><\/h2>nn<p>Jeg er stolt av byen v\u00e5r, og vil at nye Kristiansand skal v\u00e6re kommunen (etter Oslo) med mest vekst og etablering av nye n\u00e6ringer. Det er viktig \u00e5 bygge opp nye Kristiansand som S\u00f8rlandets hovedstad, med gode attraksjoner og opplevelser gjennom hele \u00e5ret. <\/p>nn<p>Samtidig er jeg opptatt av \u00e5 skape flere gode m\u00f8teplasser for folk i alle aldre. Vi skal v\u00e6re en inkluderende by, og jeg \u00f8nsker at vi skal v\u00e6re kjent for \u00e5 f\u00e5 alle nyankomne inkludert og ut i arbeid s\u00e5 tidlig som mulig. <\/p>nn<h2><b>Hvorforner du en god mann for H\u00f8yre i Kristiansand?<\/b><\/h2>nn<p>Jeg er \u00e5pen, \u00e6rlig og klarer \u00e5 st\u00e5 for vanskelige vurderinger og beslutninger. Mange starter med politikk tidlig og f\u00e5r erfaring fra livet underveis. Jeg hadde f\u00e5tt mye livserfaring f\u00f8rst og begynte deretter i politikken. Samtidig ser jeg at jeg er en av f\u00e5 p\u00e5 H\u00f8yres liste som har passert 60 \u00e5r og som bor i Kvadraturen.<\/p>nn<p>Med f\u00f8rste svigermor fra S\u00f8gne og min andre fra Nodeland (den siste tiden p\u00e5 Songdalstunet), er jeg ogs\u00e5 kjent med de kvaliteter som S\u00f8gne og Songdalen har.<\/p>nn<h2><b>Hvansynes du om nominasjonen?<\/b><\/h2>nn<p>\u00c5 bli nominert p\u00e5 5. plass gjorde meg overrasket og ydmyk. Jeg har forst\u00e5tt at dette er den mest utsatte plassen, rett bak de kumulerte.n  <br \/>n  <br \/>H\u00e5per at folk ikke glemmer meg p\u00e5 listen, og at velgerne vil gi H\u00f8yre og meg den tillit som skal til for \u00e5 sikre byen fortsatt god H\u00f8yre-styring.<\/p><\/div>\n<div class=\"tags\">\n\t<\/div>\n<div class=\"post-footer alignfull has-background block-editor-block-list__block\" data-align=full>\n\t<div class=\"post-footer-inner\">\n\t\t<h3>Relaterte artikler<\/h3>\n\t\t<div class=\"related-content\"><div class=\"is-card-hoyre\">\n\t<div class=\"teft-card hoyre-teft-card post-teft-card\">\n\t\t<a href=\"https:\/\/hoyre.no\/kristiansand\/aktuelt\/hvem-skal-sitte-i-bystyret\/\" class=\"teft-card__primary-action\">\n\n\t\t\t<div class=\"teft-card__media teft-card__media--16-9 no-image\"><\/div>\n\t\t\t<div class=\"teft-card__content-wrapper\">\n\t\t\t\t<div class=\"teft-card__secondary\">\n\t\t\t\t\t\n\t\t\t\t\t\t\t\t<div class=\"teft-card__meta\">\n\t\t\t\t\t\t\t\t\t<span class=\"post-date\">30. mar 2026<\/span>\n\n\t\t\t\t\t\t\t\t\t\t\t\t\t\t\t\t\t<\/div>\n\t\t\t\t\t\t\t\t\t\t\t<\/div>\n\n\t\t\t\t<div class=\"teft-card__primary\">\n\t\t\t\t\t<h2 class=\"teft-card__title\">Hvem skal sitte i bystyret?\u00a0&nbsp;<span class=\"teft-card__primary-title-append\"><\/span><\/h2>\t\t\t\t<\/div>\n\t\t\t<\/div>\n\t\t<\/a>\n\t<\/div>\n\n\t<\/div><div class=\"is-card-hoyre\">\n\t<div class=\"teft-card hoyre-teft-card post-teft-card\">\n\t\t<a href=\"https:\/\/hoyre.no\/kristiansand\/aktuelt\/snart-ett-ar-som-ordforerens-radgiver\/\" class=\"teft-card__primary-action\">\n\n\t\t\t\t\t<div class=\"teft-card__media teft-card__media--16-9\">\n\t\t\t\t\t\t<img loading=\"lazy\" decoding=\"async\" width=\"768\" height=\"497\" src=\"https:\/\/hoyre.no\/content\/uploads\/sites\/28\/2026\/02\/IMG_0005-768x497.jpg\" class=\"attachment-medium_large size-medium_large\" alt=\"\" srcset=\"https:\/\/hoyre.no\/content\/uploads\/sites\/28\/2026\/02\/IMG_0005-768x497.jpg 768w, https:\/\/hoyre.no\/content\/uploads\/sites\/28\/2026\/02\/IMG_0005-300x194.jpg 300w, https:\/\/hoyre.no\/content\/uploads\/sites\/28\/2026\/02\/IMG_0005-1024x662.jpg 1024w, https:\/\/hoyre.no\/content\/uploads\/sites\/28\/2026\/02\/IMG_0005.jpg 1200w\" sizes=\"auto, (max-width: 768px) 100vw, 768px\" \/>\t\t<\/div>\n\t\t\n\t\t\t<div class=\"teft-card__content-wrapper\">\n\t\t\t\t<div class=\"teft-card__secondary\">\n\t\t\t\t\t\n\t\t\t\t\t\t\t\t<div class=\"teft-card__meta\">\n\t\t\t\t\t\t\t\t\t<span class=\"post-date\">5. feb 2026<\/span>\n\n\t\t\t\t\t\t\t\t\t\t\t\t\t\t\t\t\t<\/div>\n\t\t\t\t\t\t\t\t\t\t\t<\/div>\n\n\t\t\t\t<div class=\"teft-card__primary\">\n\t\t\t\t\t<h2 class=\"teft-card__title\">Snart ett \u00e5r som ordf\u00f8rerens r\u00e5dgiver&nbsp;<span class=\"teft-card__primary-title-append\"><\/span><\/h2>\t\t\t\t<\/div>\n\t\t\t<\/div>\n\t\t<\/a>\n\t<\/div>\n\n\t<\/div><div class=\"is-card-hoyre\">\n\t<div class=\"teft-card hoyre-teft-card post-teft-card\">\n\t\t<a href=\"https:\/\/hoyre.no\/kristiansand\/aktuelt\/valgkampaktiviteter-i-kristiansand-bli-med\/\" class=\"teft-card__primary-action\">\n\n\t\t\t\t\t<div class=\"teft-card__media teft-card__media--16-9\">\n\t\t\t\t\t\t<img loading=\"lazy\" decoding=\"async\" width=\"768\" height=\"576\" src=\"https:\/\/hoyre.no\/content\/uploads\/sites\/28\/2023\/09\/tempImageLf7hdu-768x576.jpg\" class=\"attachment-medium_large size-medium_large\" alt=\"\" srcset=\"https:\/\/hoyre.no\/content\/uploads\/sites\/28\/2023\/09\/tempImageLf7hdu-768x576.jpg 768w, https:\/\/hoyre.no\/content\/uploads\/sites\/28\/2023\/09\/tempImageLf7hdu-300x225.jpg 300w, https:\/\/hoyre.no\/content\/uploads\/sites\/28\/2023\/09\/tempImageLf7hdu-1024x768.jpg 1024w, https:\/\/hoyre.no\/content\/uploads\/sites\/28\/2023\/09\/tempImageLf7hdu-1536x1152.jpg 1536w, https:\/\/hoyre.no\/content\/uploads\/sites\/28\/2023\/09\/tempImageLf7hdu-2048x1536.jpg 2048w\" sizes=\"auto, (max-width: 768px) 100vw, 768px\" \/>\t\t<\/div>\n\t\t\n\t\t\t<div class=\"teft-card__content-wrapper\">\n\t\t\t\t<div class=\"teft-card__secondary\">\n\t\t\t\t\t\n\t\t\t\t\t\t\t\t<div class=\"teft-card__meta\">\n\t\t\t\t\t\t\t\t\t<span class=\"post-date\">26. aug 2025<\/span>\n\n\t\t\t\t\t\t\t\t\t<span class=\"post-category\">Ukategorisert<\/span>\t\t\t\t\t\t\t\t<\/div>\n\t\t\t\t\t\t\t\t\t\t\t<\/div>\n\n\t\t\t\t<div class=\"teft-card__primary\">\n\t\t\t\t\t<h2 class=\"teft-card__title\">Valgkampaktiviteter i Kristiansand &#8211; bli med!&nbsp;<span class=\"teft-card__primary-title-append\"><\/span><\/h2>\t\t\t\t<\/div>\n\t\t\t<\/div>\n\t\t<\/a>\n\t<\/div>\n\n\t<\/div><\/div>\t<\/div>\n<\/div>\n","protected":false},"excerpt":{"rendered":"","protected":false},"author":0,"featured_media":0,"comment_status":"open","ping_status":"open","sticky":false,"template":"","format":"standard","meta":{"teft_cards_image_url":"https:\/\/hoyre.no\/content\/uploads\/sites\/28\/2020\/11\/dsc_3336-scaled.jpg","teft_cards_custom_pretitle":"","teft_cards_image_id":83,"teft_cards_image_focal_point_x":0,"teft_cards_image_focal_point_y":0,"teft_cards_title":"","teft_cards_excerpt":"","teft_show_chapters":false,"author_display_name":"Kristiansand H\u00f8yre","footnotes":""},"category":[1],"post_tag":[],"hoyre-visibility":[],"article-type":[],"politician":[],"class_list":["post-84","post","type-post","status-publish","format-standard","hentry","category-ukategorisert"],"yoast_head":"<!-- This site is optimized with the Yoast SEO plugin v26.6 - https:\/\/yoast.com\/wordpress\/plugins\/seo\/ -->\n<title>Portrettintervju: Odd Nordmo - Kristiansand H\u00f8yre<\/title>\n<meta name=\"robots\" content=\"index, follow, max-snippet:-1, max-image-preview:large, max-video-preview:-1\" \/>\n<link rel=\"canonical\" href=\"https:\/\/hoyre.no\/kristiansand\/aktuelt\/portrettintervju_odd_nordmo\/\" \/>\n<meta property=\"og:locale\" content=\"nb_NO\" \/>\n<meta property=\"og:type\" content=\"article\" \/>\n<meta property=\"og:title\" content=\"Portrettintervju: Odd Nordmo - Kristiansand H\u00f8yre\" \/>\n<meta property=\"og:url\" content=\"https:\/\/hoyre.no\/kristiansand\/aktuelt\/portrettintervju_odd_nordmo\/\" \/>\n<meta property=\"og:site_name\" content=\"Kristiansand H\u00f8yre\" \/>\n<meta property=\"article:published_time\" content=\"2019-05-19T20:00:00+00:00\" \/>\n<meta property=\"og:image\" content=\"https:\/\/hoyre.no\/content\/uploads\/sites\/28\/2023\/09\/tempImageLf7hdu-1024x768.jpg\" \/>\n<meta name=\"twitter:card\" content=\"summary_large_image\" \/>\n<meta name=\"twitter:label1\" content=\"Ansl. lesetid\" \/>\n\t<meta name=\"twitter:data1\" content=\"2 minutter\" \/>\n<script type=\"application\/ld+json\" class=\"yoast-schema-graph\">{\"@context\":\"https:\/\/schema.org\",\"@graph\":[{\"@type\":\"NewsArticle\",\"@id\":\"https:\/\/hoyre.no\/kristiansand\/aktuelt\/portrettintervju_odd_nordmo\/\",\"url\":\"https:\/\/hoyre.no\/kristiansand\/aktuelt\/portrettintervju_odd_nordmo\/\",\"name\":\"Portrettintervju: Odd Nordmo - Kristiansand H\u00f8yre\",\"isPartOf\":{\"@id\":\"https:\/\/hoyre.no\/kristiansand\/#website\"},\"datePublished\":\"2019-05-19T20:00:00+00:00\",\"author\":{\"@id\":\"\"},\"breadcrumb\":{\"@id\":\"https:\/\/hoyre.no\/kristiansand\/aktuelt\/portrettintervju_odd_nordmo\/#breadcrumb\"},\"inLanguage\":\"nb-NO\",\"potentialAction\":[{\"@type\":\"ReadAction\",\"target\":[\"https:\/\/hoyre.no\/kristiansand\/aktuelt\/portrettintervju_odd_nordmo\/\"]}]},{\"@type\":\"BreadcrumbList\",\"@id\":\"https:\/\/hoyre.no\/kristiansand\/aktuelt\/portrettintervju_odd_nordmo\/#breadcrumb\",\"itemListElement\":[{\"@type\":\"ListItem\",\"position\":1,\"name\":\"Til hoyre.no\",\"item\":\"https:\/\/hoyre.no\"},{\"@type\":\"ListItem\",\"position\":2,\"name\":\"Hjem\",\"item\":\"https:\/\/hoyre.no\/kristiansand\/\"},{\"@type\":\"ListItem\",\"position\":3,\"name\":\"Portrettintervju: Odd Nordmo\"}]},{\"@type\":\"WebSite\",\"@id\":\"https:\/\/hoyre.no\/kristiansand\/#website\",\"url\":\"https:\/\/hoyre.no\/kristiansand\/\",\"name\":\"Kristiansand H\u00f8yre\",\"description\":\"Bare enda et H\u00f8yres nettsteder-nettsted\",\"inLanguage\":\"nb-NO\"}]}<\/script>\n<!-- \/ Yoast SEO plugin. -->","yoast_head_json":{"title":"Portrettintervju: Odd Nordmo - Kristiansand H\u00f8yre","robots":{"index":"index","follow":"follow","max-snippet":"max-snippet:-1","max-image-preview":"max-image-preview:large","max-video-preview":"max-video-preview:-1"},"canonical":"https:\/\/hoyre.no\/kristiansand\/aktuelt\/portrettintervju_odd_nordmo\/","og_locale":"nb_NO","og_type":"article","og_title":"Portrettintervju: Odd Nordmo - Kristiansand H\u00f8yre","og_url":"https:\/\/hoyre.no\/kristiansand\/aktuelt\/portrettintervju_odd_nordmo\/","og_site_name":"Kristiansand H\u00f8yre","article_published_time":"2019-05-19T20:00:00+00:00","og_image":[{"url":"https:\/\/hoyre.no\/content\/uploads\/sites\/28\/2023\/09\/tempImageLf7hdu-1024x768.jpg","width":"","height":"","type":""}],"twitter_card":"summary_large_image","twitter_misc":{"Ansl. lesetid":"2 minutter"},"schema":{"@context":"https:\/\/schema.org","@graph":[{"@type":"NewsArticle","@id":"https:\/\/hoyre.no\/kristiansand\/aktuelt\/portrettintervju_odd_nordmo\/","url":"https:\/\/hoyre.no\/kristiansand\/aktuelt\/portrettintervju_odd_nordmo\/","name":"Portrettintervju: Odd Nordmo - Kristiansand H\u00f8yre","isPartOf":{"@id":"https:\/\/hoyre.no\/kristiansand\/#website"},"datePublished":"2019-05-19T20:00:00+00:00","author":{"@id":""},"breadcrumb":{"@id":"https:\/\/hoyre.no\/kristiansand\/aktuelt\/portrettintervju_odd_nordmo\/#breadcrumb"},"inLanguage":"nb-NO","potentialAction":[{"@type":"ReadAction","target":["https:\/\/hoyre.no\/kristiansand\/aktuelt\/portrettintervju_odd_nordmo\/"]}]},{"@type":"BreadcrumbList","@id":"https:\/\/hoyre.no\/kristiansand\/aktuelt\/portrettintervju_odd_nordmo\/#breadcrumb","itemListElement":[{"@type":"ListItem","position":1,"name":"Til hoyre.no","item":"https:\/\/hoyre.no"},{"@type":"ListItem","position":2,"name":"Hjem","item":"https:\/\/hoyre.no\/kristiansand\/"},{"@type":"ListItem","position":3,"name":"Portrettintervju: Odd Nordmo"}]},{"@type":"WebSite","@id":"https:\/\/hoyre.no\/kristiansand\/#website","url":"https:\/\/hoyre.no\/kristiansand\/","name":"Kristiansand H\u00f8yre","description":"Bare enda et H\u00f8yres nettsteder-nettsted","inLanguage":"nb-NO"}]}},"distributor_meta":false,"distributor_terms":false,"distributor_media":false,"distributor_original_site_name":"Kristiansand H\u00f8yre","distributor_original_site_url":"https:\/\/hoyre.no\/kristiansand","push-errors":false,"_links":{"self":[{"href":"https:\/\/hoyre.no\/kristiansand\/wp-json\/wp\/v2\/posts\/84","targetHints":{"allow":["GET"]}}],"collection":[{"href":"https:\/\/hoyre.no\/kristiansand\/wp-json\/wp\/v2\/posts"}],"about":[{"href":"https:\/\/hoyre.no\/kristiansand\/wp-json\/wp\/v2\/types\/post"}],"replies":[{"embeddable":true,"href":"https:\/\/hoyre.no\/kristiansand\/wp-json\/wp\/v2\/comments?post=84"}],"version-history":[{"count":0,"href":"https:\/\/hoyre.no\/kristiansand\/wp-json\/wp\/v2\/posts\/84\/revisions"}],"wp:attachment":[{"href":"https:\/\/hoyre.no\/kristiansand\/wp-json\/wp\/v2\/media?parent=84"}],"wp:term":[{"taxonomy":"category","embeddable":true,"href":"https:\/\/hoyre.no\/kristiansand\/wp-json\/wp\/v2\/category?post=84"},{"taxonomy":"post_tag","embeddable":true,"href":"https:\/\/hoyre.no\/kristiansand\/wp-json\/wp\/v2\/post_tag?post=84"},{"taxonomy":"hoyre-visibility","embeddable":true,"href":"https:\/\/hoyre.no\/kristiansand\/wp-json\/wp\/v2\/hoyre-visibility?post=84"},{"taxonomy":"article-type","embeddable":true,"href":"https:\/\/hoyre.no\/kristiansand\/wp-json\/wp\/v2\/article-type?post=84"},{"taxonomy":"politician","embeddable":true,"href":"https:\/\/hoyre.no\/kristiansand\/wp-json\/wp\/v2\/politician?post=84"}],"curies":[{"name":"wp","href":"https:\/\/api.w.org\/{rel}","templated":true}]}}