{"id":188,"date":"2026-08-26T14:21:00","date_gmt":"2026-08-26T12:21:00","guid":{"rendered":"https:\/\/hoyre.no\/kvinneforum\/?p=188"},"modified":"2026-09-01T15:11:44","modified_gmt":"2026-09-01T13:11:44","slug":"dette-er-vare-viktigste-saker","status":"publish","type":"post","link":"https:\/\/hoyre.no\/kvinneforum\/aktuelt\/dette-er-vare-viktigste-saker\/","title":{"rendered":"Dette er v\u00e5re viktigste saker"},"content":{"rendered":"\n<p class=\"preamble\">H\u00f8yres kvinneforum l\u00f8fter kvinnehelse og kampen mot vold i n\u00e6re relasjoner som sine to viktigste saker.<\/p>\t\t\t<div class=\"post-meta wp-block teft-byline-wrapper\">\n\t\t\t\t<div class=\"top\">\n\t\t\t\t\t<div class=\"signature\">\n\t\t\t\t\t\t<div class=\"teft-byline\">\n\t\t\t\t\t\t\t\t\t\t\t\t\t\t<div>\n\t\t\t\t\t\t\t\t<h3>H\u00f8yres redaksjon<\/h3>\t\t\t\t\t\t\t\t\n\t\t\t\t\t\t\t\t\t\t\t\t\t\t\t\t\t<span class=\"date\">Sist oppdatert: 1. september 2026<\/span>\n\t\t\t\t\t\t\t\t\t\t\t\t\t\t\t\t\t\t\t\t\t\t\t\t\t<span class=\"reading-time\" itemprop=\"timeRequired\" content=\"PT4M\"><em>Ca. 4 minutter lesetid<\/em><\/span>\n\t\t\t\t\t\t\t\t\t\t\t\t\t\t\t<\/div>\n\t\t\t\t\t\t<\/div>\n\t\t\t\t\t<\/div>\n\t\t\t\t\t\t<div class=\"sharing\">\n\t\t<a class=\"share-button share-link copy-link\" data-copy=\"https:\/\/hoyre.no\/kvinneforum\/aktuelt\/dette-er-vare-viktigste-saker\/\" target=\"_blank\"><span class=\"screen-reader-text\">Del link<\/span><\/a>\n\t\t<a class=\"share-button share-twitter\" href=\"http:\/\/twitter.com\/share?text=Dette er v\u00e5re viktigste saker&#038;url=https:\/\/hoyre.no\/kvinneforum\/aktuelt\/dette-er-vare-viktigste-saker\/&#038;hashtags=Hoyre\" target=\"_blank\"><span class=\"screen-reader-text\">Del p\u00e5 twitter<\/span><\/a>\n\t\t<a class=\"share-button share-facebook\" href=\"https:\/\/www.facebook.com\/sharer\/sharer.php?u=https:\/\/hoyre.no\/kvinneforum\/aktuelt\/dette-er-vare-viktigste-saker\/\" target=\"_blank\"><span class=\"screen-reader-text\">Del p\u00e5 facebook<\/span><\/a>\n\t<\/div>\n\t\t\t\t\t<\/div>\n\t\t\t<\/div>\n\n\t\t\t<figure class=\"hoyre-image-wrapper\"><div class=\"hoyre-image\"><img loading=\"lazy\" decoding=\"async\" width=\"2500\" height=\"1667\" src=\"https:\/\/hoyre.no\/content\/uploads\/sites\/379\/2026\/09\/Y9A2378-scaled.jpg\" class=\"attachment-scaled size-scaled\" alt=\"Margret og Tone\" style=\"object-position: 50% 50%\" srcset=\"https:\/\/hoyre.no\/content\/uploads\/sites\/379\/2026\/09\/Y9A2378-scaled.jpg 2500w, https:\/\/hoyre.no\/content\/uploads\/sites\/379\/2026\/09\/Y9A2378-300x200.jpg 300w, https:\/\/hoyre.no\/content\/uploads\/sites\/379\/2026\/09\/Y9A2378-1024x683.jpg 1024w, https:\/\/hoyre.no\/content\/uploads\/sites\/379\/2026\/09\/Y9A2378-768x512.jpg 768w, https:\/\/hoyre.no\/content\/uploads\/sites\/379\/2026\/09\/Y9A2378-1536x1024.jpg 1536w, https:\/\/hoyre.no\/content\/uploads\/sites\/379\/2026\/09\/Y9A2378-2048x1365.jpg 2048w\" sizes=\"auto, (max-width: 2500px) 100vw, 2500px\" \/><\/div><figcaption class=\"caption\">Margret Hagerup leder av H\u00f8yre kvinneforum og sitter i helse- og omsorgskomiteen p\u00e5 Stortinget. Tone Wilhelmsen Tr\u00f8en er nestleder og fraksjonsleder i familie- og kulturkomiteen. Foto: H\u00f8yre<\/figcaption><\/figure>\n\n\n\n<div class=\"wp-block hoyre-section alignfull has-background wp-block-hoyre-section\"><div class=\"inner-blocks alignwide\">\n\n<h2 class=\"wp-block-heading\">1. Kvinnehelse: Fra usynlighet til politisk prioritering<\/h2>\n\n\n\n<p class=\"wp-block-paragraph\">Kvinnehelse handler om mer enn helse. Det handler ogs\u00e5 om likestilling, livskvalitet, arbeidsdeltakelse og muligheten til \u00e5 leve gode liv i alle faser av livet. Likevel viser Kvinnehelseutvalget at kvinner ofte m\u00f8ter et helsevesen som ikke er godt nok tilpasset deres behov.<\/p>\n\n\n\n<p class=\"wp-block-paragraph\">Derfor har H\u00f8yres kvinneforum jobbet m\u00e5lrettet for \u00e5 l\u00f8fte kvinnehelse h\u00f8yere p\u00e5 den politiske dagsordenen. For oss er det viktig at temaer som overgangsalder, hormonell helse, graviditet, f\u00f8dsel og barseltid blir en naturlig del av b\u00e5de helsepolitikken og arbeidslivet.<\/p>\n\n\n\n<h4 class=\"wp-block-heading\">Hva har vi f\u00e5tt gjennomslag for?<\/h4>\n\n\n\n<p class=\"wp-block-paragraph\">Etter langvarig press fra H\u00f8yre har et bredt flertall p\u00e5 Stortinget stilt seg bak et historisk l\u00f8ft for kvinnehelse. Vi har blant annet f\u00e5tt flertall for:<\/p>\n\n\n\n<p class=\"wp-block-paragraph\">\u2705 Mer kvinnehelse i medisinsk og helsefaglig utdanning og forskning.<\/p>\n\n\n\n<p class=\"wp-block-paragraph\">\u2705 \u00d8kt kunnskap hos helsepersonell om kvinners helseutfordringer.<\/p>\n\n\n\n<p class=\"wp-block-paragraph\">\u2705 Bedre tilrettelegging i arbeidslivet gjennom pilotprosjekter i utvalgte bransjer.<\/p>\n\n\n\n<p class=\"wp-block-paragraph\">\u2705 Styrket satsing p\u00e5 kvinnehelse i styringsdokumentene til helseforetakene.<\/p>\n\n\n\n<h4 class=\"wp-block-heading\">Dette vil vi kjempe videre for:<\/h4>\n\n\n\n<p class=\"wp-block-paragraph\">Selv om mye er oppn\u00e5dd, gjenst\u00e5r viktige kamper. H\u00f8yre mener kvinner trenger konkrete forbedringer \u2013 ikke flere utredninger. H\u00f8yre har v\u00e6rt en tydelig stemme i debatten om kvinnehelse, b\u00e5de p\u00e5 Stortinget og i mediene. Vi har v\u00e6rt ut\u00e5lmodige etter \u00e5 f\u00e5 gjennomf\u00f8rt tiltak som faktisk gj\u00f8r en forskjell for kvinner, og vi vil g\u00e5 mye lenger enn regjeringen for \u00e5 sikre kvinners helsetilbud. Derfor vil H\u00f8yre:<\/p>\n\n\n\n<p class=\"wp-block-paragraph\">\ud83d\udc49 Innlemme hormonbehandling og relevante legemidler i bl\u00e5reseptordningen.<\/p>\n\n\n\n<p class=\"wp-block-paragraph\">\ud83d\udc49 Vurdere \u00e5 utvide mammografiprogrammet i tr\u00e5d med faglige anbefalinger.<\/p>\n\n\n\n<p class=\"wp-block-paragraph\">\ud83d\udc49 Sikre et godt f\u00f8detilbud i hele landet.<\/p>\n\n\n\n<p class=\"wp-block-paragraph\">\ud83d\udc49 Styrke jordmortjenesten.<\/p>\n\n\n\n<p class=\"wp-block-paragraph\">\ud83d\udc49 Lovfeste retten til \u00e5 ha med en selvvalgt st\u00f8tteperson under svangerskap, f\u00f8dsel og barseltid.<\/p>\n\n\n\n<p class=\"wp-block-paragraph\"><strong>M\u00e5let er enkelt: Kvinner skal m\u00f8te et helsevesen som tar deres helse p\u00e5 alvor \u2013 gjennom hele livet.<\/strong><\/p>\n\n<\/div><\/div>\n\n<div class=\"wp-block hoyre-section alignfull has-background is-style-light-blue wp-block-hoyre-section\"><div class=\"inner-blocks alignwide\">\n\n<h2 class=\"wp-block-heading\">2. Vold i n\u00e6re relasjoner: Fra utsatt til beskyttet<\/h2>\n\n\n\n<p class=\"wp-block-paragraph\">Ingen skal v\u00e6re utrygge i sitt eget hjem. Vold i n\u00e6re relasjoner rammer s\u00e6rlig kvinner og barn, og er et alvorlig likestillings-, helse- og kriminalitetsproblem. For H\u00f8yre skal trygghet starte hjemme.<\/p>\n\n\n\n<p class=\"wp-block-paragraph\">Vold handler ikke bare om slag og fysisk vold. Mange lever med trusler, kontroll og psykisk vold over lang tid. Derfor m\u00e5 samfunnet bli bedre til \u00e5 oppdage vold tidlig, beskytte dem som rammes og s\u00f8rge for at det er overgriperen \u2013 ikke offeret \u2013 som m\u00e5 b\u00e6re byrden.<\/p>\n\n\n\n<h4 class=\"wp-block-heading\">Hva har H\u00f8yre gjort?<\/h4>\n\n\n\n<p class=\"wp-block-paragraph\">H\u00f8yre har l\u00f8ftet frem situasjonen til tusenvis av kvinner som lever i frykt, og krevd bedre beskyttelse for dem som bryter ut av voldelige forhold. Vi har blant annet programfestet at:<\/p>\n\n\n\n<p class=\"wp-block-paragraph\">\ud83d\udc49 Omvendt voldsalarm skal v\u00e6re hovedregelen.<\/p>\n\n\n\n<p class=\"wp-block-paragraph\">\ud83d\udc49 Personer som er d\u00f8mt for mishandling i n\u00e6re relasjoner, som hovedregel skal f\u00e5 evigvarende kontaktforbud.<\/p>\n\n\n\n<p class=\"wp-block-paragraph\">\ud83d\udc49 Terskelen for evigvarende kontaktforbud skal senkes, slik at hensynet til ofre og p\u00e5r\u00f8rende veier tyngre.<\/p>\n\n\n\n<p class=\"wp-block-paragraph\">Leder i H\u00f8yres kvinneforum, Margret Hagerup, har v\u00e6rt tydelig i mediene:<\/p>\n\n\n\n<blockquote class=\"wp-block-quote is-layout-flow wp-block-quote-is-layout-flow\">\n<p class=\"wp-block-paragraph\">\u2013 Det er p\u00e5 tide \u00e5 ta side med dem som fortjener det: Voldsofrene. De har for d\u00e5rlig vern i dag, sier Hagerup.<\/p>\n<\/blockquote>\n\n\n\n<h4 class=\"wp-block-heading\">Dette vil H\u00f8yre kjempe videre for:<\/h4>\n\n\n\n<p class=\"wp-block-paragraph\">\ud83d\udc49 Kreve at alle kommuner skal ha en egen handlingsplan mot vold i n\u00e6re relasjoner.<\/p>\n\n\n\n<p class=\"wp-block-paragraph\">\ud83d\udc49 Bedre samarbeidet og informasjonsflyten mellom politiet, helsevesenet og barnevernet slik at vold kan oppdages tidligere.<\/p>\n\n\n\n<p class=\"wp-block-paragraph\">\ud83d\udc49 Utrede endringer i tvungent samv\u00e6r og tvungen mekling i saker der det er vold eller mistanke om vold.<\/p>\n\n\n\n<p class=\"wp-block-paragraph\"><strong>Trygghet m\u00e5 starte hjemme. Ingen skal m\u00e5tte leve i frykt for den som st\u00e5r dem n\u00e6rmest.<\/strong><\/p>\n\n<\/div><\/div>\n\n<div class=\"tags\">\n\t<\/div>\n<div class=\"post-footer alignfull has-background block-editor-block-list__block\" data-align=full>\n\t<div class=\"post-footer-inner\">\n\t\t<h3>Relaterte artikler<\/h3>\n\t\t<div class=\"related-content\"><div class=\"is-card-hoyre\">\n\t<div class=\"teft-card hoyre-teft-card post-teft-card\">\n\t\t<a href=\"https:\/\/hoyre.no\/kvinneforum\/aktuelt\/vis-meg-din-lidelse-kvinne\/\" class=\"teft-card__primary-action\">\n\n\t\t\t\t\t<div class=\"teft-card__media teft-card__media--16-9\">\n\t\t\t\t\t\t<img loading=\"lazy\" decoding=\"async\" width=\"768\" height=\"796\" src=\"https:\/\/hoyre.no\/content\/uploads\/sites\/379\/2026\/09\/Skjermbilde-2026-09-01-kl.-14.29.07-768x796.png\" class=\"attachment-medium_large size-medium_large\" alt=\"Margret Hagerup\" srcset=\"https:\/\/hoyre.no\/content\/uploads\/sites\/379\/2026\/09\/Skjermbilde-2026-09-01-kl.-14.29.07-768x796.png 768w, https:\/\/hoyre.no\/content\/uploads\/sites\/379\/2026\/09\/Skjermbilde-2026-09-01-kl.-14.29.07-290x300.png 290w, https:\/\/hoyre.no\/content\/uploads\/sites\/379\/2026\/09\/Skjermbilde-2026-09-01-kl.-14.29.07.png 883w\" sizes=\"auto, (max-width: 768px) 100vw, 768px\" \/>\t\t<\/div>\n\t\t\n\t\t\t<div class=\"teft-card__content-wrapper\">\n\t\t\t\t<div class=\"teft-card__secondary\">\n\t\t\t\t\t\n\t\t\t\t\t\t\t\t<div class=\"teft-card__meta\">\n\t\t\t\t\t\t\t\t\t<span class=\"post-date\">25. aug 2026<\/span>\n\n\t\t\t\t\t\t\t\t\t<span class=\"post-category\">Kronikk: <\/span>\t\t\t\t\t\t\t\t<\/div>\n\t\t\t\t\t\t\t\t\t\t\t<\/div>\n\n\t\t\t\t<div class=\"teft-card__primary\">\n\t\t\t\t\t<h2 class=\"teft-card__title\">Vis meg din lidelse, kvinne!&nbsp;<span class=\"teft-card__primary-title-append\"><\/span><\/h2>\t\t\t\t<\/div>\n\t\t\t<\/div>\n\t\t<\/a>\n\t<\/div>\n\n\t<\/div><div class=\"is-card-hoyre\">\n\t<div class=\"teft-card hoyre-teft-card post-teft-card\">\n\t\t<a href=\"https:\/\/hoyre.no\/kvinneforum\/aktuelt\/vi-er-avhengig-av-flere-kvinnelige-grundere\/\" class=\"teft-card__primary-action\">\n\n\t\t\t\t\t<div class=\"teft-card__media teft-card__media--16-9\">\n\t\t\t\t\t\t<img loading=\"lazy\" decoding=\"async\" width=\"768\" height=\"512\" src=\"https:\/\/hoyre.no\/content\/uploads\/sites\/379\/2022\/03\/GettyImages-618740572-768x512.jpg\" class=\"attachment-medium_large size-medium_large\" alt=\"\" srcset=\"https:\/\/hoyre.no\/content\/uploads\/sites\/379\/2022\/03\/GettyImages-618740572-768x512.jpg 768w, https:\/\/hoyre.no\/content\/uploads\/sites\/379\/2022\/03\/GettyImages-618740572-300x200.jpg 300w, https:\/\/hoyre.no\/content\/uploads\/sites\/379\/2022\/03\/GettyImages-618740572-1024x683.jpg 1024w, https:\/\/hoyre.no\/content\/uploads\/sites\/379\/2022\/03\/GettyImages-618740572-1536x1024.jpg 1536w, https:\/\/hoyre.no\/content\/uploads\/sites\/379\/2022\/03\/GettyImages-618740572-2048x1365.jpg 2048w\" sizes=\"auto, (max-width: 768px) 100vw, 768px\" \/>\t\t<\/div>\n\t\t\n\t\t\t<div class=\"teft-card__content-wrapper\">\n\t\t\t\t<div class=\"teft-card__secondary\">\n\t\t\t\t\t\n\t\t\t\t\t\t\t\t<div class=\"teft-card__meta\">\n\t\t\t\t\t\t\t\t\t<span class=\"post-date\">8. mar 2022<\/span>\n\n\t\t\t\t\t\t\t\t\t<span class=\"post-category\">Politikk<\/span>\t\t\t\t\t\t\t\t<\/div>\n\t\t\t\t\t\t\t\t\t\t\t<\/div>\n\n\t\t\t\t<div class=\"teft-card__primary\">\n\t\t\t\t\t<h2 class=\"teft-card__title\">Vi er avhengig av flere kvinnelige gr\u00fcndere&nbsp;<span class=\"teft-card__primary-title-append\"><\/span><\/h2>\t\t\t\t<\/div>\n\t\t\t<\/div>\n\t\t<\/a>\n\t<\/div>\n\n\t<\/div><div class=\"is-card-hoyre\">\n\t<div class=\"teft-card hoyre-teft-card post-teft-card\">\n\t\t<a href=\"https:\/\/hoyre.no\/kvinneforum\/aktuelt\/50-grunner-til-at-hoyre-bor-styre-likestillingspolitikken-i-norge\/\" class=\"teft-card__primary-action\">\n\n\t\t\t\t\t<div class=\"teft-card__media teft-card__media--16-9\">\n\t\t\t\t\t\t<img loading=\"lazy\" decoding=\"async\" width=\"768\" height=\"512\" src=\"https:\/\/hoyre.no\/content\/uploads\/sites\/379\/2021\/09\/50039481703_405f4b3bd2_c-768x512.jpg\" class=\"attachment-medium_large size-medium_large\" alt=\"Lederen av H\u00f8yres kvinneforum, Guro Angell Gimse, avbildet foran Stortingsbygget.\" srcset=\"https:\/\/hoyre.no\/content\/uploads\/sites\/379\/2021\/09\/50039481703_405f4b3bd2_c-768x512.jpg 768w, https:\/\/hoyre.no\/content\/uploads\/sites\/379\/2021\/09\/50039481703_405f4b3bd2_c-300x200.jpg 300w, https:\/\/hoyre.no\/content\/uploads\/sites\/379\/2021\/09\/50039481703_405f4b3bd2_c.jpg 799w\" sizes=\"auto, (max-width: 768px) 100vw, 768px\" \/>\t\t<\/div>\n\t\t\n\t\t\t<div class=\"teft-card__content-wrapper\">\n\t\t\t\t<div class=\"teft-card__secondary\">\n\t\t\t\t\t\n\t\t\t\t\t\t\t\t<div class=\"teft-card__meta\">\n\t\t\t\t\t\t\t\t\t<span class=\"post-date\">2. sep 2021<\/span>\n\n\t\t\t\t\t\t\t\t\t<span class=\"post-category\">Politikk<\/span>\t\t\t\t\t\t\t\t<\/div>\n\t\t\t\t\t\t\t\t\t\t\t<\/div>\n\n\t\t\t\t<div class=\"teft-card__primary\">\n\t\t\t\t\t<h2 class=\"teft-card__title\">50 grunner til at H\u00f8yre b\u00f8r styre likestillingspolitikken i Norge&nbsp;<span class=\"teft-card__primary-title-append\"><\/span><\/h2>\t\t\t\t<\/div>\n\t\t\t<\/div>\n\t\t<\/a>\n\t<\/div>\n\n\t<\/div><\/div>\t<\/div>\n<\/div>\n","protected":false},"excerpt":{"rendered":"","protected":false},"author":51320,"featured_media":0,"comment_status":"closed","ping_status":"closed","sticky":true,"template":"","format":"standard","meta":{"teft_cards_image_url":"","teft_cards_custom_pretitle":"H\u00f8yres kvinneforum:","teft_cards_image_id":190,"teft_cards_image_focal_point_x":0.5,"teft_cards_image_focal_point_y":0.5,"teft_cards_title":"Dette er v\u00e5re viktigste saker","teft_cards_excerpt":"","teft_show_chapters":false,"author_display_name":"","footnotes":""},"category":[1],"post_tag":[],"hoyre-visibility":[],"article-type":[],"politician":[],"class_list":["post-188","post","type-post","status-publish","format-standard","hentry","category-ukategorisert"],"yoast_head":"<!-- This site is optimized with the Yoast SEO plugin v28.2 - https:\/\/yoast.com\/product\/yoast-seo-wordpress\/ -->\n<title>Dette er v\u00e5re viktigste saker - H\u00f8yres kvinneforum<\/title>\n<meta name=\"description\" content=\"Kvinnehelse og vold i n\u00e6re relasjoner er de to aller viktigste sakene for H\u00f8yres kvinneforum. Les mer om hva vi har gjort og vil gj\u00f8re videre.\" \/>\n<meta name=\"robots\" content=\"index, follow, max-snippet:-1, max-image-preview:large, max-video-preview:-1\" \/>\n<link rel=\"canonical\" href=\"https:\/\/hoyre.no\/kvinneforum\/aktuelt\/dette-er-vare-viktigste-saker\/\" \/>\n<meta property=\"og:locale\" content=\"nb_NO\" \/>\n<meta property=\"og:type\" content=\"article\" \/>\n<meta property=\"og:title\" content=\"V\u00e5re to aller viktigste saker\" \/>\n<meta property=\"og:description\" content=\"Kvinnehelse og vold i n\u00e6re relasjoner er de to aller viktigste sakene for H\u00f8yres kvinneforum. Les mer om hva vi har gjort og vil gj\u00f8re videre.\" \/>\n<meta property=\"og:url\" content=\"https:\/\/hoyre.no\/kvinneforum\/aktuelt\/dette-er-vare-viktigste-saker\/\" \/>\n<meta property=\"og:site_name\" content=\"H\u00f8yres kvinneforum\" \/>\n<meta property=\"article:published_time\" content=\"2026-08-26T12:21:00+00:00\" \/>\n<meta property=\"article:modified_time\" content=\"2026-09-01T13:11:44+00:00\" \/>\n<meta property=\"og:image\" content=\"https:\/\/hoyre.no\/content\/uploads\/sites\/379\/2026\/09\/Y9A2378-scaled.jpg\" \/>\n\t<meta property=\"og:image:width\" content=\"2500\" \/>\n\t<meta property=\"og:image:height\" content=\"1667\" \/>\n\t<meta property=\"og:image:type\" content=\"image\/jpeg\" \/>\n<meta name=\"author\" content=\"Cecilie Tofteng\" \/>\n<meta name=\"twitter:card\" content=\"summary_large_image\" \/>\n<meta name=\"twitter:label1\" content=\"Skrevet av\" \/>\n\t<meta name=\"twitter:data1\" content=\"Cecilie Tofteng\" \/>\n\t<meta name=\"twitter:label2\" content=\"Ansl. lesetid\" \/>\n\t<meta name=\"twitter:data2\" content=\"4 minutter\" \/>\n<script type=\"application\/ld+json\" class=\"yoast-schema-graph\">{\"@context\":\"https:\\\/\\\/schema.org\",\"@graph\":[{\"@type\":\"Article\",\"@id\":\"https:\\\/\\\/hoyre.no\\\/kvinneforum\\\/aktuelt\\\/dette-er-vare-viktigste-saker\\\/#article\",\"isPartOf\":{\"@id\":\"https:\\\/\\\/hoyre.no\\\/kvinneforum\\\/aktuelt\\\/dette-er-vare-viktigste-saker\\\/\"},\"author\":{\"name\":\"Cecilie Tofteng\",\"@id\":\"https:\\\/\\\/hoyre.no\\\/kvinneforum\\\/#\\\/schema\\\/person\\\/0bf433749e315dcb10f0af58dd183b2a\"},\"headline\":\"Dette er v\u00e5re viktigste saker\",\"datePublished\":\"2026-08-26T12:21:00+00:00\",\"dateModified\":\"2026-09-01T13:11:44+00:00\",\"mainEntityOfPage\":{\"@id\":\"https:\\\/\\\/hoyre.no\\\/kvinneforum\\\/aktuelt\\\/dette-er-vare-viktigste-saker\\\/\"},\"wordCount\":653,\"inLanguage\":\"nb-NO\"},{\"@type\":\"NewsArticle\",\"@id\":\"https:\\\/\\\/hoyre.no\\\/kvinneforum\\\/aktuelt\\\/dette-er-vare-viktigste-saker\\\/\",\"url\":\"https:\\\/\\\/hoyre.no\\\/kvinneforum\\\/aktuelt\\\/dette-er-vare-viktigste-saker\\\/\",\"name\":\"Dette er v\u00e5re viktigste saker - H\u00f8yres kvinneforum\",\"isPartOf\":{\"@id\":\"https:\\\/\\\/hoyre.no\\\/kvinneforum\\\/#website\"},\"datePublished\":\"2026-08-26T12:21:00+00:00\",\"dateModified\":\"2026-09-01T13:11:44+00:00\",\"author\":{\"@id\":\"https:\\\/\\\/hoyre.no\\\/kvinneforum\\\/#\\\/schema\\\/person\\\/0bf433749e315dcb10f0af58dd183b2a\"},\"description\":\"Kvinnehelse og vold i n\u00e6re relasjoner er de to aller viktigste sakene for H\u00f8yres kvinneforum. Les mer om hva vi har gjort og vil gj\u00f8re videre.\",\"breadcrumb\":{\"@id\":\"https:\\\/\\\/hoyre.no\\\/kvinneforum\\\/aktuelt\\\/dette-er-vare-viktigste-saker\\\/#breadcrumb\"},\"inLanguage\":\"nb-NO\",\"potentialAction\":[{\"@type\":\"ReadAction\",\"target\":[\"https:\\\/\\\/hoyre.no\\\/kvinneforum\\\/aktuelt\\\/dette-er-vare-viktigste-saker\\\/\"]}]},{\"@type\":\"BreadcrumbList\",\"@id\":\"https:\\\/\\\/hoyre.no\\\/kvinneforum\\\/aktuelt\\\/dette-er-vare-viktigste-saker\\\/#breadcrumb\",\"itemListElement\":[{\"@type\":\"ListItem\",\"position\":1,\"name\":\"Til hoyre.no\",\"item\":\"https:\\\/\\\/hoyre.no\"},{\"@type\":\"ListItem\",\"position\":2,\"name\":\"Hjem\",\"item\":\"https:\\\/\\\/hoyre.no\\\/kvinneforum\\\/\"},{\"@type\":\"ListItem\",\"position\":3,\"name\":\"Dette er v\u00e5re viktigste saker\"}]},{\"@type\":\"WebSite\",\"@id\":\"https:\\\/\\\/hoyre.no\\\/kvinneforum\\\/#website\",\"url\":\"https:\\\/\\\/hoyre.no\\\/kvinneforum\\\/\",\"name\":\"H\u00f8yres kvinneforum\",\"description\":\"Bare enda et H\u00f8yres nettsteder-nettsted\",\"inLanguage\":\"nb-NO\"},{\"@type\":\"Person\",\"@id\":\"https:\\\/\\\/hoyre.no\\\/kvinneforum\\\/#\\\/schema\\\/person\\\/0bf433749e315dcb10f0af58dd183b2a\",\"name\":\"Cecilie Tofteng\",\"image\":{\"@type\":\"ImageObject\",\"inLanguage\":\"nb-NO\",\"@id\":\"https:\\\/\\\/secure.gravatar.com\\\/avatar\\\/694d56caca63f6821e9843b24b8c7aba0cb29dd0c5ef0ea904de3cebe07ae31d?s=96&d=mm&r=g\",\"url\":\"https:\\\/\\\/secure.gravatar.com\\\/avatar\\\/694d56caca63f6821e9843b24b8c7aba0cb29dd0c5ef0ea904de3cebe07ae31d?s=96&d=mm&r=g\",\"contentUrl\":\"https:\\\/\\\/secure.gravatar.com\\\/avatar\\\/694d56caca63f6821e9843b24b8c7aba0cb29dd0c5ef0ea904de3cebe07ae31d?s=96&d=mm&r=g\",\"caption\":\"Cecilie Tofteng\"},\"url\":\"https:\\\/\\\/hoyre.no\\\/kvinneforum\\\/aktuelt\\\/author\\\/m60000393\\\/\"}]}<\/script>\n<!-- \/ Yoast SEO plugin. -->","yoast_head_json":{"title":"Dette er v\u00e5re viktigste saker - H\u00f8yres kvinneforum","description":"Kvinnehelse og vold i n\u00e6re relasjoner er de to aller viktigste sakene for H\u00f8yres kvinneforum. Les mer om hva vi har gjort og vil gj\u00f8re videre.","robots":{"index":"index","follow":"follow","max-snippet":"max-snippet:-1","max-image-preview":"max-image-preview:large","max-video-preview":"max-video-preview:-1"},"canonical":"https:\/\/hoyre.no\/kvinneforum\/aktuelt\/dette-er-vare-viktigste-saker\/","og_locale":"nb_NO","og_type":"article","og_title":"V\u00e5re to aller viktigste saker","og_description":"Kvinnehelse og vold i n\u00e6re relasjoner er de to aller viktigste sakene for H\u00f8yres kvinneforum. Les mer om hva vi har gjort og vil gj\u00f8re videre.","og_url":"https:\/\/hoyre.no\/kvinneforum\/aktuelt\/dette-er-vare-viktigste-saker\/","og_site_name":"H\u00f8yres kvinneforum","article_published_time":"2026-08-26T12:21:00+00:00","article_modified_time":"2026-09-01T13:11:44+00:00","og_image":[{"width":2500,"height":1667,"url":"https:\/\/hoyre.no\/content\/uploads\/sites\/379\/2026\/09\/Y9A2378-scaled.jpg","type":"image\/jpeg"}],"author":"Cecilie Tofteng","twitter_card":"summary_large_image","twitter_misc":{"Skrevet av":"Cecilie Tofteng","Ansl. lesetid":"4 minutter"},"schema":{"@context":"https:\/\/schema.org","@graph":[{"@type":"Article","@id":"https:\/\/hoyre.no\/kvinneforum\/aktuelt\/dette-er-vare-viktigste-saker\/#article","isPartOf":{"@id":"https:\/\/hoyre.no\/kvinneforum\/aktuelt\/dette-er-vare-viktigste-saker\/"},"author":{"name":"Cecilie Tofteng","@id":"https:\/\/hoyre.no\/kvinneforum\/#\/schema\/person\/0bf433749e315dcb10f0af58dd183b2a"},"headline":"Dette er v\u00e5re viktigste saker","datePublished":"2026-08-26T12:21:00+00:00","dateModified":"2026-09-01T13:11:44+00:00","mainEntityOfPage":{"@id":"https:\/\/hoyre.no\/kvinneforum\/aktuelt\/dette-er-vare-viktigste-saker\/"},"wordCount":653,"inLanguage":"nb-NO"},{"@type":"NewsArticle","@id":"https:\/\/hoyre.no\/kvinneforum\/aktuelt\/dette-er-vare-viktigste-saker\/","url":"https:\/\/hoyre.no\/kvinneforum\/aktuelt\/dette-er-vare-viktigste-saker\/","name":"Dette er v\u00e5re viktigste saker - H\u00f8yres kvinneforum","isPartOf":{"@id":"https:\/\/hoyre.no\/kvinneforum\/#website"},"datePublished":"2026-08-26T12:21:00+00:00","dateModified":"2026-09-01T13:11:44+00:00","author":{"@id":"https:\/\/hoyre.no\/kvinneforum\/#\/schema\/person\/0bf433749e315dcb10f0af58dd183b2a"},"description":"Kvinnehelse og vold i n\u00e6re relasjoner er de to aller viktigste sakene for H\u00f8yres kvinneforum. Les mer om hva vi har gjort og vil gj\u00f8re videre.","breadcrumb":{"@id":"https:\/\/hoyre.no\/kvinneforum\/aktuelt\/dette-er-vare-viktigste-saker\/#breadcrumb"},"inLanguage":"nb-NO","potentialAction":[{"@type":"ReadAction","target":["https:\/\/hoyre.no\/kvinneforum\/aktuelt\/dette-er-vare-viktigste-saker\/"]}]},{"@type":"BreadcrumbList","@id":"https:\/\/hoyre.no\/kvinneforum\/aktuelt\/dette-er-vare-viktigste-saker\/#breadcrumb","itemListElement":[{"@type":"ListItem","position":1,"name":"Til hoyre.no","item":"https:\/\/hoyre.no"},{"@type":"ListItem","position":2,"name":"Hjem","item":"https:\/\/hoyre.no\/kvinneforum\/"},{"@type":"ListItem","position":3,"name":"Dette er v\u00e5re viktigste saker"}]},{"@type":"WebSite","@id":"https:\/\/hoyre.no\/kvinneforum\/#website","url":"https:\/\/hoyre.no\/kvinneforum\/","name":"H\u00f8yres kvinneforum","description":"Bare enda et H\u00f8yres nettsteder-nettsted","inLanguage":"nb-NO"},{"@type":"Person","@id":"https:\/\/hoyre.no\/kvinneforum\/#\/schema\/person\/0bf433749e315dcb10f0af58dd183b2a","name":"Cecilie Tofteng","image":{"@type":"ImageObject","inLanguage":"nb-NO","@id":"https:\/\/secure.gravatar.com\/avatar\/694d56caca63f6821e9843b24b8c7aba0cb29dd0c5ef0ea904de3cebe07ae31d?s=96&d=mm&r=g","url":"https:\/\/secure.gravatar.com\/avatar\/694d56caca63f6821e9843b24b8c7aba0cb29dd0c5ef0ea904de3cebe07ae31d?s=96&d=mm&r=g","contentUrl":"https:\/\/secure.gravatar.com\/avatar\/694d56caca63f6821e9843b24b8c7aba0cb29dd0c5ef0ea904de3cebe07ae31d?s=96&d=mm&r=g","caption":"Cecilie Tofteng"},"url":"https:\/\/hoyre.no\/kvinneforum\/aktuelt\/author\/m60000393\/"}]}},"distributor_meta":false,"distributor_terms":false,"distributor_media":false,"distributor_original_site_name":"H\u00f8yres kvinneforum","distributor_original_site_url":"https:\/\/hoyre.no\/kvinneforum","push-errors":false,"_links":{"self":[{"href":"https:\/\/hoyre.no\/kvinneforum\/wp-json\/wp\/v2\/posts\/188","targetHints":{"allow":["GET"]}}],"collection":[{"href":"https:\/\/hoyre.no\/kvinneforum\/wp-json\/wp\/v2\/posts"}],"about":[{"href":"https:\/\/hoyre.no\/kvinneforum\/wp-json\/wp\/v2\/types\/post"}],"author":[{"embeddable":true,"href":"https:\/\/hoyre.no\/kvinneforum\/wp-json\/wp\/v2\/users\/51320"}],"replies":[{"embeddable":true,"href":"https:\/\/hoyre.no\/kvinneforum\/wp-json\/wp\/v2\/comments?post=188"}],"version-history":[{"count":14,"href":"https:\/\/hoyre.no\/kvinneforum\/wp-json\/wp\/v2\/posts\/188\/revisions"}],"predecessor-version":[{"id":203,"href":"https:\/\/hoyre.no\/kvinneforum\/wp-json\/wp\/v2\/posts\/188\/revisions\/203"}],"wp:attachment":[{"href":"https:\/\/hoyre.no\/kvinneforum\/wp-json\/wp\/v2\/media?parent=188"}],"wp:term":[{"taxonomy":"category","embeddable":true,"href":"https:\/\/hoyre.no\/kvinneforum\/wp-json\/wp\/v2\/category?post=188"},{"taxonomy":"post_tag","embeddable":true,"href":"https:\/\/hoyre.no\/kvinneforum\/wp-json\/wp\/v2\/post_tag?post=188"},{"taxonomy":"hoyre-visibility","embeddable":true,"href":"https:\/\/hoyre.no\/kvinneforum\/wp-json\/wp\/v2\/hoyre-visibility?post=188"},{"taxonomy":"article-type","embeddable":true,"href":"https:\/\/hoyre.no\/kvinneforum\/wp-json\/wp\/v2\/article-type?post=188"},{"taxonomy":"politician","embeddable":true,"href":"https:\/\/hoyre.no\/kvinneforum\/wp-json\/wp\/v2\/politician?post=188"}],"curies":[{"name":"wp","href":"https:\/\/api.w.org\/{rel}","templated":true}]}}