{"id":14,"date":"2019-05-29T22:00:00","date_gmt":"2019-05-29T20:00:00","guid":{"rendered":"https:\/\/hoyre.no\/lier\/aktuelt\/hjertesaker_1\/"},"modified":"2019-05-29T22:00:00","modified_gmt":"2019-05-29T20:00:00","slug":"hjertesaker_1","status":"publish","type":"post","link":"https:\/\/hoyre.no\/lier\/aktuelt\/hjertesaker_1\/","title":{"rendered":"Hjertesaker"},"content":{"rendered":"<p class=\"preamble\">Sammen skaper vi den beste folkehelsekommunenLier H\u00f8yre vil at det skal v\u00e6re enkelt for alle \u00e5 ta sunne valg i hverdagen, gjennom aktivitet, tilh\u00f8righet og fellesskap. Det inneb\u00e6rer at vi m\u00e5 fortsette \u00e5 satse p\u00e5 flere sosiale m\u00f8teplasser og et rikt aktivitetstilbud. \u00c5 ha et godt og systematisk samarbeid med organisasjoner og frivillige betyr mye for alle i kommunen.Det forplikter \u00e5 v\u00e6re k\u00e5ret til ti\u00e5rets friluftslivskommune, og H\u00f8yre vil styrke v\u00e5rt arbeid for friluftsliv for alle.Vi vil satse p\u00e5 forebyggende arbeid for folk i alle aldre med ulike behov, inn i barnehager, skoler, fritidsaktiviteter og i kommunale virksomheter.Lier H\u00f8yre mener omsorgen for v\u00e5re seniorer skal inneb\u00e6re helsehjelp, aktivitet, fellesskap og god mat. Lier skal v\u00e6re et aldersvennlig samfunn; vi vil \u00abLeve hele livet\u00bb.God folkehelse handler ogs\u00e5 om \u00e5 legge til rette for arbeidsplasser, gode bomilj\u00f8 i hele Lier, trygg og effektiv samferdsel og inkludering.Les om de andre hjertesakene, eller les videre for mer om sammen skaper vi den beste folkehelsekommunen.Trygg og glad oppveksthttps:\/\/hoyre.no\/viken\/lier\/aktuelt\/trygg_og_glad_oppvekst\/Lokale arbeidsplasserhttps:\/\/hoyre.no\/viken\/lier\/aktuelt\/lokale_arbeidsplasser\/<\/p>\t\t\t<div class=\"post-meta wp-block teft-byline-wrapper\">\n\t\t\t\t<div class=\"top\">\n\t\t\t\t\t<div class=\"signature\">\n\t\t\t\t\t\t<div class=\"teft-byline\">\n\t\t\t\t\t\t\t\t\t\t\t\t\t\t<div>\n\t\t\t\t\t\t\t\t<h3>H\u00f8yres redaksjon<\/h3>\t\t\t\t\t\t\t\t\n\t\t\t\t\t\t\t\t\t\t\t\t\t\t\t\t\t<span class=\"date\">Sist oppdatert: 29. mai 2019<\/span>\n\t\t\t\t\t\t\t\t\t\t\t\t\t\t\t\t\t\t\t\t\t\t\t\t\t<span class=\"reading-time\" itemprop=\"timeRequired\" content=\"PT4M\"><em>Ca. 4 minutter lesetid<\/em><\/span>\n\t\t\t\t\t\t\t\t\t\t\t\t\t\t\t<\/div>\n\t\t\t\t\t\t<\/div>\n\t\t\t\t\t<\/div>\n\t\t\t\t\t\t<div class=\"sharing\">\n\t\t<a class=\"share-button share-link copy-link\" data-copy=\"https:\/\/hoyre.no\/lier\/aktuelt\/hjertesaker_1\/\" target=\"_blank\"><span class=\"screen-reader-text\">Del link<\/span><\/a>\n\t\t<a class=\"share-button share-twitter\" href=\"http:\/\/twitter.com\/share?text=Hjertesaker&#038;url=https:\/\/hoyre.no\/lier\/aktuelt\/hjertesaker_1\/&#038;hashtags=Hoyre\" target=\"_blank\"><span class=\"screen-reader-text\">Del p\u00e5 twitter<\/span><\/a>\n\t\t<a class=\"share-button share-facebook\" href=\"https:\/\/www.facebook.com\/sharer\/sharer.php?u=https:\/\/hoyre.no\/lier\/aktuelt\/hjertesaker_1\/\" target=\"_blank\"><span class=\"screen-reader-text\">Del p\u00e5 facebook<\/span><\/a>\n\t<\/div>\n\t\t\t\t\t<\/div>\n\t\t\t<\/div>\n\n\t\t\t<figure class=\"hoyre-image-wrapper\"><div class=\"hoyre-image\"><img loading=\"lazy\" decoding=\"async\" width=\"2592\" height=\"1728\" src=\"https:\/\/hoyre.no\/content\/uploads\/sites\/181\/2020\/11\/gunn_cecilie_med_syk.png\" class=\"attachment-scaled size-scaled\" alt=\"\" style=\"object-position: 50% 50%\" srcset=\"https:\/\/hoyre.no\/content\/uploads\/sites\/181\/2020\/11\/gunn_cecilie_med_syk.png 2592w, https:\/\/hoyre.no\/content\/uploads\/sites\/181\/2020\/11\/gunn_cecilie_med_syk-300x200.png 300w, https:\/\/hoyre.no\/content\/uploads\/sites\/181\/2020\/11\/gunn_cecilie_med_syk-1024x683.png 1024w, https:\/\/hoyre.no\/content\/uploads\/sites\/181\/2020\/11\/gunn_cecilie_med_syk-768x512.png 768w, https:\/\/hoyre.no\/content\/uploads\/sites\/181\/2020\/11\/gunn_cecilie_med_syk-1536x1024.png 1536w, https:\/\/hoyre.no\/content\/uploads\/sites\/181\/2020\/11\/gunn_cecilie_med_syk-2048x1365.png 2048w\" sizes=\"auto, (max-width: 2592px) 100vw, 2592px\" \/><\/div><\/figure><div id=\"hoyre-old-article-content-wrapper\"><p><b><u>Slik vil vi sammen skape den beste folkehelsekommunen <\/u><\/b><\/p><h1><\/h1><p><b>Lier H\u00f8yre vil: <\/b><\/p><p><\/p><ul><li>Fortsettesuksessen med utl\u00e5nsordningen av sportsutstyr og \u00e5pne fritidstilbud for alle gjennom BUA.<\/li><li>Sikre godem\u00f8teplasser for ungdom i hele Lier, s\u00e6rlig ungdomsklubber og god nokhallkapasitet.<\/li><li>Innf\u00f8refritidskort eller fritidsapp som gj\u00f8r det lettere for alle barn og unge \u00e5 deltap\u00e5 fritidsaktiviteter.<\/li><li>Arbeide for godl\u00f8ype- og sti-informasjon b\u00e5de p\u00e5 trykk og gjennom nettstedet\u201cLieropplevelser\u201d. <\/li><li>Tilby god tilgangtil skog og mark hele \u00e5ret, bl.a. ved \u00e5 opprettholde h\u00f8y kvalitet p\u00e5preparering av skil\u00f8yper og vedlikehold av turstier.<\/li><li>Sikreallmennhetens tilgang til badeplasser og friluftsomr\u00e5der, og s\u00f8rge forbadebrygger. <\/li><li>Bedre turstiene og \u00e5pne opp langs Lierelva, med m\u00e5l om tursti langs elva, s\u00e6rlig fra Lierbyen til Gilhus.<\/li><\/ul><p><\/p><ul><li>Videreutvikletilbud som Ungdomshjelpa, gode helses\u00f8stertjenester og lavterskeltilbud forbarn og unge.<\/li><li>Innf\u00f8re et st\u00f8ttetilbud til barn med foreldre som er alvorlig syke eller har nedsatt funksjonsevne.<\/li><\/ul><p><i><\/i><\/p><ul><li>Videreutvikle Kulturskolen som et tilbud innen kunst, kultur, dans, teater og musikk for barn og unge.<\/li><li>Vurdere \u00e5 innf\u00f8reen ordning for kostyme- og rekvisittlager, med gratis utl\u00e5n som iBUA-ordningen. <\/li><li>Sikre at NAV oghelsetjenestene informerer om frivillige tilbud til personer som har behov for\u00e5 inkluderes i sosiale aktiviteter.<\/li><li>Videref\u00f8reFrivilligb\u00f8rs som m\u00f8teplass mellom frivilligheten, n\u00e6ringslivet og offentligevirksomheter.<\/li><li>Videreutviklebibliotektjenestene ved bl.a. at hovedbiblioteket flyttes til gateplan forlettere tilgjengelighet.<\/p><p><\/li><li>V\u00e6re positiv tiletablering og videreutvikling av flere idretts- og hallanlegg p\u00e5 egnet sted isamarbeid med idretten og andre relevante samarbeidsakt\u00f8rer.<\/p><p><\/li><li>Jobbe sammen medseniorene for nytt seniorsenter. <\/li><li>S\u00f8rge for god dekning av kompetent og tilstrekkelig helsepersonell p\u00e5 kommunens ulike institusjoner.<\/li><li>Fortsette arbeidet for bruk av velferdsteknologi, i som for eksempel trygghetsalarm, digitalt nattilsyn, multidosedispensere, e-l\u00e5ser og digital avstandsoppf\u00f8lging, for \u00e5 sikre at mennesker med nedsatt funksjonsevne og seniorer kan mestre egen hverdag og bo hjemme lenger dersom de \u00f8nsker det.<\/p><p><\/li><li>Vurdere nye digitale l\u00f8sninger som kan styrke innbyggernes medvirkningsmulighet.<\/li><li>Legge til rette for sykkelparkeringer ved kommunale virksomheter og kreve sykkelparkering ved private virksomheter.<\/li><li>Jobbe for at det innf\u00f8res et ekspressbuss-system til de viktigste kollektivpunktene i Lier og omegn.<\/li><li>Arbeide fortrafikksikre l\u00f8sninger og trygge skoleveier, slik at vi unng\u00e5r skader og tap avmenneskeliv.<\/li><li>Arbeide for at statenfullf\u00f8rer st\u00f8yskjermingen i henhold til den vedtatte kommunedelplanen forst\u00f8yskjerming langs E18 gjennom Lier.<\/li><li>Arbeide for at E134blir fullf\u00f8rt fra Dagslett til E18 s\u00e5 snart som mulig, og jobbe for en l\u00f8sningsom sk\u00e5ner dyrka mark og bomilj\u00f8 i st\u00f8rst mulig grad. <\/li><li>S\u00f8rge for \u00e5 gjennomf\u00f8reen sammenhengende kyststi fra Drammen til R\u00f8yken gjennom Lier.<\/li><\/ul><p><\/p><p><\/p><p><\/p><p><\/p><p><\/p><p><\/p><p><\/p><\/div>\n<div class=\"tags\">\n\t<\/div>\n<div class=\"post-footer alignfull has-background block-editor-block-list__block\" data-align=full>\n\t<div class=\"post-footer-inner\">\n\t\t<h3>Relaterte artikler<\/h3>\n\t\t<div class=\"related-content\"><div class=\"is-card-hoyre\">\n\t<div class=\"teft-card hoyre-teft-card post-teft-card\">\n\t\t<a href=\"https:\/\/hoyre.no\/lier\/aktuelt\/hvem-skal-representere-lier-hoyre-i-kommunestyret-2027-2031\/\" class=\"teft-card__primary-action\">\n\n\t\t\t\t\t<div class=\"teft-card__media teft-card__media--16-9\">\n\t\t\t\t\t\t<img loading=\"lazy\" decoding=\"async\" width=\"768\" height=\"576\" src=\"https:\/\/hoyre.no\/content\/uploads\/sites\/181\/2023\/09\/Synnove-1-768x576.jpg\" class=\"attachment-medium_large size-medium_large\" alt=\"\" srcset=\"https:\/\/hoyre.no\/content\/uploads\/sites\/181\/2023\/09\/Synnove-1-768x576.jpg 768w, https:\/\/hoyre.no\/content\/uploads\/sites\/181\/2023\/09\/Synnove-1-300x225.jpg 300w, https:\/\/hoyre.no\/content\/uploads\/sites\/181\/2023\/09\/Synnove-1-1024x768.jpg 1024w, https:\/\/hoyre.no\/content\/uploads\/sites\/181\/2023\/09\/Synnove-1-1536x1152.jpg 1536w, https:\/\/hoyre.no\/content\/uploads\/sites\/181\/2023\/09\/Synnove-1.jpg 1739w\" sizes=\"auto, (max-width: 768px) 100vw, 768px\" \/>\t\t<\/div>\n\t\t\n\t\t\t<div class=\"teft-card__content-wrapper\">\n\t\t\t\t<div class=\"teft-card__secondary\">\n\t\t\t\t\t\n\t\t\t\t\t\t\t\t<div class=\"teft-card__meta\">\n\t\t\t\t\t\t\t\t\t<span class=\"post-date\">18. mar 2026<\/span>\n\n\t\t\t\t\t\t\t\t\t\t\t\t\t\t\t\t\t<\/div>\n\t\t\t\t\t\t\t\t\t\t\t<\/div>\n\n\t\t\t\t<div class=\"teft-card__primary\">\n\t\t\t\t\t<h2 class=\"teft-card__title\">Hvem skal representere Lier H\u00f8yre i kommunestyret\u00a0 2027-2031?&nbsp;<span class=\"teft-card__primary-title-append\"><\/span><\/h2>\t\t\t\t<\/div>\n\t\t\t<\/div>\n\t\t<\/a>\n\t<\/div>\n\n\t<\/div><div class=\"is-card-hoyre\">\n\t<div class=\"teft-card hoyre-teft-card post-teft-card\">\n\t\t<a href=\"https:\/\/hoyre.no\/lier\/aktuelt\/lier-hoyres-nominasjons-prosess-og-datoplan-kommunevalget-2027\/\" class=\"teft-card__primary-action\">\n\n\t\t\t\t\t<div class=\"teft-card__media teft-card__media--16-9\">\n\t\t\t\t\t\t<img loading=\"lazy\" decoding=\"async\" width=\"640\" height=\"480\" src=\"https:\/\/hoyre.no\/content\/uploads\/sites\/181\/2026\/03\/488574322_10162715090130498_4152680883469981394_n.jpg\" class=\"attachment-medium_large size-medium_large\" alt=\"\" srcset=\"https:\/\/hoyre.no\/content\/uploads\/sites\/181\/2026\/03\/488574322_10162715090130498_4152680883469981394_n.jpg 640w, https:\/\/hoyre.no\/content\/uploads\/sites\/181\/2026\/03\/488574322_10162715090130498_4152680883469981394_n-300x225.jpg 300w\" sizes=\"auto, (max-width: 640px) 100vw, 640px\" \/>\t\t<\/div>\n\t\t\n\t\t\t<div class=\"teft-card__content-wrapper\">\n\t\t\t\t<div class=\"teft-card__secondary\">\n\t\t\t\t\t\n\t\t\t\t\t\t\t\t<div class=\"teft-card__meta\">\n\t\t\t\t\t\t\t\t\t<span class=\"post-date\">18. mar 2026<\/span>\n\n\t\t\t\t\t\t\t\t\t\t\t\t\t\t\t\t\t<\/div>\n\t\t\t\t\t\t\t\t\t\t\t<\/div>\n\n\t\t\t\t<div class=\"teft-card__primary\">\n\t\t\t\t\t<h2 class=\"teft-card__title\">Lier H\u00f8yres Nominasjons-prosess og datoplan for kommunevalget 2027&nbsp;<span class=\"teft-card__primary-title-append\"><\/span><\/h2>\t\t\t\t<\/div>\n\t\t\t<\/div>\n\t\t<\/a>\n\t<\/div>\n\n\t<\/div><div class=\"is-card-hoyre\">\n\t<div class=\"teft-card hoyre-teft-card post-teft-card\">\n\t\t<a href=\"https:\/\/hoyre.no\/lier\/aktuelt\/bli-h-partner\/\" class=\"teft-card__primary-action\">\n\n\t\t\t\t\t<div class=\"teft-card__media teft-card__media--16-9\">\n\t\t\t\t\t\t<img loading=\"lazy\" decoding=\"async\" width=\"768\" height=\"469\" src=\"https:\/\/hoyre.no\/content\/uploads\/sites\/181\/2025\/03\/H-partner-768x469.png\" class=\"attachment-medium_large size-medium_large\" alt=\"\" srcset=\"https:\/\/hoyre.no\/content\/uploads\/sites\/181\/2025\/03\/H-partner-768x469.png 768w, https:\/\/hoyre.no\/content\/uploads\/sites\/181\/2025\/03\/H-partner-300x183.png 300w, https:\/\/hoyre.no\/content\/uploads\/sites\/181\/2025\/03\/H-partner-1024x625.png 1024w, https:\/\/hoyre.no\/content\/uploads\/sites\/181\/2025\/03\/H-partner-1536x938.png 1536w, https:\/\/hoyre.no\/content\/uploads\/sites\/181\/2025\/03\/H-partner-2048x1251.png 2048w\" sizes=\"auto, (max-width: 768px) 100vw, 768px\" \/>\t\t<\/div>\n\t\t\n\t\t\t<div class=\"teft-card__content-wrapper\">\n\t\t\t\t<div class=\"teft-card__secondary\">\n\t\t\t\t\t\n\t\t\t\t\t\t\t\t<div class=\"teft-card__meta\">\n\t\t\t\t\t\t\t\t\t<span class=\"post-date\">6. mar 2025<\/span>\n\n\t\t\t\t\t\t\t\t\t\t\t\t\t\t\t\t\t<\/div>\n\t\t\t\t\t\t\t\t\t\t\t<\/div>\n\n\t\t\t\t<div class=\"teft-card__primary\">\n\t\t\t\t\t<h2 class=\"teft-card__title\">Bli H-partner&nbsp;<span class=\"teft-card__primary-title-append\"><\/span><\/h2>\t\t\t\t<\/div>\n\t\t\t<\/div>\n\t\t<\/a>\n\t<\/div>\n\n\t<\/div><\/div>\t<\/div>\n<\/div>\n","protected":false},"excerpt":{"rendered":"","protected":false},"author":0,"featured_media":0,"comment_status":"closed","ping_status":"closed","sticky":false,"template":"","format":"standard","meta":{"teft_cards_image_url":"https:\/\/hoyre.no\/content\/uploads\/sites\/181\/2020\/11\/gunn_cecilie_med_syk.png","teft_cards_custom_pretitle":"","teft_cards_image_id":13,"teft_cards_image_focal_point_x":0,"teft_cards_image_focal_point_y":0,"teft_cards_title":"","teft_cards_excerpt":"","teft_show_chapters":false,"author_display_name":"Lier H\u00f8yre","footnotes":""},"category":[1],"post_tag":[],"hoyre-visibility":[],"article-type":[],"politician":[],"class_list":["post-14","post","type-post","status-publish","format-standard","hentry","category-ukategorisert"],"yoast_head":"<!-- This site is optimized with the Yoast SEO plugin v26.6 - https:\/\/yoast.com\/wordpress\/plugins\/seo\/ -->\n<title>Hjertesaker - Lier H\u00f8yre<\/title>\n<meta name=\"robots\" content=\"index, follow, max-snippet:-1, max-image-preview:large, max-video-preview:-1\" \/>\n<link rel=\"canonical\" href=\"https:\/\/hoyre.no\/lier\/aktuelt\/hjertesaker_1\/\" \/>\n<meta property=\"og:locale\" content=\"nb_NO\" \/>\n<meta property=\"og:type\" content=\"article\" \/>\n<meta property=\"og:title\" content=\"Hjertesaker - Lier H\u00f8yre\" \/>\n<meta property=\"og:url\" content=\"https:\/\/hoyre.no\/lier\/aktuelt\/hjertesaker_1\/\" \/>\n<meta property=\"og:site_name\" content=\"Lier H\u00f8yre\" \/>\n<meta property=\"article:published_time\" content=\"2019-05-29T20:00:00+00:00\" \/>\n<meta property=\"og:image\" content=\"https:\/\/hoyre.no\/content\/uploads\/sites\/181\/2025\/03\/H-partner-1024x625.png\" \/>\n<meta name=\"twitter:card\" content=\"summary_large_image\" \/>\n<meta name=\"twitter:label1\" content=\"Ansl. lesetid\" \/>\n\t<meta name=\"twitter:data1\" content=\"3 minutter\" \/>\n<script type=\"application\/ld+json\" class=\"yoast-schema-graph\">{\"@context\":\"https:\/\/schema.org\",\"@graph\":[{\"@type\":\"NewsArticle\",\"@id\":\"https:\/\/hoyre.no\/lier\/aktuelt\/hjertesaker_1\/\",\"url\":\"https:\/\/hoyre.no\/lier\/aktuelt\/hjertesaker_1\/\",\"name\":\"Hjertesaker - Lier H\u00f8yre\",\"isPartOf\":{\"@id\":\"https:\/\/hoyre.no\/lier\/#website\"},\"datePublished\":\"2019-05-29T20:00:00+00:00\",\"author\":{\"@id\":\"\"},\"breadcrumb\":{\"@id\":\"https:\/\/hoyre.no\/lier\/aktuelt\/hjertesaker_1\/#breadcrumb\"},\"inLanguage\":\"nb-NO\",\"potentialAction\":[{\"@type\":\"ReadAction\",\"target\":[\"https:\/\/hoyre.no\/lier\/aktuelt\/hjertesaker_1\/\"]}]},{\"@type\":\"BreadcrumbList\",\"@id\":\"https:\/\/hoyre.no\/lier\/aktuelt\/hjertesaker_1\/#breadcrumb\",\"itemListElement\":[{\"@type\":\"ListItem\",\"position\":1,\"name\":\"Til hoyre.no\",\"item\":\"https:\/\/hoyre.no\"},{\"@type\":\"ListItem\",\"position\":2,\"name\":\"Hjem\",\"item\":\"https:\/\/hoyre.no\/lier\/\"},{\"@type\":\"ListItem\",\"position\":3,\"name\":\"Hjertesaker\"}]},{\"@type\":\"WebSite\",\"@id\":\"https:\/\/hoyre.no\/lier\/#website\",\"url\":\"https:\/\/hoyre.no\/lier\/\",\"name\":\"Lier H\u00f8yre\",\"description\":\"Bare enda et H\u00f8yres nettsteder-nettsted\",\"inLanguage\":\"nb-NO\"}]}<\/script>\n<!-- \/ Yoast SEO plugin. -->","yoast_head_json":{"title":"Hjertesaker - Lier H\u00f8yre","robots":{"index":"index","follow":"follow","max-snippet":"max-snippet:-1","max-image-preview":"max-image-preview:large","max-video-preview":"max-video-preview:-1"},"canonical":"https:\/\/hoyre.no\/lier\/aktuelt\/hjertesaker_1\/","og_locale":"nb_NO","og_type":"article","og_title":"Hjertesaker - Lier H\u00f8yre","og_url":"https:\/\/hoyre.no\/lier\/aktuelt\/hjertesaker_1\/","og_site_name":"Lier H\u00f8yre","article_published_time":"2019-05-29T20:00:00+00:00","og_image":[{"url":"https:\/\/hoyre.no\/content\/uploads\/sites\/181\/2025\/03\/H-partner-1024x625.png","width":"","height":"","type":""}],"twitter_card":"summary_large_image","twitter_misc":{"Ansl. lesetid":"3 minutter"},"schema":{"@context":"https:\/\/schema.org","@graph":[{"@type":"NewsArticle","@id":"https:\/\/hoyre.no\/lier\/aktuelt\/hjertesaker_1\/","url":"https:\/\/hoyre.no\/lier\/aktuelt\/hjertesaker_1\/","name":"Hjertesaker - Lier H\u00f8yre","isPartOf":{"@id":"https:\/\/hoyre.no\/lier\/#website"},"datePublished":"2019-05-29T20:00:00+00:00","author":{"@id":""},"breadcrumb":{"@id":"https:\/\/hoyre.no\/lier\/aktuelt\/hjertesaker_1\/#breadcrumb"},"inLanguage":"nb-NO","potentialAction":[{"@type":"ReadAction","target":["https:\/\/hoyre.no\/lier\/aktuelt\/hjertesaker_1\/"]}]},{"@type":"BreadcrumbList","@id":"https:\/\/hoyre.no\/lier\/aktuelt\/hjertesaker_1\/#breadcrumb","itemListElement":[{"@type":"ListItem","position":1,"name":"Til hoyre.no","item":"https:\/\/hoyre.no"},{"@type":"ListItem","position":2,"name":"Hjem","item":"https:\/\/hoyre.no\/lier\/"},{"@type":"ListItem","position":3,"name":"Hjertesaker"}]},{"@type":"WebSite","@id":"https:\/\/hoyre.no\/lier\/#website","url":"https:\/\/hoyre.no\/lier\/","name":"Lier H\u00f8yre","description":"Bare enda et H\u00f8yres nettsteder-nettsted","inLanguage":"nb-NO"}]}},"distributor_meta":false,"distributor_terms":false,"distributor_media":false,"distributor_original_site_name":"Lier H\u00f8yre","distributor_original_site_url":"https:\/\/hoyre.no\/lier","push-errors":false,"_links":{"self":[{"href":"https:\/\/hoyre.no\/lier\/wp-json\/wp\/v2\/posts\/14","targetHints":{"allow":["GET"]}}],"collection":[{"href":"https:\/\/hoyre.no\/lier\/wp-json\/wp\/v2\/posts"}],"about":[{"href":"https:\/\/hoyre.no\/lier\/wp-json\/wp\/v2\/types\/post"}],"replies":[{"embeddable":true,"href":"https:\/\/hoyre.no\/lier\/wp-json\/wp\/v2\/comments?post=14"}],"version-history":[{"count":0,"href":"https:\/\/hoyre.no\/lier\/wp-json\/wp\/v2\/posts\/14\/revisions"}],"wp:attachment":[{"href":"https:\/\/hoyre.no\/lier\/wp-json\/wp\/v2\/media?parent=14"}],"wp:term":[{"taxonomy":"category","embeddable":true,"href":"https:\/\/hoyre.no\/lier\/wp-json\/wp\/v2\/category?post=14"},{"taxonomy":"post_tag","embeddable":true,"href":"https:\/\/hoyre.no\/lier\/wp-json\/wp\/v2\/post_tag?post=14"},{"taxonomy":"hoyre-visibility","embeddable":true,"href":"https:\/\/hoyre.no\/lier\/wp-json\/wp\/v2\/hoyre-visibility?post=14"},{"taxonomy":"article-type","embeddable":true,"href":"https:\/\/hoyre.no\/lier\/wp-json\/wp\/v2\/article-type?post=14"},{"taxonomy":"politician","embeddable":true,"href":"https:\/\/hoyre.no\/lier\/wp-json\/wp\/v2\/politician?post=14"}],"curies":[{"name":"wp","href":"https:\/\/api.w.org\/{rel}","templated":true}]}}