{"id":142,"date":"2022-08-05T21:15:07","date_gmt":"2022-08-05T19:15:07","guid":{"rendered":"https:\/\/hoyre.no\/lier\/?p=142"},"modified":"2022-09-16T08:23:55","modified_gmt":"2022-09-16T06:23:55","slug":"kjetil-kivle-lier-hoyres-ordforerkandidat-til-kommunevalget-2023","status":"publish","type":"post","link":"https:\/\/hoyre.no\/lier\/aktuelt\/kjetil-kivle-lier-hoyres-ordforerkandidat-til-kommunevalget-2023\/","title":{"rendered":"Kjetil Kivle Lier H\u00f8yres ordf\u00f8rerkandidat til kommunevalget 2023"},"content":{"rendered":"\n<p class=\"preamble\">42 \u00e5r, lege(kirurg) p\u00e5 Rikshospitalet. Opprinnelig fra Arendal, men bosatt p\u00e5 Nordal siden 2016. Gift og to barn. Medlem av Lier H\u00f8yre siden 2018.<\/p>\t\t\t<div class=\"post-meta wp-block teft-byline-wrapper\">\n\t\t\t\t<div class=\"top\">\n\t\t\t\t\t<div class=\"signature\">\n\t\t\t\t\t\t<div class=\"teft-byline\">\n\t\t\t\t\t\t\t\t\t\t\t\t\t\t<div>\n\t\t\t\t\t\t\t\t<h3>H\u00f8yres redaksjon<\/h3>\t\t\t\t\t\t\t\t\n\t\t\t\t\t\t\t\t\t\t\t\t\t\t\t\t\t<span class=\"date\">Sist oppdatert: 16. september 2022<\/span>\n\t\t\t\t\t\t\t\t\t\t\t\t\t\t\t\t\t\t\t\t\t\t\t\t\t<span class=\"reading-time\" itemprop=\"timeRequired\" content=\"PT3M\"><em>Ca. 3 minutter lesetid<\/em><\/span>\n\t\t\t\t\t\t\t\t\t\t\t\t\t\t\t<\/div>\n\t\t\t\t\t\t<\/div>\n\t\t\t\t\t<\/div>\n\t\t\t\t\t\t<div class=\"sharing\">\n\t\t<a class=\"share-button share-link copy-link\" data-copy=\"https:\/\/hoyre.no\/lier\/aktuelt\/kjetil-kivle-lier-hoyres-ordforerkandidat-til-kommunevalget-2023\/\" target=\"_blank\"><span class=\"screen-reader-text\">Del link<\/span><\/a>\n\t\t<a class=\"share-button share-twitter\" href=\"http:\/\/twitter.com\/share?text=Kjetil Kivle Lier H\u00f8yres ordf\u00f8rerkandidat til kommunevalget 2023&#038;url=https:\/\/hoyre.no\/lier\/aktuelt\/kjetil-kivle-lier-hoyres-ordforerkandidat-til-kommunevalget-2023\/&#038;hashtags=Hoyre\" target=\"_blank\"><span class=\"screen-reader-text\">Del p\u00e5 twitter<\/span><\/a>\n\t\t<a class=\"share-button share-facebook\" href=\"https:\/\/www.facebook.com\/sharer\/sharer.php?u=https:\/\/hoyre.no\/lier\/aktuelt\/kjetil-kivle-lier-hoyres-ordforerkandidat-til-kommunevalget-2023\/\" target=\"_blank\"><span class=\"screen-reader-text\">Del p\u00e5 facebook<\/span><\/a>\n\t<\/div>\n\t\t\t\t\t<\/div>\n\t\t\t<\/div>\n\n\t\t\t<figure class=\"hoyre-image-wrapper\"><div class=\"hoyre-image\"><img loading=\"lazy\" decoding=\"async\" width=\"2048\" height=\"1581\" src=\"https:\/\/hoyre.no\/content\/uploads\/sites\/181\/2022\/08\/Erna-og-Kjetil.jpg\" class=\"attachment-scaled size-scaled\" alt=\"\" style=\"object-position: 50% 50%\" srcset=\"https:\/\/hoyre.no\/content\/uploads\/sites\/181\/2022\/08\/Erna-og-Kjetil.jpg 2048w, https:\/\/hoyre.no\/content\/uploads\/sites\/181\/2022\/08\/Erna-og-Kjetil-300x232.jpg 300w, https:\/\/hoyre.no\/content\/uploads\/sites\/181\/2022\/08\/Erna-og-Kjetil-1024x791.jpg 1024w, https:\/\/hoyre.no\/content\/uploads\/sites\/181\/2022\/08\/Erna-og-Kjetil-768x593.jpg 768w, https:\/\/hoyre.no\/content\/uploads\/sites\/181\/2022\/08\/Erna-og-Kjetil-1536x1186.jpg 1536w\" sizes=\"auto, (max-width: 2048px) 100vw, 2048px\" \/><\/div><figcaption class=\"caption\">Kjetil Kivle m\u00f8tte Erna Solberg p\u00e5 Liertoppen i forbindelse med hennes rundreise i Norge til flere lokallag. Foto: Mathias Hanssen (H\u00f8yre) og P\u00e5l A. N\u00e6ss (Lierposten)<\/figcaption><\/figure>\n\n\n\n\n<p>Lier H\u00f8yre er veldig glad for at Kjetil Kivle har takket ja til \u00e5 v\u00e6re Lier H\u00f8yres ordf\u00f8rerkandidat. Kjetil sto p\u00e5 listen ved siste lokalvalg. Han endte p\u00e5 varaplass for utvalget for milj\u00f8 og plan og vara til kommunestyret. Kjetil satt ogs\u00e5 i Buskerud H\u00f8yres nominasjonskomite ved siste stortingsvalg. <\/p>\n\n\n\n<p>Kjetil er en samfunnsengasjert person som har skrevet flere avisinnlegg i lokal og nasjonal presse. I tillegg er han omgjengelig, dyktig og har godt hum\u00f8r. En perfekt match som ordf\u00f8rerkandidat!<\/p>\n\n\n\n<p>Her er hans egen presentasjon av seg selv f\u00f8r lokalvalget i 2019. <\/p>\n\n\n\n<p>PRESENTASJON AV KANDIDAT TIL KOMMUNESTYRET I LIER <a href=\"https:\/\/www.facebook.com\/kjetil.kivle?__cft__[0]=AZVodw2ODBVpKxb2qVwVKgz551XVbVqrPerMsLV2r0YBtwQS8F0mf_j1wothAGBKuCh3J3ratSuBwQttb9_vbaLQi-pBC2GJ-iaXGwVgIK5GxyKuGnJz0d1GFkhpXRCGjj4&amp;__tn__=-]K-R\">Kjetil Kivle<\/a><\/p>\n\n\n\n<p>Jeg tror p\u00e5 et samfunn som utvikler seg gjennom medvirkning av alle parter i samfunnet, hvor liberale verdier som frihet for enkeltindividet kombineres med de grunnleggende kristen-humanistiske verdiene som samfunnet v\u00e5rt er bygget p\u00e5<\/p>\n\n\n\n<p>\u2013 OG DA ER PARTIET FOR MEG H\u00d8YRE. <\/p>\n\n\n\n<p>Jeg tror p\u00e5 en velferdsstat hvor alle som kan forventes \u00e5 yte yter, og hvor vi m\u00e5 skape f\u00f8r vi kan fordele, men jeg tror ogs\u00e5 p\u00e5 en velferdsstat som sikrer alle som faller utenfor <\/p>\n\n\n\n<p>\u2013 OG DA ER PARTIET FOR MEG H\u00d8YRE. <\/p>\n\n\n\n<p>Jeg tror p\u00e5 en \u00e5pen og fri markeds\u00f8konomi hvor forholdene legges godt til rette for n\u00e6ringslivet, og hvor private og ideelle akt\u00f8rer har en naturlig plass i velferdsstaten, men jeg tror ogs\u00e5 p\u00e5 en stat som sikrer hele befolkningen likeverdig tilgang til gode skole- og helsetjenester <\/p>\n\n\n\n<p>\u2013 OG DA ER PARTIET FOR MEG H\u00d8YRE<\/p>\n\n\n\n<p>Disse eksemplene kan virke som floskler, men er alle grunnleggende verdier som ogs\u00e5 m\u00e5 farge lokalpolitikken v\u00e5r i Lier. H\u00f8yre er et parti hvor forskningsresultater og klare anbefalinger fra fagfolk kan g\u00e5 foran ideologi. H\u00f8yre er et raust parti med stor takh\u00f8yde som har stor evne til \u00e5 balansere verdier, og dermed se begge sider av en sak. Aasmund Olavsson Vinje kalte dette tvisyn, og for meg var dette avgj\u00f8rende da jeg valgte H\u00f8yre. Min hverdag er fylt av jobb som lege ved Rikshospitalet, et aktivt familieliv med to barn i 4. og 7. klasse, og n\u00e5r s\u00f8rlendingen i meg v\u00e5kner f\u00e5r jeg hvilepuls av b\u00e5tliv p\u00e5 S\u00f8rlandet mellom holmer og skj\u00e6r<\/p>\n\n\n\n<figure class=\"wp-block-image size-full\"><img loading=\"lazy\" decoding=\"async\" width=\"720\" height=\"540\" src=\"https:\/\/hoyre.no\/content\/uploads\/sites\/181\/2022\/08\/valgkamp-2021-med-Kjetil-Kivle.jpg\" alt=\"\" class=\"wp-image-145\" srcset=\"https:\/\/hoyre.no\/content\/uploads\/sites\/181\/2022\/08\/valgkamp-2021-med-Kjetil-Kivle.jpg 720w, https:\/\/hoyre.no\/content\/uploads\/sites\/181\/2022\/08\/valgkamp-2021-med-Kjetil-Kivle-300x225.jpg 300w\" sizes=\"auto, (max-width: 720px) 100vw, 720px\" \/><figcaption>Valgkamp 2021 fv. Gunn Cecilie Ringdal (Ordf\u00f8rer), Frode Sundseth(Leder Lier H\u00f8yre) og Kjetil Kivle (Ordf\u00f8rerkandidat til lokalvalget 2023)<\/figcaption><\/figure>\n\n\n\n<figure class=\"wp-block-image size-large\"><img loading=\"lazy\" decoding=\"async\" width=\"1024\" height=\"662\" src=\"https:\/\/hoyre.no\/content\/uploads\/sites\/181\/2022\/08\/Avisaretikkel-av-Kjetil-Kivle-1024x662.jpg\" alt=\"\" class=\"wp-image-146\" srcset=\"https:\/\/hoyre.no\/content\/uploads\/sites\/181\/2022\/08\/Avisaretikkel-av-Kjetil-Kivle-1024x662.jpg 1024w, https:\/\/hoyre.no\/content\/uploads\/sites\/181\/2022\/08\/Avisaretikkel-av-Kjetil-Kivle-300x194.jpg 300w, https:\/\/hoyre.no\/content\/uploads\/sites\/181\/2022\/08\/Avisaretikkel-av-Kjetil-Kivle-768x496.jpg 768w, https:\/\/hoyre.no\/content\/uploads\/sites\/181\/2022\/08\/Avisaretikkel-av-Kjetil-Kivle-1536x992.jpg 1536w, https:\/\/hoyre.no\/content\/uploads\/sites\/181\/2022\/08\/Avisaretikkel-av-Kjetil-Kivle.jpg 2048w\" sizes=\"auto, (max-width: 1024px) 100vw, 1024px\" \/><figcaption>Leserinnlegg av Kjetil Kivle i Dagsavisen. <\/figcaption><\/figure>\n\n\n\t\t\t<div class=\"wp-block-hoyre-list alignfull has-background\">\n\t\t\t\t<div class=\"block-inner\">\n\t\t\t\t\t\t<div class=\"post-wrap links-wrapper-outer\">\n\t\t<h2 class=\"title anchor-title\">Aktuelt<\/h2>\t\t<div class=\"link-list-inner\">\n\t\t\t\n\n<div class=\"wp-block-button\"><a class=\"wp-block-button__link\" href=\"https:\/\/www.lierposten.no\/de-forste-rad-fra-partilederen-det-nytter-ikke-a-vare-blyg\/s\/5-65-231688\" target=\"_blank\" rel=\"noreferrer noopener\">Kjetil Kivle m\u00f8ter Erna<\/a><\/div>\n\n\n\n<div class=\"wp-block-button is-style-fill\"><a class=\"wp-block-button__link\" href=\"https:\/\/www.lierposten.no\/norge-og-lier-har-vart-oppe-til-eksamen-i-pandemi-og-vi-har-bestatt-med-glans\/o\/5-65-198498\" target=\"_blank\" rel=\"noreferrer noopener\">Leserinnlegg Pandemien<\/a><\/div>\n\n\n\n<div class=\"wp-block-button is-style-fill\"><a class=\"wp-block-button__link\" href=\"https:\/\/www.lierposten.no\/na-er-arvtakeren-klar-den-hadde-du-ikke-sett-komme\/s\/5-65-228621\" target=\"_blank\" rel=\"noreferrer noopener\">Ordf\u00f8rerkandidaten er klar<\/a><\/div>\n\n\t\t<\/div>\n\t<\/div>\n\t\t\t\t\t<\/div>\n\t\t\t<\/div>\n\t\t\t\n\n<div class=\"tags\">\n\t<\/div>\n<div class=\"post-footer alignfull has-background block-editor-block-list__block\" data-align=full>\n\t<div class=\"post-footer-inner\">\n\t\t<h3>Relaterte artikler<\/h3>\n\t\t<div class=\"related-content\"><div class=\"is-card-hoyre\">\n\t<div class=\"teft-card hoyre-teft-card post-teft-card\">\n\t\t<a href=\"https:\/\/hoyre.no\/lier\/aktuelt\/hvem-skal-representere-lier-hoyre-i-kommunestyret-2027-2031\/\" class=\"teft-card__primary-action\">\n\n\t\t\t\t\t<div class=\"teft-card__media teft-card__media--16-9\">\n\t\t\t\t\t\t<img loading=\"lazy\" decoding=\"async\" width=\"768\" height=\"576\" src=\"https:\/\/hoyre.no\/content\/uploads\/sites\/181\/2023\/09\/Synnove-1-768x576.jpg\" class=\"attachment-medium_large size-medium_large\" alt=\"\" srcset=\"https:\/\/hoyre.no\/content\/uploads\/sites\/181\/2023\/09\/Synnove-1-768x576.jpg 768w, https:\/\/hoyre.no\/content\/uploads\/sites\/181\/2023\/09\/Synnove-1-300x225.jpg 300w, https:\/\/hoyre.no\/content\/uploads\/sites\/181\/2023\/09\/Synnove-1-1024x768.jpg 1024w, https:\/\/hoyre.no\/content\/uploads\/sites\/181\/2023\/09\/Synnove-1-1536x1152.jpg 1536w, https:\/\/hoyre.no\/content\/uploads\/sites\/181\/2023\/09\/Synnove-1.jpg 1739w\" sizes=\"auto, (max-width: 768px) 100vw, 768px\" \/>\t\t<\/div>\n\t\t\n\t\t\t<div class=\"teft-card__content-wrapper\">\n\t\t\t\t<div class=\"teft-card__secondary\">\n\t\t\t\t\t\n\t\t\t\t\t\t\t\t<div class=\"teft-card__meta\">\n\t\t\t\t\t\t\t\t\t<span class=\"post-date\">18. mar 2026<\/span>\n\n\t\t\t\t\t\t\t\t\t\t\t\t\t\t\t\t\t<\/div>\n\t\t\t\t\t\t\t\t\t\t\t<\/div>\n\n\t\t\t\t<div class=\"teft-card__primary\">\n\t\t\t\t\t<h2 class=\"teft-card__title\">Hvem skal representere Lier H\u00f8yre i kommunestyret\u00a0 2027-2031?&nbsp;<span class=\"teft-card__primary-title-append\"><\/span><\/h2>\t\t\t\t<\/div>\n\t\t\t<\/div>\n\t\t<\/a>\n\t<\/div>\n\n\t<\/div><div class=\"is-card-hoyre\">\n\t<div class=\"teft-card hoyre-teft-card post-teft-card\">\n\t\t<a href=\"https:\/\/hoyre.no\/lier\/aktuelt\/lier-hoyres-nominasjons-prosess-og-datoplan-kommunevalget-2027\/\" class=\"teft-card__primary-action\">\n\n\t\t\t\t\t<div class=\"teft-card__media teft-card__media--16-9\">\n\t\t\t\t\t\t<img loading=\"lazy\" decoding=\"async\" width=\"640\" height=\"480\" src=\"https:\/\/hoyre.no\/content\/uploads\/sites\/181\/2026\/03\/488574322_10162715090130498_4152680883469981394_n.jpg\" class=\"attachment-medium_large size-medium_large\" alt=\"\" srcset=\"https:\/\/hoyre.no\/content\/uploads\/sites\/181\/2026\/03\/488574322_10162715090130498_4152680883469981394_n.jpg 640w, https:\/\/hoyre.no\/content\/uploads\/sites\/181\/2026\/03\/488574322_10162715090130498_4152680883469981394_n-300x225.jpg 300w\" sizes=\"auto, (max-width: 640px) 100vw, 640px\" \/>\t\t<\/div>\n\t\t\n\t\t\t<div class=\"teft-card__content-wrapper\">\n\t\t\t\t<div class=\"teft-card__secondary\">\n\t\t\t\t\t\n\t\t\t\t\t\t\t\t<div class=\"teft-card__meta\">\n\t\t\t\t\t\t\t\t\t<span class=\"post-date\">18. mar 2026<\/span>\n\n\t\t\t\t\t\t\t\t\t\t\t\t\t\t\t\t\t<\/div>\n\t\t\t\t\t\t\t\t\t\t\t<\/div>\n\n\t\t\t\t<div class=\"teft-card__primary\">\n\t\t\t\t\t<h2 class=\"teft-card__title\">Lier H\u00f8yres Nominasjons-prosess og datoplan for kommunevalget 2027&nbsp;<span class=\"teft-card__primary-title-append\"><\/span><\/h2>\t\t\t\t<\/div>\n\t\t\t<\/div>\n\t\t<\/a>\n\t<\/div>\n\n\t<\/div><div class=\"is-card-hoyre\">\n\t<div class=\"teft-card hoyre-teft-card post-teft-card\">\n\t\t<a href=\"https:\/\/hoyre.no\/lier\/aktuelt\/bli-h-partner\/\" class=\"teft-card__primary-action\">\n\n\t\t\t\t\t<div class=\"teft-card__media teft-card__media--16-9\">\n\t\t\t\t\t\t<img loading=\"lazy\" decoding=\"async\" width=\"768\" height=\"469\" src=\"https:\/\/hoyre.no\/content\/uploads\/sites\/181\/2025\/03\/H-partner-768x469.png\" class=\"attachment-medium_large size-medium_large\" alt=\"\" srcset=\"https:\/\/hoyre.no\/content\/uploads\/sites\/181\/2025\/03\/H-partner-768x469.png 768w, https:\/\/hoyre.no\/content\/uploads\/sites\/181\/2025\/03\/H-partner-300x183.png 300w, https:\/\/hoyre.no\/content\/uploads\/sites\/181\/2025\/03\/H-partner-1024x625.png 1024w, https:\/\/hoyre.no\/content\/uploads\/sites\/181\/2025\/03\/H-partner-1536x938.png 1536w, https:\/\/hoyre.no\/content\/uploads\/sites\/181\/2025\/03\/H-partner-2048x1251.png 2048w\" sizes=\"auto, (max-width: 768px) 100vw, 768px\" \/>\t\t<\/div>\n\t\t\n\t\t\t<div class=\"teft-card__content-wrapper\">\n\t\t\t\t<div class=\"teft-card__secondary\">\n\t\t\t\t\t\n\t\t\t\t\t\t\t\t<div class=\"teft-card__meta\">\n\t\t\t\t\t\t\t\t\t<span class=\"post-date\">6. mar 2025<\/span>\n\n\t\t\t\t\t\t\t\t\t\t\t\t\t\t\t\t\t<\/div>\n\t\t\t\t\t\t\t\t\t\t\t<\/div>\n\n\t\t\t\t<div class=\"teft-card__primary\">\n\t\t\t\t\t<h2 class=\"teft-card__title\">Bli H-partner&nbsp;<span class=\"teft-card__primary-title-append\"><\/span><\/h2>\t\t\t\t<\/div>\n\t\t\t<\/div>\n\t\t<\/a>\n\t<\/div>\n\n\t<\/div><\/div>\t<\/div>\n<\/div>\n","protected":false},"excerpt":{"rendered":"","protected":false},"author":25077,"featured_media":0,"comment_status":"closed","ping_status":"closed","sticky":false,"template":"","format":"standard","meta":{"teft_cards_image_url":"","teft_cards_custom_pretitle":"","teft_cards_image_id":133,"teft_cards_image_focal_point_x":0.42,"teft_cards_image_focal_point_y":0.44,"teft_cards_title":"","teft_cards_excerpt":"","teft_show_chapters":false,"author_display_name":"","footnotes":""},"category":[1],"post_tag":[],"hoyre-visibility":[],"article-type":[],"politician":[],"class_list":["post-142","post","type-post","status-publish","format-standard","hentry","category-ukategorisert"],"yoast_head":"<!-- This site is optimized with the Yoast SEO plugin v26.6 - https:\/\/yoast.com\/wordpress\/plugins\/seo\/ -->\n<title>Kjetil Kivle Lier H\u00f8yres ordf\u00f8rerkandidat til kommunevalget 2023 - Lier H\u00f8yre<\/title>\n<meta name=\"robots\" content=\"index, follow, max-snippet:-1, max-image-preview:large, max-video-preview:-1\" \/>\n<link rel=\"canonical\" href=\"https:\/\/hoyre.no\/lier\/aktuelt\/kjetil-kivle-lier-hoyres-ordforerkandidat-til-kommunevalget-2023\/\" \/>\n<meta property=\"og:locale\" content=\"nb_NO\" \/>\n<meta property=\"og:type\" content=\"article\" \/>\n<meta property=\"og:title\" content=\"Kjetil Kivle Lier H\u00f8yres ordf\u00f8rerkandidat til kommunevalget 2023 - Lier H\u00f8yre\" \/>\n<meta property=\"og:url\" content=\"https:\/\/hoyre.no\/lier\/aktuelt\/kjetil-kivle-lier-hoyres-ordforerkandidat-til-kommunevalget-2023\/\" \/>\n<meta property=\"og:site_name\" content=\"Lier H\u00f8yre\" \/>\n<meta property=\"article:published_time\" content=\"2022-08-05T19:15:07+00:00\" \/>\n<meta property=\"article:modified_time\" content=\"2022-09-16T06:23:55+00:00\" \/>\n<meta property=\"og:image\" content=\"https:\/\/hoyre.no\/content\/uploads\/sites\/181\/2025\/03\/H-partner-1024x625.png\" \/>\n<meta name=\"author\" content=\"Jan Erik Alverdus Berg\" \/>\n<meta name=\"twitter:card\" content=\"summary_large_image\" \/>\n<meta name=\"twitter:label1\" content=\"Skrevet av\" \/>\n\t<meta name=\"twitter:data1\" content=\"Jan Erik Alverdus Berg\" \/>\n\t<meta name=\"twitter:label2\" content=\"Ansl. lesetid\" \/>\n\t<meta name=\"twitter:data2\" content=\"3 minutter\" \/>\n<script type=\"application\/ld+json\" class=\"yoast-schema-graph\">{\"@context\":\"https:\/\/schema.org\",\"@graph\":[{\"@type\":\"NewsArticle\",\"@id\":\"https:\/\/hoyre.no\/lier\/aktuelt\/kjetil-kivle-lier-hoyres-ordforerkandidat-til-kommunevalget-2023\/\",\"url\":\"https:\/\/hoyre.no\/lier\/aktuelt\/kjetil-kivle-lier-hoyres-ordforerkandidat-til-kommunevalget-2023\/\",\"name\":\"Kjetil Kivle Lier H\u00f8yres ordf\u00f8rerkandidat til kommunevalget 2023 - Lier H\u00f8yre\",\"isPartOf\":{\"@id\":\"https:\/\/hoyre.no\/lier\/#website\"},\"image\":{\"@id\":\"https:\/\/hoyre.no\/lier\/aktuelt\/kjetil-kivle-lier-hoyres-ordforerkandidat-til-kommunevalget-2023\/#primaryimage\"},\"thumbnailUrl\":\"https:\/\/hoyre.no\/content\/uploads\/sites\/181\/2022\/08\/valgkamp-2021-med-Kjetil-Kivle.jpg\",\"datePublished\":\"2022-08-05T19:15:07+00:00\",\"dateModified\":\"2022-09-16T06:23:55+00:00\",\"author\":{\"@id\":\"https:\/\/hoyre.no\/lier\/#\/schema\/person\/be706fc8eeb6e58c69020fd0983cbf12\"},\"breadcrumb\":{\"@id\":\"https:\/\/hoyre.no\/lier\/aktuelt\/kjetil-kivle-lier-hoyres-ordforerkandidat-til-kommunevalget-2023\/#breadcrumb\"},\"inLanguage\":\"nb-NO\",\"potentialAction\":[{\"@type\":\"ReadAction\",\"target\":[\"https:\/\/hoyre.no\/lier\/aktuelt\/kjetil-kivle-lier-hoyres-ordforerkandidat-til-kommunevalget-2023\/\"]}]},{\"@type\":\"ImageObject\",\"inLanguage\":\"nb-NO\",\"@id\":\"https:\/\/hoyre.no\/lier\/aktuelt\/kjetil-kivle-lier-hoyres-ordforerkandidat-til-kommunevalget-2023\/#primaryimage\",\"url\":\"https:\/\/hoyre.no\/content\/uploads\/sites\/181\/2022\/08\/valgkamp-2021-med-Kjetil-Kivle.jpg\",\"contentUrl\":\"https:\/\/hoyre.no\/content\/uploads\/sites\/181\/2022\/08\/valgkamp-2021-med-Kjetil-Kivle.jpg\"},{\"@type\":\"BreadcrumbList\",\"@id\":\"https:\/\/hoyre.no\/lier\/aktuelt\/kjetil-kivle-lier-hoyres-ordforerkandidat-til-kommunevalget-2023\/#breadcrumb\",\"itemListElement\":[{\"@type\":\"ListItem\",\"position\":1,\"name\":\"Til hoyre.no\",\"item\":\"https:\/\/hoyre.no\"},{\"@type\":\"ListItem\",\"position\":2,\"name\":\"Hjem\",\"item\":\"https:\/\/hoyre.no\/lier\/\"},{\"@type\":\"ListItem\",\"position\":3,\"name\":\"Kjetil Kivle Lier H\u00f8yres ordf\u00f8rerkandidat til kommunevalget 2023\"}]},{\"@type\":\"WebSite\",\"@id\":\"https:\/\/hoyre.no\/lier\/#website\",\"url\":\"https:\/\/hoyre.no\/lier\/\",\"name\":\"Lier H\u00f8yre\",\"description\":\"Bare enda et H\u00f8yres nettsteder-nettsted\",\"inLanguage\":\"nb-NO\"},{\"@type\":\"Person\",\"@id\":\"https:\/\/hoyre.no\/lier\/#\/schema\/person\/be706fc8eeb6e58c69020fd0983cbf12\",\"name\":\"Jan Erik Alverdus Berg\",\"image\":{\"@type\":\"ImageObject\",\"inLanguage\":\"nb-NO\",\"@id\":\"https:\/\/hoyre.no\/lier\/#\/schema\/person\/image\/\",\"url\":\"https:\/\/secure.gravatar.com\/avatar\/06abe3e27c859962523a24dd4c3f866b9e234850d263f7b8c3ede4b614ca0de4?s=96&d=mm&r=g\",\"contentUrl\":\"https:\/\/secure.gravatar.com\/avatar\/06abe3e27c859962523a24dd4c3f866b9e234850d263f7b8c3ede4b614ca0de4?s=96&d=mm&r=g\",\"caption\":\"Jan Erik Alverdus Berg\"},\"url\":\"https:\/\/hoyre.no\/lier\/aktuelt\/author\/m12225140\/\"}]}<\/script>\n<!-- \/ Yoast SEO plugin. -->","yoast_head_json":{"title":"Kjetil Kivle Lier H\u00f8yres ordf\u00f8rerkandidat til kommunevalget 2023 - Lier H\u00f8yre","robots":{"index":"index","follow":"follow","max-snippet":"max-snippet:-1","max-image-preview":"max-image-preview:large","max-video-preview":"max-video-preview:-1"},"canonical":"https:\/\/hoyre.no\/lier\/aktuelt\/kjetil-kivle-lier-hoyres-ordforerkandidat-til-kommunevalget-2023\/","og_locale":"nb_NO","og_type":"article","og_title":"Kjetil Kivle Lier H\u00f8yres ordf\u00f8rerkandidat til kommunevalget 2023 - Lier H\u00f8yre","og_url":"https:\/\/hoyre.no\/lier\/aktuelt\/kjetil-kivle-lier-hoyres-ordforerkandidat-til-kommunevalget-2023\/","og_site_name":"Lier H\u00f8yre","article_published_time":"2022-08-05T19:15:07+00:00","article_modified_time":"2022-09-16T06:23:55+00:00","og_image":[{"url":"https:\/\/hoyre.no\/content\/uploads\/sites\/181\/2025\/03\/H-partner-1024x625.png","width":"","height":"","type":""}],"author":"Jan Erik Alverdus Berg","twitter_card":"summary_large_image","twitter_misc":{"Skrevet av":"Jan Erik Alverdus Berg","Ansl. lesetid":"3 minutter"},"schema":{"@context":"https:\/\/schema.org","@graph":[{"@type":"NewsArticle","@id":"https:\/\/hoyre.no\/lier\/aktuelt\/kjetil-kivle-lier-hoyres-ordforerkandidat-til-kommunevalget-2023\/","url":"https:\/\/hoyre.no\/lier\/aktuelt\/kjetil-kivle-lier-hoyres-ordforerkandidat-til-kommunevalget-2023\/","name":"Kjetil Kivle Lier H\u00f8yres ordf\u00f8rerkandidat til kommunevalget 2023 - Lier H\u00f8yre","isPartOf":{"@id":"https:\/\/hoyre.no\/lier\/#website"},"image":{"@id":"https:\/\/hoyre.no\/lier\/aktuelt\/kjetil-kivle-lier-hoyres-ordforerkandidat-til-kommunevalget-2023\/#primaryimage"},"thumbnailUrl":"https:\/\/hoyre.no\/content\/uploads\/sites\/181\/2022\/08\/valgkamp-2021-med-Kjetil-Kivle.jpg","datePublished":"2022-08-05T19:15:07+00:00","dateModified":"2022-09-16T06:23:55+00:00","author":{"@id":"https:\/\/hoyre.no\/lier\/#\/schema\/person\/be706fc8eeb6e58c69020fd0983cbf12"},"breadcrumb":{"@id":"https:\/\/hoyre.no\/lier\/aktuelt\/kjetil-kivle-lier-hoyres-ordforerkandidat-til-kommunevalget-2023\/#breadcrumb"},"inLanguage":"nb-NO","potentialAction":[{"@type":"ReadAction","target":["https:\/\/hoyre.no\/lier\/aktuelt\/kjetil-kivle-lier-hoyres-ordforerkandidat-til-kommunevalget-2023\/"]}]},{"@type":"ImageObject","inLanguage":"nb-NO","@id":"https:\/\/hoyre.no\/lier\/aktuelt\/kjetil-kivle-lier-hoyres-ordforerkandidat-til-kommunevalget-2023\/#primaryimage","url":"https:\/\/hoyre.no\/content\/uploads\/sites\/181\/2022\/08\/valgkamp-2021-med-Kjetil-Kivle.jpg","contentUrl":"https:\/\/hoyre.no\/content\/uploads\/sites\/181\/2022\/08\/valgkamp-2021-med-Kjetil-Kivle.jpg"},{"@type":"BreadcrumbList","@id":"https:\/\/hoyre.no\/lier\/aktuelt\/kjetil-kivle-lier-hoyres-ordforerkandidat-til-kommunevalget-2023\/#breadcrumb","itemListElement":[{"@type":"ListItem","position":1,"name":"Til hoyre.no","item":"https:\/\/hoyre.no"},{"@type":"ListItem","position":2,"name":"Hjem","item":"https:\/\/hoyre.no\/lier\/"},{"@type":"ListItem","position":3,"name":"Kjetil Kivle Lier H\u00f8yres ordf\u00f8rerkandidat til kommunevalget 2023"}]},{"@type":"WebSite","@id":"https:\/\/hoyre.no\/lier\/#website","url":"https:\/\/hoyre.no\/lier\/","name":"Lier H\u00f8yre","description":"Bare enda et H\u00f8yres nettsteder-nettsted","inLanguage":"nb-NO"},{"@type":"Person","@id":"https:\/\/hoyre.no\/lier\/#\/schema\/person\/be706fc8eeb6e58c69020fd0983cbf12","name":"Jan Erik Alverdus Berg","image":{"@type":"ImageObject","inLanguage":"nb-NO","@id":"https:\/\/hoyre.no\/lier\/#\/schema\/person\/image\/","url":"https:\/\/secure.gravatar.com\/avatar\/06abe3e27c859962523a24dd4c3f866b9e234850d263f7b8c3ede4b614ca0de4?s=96&d=mm&r=g","contentUrl":"https:\/\/secure.gravatar.com\/avatar\/06abe3e27c859962523a24dd4c3f866b9e234850d263f7b8c3ede4b614ca0de4?s=96&d=mm&r=g","caption":"Jan Erik Alverdus Berg"},"url":"https:\/\/hoyre.no\/lier\/aktuelt\/author\/m12225140\/"}]}},"distributor_meta":false,"distributor_terms":false,"distributor_media":false,"distributor_original_site_name":"Lier H\u00f8yre","distributor_original_site_url":"https:\/\/hoyre.no\/lier","push-errors":false,"_links":{"self":[{"href":"https:\/\/hoyre.no\/lier\/wp-json\/wp\/v2\/posts\/142","targetHints":{"allow":["GET"]}}],"collection":[{"href":"https:\/\/hoyre.no\/lier\/wp-json\/wp\/v2\/posts"}],"about":[{"href":"https:\/\/hoyre.no\/lier\/wp-json\/wp\/v2\/types\/post"}],"author":[{"embeddable":true,"href":"https:\/\/hoyre.no\/lier\/wp-json\/wp\/v2\/users\/25077"}],"replies":[{"embeddable":true,"href":"https:\/\/hoyre.no\/lier\/wp-json\/wp\/v2\/comments?post=142"}],"version-history":[{"count":5,"href":"https:\/\/hoyre.no\/lier\/wp-json\/wp\/v2\/posts\/142\/revisions"}],"predecessor-version":[{"id":181,"href":"https:\/\/hoyre.no\/lier\/wp-json\/wp\/v2\/posts\/142\/revisions\/181"}],"wp:attachment":[{"href":"https:\/\/hoyre.no\/lier\/wp-json\/wp\/v2\/media?parent=142"}],"wp:term":[{"taxonomy":"category","embeddable":true,"href":"https:\/\/hoyre.no\/lier\/wp-json\/wp\/v2\/category?post=142"},{"taxonomy":"post_tag","embeddable":true,"href":"https:\/\/hoyre.no\/lier\/wp-json\/wp\/v2\/post_tag?post=142"},{"taxonomy":"hoyre-visibility","embeddable":true,"href":"https:\/\/hoyre.no\/lier\/wp-json\/wp\/v2\/hoyre-visibility?post=142"},{"taxonomy":"article-type","embeddable":true,"href":"https:\/\/hoyre.no\/lier\/wp-json\/wp\/v2\/article-type?post=142"},{"taxonomy":"politician","embeddable":true,"href":"https:\/\/hoyre.no\/lier\/wp-json\/wp\/v2\/politician?post=142"}],"curies":[{"name":"wp","href":"https:\/\/api.w.org\/{rel}","templated":true}]}}