{"id":20,"date":"2020-01-12T23:00:00","date_gmt":"2020-01-12T22:00:00","guid":{"rendered":"https:\/\/hoyre.no\/lier\/aktuelt\/lier_hoyre_har_sendt_inn_resolusjonsforslag_om_e134_ma_prioriteres\/"},"modified":"2020-01-12T23:00:00","modified_gmt":"2020-01-12T22:00:00","slug":"lier_hoyre_har_sendt_inn_resolusjonsforslag_om_e134_ma_prioriteres","status":"publish","type":"post","link":"https:\/\/hoyre.no\/lier\/aktuelt\/lier_hoyre_har_sendt_inn_resolusjonsforslag_om_e134_ma_prioriteres\/","title":{"rendered":"Lier H\u00f8yre har sendt inn resolusjonsforslag om E134 &#8211; M\u00e5 prioriteres!"},"content":{"rendered":"<p class=\"preamble\">Lier H\u00f8yre har sendt inn resolusjonsforslag til Viken H\u00f8yre om at E134 m\u00e5 prioriteres i kommende NTP \u2014Nasjonal Transport Plan. Se resolusjonen her!Vedtas resolusjonen p\u00e5 Viken H\u00f8yre sitt \u00e5rsm\u00f8te sendes resolusjonen videre til H\u00f8yres landsm\u00f8te. Vedtas resolusjonen ogs\u00e5 p\u00e5 landsm\u00f8tet blir det H\u00f8yres offisielle politikk.<\/p>\t\t\t<div class=\"post-meta wp-block teft-byline-wrapper\">\n\t\t\t\t<div class=\"top\">\n\t\t\t\t\t<div class=\"signature\">\n\t\t\t\t\t\t<div class=\"teft-byline\">\n\t\t\t\t\t\t\t\t\t\t\t\t\t\t<div>\n\t\t\t\t\t\t\t\t<h3>H\u00f8yres redaksjon<\/h3>\t\t\t\t\t\t\t\t\n\t\t\t\t\t\t\t\t\t\t\t\t\t\t\t\t\t<span class=\"date\">Sist oppdatert: 12. januar 2020<\/span>\n\t\t\t\t\t\t\t\t\t\t\t\t\t\t\t\t\t\t\t\t\t\t\t\t\t<span class=\"reading-time\" itemprop=\"timeRequired\" content=\"PT2M\"><em>Ca. 2 minutter lesetid<\/em><\/span>\n\t\t\t\t\t\t\t\t\t\t\t\t\t\t\t<\/div>\n\t\t\t\t\t\t<\/div>\n\t\t\t\t\t<\/div>\n\t\t\t\t\t\t<div class=\"sharing\">\n\t\t<a class=\"share-button share-link copy-link\" data-copy=\"https:\/\/hoyre.no\/lier\/aktuelt\/lier_hoyre_har_sendt_inn_resolusjonsforslag_om_e134_ma_prioriteres\/\" target=\"_blank\"><span class=\"screen-reader-text\">Del link<\/span><\/a>\n\t\t<a class=\"share-button share-twitter\" href=\"http:\/\/twitter.com\/share?text=Lier H\u00f8yre har sendt inn resolusjonsforslag om E134 &#8211; M\u00e5 prioriteres!&#038;url=https:\/\/hoyre.no\/lier\/aktuelt\/lier_hoyre_har_sendt_inn_resolusjonsforslag_om_e134_ma_prioriteres\/&#038;hashtags=Hoyre\" target=\"_blank\"><span class=\"screen-reader-text\">Del p\u00e5 twitter<\/span><\/a>\n\t\t<a class=\"share-button share-facebook\" href=\"https:\/\/www.facebook.com\/sharer\/sharer.php?u=https:\/\/hoyre.no\/lier\/aktuelt\/lier_hoyre_har_sendt_inn_resolusjonsforslag_om_e134_ma_prioriteres\/\" target=\"_blank\"><span class=\"screen-reader-text\">Del p\u00e5 facebook<\/span><\/a>\n\t<\/div>\n\t\t\t\t\t<\/div>\n\t\t\t<\/div>\n\n\t\t\t<figure class=\"hoyre-image-wrapper\"><div class=\"hoyre-image\"><img loading=\"lazy\" decoding=\"async\" width=\"1016\" height=\"570\" src=\"https:\/\/hoyre.no\/content\/uploads\/sites\/181\/2020\/11\/e134_16x9.jpg\" class=\"attachment-scaled size-scaled\" alt=\"\" style=\"object-position: 50% 50%\" srcset=\"https:\/\/hoyre.no\/content\/uploads\/sites\/181\/2020\/11\/e134_16x9.jpg 1016w, https:\/\/hoyre.no\/content\/uploads\/sites\/181\/2020\/11\/e134_16x9-300x168.jpg 300w, https:\/\/hoyre.no\/content\/uploads\/sites\/181\/2020\/11\/e134_16x9-768x431.jpg 768w\" sizes=\"auto, (max-width: 1016px) 100vw, 1016px\" \/><\/div><\/figure><div id=\"hoyre-old-article-content-wrapper\"><p>  Resolusjon til Viken H\u00f8yres \u00e5rsm\u00f8te &#8211; Oslofjordforbindelsen<\/p><p><\/p><p>E134 fra E6 til E18 er en sv\u00e6rt viktig trase for \u00e5 avlaste hovedstadsomr\u00e5det for ytterligere biltrafikk. Oslofjordforbindelsen ble under planleggingen fremhevet som et prosjekt der hele veistrekningen fra \u00d8stfold til Buskerud skulle sees som en helhet. Fortsatt mangler fullf\u00f8ring av strekningen fra Dagslett i Asker til E18 i Lier kommune. Med fullf\u00f8ring av nytt l\u00f8p i Oslofjordtunnelen vil det bli ytterligere trafikkvekst. Prosjektet fra Dagslett til E18 er en del av dagens NTP, og m\u00e5 sikres tilstrekkelig midler i kommende NTP. <\/p><p><\/p><p>Det er i dag en \u00e5rsd\u00f8gntrafikk p\u00e5 18 500 kj\u00f8ret\u00f8y langs dagens vei gjennom Engersand og Gullaug i Lier. Ca 9,5 % av kj\u00f8ret\u00f8yene er tyngre kj\u00f8ret\u00f8y. Veien er smal og g\u00e5r gjennom boligfelt hvor blant annet barn m\u00e5 krysse veien p\u00e5 vei til og fra skole. \u00c5rsd\u00f8gntrafikken er s\u00e5 h\u00f8y at det tilsvarer at all trafikk p\u00e5 nordg\u00e5ende eller s\u00f8rg\u00e5ende l\u00f8p p\u00e5 E18 gjennom Asker og B\u00e6rum blir sluset inn i omr\u00e5det. Dette skaper ogs\u00e5 k\u00f8 og lekkasjetrafikk p\u00e5 lokalveiene og boligomr\u00e5dene i Asker.  <\/p><p>Strekningen har mange ulykker og er belastet med tunge kj\u00f8ret\u00f8y som blir st\u00e5ende p\u00e5 vinterf\u00f8re b\u00e5de i Asker og Lier.. <\/p><p><\/p><p>Det er viktig at hele Oslofjordforbindelsen sikres tilstrekkelige midler i NTP for \u00e5: <\/p><p><\/p><p>&#8211; gi n\u00e6ringslivet en enklere og mer forutsigbar hverdag,<\/p><p>&#8211; reduserer antall ulykker,<\/p><p>&#8211; avlaster E18\/E6,<\/p><p>&#8211; sikrer en trygg skolevei, <\/p><p>&#8211; bedrer bokvaliteten for de som bor langs dagens tras\u00e9 og i omr\u00e5der utsatt for betydelig lekkasjetrafikk. <\/p><p><br \/><\/p><\/div>\n<div class=\"tags\">\n\t<\/div>\n<div class=\"post-footer alignfull has-background block-editor-block-list__block\" data-align=full>\n\t<div class=\"post-footer-inner\">\n\t\t<h3>Relaterte artikler<\/h3>\n\t\t<div class=\"related-content\"><div class=\"is-card-hoyre\">\n\t<div class=\"teft-card hoyre-teft-card post-teft-card\">\n\t\t<a href=\"https:\/\/hoyre.no\/lier\/aktuelt\/hvem-skal-representere-lier-hoyre-i-kommunestyret-2027-2031\/\" class=\"teft-card__primary-action\">\n\n\t\t\t\t\t<div class=\"teft-card__media teft-card__media--16-9\">\n\t\t\t\t\t\t<img loading=\"lazy\" decoding=\"async\" width=\"768\" height=\"576\" src=\"https:\/\/hoyre.no\/content\/uploads\/sites\/181\/2023\/09\/Synnove-1-768x576.jpg\" class=\"attachment-medium_large size-medium_large\" alt=\"\" srcset=\"https:\/\/hoyre.no\/content\/uploads\/sites\/181\/2023\/09\/Synnove-1-768x576.jpg 768w, https:\/\/hoyre.no\/content\/uploads\/sites\/181\/2023\/09\/Synnove-1-300x225.jpg 300w, https:\/\/hoyre.no\/content\/uploads\/sites\/181\/2023\/09\/Synnove-1-1024x768.jpg 1024w, https:\/\/hoyre.no\/content\/uploads\/sites\/181\/2023\/09\/Synnove-1-1536x1152.jpg 1536w, https:\/\/hoyre.no\/content\/uploads\/sites\/181\/2023\/09\/Synnove-1.jpg 1739w\" sizes=\"auto, (max-width: 768px) 100vw, 768px\" \/>\t\t<\/div>\n\t\t\n\t\t\t<div class=\"teft-card__content-wrapper\">\n\t\t\t\t<div class=\"teft-card__secondary\">\n\t\t\t\t\t\n\t\t\t\t\t\t\t\t<div class=\"teft-card__meta\">\n\t\t\t\t\t\t\t\t\t<span class=\"post-date\">18. mar 2026<\/span>\n\n\t\t\t\t\t\t\t\t\t\t\t\t\t\t\t\t\t<\/div>\n\t\t\t\t\t\t\t\t\t\t\t<\/div>\n\n\t\t\t\t<div class=\"teft-card__primary\">\n\t\t\t\t\t<h2 class=\"teft-card__title\">Hvem skal representere Lier H\u00f8yre i kommunestyret\u00a0 2027-2031?&nbsp;<span class=\"teft-card__primary-title-append\"><\/span><\/h2>\t\t\t\t<\/div>\n\t\t\t<\/div>\n\t\t<\/a>\n\t<\/div>\n\n\t<\/div><div class=\"is-card-hoyre\">\n\t<div class=\"teft-card hoyre-teft-card post-teft-card\">\n\t\t<a href=\"https:\/\/hoyre.no\/lier\/aktuelt\/lier-hoyres-nominasjons-prosess-og-datoplan-kommunevalget-2027\/\" class=\"teft-card__primary-action\">\n\n\t\t\t\t\t<div class=\"teft-card__media teft-card__media--16-9\">\n\t\t\t\t\t\t<img loading=\"lazy\" decoding=\"async\" width=\"640\" height=\"480\" src=\"https:\/\/hoyre.no\/content\/uploads\/sites\/181\/2026\/03\/488574322_10162715090130498_4152680883469981394_n.jpg\" class=\"attachment-medium_large size-medium_large\" alt=\"\" srcset=\"https:\/\/hoyre.no\/content\/uploads\/sites\/181\/2026\/03\/488574322_10162715090130498_4152680883469981394_n.jpg 640w, https:\/\/hoyre.no\/content\/uploads\/sites\/181\/2026\/03\/488574322_10162715090130498_4152680883469981394_n-300x225.jpg 300w\" sizes=\"auto, (max-width: 640px) 100vw, 640px\" \/>\t\t<\/div>\n\t\t\n\t\t\t<div class=\"teft-card__content-wrapper\">\n\t\t\t\t<div class=\"teft-card__secondary\">\n\t\t\t\t\t\n\t\t\t\t\t\t\t\t<div class=\"teft-card__meta\">\n\t\t\t\t\t\t\t\t\t<span class=\"post-date\">18. mar 2026<\/span>\n\n\t\t\t\t\t\t\t\t\t\t\t\t\t\t\t\t\t<\/div>\n\t\t\t\t\t\t\t\t\t\t\t<\/div>\n\n\t\t\t\t<div class=\"teft-card__primary\">\n\t\t\t\t\t<h2 class=\"teft-card__title\">Lier H\u00f8yres Nominasjons-prosess og datoplan for kommunevalget 2027&nbsp;<span class=\"teft-card__primary-title-append\"><\/span><\/h2>\t\t\t\t<\/div>\n\t\t\t<\/div>\n\t\t<\/a>\n\t<\/div>\n\n\t<\/div><div class=\"is-card-hoyre\">\n\t<div class=\"teft-card hoyre-teft-card post-teft-card\">\n\t\t<a href=\"https:\/\/hoyre.no\/lier\/aktuelt\/bli-h-partner\/\" class=\"teft-card__primary-action\">\n\n\t\t\t\t\t<div class=\"teft-card__media teft-card__media--16-9\">\n\t\t\t\t\t\t<img loading=\"lazy\" decoding=\"async\" width=\"768\" height=\"469\" src=\"https:\/\/hoyre.no\/content\/uploads\/sites\/181\/2025\/03\/H-partner-768x469.png\" class=\"attachment-medium_large size-medium_large\" alt=\"\" srcset=\"https:\/\/hoyre.no\/content\/uploads\/sites\/181\/2025\/03\/H-partner-768x469.png 768w, https:\/\/hoyre.no\/content\/uploads\/sites\/181\/2025\/03\/H-partner-300x183.png 300w, https:\/\/hoyre.no\/content\/uploads\/sites\/181\/2025\/03\/H-partner-1024x625.png 1024w, https:\/\/hoyre.no\/content\/uploads\/sites\/181\/2025\/03\/H-partner-1536x938.png 1536w, https:\/\/hoyre.no\/content\/uploads\/sites\/181\/2025\/03\/H-partner-2048x1251.png 2048w\" sizes=\"auto, (max-width: 768px) 100vw, 768px\" \/>\t\t<\/div>\n\t\t\n\t\t\t<div class=\"teft-card__content-wrapper\">\n\t\t\t\t<div class=\"teft-card__secondary\">\n\t\t\t\t\t\n\t\t\t\t\t\t\t\t<div class=\"teft-card__meta\">\n\t\t\t\t\t\t\t\t\t<span class=\"post-date\">6. mar 2025<\/span>\n\n\t\t\t\t\t\t\t\t\t\t\t\t\t\t\t\t\t<\/div>\n\t\t\t\t\t\t\t\t\t\t\t<\/div>\n\n\t\t\t\t<div class=\"teft-card__primary\">\n\t\t\t\t\t<h2 class=\"teft-card__title\">Bli H-partner&nbsp;<span class=\"teft-card__primary-title-append\"><\/span><\/h2>\t\t\t\t<\/div>\n\t\t\t<\/div>\n\t\t<\/a>\n\t<\/div>\n\n\t<\/div><\/div>\t<\/div>\n<\/div>\n","protected":false},"excerpt":{"rendered":"","protected":false},"author":0,"featured_media":0,"comment_status":"closed","ping_status":"closed","sticky":false,"template":"","format":"standard","meta":{"teft_cards_image_url":"https:\/\/hoyre.no\/content\/uploads\/sites\/181\/2020\/11\/e134_16x9.jpg","teft_cards_custom_pretitle":"","teft_cards_image_id":19,"teft_cards_image_focal_point_x":0,"teft_cards_image_focal_point_y":0,"teft_cards_title":"","teft_cards_excerpt":"","teft_show_chapters":false,"author_display_name":"Lier H\u00f8yre - Frode Sundseth","footnotes":""},"category":[1],"post_tag":[],"hoyre-visibility":[],"article-type":[],"politician":[],"class_list":["post-20","post","type-post","status-publish","format-standard","hentry","category-ukategorisert"],"yoast_head":"<!-- This site is optimized with the Yoast SEO plugin v26.6 - https:\/\/yoast.com\/wordpress\/plugins\/seo\/ -->\n<title>Lier H\u00f8yre har sendt inn resolusjonsforslag om E134 - M\u00e5 prioriteres! - Lier H\u00f8yre<\/title>\n<meta name=\"robots\" content=\"index, follow, max-snippet:-1, max-image-preview:large, max-video-preview:-1\" \/>\n<link rel=\"canonical\" href=\"https:\/\/hoyre.no\/lier\/aktuelt\/lier_hoyre_har_sendt_inn_resolusjonsforslag_om_e134_ma_prioriteres\/\" \/>\n<meta property=\"og:locale\" content=\"nb_NO\" \/>\n<meta property=\"og:type\" content=\"article\" \/>\n<meta property=\"og:title\" content=\"Lier H\u00f8yre har sendt inn resolusjonsforslag om E134 - M\u00e5 prioriteres! - Lier H\u00f8yre\" \/>\n<meta property=\"og:url\" content=\"https:\/\/hoyre.no\/lier\/aktuelt\/lier_hoyre_har_sendt_inn_resolusjonsforslag_om_e134_ma_prioriteres\/\" \/>\n<meta property=\"og:site_name\" content=\"Lier H\u00f8yre\" \/>\n<meta property=\"article:published_time\" content=\"2020-01-12T22:00:00+00:00\" \/>\n<meta property=\"og:image\" content=\"https:\/\/hoyre.no\/content\/uploads\/sites\/181\/2025\/03\/H-partner-1024x625.png\" \/>\n<meta name=\"twitter:card\" content=\"summary_large_image\" \/>\n<meta name=\"twitter:label1\" content=\"Ansl. lesetid\" \/>\n\t<meta name=\"twitter:data1\" content=\"2 minutter\" \/>\n<script type=\"application\/ld+json\" class=\"yoast-schema-graph\">{\"@context\":\"https:\/\/schema.org\",\"@graph\":[{\"@type\":\"NewsArticle\",\"@id\":\"https:\/\/hoyre.no\/lier\/aktuelt\/lier_hoyre_har_sendt_inn_resolusjonsforslag_om_e134_ma_prioriteres\/\",\"url\":\"https:\/\/hoyre.no\/lier\/aktuelt\/lier_hoyre_har_sendt_inn_resolusjonsforslag_om_e134_ma_prioriteres\/\",\"name\":\"Lier H\u00f8yre har sendt inn resolusjonsforslag om E134 - M\u00e5 prioriteres! - Lier H\u00f8yre\",\"isPartOf\":{\"@id\":\"https:\/\/hoyre.no\/lier\/#website\"},\"datePublished\":\"2020-01-12T22:00:00+00:00\",\"author\":{\"@id\":\"\"},\"breadcrumb\":{\"@id\":\"https:\/\/hoyre.no\/lier\/aktuelt\/lier_hoyre_har_sendt_inn_resolusjonsforslag_om_e134_ma_prioriteres\/#breadcrumb\"},\"inLanguage\":\"nb-NO\",\"potentialAction\":[{\"@type\":\"ReadAction\",\"target\":[\"https:\/\/hoyre.no\/lier\/aktuelt\/lier_hoyre_har_sendt_inn_resolusjonsforslag_om_e134_ma_prioriteres\/\"]}]},{\"@type\":\"BreadcrumbList\",\"@id\":\"https:\/\/hoyre.no\/lier\/aktuelt\/lier_hoyre_har_sendt_inn_resolusjonsforslag_om_e134_ma_prioriteres\/#breadcrumb\",\"itemListElement\":[{\"@type\":\"ListItem\",\"position\":1,\"name\":\"Til hoyre.no\",\"item\":\"https:\/\/hoyre.no\"},{\"@type\":\"ListItem\",\"position\":2,\"name\":\"Hjem\",\"item\":\"https:\/\/hoyre.no\/lier\/\"},{\"@type\":\"ListItem\",\"position\":3,\"name\":\"Lier H\u00f8yre har sendt inn resolusjonsforslag om E134 &#8211; M\u00e5 prioriteres!\"}]},{\"@type\":\"WebSite\",\"@id\":\"https:\/\/hoyre.no\/lier\/#website\",\"url\":\"https:\/\/hoyre.no\/lier\/\",\"name\":\"Lier H\u00f8yre\",\"description\":\"Bare enda et H\u00f8yres nettsteder-nettsted\",\"inLanguage\":\"nb-NO\"}]}<\/script>\n<!-- \/ Yoast SEO plugin. -->","yoast_head_json":{"title":"Lier H\u00f8yre har sendt inn resolusjonsforslag om E134 - M\u00e5 prioriteres! - Lier H\u00f8yre","robots":{"index":"index","follow":"follow","max-snippet":"max-snippet:-1","max-image-preview":"max-image-preview:large","max-video-preview":"max-video-preview:-1"},"canonical":"https:\/\/hoyre.no\/lier\/aktuelt\/lier_hoyre_har_sendt_inn_resolusjonsforslag_om_e134_ma_prioriteres\/","og_locale":"nb_NO","og_type":"article","og_title":"Lier H\u00f8yre har sendt inn resolusjonsforslag om E134 - M\u00e5 prioriteres! - Lier H\u00f8yre","og_url":"https:\/\/hoyre.no\/lier\/aktuelt\/lier_hoyre_har_sendt_inn_resolusjonsforslag_om_e134_ma_prioriteres\/","og_site_name":"Lier H\u00f8yre","article_published_time":"2020-01-12T22:00:00+00:00","og_image":[{"url":"https:\/\/hoyre.no\/content\/uploads\/sites\/181\/2025\/03\/H-partner-1024x625.png","width":"","height":"","type":""}],"twitter_card":"summary_large_image","twitter_misc":{"Ansl. lesetid":"2 minutter"},"schema":{"@context":"https:\/\/schema.org","@graph":[{"@type":"NewsArticle","@id":"https:\/\/hoyre.no\/lier\/aktuelt\/lier_hoyre_har_sendt_inn_resolusjonsforslag_om_e134_ma_prioriteres\/","url":"https:\/\/hoyre.no\/lier\/aktuelt\/lier_hoyre_har_sendt_inn_resolusjonsforslag_om_e134_ma_prioriteres\/","name":"Lier H\u00f8yre har sendt inn resolusjonsforslag om E134 - M\u00e5 prioriteres! - Lier H\u00f8yre","isPartOf":{"@id":"https:\/\/hoyre.no\/lier\/#website"},"datePublished":"2020-01-12T22:00:00+00:00","author":{"@id":""},"breadcrumb":{"@id":"https:\/\/hoyre.no\/lier\/aktuelt\/lier_hoyre_har_sendt_inn_resolusjonsforslag_om_e134_ma_prioriteres\/#breadcrumb"},"inLanguage":"nb-NO","potentialAction":[{"@type":"ReadAction","target":["https:\/\/hoyre.no\/lier\/aktuelt\/lier_hoyre_har_sendt_inn_resolusjonsforslag_om_e134_ma_prioriteres\/"]}]},{"@type":"BreadcrumbList","@id":"https:\/\/hoyre.no\/lier\/aktuelt\/lier_hoyre_har_sendt_inn_resolusjonsforslag_om_e134_ma_prioriteres\/#breadcrumb","itemListElement":[{"@type":"ListItem","position":1,"name":"Til hoyre.no","item":"https:\/\/hoyre.no"},{"@type":"ListItem","position":2,"name":"Hjem","item":"https:\/\/hoyre.no\/lier\/"},{"@type":"ListItem","position":3,"name":"Lier H\u00f8yre har sendt inn resolusjonsforslag om E134 &#8211; M\u00e5 prioriteres!"}]},{"@type":"WebSite","@id":"https:\/\/hoyre.no\/lier\/#website","url":"https:\/\/hoyre.no\/lier\/","name":"Lier H\u00f8yre","description":"Bare enda et H\u00f8yres nettsteder-nettsted","inLanguage":"nb-NO"}]}},"distributor_meta":false,"distributor_terms":false,"distributor_media":false,"distributor_original_site_name":"Lier H\u00f8yre","distributor_original_site_url":"https:\/\/hoyre.no\/lier","push-errors":false,"_links":{"self":[{"href":"https:\/\/hoyre.no\/lier\/wp-json\/wp\/v2\/posts\/20","targetHints":{"allow":["GET"]}}],"collection":[{"href":"https:\/\/hoyre.no\/lier\/wp-json\/wp\/v2\/posts"}],"about":[{"href":"https:\/\/hoyre.no\/lier\/wp-json\/wp\/v2\/types\/post"}],"replies":[{"embeddable":true,"href":"https:\/\/hoyre.no\/lier\/wp-json\/wp\/v2\/comments?post=20"}],"version-history":[{"count":1,"href":"https:\/\/hoyre.no\/lier\/wp-json\/wp\/v2\/posts\/20\/revisions"}],"predecessor-version":[{"id":67,"href":"https:\/\/hoyre.no\/lier\/wp-json\/wp\/v2\/posts\/20\/revisions\/67"}],"wp:attachment":[{"href":"https:\/\/hoyre.no\/lier\/wp-json\/wp\/v2\/media?parent=20"}],"wp:term":[{"taxonomy":"category","embeddable":true,"href":"https:\/\/hoyre.no\/lier\/wp-json\/wp\/v2\/category?post=20"},{"taxonomy":"post_tag","embeddable":true,"href":"https:\/\/hoyre.no\/lier\/wp-json\/wp\/v2\/post_tag?post=20"},{"taxonomy":"hoyre-visibility","embeddable":true,"href":"https:\/\/hoyre.no\/lier\/wp-json\/wp\/v2\/hoyre-visibility?post=20"},{"taxonomy":"article-type","embeddable":true,"href":"https:\/\/hoyre.no\/lier\/wp-json\/wp\/v2\/article-type?post=20"},{"taxonomy":"politician","embeddable":true,"href":"https:\/\/hoyre.no\/lier\/wp-json\/wp\/v2\/politician?post=20"}],"curies":[{"name":"wp","href":"https:\/\/api.w.org\/{rel}","templated":true}]}}