{"id":22,"date":"2019-06-13T22:00:00","date_gmt":"2019-06-13T20:00:00","guid":{"rendered":"https:\/\/hoyre.no\/lier\/aktuelt\/lier_hoyres_program_2019_2023\/"},"modified":"2019-06-13T22:00:00","modified_gmt":"2019-06-13T20:00:00","slug":"lier_hoyres_program_2019_2023","status":"publish","type":"post","link":"https:\/\/hoyre.no\/lier\/aktuelt\/lier_hoyres_program_2019_2023\/","title":{"rendered":"LIER H\u00d8YRES PROGRAM 2019-2023"},"content":{"rendered":"<p class=\"preamble\">Lier H\u00f8yres program 2019-2023<\/p>\t\t\t<div class=\"post-meta wp-block teft-byline-wrapper\">\n\t\t\t\t<div class=\"top\">\n\t\t\t\t\t<div class=\"signature\">\n\t\t\t\t\t\t<div class=\"teft-byline\">\n\t\t\t\t\t\t\t\t\t\t\t\t\t\t<div>\n\t\t\t\t\t\t\t\t<h3>H\u00f8yres redaksjon<\/h3>\t\t\t\t\t\t\t\t\n\t\t\t\t\t\t\t\t\t\t\t\t\t\t\t\t\t<span class=\"date\">Sist oppdatert: 13. juni 2019<\/span>\n\t\t\t\t\t\t\t\t\t\t\t\t\t\t\t\t\t\t\t\t\t\t\t<\/div>\n\t\t\t\t\t\t<\/div>\n\t\t\t\t\t<\/div>\n\t\t\t\t\t\t<div class=\"sharing\">\n\t\t<a class=\"share-button share-link copy-link\" data-copy=\"https:\/\/hoyre.no\/lier\/aktuelt\/lier_hoyres_program_2019_2023\/\" target=\"_blank\"><span class=\"screen-reader-text\">Del link<\/span><\/a>\n\t\t<a class=\"share-button share-twitter\" href=\"http:\/\/twitter.com\/share?text=LIER H\u00d8YRES PROGRAM 2019-2023&#038;url=https:\/\/hoyre.no\/lier\/aktuelt\/lier_hoyres_program_2019_2023\/&#038;hashtags=Hoyre\" target=\"_blank\"><span class=\"screen-reader-text\">Del p\u00e5 twitter<\/span><\/a>\n\t\t<a class=\"share-button share-facebook\" href=\"https:\/\/www.facebook.com\/sharer\/sharer.php?u=https:\/\/hoyre.no\/lier\/aktuelt\/lier_hoyres_program_2019_2023\/\" target=\"_blank\"><span class=\"screen-reader-text\">Del p\u00e5 facebook<\/span><\/a>\n\t<\/div>\n\t\t\t\t\t<\/div>\n\t\t\t<\/div>\n\n\t\t\t<figure class=\"hoyre-image-wrapper\"><div class=\"hoyre-image\"><img loading=\"lazy\" decoding=\"async\" width=\"1800\" height=\"1120\" src=\"https:\/\/hoyre.no\/content\/uploads\/sites\/181\/2020\/11\/ordsky_av_programmet.jpg\" class=\"attachment-scaled size-scaled\" alt=\"\" style=\"object-position: 50% 50%\" srcset=\"https:\/\/hoyre.no\/content\/uploads\/sites\/181\/2020\/11\/ordsky_av_programmet.jpg 1800w, https:\/\/hoyre.no\/content\/uploads\/sites\/181\/2020\/11\/ordsky_av_programmet-300x187.jpg 300w, https:\/\/hoyre.no\/content\/uploads\/sites\/181\/2020\/11\/ordsky_av_programmet-1024x637.jpg 1024w, https:\/\/hoyre.no\/content\/uploads\/sites\/181\/2020\/11\/ordsky_av_programmet-768x478.jpg 768w, https:\/\/hoyre.no\/content\/uploads\/sites\/181\/2020\/11\/ordsky_av_programmet-1536x956.jpg 1536w\" sizes=\"auto, (max-width: 1800px) 100vw, 1800px\" \/><\/div><\/figure><div id=\"hoyre-old-article-content-wrapper\"><p>Her finner du fullstendig program fra Lier H\u00f8yre i PDF format (2019-2023), og en kortversjon med v\u00e5re hjertesaker. Du finner en webversjon av programmet p\u00e5 <a href=\"lier.hoyre.no\/politikk \">lier.hoyre.no\/politikk <\/a><\/p><p><br \/><\/p><\/div>\n<div class=\"tags\">\n\t<\/div>\n<div class=\"post-footer alignfull has-background block-editor-block-list__block\" data-align=full>\n\t<div class=\"post-footer-inner\">\n\t\t<h3>Relaterte artikler<\/h3>\n\t\t<div class=\"related-content\"><div class=\"is-card-hoyre\">\n\t<div class=\"teft-card hoyre-teft-card post-teft-card\">\n\t\t<a href=\"https:\/\/hoyre.no\/lier\/aktuelt\/hvem-skal-representere-lier-hoyre-i-kommunestyret-2027-2031\/\" class=\"teft-card__primary-action\">\n\n\t\t\t\t\t<div class=\"teft-card__media teft-card__media--16-9\">\n\t\t\t\t\t\t<img loading=\"lazy\" decoding=\"async\" width=\"768\" height=\"576\" src=\"https:\/\/hoyre.no\/content\/uploads\/sites\/181\/2023\/09\/Synnove-1-768x576.jpg\" class=\"attachment-medium_large size-medium_large\" alt=\"\" srcset=\"https:\/\/hoyre.no\/content\/uploads\/sites\/181\/2023\/09\/Synnove-1-768x576.jpg 768w, https:\/\/hoyre.no\/content\/uploads\/sites\/181\/2023\/09\/Synnove-1-300x225.jpg 300w, https:\/\/hoyre.no\/content\/uploads\/sites\/181\/2023\/09\/Synnove-1-1024x768.jpg 1024w, https:\/\/hoyre.no\/content\/uploads\/sites\/181\/2023\/09\/Synnove-1-1536x1152.jpg 1536w, https:\/\/hoyre.no\/content\/uploads\/sites\/181\/2023\/09\/Synnove-1.jpg 1739w\" sizes=\"auto, (max-width: 768px) 100vw, 768px\" \/>\t\t<\/div>\n\t\t\n\t\t\t<div class=\"teft-card__content-wrapper\">\n\t\t\t\t<div class=\"teft-card__secondary\">\n\t\t\t\t\t\n\t\t\t\t\t\t\t\t<div class=\"teft-card__meta\">\n\t\t\t\t\t\t\t\t\t<span class=\"post-date\">18. mar 2026<\/span>\n\n\t\t\t\t\t\t\t\t\t\t\t\t\t\t\t\t\t<\/div>\n\t\t\t\t\t\t\t\t\t\t\t<\/div>\n\n\t\t\t\t<div class=\"teft-card__primary\">\n\t\t\t\t\t<h2 class=\"teft-card__title\">Hvem skal representere Lier H\u00f8yre i kommunestyret\u00a0 2027-2031?&nbsp;<span class=\"teft-card__primary-title-append\"><\/span><\/h2>\t\t\t\t<\/div>\n\t\t\t<\/div>\n\t\t<\/a>\n\t<\/div>\n\n\t<\/div><div class=\"is-card-hoyre\">\n\t<div class=\"teft-card hoyre-teft-card post-teft-card\">\n\t\t<a href=\"https:\/\/hoyre.no\/lier\/aktuelt\/lier-hoyres-nominasjons-prosess-og-datoplan-kommunevalget-2027\/\" class=\"teft-card__primary-action\">\n\n\t\t\t\t\t<div class=\"teft-card__media teft-card__media--16-9\">\n\t\t\t\t\t\t<img loading=\"lazy\" decoding=\"async\" width=\"640\" height=\"480\" src=\"https:\/\/hoyre.no\/content\/uploads\/sites\/181\/2026\/03\/488574322_10162715090130498_4152680883469981394_n.jpg\" class=\"attachment-medium_large size-medium_large\" alt=\"\" srcset=\"https:\/\/hoyre.no\/content\/uploads\/sites\/181\/2026\/03\/488574322_10162715090130498_4152680883469981394_n.jpg 640w, https:\/\/hoyre.no\/content\/uploads\/sites\/181\/2026\/03\/488574322_10162715090130498_4152680883469981394_n-300x225.jpg 300w\" sizes=\"auto, (max-width: 640px) 100vw, 640px\" \/>\t\t<\/div>\n\t\t\n\t\t\t<div class=\"teft-card__content-wrapper\">\n\t\t\t\t<div class=\"teft-card__secondary\">\n\t\t\t\t\t\n\t\t\t\t\t\t\t\t<div class=\"teft-card__meta\">\n\t\t\t\t\t\t\t\t\t<span class=\"post-date\">18. mar 2026<\/span>\n\n\t\t\t\t\t\t\t\t\t\t\t\t\t\t\t\t\t<\/div>\n\t\t\t\t\t\t\t\t\t\t\t<\/div>\n\n\t\t\t\t<div class=\"teft-card__primary\">\n\t\t\t\t\t<h2 class=\"teft-card__title\">Lier H\u00f8yres Nominasjons-prosess og datoplan for kommunevalget 2027&nbsp;<span class=\"teft-card__primary-title-append\"><\/span><\/h2>\t\t\t\t<\/div>\n\t\t\t<\/div>\n\t\t<\/a>\n\t<\/div>\n\n\t<\/div><div class=\"is-card-hoyre\">\n\t<div class=\"teft-card hoyre-teft-card post-teft-card\">\n\t\t<a href=\"https:\/\/hoyre.no\/lier\/aktuelt\/bli-h-partner\/\" class=\"teft-card__primary-action\">\n\n\t\t\t\t\t<div class=\"teft-card__media teft-card__media--16-9\">\n\t\t\t\t\t\t<img loading=\"lazy\" decoding=\"async\" width=\"768\" height=\"469\" src=\"https:\/\/hoyre.no\/content\/uploads\/sites\/181\/2025\/03\/H-partner-768x469.png\" class=\"attachment-medium_large size-medium_large\" alt=\"\" srcset=\"https:\/\/hoyre.no\/content\/uploads\/sites\/181\/2025\/03\/H-partner-768x469.png 768w, https:\/\/hoyre.no\/content\/uploads\/sites\/181\/2025\/03\/H-partner-300x183.png 300w, https:\/\/hoyre.no\/content\/uploads\/sites\/181\/2025\/03\/H-partner-1024x625.png 1024w, https:\/\/hoyre.no\/content\/uploads\/sites\/181\/2025\/03\/H-partner-1536x938.png 1536w, https:\/\/hoyre.no\/content\/uploads\/sites\/181\/2025\/03\/H-partner-2048x1251.png 2048w\" sizes=\"auto, (max-width: 768px) 100vw, 768px\" \/>\t\t<\/div>\n\t\t\n\t\t\t<div class=\"teft-card__content-wrapper\">\n\t\t\t\t<div class=\"teft-card__secondary\">\n\t\t\t\t\t\n\t\t\t\t\t\t\t\t<div class=\"teft-card__meta\">\n\t\t\t\t\t\t\t\t\t<span class=\"post-date\">6. mar 2025<\/span>\n\n\t\t\t\t\t\t\t\t\t\t\t\t\t\t\t\t\t<\/div>\n\t\t\t\t\t\t\t\t\t\t\t<\/div>\n\n\t\t\t\t<div class=\"teft-card__primary\">\n\t\t\t\t\t<h2 class=\"teft-card__title\">Bli H-partner&nbsp;<span class=\"teft-card__primary-title-append\"><\/span><\/h2>\t\t\t\t<\/div>\n\t\t\t<\/div>\n\t\t<\/a>\n\t<\/div>\n\n\t<\/div><\/div>\t<\/div>\n<\/div>\n","protected":false},"excerpt":{"rendered":"","protected":false},"author":0,"featured_media":0,"comment_status":"closed","ping_status":"closed","sticky":false,"template":"","format":"standard","meta":{"teft_cards_image_url":"https:\/\/hoyre.no\/content\/uploads\/sites\/181\/2020\/11\/ordsky_av_programmet.jpg","teft_cards_custom_pretitle":"","teft_cards_image_id":21,"teft_cards_image_focal_point_x":0,"teft_cards_image_focal_point_y":0,"teft_cards_title":"","teft_cards_excerpt":"","teft_show_chapters":false,"author_display_name":"Lier H\u00f8yre","footnotes":""},"category":[1],"post_tag":[],"hoyre-visibility":[],"article-type":[],"politician":[],"class_list":["post-22","post","type-post","status-publish","format-standard","hentry","category-ukategorisert"],"yoast_head":"<!-- This site is optimized with the Yoast SEO plugin v26.6 - https:\/\/yoast.com\/wordpress\/plugins\/seo\/ -->\n<title>LIER H\u00d8YRES PROGRAM 2019-2023 - Lier H\u00f8yre<\/title>\n<meta name=\"robots\" content=\"index, follow, max-snippet:-1, max-image-preview:large, max-video-preview:-1\" \/>\n<link rel=\"canonical\" href=\"https:\/\/hoyre.no\/lier\/aktuelt\/lier_hoyres_program_2019_2023\/\" \/>\n<meta property=\"og:locale\" content=\"nb_NO\" \/>\n<meta property=\"og:type\" content=\"article\" \/>\n<meta property=\"og:title\" content=\"LIER H\u00d8YRES PROGRAM 2019-2023 - Lier H\u00f8yre\" \/>\n<meta property=\"og:url\" content=\"https:\/\/hoyre.no\/lier\/aktuelt\/lier_hoyres_program_2019_2023\/\" \/>\n<meta property=\"og:site_name\" content=\"Lier H\u00f8yre\" \/>\n<meta property=\"article:published_time\" content=\"2019-06-13T20:00:00+00:00\" \/>\n<meta property=\"og:image\" content=\"https:\/\/hoyre.no\/content\/uploads\/sites\/181\/2025\/03\/H-partner-1024x625.png\" \/>\n<meta name=\"twitter:card\" content=\"summary_large_image\" \/>\n<script type=\"application\/ld+json\" class=\"yoast-schema-graph\">{\"@context\":\"https:\/\/schema.org\",\"@graph\":[{\"@type\":\"NewsArticle\",\"@id\":\"https:\/\/hoyre.no\/lier\/aktuelt\/lier_hoyres_program_2019_2023\/\",\"url\":\"https:\/\/hoyre.no\/lier\/aktuelt\/lier_hoyres_program_2019_2023\/\",\"name\":\"LIER H\u00d8YRES PROGRAM 2019-2023 - Lier H\u00f8yre\",\"isPartOf\":{\"@id\":\"https:\/\/hoyre.no\/lier\/#website\"},\"datePublished\":\"2019-06-13T20:00:00+00:00\",\"author\":{\"@id\":\"\"},\"breadcrumb\":{\"@id\":\"https:\/\/hoyre.no\/lier\/aktuelt\/lier_hoyres_program_2019_2023\/#breadcrumb\"},\"inLanguage\":\"nb-NO\",\"potentialAction\":[{\"@type\":\"ReadAction\",\"target\":[\"https:\/\/hoyre.no\/lier\/aktuelt\/lier_hoyres_program_2019_2023\/\"]}]},{\"@type\":\"BreadcrumbList\",\"@id\":\"https:\/\/hoyre.no\/lier\/aktuelt\/lier_hoyres_program_2019_2023\/#breadcrumb\",\"itemListElement\":[{\"@type\":\"ListItem\",\"position\":1,\"name\":\"Til hoyre.no\",\"item\":\"https:\/\/hoyre.no\"},{\"@type\":\"ListItem\",\"position\":2,\"name\":\"Hjem\",\"item\":\"https:\/\/hoyre.no\/lier\/\"},{\"@type\":\"ListItem\",\"position\":3,\"name\":\"LIER H\u00d8YRES PROGRAM 2019-2023\"}]},{\"@type\":\"WebSite\",\"@id\":\"https:\/\/hoyre.no\/lier\/#website\",\"url\":\"https:\/\/hoyre.no\/lier\/\",\"name\":\"Lier H\u00f8yre\",\"description\":\"Bare enda et H\u00f8yres nettsteder-nettsted\",\"inLanguage\":\"nb-NO\"}]}<\/script>\n<!-- \/ Yoast SEO plugin. -->","yoast_head_json":{"title":"LIER H\u00d8YRES PROGRAM 2019-2023 - Lier H\u00f8yre","robots":{"index":"index","follow":"follow","max-snippet":"max-snippet:-1","max-image-preview":"max-image-preview:large","max-video-preview":"max-video-preview:-1"},"canonical":"https:\/\/hoyre.no\/lier\/aktuelt\/lier_hoyres_program_2019_2023\/","og_locale":"nb_NO","og_type":"article","og_title":"LIER H\u00d8YRES PROGRAM 2019-2023 - Lier H\u00f8yre","og_url":"https:\/\/hoyre.no\/lier\/aktuelt\/lier_hoyres_program_2019_2023\/","og_site_name":"Lier H\u00f8yre","article_published_time":"2019-06-13T20:00:00+00:00","og_image":[{"url":"https:\/\/hoyre.no\/content\/uploads\/sites\/181\/2025\/03\/H-partner-1024x625.png","width":"","height":"","type":""}],"twitter_card":"summary_large_image","schema":{"@context":"https:\/\/schema.org","@graph":[{"@type":"NewsArticle","@id":"https:\/\/hoyre.no\/lier\/aktuelt\/lier_hoyres_program_2019_2023\/","url":"https:\/\/hoyre.no\/lier\/aktuelt\/lier_hoyres_program_2019_2023\/","name":"LIER H\u00d8YRES PROGRAM 2019-2023 - Lier H\u00f8yre","isPartOf":{"@id":"https:\/\/hoyre.no\/lier\/#website"},"datePublished":"2019-06-13T20:00:00+00:00","author":{"@id":""},"breadcrumb":{"@id":"https:\/\/hoyre.no\/lier\/aktuelt\/lier_hoyres_program_2019_2023\/#breadcrumb"},"inLanguage":"nb-NO","potentialAction":[{"@type":"ReadAction","target":["https:\/\/hoyre.no\/lier\/aktuelt\/lier_hoyres_program_2019_2023\/"]}]},{"@type":"BreadcrumbList","@id":"https:\/\/hoyre.no\/lier\/aktuelt\/lier_hoyres_program_2019_2023\/#breadcrumb","itemListElement":[{"@type":"ListItem","position":1,"name":"Til hoyre.no","item":"https:\/\/hoyre.no"},{"@type":"ListItem","position":2,"name":"Hjem","item":"https:\/\/hoyre.no\/lier\/"},{"@type":"ListItem","position":3,"name":"LIER H\u00d8YRES PROGRAM 2019-2023"}]},{"@type":"WebSite","@id":"https:\/\/hoyre.no\/lier\/#website","url":"https:\/\/hoyre.no\/lier\/","name":"Lier H\u00f8yre","description":"Bare enda et H\u00f8yres nettsteder-nettsted","inLanguage":"nb-NO"}]}},"distributor_meta":false,"distributor_terms":false,"distributor_media":false,"distributor_original_site_name":"Lier H\u00f8yre","distributor_original_site_url":"https:\/\/hoyre.no\/lier","push-errors":false,"_links":{"self":[{"href":"https:\/\/hoyre.no\/lier\/wp-json\/wp\/v2\/posts\/22","targetHints":{"allow":["GET"]}}],"collection":[{"href":"https:\/\/hoyre.no\/lier\/wp-json\/wp\/v2\/posts"}],"about":[{"href":"https:\/\/hoyre.no\/lier\/wp-json\/wp\/v2\/types\/post"}],"replies":[{"embeddable":true,"href":"https:\/\/hoyre.no\/lier\/wp-json\/wp\/v2\/comments?post=22"}],"version-history":[{"count":0,"href":"https:\/\/hoyre.no\/lier\/wp-json\/wp\/v2\/posts\/22\/revisions"}],"wp:attachment":[{"href":"https:\/\/hoyre.no\/lier\/wp-json\/wp\/v2\/media?parent=22"}],"wp:term":[{"taxonomy":"category","embeddable":true,"href":"https:\/\/hoyre.no\/lier\/wp-json\/wp\/v2\/category?post=22"},{"taxonomy":"post_tag","embeddable":true,"href":"https:\/\/hoyre.no\/lier\/wp-json\/wp\/v2\/post_tag?post=22"},{"taxonomy":"hoyre-visibility","embeddable":true,"href":"https:\/\/hoyre.no\/lier\/wp-json\/wp\/v2\/hoyre-visibility?post=22"},{"taxonomy":"article-type","embeddable":true,"href":"https:\/\/hoyre.no\/lier\/wp-json\/wp\/v2\/article-type?post=22"},{"taxonomy":"politician","embeddable":true,"href":"https:\/\/hoyre.no\/lier\/wp-json\/wp\/v2\/politician?post=22"}],"curies":[{"name":"wp","href":"https:\/\/api.w.org\/{rel}","templated":true}]}}