{"id":34,"date":"2019-12-06T23:00:00","date_gmt":"2019-12-06T22:00:00","guid":{"rendered":"https:\/\/hoyre.no\/lier\/aktuelt\/samarbeidsavtale_2019_2023_h_frp_sp_krf\/"},"modified":"2019-12-06T23:00:00","modified_gmt":"2019-12-06T22:00:00","slug":"samarbeidsavtale_2019_2023_h_frp_sp_krf","status":"publish","type":"post","link":"https:\/\/hoyre.no\/lier\/aktuelt\/samarbeidsavtale_2019_2023_h_frp_sp_krf\/","title":{"rendered":"Politisk plattform 2019 &#8211; 2023  H+Frp+Sp+Krf"},"content":{"rendered":"<p class=\"preamble\">H\u00f8yre, Senterpartiet, Fremskrittspartiet og Kristelig Folkeparti er enige om \u00e5 samarbeide de neste fire \u00e5rene.<\/p>\t\t\t<div class=\"post-meta wp-block teft-byline-wrapper\">\n\t\t\t\t<div class=\"top\">\n\t\t\t\t\t<div class=\"signature\">\n\t\t\t\t\t\t<div class=\"teft-byline\">\n\t\t\t\t\t\t\t\t\t\t\t\t\t\t<div>\n\t\t\t\t\t\t\t\t<h3>H\u00f8yres redaksjon<\/h3>\t\t\t\t\t\t\t\t\n\t\t\t\t\t\t\t\t\t\t\t\t\t\t\t\t\t<span class=\"date\">Sist oppdatert: 6. desember 2019<\/span>\n\t\t\t\t\t\t\t\t\t\t\t\t\t\t\t\t\t\t\t\t\t\t\t\t\t<span class=\"reading-time\" itemprop=\"timeRequired\" content=\"PT3M\"><em>Ca. 3 minutter lesetid<\/em><\/span>\n\t\t\t\t\t\t\t\t\t\t\t\t\t\t\t<\/div>\n\t\t\t\t\t\t<\/div>\n\t\t\t\t\t<\/div>\n\t\t\t\t\t\t<div class=\"sharing\">\n\t\t<a class=\"share-button share-link copy-link\" data-copy=\"https:\/\/hoyre.no\/lier\/aktuelt\/samarbeidsavtale_2019_2023_h_frp_sp_krf\/\" target=\"_blank\"><span class=\"screen-reader-text\">Del link<\/span><\/a>\n\t\t<a class=\"share-button share-twitter\" href=\"http:\/\/twitter.com\/share?text=Politisk plattform 2019 &#8211; 2023  H+Frp+Sp+Krf&#038;url=https:\/\/hoyre.no\/lier\/aktuelt\/samarbeidsavtale_2019_2023_h_frp_sp_krf\/&#038;hashtags=Hoyre\" target=\"_blank\"><span class=\"screen-reader-text\">Del p\u00e5 twitter<\/span><\/a>\n\t\t<a class=\"share-button share-facebook\" href=\"https:\/\/www.facebook.com\/sharer\/sharer.php?u=https:\/\/hoyre.no\/lier\/aktuelt\/samarbeidsavtale_2019_2023_h_frp_sp_krf\/\" target=\"_blank\"><span class=\"screen-reader-text\">Del p\u00e5 facebook<\/span><\/a>\n\t<\/div>\n\t\t\t\t\t<\/div>\n\t\t\t<\/div>\n\n\t\t\t<figure class=\"hoyre-image-wrapper\"><div class=\"hoyre-image\"><img loading=\"lazy\" decoding=\"async\" width=\"2560\" height=\"1438\" src=\"https:\/\/hoyre.no\/content\/uploads\/sites\/181\/2020\/11\/02_04_valg_2019_sama_16x9-scaled.jpg\" class=\"attachment-scaled size-scaled\" alt=\"\" style=\"object-position: 50% 50%\" srcset=\"https:\/\/hoyre.no\/content\/uploads\/sites\/181\/2020\/11\/02_04_valg_2019_sama_16x9-scaled.jpg 2560w, https:\/\/hoyre.no\/content\/uploads\/sites\/181\/2020\/11\/02_04_valg_2019_sama_16x9-300x169.jpg 300w, https:\/\/hoyre.no\/content\/uploads\/sites\/181\/2020\/11\/02_04_valg_2019_sama_16x9-1024x575.jpg 1024w, https:\/\/hoyre.no\/content\/uploads\/sites\/181\/2020\/11\/02_04_valg_2019_sama_16x9-768x431.jpg 768w, https:\/\/hoyre.no\/content\/uploads\/sites\/181\/2020\/11\/02_04_valg_2019_sama_16x9-1536x863.jpg 1536w, https:\/\/hoyre.no\/content\/uploads\/sites\/181\/2020\/11\/02_04_valg_2019_sama_16x9-2048x1150.jpg 2048w\" sizes=\"auto, (max-width: 2560px) 100vw, 2560px\" \/><\/div><\/figure><div id=\"hoyre-old-article-content-wrapper\"><h1>Innledning<\/h1><p>H\u00f8yre, Senterpartiet, Fremskrittspartiet og Kristelig Folkeparti \u00f8nsker et bredest mulig samarbeid for et styringsdyktig flertall som i all sin politikk har innbyggernes beste i fokus.  Vi vil arbeide for \u00e5 finne brede forlik som gir gode l\u00f8sninger som tar hensyn til innbyggernes behov innenfor de rammer som gis av sentrale f\u00f8ringer og egen \u00f8konomi.<\/p><p>Partiene vil tilstrebe et raust, \u00e5pent og inkluderende samarbeid der partiene skal ha anledning til \u00e5 vise frem egen politikk og egenart.<\/p><h1>Overordnet<\/h1><ol><li>Ta hele Lier i bruk ved \u00e5 legge til rette for \u00e5 bo i hele kommunen og opprettholde tjenestetilbud som bl.a. skole- og barnehagetilbud n\u00e6r der folk bor.<\/li><li>Ivareta Gr\u00f8nne Lier gjennom ansvarlig forvaltning av alle typer naturressurser herunder v\u00e5rt klima, dyrket mark og artsmangfold.<\/li><li>Ta vare p\u00e5 v\u00e5r kulturarv og umistelige verdier som for eksempel omsorg for de svakeste blant oss.<\/li><li>Skape det gode samfunn i et samspill mellom det enkelte menneske, frivillige organisasjoner, private og offentlige virksomheter. Brukermedvirkning b\u00f8r tilstrebes og utvikles p\u00e5 alle politikkomr\u00e5der.<\/li><li>F\u00f8lge opp og holde seg til kommunens visjon, vedtatte planer (kommuneplanen, energi- og klimaplan, m.m.), etiske retningslinjer og reglementer.<\/li><li>Ta beslutninger basert p\u00e5 et anerkjent kunnskapsgrunnlag.<\/li><li>Ivareta Gr\u00f8nne Liers identitet ved fortsatt \u00e5 v\u00e6re egen kommune.<\/li><\/ol><h1>\u00d8konomi<\/h1><ol start=\"8\"><li>F\u00f8lge kommunens \u00f8konomiske handlingsregler knyttet til netto driftsresultat, \u00f8konomiske buffere og l\u00e5negjeld.<\/li><li>Ikke innf\u00f8re eiendomsskatt.<\/li><li>Starte politisk arbeid med neste \u00e5rs budsjett i forbindelse med f\u00f8rste tertialrapport.<\/li><li>Sette av penger til vedlikehold av infrastruktur (veier, bygg, ledningsnett, m.m.).<\/li><li>Legge langsiktige investeringsplaner basert p\u00e5 behovskartlegginger.<\/li><\/ol><h1>Viktige politiske prioriteringer<\/h1><ol start=\"13\"><li>Utarbeide et eget klimaregnskap for konkret oppf\u00f8lging av enkelttiltak som gir lavere klimagassutslipp.<\/li><li>Arbeide for \u00e5 bedre og enklere kollektivtransporttilbudet i hele kommunen.<\/li><li>Sikre trygge skoleveier i hele kommunen.<\/li><li>Arbeide for en mobbefri hverdag i skole og barnehage \u2013 innf\u00f8re en ordning med mobbeombud.<\/li><li>Sikre vern av dyrket og dyrkbar jord.<\/li><li>Sikre Lierelva som vannressurs for jordbruksvanning og som fiskeelv.<\/li><li>Holde framdriften i utviklingen av Fjordbyen.  <\/li><li>Hele Lier m\u00e5 sees og brukes.<\/li><li>Legge vekt p\u00e5 n\u00e6ringslivets betydning som grunnlag for v\u00e5r velferd.<\/li><li>Utarbeide egen plan for fiberdekning i hele Lier.  <\/li><li>Rullere Handlingsplan mot barnefattigdom.<\/li><li>Videreutvikle Sunne og Aktive Liunger-modellen.<\/li><li>Styrke tilbudet til, og ivareta rettighetene til personer med nedsatt funksjonsevne.<\/li><li>Redusere bruk av sosialhjelp ved \u00e5 arbeide for overgang til arbeid eller varige ytelser.<\/li><li>Arbeide for en heltidskultur i kommuneorganisasjonen og fortsatt innsats for \u00e5 redusere sykefrav\u00e6ret.<\/li><li>Videreutvikle samarbeidet med fagforeningene gjennom partssammensatt utvalg og trepartssamarbeid.<\/li><li>Realisere Fosshagen II som en del av det kommunale tjenestetilbudet\/drift.<\/li><li>Evaluere den kommunale selskapsstrukturen med sikte p\u00e5 best mulig kvalitet i alle ledd av tjenesteproduksjonen i l\u00f8pet av 2020.<\/li><li>Intensivere arbeidet for \u00e5 redusere st\u00f8ybelastningen i utsatte omr\u00e5der.<\/li><li>Arbeide for realiseringen av Matriket.<\/li><li>Arbeide for \u00e5 utvikle oppvekstsentre som en trygg, aldersblandet og pedagogisk tilpasningsdyktig plattform fra barnehagestart til avsluttet barneskole.<\/li><li>Utvikle kommunens satsing p\u00e5 energieffektive og milj\u00f8vennlige bygg.<\/li><li>Implementere reformen Leve hele Livet som en del av Helse-, omsorg- og velferdsplanen.<\/li><li>Arbeide for en l\u00f8sning for E134 som tar mest mulig hensyn til dyrkede omr\u00e5der og eksisterende bebyggelse.<\/li><\/ol><p><\/p><p><\/p><p><br \/><\/p><\/div>\n<div class=\"tags\">\n\t<\/div>\n<div class=\"post-footer alignfull has-background block-editor-block-list__block\" data-align=full>\n\t<div class=\"post-footer-inner\">\n\t\t<h3>Relaterte artikler<\/h3>\n\t\t<div class=\"related-content\"><div class=\"is-card-hoyre\">\n\t<div class=\"teft-card hoyre-teft-card post-teft-card\">\n\t\t<a href=\"https:\/\/hoyre.no\/lier\/aktuelt\/hvem-skal-representere-lier-hoyre-i-kommunestyret-2027-2031\/\" class=\"teft-card__primary-action\">\n\n\t\t\t\t\t<div class=\"teft-card__media teft-card__media--16-9\">\n\t\t\t\t\t\t<img loading=\"lazy\" decoding=\"async\" width=\"768\" height=\"576\" src=\"https:\/\/hoyre.no\/content\/uploads\/sites\/181\/2023\/09\/Synnove-1-768x576.jpg\" class=\"attachment-medium_large size-medium_large\" alt=\"\" srcset=\"https:\/\/hoyre.no\/content\/uploads\/sites\/181\/2023\/09\/Synnove-1-768x576.jpg 768w, https:\/\/hoyre.no\/content\/uploads\/sites\/181\/2023\/09\/Synnove-1-300x225.jpg 300w, https:\/\/hoyre.no\/content\/uploads\/sites\/181\/2023\/09\/Synnove-1-1024x768.jpg 1024w, https:\/\/hoyre.no\/content\/uploads\/sites\/181\/2023\/09\/Synnove-1-1536x1152.jpg 1536w, https:\/\/hoyre.no\/content\/uploads\/sites\/181\/2023\/09\/Synnove-1.jpg 1739w\" sizes=\"auto, (max-width: 768px) 100vw, 768px\" \/>\t\t<\/div>\n\t\t\n\t\t\t<div class=\"teft-card__content-wrapper\">\n\t\t\t\t<div class=\"teft-card__secondary\">\n\t\t\t\t\t\n\t\t\t\t\t\t\t\t<div class=\"teft-card__meta\">\n\t\t\t\t\t\t\t\t\t<span class=\"post-date\">18. mar 2026<\/span>\n\n\t\t\t\t\t\t\t\t\t\t\t\t\t\t\t\t\t<\/div>\n\t\t\t\t\t\t\t\t\t\t\t<\/div>\n\n\t\t\t\t<div class=\"teft-card__primary\">\n\t\t\t\t\t<h2 class=\"teft-card__title\">Hvem skal representere Lier H\u00f8yre i kommunestyret\u00a0 2027-2031?&nbsp;<span class=\"teft-card__primary-title-append\"><\/span><\/h2>\t\t\t\t<\/div>\n\t\t\t<\/div>\n\t\t<\/a>\n\t<\/div>\n\n\t<\/div><div class=\"is-card-hoyre\">\n\t<div class=\"teft-card hoyre-teft-card post-teft-card\">\n\t\t<a href=\"https:\/\/hoyre.no\/lier\/aktuelt\/lier-hoyres-nominasjons-prosess-og-datoplan-kommunevalget-2027\/\" class=\"teft-card__primary-action\">\n\n\t\t\t\t\t<div class=\"teft-card__media teft-card__media--16-9\">\n\t\t\t\t\t\t<img loading=\"lazy\" decoding=\"async\" width=\"640\" height=\"480\" src=\"https:\/\/hoyre.no\/content\/uploads\/sites\/181\/2026\/03\/488574322_10162715090130498_4152680883469981394_n.jpg\" class=\"attachment-medium_large size-medium_large\" alt=\"\" srcset=\"https:\/\/hoyre.no\/content\/uploads\/sites\/181\/2026\/03\/488574322_10162715090130498_4152680883469981394_n.jpg 640w, https:\/\/hoyre.no\/content\/uploads\/sites\/181\/2026\/03\/488574322_10162715090130498_4152680883469981394_n-300x225.jpg 300w\" sizes=\"auto, (max-width: 640px) 100vw, 640px\" \/>\t\t<\/div>\n\t\t\n\t\t\t<div class=\"teft-card__content-wrapper\">\n\t\t\t\t<div class=\"teft-card__secondary\">\n\t\t\t\t\t\n\t\t\t\t\t\t\t\t<div class=\"teft-card__meta\">\n\t\t\t\t\t\t\t\t\t<span class=\"post-date\">18. mar 2026<\/span>\n\n\t\t\t\t\t\t\t\t\t\t\t\t\t\t\t\t\t<\/div>\n\t\t\t\t\t\t\t\t\t\t\t<\/div>\n\n\t\t\t\t<div class=\"teft-card__primary\">\n\t\t\t\t\t<h2 class=\"teft-card__title\">Lier H\u00f8yres Nominasjons-prosess og datoplan for kommunevalget 2027&nbsp;<span class=\"teft-card__primary-title-append\"><\/span><\/h2>\t\t\t\t<\/div>\n\t\t\t<\/div>\n\t\t<\/a>\n\t<\/div>\n\n\t<\/div><div class=\"is-card-hoyre\">\n\t<div class=\"teft-card hoyre-teft-card post-teft-card\">\n\t\t<a href=\"https:\/\/hoyre.no\/lier\/aktuelt\/bli-h-partner\/\" class=\"teft-card__primary-action\">\n\n\t\t\t\t\t<div class=\"teft-card__media teft-card__media--16-9\">\n\t\t\t\t\t\t<img loading=\"lazy\" decoding=\"async\" width=\"768\" height=\"469\" src=\"https:\/\/hoyre.no\/content\/uploads\/sites\/181\/2025\/03\/H-partner-768x469.png\" class=\"attachment-medium_large size-medium_large\" alt=\"\" srcset=\"https:\/\/hoyre.no\/content\/uploads\/sites\/181\/2025\/03\/H-partner-768x469.png 768w, https:\/\/hoyre.no\/content\/uploads\/sites\/181\/2025\/03\/H-partner-300x183.png 300w, https:\/\/hoyre.no\/content\/uploads\/sites\/181\/2025\/03\/H-partner-1024x625.png 1024w, https:\/\/hoyre.no\/content\/uploads\/sites\/181\/2025\/03\/H-partner-1536x938.png 1536w, https:\/\/hoyre.no\/content\/uploads\/sites\/181\/2025\/03\/H-partner-2048x1251.png 2048w\" sizes=\"auto, (max-width: 768px) 100vw, 768px\" \/>\t\t<\/div>\n\t\t\n\t\t\t<div class=\"teft-card__content-wrapper\">\n\t\t\t\t<div class=\"teft-card__secondary\">\n\t\t\t\t\t\n\t\t\t\t\t\t\t\t<div class=\"teft-card__meta\">\n\t\t\t\t\t\t\t\t\t<span class=\"post-date\">6. mar 2025<\/span>\n\n\t\t\t\t\t\t\t\t\t\t\t\t\t\t\t\t\t<\/div>\n\t\t\t\t\t\t\t\t\t\t\t<\/div>\n\n\t\t\t\t<div class=\"teft-card__primary\">\n\t\t\t\t\t<h2 class=\"teft-card__title\">Bli H-partner&nbsp;<span class=\"teft-card__primary-title-append\"><\/span><\/h2>\t\t\t\t<\/div>\n\t\t\t<\/div>\n\t\t<\/a>\n\t<\/div>\n\n\t<\/div><\/div>\t<\/div>\n<\/div>\n","protected":false},"excerpt":{"rendered":"","protected":false},"author":0,"featured_media":0,"comment_status":"closed","ping_status":"closed","sticky":false,"template":"","format":"standard","meta":{"teft_cards_image_url":"https:\/\/hoyre.no\/content\/uploads\/sites\/181\/2020\/11\/02_04_valg_2019_sama_16x9-scaled.jpg","teft_cards_custom_pretitle":"","teft_cards_image_id":33,"teft_cards_image_focal_point_x":0,"teft_cards_image_focal_point_y":0,"teft_cards_title":"","teft_cards_excerpt":"","teft_show_chapters":false,"author_display_name":"Jan Erik Alverdus Berg","footnotes":""},"category":[1],"post_tag":[],"hoyre-visibility":[],"article-type":[],"politician":[],"class_list":["post-34","post","type-post","status-publish","format-standard","hentry","category-ukategorisert"],"yoast_head":"<!-- This site is optimized with the Yoast SEO plugin v26.6 - https:\/\/yoast.com\/wordpress\/plugins\/seo\/ -->\n<title>Politisk plattform 2019 - 2023 H+Frp+Sp+Krf - Lier H\u00f8yre<\/title>\n<meta name=\"robots\" content=\"index, follow, max-snippet:-1, max-image-preview:large, max-video-preview:-1\" \/>\n<link rel=\"canonical\" href=\"https:\/\/hoyre.no\/lier\/aktuelt\/samarbeidsavtale_2019_2023_h_frp_sp_krf\/\" \/>\n<meta property=\"og:locale\" content=\"nb_NO\" \/>\n<meta property=\"og:type\" content=\"article\" \/>\n<meta property=\"og:title\" content=\"Politisk plattform 2019 - 2023 H+Frp+Sp+Krf - Lier H\u00f8yre\" \/>\n<meta property=\"og:url\" content=\"https:\/\/hoyre.no\/lier\/aktuelt\/samarbeidsavtale_2019_2023_h_frp_sp_krf\/\" \/>\n<meta property=\"og:site_name\" content=\"Lier H\u00f8yre\" \/>\n<meta property=\"article:published_time\" content=\"2019-12-06T22:00:00+00:00\" \/>\n<meta property=\"og:image\" content=\"https:\/\/hoyre.no\/content\/uploads\/sites\/181\/2025\/03\/H-partner-1024x625.png\" \/>\n<meta name=\"twitter:card\" content=\"summary_large_image\" \/>\n<meta name=\"twitter:label1\" content=\"Ansl. lesetid\" \/>\n\t<meta name=\"twitter:data1\" content=\"3 minutter\" \/>\n<script type=\"application\/ld+json\" class=\"yoast-schema-graph\">{\"@context\":\"https:\/\/schema.org\",\"@graph\":[{\"@type\":\"NewsArticle\",\"@id\":\"https:\/\/hoyre.no\/lier\/aktuelt\/samarbeidsavtale_2019_2023_h_frp_sp_krf\/\",\"url\":\"https:\/\/hoyre.no\/lier\/aktuelt\/samarbeidsavtale_2019_2023_h_frp_sp_krf\/\",\"name\":\"Politisk plattform 2019 - 2023 H+Frp+Sp+Krf - Lier H\u00f8yre\",\"isPartOf\":{\"@id\":\"https:\/\/hoyre.no\/lier\/#website\"},\"datePublished\":\"2019-12-06T22:00:00+00:00\",\"author\":{\"@id\":\"\"},\"breadcrumb\":{\"@id\":\"https:\/\/hoyre.no\/lier\/aktuelt\/samarbeidsavtale_2019_2023_h_frp_sp_krf\/#breadcrumb\"},\"inLanguage\":\"nb-NO\",\"potentialAction\":[{\"@type\":\"ReadAction\",\"target\":[\"https:\/\/hoyre.no\/lier\/aktuelt\/samarbeidsavtale_2019_2023_h_frp_sp_krf\/\"]}]},{\"@type\":\"BreadcrumbList\",\"@id\":\"https:\/\/hoyre.no\/lier\/aktuelt\/samarbeidsavtale_2019_2023_h_frp_sp_krf\/#breadcrumb\",\"itemListElement\":[{\"@type\":\"ListItem\",\"position\":1,\"name\":\"Til hoyre.no\",\"item\":\"https:\/\/hoyre.no\"},{\"@type\":\"ListItem\",\"position\":2,\"name\":\"Hjem\",\"item\":\"https:\/\/hoyre.no\/lier\/\"},{\"@type\":\"ListItem\",\"position\":3,\"name\":\"Politisk plattform 2019 &#8211; 2023 H+Frp+Sp+Krf\"}]},{\"@type\":\"WebSite\",\"@id\":\"https:\/\/hoyre.no\/lier\/#website\",\"url\":\"https:\/\/hoyre.no\/lier\/\",\"name\":\"Lier H\u00f8yre\",\"description\":\"Bare enda et H\u00f8yres nettsteder-nettsted\",\"inLanguage\":\"nb-NO\"}]}<\/script>\n<!-- \/ Yoast SEO plugin. -->","yoast_head_json":{"title":"Politisk plattform 2019 - 2023 H+Frp+Sp+Krf - Lier H\u00f8yre","robots":{"index":"index","follow":"follow","max-snippet":"max-snippet:-1","max-image-preview":"max-image-preview:large","max-video-preview":"max-video-preview:-1"},"canonical":"https:\/\/hoyre.no\/lier\/aktuelt\/samarbeidsavtale_2019_2023_h_frp_sp_krf\/","og_locale":"nb_NO","og_type":"article","og_title":"Politisk plattform 2019 - 2023 H+Frp+Sp+Krf - Lier H\u00f8yre","og_url":"https:\/\/hoyre.no\/lier\/aktuelt\/samarbeidsavtale_2019_2023_h_frp_sp_krf\/","og_site_name":"Lier H\u00f8yre","article_published_time":"2019-12-06T22:00:00+00:00","og_image":[{"url":"https:\/\/hoyre.no\/content\/uploads\/sites\/181\/2025\/03\/H-partner-1024x625.png","width":"","height":"","type":""}],"twitter_card":"summary_large_image","twitter_misc":{"Ansl. lesetid":"3 minutter"},"schema":{"@context":"https:\/\/schema.org","@graph":[{"@type":"NewsArticle","@id":"https:\/\/hoyre.no\/lier\/aktuelt\/samarbeidsavtale_2019_2023_h_frp_sp_krf\/","url":"https:\/\/hoyre.no\/lier\/aktuelt\/samarbeidsavtale_2019_2023_h_frp_sp_krf\/","name":"Politisk plattform 2019 - 2023 H+Frp+Sp+Krf - Lier H\u00f8yre","isPartOf":{"@id":"https:\/\/hoyre.no\/lier\/#website"},"datePublished":"2019-12-06T22:00:00+00:00","author":{"@id":""},"breadcrumb":{"@id":"https:\/\/hoyre.no\/lier\/aktuelt\/samarbeidsavtale_2019_2023_h_frp_sp_krf\/#breadcrumb"},"inLanguage":"nb-NO","potentialAction":[{"@type":"ReadAction","target":["https:\/\/hoyre.no\/lier\/aktuelt\/samarbeidsavtale_2019_2023_h_frp_sp_krf\/"]}]},{"@type":"BreadcrumbList","@id":"https:\/\/hoyre.no\/lier\/aktuelt\/samarbeidsavtale_2019_2023_h_frp_sp_krf\/#breadcrumb","itemListElement":[{"@type":"ListItem","position":1,"name":"Til hoyre.no","item":"https:\/\/hoyre.no"},{"@type":"ListItem","position":2,"name":"Hjem","item":"https:\/\/hoyre.no\/lier\/"},{"@type":"ListItem","position":3,"name":"Politisk plattform 2019 &#8211; 2023 H+Frp+Sp+Krf"}]},{"@type":"WebSite","@id":"https:\/\/hoyre.no\/lier\/#website","url":"https:\/\/hoyre.no\/lier\/","name":"Lier H\u00f8yre","description":"Bare enda et H\u00f8yres nettsteder-nettsted","inLanguage":"nb-NO"}]}},"distributor_meta":false,"distributor_terms":false,"distributor_media":false,"distributor_original_site_name":"Lier H\u00f8yre","distributor_original_site_url":"https:\/\/hoyre.no\/lier","push-errors":false,"_links":{"self":[{"href":"https:\/\/hoyre.no\/lier\/wp-json\/wp\/v2\/posts\/34","targetHints":{"allow":["GET"]}}],"collection":[{"href":"https:\/\/hoyre.no\/lier\/wp-json\/wp\/v2\/posts"}],"about":[{"href":"https:\/\/hoyre.no\/lier\/wp-json\/wp\/v2\/types\/post"}],"replies":[{"embeddable":true,"href":"https:\/\/hoyre.no\/lier\/wp-json\/wp\/v2\/comments?post=34"}],"version-history":[{"count":0,"href":"https:\/\/hoyre.no\/lier\/wp-json\/wp\/v2\/posts\/34\/revisions"}],"wp:attachment":[{"href":"https:\/\/hoyre.no\/lier\/wp-json\/wp\/v2\/media?parent=34"}],"wp:term":[{"taxonomy":"category","embeddable":true,"href":"https:\/\/hoyre.no\/lier\/wp-json\/wp\/v2\/category?post=34"},{"taxonomy":"post_tag","embeddable":true,"href":"https:\/\/hoyre.no\/lier\/wp-json\/wp\/v2\/post_tag?post=34"},{"taxonomy":"hoyre-visibility","embeddable":true,"href":"https:\/\/hoyre.no\/lier\/wp-json\/wp\/v2\/hoyre-visibility?post=34"},{"taxonomy":"article-type","embeddable":true,"href":"https:\/\/hoyre.no\/lier\/wp-json\/wp\/v2\/article-type?post=34"},{"taxonomy":"politician","embeddable":true,"href":"https:\/\/hoyre.no\/lier\/wp-json\/wp\/v2\/politician?post=34"}],"curies":[{"name":"wp","href":"https:\/\/api.w.org\/{rel}","templated":true}]}}