{"id":38,"date":"2019-05-29T22:00:00","date_gmt":"2019-05-29T20:00:00","guid":{"rendered":"https:\/\/hoyre.no\/lier\/aktuelt\/trygg_og_glad_oppvekst\/"},"modified":"2019-05-29T22:00:00","modified_gmt":"2019-05-29T20:00:00","slug":"trygg_og_glad_oppvekst","status":"publish","type":"post","link":"https:\/\/hoyre.no\/lier\/aktuelt\/trygg_og_glad_oppvekst\/","title":{"rendered":"Trygg og glad oppvekst"},"content":{"rendered":"<p class=\"preamble\">Trygg og gladoppvekst En trygg og glad barndom krever innsats fra hele lokalsamfunnet. En god barndom varer livet ut.Kunnskap gir muligheter for alle. Lier H\u00f8yre \u00f8nsker \u00e5 skape en barnehage og skole som gir barna og elevene trygge rammer og n\u00f8dvendige ferdigheter, slik at de kan realisere evnene, dr\u00f8mmene og ambisjonene sine uavhengig av bostedsadresse og sosial bakgrunn.<\/p>\t\t\t<div class=\"post-meta wp-block teft-byline-wrapper\">\n\t\t\t\t<div class=\"top\">\n\t\t\t\t\t<div class=\"signature\">\n\t\t\t\t\t\t<div class=\"teft-byline\">\n\t\t\t\t\t\t\t\t\t\t\t\t\t\t<div>\n\t\t\t\t\t\t\t\t<h3>H\u00f8yres redaksjon<\/h3>\t\t\t\t\t\t\t\t\n\t\t\t\t\t\t\t\t\t\t\t\t\t\t\t\t\t<span class=\"date\">Sist oppdatert: 29. mai 2019<\/span>\n\t\t\t\t\t\t\t\t\t\t\t\t\t\t\t\t\t\t\t\t\t\t\t\t\t<span class=\"reading-time\" itemprop=\"timeRequired\" content=\"PT2M\"><em>Ca. 2 minutter lesetid<\/em><\/span>\n\t\t\t\t\t\t\t\t\t\t\t\t\t\t\t<\/div>\n\t\t\t\t\t\t<\/div>\n\t\t\t\t\t<\/div>\n\t\t\t\t\t\t<div class=\"sharing\">\n\t\t<a class=\"share-button share-link copy-link\" data-copy=\"https:\/\/hoyre.no\/lier\/aktuelt\/trygg_og_glad_oppvekst\/\" target=\"_blank\"><span class=\"screen-reader-text\">Del link<\/span><\/a>\n\t\t<a class=\"share-button share-twitter\" href=\"http:\/\/twitter.com\/share?text=Trygg og glad oppvekst&#038;url=https:\/\/hoyre.no\/lier\/aktuelt\/trygg_og_glad_oppvekst\/&#038;hashtags=Hoyre\" target=\"_blank\"><span class=\"screen-reader-text\">Del p\u00e5 twitter<\/span><\/a>\n\t\t<a class=\"share-button share-facebook\" href=\"https:\/\/www.facebook.com\/sharer\/sharer.php?u=https:\/\/hoyre.no\/lier\/aktuelt\/trygg_og_glad_oppvekst\/\" target=\"_blank\"><span class=\"screen-reader-text\">Del p\u00e5 facebook<\/span><\/a>\n\t<\/div>\n\t\t\t\t\t<\/div>\n\t\t\t<\/div>\n\n\t\t\t<figure class=\"hoyre-image-wrapper\"><div class=\"hoyre-image\"><img loading=\"lazy\" decoding=\"async\" width=\"2592\" height=\"1728\" src=\"https:\/\/hoyre.no\/content\/uploads\/sites\/181\/2020\/11\/gunn_eceilie_t_pose.png\" class=\"attachment-scaled size-scaled\" alt=\"\" style=\"object-position: 50% 50%\" srcset=\"https:\/\/hoyre.no\/content\/uploads\/sites\/181\/2020\/11\/gunn_eceilie_t_pose.png 2592w, https:\/\/hoyre.no\/content\/uploads\/sites\/181\/2020\/11\/gunn_eceilie_t_pose-300x200.png 300w, https:\/\/hoyre.no\/content\/uploads\/sites\/181\/2020\/11\/gunn_eceilie_t_pose-1024x683.png 1024w, https:\/\/hoyre.no\/content\/uploads\/sites\/181\/2020\/11\/gunn_eceilie_t_pose-768x512.png 768w, https:\/\/hoyre.no\/content\/uploads\/sites\/181\/2020\/11\/gunn_eceilie_t_pose-1536x1024.png 1536w, https:\/\/hoyre.no\/content\/uploads\/sites\/181\/2020\/11\/gunn_eceilie_t_pose-2048x1365.png 2048w\" sizes=\"auto, (max-width: 2592px) 100vw, 2592px\" \/><\/div><\/figure><div id=\"hoyre-old-article-content-wrapper\"><h2><b>Lier H\u00f8yre vil:<\/b><\/h2><ul><li>F\u00f8lge opp kvalitetsplanen i skolene og barnehagene.<\/li><li>Videref\u00f8re full barnehagedekning.                   <\/li><li>Sikre at vi har et barnehagetilbud irimelig n\u00e6rhet av folks reisevei mellom bolig og arbeid.<b><\/b><\/li><li>Utvikle en plan for smart og riktig leksearbeid p\u00e5 alle skolene i Lier. <\/li><li>Arbeide for at lierskolen tiltrekker seg de beste l\u00e6rerne gjennom \u00e5 s\u00f8rgefor midler til videreutdanning og kompetanseheving for ledere og l\u00e6rere i lierskolen.<\/li><li>Satse videre p\u00e5 &laquo;Inn p\u00e5 tunet&raquo; prosjektet, der elever f\u00e5ranledning til praktisk arbeid og l\u00e6ring p\u00e5 g\u00e5rdene.<\/li><li>S\u00f8rge for at tilbud som Milj\u00f8verkstedet og Hundremeterskogen gir gode ogtrygge rammer for elevene.<\/li><li>S\u00f8rge for at elevene f\u00e5r individuelt tilpasset undervisning ogskolehverdag gjennom tidlig kartlegging og raske tiltak. <\/li><li>Arbeide for en mobbefri skole der elever og l\u00e6rere m\u00f8tes med respekt,\u00e5penhet og toleranse for \u00e5 sikre et godt l\u00e6ringsmilj\u00f8.<\/li><li>Videreutvikle Sunne og Aktive Liunger (SAL) for livsmestring og sunne levevaner, gjennom aktivitet og riktig kosthold, b\u00e5de i barnehager og skoler.<\/li><li>Innf\u00f8re et <i>tilbud<\/i> om en enkelskolelunsj mot betaling fra foresatte. <\/p><p><\/li><li>Leggetil rette for gode bomilj\u00f8 med aktivitetstilbud i hele Lier. <\/li><li>Sikregod nok kapasitet p\u00e5 idrettsanlegg og i haller gjennom samarbeid med idretten. <\/li><li>Videref\u00f8reog utvikle gratis utl\u00e5nstjeneste og aktiviteter i BUA. <\/li><li>VidereutvikleKulturskolen, korps og tilbud innen Ungdomshuset V2 og ungdomsklubber.<\/p><p><\/li><li>Gi gode svangerskaps- og barselomsorgstjenester, med kurs og foreldreveiledning, og vurdere innf\u00f8ring av Home Start-konsept.<\/li><li>Pr\u00f8ve ut ordningen med fire\u00e5rskontroll i barnehagene.<\/li><li>Sikre god kvalitet i barnevernstjenesten med sterkt fagmilj\u00f8.<\/li><li>Vurdere bruk av psykisk helseteam (i helsetjenesten) p\u00e5 forebyggende arbeid, s\u00e6rlig opp mot barnevernets omr\u00e5de.<\/li><li>Utvikle prosjekt barne- og familiehjelpa for tidlig innsats og tverrfaglig tiln\u00e6rming, der barn og familier med store utfordringer skal ha \u00aben d\u00f8r\u00bb inn i hjelpeapparatet.<\/li><li>Videreutvikletilbud som Ungdomshjelpa, gode helses\u00f8stertjenester og lavterskeltilbud forbarn og unge.<\/li><li>Sikre en god skolehelsetjeneste.<\/li><\/ul><p><i><\/i><\/p><p><b><\/b><\/p><p><br \/><\/p><\/div>\n<div class=\"tags\">\n\t<\/div>\n<div class=\"post-footer alignfull has-background block-editor-block-list__block\" data-align=full>\n\t<div class=\"post-footer-inner\">\n\t\t<h3>Relaterte artikler<\/h3>\n\t\t<div class=\"related-content\"><div class=\"is-card-hoyre\">\n\t<div class=\"teft-card hoyre-teft-card post-teft-card\">\n\t\t<a href=\"https:\/\/hoyre.no\/lier\/aktuelt\/hvem-skal-representere-lier-hoyre-i-kommunestyret-2027-2031\/\" class=\"teft-card__primary-action\">\n\n\t\t\t\t\t<div class=\"teft-card__media teft-card__media--16-9\">\n\t\t\t\t\t\t<img loading=\"lazy\" decoding=\"async\" width=\"768\" height=\"576\" src=\"https:\/\/hoyre.no\/content\/uploads\/sites\/181\/2023\/09\/Synnove-1-768x576.jpg\" class=\"attachment-medium_large size-medium_large\" alt=\"\" srcset=\"https:\/\/hoyre.no\/content\/uploads\/sites\/181\/2023\/09\/Synnove-1-768x576.jpg 768w, https:\/\/hoyre.no\/content\/uploads\/sites\/181\/2023\/09\/Synnove-1-300x225.jpg 300w, https:\/\/hoyre.no\/content\/uploads\/sites\/181\/2023\/09\/Synnove-1-1024x768.jpg 1024w, https:\/\/hoyre.no\/content\/uploads\/sites\/181\/2023\/09\/Synnove-1-1536x1152.jpg 1536w, https:\/\/hoyre.no\/content\/uploads\/sites\/181\/2023\/09\/Synnove-1.jpg 1739w\" sizes=\"auto, (max-width: 768px) 100vw, 768px\" \/>\t\t<\/div>\n\t\t\n\t\t\t<div class=\"teft-card__content-wrapper\">\n\t\t\t\t<div class=\"teft-card__secondary\">\n\t\t\t\t\t\n\t\t\t\t\t\t\t\t<div class=\"teft-card__meta\">\n\t\t\t\t\t\t\t\t\t<span class=\"post-date\">18. mar 2026<\/span>\n\n\t\t\t\t\t\t\t\t\t\t\t\t\t\t\t\t\t<\/div>\n\t\t\t\t\t\t\t\t\t\t\t<\/div>\n\n\t\t\t\t<div class=\"teft-card__primary\">\n\t\t\t\t\t<h2 class=\"teft-card__title\">Hvem skal representere Lier H\u00f8yre i kommunestyret\u00a0 2027-2031?&nbsp;<span class=\"teft-card__primary-title-append\"><\/span><\/h2>\t\t\t\t<\/div>\n\t\t\t<\/div>\n\t\t<\/a>\n\t<\/div>\n\n\t<\/div><div class=\"is-card-hoyre\">\n\t<div class=\"teft-card hoyre-teft-card post-teft-card\">\n\t\t<a href=\"https:\/\/hoyre.no\/lier\/aktuelt\/lier-hoyres-nominasjons-prosess-og-datoplan-kommunevalget-2027\/\" class=\"teft-card__primary-action\">\n\n\t\t\t\t\t<div class=\"teft-card__media teft-card__media--16-9\">\n\t\t\t\t\t\t<img loading=\"lazy\" decoding=\"async\" width=\"640\" height=\"480\" src=\"https:\/\/hoyre.no\/content\/uploads\/sites\/181\/2026\/03\/488574322_10162715090130498_4152680883469981394_n.jpg\" class=\"attachment-medium_large size-medium_large\" alt=\"\" srcset=\"https:\/\/hoyre.no\/content\/uploads\/sites\/181\/2026\/03\/488574322_10162715090130498_4152680883469981394_n.jpg 640w, https:\/\/hoyre.no\/content\/uploads\/sites\/181\/2026\/03\/488574322_10162715090130498_4152680883469981394_n-300x225.jpg 300w\" sizes=\"auto, (max-width: 640px) 100vw, 640px\" \/>\t\t<\/div>\n\t\t\n\t\t\t<div class=\"teft-card__content-wrapper\">\n\t\t\t\t<div class=\"teft-card__secondary\">\n\t\t\t\t\t\n\t\t\t\t\t\t\t\t<div class=\"teft-card__meta\">\n\t\t\t\t\t\t\t\t\t<span class=\"post-date\">18. mar 2026<\/span>\n\n\t\t\t\t\t\t\t\t\t\t\t\t\t\t\t\t\t<\/div>\n\t\t\t\t\t\t\t\t\t\t\t<\/div>\n\n\t\t\t\t<div class=\"teft-card__primary\">\n\t\t\t\t\t<h2 class=\"teft-card__title\">Lier H\u00f8yres Nominasjons-prosess og datoplan for kommunevalget 2027&nbsp;<span class=\"teft-card__primary-title-append\"><\/span><\/h2>\t\t\t\t<\/div>\n\t\t\t<\/div>\n\t\t<\/a>\n\t<\/div>\n\n\t<\/div><div class=\"is-card-hoyre\">\n\t<div class=\"teft-card hoyre-teft-card post-teft-card\">\n\t\t<a href=\"https:\/\/hoyre.no\/lier\/aktuelt\/bli-h-partner\/\" class=\"teft-card__primary-action\">\n\n\t\t\t\t\t<div class=\"teft-card__media teft-card__media--16-9\">\n\t\t\t\t\t\t<img loading=\"lazy\" decoding=\"async\" width=\"768\" height=\"469\" src=\"https:\/\/hoyre.no\/content\/uploads\/sites\/181\/2025\/03\/H-partner-768x469.png\" class=\"attachment-medium_large size-medium_large\" alt=\"\" srcset=\"https:\/\/hoyre.no\/content\/uploads\/sites\/181\/2025\/03\/H-partner-768x469.png 768w, https:\/\/hoyre.no\/content\/uploads\/sites\/181\/2025\/03\/H-partner-300x183.png 300w, https:\/\/hoyre.no\/content\/uploads\/sites\/181\/2025\/03\/H-partner-1024x625.png 1024w, https:\/\/hoyre.no\/content\/uploads\/sites\/181\/2025\/03\/H-partner-1536x938.png 1536w, https:\/\/hoyre.no\/content\/uploads\/sites\/181\/2025\/03\/H-partner-2048x1251.png 2048w\" sizes=\"auto, (max-width: 768px) 100vw, 768px\" \/>\t\t<\/div>\n\t\t\n\t\t\t<div class=\"teft-card__content-wrapper\">\n\t\t\t\t<div class=\"teft-card__secondary\">\n\t\t\t\t\t\n\t\t\t\t\t\t\t\t<div class=\"teft-card__meta\">\n\t\t\t\t\t\t\t\t\t<span class=\"post-date\">6. mar 2025<\/span>\n\n\t\t\t\t\t\t\t\t\t\t\t\t\t\t\t\t\t<\/div>\n\t\t\t\t\t\t\t\t\t\t\t<\/div>\n\n\t\t\t\t<div class=\"teft-card__primary\">\n\t\t\t\t\t<h2 class=\"teft-card__title\">Bli H-partner&nbsp;<span class=\"teft-card__primary-title-append\"><\/span><\/h2>\t\t\t\t<\/div>\n\t\t\t<\/div>\n\t\t<\/a>\n\t<\/div>\n\n\t<\/div><\/div>\t<\/div>\n<\/div>\n","protected":false},"excerpt":{"rendered":"","protected":false},"author":0,"featured_media":0,"comment_status":"closed","ping_status":"closed","sticky":false,"template":"","format":"standard","meta":{"teft_cards_image_url":"https:\/\/hoyre.no\/content\/uploads\/sites\/181\/2020\/11\/gunn_eceilie_t_pose.png","teft_cards_custom_pretitle":"","teft_cards_image_id":37,"teft_cards_image_focal_point_x":0,"teft_cards_image_focal_point_y":0,"teft_cards_title":"","teft_cards_excerpt":"","teft_show_chapters":false,"author_display_name":"Lier H\u00f8yre","footnotes":""},"category":[1],"post_tag":[],"hoyre-visibility":[],"article-type":[],"politician":[],"class_list":["post-38","post","type-post","status-publish","format-standard","hentry","category-ukategorisert"],"yoast_head":"<!-- This site is optimized with the Yoast SEO plugin v26.6 - https:\/\/yoast.com\/wordpress\/plugins\/seo\/ -->\n<title>Trygg og glad oppvekst - Lier H\u00f8yre<\/title>\n<meta name=\"robots\" content=\"index, follow, max-snippet:-1, max-image-preview:large, max-video-preview:-1\" \/>\n<link rel=\"canonical\" href=\"https:\/\/hoyre.no\/lier\/aktuelt\/trygg_og_glad_oppvekst\/\" \/>\n<meta property=\"og:locale\" content=\"nb_NO\" \/>\n<meta property=\"og:type\" content=\"article\" \/>\n<meta property=\"og:title\" content=\"Trygg og glad oppvekst - Lier H\u00f8yre\" \/>\n<meta property=\"og:url\" content=\"https:\/\/hoyre.no\/lier\/aktuelt\/trygg_og_glad_oppvekst\/\" \/>\n<meta property=\"og:site_name\" content=\"Lier H\u00f8yre\" \/>\n<meta property=\"article:published_time\" content=\"2019-05-29T20:00:00+00:00\" \/>\n<meta property=\"og:image\" content=\"https:\/\/hoyre.no\/content\/uploads\/sites\/181\/2025\/03\/H-partner-1024x625.png\" \/>\n<meta name=\"twitter:card\" content=\"summary_large_image\" \/>\n<meta name=\"twitter:label1\" content=\"Ansl. lesetid\" \/>\n\t<meta name=\"twitter:data1\" content=\"2 minutter\" \/>\n<script type=\"application\/ld+json\" class=\"yoast-schema-graph\">{\"@context\":\"https:\/\/schema.org\",\"@graph\":[{\"@type\":\"NewsArticle\",\"@id\":\"https:\/\/hoyre.no\/lier\/aktuelt\/trygg_og_glad_oppvekst\/\",\"url\":\"https:\/\/hoyre.no\/lier\/aktuelt\/trygg_og_glad_oppvekst\/\",\"name\":\"Trygg og glad oppvekst - Lier H\u00f8yre\",\"isPartOf\":{\"@id\":\"https:\/\/hoyre.no\/lier\/#website\"},\"datePublished\":\"2019-05-29T20:00:00+00:00\",\"author\":{\"@id\":\"\"},\"breadcrumb\":{\"@id\":\"https:\/\/hoyre.no\/lier\/aktuelt\/trygg_og_glad_oppvekst\/#breadcrumb\"},\"inLanguage\":\"nb-NO\",\"potentialAction\":[{\"@type\":\"ReadAction\",\"target\":[\"https:\/\/hoyre.no\/lier\/aktuelt\/trygg_og_glad_oppvekst\/\"]}]},{\"@type\":\"BreadcrumbList\",\"@id\":\"https:\/\/hoyre.no\/lier\/aktuelt\/trygg_og_glad_oppvekst\/#breadcrumb\",\"itemListElement\":[{\"@type\":\"ListItem\",\"position\":1,\"name\":\"Til hoyre.no\",\"item\":\"https:\/\/hoyre.no\"},{\"@type\":\"ListItem\",\"position\":2,\"name\":\"Hjem\",\"item\":\"https:\/\/hoyre.no\/lier\/\"},{\"@type\":\"ListItem\",\"position\":3,\"name\":\"Trygg og glad oppvekst\"}]},{\"@type\":\"WebSite\",\"@id\":\"https:\/\/hoyre.no\/lier\/#website\",\"url\":\"https:\/\/hoyre.no\/lier\/\",\"name\":\"Lier H\u00f8yre\",\"description\":\"Bare enda et H\u00f8yres nettsteder-nettsted\",\"inLanguage\":\"nb-NO\"}]}<\/script>\n<!-- \/ Yoast SEO plugin. -->","yoast_head_json":{"title":"Trygg og glad oppvekst - Lier H\u00f8yre","robots":{"index":"index","follow":"follow","max-snippet":"max-snippet:-1","max-image-preview":"max-image-preview:large","max-video-preview":"max-video-preview:-1"},"canonical":"https:\/\/hoyre.no\/lier\/aktuelt\/trygg_og_glad_oppvekst\/","og_locale":"nb_NO","og_type":"article","og_title":"Trygg og glad oppvekst - Lier H\u00f8yre","og_url":"https:\/\/hoyre.no\/lier\/aktuelt\/trygg_og_glad_oppvekst\/","og_site_name":"Lier H\u00f8yre","article_published_time":"2019-05-29T20:00:00+00:00","og_image":[{"url":"https:\/\/hoyre.no\/content\/uploads\/sites\/181\/2025\/03\/H-partner-1024x625.png","width":"","height":"","type":""}],"twitter_card":"summary_large_image","twitter_misc":{"Ansl. lesetid":"2 minutter"},"schema":{"@context":"https:\/\/schema.org","@graph":[{"@type":"NewsArticle","@id":"https:\/\/hoyre.no\/lier\/aktuelt\/trygg_og_glad_oppvekst\/","url":"https:\/\/hoyre.no\/lier\/aktuelt\/trygg_og_glad_oppvekst\/","name":"Trygg og glad oppvekst - Lier H\u00f8yre","isPartOf":{"@id":"https:\/\/hoyre.no\/lier\/#website"},"datePublished":"2019-05-29T20:00:00+00:00","author":{"@id":""},"breadcrumb":{"@id":"https:\/\/hoyre.no\/lier\/aktuelt\/trygg_og_glad_oppvekst\/#breadcrumb"},"inLanguage":"nb-NO","potentialAction":[{"@type":"ReadAction","target":["https:\/\/hoyre.no\/lier\/aktuelt\/trygg_og_glad_oppvekst\/"]}]},{"@type":"BreadcrumbList","@id":"https:\/\/hoyre.no\/lier\/aktuelt\/trygg_og_glad_oppvekst\/#breadcrumb","itemListElement":[{"@type":"ListItem","position":1,"name":"Til hoyre.no","item":"https:\/\/hoyre.no"},{"@type":"ListItem","position":2,"name":"Hjem","item":"https:\/\/hoyre.no\/lier\/"},{"@type":"ListItem","position":3,"name":"Trygg og glad oppvekst"}]},{"@type":"WebSite","@id":"https:\/\/hoyre.no\/lier\/#website","url":"https:\/\/hoyre.no\/lier\/","name":"Lier H\u00f8yre","description":"Bare enda et H\u00f8yres nettsteder-nettsted","inLanguage":"nb-NO"}]}},"distributor_meta":false,"distributor_terms":false,"distributor_media":false,"distributor_original_site_name":"Lier H\u00f8yre","distributor_original_site_url":"https:\/\/hoyre.no\/lier","push-errors":false,"_links":{"self":[{"href":"https:\/\/hoyre.no\/lier\/wp-json\/wp\/v2\/posts\/38","targetHints":{"allow":["GET"]}}],"collection":[{"href":"https:\/\/hoyre.no\/lier\/wp-json\/wp\/v2\/posts"}],"about":[{"href":"https:\/\/hoyre.no\/lier\/wp-json\/wp\/v2\/types\/post"}],"replies":[{"embeddable":true,"href":"https:\/\/hoyre.no\/lier\/wp-json\/wp\/v2\/comments?post=38"}],"version-history":[{"count":0,"href":"https:\/\/hoyre.no\/lier\/wp-json\/wp\/v2\/posts\/38\/revisions"}],"wp:attachment":[{"href":"https:\/\/hoyre.no\/lier\/wp-json\/wp\/v2\/media?parent=38"}],"wp:term":[{"taxonomy":"category","embeddable":true,"href":"https:\/\/hoyre.no\/lier\/wp-json\/wp\/v2\/category?post=38"},{"taxonomy":"post_tag","embeddable":true,"href":"https:\/\/hoyre.no\/lier\/wp-json\/wp\/v2\/post_tag?post=38"},{"taxonomy":"hoyre-visibility","embeddable":true,"href":"https:\/\/hoyre.no\/lier\/wp-json\/wp\/v2\/hoyre-visibility?post=38"},{"taxonomy":"article-type","embeddable":true,"href":"https:\/\/hoyre.no\/lier\/wp-json\/wp\/v2\/article-type?post=38"},{"taxonomy":"politician","embeddable":true,"href":"https:\/\/hoyre.no\/lier\/wp-json\/wp\/v2\/politician?post=38"}],"curies":[{"name":"wp","href":"https:\/\/api.w.org\/{rel}","templated":true}]}}