{"id":68,"date":"2021-08-08T21:14:17","date_gmt":"2021-08-08T19:14:17","guid":{"rendered":"https:\/\/hoyre.no\/lier\/?p=68"},"modified":"2022-03-19T14:51:51","modified_gmt":"2022-03-19T13:51:51","slug":"ulla-naevestad-1945-2021","status":"publish","type":"post","link":"https:\/\/hoyre.no\/lier\/aktuelt\/ulla-naevestad-1945-2021\/","title":{"rendered":"Ulla N\u00e6vestad (1945 &#8211; 2021)"},"content":{"rendered":"\n<p class=\"preamble\">Liers tidligere ordf\u00f8rer Ulla N\u00e6vestad d\u00f8de den 26 juli etter kort tids sykeleie, 75 \u00e5r gammel. Ulla bisettes i Sylling kirke 13 august kl 13.30.<\/p>\t\t\t<div class=\"post-meta wp-block teft-byline-wrapper\">\n\t\t\t\t<div class=\"top\">\n\t\t\t\t\t<div class=\"signature\">\n\t\t\t\t\t\t<div class=\"teft-byline\">\n\t\t\t\t\t\t\t\t\t\t\t\t\t\t<div>\n\t\t\t\t\t\t\t\t<h3>H\u00f8yres redaksjon<\/h3>\t\t\t\t\t\t\t\t\n\t\t\t\t\t\t\t\t\t\t\t\t\t\t\t\t\t<span class=\"date\">Sist oppdatert: 19. mars 2022<\/span>\n\t\t\t\t\t\t\t\t\t\t\t\t\t\t\t\t\t\t\t\t\t\t\t\t\t<span class=\"reading-time\" itemprop=\"timeRequired\" content=\"PT1M\"><em>Ca. 1 minutter lesetid<\/em><\/span>\n\t\t\t\t\t\t\t\t\t\t\t\t\t\t\t<\/div>\n\t\t\t\t\t\t<\/div>\n\t\t\t\t\t<\/div>\n\t\t\t\t\t\t<div class=\"sharing\">\n\t\t<a class=\"share-button share-link copy-link\" data-copy=\"https:\/\/hoyre.no\/lier\/aktuelt\/ulla-naevestad-1945-2021\/\" target=\"_blank\"><span class=\"screen-reader-text\">Del link<\/span><\/a>\n\t\t<a class=\"share-button share-twitter\" href=\"http:\/\/twitter.com\/share?text=Ulla N\u00e6vestad (1945 &#8211; 2021)&#038;url=https:\/\/hoyre.no\/lier\/aktuelt\/ulla-naevestad-1945-2021\/&#038;hashtags=Hoyre\" target=\"_blank\"><span class=\"screen-reader-text\">Del p\u00e5 twitter<\/span><\/a>\n\t\t<a class=\"share-button share-facebook\" href=\"https:\/\/www.facebook.com\/sharer\/sharer.php?u=https:\/\/hoyre.no\/lier\/aktuelt\/ulla-naevestad-1945-2021\/\" target=\"_blank\"><span class=\"screen-reader-text\">Del p\u00e5 facebook<\/span><\/a>\n\t<\/div>\n\t\t\t\t\t<\/div>\n\t\t\t<\/div>\n\n\t\t\t<figure class=\"hoyre-image-wrapper\"><div class=\"hoyre-image\"><img loading=\"lazy\" decoding=\"async\" width=\"2000\" height=\"1254\" src=\"https:\/\/hoyre.no\/content\/uploads\/sites\/181\/2021\/08\/ulla.jpg\" class=\"attachment-scaled size-scaled\" alt=\"Ulla N\u00e6vestad utenfor Lier r\u00e5dhus\" style=\"object-position: 50% 50%\" srcset=\"https:\/\/hoyre.no\/content\/uploads\/sites\/181\/2021\/08\/ulla.jpg 2000w, https:\/\/hoyre.no\/content\/uploads\/sites\/181\/2021\/08\/ulla-300x188.jpg 300w, https:\/\/hoyre.no\/content\/uploads\/sites\/181\/2021\/08\/ulla-1024x642.jpg 1024w, https:\/\/hoyre.no\/content\/uploads\/sites\/181\/2021\/08\/ulla-768x482.jpg 768w, https:\/\/hoyre.no\/content\/uploads\/sites\/181\/2021\/08\/ulla-1536x963.jpg 1536w\" sizes=\"auto, (max-width: 2000px) 100vw, 2000px\" \/><\/div><figcaption class=\"caption\">Foto: Lierposten<\/figcaption><\/figure>\n\n\n\n\n<p>Det var med stor sorg Lier H\u00f8yre mottok Ullas plutselige bortgang i slutten av juli. Ulla har v\u00e6rt ordf\u00f8rer i Lier sammenhengende i 16 \u00e5r fra 1995 til 2011, og satt ved sin bortgang som representant i kommunestyret og leder for Lier Senior H\u00f8yre. Ulla har betydd mye for Lier og H\u00f8yre og vil bli dypt savnet. Lier H\u00f8yre innstiller alle \u00abordin\u00e6re\u00bb valgkampaktiviter som stands og aksjoner f\u00f8r begravelsen. <\/p>\n\n\n\n<p>Sermonien i kirken vil v\u00e6re for inviterte. Inviterte fra Lier H\u00f8yre er ordf\u00f8rer Gunn Cecilie Ringdal, gruppeleder S\u00f8ren Falch Zappfe og leder for Lier H\u00f8yre Frode Sundseth. Stortingsrepresentant Trond Helleland er ogs\u00e5 invitert. <\/p>\n\n\n\n<p>Alle som vil \u00f8nskes velkommen til \u00e5 st\u00e5 p\u00e5 utsiden av kirken der det vil v\u00e6re lydoverf\u00f8ring. Begravelsen vil ogs\u00e5 streames fra <a href=\"https:\/\/jolstad.vareminnesider.no\/memorial_page\/memorial_page_personal_info.php?order_id=3900224&amp;set_site_id=75&amp;cat=home&amp;sign=8d49dce3ffc57ac07af9462a1035fcc8\" target=\"_blank\" rel=\"noreferrer noopener\">minnesiden til Ulla p\u00e5 Jolstad.no.<\/a><\/p>\n\n\n\n<p class=\"is-style-default\"><a href=\"https:\/\/www.lierposten.no\/et-liv-i-felleskapets-tjeneste\/s\/5-65-196650?&amp;session=bb5e6cc8-5fb7-4b2a-a9a9-a218806bd736\">Et liv i felleskapets tjeneste &#8211; Lierposten (Lukket side)<\/a><\/p>\n\n\n\n<p><a href=\"https:\/\/www.dt.no\/ulla-var-selve-symbolet-pa-lier\/o\/5-57-1710951\">Ulla var selve symbolet p\u00e5 Lier &#8211; drammens Tidende (\u00c5pen side)<\/a><\/p>\n\n\n<div class=\"tags\">\n\t<\/div>\n<div class=\"post-footer alignfull has-background block-editor-block-list__block\" data-align=full>\n\t<div class=\"post-footer-inner\">\n\t\t<h3>Relaterte artikler<\/h3>\n\t\t<div class=\"related-content\"><div class=\"is-card-hoyre\">\n\t<div class=\"teft-card hoyre-teft-card post-teft-card\">\n\t\t<a href=\"https:\/\/hoyre.no\/lier\/aktuelt\/hvem-skal-representere-lier-hoyre-i-kommunestyret-2027-2031\/\" class=\"teft-card__primary-action\">\n\n\t\t\t\t\t<div class=\"teft-card__media teft-card__media--16-9\">\n\t\t\t\t\t\t<img loading=\"lazy\" decoding=\"async\" width=\"768\" height=\"576\" src=\"https:\/\/hoyre.no\/content\/uploads\/sites\/181\/2023\/09\/Synnove-1-768x576.jpg\" class=\"attachment-medium_large size-medium_large\" alt=\"\" srcset=\"https:\/\/hoyre.no\/content\/uploads\/sites\/181\/2023\/09\/Synnove-1-768x576.jpg 768w, https:\/\/hoyre.no\/content\/uploads\/sites\/181\/2023\/09\/Synnove-1-300x225.jpg 300w, https:\/\/hoyre.no\/content\/uploads\/sites\/181\/2023\/09\/Synnove-1-1024x768.jpg 1024w, https:\/\/hoyre.no\/content\/uploads\/sites\/181\/2023\/09\/Synnove-1-1536x1152.jpg 1536w, https:\/\/hoyre.no\/content\/uploads\/sites\/181\/2023\/09\/Synnove-1.jpg 1739w\" sizes=\"auto, (max-width: 768px) 100vw, 768px\" \/>\t\t<\/div>\n\t\t\n\t\t\t<div class=\"teft-card__content-wrapper\">\n\t\t\t\t<div class=\"teft-card__secondary\">\n\t\t\t\t\t\n\t\t\t\t\t\t\t\t<div class=\"teft-card__meta\">\n\t\t\t\t\t\t\t\t\t<span class=\"post-date\">18. mar 2026<\/span>\n\n\t\t\t\t\t\t\t\t\t\t\t\t\t\t\t\t\t<\/div>\n\t\t\t\t\t\t\t\t\t\t\t<\/div>\n\n\t\t\t\t<div class=\"teft-card__primary\">\n\t\t\t\t\t<h2 class=\"teft-card__title\">Hvem skal representere Lier H\u00f8yre i kommunestyret\u00a0 2027-2031?&nbsp;<span class=\"teft-card__primary-title-append\"><\/span><\/h2>\t\t\t\t<\/div>\n\t\t\t<\/div>\n\t\t<\/a>\n\t<\/div>\n\n\t<\/div><div class=\"is-card-hoyre\">\n\t<div class=\"teft-card hoyre-teft-card post-teft-card\">\n\t\t<a href=\"https:\/\/hoyre.no\/lier\/aktuelt\/lier-hoyres-nominasjons-prosess-og-datoplan-kommunevalget-2027\/\" class=\"teft-card__primary-action\">\n\n\t\t\t\t\t<div class=\"teft-card__media teft-card__media--16-9\">\n\t\t\t\t\t\t<img loading=\"lazy\" decoding=\"async\" width=\"640\" height=\"480\" src=\"https:\/\/hoyre.no\/content\/uploads\/sites\/181\/2026\/03\/488574322_10162715090130498_4152680883469981394_n.jpg\" class=\"attachment-medium_large size-medium_large\" alt=\"\" srcset=\"https:\/\/hoyre.no\/content\/uploads\/sites\/181\/2026\/03\/488574322_10162715090130498_4152680883469981394_n.jpg 640w, https:\/\/hoyre.no\/content\/uploads\/sites\/181\/2026\/03\/488574322_10162715090130498_4152680883469981394_n-300x225.jpg 300w\" sizes=\"auto, (max-width: 640px) 100vw, 640px\" \/>\t\t<\/div>\n\t\t\n\t\t\t<div class=\"teft-card__content-wrapper\">\n\t\t\t\t<div class=\"teft-card__secondary\">\n\t\t\t\t\t\n\t\t\t\t\t\t\t\t<div class=\"teft-card__meta\">\n\t\t\t\t\t\t\t\t\t<span class=\"post-date\">18. mar 2026<\/span>\n\n\t\t\t\t\t\t\t\t\t\t\t\t\t\t\t\t\t<\/div>\n\t\t\t\t\t\t\t\t\t\t\t<\/div>\n\n\t\t\t\t<div class=\"teft-card__primary\">\n\t\t\t\t\t<h2 class=\"teft-card__title\">Lier H\u00f8yres Nominasjons-prosess og datoplan for kommunevalget 2027&nbsp;<span class=\"teft-card__primary-title-append\"><\/span><\/h2>\t\t\t\t<\/div>\n\t\t\t<\/div>\n\t\t<\/a>\n\t<\/div>\n\n\t<\/div><div class=\"is-card-hoyre\">\n\t<div class=\"teft-card hoyre-teft-card post-teft-card\">\n\t\t<a href=\"https:\/\/hoyre.no\/lier\/aktuelt\/bli-h-partner\/\" class=\"teft-card__primary-action\">\n\n\t\t\t\t\t<div class=\"teft-card__media teft-card__media--16-9\">\n\t\t\t\t\t\t<img loading=\"lazy\" decoding=\"async\" width=\"768\" height=\"469\" src=\"https:\/\/hoyre.no\/content\/uploads\/sites\/181\/2025\/03\/H-partner-768x469.png\" class=\"attachment-medium_large size-medium_large\" alt=\"\" srcset=\"https:\/\/hoyre.no\/content\/uploads\/sites\/181\/2025\/03\/H-partner-768x469.png 768w, https:\/\/hoyre.no\/content\/uploads\/sites\/181\/2025\/03\/H-partner-300x183.png 300w, https:\/\/hoyre.no\/content\/uploads\/sites\/181\/2025\/03\/H-partner-1024x625.png 1024w, https:\/\/hoyre.no\/content\/uploads\/sites\/181\/2025\/03\/H-partner-1536x938.png 1536w, https:\/\/hoyre.no\/content\/uploads\/sites\/181\/2025\/03\/H-partner-2048x1251.png 2048w\" sizes=\"auto, (max-width: 768px) 100vw, 768px\" \/>\t\t<\/div>\n\t\t\n\t\t\t<div class=\"teft-card__content-wrapper\">\n\t\t\t\t<div class=\"teft-card__secondary\">\n\t\t\t\t\t\n\t\t\t\t\t\t\t\t<div class=\"teft-card__meta\">\n\t\t\t\t\t\t\t\t\t<span class=\"post-date\">6. mar 2025<\/span>\n\n\t\t\t\t\t\t\t\t\t\t\t\t\t\t\t\t\t<\/div>\n\t\t\t\t\t\t\t\t\t\t\t<\/div>\n\n\t\t\t\t<div class=\"teft-card__primary\">\n\t\t\t\t\t<h2 class=\"teft-card__title\">Bli H-partner&nbsp;<span class=\"teft-card__primary-title-append\"><\/span><\/h2>\t\t\t\t<\/div>\n\t\t\t<\/div>\n\t\t<\/a>\n\t<\/div>\n\n\t<\/div><\/div>\t<\/div>\n<\/div>\n","protected":false},"excerpt":{"rendered":"","protected":false},"author":25077,"featured_media":0,"comment_status":"closed","ping_status":"closed","sticky":false,"template":"","format":"standard","meta":{"teft_cards_image_url":"","teft_cards_custom_pretitle":"","teft_cards_image_id":71,"teft_cards_image_focal_point_x":0.35,"teft_cards_image_focal_point_y":0.22,"teft_cards_title":"","teft_cards_excerpt":"","teft_show_chapters":false,"author_display_name":"","footnotes":""},"category":[1],"post_tag":[],"hoyre-visibility":[],"article-type":[],"politician":[],"class_list":["post-68","post","type-post","status-publish","format-standard","hentry","category-ukategorisert"],"yoast_head":"<!-- This site is optimized with the Yoast SEO plugin v26.6 - https:\/\/yoast.com\/wordpress\/plugins\/seo\/ -->\n<title>Ulla N\u00e6vestad (1945 - 2021) - Lier H\u00f8yre<\/title>\n<meta name=\"robots\" content=\"index, follow, max-snippet:-1, max-image-preview:large, max-video-preview:-1\" \/>\n<link rel=\"canonical\" href=\"https:\/\/hoyre.no\/lier\/aktuelt\/ulla-naevestad-1945-2021\/\" \/>\n<meta property=\"og:locale\" content=\"nb_NO\" \/>\n<meta property=\"og:type\" content=\"article\" \/>\n<meta property=\"og:title\" content=\"Ulla N\u00e6vestad (1945 - 2021) - Lier H\u00f8yre\" \/>\n<meta property=\"og:url\" content=\"https:\/\/hoyre.no\/lier\/aktuelt\/ulla-naevestad-1945-2021\/\" \/>\n<meta property=\"og:site_name\" content=\"Lier H\u00f8yre\" \/>\n<meta property=\"article:published_time\" content=\"2021-08-08T19:14:17+00:00\" \/>\n<meta property=\"article:modified_time\" content=\"2022-03-19T13:51:51+00:00\" \/>\n<meta property=\"og:image\" content=\"https:\/\/hoyre.no\/content\/uploads\/sites\/181\/2025\/03\/H-partner-1024x625.png\" \/>\n<meta name=\"author\" content=\"Jan Erik Alverdus Berg\" \/>\n<meta name=\"twitter:card\" content=\"summary_large_image\" \/>\n<meta name=\"twitter:label1\" content=\"Skrevet av\" \/>\n\t<meta name=\"twitter:data1\" content=\"Jan Erik Alverdus Berg\" \/>\n\t<meta name=\"twitter:label2\" content=\"Ansl. lesetid\" \/>\n\t<meta name=\"twitter:data2\" content=\"1 minutt\" \/>\n<script type=\"application\/ld+json\" class=\"yoast-schema-graph\">{\"@context\":\"https:\/\/schema.org\",\"@graph\":[{\"@type\":\"NewsArticle\",\"@id\":\"https:\/\/hoyre.no\/lier\/aktuelt\/ulla-naevestad-1945-2021\/\",\"url\":\"https:\/\/hoyre.no\/lier\/aktuelt\/ulla-naevestad-1945-2021\/\",\"name\":\"Ulla N\u00e6vestad (1945 - 2021) - Lier H\u00f8yre\",\"isPartOf\":{\"@id\":\"https:\/\/hoyre.no\/lier\/#website\"},\"datePublished\":\"2021-08-08T19:14:17+00:00\",\"dateModified\":\"2022-03-19T13:51:51+00:00\",\"author\":{\"@id\":\"https:\/\/hoyre.no\/lier\/#\/schema\/person\/be706fc8eeb6e58c69020fd0983cbf12\"},\"breadcrumb\":{\"@id\":\"https:\/\/hoyre.no\/lier\/aktuelt\/ulla-naevestad-1945-2021\/#breadcrumb\"},\"inLanguage\":\"nb-NO\",\"potentialAction\":[{\"@type\":\"ReadAction\",\"target\":[\"https:\/\/hoyre.no\/lier\/aktuelt\/ulla-naevestad-1945-2021\/\"]}]},{\"@type\":\"BreadcrumbList\",\"@id\":\"https:\/\/hoyre.no\/lier\/aktuelt\/ulla-naevestad-1945-2021\/#breadcrumb\",\"itemListElement\":[{\"@type\":\"ListItem\",\"position\":1,\"name\":\"Til hoyre.no\",\"item\":\"https:\/\/hoyre.no\"},{\"@type\":\"ListItem\",\"position\":2,\"name\":\"Hjem\",\"item\":\"https:\/\/hoyre.no\/lier\/\"},{\"@type\":\"ListItem\",\"position\":3,\"name\":\"Ulla N\u00e6vestad (1945 &#8211; 2021)\"}]},{\"@type\":\"WebSite\",\"@id\":\"https:\/\/hoyre.no\/lier\/#website\",\"url\":\"https:\/\/hoyre.no\/lier\/\",\"name\":\"Lier H\u00f8yre\",\"description\":\"Bare enda et H\u00f8yres nettsteder-nettsted\",\"inLanguage\":\"nb-NO\"},{\"@type\":\"Person\",\"@id\":\"https:\/\/hoyre.no\/lier\/#\/schema\/person\/be706fc8eeb6e58c69020fd0983cbf12\",\"name\":\"Jan Erik Alverdus Berg\",\"image\":{\"@type\":\"ImageObject\",\"inLanguage\":\"nb-NO\",\"@id\":\"https:\/\/hoyre.no\/lier\/#\/schema\/person\/image\/\",\"url\":\"https:\/\/secure.gravatar.com\/avatar\/06abe3e27c859962523a24dd4c3f866b9e234850d263f7b8c3ede4b614ca0de4?s=96&d=mm&r=g\",\"contentUrl\":\"https:\/\/secure.gravatar.com\/avatar\/06abe3e27c859962523a24dd4c3f866b9e234850d263f7b8c3ede4b614ca0de4?s=96&d=mm&r=g\",\"caption\":\"Jan Erik Alverdus Berg\"},\"url\":\"https:\/\/hoyre.no\/lier\/aktuelt\/author\/m12225140\/\"}]}<\/script>\n<!-- \/ Yoast SEO plugin. -->","yoast_head_json":{"title":"Ulla N\u00e6vestad (1945 - 2021) - Lier H\u00f8yre","robots":{"index":"index","follow":"follow","max-snippet":"max-snippet:-1","max-image-preview":"max-image-preview:large","max-video-preview":"max-video-preview:-1"},"canonical":"https:\/\/hoyre.no\/lier\/aktuelt\/ulla-naevestad-1945-2021\/","og_locale":"nb_NO","og_type":"article","og_title":"Ulla N\u00e6vestad (1945 - 2021) - Lier H\u00f8yre","og_url":"https:\/\/hoyre.no\/lier\/aktuelt\/ulla-naevestad-1945-2021\/","og_site_name":"Lier H\u00f8yre","article_published_time":"2021-08-08T19:14:17+00:00","article_modified_time":"2022-03-19T13:51:51+00:00","og_image":[{"url":"https:\/\/hoyre.no\/content\/uploads\/sites\/181\/2025\/03\/H-partner-1024x625.png","width":"","height":"","type":""}],"author":"Jan Erik Alverdus Berg","twitter_card":"summary_large_image","twitter_misc":{"Skrevet av":"Jan Erik Alverdus Berg","Ansl. lesetid":"1 minutt"},"schema":{"@context":"https:\/\/schema.org","@graph":[{"@type":"NewsArticle","@id":"https:\/\/hoyre.no\/lier\/aktuelt\/ulla-naevestad-1945-2021\/","url":"https:\/\/hoyre.no\/lier\/aktuelt\/ulla-naevestad-1945-2021\/","name":"Ulla N\u00e6vestad (1945 - 2021) - Lier H\u00f8yre","isPartOf":{"@id":"https:\/\/hoyre.no\/lier\/#website"},"datePublished":"2021-08-08T19:14:17+00:00","dateModified":"2022-03-19T13:51:51+00:00","author":{"@id":"https:\/\/hoyre.no\/lier\/#\/schema\/person\/be706fc8eeb6e58c69020fd0983cbf12"},"breadcrumb":{"@id":"https:\/\/hoyre.no\/lier\/aktuelt\/ulla-naevestad-1945-2021\/#breadcrumb"},"inLanguage":"nb-NO","potentialAction":[{"@type":"ReadAction","target":["https:\/\/hoyre.no\/lier\/aktuelt\/ulla-naevestad-1945-2021\/"]}]},{"@type":"BreadcrumbList","@id":"https:\/\/hoyre.no\/lier\/aktuelt\/ulla-naevestad-1945-2021\/#breadcrumb","itemListElement":[{"@type":"ListItem","position":1,"name":"Til hoyre.no","item":"https:\/\/hoyre.no"},{"@type":"ListItem","position":2,"name":"Hjem","item":"https:\/\/hoyre.no\/lier\/"},{"@type":"ListItem","position":3,"name":"Ulla N\u00e6vestad (1945 &#8211; 2021)"}]},{"@type":"WebSite","@id":"https:\/\/hoyre.no\/lier\/#website","url":"https:\/\/hoyre.no\/lier\/","name":"Lier H\u00f8yre","description":"Bare enda et H\u00f8yres nettsteder-nettsted","inLanguage":"nb-NO"},{"@type":"Person","@id":"https:\/\/hoyre.no\/lier\/#\/schema\/person\/be706fc8eeb6e58c69020fd0983cbf12","name":"Jan Erik Alverdus Berg","image":{"@type":"ImageObject","inLanguage":"nb-NO","@id":"https:\/\/hoyre.no\/lier\/#\/schema\/person\/image\/","url":"https:\/\/secure.gravatar.com\/avatar\/06abe3e27c859962523a24dd4c3f866b9e234850d263f7b8c3ede4b614ca0de4?s=96&d=mm&r=g","contentUrl":"https:\/\/secure.gravatar.com\/avatar\/06abe3e27c859962523a24dd4c3f866b9e234850d263f7b8c3ede4b614ca0de4?s=96&d=mm&r=g","caption":"Jan Erik Alverdus Berg"},"url":"https:\/\/hoyre.no\/lier\/aktuelt\/author\/m12225140\/"}]}},"distributor_meta":false,"distributor_terms":false,"distributor_media":false,"distributor_original_site_name":"Lier H\u00f8yre","distributor_original_site_url":"https:\/\/hoyre.no\/lier","push-errors":false,"_links":{"self":[{"href":"https:\/\/hoyre.no\/lier\/wp-json\/wp\/v2\/posts\/68","targetHints":{"allow":["GET"]}}],"collection":[{"href":"https:\/\/hoyre.no\/lier\/wp-json\/wp\/v2\/posts"}],"about":[{"href":"https:\/\/hoyre.no\/lier\/wp-json\/wp\/v2\/types\/post"}],"author":[{"embeddable":true,"href":"https:\/\/hoyre.no\/lier\/wp-json\/wp\/v2\/users\/25077"}],"replies":[{"embeddable":true,"href":"https:\/\/hoyre.no\/lier\/wp-json\/wp\/v2\/comments?post=68"}],"version-history":[{"count":9,"href":"https:\/\/hoyre.no\/lier\/wp-json\/wp\/v2\/posts\/68\/revisions"}],"predecessor-version":[{"id":114,"href":"https:\/\/hoyre.no\/lier\/wp-json\/wp\/v2\/posts\/68\/revisions\/114"}],"wp:attachment":[{"href":"https:\/\/hoyre.no\/lier\/wp-json\/wp\/v2\/media?parent=68"}],"wp:term":[{"taxonomy":"category","embeddable":true,"href":"https:\/\/hoyre.no\/lier\/wp-json\/wp\/v2\/category?post=68"},{"taxonomy":"post_tag","embeddable":true,"href":"https:\/\/hoyre.no\/lier\/wp-json\/wp\/v2\/post_tag?post=68"},{"taxonomy":"hoyre-visibility","embeddable":true,"href":"https:\/\/hoyre.no\/lier\/wp-json\/wp\/v2\/hoyre-visibility?post=68"},{"taxonomy":"article-type","embeddable":true,"href":"https:\/\/hoyre.no\/lier\/wp-json\/wp\/v2\/article-type?post=68"},{"taxonomy":"politician","embeddable":true,"href":"https:\/\/hoyre.no\/lier\/wp-json\/wp\/v2\/politician?post=68"}],"curies":[{"name":"wp","href":"https:\/\/api.w.org\/{rel}","templated":true}]}}