{"id":735,"date":"2023-09-28T18:02:09","date_gmt":"2023-09-28T16:02:09","guid":{"rendered":"https:\/\/hoyre.no\/lier\/?p=735"},"modified":"2023-09-28T18:07:37","modified_gmt":"2023-09-28T16:07:37","slug":"felles-politisk-plattform-mellom-hoyre-frp-v-og-krf","status":"publish","type":"post","link":"https:\/\/hoyre.no\/lier\/aktuelt\/felles-politisk-plattform-mellom-hoyre-frp-v-og-krf\/","title":{"rendered":"Felles politisk plattform mellom H\u00f8yre, Frp, V og KRF"},"content":{"rendered":"\n<p class=\"preamble\">Vi er i m\u00e5l\u00a0<img loading=\"lazy\" decoding=\"async\" height=\"16\" width=\"16\" src=\"https:\/\/static.xx.fbcdn.net\/images\/emoji.php\/v9\/tb8\/1\/16\/1f64c_1f3fb.png\" alt=\"\ud83d\ude4c\ud83c\udffb\">\u00a0<a href=\"https:\/\/www.facebook.com\/LierHoyre?__cft__[0]=AZVNzbXhLCFaBmFiI25lvmPfPYiCYVp4r-jPQ4oyUui9KrjichjGTbQaeJAOxVnrugLu0f5mncIh_sgKuM5A2UQoHtjBTYnrFRDoyJRdK06kxO0Im1OMvRoyT6JgpXJ3I7AY2oixvoEKS8zzd39-eZPFSDi7ozjGVD7_2m0_ER7lC5tPb7ot2bElwF1C0PJoZyuhAL2JE9lH99WnYVwi42VO&amp;__tn__=-]K*F\">Lier H\u00f8yre<\/a>,\u00a0<a href=\"https:\/\/www.facebook.com\/Lier.FrP?__cft__[0]=AZVNzbXhLCFaBmFiI25lvmPfPYiCYVp4r-jPQ4oyUui9KrjichjGTbQaeJAOxVnrugLu0f5mncIh_sgKuM5A2UQoHtjBTYnrFRDoyJRdK06kxO0Im1OMvRoyT6JgpXJ3I7AY2oixvoEKS8zzd39-eZPFSDi7ozjGVD7_2m0_ER7lC5tPb7ot2bElwF1C0PJoZyuhAL2JE9lH99WnYVwi42VO&amp;__tn__=-]K*F\">Lier FrP<\/a>,\u00a0<a href=\"https:\/\/www.facebook.com\/liervenstre?__cft__[0]=AZVNzbXhLCFaBmFiI25lvmPfPYiCYVp4r-jPQ4oyUui9KrjichjGTbQaeJAOxVnrugLu0f5mncIh_sgKuM5A2UQoHtjBTYnrFRDoyJRdK06kxO0Im1OMvRoyT6JgpXJ3I7AY2oixvoEKS8zzd39-eZPFSDi7ozjGVD7_2m0_ER7lC5tPb7ot2bElwF1C0PJoZyuhAL2JE9lH99WnYVwi42VO&amp;__tn__=-]K*F\">Lier Venstre<\/a>\u00a0og\u00a0<a href=\"https:\/\/www.facebook.com\/lierkrf?__cft__[0]=AZVNzbXhLCFaBmFiI25lvmPfPYiCYVp4r-jPQ4oyUui9KrjichjGTbQaeJAOxVnrugLu0f5mncIh_sgKuM5A2UQoHtjBTYnrFRDoyJRdK06kxO0Im1OMvRoyT6JgpXJ3I7AY2oixvoEKS8zzd39-eZPFSDi7ozjGVD7_2m0_ER7lC5tPb7ot2bElwF1C0PJoZyuhAL2JE9lH99WnYVwi42VO&amp;__tn__=-]K*F\">Lier KrF<\/a>\u00a0er enige om en felles politisk plattform\u00a0\ud83e\ude75<img loading=\"lazy\" decoding=\"async\" height=\"16\" width=\"16\" src=\"https:\/\/static.xx.fbcdn.net\/images\/emoji.php\/v9\/t6c\/1\/16\/1f499.png\" alt=\"\ud83d\udc99\"><img loading=\"lazy\" decoding=\"async\" height=\"16\" width=\"16\" src=\"https:\/\/static.xx.fbcdn.net\/images\/emoji.php\/v9\/t94\/1\/16\/1f49a.png\" alt=\"\ud83d\udc9a\"><img loading=\"lazy\" decoding=\"async\" height=\"16\" width=\"16\" src=\"https:\/\/static.xx.fbcdn.net\/images\/emoji.php\/v9\/t15\/1\/16\/1f49b.png\" alt=\"\ud83d\udc9b\">\u00a0for de neste fire \u00e5rene. Vi er enige om de store linjene og hvor vi vil med Lier\u00a0<img loading=\"lazy\" decoding=\"async\" height=\"16\" width=\"16\" src=\"https:\/\/static.xx.fbcdn.net\/images\/emoji.php\/v9\/tb0\/1\/16\/1f3af.png\" alt=\"\ud83c\udfaf\">Samtidig skal alle partiene f\u00e5 vise frem sin egen politikk\u00a0<img loading=\"lazy\" decoding=\"async\" height=\"16\" width=\"16\" src=\"https:\/\/static.xx.fbcdn.net\/images\/emoji.php\/v9\/te0\/1\/16\/1f31f.png\" alt=\"\ud83c\udf1f\"><br><\/p>\t\t\t<div class=\"post-meta wp-block teft-byline-wrapper\">\n\t\t\t\t<div class=\"top\">\n\t\t\t\t\t<div class=\"signature\">\n\t\t\t\t\t\t<div class=\"teft-byline\">\n\t\t\t\t\t\t\t\t\t\t\t\t\t\t<div>\n\t\t\t\t\t\t\t\t<h3>H\u00f8yres redaksjon<\/h3>\t\t\t\t\t\t\t\t\n\t\t\t\t\t\t\t\t\t\t\t\t\t\t\t\t\t<span class=\"date\">Sist oppdatert: 28. september 2023<\/span>\n\t\t\t\t\t\t\t\t\t\t\t\t\t\t\t\t\t\t\t\t\t\t\t\t\t<span class=\"reading-time\" itemprop=\"timeRequired\" content=\"PT5M\"><em>Ca. 5 minutter lesetid<\/em><\/span>\n\t\t\t\t\t\t\t\t\t\t\t\t\t\t\t<\/div>\n\t\t\t\t\t\t<\/div>\n\t\t\t\t\t<\/div>\n\t\t\t\t\t\t<div class=\"sharing\">\n\t\t<a class=\"share-button share-link copy-link\" data-copy=\"https:\/\/hoyre.no\/lier\/aktuelt\/felles-politisk-plattform-mellom-hoyre-frp-v-og-krf\/\" target=\"_blank\"><span class=\"screen-reader-text\">Del link<\/span><\/a>\n\t\t<a class=\"share-button share-twitter\" href=\"http:\/\/twitter.com\/share?text=Felles politisk plattform mellom H\u00f8yre, Frp, V og KRF&#038;url=https:\/\/hoyre.no\/lier\/aktuelt\/felles-politisk-plattform-mellom-hoyre-frp-v-og-krf\/&#038;hashtags=Hoyre\" target=\"_blank\"><span class=\"screen-reader-text\">Del p\u00e5 twitter<\/span><\/a>\n\t\t<a class=\"share-button share-facebook\" href=\"https:\/\/www.facebook.com\/sharer\/sharer.php?u=https:\/\/hoyre.no\/lier\/aktuelt\/felles-politisk-plattform-mellom-hoyre-frp-v-og-krf\/\" target=\"_blank\"><span class=\"screen-reader-text\">Del p\u00e5 facebook<\/span><\/a>\n\t<\/div>\n\t\t\t\t\t<\/div>\n\t\t\t<\/div>\n\n\t\t\t<figure class=\"hoyre-image-wrapper\"><div class=\"hoyre-image\"><img loading=\"lazy\" decoding=\"async\" width=\"982\" height=\"736\" src=\"https:\/\/hoyre.no\/content\/uploads\/sites\/181\/2023\/09\/valgvake-bilde.jpg\" class=\"attachment-scaled size-scaled\" alt=\"\" style=\"object-position: 50% 50%\" srcset=\"https:\/\/hoyre.no\/content\/uploads\/sites\/181\/2023\/09\/valgvake-bilde.jpg 982w, https:\/\/hoyre.no\/content\/uploads\/sites\/181\/2023\/09\/valgvake-bilde-300x225.jpg 300w, https:\/\/hoyre.no\/content\/uploads\/sites\/181\/2023\/09\/valgvake-bilde-768x576.jpg 768w\" sizes=\"auto, (max-width: 982px) 100vw, 982px\" \/><\/div><figcaption class=\"caption\">Her fra valgvaken p\u00e5 Svensefj\u00f8set.<\/figcaption><\/figure>\n\n\n\n\n<p>Vi er i m\u00e5l&nbsp;<img loading=\"lazy\" decoding=\"async\" height=\"16\" width=\"16\" alt=\"\ud83d\ude4c\ud83c\udffb\" src=\"https:\/\/static.xx.fbcdn.net\/images\/emoji.php\/v9\/tb8\/1\/16\/1f64c_1f3fb.png\"><a href=\"https:\/\/www.facebook.com\/LierHoyre?__cft__[0]=AZVNzbXhLCFaBmFiI25lvmPfPYiCYVp4r-jPQ4oyUui9KrjichjGTbQaeJAOxVnrugLu0f5mncIh_sgKuM5A2UQoHtjBTYnrFRDoyJRdK06kxO0Im1OMvRoyT6JgpXJ3I7AY2oixvoEKS8zzd39-eZPFSDi7ozjGVD7_2m0_ER7lC5tPb7ot2bElwF1C0PJoZyuhAL2JE9lH99WnYVwi42VO&amp;__tn__=-]K*F\">Lier H\u00f8yre<\/a>,&nbsp;<a href=\"https:\/\/www.facebook.com\/Lier.FrP?__cft__[0]=AZVNzbXhLCFaBmFiI25lvmPfPYiCYVp4r-jPQ4oyUui9KrjichjGTbQaeJAOxVnrugLu0f5mncIh_sgKuM5A2UQoHtjBTYnrFRDoyJRdK06kxO0Im1OMvRoyT6JgpXJ3I7AY2oixvoEKS8zzd39-eZPFSDi7ozjGVD7_2m0_ER7lC5tPb7ot2bElwF1C0PJoZyuhAL2JE9lH99WnYVwi42VO&amp;__tn__=-]K*F\">Lier FrP<\/a>,&nbsp;<a href=\"https:\/\/www.facebook.com\/liervenstre?__cft__[0]=AZVNzbXhLCFaBmFiI25lvmPfPYiCYVp4r-jPQ4oyUui9KrjichjGTbQaeJAOxVnrugLu0f5mncIh_sgKuM5A2UQoHtjBTYnrFRDoyJRdK06kxO0Im1OMvRoyT6JgpXJ3I7AY2oixvoEKS8zzd39-eZPFSDi7ozjGVD7_2m0_ER7lC5tPb7ot2bElwF1C0PJoZyuhAL2JE9lH99WnYVwi42VO&amp;__tn__=-]K*F\">Lier Venstre<\/a>&nbsp;og&nbsp;<a href=\"https:\/\/www.facebook.com\/lierkrf?__cft__[0]=AZVNzbXhLCFaBmFiI25lvmPfPYiCYVp4r-jPQ4oyUui9KrjichjGTbQaeJAOxVnrugLu0f5mncIh_sgKuM5A2UQoHtjBTYnrFRDoyJRdK06kxO0Im1OMvRoyT6JgpXJ3I7AY2oixvoEKS8zzd39-eZPFSDi7ozjGVD7_2m0_ER7lC5tPb7ot2bElwF1C0PJoZyuhAL2JE9lH99WnYVwi42VO&amp;__tn__=-]K*F\">Lier KrF<\/a>&nbsp;er enige om en felles politisk plattform&nbsp;\ud83e\ude75<img loading=\"lazy\" decoding=\"async\" height=\"16\" width=\"16\" alt=\"\ud83d\udc99\" src=\"https:\/\/static.xx.fbcdn.net\/images\/emoji.php\/v9\/t6c\/1\/16\/1f499.png\"><img loading=\"lazy\" decoding=\"async\" height=\"16\" width=\"16\" alt=\"\ud83d\udc9a\" src=\"https:\/\/static.xx.fbcdn.net\/images\/emoji.php\/v9\/t94\/1\/16\/1f49a.png\"><img loading=\"lazy\" decoding=\"async\" height=\"16\" width=\"16\" alt=\"\ud83d\udc9b\" src=\"https:\/\/static.xx.fbcdn.net\/images\/emoji.php\/v9\/t15\/1\/16\/1f49b.png\">&nbsp;for de neste fire \u00e5rene. Vi er enige om de store linjene og hvor vi vil med Lier&nbsp;<img loading=\"lazy\" decoding=\"async\" height=\"16\" width=\"16\" alt=\"\ud83c\udfaf\" src=\"https:\/\/static.xx.fbcdn.net\/images\/emoji.php\/v9\/tb0\/1\/16\/1f3af.png\">Samtidig skal alle partiene f\u00e5 vise frem sin egen politikk&nbsp;<img loading=\"lazy\" decoding=\"async\" height=\"16\" width=\"16\" alt=\"\ud83c\udf1f\" src=\"https:\/\/static.xx.fbcdn.net\/images\/emoji.php\/v9\/te0\/1\/16\/1f31f.png\"><\/p>\n\n\n\n<p>Fremtiden for Lier er kjempespennede med store planer for utvikling av hele kommunen. Vi er enige om gode regler for trygg \u00f8konomisk styring uten eiendomskatt for \u00e5 f\u00e5 til dette&nbsp;<img loading=\"lazy\" decoding=\"async\" height=\"16\" width=\"16\" alt=\"\u2705\" src=\"https:\/\/static.xx.fbcdn.net\/images\/emoji.php\/v9\/t33\/1\/16\/2705.png\">&nbsp;Noen smakebiter er:<\/p>\n\n\n\n<p><img loading=\"lazy\" decoding=\"async\" height=\"16\" width=\"16\" alt=\"\ud83d\udc49\ud83c\udffb\" src=\"https:\/\/static.xx.fbcdn.net\/images\/emoji.php\/v9\/tc\/1\/16\/1f449_1f3fb.png\">&nbsp;Styrke samarbeidet mellom offentlige, private og ideelle akt\u00f8rer for \u00e5 sikre mangfold og valgfrihet &#8211; alle gode krefter skal tas i bruk!<\/p>\n\n\n\n<p><img loading=\"lazy\" decoding=\"async\" height=\"16\" width=\"16\" alt=\"\ud83d\udc49\ud83c\udffb\" src=\"https:\/\/static.xx.fbcdn.net\/images\/emoji.php\/v9\/tc\/1\/16\/1f449_1f3fb.png\">&nbsp;Prioritere arbeid mot ungt utenforskap<\/p>\n\n\n\n<p><img loading=\"lazy\" decoding=\"async\" height=\"16\" width=\"16\" alt=\"\ud83d\udc49\ud83c\udffb\" src=\"https:\/\/static.xx.fbcdn.net\/images\/emoji.php\/v9\/tc\/1\/16\/1f449_1f3fb.png\">&nbsp;Jobbe for flere kvalifiserte fagpersoner i barnehage og skole<\/p>\n\n\n\n<p><img loading=\"lazy\" decoding=\"async\" height=\"16\" width=\"16\" alt=\"\ud83d\udc49\ud83c\udffb\" src=\"https:\/\/static.xx.fbcdn.net\/images\/emoji.php\/v9\/tc\/1\/16\/1f449_1f3fb.png\">&nbsp;Sikre n\u00e6ringslivet utviklingsmuligheter og satse p\u00e5 gr\u00fcndere<\/p>\n\n\n\n<figure class=\"wp-block-image size-full\"><img loading=\"lazy\" decoding=\"async\" width=\"672\" height=\"130\" src=\"https:\/\/hoyre.no\/content\/uploads\/sites\/181\/2023\/09\/frp-v-krf-h-logoer.png\" alt=\"\" class=\"wp-image-739\" srcset=\"https:\/\/hoyre.no\/content\/uploads\/sites\/181\/2023\/09\/frp-v-krf-h-logoer.png 672w, https:\/\/hoyre.no\/content\/uploads\/sites\/181\/2023\/09\/frp-v-krf-h-logoer-300x58.png 300w\" sizes=\"auto, (max-width: 672px) 100vw, 672px\" \/><\/figure>\n\n\n\n<p><strong>Avtale om politisk samarbeid i Lier kommune 2023-2027<\/strong><\/p>\n\n\n\n<p><strong>Innledning<\/strong><\/p>\n\n\n\n<p>H\u00f8yre, Fremskrittspartiet, Venstre og Kristelig Folkeparti er enig om en felles politisk plattform, som ligger til grunn for partienes arbeid i hele fire\u00e5rsperioden 2023-2027. Partiene vil stemme i tr\u00e5d med den fremforhandlede avtalen og samlet ved konstituering av kommunestyret 10. oktober 2023.<\/p>\n\n\n\n<p>Partiene vil tilstrebe et raust, \u00e5pent og inkluderende samarbeid. Vi vil s\u00f8ke enighet, men samtidig skal alle partiene ha anledning til \u00e5 vise frem egen politikk. Vi vil ha \u00e5penhet og dialog med innbyggerne i Lier.<\/p>\n\n\n\n<p><strong>Overordnet og \u00f8konomi<\/strong><\/p>\n\n\n\n<ol class=\"wp-block-list\" type=\"1\">\n<li>Partiene s\u00f8ker enighet og stemmer samlet ved budsjett\/handlingsprogram.<\/li>\n\n\n\n<li>F\u00f8lge kommunens \u00f8konomiske handlingsregler knyttet til netto driftsresultat, \u00f8konomiske buffere og l\u00e5negjeld. Vi vil ha en aktiv eierstyring av kommunale selskaper.<\/li>\n\n\n\n<li>Ikke innf\u00f8re eiendomsskatt.<\/li>\n\n\n\n<li>Legge langsiktige investeringsplaner basert p\u00e5 behovskartlegginger.<\/li>\n\n\n\n<li>Styrke samarbeidet mellom offentlige, private og ideelle<sup>1<\/sup> akt\u00f8rer for \u00e5 l\u00f8se kommunens oppgaver. Jobbe for mangfold og valgfrihet for kommunens innbyggere i tjenestetilbudet.<\/li>\n\n\n\n<li>Styrke samhandlingen mellom frivillig organisasjoner og kommunen, samt jobbe for et inkluderende og mangfoldig kultur- og idrettsliv i Lier. Sikre gode vilk\u00e5r for tros- og livssynsamfunn.<\/li>\n\n\n\n<li>Legge til rette for bosetting og tjenestetilbud i alle deler av kommunen.<\/li>\n\n\n\n<li>Ivareta gr\u00f8nne Lier gjennom ansvarlig forvaltning av naturverdier, naturmangfold og dyrket mark, samt ta vare p\u00e5 Liers kulturarv.<\/li>\n\n\n\n<li>Jobbe for \u00e5 redusere de sosio\u00f8konomiske forskjellene i Lier.<\/li>\n\n\n\n<li>Sikre n\u00e6ringslivet forutsigbare rammevilk\u00e5r og utviklingsmuligheter i Lier. Vi vil legge til rette for nye arbeidsplasser.<\/li>\n\n\n\n<li>Partiene forholder seg til planer som vedtas i perioden og f\u00f8lger opp at vedtakene gjennomf\u00f8res.\u00ad\u00ad\u00ad<\/li>\n\n\n\n<li>Jobbe for \u00e5 revidere kommuneplanens arealdel.<\/li>\n<\/ol>\n\n\n\n<p><strong>Viktige politiske prioriteringer<\/strong><\/p>\n\n\n\n<ol class=\"wp-block-list\" type=\"1\">\n<li>Jobbe for god stedsutvikling av Tranby, Lierbyen, Sylling og Lierskogen. S\u00f8rge for god og forutsigbar fremdrift i planleggingen av Fjordbyen.<\/li>\n\n\n\n<li>Prioriterte investeringer<sup>2<\/sup> er nytt renseanlegg, Tranby Arena, ny eller totalrenovert Tranby skole, ny skole p\u00e5 Lierstranda og Fosshagen 3. Jobbe for bibliotek i Lierbyen p\u00e5 gateplan.<\/li>\n\n\n\n<li>Sikre videre utvikling av Gullaughalv\u00f8ya med en moderat utbygging som tar hensyn til naturverdier og dyrket mark.<\/li>\n\n\n\n<li>Lage en langsiktig klimaplan.<\/li>\n\n\n\n<li>Ingen konsesjonspliktige vindkraftanlegg i Lier.<\/li>\n\n\n\n<li>Prioritere arbeid mot ungt utenforskap og styrke tidlig forebyggende innsats i barnehage og skole.<\/li>\n\n\n\n<li>Jobbe for flere kvalifiserte fagpersoner i barnehage og skole. Styrke laget rundt eleven (eksempelvis PPT og andre st\u00f8ttefunksjoner).<\/li>\n\n\n\n<li>Videref\u00f8re boligsosial handlingsplan.<\/li>\n\n\n\n<li>Jobbe for en ren Lierelv og ren Drammensfjord.<\/li>\n\n\n\n<li>Utrede rentefritt l\u00e5n for innbyggerne til energi- og milj\u00f8tiltak innen 2024, og forenkle godkjenning for solkraft p\u00e5 egen eiendom.<\/li>\n\n\n\n<li>Legge til rette for gr\u00fcndere og lage en gr\u00fcnderplan innen 2024.<\/li>\n\n\n\n<li>Fremme gode tiltak for familier og enslige med d\u00e5rlig \u00f8konomi (eksempelvis styrke Eplefondet og BUA, ogs\u00e5 med eksterne midler). Alle barn og unge skal kunne delta p\u00e5 minst \u00e9n fritidsaktivitet.<\/li>\n\n\n\n<li>Jobbe rettet mot \u00f8vrige myndigheter for ny E134 Dagslett-E18, ombygging av Tranbykrysset, en helhetlig st\u00f8yplan, videre utbygging av gang- og sykkelveinett og et styrket kollektivtilbud i Lier.<\/li>\n<\/ol>\n\n\n\n<p>Avtalen om politisk samarbeid f\u00f8lges opp \u00e9n gang i halv\u00e5ret gjennom hele perioden.<\/p>\n\n\n\n<p>Frode Sundseth&nbsp;&nbsp;&nbsp;&nbsp;&nbsp;&nbsp;&nbsp;&nbsp;&nbsp; Lars Haugen&nbsp;&nbsp;&nbsp;&nbsp;&nbsp;&nbsp;&nbsp;&nbsp;&nbsp;&nbsp;&nbsp;&nbsp;&nbsp;&nbsp; Tove Hofstad&nbsp;&nbsp;&nbsp;&nbsp;&nbsp;&nbsp;&nbsp;&nbsp;&nbsp;&nbsp;&nbsp;&nbsp; Tone Christine C. Skustad&nbsp;&nbsp;&nbsp;&nbsp;<\/p>\n\n\n\n<p>Lier H\u00f8yre&nbsp;&nbsp;&nbsp;&nbsp;&nbsp;&nbsp;&nbsp;&nbsp;&nbsp;&nbsp;&nbsp;&nbsp;&nbsp;&nbsp;&nbsp;&nbsp;&nbsp;&nbsp;&nbsp;&nbsp;&nbsp;&nbsp;&nbsp;&nbsp;&nbsp;&nbsp;&nbsp; Lier Fremskrittsparti&nbsp;&nbsp;&nbsp;&nbsp;&nbsp;&nbsp;&nbsp; Lier Venstre&nbsp;&nbsp;&nbsp;&nbsp;&nbsp;&nbsp;&nbsp;&nbsp; &nbsp;&nbsp;&nbsp;&nbsp;&nbsp;&nbsp;&nbsp;&nbsp;&nbsp;&nbsp;&nbsp;&nbsp;&nbsp;&nbsp;&nbsp; Lier Kristelig Folkeparti&nbsp;&nbsp;<\/p>\n\n\n\n<p>Fotnoter<\/p>\n\n\n\n<ol class=\"wp-block-list\" type=\"1\">\n<li>En ideell akt\u00f8r er en \u00f8konomisk virksomhet som driver velferdstjenester uten m\u00e5l om \u00e5 tjene penger.<\/li>\n\n\n\n<li>Prosjektene er ikke i prioritert rekkef\u00f8lge<\/li>\n<\/ol>\n\n\n<div class=\"tags\">\n\t<\/div>\n<div class=\"post-footer alignfull has-background block-editor-block-list__block\" data-align=full>\n\t<div class=\"post-footer-inner\">\n\t\t<h3>Relaterte artikler<\/h3>\n\t\t<div class=\"related-content\"><div class=\"is-card-hoyre\">\n\t<div class=\"teft-card hoyre-teft-card post-teft-card\">\n\t\t<a href=\"https:\/\/hoyre.no\/lier\/aktuelt\/hvem-skal-representere-lier-hoyre-i-kommunestyret-2027-2031\/\" class=\"teft-card__primary-action\">\n\n\t\t\t\t\t<div class=\"teft-card__media teft-card__media--16-9\">\n\t\t\t\t\t\t<img loading=\"lazy\" decoding=\"async\" width=\"768\" height=\"576\" src=\"https:\/\/hoyre.no\/content\/uploads\/sites\/181\/2023\/09\/Synnove-1-768x576.jpg\" class=\"attachment-medium_large size-medium_large\" alt=\"\" srcset=\"https:\/\/hoyre.no\/content\/uploads\/sites\/181\/2023\/09\/Synnove-1-768x576.jpg 768w, https:\/\/hoyre.no\/content\/uploads\/sites\/181\/2023\/09\/Synnove-1-300x225.jpg 300w, https:\/\/hoyre.no\/content\/uploads\/sites\/181\/2023\/09\/Synnove-1-1024x768.jpg 1024w, https:\/\/hoyre.no\/content\/uploads\/sites\/181\/2023\/09\/Synnove-1-1536x1152.jpg 1536w, https:\/\/hoyre.no\/content\/uploads\/sites\/181\/2023\/09\/Synnove-1.jpg 1739w\" sizes=\"auto, (max-width: 768px) 100vw, 768px\" \/>\t\t<\/div>\n\t\t\n\t\t\t<div class=\"teft-card__content-wrapper\">\n\t\t\t\t<div class=\"teft-card__secondary\">\n\t\t\t\t\t\n\t\t\t\t\t\t\t\t<div class=\"teft-card__meta\">\n\t\t\t\t\t\t\t\t\t<span class=\"post-date\">18. mar 2026<\/span>\n\n\t\t\t\t\t\t\t\t\t\t\t\t\t\t\t\t\t<\/div>\n\t\t\t\t\t\t\t\t\t\t\t<\/div>\n\n\t\t\t\t<div class=\"teft-card__primary\">\n\t\t\t\t\t<h2 class=\"teft-card__title\">Hvem skal representere Lier H\u00f8yre i kommunestyret\u00a0 2027-2031?&nbsp;<span class=\"teft-card__primary-title-append\"><\/span><\/h2>\t\t\t\t<\/div>\n\t\t\t<\/div>\n\t\t<\/a>\n\t<\/div>\n\n\t<\/div><div class=\"is-card-hoyre\">\n\t<div class=\"teft-card hoyre-teft-card post-teft-card\">\n\t\t<a href=\"https:\/\/hoyre.no\/lier\/aktuelt\/lier-hoyres-nominasjons-prosess-og-datoplan-kommunevalget-2027\/\" class=\"teft-card__primary-action\">\n\n\t\t\t\t\t<div class=\"teft-card__media teft-card__media--16-9\">\n\t\t\t\t\t\t<img loading=\"lazy\" decoding=\"async\" width=\"640\" height=\"480\" src=\"https:\/\/hoyre.no\/content\/uploads\/sites\/181\/2026\/03\/488574322_10162715090130498_4152680883469981394_n.jpg\" class=\"attachment-medium_large size-medium_large\" alt=\"\" srcset=\"https:\/\/hoyre.no\/content\/uploads\/sites\/181\/2026\/03\/488574322_10162715090130498_4152680883469981394_n.jpg 640w, https:\/\/hoyre.no\/content\/uploads\/sites\/181\/2026\/03\/488574322_10162715090130498_4152680883469981394_n-300x225.jpg 300w\" sizes=\"auto, (max-width: 640px) 100vw, 640px\" \/>\t\t<\/div>\n\t\t\n\t\t\t<div class=\"teft-card__content-wrapper\">\n\t\t\t\t<div class=\"teft-card__secondary\">\n\t\t\t\t\t\n\t\t\t\t\t\t\t\t<div class=\"teft-card__meta\">\n\t\t\t\t\t\t\t\t\t<span class=\"post-date\">18. mar 2026<\/span>\n\n\t\t\t\t\t\t\t\t\t\t\t\t\t\t\t\t\t<\/div>\n\t\t\t\t\t\t\t\t\t\t\t<\/div>\n\n\t\t\t\t<div class=\"teft-card__primary\">\n\t\t\t\t\t<h2 class=\"teft-card__title\">Lier H\u00f8yres Nominasjons-prosess og datoplan for kommunevalget 2027&nbsp;<span class=\"teft-card__primary-title-append\"><\/span><\/h2>\t\t\t\t<\/div>\n\t\t\t<\/div>\n\t\t<\/a>\n\t<\/div>\n\n\t<\/div><div class=\"is-card-hoyre\">\n\t<div class=\"teft-card hoyre-teft-card post-teft-card\">\n\t\t<a href=\"https:\/\/hoyre.no\/lier\/aktuelt\/bli-h-partner\/\" class=\"teft-card__primary-action\">\n\n\t\t\t\t\t<div class=\"teft-card__media teft-card__media--16-9\">\n\t\t\t\t\t\t<img loading=\"lazy\" decoding=\"async\" width=\"768\" height=\"469\" src=\"https:\/\/hoyre.no\/content\/uploads\/sites\/181\/2025\/03\/H-partner-768x469.png\" class=\"attachment-medium_large size-medium_large\" alt=\"\" srcset=\"https:\/\/hoyre.no\/content\/uploads\/sites\/181\/2025\/03\/H-partner-768x469.png 768w, https:\/\/hoyre.no\/content\/uploads\/sites\/181\/2025\/03\/H-partner-300x183.png 300w, https:\/\/hoyre.no\/content\/uploads\/sites\/181\/2025\/03\/H-partner-1024x625.png 1024w, https:\/\/hoyre.no\/content\/uploads\/sites\/181\/2025\/03\/H-partner-1536x938.png 1536w, https:\/\/hoyre.no\/content\/uploads\/sites\/181\/2025\/03\/H-partner-2048x1251.png 2048w\" sizes=\"auto, (max-width: 768px) 100vw, 768px\" \/>\t\t<\/div>\n\t\t\n\t\t\t<div class=\"teft-card__content-wrapper\">\n\t\t\t\t<div class=\"teft-card__secondary\">\n\t\t\t\t\t\n\t\t\t\t\t\t\t\t<div class=\"teft-card__meta\">\n\t\t\t\t\t\t\t\t\t<span class=\"post-date\">6. mar 2025<\/span>\n\n\t\t\t\t\t\t\t\t\t\t\t\t\t\t\t\t\t<\/div>\n\t\t\t\t\t\t\t\t\t\t\t<\/div>\n\n\t\t\t\t<div class=\"teft-card__primary\">\n\t\t\t\t\t<h2 class=\"teft-card__title\">Bli H-partner&nbsp;<span class=\"teft-card__primary-title-append\"><\/span><\/h2>\t\t\t\t<\/div>\n\t\t\t<\/div>\n\t\t<\/a>\n\t<\/div>\n\n\t<\/div><\/div>\t<\/div>\n<\/div>\n","protected":false},"excerpt":{"rendered":"","protected":false},"author":25077,"featured_media":0,"comment_status":"closed","ping_status":"closed","sticky":false,"template":"","format":"standard","meta":{"teft_cards_image_url":"","teft_cards_custom_pretitle":"","teft_cards_image_id":736,"teft_cards_image_focal_point_x":0.3,"teft_cards_image_focal_point_y":0.3,"teft_cards_title":"","teft_cards_excerpt":"","teft_show_chapters":false,"author_display_name":"","footnotes":""},"category":[1],"post_tag":[],"hoyre-visibility":[],"article-type":[],"politician":[],"class_list":["post-735","post","type-post","status-publish","format-standard","hentry","category-ukategorisert"],"yoast_head":"<!-- This site is optimized with the Yoast SEO plugin v26.6 - https:\/\/yoast.com\/wordpress\/plugins\/seo\/ -->\n<title>Felles politisk plattform mellom H\u00f8yre, Frp, V og KRF - Lier H\u00f8yre<\/title>\n<meta name=\"robots\" content=\"index, follow, max-snippet:-1, max-image-preview:large, max-video-preview:-1\" \/>\n<link rel=\"canonical\" href=\"https:\/\/hoyre.no\/lier\/aktuelt\/felles-politisk-plattform-mellom-hoyre-frp-v-og-krf\/\" \/>\n<meta property=\"og:locale\" content=\"nb_NO\" \/>\n<meta property=\"og:type\" content=\"article\" \/>\n<meta property=\"og:title\" content=\"Felles politisk plattform mellom H\u00f8yre, Frp, V og KRF - Lier H\u00f8yre\" \/>\n<meta property=\"og:url\" content=\"https:\/\/hoyre.no\/lier\/aktuelt\/felles-politisk-plattform-mellom-hoyre-frp-v-og-krf\/\" \/>\n<meta property=\"og:site_name\" content=\"Lier H\u00f8yre\" \/>\n<meta property=\"article:published_time\" content=\"2023-09-28T16:02:09+00:00\" \/>\n<meta property=\"article:modified_time\" content=\"2023-09-28T16:07:37+00:00\" \/>\n<meta property=\"og:image\" content=\"https:\/\/hoyre.no\/content\/uploads\/sites\/181\/2025\/03\/H-partner-1024x625.png\" \/>\n<meta name=\"author\" content=\"Jan Erik Alverdus Berg\" \/>\n<meta name=\"twitter:card\" content=\"summary_large_image\" \/>\n<meta name=\"twitter:label1\" content=\"Skrevet av\" \/>\n\t<meta name=\"twitter:data1\" content=\"Jan Erik Alverdus Berg\" \/>\n\t<meta name=\"twitter:label2\" content=\"Ansl. lesetid\" \/>\n\t<meta name=\"twitter:data2\" content=\"8 minutter\" \/>\n<script type=\"application\/ld+json\" class=\"yoast-schema-graph\">{\"@context\":\"https:\/\/schema.org\",\"@graph\":[{\"@type\":\"NewsArticle\",\"@id\":\"https:\/\/hoyre.no\/lier\/aktuelt\/felles-politisk-plattform-mellom-hoyre-frp-v-og-krf\/\",\"url\":\"https:\/\/hoyre.no\/lier\/aktuelt\/felles-politisk-plattform-mellom-hoyre-frp-v-og-krf\/\",\"name\":\"Felles politisk plattform mellom H\u00f8yre, Frp, V og KRF - Lier H\u00f8yre\",\"isPartOf\":{\"@id\":\"https:\/\/hoyre.no\/lier\/#website\"},\"image\":{\"@id\":\"https:\/\/hoyre.no\/lier\/aktuelt\/felles-politisk-plattform-mellom-hoyre-frp-v-og-krf\/#primaryimage\"},\"thumbnailUrl\":\"https:\/\/static.xx.fbcdn.net\/images\/emoji.php\/v9\/tb8\/1\/16\/1f64c_1f3fb.png\",\"datePublished\":\"2023-09-28T16:02:09+00:00\",\"dateModified\":\"2023-09-28T16:07:37+00:00\",\"author\":{\"@id\":\"https:\/\/hoyre.no\/lier\/#\/schema\/person\/be706fc8eeb6e58c69020fd0983cbf12\"},\"breadcrumb\":{\"@id\":\"https:\/\/hoyre.no\/lier\/aktuelt\/felles-politisk-plattform-mellom-hoyre-frp-v-og-krf\/#breadcrumb\"},\"inLanguage\":\"nb-NO\",\"potentialAction\":[{\"@type\":\"ReadAction\",\"target\":[\"https:\/\/hoyre.no\/lier\/aktuelt\/felles-politisk-plattform-mellom-hoyre-frp-v-og-krf\/\"]}]},{\"@type\":\"ImageObject\",\"inLanguage\":\"nb-NO\",\"@id\":\"https:\/\/hoyre.no\/lier\/aktuelt\/felles-politisk-plattform-mellom-hoyre-frp-v-og-krf\/#primaryimage\",\"url\":\"https:\/\/static.xx.fbcdn.net\/images\/emoji.php\/v9\/tb8\/1\/16\/1f64c_1f3fb.png\",\"contentUrl\":\"https:\/\/static.xx.fbcdn.net\/images\/emoji.php\/v9\/tb8\/1\/16\/1f64c_1f3fb.png\"},{\"@type\":\"BreadcrumbList\",\"@id\":\"https:\/\/hoyre.no\/lier\/aktuelt\/felles-politisk-plattform-mellom-hoyre-frp-v-og-krf\/#breadcrumb\",\"itemListElement\":[{\"@type\":\"ListItem\",\"position\":1,\"name\":\"Til hoyre.no\",\"item\":\"https:\/\/hoyre.no\"},{\"@type\":\"ListItem\",\"position\":2,\"name\":\"Hjem\",\"item\":\"https:\/\/hoyre.no\/lier\/\"},{\"@type\":\"ListItem\",\"position\":3,\"name\":\"Felles politisk plattform mellom H\u00f8yre, Frp, V og KRF\"}]},{\"@type\":\"WebSite\",\"@id\":\"https:\/\/hoyre.no\/lier\/#website\",\"url\":\"https:\/\/hoyre.no\/lier\/\",\"name\":\"Lier H\u00f8yre\",\"description\":\"Bare enda et H\u00f8yres nettsteder-nettsted\",\"inLanguage\":\"nb-NO\"},{\"@type\":\"Person\",\"@id\":\"https:\/\/hoyre.no\/lier\/#\/schema\/person\/be706fc8eeb6e58c69020fd0983cbf12\",\"name\":\"Jan Erik Alverdus Berg\",\"image\":{\"@type\":\"ImageObject\",\"inLanguage\":\"nb-NO\",\"@id\":\"https:\/\/hoyre.no\/lier\/#\/schema\/person\/image\/\",\"url\":\"https:\/\/secure.gravatar.com\/avatar\/06abe3e27c859962523a24dd4c3f866b9e234850d263f7b8c3ede4b614ca0de4?s=96&d=mm&r=g\",\"contentUrl\":\"https:\/\/secure.gravatar.com\/avatar\/06abe3e27c859962523a24dd4c3f866b9e234850d263f7b8c3ede4b614ca0de4?s=96&d=mm&r=g\",\"caption\":\"Jan Erik Alverdus Berg\"},\"url\":\"https:\/\/hoyre.no\/lier\/aktuelt\/author\/m12225140\/\"}]}<\/script>\n<!-- \/ Yoast SEO plugin. -->","yoast_head_json":{"title":"Felles politisk plattform mellom H\u00f8yre, Frp, V og KRF - Lier H\u00f8yre","robots":{"index":"index","follow":"follow","max-snippet":"max-snippet:-1","max-image-preview":"max-image-preview:large","max-video-preview":"max-video-preview:-1"},"canonical":"https:\/\/hoyre.no\/lier\/aktuelt\/felles-politisk-plattform-mellom-hoyre-frp-v-og-krf\/","og_locale":"nb_NO","og_type":"article","og_title":"Felles politisk plattform mellom H\u00f8yre, Frp, V og KRF - Lier H\u00f8yre","og_url":"https:\/\/hoyre.no\/lier\/aktuelt\/felles-politisk-plattform-mellom-hoyre-frp-v-og-krf\/","og_site_name":"Lier H\u00f8yre","article_published_time":"2023-09-28T16:02:09+00:00","article_modified_time":"2023-09-28T16:07:37+00:00","og_image":[{"url":"https:\/\/hoyre.no\/content\/uploads\/sites\/181\/2025\/03\/H-partner-1024x625.png","width":"","height":"","type":""}],"author":"Jan Erik Alverdus Berg","twitter_card":"summary_large_image","twitter_misc":{"Skrevet av":"Jan Erik Alverdus Berg","Ansl. lesetid":"8 minutter"},"schema":{"@context":"https:\/\/schema.org","@graph":[{"@type":"NewsArticle","@id":"https:\/\/hoyre.no\/lier\/aktuelt\/felles-politisk-plattform-mellom-hoyre-frp-v-og-krf\/","url":"https:\/\/hoyre.no\/lier\/aktuelt\/felles-politisk-plattform-mellom-hoyre-frp-v-og-krf\/","name":"Felles politisk plattform mellom H\u00f8yre, Frp, V og KRF - Lier H\u00f8yre","isPartOf":{"@id":"https:\/\/hoyre.no\/lier\/#website"},"image":{"@id":"https:\/\/hoyre.no\/lier\/aktuelt\/felles-politisk-plattform-mellom-hoyre-frp-v-og-krf\/#primaryimage"},"thumbnailUrl":"https:\/\/static.xx.fbcdn.net\/images\/emoji.php\/v9\/tb8\/1\/16\/1f64c_1f3fb.png","datePublished":"2023-09-28T16:02:09+00:00","dateModified":"2023-09-28T16:07:37+00:00","author":{"@id":"https:\/\/hoyre.no\/lier\/#\/schema\/person\/be706fc8eeb6e58c69020fd0983cbf12"},"breadcrumb":{"@id":"https:\/\/hoyre.no\/lier\/aktuelt\/felles-politisk-plattform-mellom-hoyre-frp-v-og-krf\/#breadcrumb"},"inLanguage":"nb-NO","potentialAction":[{"@type":"ReadAction","target":["https:\/\/hoyre.no\/lier\/aktuelt\/felles-politisk-plattform-mellom-hoyre-frp-v-og-krf\/"]}]},{"@type":"ImageObject","inLanguage":"nb-NO","@id":"https:\/\/hoyre.no\/lier\/aktuelt\/felles-politisk-plattform-mellom-hoyre-frp-v-og-krf\/#primaryimage","url":"https:\/\/static.xx.fbcdn.net\/images\/emoji.php\/v9\/tb8\/1\/16\/1f64c_1f3fb.png","contentUrl":"https:\/\/static.xx.fbcdn.net\/images\/emoji.php\/v9\/tb8\/1\/16\/1f64c_1f3fb.png"},{"@type":"BreadcrumbList","@id":"https:\/\/hoyre.no\/lier\/aktuelt\/felles-politisk-plattform-mellom-hoyre-frp-v-og-krf\/#breadcrumb","itemListElement":[{"@type":"ListItem","position":1,"name":"Til hoyre.no","item":"https:\/\/hoyre.no"},{"@type":"ListItem","position":2,"name":"Hjem","item":"https:\/\/hoyre.no\/lier\/"},{"@type":"ListItem","position":3,"name":"Felles politisk plattform mellom H\u00f8yre, Frp, V og KRF"}]},{"@type":"WebSite","@id":"https:\/\/hoyre.no\/lier\/#website","url":"https:\/\/hoyre.no\/lier\/","name":"Lier H\u00f8yre","description":"Bare enda et H\u00f8yres nettsteder-nettsted","inLanguage":"nb-NO"},{"@type":"Person","@id":"https:\/\/hoyre.no\/lier\/#\/schema\/person\/be706fc8eeb6e58c69020fd0983cbf12","name":"Jan Erik Alverdus Berg","image":{"@type":"ImageObject","inLanguage":"nb-NO","@id":"https:\/\/hoyre.no\/lier\/#\/schema\/person\/image\/","url":"https:\/\/secure.gravatar.com\/avatar\/06abe3e27c859962523a24dd4c3f866b9e234850d263f7b8c3ede4b614ca0de4?s=96&d=mm&r=g","contentUrl":"https:\/\/secure.gravatar.com\/avatar\/06abe3e27c859962523a24dd4c3f866b9e234850d263f7b8c3ede4b614ca0de4?s=96&d=mm&r=g","caption":"Jan Erik Alverdus Berg"},"url":"https:\/\/hoyre.no\/lier\/aktuelt\/author\/m12225140\/"}]}},"distributor_meta":false,"distributor_terms":false,"distributor_media":false,"distributor_original_site_name":"Lier H\u00f8yre","distributor_original_site_url":"https:\/\/hoyre.no\/lier","push-errors":false,"_links":{"self":[{"href":"https:\/\/hoyre.no\/lier\/wp-json\/wp\/v2\/posts\/735","targetHints":{"allow":["GET"]}}],"collection":[{"href":"https:\/\/hoyre.no\/lier\/wp-json\/wp\/v2\/posts"}],"about":[{"href":"https:\/\/hoyre.no\/lier\/wp-json\/wp\/v2\/types\/post"}],"author":[{"embeddable":true,"href":"https:\/\/hoyre.no\/lier\/wp-json\/wp\/v2\/users\/25077"}],"replies":[{"embeddable":true,"href":"https:\/\/hoyre.no\/lier\/wp-json\/wp\/v2\/comments?post=735"}],"version-history":[{"count":4,"href":"https:\/\/hoyre.no\/lier\/wp-json\/wp\/v2\/posts\/735\/revisions"}],"predecessor-version":[{"id":742,"href":"https:\/\/hoyre.no\/lier\/wp-json\/wp\/v2\/posts\/735\/revisions\/742"}],"wp:attachment":[{"href":"https:\/\/hoyre.no\/lier\/wp-json\/wp\/v2\/media?parent=735"}],"wp:term":[{"taxonomy":"category","embeddable":true,"href":"https:\/\/hoyre.no\/lier\/wp-json\/wp\/v2\/category?post=735"},{"taxonomy":"post_tag","embeddable":true,"href":"https:\/\/hoyre.no\/lier\/wp-json\/wp\/v2\/post_tag?post=735"},{"taxonomy":"hoyre-visibility","embeddable":true,"href":"https:\/\/hoyre.no\/lier\/wp-json\/wp\/v2\/hoyre-visibility?post=735"},{"taxonomy":"article-type","embeddable":true,"href":"https:\/\/hoyre.no\/lier\/wp-json\/wp\/v2\/article-type?post=735"},{"taxonomy":"politician","embeddable":true,"href":"https:\/\/hoyre.no\/lier\/wp-json\/wp\/v2\/politician?post=735"}],"curies":[{"name":"wp","href":"https:\/\/api.w.org\/{rel}","templated":true}]}}