{"id":795,"date":"2024-04-28T11:03:56","date_gmt":"2024-04-28T09:03:56","guid":{"rendered":"https:\/\/hoyre.no\/lier\/?p=795"},"modified":"2024-04-28T11:11:07","modified_gmt":"2024-04-28T09:11:07","slug":"rus-narkotika-og-kriminalitet-er-hverdagen-for-stadig-flere-unge","status":"publish","type":"post","link":"https:\/\/hoyre.no\/lier\/aktuelt\/rus-narkotika-og-kriminalitet-er-hverdagen-for-stadig-flere-unge\/","title":{"rendered":"Rus, narkotika og kriminalitet er hverdagen for stadig flere unge"},"content":{"rendered":"\n<p class=\"preamble\">Det ble en fin og sterk opplevelse da Lier H\u00f8yre kommunestyregruppe og styret fikk en f\u00f8rpremi\u00e6re p\u00e5 filmen Miseria. B\u00e5de f\u00f8r og etter filmen kom det sterke personlige historier og innspill p\u00e5 hvordan en kan forebygge narkotika og kriminalitet blant unge. <\/p>\t\t\t<div class=\"post-meta wp-block teft-byline-wrapper\">\n\t\t\t\t<div class=\"top\">\n\t\t\t\t\t<div class=\"signature\">\n\t\t\t\t\t\t<div class=\"teft-byline\">\n\t\t\t\t\t\t\t\t\t\t\t\t\t\t<div>\n\t\t\t\t\t\t\t\t<h3>H\u00f8yres redaksjon<\/h3>\t\t\t\t\t\t\t\t\n\t\t\t\t\t\t\t\t\t\t\t\t\t\t\t\t\t<span class=\"date\">Sist oppdatert: 28. april 2024<\/span>\n\t\t\t\t\t\t\t\t\t\t\t\t\t\t\t\t\t\t\t\t\t\t\t\t\t<span class=\"reading-time\" itemprop=\"timeRequired\" content=\"PT3M\"><em>Ca. 3 minutter lesetid<\/em><\/span>\n\t\t\t\t\t\t\t\t\t\t\t\t\t\t\t<\/div>\n\t\t\t\t\t\t<\/div>\n\t\t\t\t\t<\/div>\n\t\t\t\t\t\t<div class=\"sharing\">\n\t\t<a class=\"share-button share-link copy-link\" data-copy=\"https:\/\/hoyre.no\/lier\/aktuelt\/rus-narkotika-og-kriminalitet-er-hverdagen-for-stadig-flere-unge\/\" target=\"_blank\"><span class=\"screen-reader-text\">Del link<\/span><\/a>\n\t\t<a class=\"share-button share-twitter\" href=\"http:\/\/twitter.com\/share?text=Rus, narkotika og kriminalitet er hverdagen for stadig flere unge&#038;url=https:\/\/hoyre.no\/lier\/aktuelt\/rus-narkotika-og-kriminalitet-er-hverdagen-for-stadig-flere-unge\/&#038;hashtags=Hoyre\" target=\"_blank\"><span class=\"screen-reader-text\">Del p\u00e5 twitter<\/span><\/a>\n\t\t<a class=\"share-button share-facebook\" href=\"https:\/\/www.facebook.com\/sharer\/sharer.php?u=https:\/\/hoyre.no\/lier\/aktuelt\/rus-narkotika-og-kriminalitet-er-hverdagen-for-stadig-flere-unge\/\" target=\"_blank\"><span class=\"screen-reader-text\">Del p\u00e5 facebook<\/span><\/a>\n\t<\/div>\n\t\t\t\t\t<\/div>\n\t\t\t<\/div>\n\n\t\t\t<figure class=\"hoyre-image-wrapper\"><div class=\"hoyre-image\"><img loading=\"lazy\" decoding=\"async\" width=\"416\" height=\"458\" src=\"https:\/\/hoyre.no\/content\/uploads\/sites\/181\/2024\/04\/Skjermbilde-2024-04-28-kl.-08.19.22.png\" class=\"attachment-scaled size-scaled\" alt=\"\" style=\"object-position: 55.00000000000001% 34%\" srcset=\"https:\/\/hoyre.no\/content\/uploads\/sites\/181\/2024\/04\/Skjermbilde-2024-04-28-kl.-08.19.22.png 416w, https:\/\/hoyre.no\/content\/uploads\/sites\/181\/2024\/04\/Skjermbilde-2024-04-28-kl.-08.19.22-272x300.png 272w\" sizes=\"auto, (max-width: 416px) 100vw, 416px\" \/><\/div><figcaption class=\"caption\">Miseria &#8211; Sterk film om rus og kriminalitet, og hvor vanskelig det er \u00e5 komme ut av et kriminelt gjengmilj\u00f8. Premi\u00e6re h\u00f8sten 2024<\/figcaption><\/figure>\n\n\n\n\n<p>Filmen Miseria om Sebastian Staksets liv ble en fin, intens, sterk og ekte opplevelse som bidrar til ettertanke for alle.&nbsp;<\/p>\n\n\n\n<p>Hensikten med arrangementet var \u00e5 oppdatere politikere for hvordan de kan m\u00f8te rus, narkotika og kriminalitet, og hvordan et lokalsamfunn kan bidra til \u00e5 hindre at begynnende kriminalitet utvikler seg til \u00absvenske\u00bb tilstander.<\/p>\n\n\n\n<p>Hallvard Erstad og Stig Morten Seiersted fra Lier H\u00f8yre innledet m\u00f8tet. Stig Morten fortalte om sine egne erfaringer om det \u00e5 komme ut av en kriminell l\u00f8pebane. Han p\u00e5pekte at det er veldig viktig \u00e5 gi tillit og gi de unge tro p\u00e5 at de kan komme ut av en ond sirkel med rus, narkotika og kriminalitet. Han ser en skremmende utvikling av at veien fra uskyldig f\u00f8rstegangsbruk p\u00e5 en fest til gjengkriminalitet blir kortere og kortere. Sosiale medier er en meget sterk driver til dette, sammen med musikk som glorifiserer narkotika og kriminalitet. <\/p>\n\n\n\n<p>Filmen Miseria gir en sterk fremstilling av det \u00e5 v\u00e6re i et kriminelt gjengmilj\u00f8, og hvor vanskelig det er \u00e5 komme ut av milj\u00f8et selvom en gjerne vil. Det er en film som b\u00e5de er en advarsel til unge og gi h\u00e5p selvom alt ser svart ut. Filmen er blitt vist for innsatte, der den skaper dype spor og gjenkjennelse p\u00e5 hvordan livet i et gjengmilj\u00f8 er. Filmen vil ha premi\u00e6re p\u00e5 norske kinoer h\u00f8sten 2024. <\/p>\n\n\n\n<p>Marita stiftelsen var sterkt representert p\u00e5 m\u00f8tet. <em>&laquo;<a href=\"https:\/\/marita.no\/\">Maritastiftelsen<\/a> er en ideell, tverrkirkelig og diakonal stiftelse som jobber for \u00e5 motarbeide utenforskap. Vi bist\u00e5r personer med rusproblemer, mennesker som vil ut av livskontrollerende forhold, og st\u00f8tter mennesker med ulike psykiske, sosiale og fysiske utfordringer.&raquo;<\/em><\/p>\n\n\n\n<p>Etter filmvisningen fortalte Sebastian Staksets om filmen tilblivelse og hensikten med filmen. Det var ogs\u00e5 en innledning til debatt etter filmen om hva lokal politikere kan gj\u00f8re for \u00e5 motvirke den skremmende utviklingen. <\/p>\n\n\n\n<p>I debatten kom det frem hvor viktig det er \u00e5 ha et godt barnevern, NAV som bidrar til \u00e5 f\u00e5 unge ut i jobb og f\u00f8lge de unge opp over tid. Mobilfritt skole ble det sterkt oppfordret til \u00e5 innf\u00f8re s\u00e5 raskt som mulig for \u00e5 hindre den sterke innvirkingen fra sosiale medier. <\/p>\n\n\n\n<p>En r\u00f8rt Leder av Lier H\u00f8yre Berit Solberg takket til slutt filmfremvisningen for at de delte sine livserfaringer. R\u00f8rtheten skyldes ikke over det de hadde gjort &#8211; det ansvaret hadde de tatt selv, men m\u00e5ten de hadde kommet ut av det p\u00e5 ved faktisk \u00e5 ansvarligegj\u00f8re seg selv og sine handlinger. Det er ogs\u00e5 et viktig budskap fra Stig Morten Seierstad. En m\u00e5 ansvarlige gj\u00f8re seg selv for sine handlinger. Det er en viktig start for \u00e5 starte en vei ut av en tilv\u00e6rlese med rus, narkotika og kriminalitet. <\/p>\n\n\n\n<p><\/p>\n\n\n\n<figure class=\"wp-block-image size-large is-resized\"><img loading=\"lazy\" decoding=\"async\" width=\"768\" height=\"1024\" src=\"https:\/\/hoyre.no\/content\/uploads\/sites\/181\/2024\/04\/IMG_2866-768x1024.jpg\" alt=\"\" class=\"wp-image-799\" style=\"aspect-ratio:0.75;width:701px;height:auto\" srcset=\"https:\/\/hoyre.no\/content\/uploads\/sites\/181\/2024\/04\/IMG_2866-768x1024.jpg 768w, https:\/\/hoyre.no\/content\/uploads\/sites\/181\/2024\/04\/IMG_2866-225x300.jpg 225w, https:\/\/hoyre.no\/content\/uploads\/sites\/181\/2024\/04\/IMG_2866.jpg 948w\" sizes=\"auto, (max-width: 768px) 100vw, 768px\" \/><\/figure>\n\n\n<div class=\"tags\">\n\t<\/div>\n<div class=\"post-footer alignfull has-background block-editor-block-list__block\" data-align=full>\n\t<div class=\"post-footer-inner\">\n\t\t<h3>Relaterte artikler<\/h3>\n\t\t<div class=\"related-content\"><div class=\"is-card-hoyre\">\n\t<div class=\"teft-card hoyre-teft-card post-teft-card\">\n\t\t<a href=\"https:\/\/hoyre.no\/lier\/aktuelt\/hvem-skal-representere-lier-hoyre-i-kommunestyret-2027-2031\/\" class=\"teft-card__primary-action\">\n\n\t\t\t\t\t<div class=\"teft-card__media teft-card__media--16-9\">\n\t\t\t\t\t\t<img loading=\"lazy\" decoding=\"async\" width=\"768\" height=\"576\" src=\"https:\/\/hoyre.no\/content\/uploads\/sites\/181\/2023\/09\/Synnove-1-768x576.jpg\" class=\"attachment-medium_large size-medium_large\" alt=\"\" srcset=\"https:\/\/hoyre.no\/content\/uploads\/sites\/181\/2023\/09\/Synnove-1-768x576.jpg 768w, https:\/\/hoyre.no\/content\/uploads\/sites\/181\/2023\/09\/Synnove-1-300x225.jpg 300w, https:\/\/hoyre.no\/content\/uploads\/sites\/181\/2023\/09\/Synnove-1-1024x768.jpg 1024w, https:\/\/hoyre.no\/content\/uploads\/sites\/181\/2023\/09\/Synnove-1-1536x1152.jpg 1536w, https:\/\/hoyre.no\/content\/uploads\/sites\/181\/2023\/09\/Synnove-1.jpg 1739w\" sizes=\"auto, (max-width: 768px) 100vw, 768px\" \/>\t\t<\/div>\n\t\t\n\t\t\t<div class=\"teft-card__content-wrapper\">\n\t\t\t\t<div class=\"teft-card__secondary\">\n\t\t\t\t\t\n\t\t\t\t\t\t\t\t<div class=\"teft-card__meta\">\n\t\t\t\t\t\t\t\t\t<span class=\"post-date\">18. mar 2026<\/span>\n\n\t\t\t\t\t\t\t\t\t\t\t\t\t\t\t\t\t<\/div>\n\t\t\t\t\t\t\t\t\t\t\t<\/div>\n\n\t\t\t\t<div class=\"teft-card__primary\">\n\t\t\t\t\t<h2 class=\"teft-card__title\">Hvem skal representere Lier H\u00f8yre i kommunestyret\u00a0 2027-2031?&nbsp;<span class=\"teft-card__primary-title-append\"><\/span><\/h2>\t\t\t\t<\/div>\n\t\t\t<\/div>\n\t\t<\/a>\n\t<\/div>\n\n\t<\/div><div class=\"is-card-hoyre\">\n\t<div class=\"teft-card hoyre-teft-card post-teft-card\">\n\t\t<a href=\"https:\/\/hoyre.no\/lier\/aktuelt\/lier-hoyres-nominasjons-prosess-og-datoplan-kommunevalget-2027\/\" class=\"teft-card__primary-action\">\n\n\t\t\t\t\t<div class=\"teft-card__media teft-card__media--16-9\">\n\t\t\t\t\t\t<img loading=\"lazy\" decoding=\"async\" width=\"640\" height=\"480\" src=\"https:\/\/hoyre.no\/content\/uploads\/sites\/181\/2026\/03\/488574322_10162715090130498_4152680883469981394_n.jpg\" class=\"attachment-medium_large size-medium_large\" alt=\"\" srcset=\"https:\/\/hoyre.no\/content\/uploads\/sites\/181\/2026\/03\/488574322_10162715090130498_4152680883469981394_n.jpg 640w, https:\/\/hoyre.no\/content\/uploads\/sites\/181\/2026\/03\/488574322_10162715090130498_4152680883469981394_n-300x225.jpg 300w\" sizes=\"auto, (max-width: 640px) 100vw, 640px\" \/>\t\t<\/div>\n\t\t\n\t\t\t<div class=\"teft-card__content-wrapper\">\n\t\t\t\t<div class=\"teft-card__secondary\">\n\t\t\t\t\t\n\t\t\t\t\t\t\t\t<div class=\"teft-card__meta\">\n\t\t\t\t\t\t\t\t\t<span class=\"post-date\">18. mar 2026<\/span>\n\n\t\t\t\t\t\t\t\t\t\t\t\t\t\t\t\t\t<\/div>\n\t\t\t\t\t\t\t\t\t\t\t<\/div>\n\n\t\t\t\t<div class=\"teft-card__primary\">\n\t\t\t\t\t<h2 class=\"teft-card__title\">Lier H\u00f8yres Nominasjons-prosess og datoplan for kommunevalget 2027&nbsp;<span class=\"teft-card__primary-title-append\"><\/span><\/h2>\t\t\t\t<\/div>\n\t\t\t<\/div>\n\t\t<\/a>\n\t<\/div>\n\n\t<\/div><div class=\"is-card-hoyre\">\n\t<div class=\"teft-card hoyre-teft-card post-teft-card\">\n\t\t<a href=\"https:\/\/hoyre.no\/lier\/aktuelt\/bli-h-partner\/\" class=\"teft-card__primary-action\">\n\n\t\t\t\t\t<div class=\"teft-card__media teft-card__media--16-9\">\n\t\t\t\t\t\t<img loading=\"lazy\" decoding=\"async\" width=\"768\" height=\"469\" src=\"https:\/\/hoyre.no\/content\/uploads\/sites\/181\/2025\/03\/H-partner-768x469.png\" class=\"attachment-medium_large size-medium_large\" alt=\"\" srcset=\"https:\/\/hoyre.no\/content\/uploads\/sites\/181\/2025\/03\/H-partner-768x469.png 768w, https:\/\/hoyre.no\/content\/uploads\/sites\/181\/2025\/03\/H-partner-300x183.png 300w, https:\/\/hoyre.no\/content\/uploads\/sites\/181\/2025\/03\/H-partner-1024x625.png 1024w, https:\/\/hoyre.no\/content\/uploads\/sites\/181\/2025\/03\/H-partner-1536x938.png 1536w, https:\/\/hoyre.no\/content\/uploads\/sites\/181\/2025\/03\/H-partner-2048x1251.png 2048w\" sizes=\"auto, (max-width: 768px) 100vw, 768px\" \/>\t\t<\/div>\n\t\t\n\t\t\t<div class=\"teft-card__content-wrapper\">\n\t\t\t\t<div class=\"teft-card__secondary\">\n\t\t\t\t\t\n\t\t\t\t\t\t\t\t<div class=\"teft-card__meta\">\n\t\t\t\t\t\t\t\t\t<span class=\"post-date\">6. mar 2025<\/span>\n\n\t\t\t\t\t\t\t\t\t\t\t\t\t\t\t\t\t<\/div>\n\t\t\t\t\t\t\t\t\t\t\t<\/div>\n\n\t\t\t\t<div class=\"teft-card__primary\">\n\t\t\t\t\t<h2 class=\"teft-card__title\">Bli H-partner&nbsp;<span class=\"teft-card__primary-title-append\"><\/span><\/h2>\t\t\t\t<\/div>\n\t\t\t<\/div>\n\t\t<\/a>\n\t<\/div>\n\n\t<\/div><\/div>\t<\/div>\n<\/div>\n","protected":false},"excerpt":{"rendered":"","protected":false},"author":25077,"featured_media":0,"comment_status":"closed","ping_status":"closed","sticky":false,"template":"","format":"standard","meta":{"teft_cards_image_url":"","teft_cards_custom_pretitle":"","teft_cards_image_id":799,"teft_cards_image_focal_point_x":0.54,"teft_cards_image_focal_point_y":0.72,"teft_cards_title":"","teft_cards_excerpt":"","teft_show_chapters":false,"author_display_name":"","footnotes":""},"category":[1],"post_tag":[],"hoyre-visibility":[],"article-type":[],"politician":[],"class_list":["post-795","post","type-post","status-publish","format-standard","hentry","category-ukategorisert"],"yoast_head":"<!-- This site is optimized with the Yoast SEO plugin v26.6 - https:\/\/yoast.com\/wordpress\/plugins\/seo\/ -->\n<title>Rus, narkotika og kriminalitet er hverdagen for stadig flere unge - Lier H\u00f8yre<\/title>\n<meta name=\"robots\" content=\"index, follow, max-snippet:-1, max-image-preview:large, max-video-preview:-1\" \/>\n<link rel=\"canonical\" href=\"https:\/\/hoyre.no\/lier\/aktuelt\/rus-narkotika-og-kriminalitet-er-hverdagen-for-stadig-flere-unge\/\" \/>\n<meta property=\"og:locale\" content=\"nb_NO\" \/>\n<meta property=\"og:type\" content=\"article\" \/>\n<meta property=\"og:title\" content=\"Rus, narkotika og kriminalitet er hverdagen for stadig flere unge - Lier H\u00f8yre\" \/>\n<meta property=\"og:url\" content=\"https:\/\/hoyre.no\/lier\/aktuelt\/rus-narkotika-og-kriminalitet-er-hverdagen-for-stadig-flere-unge\/\" \/>\n<meta property=\"og:site_name\" content=\"Lier H\u00f8yre\" \/>\n<meta property=\"article:published_time\" content=\"2024-04-28T09:03:56+00:00\" \/>\n<meta property=\"article:modified_time\" content=\"2024-04-28T09:11:07+00:00\" \/>\n<meta property=\"og:image\" content=\"https:\/\/hoyre.no\/content\/uploads\/sites\/181\/2025\/03\/H-partner-1024x625.png\" \/>\n<meta name=\"author\" content=\"Jan Erik Alverdus Berg\" \/>\n<meta name=\"twitter:card\" content=\"summary_large_image\" \/>\n<meta name=\"twitter:label1\" content=\"Skrevet av\" \/>\n\t<meta name=\"twitter:data1\" content=\"Jan Erik Alverdus Berg\" \/>\n\t<meta name=\"twitter:label2\" content=\"Ansl. lesetid\" \/>\n\t<meta name=\"twitter:data2\" content=\"3 minutter\" \/>\n<script type=\"application\/ld+json\" class=\"yoast-schema-graph\">{\"@context\":\"https:\/\/schema.org\",\"@graph\":[{\"@type\":\"NewsArticle\",\"@id\":\"https:\/\/hoyre.no\/lier\/aktuelt\/rus-narkotika-og-kriminalitet-er-hverdagen-for-stadig-flere-unge\/\",\"url\":\"https:\/\/hoyre.no\/lier\/aktuelt\/rus-narkotika-og-kriminalitet-er-hverdagen-for-stadig-flere-unge\/\",\"name\":\"Rus, narkotika og kriminalitet er hverdagen for stadig flere unge - Lier H\u00f8yre\",\"isPartOf\":{\"@id\":\"https:\/\/hoyre.no\/lier\/#website\"},\"image\":{\"@id\":\"https:\/\/hoyre.no\/lier\/aktuelt\/rus-narkotika-og-kriminalitet-er-hverdagen-for-stadig-flere-unge\/#primaryimage\"},\"thumbnailUrl\":\"https:\/\/hoyre.no\/content\/uploads\/sites\/181\/2024\/04\/IMG_2866-768x1024.jpg\",\"datePublished\":\"2024-04-28T09:03:56+00:00\",\"dateModified\":\"2024-04-28T09:11:07+00:00\",\"author\":{\"@id\":\"https:\/\/hoyre.no\/lier\/#\/schema\/person\/be706fc8eeb6e58c69020fd0983cbf12\"},\"breadcrumb\":{\"@id\":\"https:\/\/hoyre.no\/lier\/aktuelt\/rus-narkotika-og-kriminalitet-er-hverdagen-for-stadig-flere-unge\/#breadcrumb\"},\"inLanguage\":\"nb-NO\",\"potentialAction\":[{\"@type\":\"ReadAction\",\"target\":[\"https:\/\/hoyre.no\/lier\/aktuelt\/rus-narkotika-og-kriminalitet-er-hverdagen-for-stadig-flere-unge\/\"]}]},{\"@type\":\"ImageObject\",\"inLanguage\":\"nb-NO\",\"@id\":\"https:\/\/hoyre.no\/lier\/aktuelt\/rus-narkotika-og-kriminalitet-er-hverdagen-for-stadig-flere-unge\/#primaryimage\",\"url\":\"https:\/\/hoyre.no\/content\/uploads\/sites\/181\/2024\/04\/IMG_2866-768x1024.jpg\",\"contentUrl\":\"https:\/\/hoyre.no\/content\/uploads\/sites\/181\/2024\/04\/IMG_2866-768x1024.jpg\"},{\"@type\":\"BreadcrumbList\",\"@id\":\"https:\/\/hoyre.no\/lier\/aktuelt\/rus-narkotika-og-kriminalitet-er-hverdagen-for-stadig-flere-unge\/#breadcrumb\",\"itemListElement\":[{\"@type\":\"ListItem\",\"position\":1,\"name\":\"Til hoyre.no\",\"item\":\"https:\/\/hoyre.no\"},{\"@type\":\"ListItem\",\"position\":2,\"name\":\"Hjem\",\"item\":\"https:\/\/hoyre.no\/lier\/\"},{\"@type\":\"ListItem\",\"position\":3,\"name\":\"Rus, narkotika og kriminalitet er hverdagen for stadig flere unge\"}]},{\"@type\":\"WebSite\",\"@id\":\"https:\/\/hoyre.no\/lier\/#website\",\"url\":\"https:\/\/hoyre.no\/lier\/\",\"name\":\"Lier H\u00f8yre\",\"description\":\"Bare enda et H\u00f8yres nettsteder-nettsted\",\"inLanguage\":\"nb-NO\"},{\"@type\":\"Person\",\"@id\":\"https:\/\/hoyre.no\/lier\/#\/schema\/person\/be706fc8eeb6e58c69020fd0983cbf12\",\"name\":\"Jan Erik Alverdus Berg\",\"image\":{\"@type\":\"ImageObject\",\"inLanguage\":\"nb-NO\",\"@id\":\"https:\/\/hoyre.no\/lier\/#\/schema\/person\/image\/\",\"url\":\"https:\/\/secure.gravatar.com\/avatar\/06abe3e27c859962523a24dd4c3f866b9e234850d263f7b8c3ede4b614ca0de4?s=96&d=mm&r=g\",\"contentUrl\":\"https:\/\/secure.gravatar.com\/avatar\/06abe3e27c859962523a24dd4c3f866b9e234850d263f7b8c3ede4b614ca0de4?s=96&d=mm&r=g\",\"caption\":\"Jan Erik Alverdus Berg\"},\"url\":\"https:\/\/hoyre.no\/lier\/aktuelt\/author\/m12225140\/\"}]}<\/script>\n<!-- \/ Yoast SEO plugin. -->","yoast_head_json":{"title":"Rus, narkotika og kriminalitet er hverdagen for stadig flere unge - Lier H\u00f8yre","robots":{"index":"index","follow":"follow","max-snippet":"max-snippet:-1","max-image-preview":"max-image-preview:large","max-video-preview":"max-video-preview:-1"},"canonical":"https:\/\/hoyre.no\/lier\/aktuelt\/rus-narkotika-og-kriminalitet-er-hverdagen-for-stadig-flere-unge\/","og_locale":"nb_NO","og_type":"article","og_title":"Rus, narkotika og kriminalitet er hverdagen for stadig flere unge - Lier H\u00f8yre","og_url":"https:\/\/hoyre.no\/lier\/aktuelt\/rus-narkotika-og-kriminalitet-er-hverdagen-for-stadig-flere-unge\/","og_site_name":"Lier H\u00f8yre","article_published_time":"2024-04-28T09:03:56+00:00","article_modified_time":"2024-04-28T09:11:07+00:00","og_image":[{"url":"https:\/\/hoyre.no\/content\/uploads\/sites\/181\/2025\/03\/H-partner-1024x625.png","width":"","height":"","type":""}],"author":"Jan Erik Alverdus Berg","twitter_card":"summary_large_image","twitter_misc":{"Skrevet av":"Jan Erik Alverdus Berg","Ansl. lesetid":"3 minutter"},"schema":{"@context":"https:\/\/schema.org","@graph":[{"@type":"NewsArticle","@id":"https:\/\/hoyre.no\/lier\/aktuelt\/rus-narkotika-og-kriminalitet-er-hverdagen-for-stadig-flere-unge\/","url":"https:\/\/hoyre.no\/lier\/aktuelt\/rus-narkotika-og-kriminalitet-er-hverdagen-for-stadig-flere-unge\/","name":"Rus, narkotika og kriminalitet er hverdagen for stadig flere unge - Lier H\u00f8yre","isPartOf":{"@id":"https:\/\/hoyre.no\/lier\/#website"},"image":{"@id":"https:\/\/hoyre.no\/lier\/aktuelt\/rus-narkotika-og-kriminalitet-er-hverdagen-for-stadig-flere-unge\/#primaryimage"},"thumbnailUrl":"https:\/\/hoyre.no\/content\/uploads\/sites\/181\/2024\/04\/IMG_2866-768x1024.jpg","datePublished":"2024-04-28T09:03:56+00:00","dateModified":"2024-04-28T09:11:07+00:00","author":{"@id":"https:\/\/hoyre.no\/lier\/#\/schema\/person\/be706fc8eeb6e58c69020fd0983cbf12"},"breadcrumb":{"@id":"https:\/\/hoyre.no\/lier\/aktuelt\/rus-narkotika-og-kriminalitet-er-hverdagen-for-stadig-flere-unge\/#breadcrumb"},"inLanguage":"nb-NO","potentialAction":[{"@type":"ReadAction","target":["https:\/\/hoyre.no\/lier\/aktuelt\/rus-narkotika-og-kriminalitet-er-hverdagen-for-stadig-flere-unge\/"]}]},{"@type":"ImageObject","inLanguage":"nb-NO","@id":"https:\/\/hoyre.no\/lier\/aktuelt\/rus-narkotika-og-kriminalitet-er-hverdagen-for-stadig-flere-unge\/#primaryimage","url":"https:\/\/hoyre.no\/content\/uploads\/sites\/181\/2024\/04\/IMG_2866-768x1024.jpg","contentUrl":"https:\/\/hoyre.no\/content\/uploads\/sites\/181\/2024\/04\/IMG_2866-768x1024.jpg"},{"@type":"BreadcrumbList","@id":"https:\/\/hoyre.no\/lier\/aktuelt\/rus-narkotika-og-kriminalitet-er-hverdagen-for-stadig-flere-unge\/#breadcrumb","itemListElement":[{"@type":"ListItem","position":1,"name":"Til hoyre.no","item":"https:\/\/hoyre.no"},{"@type":"ListItem","position":2,"name":"Hjem","item":"https:\/\/hoyre.no\/lier\/"},{"@type":"ListItem","position":3,"name":"Rus, narkotika og kriminalitet er hverdagen for stadig flere unge"}]},{"@type":"WebSite","@id":"https:\/\/hoyre.no\/lier\/#website","url":"https:\/\/hoyre.no\/lier\/","name":"Lier H\u00f8yre","description":"Bare enda et H\u00f8yres nettsteder-nettsted","inLanguage":"nb-NO"},{"@type":"Person","@id":"https:\/\/hoyre.no\/lier\/#\/schema\/person\/be706fc8eeb6e58c69020fd0983cbf12","name":"Jan Erik Alverdus Berg","image":{"@type":"ImageObject","inLanguage":"nb-NO","@id":"https:\/\/hoyre.no\/lier\/#\/schema\/person\/image\/","url":"https:\/\/secure.gravatar.com\/avatar\/06abe3e27c859962523a24dd4c3f866b9e234850d263f7b8c3ede4b614ca0de4?s=96&d=mm&r=g","contentUrl":"https:\/\/secure.gravatar.com\/avatar\/06abe3e27c859962523a24dd4c3f866b9e234850d263f7b8c3ede4b614ca0de4?s=96&d=mm&r=g","caption":"Jan Erik Alverdus Berg"},"url":"https:\/\/hoyre.no\/lier\/aktuelt\/author\/m12225140\/"}]}},"distributor_meta":false,"distributor_terms":false,"distributor_media":false,"distributor_original_site_name":"Lier H\u00f8yre","distributor_original_site_url":"https:\/\/hoyre.no\/lier","push-errors":false,"_links":{"self":[{"href":"https:\/\/hoyre.no\/lier\/wp-json\/wp\/v2\/posts\/795","targetHints":{"allow":["GET"]}}],"collection":[{"href":"https:\/\/hoyre.no\/lier\/wp-json\/wp\/v2\/posts"}],"about":[{"href":"https:\/\/hoyre.no\/lier\/wp-json\/wp\/v2\/types\/post"}],"author":[{"embeddable":true,"href":"https:\/\/hoyre.no\/lier\/wp-json\/wp\/v2\/users\/25077"}],"replies":[{"embeddable":true,"href":"https:\/\/hoyre.no\/lier\/wp-json\/wp\/v2\/comments?post=795"}],"version-history":[{"count":4,"href":"https:\/\/hoyre.no\/lier\/wp-json\/wp\/v2\/posts\/795\/revisions"}],"predecessor-version":[{"id":801,"href":"https:\/\/hoyre.no\/lier\/wp-json\/wp\/v2\/posts\/795\/revisions\/801"}],"wp:attachment":[{"href":"https:\/\/hoyre.no\/lier\/wp-json\/wp\/v2\/media?parent=795"}],"wp:term":[{"taxonomy":"category","embeddable":true,"href":"https:\/\/hoyre.no\/lier\/wp-json\/wp\/v2\/category?post=795"},{"taxonomy":"post_tag","embeddable":true,"href":"https:\/\/hoyre.no\/lier\/wp-json\/wp\/v2\/post_tag?post=795"},{"taxonomy":"hoyre-visibility","embeddable":true,"href":"https:\/\/hoyre.no\/lier\/wp-json\/wp\/v2\/hoyre-visibility?post=795"},{"taxonomy":"article-type","embeddable":true,"href":"https:\/\/hoyre.no\/lier\/wp-json\/wp\/v2\/article-type?post=795"},{"taxonomy":"politician","embeddable":true,"href":"https:\/\/hoyre.no\/lier\/wp-json\/wp\/v2\/politician?post=795"}],"curies":[{"name":"wp","href":"https:\/\/api.w.org\/{rel}","templated":true}]}}