{"id":104,"date":"2023-03-31T12:06:48","date_gmt":"2023-03-31T10:06:48","guid":{"rendered":"https:\/\/hoyre.no\/lillehammer\/?p=104"},"modified":"2023-06-03T16:57:46","modified_gmt":"2023-06-03T14:57:46","slug":"valglisten-2023-2027","status":"publish","type":"post","link":"https:\/\/hoyre.no\/lillehammer\/aktuelt\/valglisten-2023-2027\/","title":{"rendered":"Her er Lillehammer H\u00f8yres kandidater"},"content":{"rendered":"\n<p class=\"preamble\">Lillehammer H\u00f8yre sin valgliste til kommunestyrevalget h\u00f8sten 2023 er klar.<\/p>\t\t\t<div class=\"post-meta wp-block teft-byline-wrapper\">\n\t\t\t\t<div class=\"top\">\n\t\t\t\t\t<div class=\"signature\">\n\t\t\t\t\t\t<div class=\"teft-byline\">\n\t\t\t\t\t\t\t\t\t\t\t\t\t\t<div>\n\t\t\t\t\t\t\t\t<h3>H\u00f8yres redaksjon<\/h3>\t\t\t\t\t\t\t\t\n\t\t\t\t\t\t\t\t\t\t\t\t\t\t\t\t\t<span class=\"date\">Sist oppdatert: 3. juni 2023<\/span>\n\t\t\t\t\t\t\t\t\t\t\t\t\t\t\t\t\t\t\t\t\t\t\t\t\t<span class=\"reading-time\" itemprop=\"timeRequired\" content=\"PT1M\"><em>Ca. 1 minutter lesetid<\/em><\/span>\n\t\t\t\t\t\t\t\t\t\t\t\t\t\t\t<\/div>\n\t\t\t\t\t\t<\/div>\n\t\t\t\t\t<\/div>\n\t\t\t\t\t\t<div class=\"sharing\">\n\t\t<a class=\"share-button share-link copy-link\" data-copy=\"https:\/\/hoyre.no\/lillehammer\/aktuelt\/valglisten-2023-2027\/\" target=\"_blank\"><span class=\"screen-reader-text\">Del link<\/span><\/a>\n\t\t<a class=\"share-button share-twitter\" href=\"http:\/\/twitter.com\/share?text=Her er Lillehammer H\u00f8yres kandidater&#038;url=https:\/\/hoyre.no\/lillehammer\/aktuelt\/valglisten-2023-2027\/&#038;hashtags=Hoyre\" target=\"_blank\"><span class=\"screen-reader-text\">Del p\u00e5 twitter<\/span><\/a>\n\t\t<a class=\"share-button share-facebook\" href=\"https:\/\/www.facebook.com\/sharer\/sharer.php?u=https:\/\/hoyre.no\/lillehammer\/aktuelt\/valglisten-2023-2027\/\" target=\"_blank\"><span class=\"screen-reader-text\">Del p\u00e5 facebook<\/span><\/a>\n\t<\/div>\n\t\t\t\t\t<\/div>\n\t\t\t<\/div>\n\n\t\t\t<figure class=\"hoyre-image-wrapper\"><div class=\"hoyre-image\"><img loading=\"lazy\" decoding=\"async\" width=\"730\" height=\"500\" src=\"https:\/\/hoyre.no\/content\/uploads\/sites\/72\/2023\/03\/toppkandidater_lhmr-H_2023.png\" class=\"attachment-scaled size-scaled\" alt=\"Hans Olav Sundf\u00f8r og Marianne Gunnerud\" style=\"object-position: 50% 50%\" srcset=\"https:\/\/hoyre.no\/content\/uploads\/sites\/72\/2023\/03\/toppkandidater_lhmr-H_2023.png 730w, https:\/\/hoyre.no\/content\/uploads\/sites\/72\/2023\/03\/toppkandidater_lhmr-H_2023-300x205.png 300w\" sizes=\"auto, (max-width: 730px) 100vw, 730px\" \/><\/div><figcaption class=\"caption\">Hans Olav og Marianne er H\u00f8yres toppkandidater til kommunestyrevalget i Lillehammer 2023<\/figcaption><\/figure>\n\n\n\n\n<p>Lista best\u00e5r av 26 kandidater, hvor de to f\u00f8rste er kumulert. Dette er ordf\u00f8rerkandidat Hans Olav Sundf\u00f8r og gruppeleder Marianne Gunnerud. Sammen med resten av kandidatene p\u00e5 lista st\u00e5r de klare til \u00e5 gj\u00f8re en god og fremtidsrettet innsats i Lillehammer-politikken.<\/p>\n\n\n\n<ol class=\"wp-block-list\" type=\"1\"><li><strong>Hans Olav Sundf\u00f8r, f. 1971<\/strong><\/li><li><strong>Marianne Gunnerud, f. 1974<\/strong><\/li><li>Per Arne Slap\u00f8, f. 1968<\/li><li>Tone Kolaas, f. 1958<\/li><li>Mats Ellingsen, f. 1991<\/li><li>Kristian R\u00f8nningen, f. 2004<\/li><li>Berit Gallefoss Denstad, f. 1961<\/li><li>Freddy Jensen, f. 1966<\/li><li>Sissel Breda Rogne, f. 1970<\/li><li>H\u00e5kon Erdal, f. 1963<\/li><li>Bj\u00f8rgulv Noraberg, f. 1947<\/li><li>\u00d8yvind S\u00f8rbu, f. 1968<\/li><li>Thomas Myrhaug, f. 1974<\/li><li>Knut Johnsen, f. 1961<\/li><li>Thomas Beck Ring, f. 1985<\/li><li>Sindre Log, f. 1990<\/li><li>Frida Kvikne Dotterud, f. 1988<\/li><li>Unni Tillmann Aasb\u00f8, f. 1946<\/li><li>Karen-Eline Seigerud, f. 1989<\/li><li>Helge Leander Braathen Jensen, f. 1993<\/li><li>Liv Narvestad, f. 1955<\/li><li>Kari Svarstad, f. 1955<\/li><li>Rein Denstad, f. 1971<\/li><li>Anette Nystad H\u00e5rberg, f. 1965<\/li><li>Halvor M\u00f8llerl\u00f8kken, f. 1948<\/li><li>Anette Audenhus R\u00f8sjorde, f. 1969<\/li><\/ol>\n\n\n\n<figure class=\"wp-block-teft-gallery alignwide columns-3 count-12 rows-2 is-cropped is-style-grid\"><ul class=\"teft-gallery-grid\"><li class=\"teft-gallery-item \"><figure><a href=\"https:\/\/hoyre.no\/content\/uploads\/sites\/72\/2023\/03\/Hans-Olav-Sundfor.jpg\" data-size=\"1512x2016\"><img loading=\"lazy\" decoding=\"async\" width=\"768\" height=\"1024\" src=\"https:\/\/hoyre.no\/content\/uploads\/sites\/72\/2023\/03\/Hans-Olav-Sundfor-768x1024.jpg\" class=\"attachment-large size-large\" alt=\"\" srcset=\"https:\/\/hoyre.no\/content\/uploads\/sites\/72\/2023\/03\/Hans-Olav-Sundfor-768x1024.jpg 768w, https:\/\/hoyre.no\/content\/uploads\/sites\/72\/2023\/03\/Hans-Olav-Sundfor-225x300.jpg 225w, https:\/\/hoyre.no\/content\/uploads\/sites\/72\/2023\/03\/Hans-Olav-Sundfor-1152x1536.jpg 1152w, https:\/\/hoyre.no\/content\/uploads\/sites\/72\/2023\/03\/Hans-Olav-Sundfor.jpg 1512w\" sizes=\"auto, (max-width: 768px) 100vw, 768px\" \/ data-full-url=\"https:\/\/hoyre.no\/content\/uploads\/sites\/72\/2023\/03\/Hans-Olav-Sundfor.jpg\" data-id=\"238\" data-caption=\"238\"\/><\/a><\/figure><\/li><li class=\"teft-gallery-item \"><figure><a href=\"https:\/\/hoyre.no\/content\/uploads\/sites\/72\/2023\/03\/Per-Arne-Slapo.jpg\" data-size=\"1512x2016\"><img loading=\"lazy\" decoding=\"async\" width=\"768\" height=\"1024\" src=\"https:\/\/hoyre.no\/content\/uploads\/sites\/72\/2023\/03\/Per-Arne-Slapo-768x1024.jpg\" class=\"attachment-large size-large\" alt=\"\" srcset=\"https:\/\/hoyre.no\/content\/uploads\/sites\/72\/2023\/03\/Per-Arne-Slapo-768x1024.jpg 768w, https:\/\/hoyre.no\/content\/uploads\/sites\/72\/2023\/03\/Per-Arne-Slapo-225x300.jpg 225w, https:\/\/hoyre.no\/content\/uploads\/sites\/72\/2023\/03\/Per-Arne-Slapo-1152x1536.jpg 1152w, https:\/\/hoyre.no\/content\/uploads\/sites\/72\/2023\/03\/Per-Arne-Slapo.jpg 1512w\" sizes=\"auto, (max-width: 768px) 100vw, 768px\" \/ data-full-url=\"https:\/\/hoyre.no\/content\/uploads\/sites\/72\/2023\/03\/Per-Arne-Slapo.jpg\" data-id=\"243\" data-caption=\"243\"\/><\/a><\/figure><\/li><li class=\"teft-gallery-item \"><figure><a href=\"https:\/\/hoyre.no\/content\/uploads\/sites\/72\/2023\/03\/Mats-Ellingsen.jpg\" data-size=\"1512x2016\"><img loading=\"lazy\" decoding=\"async\" width=\"768\" height=\"1024\" src=\"https:\/\/hoyre.no\/content\/uploads\/sites\/72\/2023\/03\/Mats-Ellingsen-768x1024.jpg\" class=\"attachment-large size-large\" alt=\"\" srcset=\"https:\/\/hoyre.no\/content\/uploads\/sites\/72\/2023\/03\/Mats-Ellingsen-768x1024.jpg 768w, https:\/\/hoyre.no\/content\/uploads\/sites\/72\/2023\/03\/Mats-Ellingsen-225x300.jpg 225w, https:\/\/hoyre.no\/content\/uploads\/sites\/72\/2023\/03\/Mats-Ellingsen-1152x1536.jpg 1152w, https:\/\/hoyre.no\/content\/uploads\/sites\/72\/2023\/03\/Mats-Ellingsen.jpg 1512w\" sizes=\"auto, (max-width: 768px) 100vw, 768px\" \/ data-full-url=\"https:\/\/hoyre.no\/content\/uploads\/sites\/72\/2023\/03\/Mats-Ellingsen.jpg\" data-id=\"242\" data-caption=\"242\"\/><\/a><\/figure><\/li><li class=\"teft-gallery-item \"><figure><a href=\"https:\/\/hoyre.no\/content\/uploads\/sites\/72\/2023\/03\/Berit-Denstad.jpg\" data-size=\"1512x2016\"><img loading=\"lazy\" decoding=\"async\" width=\"768\" height=\"1024\" src=\"https:\/\/hoyre.no\/content\/uploads\/sites\/72\/2023\/03\/Berit-Denstad-768x1024.jpg\" class=\"attachment-large size-large\" alt=\"\" srcset=\"https:\/\/hoyre.no\/content\/uploads\/sites\/72\/2023\/03\/Berit-Denstad-768x1024.jpg 768w, https:\/\/hoyre.no\/content\/uploads\/sites\/72\/2023\/03\/Berit-Denstad-225x300.jpg 225w, https:\/\/hoyre.no\/content\/uploads\/sites\/72\/2023\/03\/Berit-Denstad-1152x1536.jpg 1152w, https:\/\/hoyre.no\/content\/uploads\/sites\/72\/2023\/03\/Berit-Denstad.jpg 1512w\" sizes=\"auto, (max-width: 768px) 100vw, 768px\" \/ data-full-url=\"https:\/\/hoyre.no\/content\/uploads\/sites\/72\/2023\/03\/Berit-Denstad.jpg\" data-id=\"236\" data-caption=\"236\"\/><\/a><\/figure><\/li><li class=\"teft-gallery-item \"><figure><a href=\"https:\/\/hoyre.no\/content\/uploads\/sites\/72\/2023\/03\/Freddy-Jensen.jpg\" data-size=\"1512x2016\"><img loading=\"lazy\" decoding=\"async\" width=\"768\" height=\"1024\" src=\"https:\/\/hoyre.no\/content\/uploads\/sites\/72\/2023\/03\/Freddy-Jensen-768x1024.jpg\" class=\"attachment-large size-large\" alt=\"\" srcset=\"https:\/\/hoyre.no\/content\/uploads\/sites\/72\/2023\/03\/Freddy-Jensen-768x1024.jpg 768w, https:\/\/hoyre.no\/content\/uploads\/sites\/72\/2023\/03\/Freddy-Jensen-225x300.jpg 225w, https:\/\/hoyre.no\/content\/uploads\/sites\/72\/2023\/03\/Freddy-Jensen-1152x1536.jpg 1152w, https:\/\/hoyre.no\/content\/uploads\/sites\/72\/2023\/03\/Freddy-Jensen.jpg 1512w\" sizes=\"auto, (max-width: 768px) 100vw, 768px\" \/ data-full-url=\"https:\/\/hoyre.no\/content\/uploads\/sites\/72\/2023\/03\/Freddy-Jensen.jpg\" data-id=\"237\" data-caption=\"237\"\/><\/a><\/figure><\/li><li class=\"teft-gallery-item \"><figure><a href=\"https:\/\/hoyre.no\/content\/uploads\/sites\/72\/2023\/03\/Anette-Rosjorde.jpg\" data-size=\"1512x2016\"><img loading=\"lazy\" decoding=\"async\" width=\"768\" height=\"1024\" src=\"https:\/\/hoyre.no\/content\/uploads\/sites\/72\/2023\/03\/Anette-Rosjorde-768x1024.jpg\" class=\"attachment-large size-large\" alt=\"\" srcset=\"https:\/\/hoyre.no\/content\/uploads\/sites\/72\/2023\/03\/Anette-Rosjorde-768x1024.jpg 768w, https:\/\/hoyre.no\/content\/uploads\/sites\/72\/2023\/03\/Anette-Rosjorde-225x300.jpg 225w, https:\/\/hoyre.no\/content\/uploads\/sites\/72\/2023\/03\/Anette-Rosjorde-1152x1536.jpg 1152w, https:\/\/hoyre.no\/content\/uploads\/sites\/72\/2023\/03\/Anette-Rosjorde.jpg 1512w\" sizes=\"auto, (max-width: 768px) 100vw, 768px\" \/ data-full-url=\"https:\/\/hoyre.no\/content\/uploads\/sites\/72\/2023\/03\/Anette-Rosjorde.jpg\" data-id=\"235\" data-caption=\"235\"\/><span class=\"teft-gallery-more\">Se mer (6)<\/span><\/a><\/figure><\/li><li class=\"teft-gallery-item is-hidden\"><figure><a href=\"https:\/\/hoyre.no\/content\/uploads\/sites\/72\/2023\/03\/Helge-Jensen.jpg\" data-size=\"1512x2016\"><img loading=\"lazy\" decoding=\"async\" width=\"768\" height=\"1024\" src=\"https:\/\/hoyre.no\/content\/uploads\/sites\/72\/2023\/03\/Helge-Jensen-768x1024.jpg\" class=\"attachment-large size-large\" alt=\"\" srcset=\"https:\/\/hoyre.no\/content\/uploads\/sites\/72\/2023\/03\/Helge-Jensen-768x1024.jpg 768w, https:\/\/hoyre.no\/content\/uploads\/sites\/72\/2023\/03\/Helge-Jensen-225x300.jpg 225w, https:\/\/hoyre.no\/content\/uploads\/sites\/72\/2023\/03\/Helge-Jensen-1152x1536.jpg 1152w, https:\/\/hoyre.no\/content\/uploads\/sites\/72\/2023\/03\/Helge-Jensen.jpg 1512w\" sizes=\"auto, (max-width: 768px) 100vw, 768px\" \/ data-full-url=\"https:\/\/hoyre.no\/content\/uploads\/sites\/72\/2023\/03\/Helge-Jensen.jpg\" data-id=\"239\" data-caption=\"239\"\/><\/a><\/figure><\/li><li class=\"teft-gallery-item is-hidden\"><figure><a href=\"https:\/\/hoyre.no\/content\/uploads\/sites\/72\/2023\/03\/Hakon-Erdal.jpg\" data-size=\"1512x2016\"><img loading=\"lazy\" decoding=\"async\" width=\"768\" height=\"1024\" src=\"https:\/\/hoyre.no\/content\/uploads\/sites\/72\/2023\/03\/Hakon-Erdal-768x1024.jpg\" class=\"attachment-large size-large\" alt=\"\" srcset=\"https:\/\/hoyre.no\/content\/uploads\/sites\/72\/2023\/03\/Hakon-Erdal-768x1024.jpg 768w, https:\/\/hoyre.no\/content\/uploads\/sites\/72\/2023\/03\/Hakon-Erdal-225x300.jpg 225w, https:\/\/hoyre.no\/content\/uploads\/sites\/72\/2023\/03\/Hakon-Erdal-1152x1536.jpg 1152w, https:\/\/hoyre.no\/content\/uploads\/sites\/72\/2023\/03\/Hakon-Erdal.jpg 1512w\" sizes=\"auto, (max-width: 768px) 100vw, 768px\" \/ data-full-url=\"https:\/\/hoyre.no\/content\/uploads\/sites\/72\/2023\/03\/Hakon-Erdal.jpg\" data-id=\"240\" data-caption=\"240\"\/><\/a><\/figure><\/li><li class=\"teft-gallery-item is-hidden\"><figure><a href=\"https:\/\/hoyre.no\/content\/uploads\/sites\/72\/2023\/03\/Liv-Narvestad.jpg\" data-size=\"1512x2016\"><img loading=\"lazy\" decoding=\"async\" width=\"768\" height=\"1024\" src=\"https:\/\/hoyre.no\/content\/uploads\/sites\/72\/2023\/03\/Liv-Narvestad-768x1024.jpg\" class=\"attachment-large size-large\" alt=\"\" srcset=\"https:\/\/hoyre.no\/content\/uploads\/sites\/72\/2023\/03\/Liv-Narvestad-768x1024.jpg 768w, https:\/\/hoyre.no\/content\/uploads\/sites\/72\/2023\/03\/Liv-Narvestad-225x300.jpg 225w, https:\/\/hoyre.no\/content\/uploads\/sites\/72\/2023\/03\/Liv-Narvestad-1152x1536.jpg 1152w, https:\/\/hoyre.no\/content\/uploads\/sites\/72\/2023\/03\/Liv-Narvestad.jpg 1512w\" sizes=\"auto, (max-width: 768px) 100vw, 768px\" \/ data-full-url=\"https:\/\/hoyre.no\/content\/uploads\/sites\/72\/2023\/03\/Liv-Narvestad.jpg\" data-id=\"241\" data-caption=\"241\"\/><\/a><\/figure><\/li><li class=\"teft-gallery-item is-hidden\"><figure><a href=\"https:\/\/hoyre.no\/content\/uploads\/sites\/72\/2023\/03\/Sindre-Log.jpg\" data-size=\"1512x2016\"><img loading=\"lazy\" decoding=\"async\" width=\"768\" height=\"1024\" src=\"https:\/\/hoyre.no\/content\/uploads\/sites\/72\/2023\/03\/Sindre-Log-768x1024.jpg\" class=\"attachment-large size-large\" alt=\"\" srcset=\"https:\/\/hoyre.no\/content\/uploads\/sites\/72\/2023\/03\/Sindre-Log-768x1024.jpg 768w, https:\/\/hoyre.no\/content\/uploads\/sites\/72\/2023\/03\/Sindre-Log-225x300.jpg 225w, https:\/\/hoyre.no\/content\/uploads\/sites\/72\/2023\/03\/Sindre-Log-1152x1536.jpg 1152w, https:\/\/hoyre.no\/content\/uploads\/sites\/72\/2023\/03\/Sindre-Log.jpg 1512w\" sizes=\"auto, (max-width: 768px) 100vw, 768px\" \/ data-full-url=\"https:\/\/hoyre.no\/content\/uploads\/sites\/72\/2023\/03\/Sindre-Log.jpg\" data-id=\"244\" data-caption=\"244\"\/><\/a><\/figure><\/li><li class=\"teft-gallery-item is-hidden\"><figure><a href=\"https:\/\/hoyre.no\/content\/uploads\/sites\/72\/2023\/03\/Thomas-Ring.jpg\" data-size=\"1512x2016\"><img loading=\"lazy\" decoding=\"async\" width=\"768\" height=\"1024\" src=\"https:\/\/hoyre.no\/content\/uploads\/sites\/72\/2023\/03\/Thomas-Ring-768x1024.jpg\" class=\"attachment-large size-large\" alt=\"\" srcset=\"https:\/\/hoyre.no\/content\/uploads\/sites\/72\/2023\/03\/Thomas-Ring-768x1024.jpg 768w, https:\/\/hoyre.no\/content\/uploads\/sites\/72\/2023\/03\/Thomas-Ring-225x300.jpg 225w, https:\/\/hoyre.no\/content\/uploads\/sites\/72\/2023\/03\/Thomas-Ring-1152x1536.jpg 1152w, https:\/\/hoyre.no\/content\/uploads\/sites\/72\/2023\/03\/Thomas-Ring.jpg 1512w\" sizes=\"auto, (max-width: 768px) 100vw, 768px\" \/ data-full-url=\"https:\/\/hoyre.no\/content\/uploads\/sites\/72\/2023\/03\/Thomas-Ring.jpg\" data-id=\"245\" data-caption=\"245\"\/><\/a><\/figure><\/li><li class=\"teft-gallery-item is-hidden\"><figure><a href=\"https:\/\/hoyre.no\/content\/uploads\/sites\/72\/2023\/03\/Unni-Tillman.jpg\" data-size=\"1512x2016\"><img loading=\"lazy\" decoding=\"async\" width=\"768\" height=\"1024\" src=\"https:\/\/hoyre.no\/content\/uploads\/sites\/72\/2023\/03\/Unni-Tillman-768x1024.jpg\" class=\"attachment-large size-large\" alt=\"\" srcset=\"https:\/\/hoyre.no\/content\/uploads\/sites\/72\/2023\/03\/Unni-Tillman-768x1024.jpg 768w, https:\/\/hoyre.no\/content\/uploads\/sites\/72\/2023\/03\/Unni-Tillman-225x300.jpg 225w, https:\/\/hoyre.no\/content\/uploads\/sites\/72\/2023\/03\/Unni-Tillman-1152x1536.jpg 1152w, https:\/\/hoyre.no\/content\/uploads\/sites\/72\/2023\/03\/Unni-Tillman.jpg 1512w\" sizes=\"auto, (max-width: 768px) 100vw, 768px\" \/ data-full-url=\"https:\/\/hoyre.no\/content\/uploads\/sites\/72\/2023\/03\/Unni-Tillman.jpg\" data-id=\"246\" data-caption=\"246\"\/><\/a><\/figure><\/li><\/ul><\/figure>\n\n\n<div class=\"tags\">\n\t<\/div>\n<div class=\"post-footer alignfull has-background block-editor-block-list__block\" data-align=full>\n\t<div class=\"post-footer-inner\">\n\t\t<h3>Relaterte artikler<\/h3>\n\t\t<div class=\"related-content\"><div class=\"is-card-hoyre\">\n\t<div class=\"teft-card hoyre-teft-card post-teft-card\">\n\t\t<a href=\"https:\/\/hoyre.no\/lillehammer\/aktuelt\/demokrati-ma-oves-saerlig-nar-vi-er-uenige\/\" class=\"teft-card__primary-action\">\n\n\t\t\t<div class=\"teft-card__media teft-card__media--16-9 no-image\"><\/div>\n\t\t\t<div class=\"teft-card__content-wrapper\">\n\t\t\t\t<div class=\"teft-card__secondary\">\n\t\t\t\t\t\n\t\t\t\t\t\t\t\t<div class=\"teft-card__meta\">\n\t\t\t\t\t\t\t\t\t<span class=\"post-date\">23. apr 2026<\/span>\n\n\t\t\t\t\t\t\t\t\t\t\t\t\t\t\t\t\t<\/div>\n\t\t\t\t\t\t\t\t\t\t\t<\/div>\n\n\t\t\t\t<div class=\"teft-card__primary\">\n\t\t\t\t\t<h2 class=\"teft-card__title\">Demokrati m\u00e5 \u00f8ves \u2013 s\u00e6rlig n\u00e5r vi er uenige&nbsp;<span class=\"teft-card__primary-title-append\"><\/span><\/h2>\t\t\t\t<\/div>\n\t\t\t<\/div>\n\t\t<\/a>\n\t<\/div>\n\n\t<\/div><div class=\"is-card-hoyre\">\n\t<div class=\"teft-card hoyre-teft-card post-teft-card\">\n\t\t<a href=\"https:\/\/hoyre.no\/lillehammer\/aktuelt\/fortsetter-som-ordforer\/\" class=\"teft-card__primary-action\">\n\n\t\t\t\t\t<div class=\"teft-card__media teft-card__media--16-9\">\n\t\t\t\t\t\t<img loading=\"lazy\" decoding=\"async\" width=\"768\" height=\"576\" src=\"https:\/\/hoyre.no\/content\/uploads\/sites\/72\/2026\/04\/ordforer-renominasjon-768x576.jpg\" class=\"attachment-medium_large size-medium_large\" alt=\"\" srcset=\"https:\/\/hoyre.no\/content\/uploads\/sites\/72\/2026\/04\/ordforer-renominasjon-768x576.jpg 768w, https:\/\/hoyre.no\/content\/uploads\/sites\/72\/2026\/04\/ordforer-renominasjon-300x225.jpg 300w, https:\/\/hoyre.no\/content\/uploads\/sites\/72\/2026\/04\/ordforer-renominasjon-1024x768.jpg 1024w, https:\/\/hoyre.no\/content\/uploads\/sites\/72\/2026\/04\/ordforer-renominasjon-1536x1152.jpg 1536w, https:\/\/hoyre.no\/content\/uploads\/sites\/72\/2026\/04\/ordforer-renominasjon-2048x1536.jpg 2048w\" sizes=\"auto, (max-width: 768px) 100vw, 768px\" \/>\t\t<\/div>\n\t\t\n\t\t\t<div class=\"teft-card__content-wrapper\">\n\t\t\t\t<div class=\"teft-card__secondary\">\n\t\t\t\t\t\n\t\t\t\t\t\t\t\t<div class=\"teft-card__meta\">\n\t\t\t\t\t\t\t\t\t<span class=\"post-date\">17. apr 2026<\/span>\n\n\t\t\t\t\t\t\t\t\t<span class=\"post-category\">Ukategorisert<\/span>\t\t\t\t\t\t\t\t<\/div>\n\t\t\t\t\t\t\t\t\t\t\t<\/div>\n\n\t\t\t\t<div class=\"teft-card__primary\">\n\t\t\t\t\t<h2 class=\"teft-card__title\">Fortsetter som ordf\u00f8rer&nbsp;<span class=\"teft-card__primary-title-append\"><\/span><\/h2>\t\t\t\t<\/div>\n\t\t\t<\/div>\n\t\t<\/a>\n\t<\/div>\n\n\t<\/div><div class=\"is-card-hoyre\">\n\t<div class=\"teft-card hoyre-teft-card post-teft-card\">\n\t\t<a href=\"https:\/\/hoyre.no\/lillehammer\/aktuelt\/nominasjon-til-hoyres-liste\/\" class=\"teft-card__primary-action\">\n\n\t\t\t\t\t<div class=\"teft-card__media teft-card__media--16-9\">\n\t\t\t\t\t\t<img loading=\"lazy\" decoding=\"async\" width=\"768\" height=\"292\" src=\"https:\/\/hoyre.no\/content\/uploads\/sites\/72\/2023\/07\/Muligheter_for_alle_-_Toppbilde_Facebook_Bokma\u030al-768x292.png\" class=\"attachment-medium_large size-medium_large\" alt=\"\" srcset=\"https:\/\/hoyre.no\/content\/uploads\/sites\/72\/2023\/07\/Muligheter_for_alle_-_Toppbilde_Facebook_Bokma\u030al-768x292.png 768w, https:\/\/hoyre.no\/content\/uploads\/sites\/72\/2023\/07\/Muligheter_for_alle_-_Toppbilde_Facebook_Bokma\u030al-300x114.png 300w, https:\/\/hoyre.no\/content\/uploads\/sites\/72\/2023\/07\/Muligheter_for_alle_-_Toppbilde_Facebook_Bokma\u030al-1024x390.png 1024w, https:\/\/hoyre.no\/content\/uploads\/sites\/72\/2023\/07\/Muligheter_for_alle_-_Toppbilde_Facebook_Bokma\u030al-1536x584.png 1536w, https:\/\/hoyre.no\/content\/uploads\/sites\/72\/2023\/07\/Muligheter_for_alle_-_Toppbilde_Facebook_Bokma\u030al-2048x779.png 2048w\" sizes=\"auto, (max-width: 768px) 100vw, 768px\" \/>\t\t<\/div>\n\t\t\n\t\t\t<div class=\"teft-card__content-wrapper\">\n\t\t\t\t<div class=\"teft-card__secondary\">\n\t\t\t\t\t\n\t\t\t\t\t\t\t\t<div class=\"teft-card__meta\">\n\t\t\t\t\t\t\t\t\t<span class=\"post-date\">1. feb 2026<\/span>\n\n\t\t\t\t\t\t\t\t\t<span class=\"post-category\">Valg 2027<\/span>\t\t\t\t\t\t\t\t<\/div>\n\t\t\t\t\t\t\t\t\t\t\t<\/div>\n\n\t\t\t\t<div class=\"teft-card__primary\">\n\t\t\t\t\t<h2 class=\"teft-card__title\">Nominasjon til H\u00f8yres liste&nbsp;<span class=\"teft-card__primary-title-append\"><\/span><\/h2>\t\t\t\t<\/div>\n\t\t\t<\/div>\n\t\t<\/a>\n\t<\/div>\n\n\t<\/div><\/div>\t<\/div>\n<\/div>\n","protected":false},"excerpt":{"rendered":"","protected":false},"author":28039,"featured_media":0,"comment_status":"closed","ping_status":"closed","sticky":false,"template":"","format":"standard","meta":{"teft_cards_image_url":"","teft_cards_custom_pretitle":"","teft_cards_image_id":226,"teft_cards_image_focal_point_x":0.5,"teft_cards_image_focal_point_y":0.5,"teft_cards_title":"","teft_cards_excerpt":"","teft_show_chapters":false,"author_display_name":"","footnotes":""},"category":[1],"post_tag":[],"hoyre-visibility":[],"article-type":[],"politician":[],"class_list":["post-104","post","type-post","status-publish","format-standard","hentry","category-ukategorisert"],"yoast_head":"<!-- This site is optimized with the Yoast SEO plugin v26.6 - https:\/\/yoast.com\/wordpress\/plugins\/seo\/ -->\n<title>Her er Lillehammer H\u00f8yres kandidater - Lillehammer H\u00f8yre<\/title>\n<meta name=\"robots\" content=\"index, follow, max-snippet:-1, max-image-preview:large, max-video-preview:-1\" \/>\n<link rel=\"canonical\" href=\"https:\/\/hoyre.no\/lillehammer\/aktuelt\/valglisten-2023-2027\/\" \/>\n<meta property=\"og:locale\" content=\"nb_NO\" \/>\n<meta property=\"og:type\" content=\"article\" \/>\n<meta property=\"og:title\" content=\"Her er Lillehammer H\u00f8yres kandidater - Lillehammer H\u00f8yre\" \/>\n<meta property=\"og:url\" content=\"https:\/\/hoyre.no\/lillehammer\/aktuelt\/valglisten-2023-2027\/\" \/>\n<meta property=\"og:site_name\" content=\"Lillehammer H\u00f8yre\" \/>\n<meta property=\"article:published_time\" content=\"2023-03-31T10:06:48+00:00\" \/>\n<meta property=\"article:modified_time\" content=\"2023-06-03T14:57:46+00:00\" \/>\n<meta property=\"og:image\" content=\"https:\/\/hoyre.no\/content\/uploads\/sites\/72\/2023\/07\/Muligheter_for_alle_-_Toppbilde_Facebook_Bokma\u030al-1024x390.png\" \/>\n<meta name=\"author\" content=\"Marianne Gunnerud\" \/>\n<meta name=\"twitter:card\" content=\"summary_large_image\" \/>\n<meta name=\"twitter:label1\" content=\"Skrevet av\" \/>\n\t<meta name=\"twitter:data1\" content=\"Marianne Gunnerud\" \/>\n\t<meta name=\"twitter:label2\" content=\"Ansl. lesetid\" \/>\n\t<meta name=\"twitter:data2\" content=\"2 minutter\" \/>\n<script type=\"application\/ld+json\" class=\"yoast-schema-graph\">{\"@context\":\"https:\/\/schema.org\",\"@graph\":[{\"@type\":\"NewsArticle\",\"@id\":\"https:\/\/hoyre.no\/lillehammer\/aktuelt\/valglisten-2023-2027\/\",\"url\":\"https:\/\/hoyre.no\/lillehammer\/aktuelt\/valglisten-2023-2027\/\",\"name\":\"Her er Lillehammer H\u00f8yres kandidater - Lillehammer H\u00f8yre\",\"isPartOf\":{\"@id\":\"https:\/\/hoyre.no\/lillehammer\/#website\"},\"datePublished\":\"2023-03-31T10:06:48+00:00\",\"dateModified\":\"2023-06-03T14:57:46+00:00\",\"author\":{\"@id\":\"https:\/\/hoyre.no\/lillehammer\/#\/schema\/person\/f0a788fe77deb9bd4c8c2da7d5c22c97\"},\"breadcrumb\":{\"@id\":\"https:\/\/hoyre.no\/lillehammer\/aktuelt\/valglisten-2023-2027\/#breadcrumb\"},\"inLanguage\":\"nb-NO\",\"potentialAction\":[{\"@type\":\"ReadAction\",\"target\":[\"https:\/\/hoyre.no\/lillehammer\/aktuelt\/valglisten-2023-2027\/\"]}]},{\"@type\":\"BreadcrumbList\",\"@id\":\"https:\/\/hoyre.no\/lillehammer\/aktuelt\/valglisten-2023-2027\/#breadcrumb\",\"itemListElement\":[{\"@type\":\"ListItem\",\"position\":1,\"name\":\"Til hoyre.no\",\"item\":\"https:\/\/hoyre.no\"},{\"@type\":\"ListItem\",\"position\":2,\"name\":\"Hjem\",\"item\":\"https:\/\/hoyre.no\/lillehammer\/\"},{\"@type\":\"ListItem\",\"position\":3,\"name\":\"Her er Lillehammer H\u00f8yres kandidater\"}]},{\"@type\":\"WebSite\",\"@id\":\"https:\/\/hoyre.no\/lillehammer\/#website\",\"url\":\"https:\/\/hoyre.no\/lillehammer\/\",\"name\":\"Lillehammer H\u00f8yre\",\"description\":\"Bare enda et H\u00f8yres nettsteder-nettsted\",\"inLanguage\":\"nb-NO\"},{\"@type\":\"Person\",\"@id\":\"https:\/\/hoyre.no\/lillehammer\/#\/schema\/person\/f0a788fe77deb9bd4c8c2da7d5c22c97\",\"name\":\"Marianne Gunnerud\",\"image\":{\"@type\":\"ImageObject\",\"inLanguage\":\"nb-NO\",\"@id\":\"https:\/\/hoyre.no\/lillehammer\/#\/schema\/person\/image\/\",\"url\":\"https:\/\/secure.gravatar.com\/avatar\/481e93059b3e2beffbe812ded6df7841628911049651966d3cb038c88f954cf8?s=96&d=mm&r=g\",\"contentUrl\":\"https:\/\/secure.gravatar.com\/avatar\/481e93059b3e2beffbe812ded6df7841628911049651966d3cb038c88f954cf8?s=96&d=mm&r=g\",\"caption\":\"Marianne Gunnerud\"},\"url\":\"https:\/\/hoyre.no\/lillehammer\/aktuelt\/author\/m51971695\/\"}]}<\/script>\n<!-- \/ Yoast SEO plugin. -->","yoast_head_json":{"title":"Her er Lillehammer H\u00f8yres kandidater - Lillehammer H\u00f8yre","robots":{"index":"index","follow":"follow","max-snippet":"max-snippet:-1","max-image-preview":"max-image-preview:large","max-video-preview":"max-video-preview:-1"},"canonical":"https:\/\/hoyre.no\/lillehammer\/aktuelt\/valglisten-2023-2027\/","og_locale":"nb_NO","og_type":"article","og_title":"Her er Lillehammer H\u00f8yres kandidater - Lillehammer H\u00f8yre","og_url":"https:\/\/hoyre.no\/lillehammer\/aktuelt\/valglisten-2023-2027\/","og_site_name":"Lillehammer H\u00f8yre","article_published_time":"2023-03-31T10:06:48+00:00","article_modified_time":"2023-06-03T14:57:46+00:00","og_image":[{"url":"https:\/\/hoyre.no\/content\/uploads\/sites\/72\/2023\/07\/Muligheter_for_alle_-_Toppbilde_Facebook_Bokma\u030al-1024x390.png","width":"","height":"","type":""}],"author":"Marianne Gunnerud","twitter_card":"summary_large_image","twitter_misc":{"Skrevet av":"Marianne Gunnerud","Ansl. lesetid":"2 minutter"},"schema":{"@context":"https:\/\/schema.org","@graph":[{"@type":"NewsArticle","@id":"https:\/\/hoyre.no\/lillehammer\/aktuelt\/valglisten-2023-2027\/","url":"https:\/\/hoyre.no\/lillehammer\/aktuelt\/valglisten-2023-2027\/","name":"Her er Lillehammer H\u00f8yres kandidater - Lillehammer H\u00f8yre","isPartOf":{"@id":"https:\/\/hoyre.no\/lillehammer\/#website"},"datePublished":"2023-03-31T10:06:48+00:00","dateModified":"2023-06-03T14:57:46+00:00","author":{"@id":"https:\/\/hoyre.no\/lillehammer\/#\/schema\/person\/f0a788fe77deb9bd4c8c2da7d5c22c97"},"breadcrumb":{"@id":"https:\/\/hoyre.no\/lillehammer\/aktuelt\/valglisten-2023-2027\/#breadcrumb"},"inLanguage":"nb-NO","potentialAction":[{"@type":"ReadAction","target":["https:\/\/hoyre.no\/lillehammer\/aktuelt\/valglisten-2023-2027\/"]}]},{"@type":"BreadcrumbList","@id":"https:\/\/hoyre.no\/lillehammer\/aktuelt\/valglisten-2023-2027\/#breadcrumb","itemListElement":[{"@type":"ListItem","position":1,"name":"Til hoyre.no","item":"https:\/\/hoyre.no"},{"@type":"ListItem","position":2,"name":"Hjem","item":"https:\/\/hoyre.no\/lillehammer\/"},{"@type":"ListItem","position":3,"name":"Her er Lillehammer H\u00f8yres kandidater"}]},{"@type":"WebSite","@id":"https:\/\/hoyre.no\/lillehammer\/#website","url":"https:\/\/hoyre.no\/lillehammer\/","name":"Lillehammer H\u00f8yre","description":"Bare enda et H\u00f8yres nettsteder-nettsted","inLanguage":"nb-NO"},{"@type":"Person","@id":"https:\/\/hoyre.no\/lillehammer\/#\/schema\/person\/f0a788fe77deb9bd4c8c2da7d5c22c97","name":"Marianne Gunnerud","image":{"@type":"ImageObject","inLanguage":"nb-NO","@id":"https:\/\/hoyre.no\/lillehammer\/#\/schema\/person\/image\/","url":"https:\/\/secure.gravatar.com\/avatar\/481e93059b3e2beffbe812ded6df7841628911049651966d3cb038c88f954cf8?s=96&d=mm&r=g","contentUrl":"https:\/\/secure.gravatar.com\/avatar\/481e93059b3e2beffbe812ded6df7841628911049651966d3cb038c88f954cf8?s=96&d=mm&r=g","caption":"Marianne Gunnerud"},"url":"https:\/\/hoyre.no\/lillehammer\/aktuelt\/author\/m51971695\/"}]}},"distributor_meta":false,"distributor_terms":false,"distributor_media":false,"distributor_original_site_name":"Lillehammer H\u00f8yre","distributor_original_site_url":"https:\/\/hoyre.no\/lillehammer","push-errors":false,"_links":{"self":[{"href":"https:\/\/hoyre.no\/lillehammer\/wp-json\/wp\/v2\/posts\/104","targetHints":{"allow":["GET"]}}],"collection":[{"href":"https:\/\/hoyre.no\/lillehammer\/wp-json\/wp\/v2\/posts"}],"about":[{"href":"https:\/\/hoyre.no\/lillehammer\/wp-json\/wp\/v2\/types\/post"}],"author":[{"embeddable":true,"href":"https:\/\/hoyre.no\/lillehammer\/wp-json\/wp\/v2\/users\/28039"}],"replies":[{"embeddable":true,"href":"https:\/\/hoyre.no\/lillehammer\/wp-json\/wp\/v2\/comments?post=104"}],"version-history":[{"count":16,"href":"https:\/\/hoyre.no\/lillehammer\/wp-json\/wp\/v2\/posts\/104\/revisions"}],"predecessor-version":[{"id":282,"href":"https:\/\/hoyre.no\/lillehammer\/wp-json\/wp\/v2\/posts\/104\/revisions\/282"}],"wp:attachment":[{"href":"https:\/\/hoyre.no\/lillehammer\/wp-json\/wp\/v2\/media?parent=104"}],"wp:term":[{"taxonomy":"category","embeddable":true,"href":"https:\/\/hoyre.no\/lillehammer\/wp-json\/wp\/v2\/category?post=104"},{"taxonomy":"post_tag","embeddable":true,"href":"https:\/\/hoyre.no\/lillehammer\/wp-json\/wp\/v2\/post_tag?post=104"},{"taxonomy":"hoyre-visibility","embeddable":true,"href":"https:\/\/hoyre.no\/lillehammer\/wp-json\/wp\/v2\/hoyre-visibility?post=104"},{"taxonomy":"article-type","embeddable":true,"href":"https:\/\/hoyre.no\/lillehammer\/wp-json\/wp\/v2\/article-type?post=104"},{"taxonomy":"politician","embeddable":true,"href":"https:\/\/hoyre.no\/lillehammer\/wp-json\/wp\/v2\/politician?post=104"}],"curies":[{"name":"wp","href":"https:\/\/api.w.org\/{rel}","templated":true}]}}