{"id":400,"date":"2023-11-06T22:42:53","date_gmt":"2023-11-06T21:42:53","guid":{"rendered":"https:\/\/hoyre.no\/lillehammer\/?p=400"},"modified":"2023-11-24T21:05:43","modified_gmt":"2023-11-24T20:05:43","slug":"arsmote-og-medlemsmote-28-november","status":"publish","type":"post","link":"https:\/\/hoyre.no\/lillehammer\/aktuelt\/arsmote-og-medlemsmote-28-november\/","title":{"rendered":"\u00c5rsm\u00f8te og medlemsm\u00f8te"},"content":{"rendered":"\n<p class=\"preamble\">Lillehammer H\u00f8yre avholder \u00e5rsm\u00f8te tirsdag 28. november 2023.<\/p>\t\t\t<div class=\"post-meta wp-block teft-byline-wrapper\">\n\t\t\t\t<div class=\"top\">\n\t\t\t\t\t<div class=\"signature\">\n\t\t\t\t\t\t<div class=\"teft-byline\">\n\t\t\t\t\t\t\t\t\t\t\t\t\t\t<div>\n\t\t\t\t\t\t\t\t<h3>H\u00f8yres redaksjon<\/h3>\t\t\t\t\t\t\t\t\n\t\t\t\t\t\t\t\t\t\t\t\t\t\t\t\t\t<span class=\"date\">Sist oppdatert: 24. november 2023<\/span>\n\t\t\t\t\t\t\t\t\t\t\t\t\t\t\t\t\t\t\t\t\t\t\t\t\t<span class=\"reading-time\" itemprop=\"timeRequired\" content=\"PT1M\"><em>Ca. 1 minutter lesetid<\/em><\/span>\n\t\t\t\t\t\t\t\t\t\t\t\t\t\t\t<\/div>\n\t\t\t\t\t\t<\/div>\n\t\t\t\t\t<\/div>\n\t\t\t\t\t\t<div class=\"sharing\">\n\t\t<a class=\"share-button share-link copy-link\" data-copy=\"https:\/\/hoyre.no\/lillehammer\/aktuelt\/arsmote-og-medlemsmote-28-november\/\" target=\"_blank\"><span class=\"screen-reader-text\">Del link<\/span><\/a>\n\t\t<a class=\"share-button share-twitter\" href=\"http:\/\/twitter.com\/share?text=\u00c5rsm\u00f8te og medlemsm\u00f8te&#038;url=https:\/\/hoyre.no\/lillehammer\/aktuelt\/arsmote-og-medlemsmote-28-november\/&#038;hashtags=Hoyre\" target=\"_blank\"><span class=\"screen-reader-text\">Del p\u00e5 twitter<\/span><\/a>\n\t\t<a class=\"share-button share-facebook\" href=\"https:\/\/www.facebook.com\/sharer\/sharer.php?u=https:\/\/hoyre.no\/lillehammer\/aktuelt\/arsmote-og-medlemsmote-28-november\/\" target=\"_blank\"><span class=\"screen-reader-text\">Del p\u00e5 facebook<\/span><\/a>\n\t<\/div>\n\t\t\t\t\t<\/div>\n\t\t\t<\/div>\n\n\t\t\t<figure class=\"hoyre-image-wrapper\"><div class=\"hoyre-image\"><img loading=\"lazy\" decoding=\"async\" width=\"2500\" height=\"1667\" src=\"https:\/\/hoyre.no\/content\/uploads\/sites\/72\/2023\/11\/aarsmote_illu_3-scaled.jpeg\" class=\"attachment-scaled size-scaled\" alt=\"\" style=\"object-position: 50% 50%\" srcset=\"https:\/\/hoyre.no\/content\/uploads\/sites\/72\/2023\/11\/aarsmote_illu_3-scaled.jpeg 2500w, https:\/\/hoyre.no\/content\/uploads\/sites\/72\/2023\/11\/aarsmote_illu_3-300x200.jpeg 300w, https:\/\/hoyre.no\/content\/uploads\/sites\/72\/2023\/11\/aarsmote_illu_3-1024x683.jpeg 1024w, https:\/\/hoyre.no\/content\/uploads\/sites\/72\/2023\/11\/aarsmote_illu_3-768x512.jpeg 768w, https:\/\/hoyre.no\/content\/uploads\/sites\/72\/2023\/11\/aarsmote_illu_3-1536x1024.jpeg 1536w, https:\/\/hoyre.no\/content\/uploads\/sites\/72\/2023\/11\/aarsmote_illu_3-2048x1365.jpeg 2048w\" sizes=\"auto, (max-width: 2500px) 100vw, 2500px\" \/><\/div><\/figure>\n\n\n\n\n<p>Tirsdag 28. november fra kl. 18:00 avholder vi \u00e5rsm\u00f8te og medlemsm\u00f8te i kommunestyresalen p\u00e5 Lillehammer r\u00e5dhus. Benytt inngangen p\u00e5 baksiden av r\u00e5dhuset (Petter Nilssens gate).<\/p>\n\n\n\n<p>Saker som skal behandles:<\/p>\n\n\n\n<p><strong>\u00c5rsm\u00f8te<\/strong><br>1) Godkjenning av innkalling og saksliste<br>2) Valg av m\u00f8teleder og referent<br>3) Styrets og kommunestyrets beretning<br>4) Orientering om regnskap og budsjett<br>5) Valg av styre, valgkomite, revisor og delegater til Innlandet H\u00f8yres \u00c5rsm\u00f8te.<br>6) Evt. Innkomne saker<\/p>\n\n\n\n<p><strong>Medlemsm\u00f8te<\/strong><br>1) Informasjon om status for politisk arbeid etter valget<br>2) Sp\u00f8rsm\u00e5l og innspill fra medlemsm\u00f8tet til videre arbeid.<\/p>\n\n\n\n<p>Alle er hjertelig velkommen! For \u00e5 ha stemmerett m\u00e5 du ha v\u00e6rt medlem i minst en m\u00e5ned og ha betalt kontingent for 2023.<\/p>\n\n\n\n<p>Saker som \u00f8nskes behandlet p\u00e5 \u00e5rsm\u00f8tet sendes styreleder Mats Ellingsen p\u00e5 e-post: <a href=\"mailto:mats.ellingsen.91@gmail.com\">mats.ellingsen.91@gmail.com<\/a> innen 14. november 2023.<\/p>\n\n\n\n<p>Velkommen!<\/p>\n\n\n\n<p>Etter \u00e5rsm\u00f8tet legges det opp til sosialt samv\u00e6r.<\/p>\n\n\n\n<p>Med vennlig hilsen<br>Styret, Lillehammer H\u00f8yre<\/p>\n\n\n<div class=\"tags\">\n\t<\/div>\n<div class=\"post-footer alignfull has-background block-editor-block-list__block\" data-align=full>\n\t<div class=\"post-footer-inner\">\n\t\t<h3>Relaterte artikler<\/h3>\n\t\t<div class=\"related-content\"><div class=\"is-card-hoyre\">\n\t<div class=\"teft-card hoyre-teft-card post-teft-card\">\n\t\t<a href=\"https:\/\/hoyre.no\/lillehammer\/aktuelt\/demokrati-ma-oves-saerlig-nar-vi-er-uenige\/\" class=\"teft-card__primary-action\">\n\n\t\t\t<div class=\"teft-card__media teft-card__media--16-9 no-image\"><\/div>\n\t\t\t<div class=\"teft-card__content-wrapper\">\n\t\t\t\t<div class=\"teft-card__secondary\">\n\t\t\t\t\t\n\t\t\t\t\t\t\t\t<div class=\"teft-card__meta\">\n\t\t\t\t\t\t\t\t\t<span class=\"post-date\">23. apr 2026<\/span>\n\n\t\t\t\t\t\t\t\t\t\t\t\t\t\t\t\t\t<\/div>\n\t\t\t\t\t\t\t\t\t\t\t<\/div>\n\n\t\t\t\t<div class=\"teft-card__primary\">\n\t\t\t\t\t<h2 class=\"teft-card__title\">Demokrati m\u00e5 \u00f8ves \u2013 s\u00e6rlig n\u00e5r vi er uenige&nbsp;<span class=\"teft-card__primary-title-append\"><\/span><\/h2>\t\t\t\t<\/div>\n\t\t\t<\/div>\n\t\t<\/a>\n\t<\/div>\n\n\t<\/div><div class=\"is-card-hoyre\">\n\t<div class=\"teft-card hoyre-teft-card post-teft-card\">\n\t\t<a href=\"https:\/\/hoyre.no\/lillehammer\/aktuelt\/fortsetter-som-ordforer\/\" class=\"teft-card__primary-action\">\n\n\t\t\t\t\t<div class=\"teft-card__media teft-card__media--16-9\">\n\t\t\t\t\t\t<img loading=\"lazy\" decoding=\"async\" width=\"768\" height=\"576\" src=\"https:\/\/hoyre.no\/content\/uploads\/sites\/72\/2026\/04\/ordforer-renominasjon-768x576.jpg\" class=\"attachment-medium_large size-medium_large\" alt=\"\" srcset=\"https:\/\/hoyre.no\/content\/uploads\/sites\/72\/2026\/04\/ordforer-renominasjon-768x576.jpg 768w, https:\/\/hoyre.no\/content\/uploads\/sites\/72\/2026\/04\/ordforer-renominasjon-300x225.jpg 300w, https:\/\/hoyre.no\/content\/uploads\/sites\/72\/2026\/04\/ordforer-renominasjon-1024x768.jpg 1024w, https:\/\/hoyre.no\/content\/uploads\/sites\/72\/2026\/04\/ordforer-renominasjon-1536x1152.jpg 1536w, https:\/\/hoyre.no\/content\/uploads\/sites\/72\/2026\/04\/ordforer-renominasjon-2048x1536.jpg 2048w\" sizes=\"auto, (max-width: 768px) 100vw, 768px\" \/>\t\t<\/div>\n\t\t\n\t\t\t<div class=\"teft-card__content-wrapper\">\n\t\t\t\t<div class=\"teft-card__secondary\">\n\t\t\t\t\t\n\t\t\t\t\t\t\t\t<div class=\"teft-card__meta\">\n\t\t\t\t\t\t\t\t\t<span class=\"post-date\">17. apr 2026<\/span>\n\n\t\t\t\t\t\t\t\t\t<span class=\"post-category\">Ukategorisert<\/span>\t\t\t\t\t\t\t\t<\/div>\n\t\t\t\t\t\t\t\t\t\t\t<\/div>\n\n\t\t\t\t<div class=\"teft-card__primary\">\n\t\t\t\t\t<h2 class=\"teft-card__title\">Fortsetter som ordf\u00f8rer&nbsp;<span class=\"teft-card__primary-title-append\"><\/span><\/h2>\t\t\t\t<\/div>\n\t\t\t<\/div>\n\t\t<\/a>\n\t<\/div>\n\n\t<\/div><div class=\"is-card-hoyre\">\n\t<div class=\"teft-card hoyre-teft-card post-teft-card\">\n\t\t<a href=\"https:\/\/hoyre.no\/lillehammer\/aktuelt\/nominasjon-til-hoyres-liste\/\" class=\"teft-card__primary-action\">\n\n\t\t\t\t\t<div class=\"teft-card__media teft-card__media--16-9\">\n\t\t\t\t\t\t<img loading=\"lazy\" decoding=\"async\" width=\"768\" height=\"292\" src=\"https:\/\/hoyre.no\/content\/uploads\/sites\/72\/2023\/07\/Muligheter_for_alle_-_Toppbilde_Facebook_Bokma\u030al-768x292.png\" class=\"attachment-medium_large size-medium_large\" alt=\"\" srcset=\"https:\/\/hoyre.no\/content\/uploads\/sites\/72\/2023\/07\/Muligheter_for_alle_-_Toppbilde_Facebook_Bokma\u030al-768x292.png 768w, https:\/\/hoyre.no\/content\/uploads\/sites\/72\/2023\/07\/Muligheter_for_alle_-_Toppbilde_Facebook_Bokma\u030al-300x114.png 300w, https:\/\/hoyre.no\/content\/uploads\/sites\/72\/2023\/07\/Muligheter_for_alle_-_Toppbilde_Facebook_Bokma\u030al-1024x390.png 1024w, https:\/\/hoyre.no\/content\/uploads\/sites\/72\/2023\/07\/Muligheter_for_alle_-_Toppbilde_Facebook_Bokma\u030al-1536x584.png 1536w, https:\/\/hoyre.no\/content\/uploads\/sites\/72\/2023\/07\/Muligheter_for_alle_-_Toppbilde_Facebook_Bokma\u030al-2048x779.png 2048w\" sizes=\"auto, (max-width: 768px) 100vw, 768px\" \/>\t\t<\/div>\n\t\t\n\t\t\t<div class=\"teft-card__content-wrapper\">\n\t\t\t\t<div class=\"teft-card__secondary\">\n\t\t\t\t\t\n\t\t\t\t\t\t\t\t<div class=\"teft-card__meta\">\n\t\t\t\t\t\t\t\t\t<span class=\"post-date\">1. feb 2026<\/span>\n\n\t\t\t\t\t\t\t\t\t<span class=\"post-category\">Valg 2027<\/span>\t\t\t\t\t\t\t\t<\/div>\n\t\t\t\t\t\t\t\t\t\t\t<\/div>\n\n\t\t\t\t<div class=\"teft-card__primary\">\n\t\t\t\t\t<h2 class=\"teft-card__title\">Nominasjon til H\u00f8yres liste&nbsp;<span class=\"teft-card__primary-title-append\"><\/span><\/h2>\t\t\t\t<\/div>\n\t\t\t<\/div>\n\t\t<\/a>\n\t<\/div>\n\n\t<\/div><\/div>\t<\/div>\n<\/div>\n","protected":false},"excerpt":{"rendered":"","protected":false},"author":28039,"featured_media":0,"comment_status":"closed","ping_status":"closed","sticky":false,"template":"","format":"standard","meta":{"teft_cards_image_url":"","teft_cards_custom_pretitle":"","teft_cards_image_id":401,"teft_cards_image_focal_point_x":0.33,"teft_cards_image_focal_point_y":0.4,"teft_cards_title":"","teft_cards_excerpt":"","teft_show_chapters":false,"author_display_name":"","footnotes":""},"category":[1],"post_tag":[],"hoyre-visibility":[],"article-type":[],"politician":[],"class_list":["post-400","post","type-post","status-publish","format-standard","hentry","category-ukategorisert"],"yoast_head":"<!-- This site is optimized with the Yoast SEO plugin v26.6 - https:\/\/yoast.com\/wordpress\/plugins\/seo\/ -->\n<title>\u00c5rsm\u00f8te og medlemsm\u00f8te - Lillehammer H\u00f8yre<\/title>\n<meta name=\"robots\" content=\"index, follow, max-snippet:-1, max-image-preview:large, max-video-preview:-1\" \/>\n<link rel=\"canonical\" href=\"https:\/\/hoyre.no\/lillehammer\/aktuelt\/arsmote-og-medlemsmote-28-november\/\" \/>\n<meta property=\"og:locale\" content=\"nb_NO\" \/>\n<meta property=\"og:type\" content=\"article\" \/>\n<meta property=\"og:title\" content=\"\u00c5rsm\u00f8te og medlemsm\u00f8te - Lillehammer H\u00f8yre\" \/>\n<meta property=\"og:url\" content=\"https:\/\/hoyre.no\/lillehammer\/aktuelt\/arsmote-og-medlemsmote-28-november\/\" \/>\n<meta property=\"og:site_name\" content=\"Lillehammer H\u00f8yre\" \/>\n<meta property=\"article:published_time\" content=\"2023-11-06T21:42:53+00:00\" \/>\n<meta property=\"article:modified_time\" content=\"2023-11-24T20:05:43+00:00\" \/>\n<meta property=\"og:image\" content=\"https:\/\/hoyre.no\/content\/uploads\/sites\/72\/2023\/07\/Muligheter_for_alle_-_Toppbilde_Facebook_Bokma\u030al-1024x390.png\" \/>\n<meta name=\"author\" content=\"Marianne Gunnerud\" \/>\n<meta name=\"twitter:card\" content=\"summary_large_image\" \/>\n<meta name=\"twitter:label1\" content=\"Skrevet av\" \/>\n\t<meta name=\"twitter:data1\" content=\"Marianne Gunnerud\" \/>\n\t<meta name=\"twitter:label2\" content=\"Ansl. lesetid\" \/>\n\t<meta name=\"twitter:data2\" content=\"1 minutt\" \/>\n<script type=\"application\/ld+json\" class=\"yoast-schema-graph\">{\"@context\":\"https:\/\/schema.org\",\"@graph\":[{\"@type\":\"NewsArticle\",\"@id\":\"https:\/\/hoyre.no\/lillehammer\/aktuelt\/arsmote-og-medlemsmote-28-november\/\",\"url\":\"https:\/\/hoyre.no\/lillehammer\/aktuelt\/arsmote-og-medlemsmote-28-november\/\",\"name\":\"\u00c5rsm\u00f8te og medlemsm\u00f8te - Lillehammer H\u00f8yre\",\"isPartOf\":{\"@id\":\"https:\/\/hoyre.no\/lillehammer\/#website\"},\"datePublished\":\"2023-11-06T21:42:53+00:00\",\"dateModified\":\"2023-11-24T20:05:43+00:00\",\"author\":{\"@id\":\"https:\/\/hoyre.no\/lillehammer\/#\/schema\/person\/f0a788fe77deb9bd4c8c2da7d5c22c97\"},\"breadcrumb\":{\"@id\":\"https:\/\/hoyre.no\/lillehammer\/aktuelt\/arsmote-og-medlemsmote-28-november\/#breadcrumb\"},\"inLanguage\":\"nb-NO\",\"potentialAction\":[{\"@type\":\"ReadAction\",\"target\":[\"https:\/\/hoyre.no\/lillehammer\/aktuelt\/arsmote-og-medlemsmote-28-november\/\"]}]},{\"@type\":\"BreadcrumbList\",\"@id\":\"https:\/\/hoyre.no\/lillehammer\/aktuelt\/arsmote-og-medlemsmote-28-november\/#breadcrumb\",\"itemListElement\":[{\"@type\":\"ListItem\",\"position\":1,\"name\":\"Til hoyre.no\",\"item\":\"https:\/\/hoyre.no\"},{\"@type\":\"ListItem\",\"position\":2,\"name\":\"Hjem\",\"item\":\"https:\/\/hoyre.no\/lillehammer\/\"},{\"@type\":\"ListItem\",\"position\":3,\"name\":\"\u00c5rsm\u00f8te og medlemsm\u00f8te\"}]},{\"@type\":\"WebSite\",\"@id\":\"https:\/\/hoyre.no\/lillehammer\/#website\",\"url\":\"https:\/\/hoyre.no\/lillehammer\/\",\"name\":\"Lillehammer H\u00f8yre\",\"description\":\"Bare enda et H\u00f8yres nettsteder-nettsted\",\"inLanguage\":\"nb-NO\"},{\"@type\":\"Person\",\"@id\":\"https:\/\/hoyre.no\/lillehammer\/#\/schema\/person\/f0a788fe77deb9bd4c8c2da7d5c22c97\",\"name\":\"Marianne Gunnerud\",\"image\":{\"@type\":\"ImageObject\",\"inLanguage\":\"nb-NO\",\"@id\":\"https:\/\/hoyre.no\/lillehammer\/#\/schema\/person\/image\/\",\"url\":\"https:\/\/secure.gravatar.com\/avatar\/481e93059b3e2beffbe812ded6df7841628911049651966d3cb038c88f954cf8?s=96&d=mm&r=g\",\"contentUrl\":\"https:\/\/secure.gravatar.com\/avatar\/481e93059b3e2beffbe812ded6df7841628911049651966d3cb038c88f954cf8?s=96&d=mm&r=g\",\"caption\":\"Marianne Gunnerud\"},\"url\":\"https:\/\/hoyre.no\/lillehammer\/aktuelt\/author\/m51971695\/\"}]}<\/script>\n<!-- \/ Yoast SEO plugin. -->","yoast_head_json":{"title":"\u00c5rsm\u00f8te og medlemsm\u00f8te - Lillehammer H\u00f8yre","robots":{"index":"index","follow":"follow","max-snippet":"max-snippet:-1","max-image-preview":"max-image-preview:large","max-video-preview":"max-video-preview:-1"},"canonical":"https:\/\/hoyre.no\/lillehammer\/aktuelt\/arsmote-og-medlemsmote-28-november\/","og_locale":"nb_NO","og_type":"article","og_title":"\u00c5rsm\u00f8te og medlemsm\u00f8te - Lillehammer H\u00f8yre","og_url":"https:\/\/hoyre.no\/lillehammer\/aktuelt\/arsmote-og-medlemsmote-28-november\/","og_site_name":"Lillehammer H\u00f8yre","article_published_time":"2023-11-06T21:42:53+00:00","article_modified_time":"2023-11-24T20:05:43+00:00","og_image":[{"url":"https:\/\/hoyre.no\/content\/uploads\/sites\/72\/2023\/07\/Muligheter_for_alle_-_Toppbilde_Facebook_Bokma\u030al-1024x390.png","width":"","height":"","type":""}],"author":"Marianne Gunnerud","twitter_card":"summary_large_image","twitter_misc":{"Skrevet av":"Marianne Gunnerud","Ansl. lesetid":"1 minutt"},"schema":{"@context":"https:\/\/schema.org","@graph":[{"@type":"NewsArticle","@id":"https:\/\/hoyre.no\/lillehammer\/aktuelt\/arsmote-og-medlemsmote-28-november\/","url":"https:\/\/hoyre.no\/lillehammer\/aktuelt\/arsmote-og-medlemsmote-28-november\/","name":"\u00c5rsm\u00f8te og medlemsm\u00f8te - Lillehammer H\u00f8yre","isPartOf":{"@id":"https:\/\/hoyre.no\/lillehammer\/#website"},"datePublished":"2023-11-06T21:42:53+00:00","dateModified":"2023-11-24T20:05:43+00:00","author":{"@id":"https:\/\/hoyre.no\/lillehammer\/#\/schema\/person\/f0a788fe77deb9bd4c8c2da7d5c22c97"},"breadcrumb":{"@id":"https:\/\/hoyre.no\/lillehammer\/aktuelt\/arsmote-og-medlemsmote-28-november\/#breadcrumb"},"inLanguage":"nb-NO","potentialAction":[{"@type":"ReadAction","target":["https:\/\/hoyre.no\/lillehammer\/aktuelt\/arsmote-og-medlemsmote-28-november\/"]}]},{"@type":"BreadcrumbList","@id":"https:\/\/hoyre.no\/lillehammer\/aktuelt\/arsmote-og-medlemsmote-28-november\/#breadcrumb","itemListElement":[{"@type":"ListItem","position":1,"name":"Til hoyre.no","item":"https:\/\/hoyre.no"},{"@type":"ListItem","position":2,"name":"Hjem","item":"https:\/\/hoyre.no\/lillehammer\/"},{"@type":"ListItem","position":3,"name":"\u00c5rsm\u00f8te og medlemsm\u00f8te"}]},{"@type":"WebSite","@id":"https:\/\/hoyre.no\/lillehammer\/#website","url":"https:\/\/hoyre.no\/lillehammer\/","name":"Lillehammer H\u00f8yre","description":"Bare enda et H\u00f8yres nettsteder-nettsted","inLanguage":"nb-NO"},{"@type":"Person","@id":"https:\/\/hoyre.no\/lillehammer\/#\/schema\/person\/f0a788fe77deb9bd4c8c2da7d5c22c97","name":"Marianne Gunnerud","image":{"@type":"ImageObject","inLanguage":"nb-NO","@id":"https:\/\/hoyre.no\/lillehammer\/#\/schema\/person\/image\/","url":"https:\/\/secure.gravatar.com\/avatar\/481e93059b3e2beffbe812ded6df7841628911049651966d3cb038c88f954cf8?s=96&d=mm&r=g","contentUrl":"https:\/\/secure.gravatar.com\/avatar\/481e93059b3e2beffbe812ded6df7841628911049651966d3cb038c88f954cf8?s=96&d=mm&r=g","caption":"Marianne Gunnerud"},"url":"https:\/\/hoyre.no\/lillehammer\/aktuelt\/author\/m51971695\/"}]}},"distributor_meta":false,"distributor_terms":false,"distributor_media":false,"distributor_original_site_name":"Lillehammer H\u00f8yre","distributor_original_site_url":"https:\/\/hoyre.no\/lillehammer","push-errors":false,"_links":{"self":[{"href":"https:\/\/hoyre.no\/lillehammer\/wp-json\/wp\/v2\/posts\/400","targetHints":{"allow":["GET"]}}],"collection":[{"href":"https:\/\/hoyre.no\/lillehammer\/wp-json\/wp\/v2\/posts"}],"about":[{"href":"https:\/\/hoyre.no\/lillehammer\/wp-json\/wp\/v2\/types\/post"}],"author":[{"embeddable":true,"href":"https:\/\/hoyre.no\/lillehammer\/wp-json\/wp\/v2\/users\/28039"}],"replies":[{"embeddable":true,"href":"https:\/\/hoyre.no\/lillehammer\/wp-json\/wp\/v2\/comments?post=400"}],"version-history":[{"count":5,"href":"https:\/\/hoyre.no\/lillehammer\/wp-json\/wp\/v2\/posts\/400\/revisions"}],"predecessor-version":[{"id":410,"href":"https:\/\/hoyre.no\/lillehammer\/wp-json\/wp\/v2\/posts\/400\/revisions\/410"}],"wp:attachment":[{"href":"https:\/\/hoyre.no\/lillehammer\/wp-json\/wp\/v2\/media?parent=400"}],"wp:term":[{"taxonomy":"category","embeddable":true,"href":"https:\/\/hoyre.no\/lillehammer\/wp-json\/wp\/v2\/category?post=400"},{"taxonomy":"post_tag","embeddable":true,"href":"https:\/\/hoyre.no\/lillehammer\/wp-json\/wp\/v2\/post_tag?post=400"},{"taxonomy":"hoyre-visibility","embeddable":true,"href":"https:\/\/hoyre.no\/lillehammer\/wp-json\/wp\/v2\/hoyre-visibility?post=400"},{"taxonomy":"article-type","embeddable":true,"href":"https:\/\/hoyre.no\/lillehammer\/wp-json\/wp\/v2\/article-type?post=400"},{"taxonomy":"politician","embeddable":true,"href":"https:\/\/hoyre.no\/lillehammer\/wp-json\/wp\/v2\/politician?post=400"}],"curies":[{"name":"wp","href":"https:\/\/api.w.org\/{rel}","templated":true}]}}