{"id":545,"date":"2026-04-17T10:42:53","date_gmt":"2026-04-17T08:42:53","guid":{"rendered":"https:\/\/hoyre.no\/lillehammer\/?p=545"},"modified":"2026-04-17T11:07:57","modified_gmt":"2026-04-17T09:07:57","slug":"fortsetter-som-ordforer","status":"publish","type":"post","link":"https:\/\/hoyre.no\/lillehammer\/aktuelt\/fortsetter-som-ordforer\/","title":{"rendered":"Fortsetter som ordf\u00f8rer"},"content":{"rendered":"\n<p class=\"preamble\">Sittende ordf\u00f8rer Hans Olav Sundf\u00f8r er renominert som partiets ordf\u00f8rerkandidat foran kommunevalget i 2027.<\/p>\t\t\t<div class=\"post-meta wp-block teft-byline-wrapper\">\n\t\t\t\t<div class=\"top\">\n\t\t\t\t\t<div class=\"signature\">\n\t\t\t\t\t\t<div class=\"teft-byline\">\n\t\t\t\t\t\t\t\t\t\t\t\t\t\t<div>\n\t\t\t\t\t\t\t\t<h3>H\u00f8yres redaksjon<\/h3>\t\t\t\t\t\t\t\t\n\t\t\t\t\t\t\t\t\t\t\t\t\t\t\t\t\t<span class=\"date\">Sist oppdatert: 17. april 2026<\/span>\n\t\t\t\t\t\t\t\t\t\t\t\t\t\t\t\t\t\t\t\t\t\t\t\t\t<span class=\"reading-time\" itemprop=\"timeRequired\" content=\"PT2M\"><em>Ca. 2 minutter lesetid<\/em><\/span>\n\t\t\t\t\t\t\t\t\t\t\t\t\t\t\t<\/div>\n\t\t\t\t\t\t<\/div>\n\t\t\t\t\t<\/div>\n\t\t\t\t\t\t<div class=\"sharing\">\n\t\t<a class=\"share-button share-link copy-link\" data-copy=\"https:\/\/hoyre.no\/lillehammer\/aktuelt\/fortsetter-som-ordforer\/\" target=\"_blank\"><span class=\"screen-reader-text\">Del link<\/span><\/a>\n\t\t<a class=\"share-button share-twitter\" href=\"http:\/\/twitter.com\/share?text=Fortsetter som ordf\u00f8rer&#038;url=https:\/\/hoyre.no\/lillehammer\/aktuelt\/fortsetter-som-ordforer\/&#038;hashtags=Hoyre\" target=\"_blank\"><span class=\"screen-reader-text\">Del p\u00e5 twitter<\/span><\/a>\n\t\t<a class=\"share-button share-facebook\" href=\"https:\/\/www.facebook.com\/sharer\/sharer.php?u=https:\/\/hoyre.no\/lillehammer\/aktuelt\/fortsetter-som-ordforer\/\" target=\"_blank\"><span class=\"screen-reader-text\">Del p\u00e5 facebook<\/span><\/a>\n\t<\/div>\n\t\t\t\t\t<\/div>\n\t\t\t<\/div>\n\n\t\t\t<figure class=\"hoyre-image-wrapper\"><div class=\"hoyre-image\"><img loading=\"lazy\" decoding=\"async\" width=\"2500\" height=\"1875\" src=\"https:\/\/hoyre.no\/content\/uploads\/sites\/72\/2026\/04\/ordforer-renominasjon-scaled.jpg\" class=\"attachment-scaled size-scaled\" alt=\"\" style=\"object-position: 50% 50%\" srcset=\"https:\/\/hoyre.no\/content\/uploads\/sites\/72\/2026\/04\/ordforer-renominasjon-scaled.jpg 2500w, https:\/\/hoyre.no\/content\/uploads\/sites\/72\/2026\/04\/ordforer-renominasjon-300x225.jpg 300w, https:\/\/hoyre.no\/content\/uploads\/sites\/72\/2026\/04\/ordforer-renominasjon-1024x768.jpg 1024w, https:\/\/hoyre.no\/content\/uploads\/sites\/72\/2026\/04\/ordforer-renominasjon-768x576.jpg 768w, https:\/\/hoyre.no\/content\/uploads\/sites\/72\/2026\/04\/ordforer-renominasjon-1536x1152.jpg 1536w, https:\/\/hoyre.no\/content\/uploads\/sites\/72\/2026\/04\/ordforer-renominasjon-2048x1536.jpg 2048w\" sizes=\"auto, (max-width: 2500px) 100vw, 2500px\" \/><\/div><figcaption class=\"caption\">Leder i Lillehammer H\u00f8yre, Helge Leander Jensen gratulerer ordf\u00f8rer Hans Olav Sundf\u00f8r med renominasjon som ordf\u00f8rerkandidat til valget i 2027.<\/figcaption><\/figure>\n\n\n\n\n<p>P\u00e5 medlemsm\u00f8te 16. april 2026 ble det avholdt tidlig-nominasjon av ordf\u00f8rerkandidat. Nominasjonen f\u00f8lger innstillingen fra nominasjonskomiteen, og Hans Olav Sundf\u00f8r var eneste kandidat.<\/p>\n\n\n\n<p>\u2013 Vi er sv\u00e6rt glade for \u00e5 ha med oss Hans Olav videre. Han st\u00e5r for tydelig og samlende politisk ledelse i en tid hvor kommunen trenger st\u00f8 kurs, sier gruppeleder Marianne Gunnerud. <\/p>\n\n\n\n<p>H\u00f8yre viser til solide resultater i innev\u00e6rende periode.<\/p>\n\n\n\n<p>\u2013 Vi har tatt inn rundt 100 millioner kroner i \u00e5rlige besparelser uten \u00e5 g\u00e5 p\u00e5 bekostning av tjenestetilbudet. Totalt har vi spart over 200 millioner kroner. Det viser at det er mulig \u00e5 drive ansvarlig og samtidig levere gode tjenester til innbyggerne.<\/p>\n\n\n\n<p>Ordf\u00f8reren er motivert for fire nye \u00e5r.<\/p>\n\n\n\n<p>\u2013 Jeg er b\u00e5de stolt og takknemlig for tilliten. Vi har f\u00e5tt til mye de siste \u00e5rene, men det er fortsatt store oppgaver foran oss. Jeg gleder meg til \u00e5 fortsette arbeidet med \u00e5 sikre en trygg \u00f8konomisk styring, utvikle gode tjenester og bidra til at Lillehammer er en attraktiv kommune \u00e5 bo, jobbe og leve i \u2013 ogs\u00e5 i \u00e5rene som kommer, sier ordf\u00f8rer Sundf\u00f8r.<\/p>\n\n\n\n<p>Nominasjonen av resten av listen vil skje i oktober 2026.<\/p>\n\n\n\n<p><a href=\"https:\/\/hoyre.no\/lillehammer\/aktuelt\/nominasjon-til-hoyres-liste\/\">Mer om nominasjonsprosessen i Lillehammer H\u00f8yre<\/a>.<\/p>\n\n\n<div class=\"tags\">\n\t<\/div>\n<div class=\"post-footer alignfull has-background block-editor-block-list__block\" data-align=full>\n\t<div class=\"post-footer-inner\">\n\t\t<h3>Relaterte artikler<\/h3>\n\t\t<div class=\"related-content\"><div class=\"is-card-hoyre\">\n\t<div class=\"teft-card hoyre-teft-card post-teft-card\">\n\t\t<a href=\"https:\/\/hoyre.no\/lillehammer\/aktuelt\/demokrati-ma-oves-saerlig-nar-vi-er-uenige\/\" class=\"teft-card__primary-action\">\n\n\t\t\t<div class=\"teft-card__media teft-card__media--16-9 no-image\"><\/div>\n\t\t\t<div class=\"teft-card__content-wrapper\">\n\t\t\t\t<div class=\"teft-card__secondary\">\n\t\t\t\t\t\n\t\t\t\t\t\t\t\t<div class=\"teft-card__meta\">\n\t\t\t\t\t\t\t\t\t<span class=\"post-date\">23. apr 2026<\/span>\n\n\t\t\t\t\t\t\t\t\t\t\t\t\t\t\t\t\t<\/div>\n\t\t\t\t\t\t\t\t\t\t\t<\/div>\n\n\t\t\t\t<div class=\"teft-card__primary\">\n\t\t\t\t\t<h2 class=\"teft-card__title\">Demokrati m\u00e5 \u00f8ves \u2013 s\u00e6rlig n\u00e5r vi er uenige&nbsp;<span class=\"teft-card__primary-title-append\"><\/span><\/h2>\t\t\t\t<\/div>\n\t\t\t<\/div>\n\t\t<\/a>\n\t<\/div>\n\n\t<\/div><div class=\"is-card-hoyre\">\n\t<div class=\"teft-card hoyre-teft-card post-teft-card\">\n\t\t<a href=\"https:\/\/hoyre.no\/lillehammer\/aktuelt\/nominasjon-til-hoyres-liste\/\" class=\"teft-card__primary-action\">\n\n\t\t\t\t\t<div class=\"teft-card__media teft-card__media--16-9\">\n\t\t\t\t\t\t<img loading=\"lazy\" decoding=\"async\" width=\"768\" height=\"292\" src=\"https:\/\/hoyre.no\/content\/uploads\/sites\/72\/2023\/07\/Muligheter_for_alle_-_Toppbilde_Facebook_Bokma\u030al-768x292.png\" class=\"attachment-medium_large size-medium_large\" alt=\"\" srcset=\"https:\/\/hoyre.no\/content\/uploads\/sites\/72\/2023\/07\/Muligheter_for_alle_-_Toppbilde_Facebook_Bokma\u030al-768x292.png 768w, https:\/\/hoyre.no\/content\/uploads\/sites\/72\/2023\/07\/Muligheter_for_alle_-_Toppbilde_Facebook_Bokma\u030al-300x114.png 300w, https:\/\/hoyre.no\/content\/uploads\/sites\/72\/2023\/07\/Muligheter_for_alle_-_Toppbilde_Facebook_Bokma\u030al-1024x390.png 1024w, https:\/\/hoyre.no\/content\/uploads\/sites\/72\/2023\/07\/Muligheter_for_alle_-_Toppbilde_Facebook_Bokma\u030al-1536x584.png 1536w, https:\/\/hoyre.no\/content\/uploads\/sites\/72\/2023\/07\/Muligheter_for_alle_-_Toppbilde_Facebook_Bokma\u030al-2048x779.png 2048w\" sizes=\"auto, (max-width: 768px) 100vw, 768px\" \/>\t\t<\/div>\n\t\t\n\t\t\t<div class=\"teft-card__content-wrapper\">\n\t\t\t\t<div class=\"teft-card__secondary\">\n\t\t\t\t\t\n\t\t\t\t\t\t\t\t<div class=\"teft-card__meta\">\n\t\t\t\t\t\t\t\t\t<span class=\"post-date\">1. feb 2026<\/span>\n\n\t\t\t\t\t\t\t\t\t<span class=\"post-category\">Valg 2027<\/span>\t\t\t\t\t\t\t\t<\/div>\n\t\t\t\t\t\t\t\t\t\t\t<\/div>\n\n\t\t\t\t<div class=\"teft-card__primary\">\n\t\t\t\t\t<h2 class=\"teft-card__title\">Nominasjon til H\u00f8yres liste&nbsp;<span class=\"teft-card__primary-title-append\"><\/span><\/h2>\t\t\t\t<\/div>\n\t\t\t<\/div>\n\t\t<\/a>\n\t<\/div>\n\n\t<\/div><div class=\"is-card-hoyre\">\n\t<div class=\"teft-card hoyre-teft-card post-teft-card\">\n\t\t<a href=\"https:\/\/hoyre.no\/lillehammer\/aktuelt\/arsmote-2025\/\" class=\"teft-card__primary-action\">\n\n\t\t\t\t\t<div class=\"teft-card__media teft-card__media--16-9\">\n\t\t\t\t\t\t<img loading=\"lazy\" decoding=\"async\" width=\"700\" height=\"482\" src=\"https:\/\/hoyre.no\/content\/uploads\/sites\/72\/2025\/11\/lillehammer-stasjonen.jpg\" class=\"attachment-medium_large size-medium_large\" alt=\"\" srcset=\"https:\/\/hoyre.no\/content\/uploads\/sites\/72\/2025\/11\/lillehammer-stasjonen.jpg 700w, https:\/\/hoyre.no\/content\/uploads\/sites\/72\/2025\/11\/lillehammer-stasjonen-300x207.jpg 300w\" sizes=\"auto, (max-width: 700px) 100vw, 700px\" \/>\t\t<\/div>\n\t\t\n\t\t\t<div class=\"teft-card__content-wrapper\">\n\t\t\t\t<div class=\"teft-card__secondary\">\n\t\t\t\t\t\n\t\t\t\t\t\t\t\t<div class=\"teft-card__meta\">\n\t\t\t\t\t\t\t\t\t<span class=\"post-date\">20. nov 2025<\/span>\n\n\t\t\t\t\t\t\t\t\t\t\t\t\t\t\t\t\t<\/div>\n\t\t\t\t\t\t\t\t\t\t\t<\/div>\n\n\t\t\t\t<div class=\"teft-card__primary\">\n\t\t\t\t\t<h2 class=\"teft-card__title\">Lillehammer H\u00f8yre avholder \u00e5rsm\u00f8te 20.11.2025&nbsp;<span class=\"teft-card__primary-title-append\"><\/span><\/h2>\t\t\t\t<\/div>\n\t\t\t<\/div>\n\t\t<\/a>\n\t<\/div>\n\n\t<\/div><\/div>\t<\/div>\n<\/div>\n","protected":false},"excerpt":{"rendered":"","protected":false},"author":28039,"featured_media":0,"comment_status":"closed","ping_status":"closed","sticky":false,"template":"","format":"standard","meta":{"teft_cards_image_url":"","teft_cards_custom_pretitle":"","teft_cards_image_id":546,"teft_cards_image_focal_point_x":0.53,"teft_cards_image_focal_point_y":0.39,"teft_cards_title":"","teft_cards_excerpt":"","teft_show_chapters":false,"author_display_name":"","footnotes":""},"category":[1],"post_tag":[],"hoyre-visibility":[],"article-type":[],"politician":[],"class_list":["post-545","post","type-post","status-publish","format-standard","hentry","category-ukategorisert"],"yoast_head":"<!-- This site is optimized with the Yoast SEO plugin v26.6 - https:\/\/yoast.com\/wordpress\/plugins\/seo\/ -->\n<title>Fortsetter som ordf\u00f8rer - Lillehammer H\u00f8yre<\/title>\n<meta name=\"robots\" content=\"index, follow, max-snippet:-1, max-image-preview:large, max-video-preview:-1\" \/>\n<link rel=\"canonical\" href=\"https:\/\/hoyre.no\/lillehammer\/aktuelt\/fortsetter-som-ordforer\/\" \/>\n<meta property=\"og:locale\" content=\"nb_NO\" \/>\n<meta property=\"og:type\" content=\"article\" \/>\n<meta property=\"og:title\" content=\"Fortsetter som ordf\u00f8rer\" \/>\n<meta property=\"og:description\" content=\"Sittende ordf\u00f8rer Hans Olav Sundf\u00f8r er renominert som Lillehammer H\u00f8yres ordf\u00f8rerkandidat til kommunevalget i 2027.\" \/>\n<meta property=\"og:url\" content=\"https:\/\/hoyre.no\/lillehammer\/aktuelt\/fortsetter-som-ordforer\/\" \/>\n<meta property=\"og:site_name\" content=\"Lillehammer H\u00f8yre\" \/>\n<meta property=\"article:published_time\" content=\"2026-04-17T08:42:53+00:00\" \/>\n<meta property=\"article:modified_time\" content=\"2026-04-17T09:07:57+00:00\" \/>\n<meta property=\"og:image\" content=\"https:\/\/hoyre.no\/content\/uploads\/sites\/72\/2025\/11\/lillehammer-stasjonen.jpg\" \/>\n<meta name=\"author\" content=\"Marianne Gunnerud\" \/>\n<meta name=\"twitter:card\" content=\"summary_large_image\" \/>\n<meta name=\"twitter:label1\" content=\"Skrevet av\" \/>\n\t<meta name=\"twitter:data1\" content=\"Marianne Gunnerud\" \/>\n\t<meta name=\"twitter:label2\" content=\"Ansl. lesetid\" \/>\n\t<meta name=\"twitter:data2\" content=\"2 minutter\" \/>\n<script type=\"application\/ld+json\" class=\"yoast-schema-graph\">{\"@context\":\"https:\/\/schema.org\",\"@graph\":[{\"@type\":\"NewsArticle\",\"@id\":\"https:\/\/hoyre.no\/lillehammer\/aktuelt\/fortsetter-som-ordforer\/\",\"url\":\"https:\/\/hoyre.no\/lillehammer\/aktuelt\/fortsetter-som-ordforer\/\",\"name\":\"Fortsetter som ordf\u00f8rer - Lillehammer H\u00f8yre\",\"isPartOf\":{\"@id\":\"https:\/\/hoyre.no\/lillehammer\/#website\"},\"datePublished\":\"2026-04-17T08:42:53+00:00\",\"dateModified\":\"2026-04-17T09:07:57+00:00\",\"author\":{\"@id\":\"https:\/\/hoyre.no\/lillehammer\/#\/schema\/person\/f0a788fe77deb9bd4c8c2da7d5c22c97\"},\"breadcrumb\":{\"@id\":\"https:\/\/hoyre.no\/lillehammer\/aktuelt\/fortsetter-som-ordforer\/#breadcrumb\"},\"inLanguage\":\"nb-NO\",\"potentialAction\":[{\"@type\":\"ReadAction\",\"target\":[\"https:\/\/hoyre.no\/lillehammer\/aktuelt\/fortsetter-som-ordforer\/\"]}]},{\"@type\":\"BreadcrumbList\",\"@id\":\"https:\/\/hoyre.no\/lillehammer\/aktuelt\/fortsetter-som-ordforer\/#breadcrumb\",\"itemListElement\":[{\"@type\":\"ListItem\",\"position\":1,\"name\":\"Til hoyre.no\",\"item\":\"https:\/\/hoyre.no\"},{\"@type\":\"ListItem\",\"position\":2,\"name\":\"Hjem\",\"item\":\"https:\/\/hoyre.no\/lillehammer\/\"},{\"@type\":\"ListItem\",\"position\":3,\"name\":\"Fortsetter som ordf\u00f8rer\"}]},{\"@type\":\"WebSite\",\"@id\":\"https:\/\/hoyre.no\/lillehammer\/#website\",\"url\":\"https:\/\/hoyre.no\/lillehammer\/\",\"name\":\"Lillehammer H\u00f8yre\",\"description\":\"Bare enda et H\u00f8yres nettsteder-nettsted\",\"inLanguage\":\"nb-NO\"},{\"@type\":\"Person\",\"@id\":\"https:\/\/hoyre.no\/lillehammer\/#\/schema\/person\/f0a788fe77deb9bd4c8c2da7d5c22c97\",\"name\":\"Marianne Gunnerud\",\"image\":{\"@type\":\"ImageObject\",\"inLanguage\":\"nb-NO\",\"@id\":\"https:\/\/hoyre.no\/lillehammer\/#\/schema\/person\/image\/\",\"url\":\"https:\/\/secure.gravatar.com\/avatar\/481e93059b3e2beffbe812ded6df7841628911049651966d3cb038c88f954cf8?s=96&d=mm&r=g\",\"contentUrl\":\"https:\/\/secure.gravatar.com\/avatar\/481e93059b3e2beffbe812ded6df7841628911049651966d3cb038c88f954cf8?s=96&d=mm&r=g\",\"caption\":\"Marianne Gunnerud\"},\"url\":\"https:\/\/hoyre.no\/lillehammer\/aktuelt\/author\/m51971695\/\"}]}<\/script>\n<!-- \/ Yoast SEO plugin. -->","yoast_head_json":{"title":"Fortsetter som ordf\u00f8rer - Lillehammer H\u00f8yre","robots":{"index":"index","follow":"follow","max-snippet":"max-snippet:-1","max-image-preview":"max-image-preview:large","max-video-preview":"max-video-preview:-1"},"canonical":"https:\/\/hoyre.no\/lillehammer\/aktuelt\/fortsetter-som-ordforer\/","og_locale":"nb_NO","og_type":"article","og_title":"Fortsetter som ordf\u00f8rer","og_description":"Sittende ordf\u00f8rer Hans Olav Sundf\u00f8r er renominert som Lillehammer H\u00f8yres ordf\u00f8rerkandidat til kommunevalget i 2027.","og_url":"https:\/\/hoyre.no\/lillehammer\/aktuelt\/fortsetter-som-ordforer\/","og_site_name":"Lillehammer H\u00f8yre","article_published_time":"2026-04-17T08:42:53+00:00","article_modified_time":"2026-04-17T09:07:57+00:00","og_image":[{"url":"https:\/\/hoyre.no\/content\/uploads\/sites\/72\/2025\/11\/lillehammer-stasjonen.jpg","width":"","height":"","type":""}],"author":"Marianne Gunnerud","twitter_card":"summary_large_image","twitter_misc":{"Skrevet av":"Marianne Gunnerud","Ansl. lesetid":"2 minutter"},"schema":{"@context":"https:\/\/schema.org","@graph":[{"@type":"NewsArticle","@id":"https:\/\/hoyre.no\/lillehammer\/aktuelt\/fortsetter-som-ordforer\/","url":"https:\/\/hoyre.no\/lillehammer\/aktuelt\/fortsetter-som-ordforer\/","name":"Fortsetter som ordf\u00f8rer - Lillehammer H\u00f8yre","isPartOf":{"@id":"https:\/\/hoyre.no\/lillehammer\/#website"},"datePublished":"2026-04-17T08:42:53+00:00","dateModified":"2026-04-17T09:07:57+00:00","author":{"@id":"https:\/\/hoyre.no\/lillehammer\/#\/schema\/person\/f0a788fe77deb9bd4c8c2da7d5c22c97"},"breadcrumb":{"@id":"https:\/\/hoyre.no\/lillehammer\/aktuelt\/fortsetter-som-ordforer\/#breadcrumb"},"inLanguage":"nb-NO","potentialAction":[{"@type":"ReadAction","target":["https:\/\/hoyre.no\/lillehammer\/aktuelt\/fortsetter-som-ordforer\/"]}]},{"@type":"BreadcrumbList","@id":"https:\/\/hoyre.no\/lillehammer\/aktuelt\/fortsetter-som-ordforer\/#breadcrumb","itemListElement":[{"@type":"ListItem","position":1,"name":"Til hoyre.no","item":"https:\/\/hoyre.no"},{"@type":"ListItem","position":2,"name":"Hjem","item":"https:\/\/hoyre.no\/lillehammer\/"},{"@type":"ListItem","position":3,"name":"Fortsetter som ordf\u00f8rer"}]},{"@type":"WebSite","@id":"https:\/\/hoyre.no\/lillehammer\/#website","url":"https:\/\/hoyre.no\/lillehammer\/","name":"Lillehammer H\u00f8yre","description":"Bare enda et H\u00f8yres nettsteder-nettsted","inLanguage":"nb-NO"},{"@type":"Person","@id":"https:\/\/hoyre.no\/lillehammer\/#\/schema\/person\/f0a788fe77deb9bd4c8c2da7d5c22c97","name":"Marianne Gunnerud","image":{"@type":"ImageObject","inLanguage":"nb-NO","@id":"https:\/\/hoyre.no\/lillehammer\/#\/schema\/person\/image\/","url":"https:\/\/secure.gravatar.com\/avatar\/481e93059b3e2beffbe812ded6df7841628911049651966d3cb038c88f954cf8?s=96&d=mm&r=g","contentUrl":"https:\/\/secure.gravatar.com\/avatar\/481e93059b3e2beffbe812ded6df7841628911049651966d3cb038c88f954cf8?s=96&d=mm&r=g","caption":"Marianne Gunnerud"},"url":"https:\/\/hoyre.no\/lillehammer\/aktuelt\/author\/m51971695\/"}]}},"distributor_meta":false,"distributor_terms":false,"distributor_media":false,"distributor_original_site_name":"Lillehammer H\u00f8yre","distributor_original_site_url":"https:\/\/hoyre.no\/lillehammer","push-errors":false,"_links":{"self":[{"href":"https:\/\/hoyre.no\/lillehammer\/wp-json\/wp\/v2\/posts\/545","targetHints":{"allow":["GET"]}}],"collection":[{"href":"https:\/\/hoyre.no\/lillehammer\/wp-json\/wp\/v2\/posts"}],"about":[{"href":"https:\/\/hoyre.no\/lillehammer\/wp-json\/wp\/v2\/types\/post"}],"author":[{"embeddable":true,"href":"https:\/\/hoyre.no\/lillehammer\/wp-json\/wp\/v2\/users\/28039"}],"replies":[{"embeddable":true,"href":"https:\/\/hoyre.no\/lillehammer\/wp-json\/wp\/v2\/comments?post=545"}],"version-history":[{"count":5,"href":"https:\/\/hoyre.no\/lillehammer\/wp-json\/wp\/v2\/posts\/545\/revisions"}],"predecessor-version":[{"id":552,"href":"https:\/\/hoyre.no\/lillehammer\/wp-json\/wp\/v2\/posts\/545\/revisions\/552"}],"wp:attachment":[{"href":"https:\/\/hoyre.no\/lillehammer\/wp-json\/wp\/v2\/media?parent=545"}],"wp:term":[{"taxonomy":"category","embeddable":true,"href":"https:\/\/hoyre.no\/lillehammer\/wp-json\/wp\/v2\/category?post=545"},{"taxonomy":"post_tag","embeddable":true,"href":"https:\/\/hoyre.no\/lillehammer\/wp-json\/wp\/v2\/post_tag?post=545"},{"taxonomy":"hoyre-visibility","embeddable":true,"href":"https:\/\/hoyre.no\/lillehammer\/wp-json\/wp\/v2\/hoyre-visibility?post=545"},{"taxonomy":"article-type","embeddable":true,"href":"https:\/\/hoyre.no\/lillehammer\/wp-json\/wp\/v2\/article-type?post=545"},{"taxonomy":"politician","embeddable":true,"href":"https:\/\/hoyre.no\/lillehammer\/wp-json\/wp\/v2\/politician?post=545"}],"curies":[{"name":"wp","href":"https:\/\/api.w.org\/{rel}","templated":true}]}}