{"id":560,"date":"2026-04-23T09:29:18","date_gmt":"2026-04-23T07:29:18","guid":{"rendered":"https:\/\/hoyre.no\/lillehammer\/?p=560"},"modified":"2026-04-23T09:56:57","modified_gmt":"2026-04-23T07:56:57","slug":"demokrati-ma-oves-saerlig-nar-vi-er-uenige","status":"publish","type":"post","link":"https:\/\/hoyre.no\/lillehammer\/aktuelt\/demokrati-ma-oves-saerlig-nar-vi-er-uenige\/","title":{"rendered":"Demokrati m\u00e5 \u00f8ves \u2013 s\u00e6rlig n\u00e5r vi er uenige"},"content":{"rendered":"\n<p class=\"preamble\"><br><\/p>\t\t\t<div class=\"post-meta wp-block teft-byline-wrapper\">\n\t\t\t\t<div class=\"top\">\n\t\t\t\t\t<div class=\"signature\">\n\t\t\t\t\t\t<div class=\"teft-byline\">\n\t\t\t\t\t\t\t<div class=\"teft-card__media circle-crop\"><img decoding=\"async\" loading=\"lazy\" width=\"500\" height=\"500\" src=\"https:\/\/res.cloudinary.com\/hoyre\/image\/upload\/c_thumb,g_face:center,h_500,w_500,d_defaultprofileimg3.jpg,fl_lossy,f_auto\/w_500\/v20230420\/52217684.jpg\" style=\"background-position:50% 50%;\" alt=\"Anette Audenhus R\u00f8sjorde\" \/><\/div>\t\t\t\t\t\t\t<div>\n\t\t\t\t\t\t\t\t<h3><a href=\"https:\/\/hoyre.no\/personprofiler\/anette-audenhus-rosjorde\/\">Anette Audenhus R\u00f8sjorde<\/a><\/h3>\t\t\t\t\t\t\t\t\t\t\t\t\t\t\t\t\t<span class=\"position\">Medlemsansvarlig<\/span>\n\t\t\t\t\t\t\t\t\n\t\t\t\t\t\t\t\t\t\t\t\t\t\t\t\t\t<span class=\"date\">Sist oppdatert: 23. april 2026<\/span>\n\t\t\t\t\t\t\t\t\t\t\t\t\t\t\t\t\t\t\t\t\t\t\t\t\t<span class=\"reading-time\" itemprop=\"timeRequired\" content=\"PT3M\"><em>Ca. 3 minutter lesetid<\/em><\/span>\n\t\t\t\t\t\t\t\t\t\t\t\t\t\t\t<\/div>\n\t\t\t\t\t\t<\/div>\n\t\t\t\t\t<\/div>\n\t\t\t\t\t\t<div class=\"sharing\">\n\t\t<a class=\"share-button share-link copy-link\" data-copy=\"https:\/\/hoyre.no\/lillehammer\/aktuelt\/demokrati-ma-oves-saerlig-nar-vi-er-uenige\/\" target=\"_blank\"><span class=\"screen-reader-text\">Del link<\/span><\/a>\n\t\t<a class=\"share-button share-twitter\" href=\"http:\/\/twitter.com\/share?text=Demokrati m\u00e5 \u00f8ves \u2013 s\u00e6rlig n\u00e5r vi er uenige&#038;url=https:\/\/hoyre.no\/lillehammer\/aktuelt\/demokrati-ma-oves-saerlig-nar-vi-er-uenige\/&#038;hashtags=Hoyre\" target=\"_blank\"><span class=\"screen-reader-text\">Del p\u00e5 twitter<\/span><\/a>\n\t\t<a class=\"share-button share-facebook\" href=\"https:\/\/www.facebook.com\/sharer\/sharer.php?u=https:\/\/hoyre.no\/lillehammer\/aktuelt\/demokrati-ma-oves-saerlig-nar-vi-er-uenige\/\" target=\"_blank\"><span class=\"screen-reader-text\">Del p\u00e5 facebook<\/span><\/a>\n\t<\/div>\n\t\t\t\t\t<\/div>\n\t\t\t<\/div>\n\n\t\t\t\n\n\n\n\n<p><\/p>\n\n\n\n<p>Demokrati handler om mer enn \u00e5 avgi en stemme hvert fjerde \u00e5r. Det handler om hvordan vi m\u00f8ter hverandre mellom valgene \u2013 om vi evner \u00e5 lytte, diskutere og s\u00f8ke forst\u00e5else ogs\u00e5 n\u00e5r vi er uenige. I en tid preget av krig i Europa, geopolitisk uro og usikkerhet rundt USAs rolle i NATO, er dette viktigere enn p\u00e5 lenge.<\/p>\n\n\n\n<p>Store sp\u00f8rsm\u00e5l reiser seg ogs\u00e5 for Norge: Hvordan skal vi sikre tryggheten v\u00e5r? Hvilke fellesskap b\u00f8r vi v\u00e6re en del av? Hvordan b\u00f8r forholdet v\u00e5rt til EU utvikles? Finnes det andre l\u00f8sninger?<\/p>\n\n\n\n<p>Dette er sp\u00f8rsm\u00e5l det er naturlig \u00e5 mene forskjellig om. Nettopp derfor m\u00e5 de diskuteres.<\/p>\n\n\n<div class=\"wp-block-image\">\n<figure class=\"aligncenter size-large is-resized\"><img decoding=\"async\" src=\"https:\/\/hoyre.no\/content\/uploads\/sites\/72\/2026\/04\/Bilde-19.02.2026-22-03-16-scaled-e1776928394450-778x1024.jpg\" alt=\"\" class=\"wp-image-561\" style=\"width:511px;height:auto\" \/><figcaption class=\"wp-element-caption\">Anette A. R\u00f8sjorde, Kommunestyrerepresentant<\/figcaption><\/figure><\/div>\n\n\n<p>Nylig deltok jeg p\u00e5 et arrangement om hvordan Europa kan sikre tryggheten sin uten USA. I panelet satt mennesker med ulike perspektiver p\u00e5 europeisk samarbeid, sikkerhetspolitikk og Norges veivalg. Lokale politikere med forskjellige st\u00e5steder bidro ogs\u00e5. Det ble en p\u00e5minnelse om hva demokratiet kan v\u00e6re p\u00e5 sitt beste: saklig uenighet, ulike analyser og respektfull meningsutveksling.<\/p>\n\n\n\n<p>Men betydningen av god dialog gjelder ikke bare de store internasjonale sp\u00f8rsm\u00e5lene. Vi ser det ogs\u00e5 lokalt.<\/p>\n\n\n\n<h2 class=\"wp-block-heading\">Lokale sp\u00f8rsm\u00e5l<\/h2>\n\n\n\n<p>Debatten om kommunesammensl\u00e5ing p\u00e5 Toten viste hvor krevende det kan v\u00e6re n\u00e5r identitet, tilh\u00f8righet og framtid st\u00e5r p\u00e5 spill. Slike prosesser vekker sterke f\u00f8lelser, og nettopp derfor er det avgj\u00f8rende med \u00e5pne prosesser, respekt for ulike syn og arenaer der folk opplever \u00e5 bli h\u00f8rt. N\u00e5r dialogen svikter, \u00f8ker avstanden mellom mennesker og beslutninger.<\/p>\n\n\n\n<p>Det samme s\u00e5 vi i diskusjonen om skolenedleggelser i Innlandet. Gjennom samarbeidet mellom GD og Faktisk.no ble det avdekket hvordan anonyme grupper fors\u00f8kte \u00e5 skape splid og p\u00e5virke debatten. I noen tilfeller lyktes de ogs\u00e5. Det minner oss om hvor s\u00e5rbart demokratiet kan v\u00e6re n\u00e5r uenighet blandes med desinformasjon, mistenkeliggj\u00f8ring og skjulte agendaer.<\/p>\n\n\n\n<p>Vi trenger flere rom for reell samtale \u2013 og st\u00f8rre bevissthet om hvordan debatter p\u00e5virkes.<\/p>\n\n\n\n<h2 class=\"wp-block-heading\">Demokratiet m\u00e5 vedlikeholdes<\/h2>\n\n\n\n<p>For demokratiet svekkes n\u00e5r motstandere blir fiender, n\u00e5r vanskelige sp\u00f8rsm\u00e5l reduseres til slagord, og n\u00e5r mennesker slutter \u00e5 lytte til andre enn dem de allerede er enige med. Det styrkes n\u00e5r vi t\u00e5ler kompleksitet, m\u00f8ter argumenter med argumenter og erkjenner at ingen sitter med hele sannheten alene.<\/p>\n\n\n\n<p>Sp\u00f8rsm\u00e5let om Norge og Europa engasjerer mange. Noen \u00f8nsker tettere tilknytning til EU. Andre vil bevare dagens ordninger eller se etter alternativer. Det avgj\u00f8rende er ikke at alle mener det samme, men at vi tar diskusjonen p\u00e5 alvor \u2013 sammen.<\/p>\n\n\n\n<p>Demokrati er ikke noe vi bare har. Det er noe vi stadig m\u00e5 vedlikeholde. Gjennom deltakelse. Gjennom kunnskap. Og gjennom god dialog med mennesker som ser verden annerledes enn oss selv.<\/p>\n\n\n<div class=\"tags\">\n\t<\/div>\n<div class=\"post-footer alignfull has-background block-editor-block-list__block\" data-align=full>\n\t<div class=\"post-footer-inner\">\n\t\t<h3>Relaterte artikler<\/h3>\n\t\t<div class=\"related-content\"><div class=\"is-card-hoyre\">\n\t<div class=\"teft-card hoyre-teft-card post-teft-card\">\n\t\t<a href=\"https:\/\/hoyre.no\/lillehammer\/aktuelt\/fortsetter-som-ordforer\/\" class=\"teft-card__primary-action\">\n\n\t\t\t\t\t<div class=\"teft-card__media teft-card__media--16-9\">\n\t\t\t\t\t\t<img loading=\"lazy\" decoding=\"async\" width=\"768\" height=\"576\" src=\"https:\/\/hoyre.no\/content\/uploads\/sites\/72\/2026\/04\/ordforer-renominasjon-768x576.jpg\" class=\"attachment-medium_large size-medium_large\" alt=\"\" srcset=\"https:\/\/hoyre.no\/content\/uploads\/sites\/72\/2026\/04\/ordforer-renominasjon-768x576.jpg 768w, https:\/\/hoyre.no\/content\/uploads\/sites\/72\/2026\/04\/ordforer-renominasjon-300x225.jpg 300w, https:\/\/hoyre.no\/content\/uploads\/sites\/72\/2026\/04\/ordforer-renominasjon-1024x768.jpg 1024w, https:\/\/hoyre.no\/content\/uploads\/sites\/72\/2026\/04\/ordforer-renominasjon-1536x1152.jpg 1536w, https:\/\/hoyre.no\/content\/uploads\/sites\/72\/2026\/04\/ordforer-renominasjon-2048x1536.jpg 2048w\" sizes=\"auto, (max-width: 768px) 100vw, 768px\" \/>\t\t<\/div>\n\t\t\n\t\t\t<div class=\"teft-card__content-wrapper\">\n\t\t\t\t<div class=\"teft-card__secondary\">\n\t\t\t\t\t\n\t\t\t\t\t\t\t\t<div class=\"teft-card__meta\">\n\t\t\t\t\t\t\t\t\t<span class=\"post-date\">17. apr 2026<\/span>\n\n\t\t\t\t\t\t\t\t\t<span class=\"post-category\">Ukategorisert<\/span>\t\t\t\t\t\t\t\t<\/div>\n\t\t\t\t\t\t\t\t\t\t\t<\/div>\n\n\t\t\t\t<div class=\"teft-card__primary\">\n\t\t\t\t\t<h2 class=\"teft-card__title\">Fortsetter som ordf\u00f8rer&nbsp;<span class=\"teft-card__primary-title-append\"><\/span><\/h2>\t\t\t\t<\/div>\n\t\t\t<\/div>\n\t\t<\/a>\n\t<\/div>\n\n\t<\/div><div class=\"is-card-hoyre\">\n\t<div class=\"teft-card hoyre-teft-card post-teft-card\">\n\t\t<a href=\"https:\/\/hoyre.no\/lillehammer\/aktuelt\/nominasjon-til-hoyres-liste\/\" class=\"teft-card__primary-action\">\n\n\t\t\t\t\t<div class=\"teft-card__media teft-card__media--16-9\">\n\t\t\t\t\t\t<img loading=\"lazy\" decoding=\"async\" width=\"768\" height=\"292\" src=\"https:\/\/hoyre.no\/content\/uploads\/sites\/72\/2023\/07\/Muligheter_for_alle_-_Toppbilde_Facebook_Bokma\u030al-768x292.png\" class=\"attachment-medium_large size-medium_large\" alt=\"\" srcset=\"https:\/\/hoyre.no\/content\/uploads\/sites\/72\/2023\/07\/Muligheter_for_alle_-_Toppbilde_Facebook_Bokma\u030al-768x292.png 768w, https:\/\/hoyre.no\/content\/uploads\/sites\/72\/2023\/07\/Muligheter_for_alle_-_Toppbilde_Facebook_Bokma\u030al-300x114.png 300w, https:\/\/hoyre.no\/content\/uploads\/sites\/72\/2023\/07\/Muligheter_for_alle_-_Toppbilde_Facebook_Bokma\u030al-1024x390.png 1024w, https:\/\/hoyre.no\/content\/uploads\/sites\/72\/2023\/07\/Muligheter_for_alle_-_Toppbilde_Facebook_Bokma\u030al-1536x584.png 1536w, https:\/\/hoyre.no\/content\/uploads\/sites\/72\/2023\/07\/Muligheter_for_alle_-_Toppbilde_Facebook_Bokma\u030al-2048x779.png 2048w\" sizes=\"auto, (max-width: 768px) 100vw, 768px\" \/>\t\t<\/div>\n\t\t\n\t\t\t<div class=\"teft-card__content-wrapper\">\n\t\t\t\t<div class=\"teft-card__secondary\">\n\t\t\t\t\t\n\t\t\t\t\t\t\t\t<div class=\"teft-card__meta\">\n\t\t\t\t\t\t\t\t\t<span class=\"post-date\">1. feb 2026<\/span>\n\n\t\t\t\t\t\t\t\t\t<span class=\"post-category\">Valg 2027<\/span>\t\t\t\t\t\t\t\t<\/div>\n\t\t\t\t\t\t\t\t\t\t\t<\/div>\n\n\t\t\t\t<div class=\"teft-card__primary\">\n\t\t\t\t\t<h2 class=\"teft-card__title\">Nominasjon til H\u00f8yres liste&nbsp;<span class=\"teft-card__primary-title-append\"><\/span><\/h2>\t\t\t\t<\/div>\n\t\t\t<\/div>\n\t\t<\/a>\n\t<\/div>\n\n\t<\/div><div class=\"is-card-hoyre\">\n\t<div class=\"teft-card hoyre-teft-card post-teft-card\">\n\t\t<a href=\"https:\/\/hoyre.no\/lillehammer\/aktuelt\/arsmote-2025\/\" class=\"teft-card__primary-action\">\n\n\t\t\t\t\t<div class=\"teft-card__media teft-card__media--16-9\">\n\t\t\t\t\t\t<img loading=\"lazy\" decoding=\"async\" width=\"700\" height=\"482\" src=\"https:\/\/hoyre.no\/content\/uploads\/sites\/72\/2025\/11\/lillehammer-stasjonen.jpg\" class=\"attachment-medium_large size-medium_large\" alt=\"\" srcset=\"https:\/\/hoyre.no\/content\/uploads\/sites\/72\/2025\/11\/lillehammer-stasjonen.jpg 700w, https:\/\/hoyre.no\/content\/uploads\/sites\/72\/2025\/11\/lillehammer-stasjonen-300x207.jpg 300w\" sizes=\"auto, (max-width: 700px) 100vw, 700px\" \/>\t\t<\/div>\n\t\t\n\t\t\t<div class=\"teft-card__content-wrapper\">\n\t\t\t\t<div class=\"teft-card__secondary\">\n\t\t\t\t\t\n\t\t\t\t\t\t\t\t<div class=\"teft-card__meta\">\n\t\t\t\t\t\t\t\t\t<span class=\"post-date\">20. nov 2025<\/span>\n\n\t\t\t\t\t\t\t\t\t\t\t\t\t\t\t\t\t<\/div>\n\t\t\t\t\t\t\t\t\t\t\t<\/div>\n\n\t\t\t\t<div class=\"teft-card__primary\">\n\t\t\t\t\t<h2 class=\"teft-card__title\">Lillehammer H\u00f8yre avholder \u00e5rsm\u00f8te 20.11.2025&nbsp;<span class=\"teft-card__primary-title-append\"><\/span><\/h2>\t\t\t\t<\/div>\n\t\t\t<\/div>\n\t\t<\/a>\n\t<\/div>\n\n\t<\/div><\/div>\t<\/div>\n<\/div>\n","protected":false},"excerpt":{"rendered":"","protected":false},"author":34140,"featured_media":0,"comment_status":"closed","ping_status":"closed","sticky":false,"template":"","format":"standard","meta":{"teft_cards_image_url":"","teft_cards_custom_pretitle":"","teft_cards_image_id":0,"teft_cards_image_focal_point_x":0,"teft_cards_image_focal_point_y":0,"teft_cards_title":"","teft_cards_excerpt":"","teft_show_chapters":false,"author_display_name":"","footnotes":""},"category":[1],"post_tag":[],"hoyre-visibility":[],"article-type":[],"politician":[],"class_list":["post-560","post","type-post","status-publish","format-standard","hentry","category-ukategorisert"],"yoast_head":"<!-- This site is optimized with the Yoast SEO plugin v26.6 - https:\/\/yoast.com\/wordpress\/plugins\/seo\/ -->\n<title>Demokrati m\u00e5 \u00f8ves \u2013 s\u00e6rlig n\u00e5r vi er uenige - Lillehammer H\u00f8yre<\/title>\n<meta name=\"robots\" content=\"index, follow, max-snippet:-1, max-image-preview:large, max-video-preview:-1\" \/>\n<link rel=\"canonical\" href=\"https:\/\/hoyre.no\/lillehammer\/aktuelt\/demokrati-ma-oves-saerlig-nar-vi-er-uenige\/\" \/>\n<meta property=\"og:locale\" content=\"nb_NO\" \/>\n<meta property=\"og:type\" content=\"article\" \/>\n<meta property=\"og:title\" content=\"Demokrati m\u00e5 \u00f8ves \u2013 s\u00e6rlig n\u00e5r vi er uenige - Lillehammer H\u00f8yre\" \/>\n<meta property=\"og:url\" content=\"https:\/\/hoyre.no\/lillehammer\/aktuelt\/demokrati-ma-oves-saerlig-nar-vi-er-uenige\/\" \/>\n<meta property=\"og:site_name\" content=\"Lillehammer H\u00f8yre\" \/>\n<meta property=\"article:published_time\" content=\"2026-04-23T07:29:18+00:00\" \/>\n<meta property=\"article:modified_time\" content=\"2026-04-23T07:56:57+00:00\" \/>\n<meta property=\"og:image\" content=\"https:\/\/hoyre.no\/content\/uploads\/sites\/72\/2025\/11\/lillehammer-stasjonen.jpg\" \/>\n<meta name=\"author\" content=\"Sindre Log\" \/>\n<meta name=\"twitter:card\" content=\"summary_large_image\" \/>\n<meta name=\"twitter:label1\" content=\"Skrevet av\" \/>\n\t<meta name=\"twitter:data1\" content=\"Sindre Log\" \/>\n\t<meta name=\"twitter:label2\" content=\"Ansl. lesetid\" \/>\n\t<meta name=\"twitter:data2\" content=\"3 minutter\" \/>\n<script type=\"application\/ld+json\" class=\"yoast-schema-graph\">{\"@context\":\"https:\/\/schema.org\",\"@graph\":[{\"@type\":\"NewsArticle\",\"@id\":\"https:\/\/hoyre.no\/lillehammer\/aktuelt\/demokrati-ma-oves-saerlig-nar-vi-er-uenige\/\",\"url\":\"https:\/\/hoyre.no\/lillehammer\/aktuelt\/demokrati-ma-oves-saerlig-nar-vi-er-uenige\/\",\"name\":\"Demokrati m\u00e5 \u00f8ves \u2013 s\u00e6rlig n\u00e5r vi er uenige - Lillehammer H\u00f8yre\",\"isPartOf\":{\"@id\":\"https:\/\/hoyre.no\/lillehammer\/#website\"},\"image\":{\"@id\":\"https:\/\/hoyre.no\/lillehammer\/aktuelt\/demokrati-ma-oves-saerlig-nar-vi-er-uenige\/#primaryimage\"},\"thumbnailUrl\":\"https:\/\/hoyre.no\/content\/uploads\/sites\/72\/2026\/04\/Bilde-19.02.2026-22-03-16-scaled-e1776928394450-778x1024.jpg\",\"datePublished\":\"2026-04-23T07:29:18+00:00\",\"dateModified\":\"2026-04-23T07:56:57+00:00\",\"author\":{\"@id\":\"https:\/\/hoyre.no\/lillehammer\/#\/schema\/person\/5f3599aa2885378b95cdc2fce31a42cb\"},\"breadcrumb\":{\"@id\":\"https:\/\/hoyre.no\/lillehammer\/aktuelt\/demokrati-ma-oves-saerlig-nar-vi-er-uenige\/#breadcrumb\"},\"inLanguage\":\"nb-NO\",\"potentialAction\":[{\"@type\":\"ReadAction\",\"target\":[\"https:\/\/hoyre.no\/lillehammer\/aktuelt\/demokrati-ma-oves-saerlig-nar-vi-er-uenige\/\"]}]},{\"@type\":\"ImageObject\",\"inLanguage\":\"nb-NO\",\"@id\":\"https:\/\/hoyre.no\/lillehammer\/aktuelt\/demokrati-ma-oves-saerlig-nar-vi-er-uenige\/#primaryimage\",\"url\":\"https:\/\/hoyre.no\/content\/uploads\/sites\/72\/2026\/04\/Bilde-19.02.2026-22-03-16-scaled-e1776928394450-778x1024.jpg\",\"contentUrl\":\"https:\/\/hoyre.no\/content\/uploads\/sites\/72\/2026\/04\/Bilde-19.02.2026-22-03-16-scaled-e1776928394450-778x1024.jpg\"},{\"@type\":\"BreadcrumbList\",\"@id\":\"https:\/\/hoyre.no\/lillehammer\/aktuelt\/demokrati-ma-oves-saerlig-nar-vi-er-uenige\/#breadcrumb\",\"itemListElement\":[{\"@type\":\"ListItem\",\"position\":1,\"name\":\"Til hoyre.no\",\"item\":\"https:\/\/hoyre.no\"},{\"@type\":\"ListItem\",\"position\":2,\"name\":\"Hjem\",\"item\":\"https:\/\/hoyre.no\/lillehammer\/\"},{\"@type\":\"ListItem\",\"position\":3,\"name\":\"Demokrati m\u00e5 \u00f8ves \u2013 s\u00e6rlig n\u00e5r vi er uenige\"}]},{\"@type\":\"WebSite\",\"@id\":\"https:\/\/hoyre.no\/lillehammer\/#website\",\"url\":\"https:\/\/hoyre.no\/lillehammer\/\",\"name\":\"Lillehammer H\u00f8yre\",\"description\":\"Bare enda et H\u00f8yres nettsteder-nettsted\",\"inLanguage\":\"nb-NO\"},{\"@type\":\"Person\",\"@id\":\"https:\/\/hoyre.no\/lillehammer\/#\/schema\/person\/5f3599aa2885378b95cdc2fce31a42cb\",\"name\":\"Sindre Log\",\"image\":{\"@type\":\"ImageObject\",\"inLanguage\":\"nb-NO\",\"@id\":\"https:\/\/hoyre.no\/lillehammer\/#\/schema\/person\/image\/\",\"url\":\"https:\/\/secure.gravatar.com\/avatar\/8f5710123a6cb26b3929857afa2c38313ded4ced23e1da11c416268d8f7b3d6f?s=96&d=mm&r=g\",\"contentUrl\":\"https:\/\/secure.gravatar.com\/avatar\/8f5710123a6cb26b3929857afa2c38313ded4ced23e1da11c416268d8f7b3d6f?s=96&d=mm&r=g\",\"caption\":\"Sindre Log\"},\"url\":\"https:\/\/hoyre.no\/lillehammer\/aktuelt\/author\/m51853547\/\"}]}<\/script>\n<!-- \/ Yoast SEO plugin. -->","yoast_head_json":{"title":"Demokrati m\u00e5 \u00f8ves \u2013 s\u00e6rlig n\u00e5r vi er uenige - Lillehammer H\u00f8yre","robots":{"index":"index","follow":"follow","max-snippet":"max-snippet:-1","max-image-preview":"max-image-preview:large","max-video-preview":"max-video-preview:-1"},"canonical":"https:\/\/hoyre.no\/lillehammer\/aktuelt\/demokrati-ma-oves-saerlig-nar-vi-er-uenige\/","og_locale":"nb_NO","og_type":"article","og_title":"Demokrati m\u00e5 \u00f8ves \u2013 s\u00e6rlig n\u00e5r vi er uenige - Lillehammer H\u00f8yre","og_url":"https:\/\/hoyre.no\/lillehammer\/aktuelt\/demokrati-ma-oves-saerlig-nar-vi-er-uenige\/","og_site_name":"Lillehammer H\u00f8yre","article_published_time":"2026-04-23T07:29:18+00:00","article_modified_time":"2026-04-23T07:56:57+00:00","og_image":[{"url":"https:\/\/hoyre.no\/content\/uploads\/sites\/72\/2025\/11\/lillehammer-stasjonen.jpg","width":"","height":"","type":""}],"author":"Sindre Log","twitter_card":"summary_large_image","twitter_misc":{"Skrevet av":"Sindre Log","Ansl. lesetid":"3 minutter"},"schema":{"@context":"https:\/\/schema.org","@graph":[{"@type":"NewsArticle","@id":"https:\/\/hoyre.no\/lillehammer\/aktuelt\/demokrati-ma-oves-saerlig-nar-vi-er-uenige\/","url":"https:\/\/hoyre.no\/lillehammer\/aktuelt\/demokrati-ma-oves-saerlig-nar-vi-er-uenige\/","name":"Demokrati m\u00e5 \u00f8ves \u2013 s\u00e6rlig n\u00e5r vi er uenige - Lillehammer H\u00f8yre","isPartOf":{"@id":"https:\/\/hoyre.no\/lillehammer\/#website"},"image":{"@id":"https:\/\/hoyre.no\/lillehammer\/aktuelt\/demokrati-ma-oves-saerlig-nar-vi-er-uenige\/#primaryimage"},"thumbnailUrl":"https:\/\/hoyre.no\/content\/uploads\/sites\/72\/2026\/04\/Bilde-19.02.2026-22-03-16-scaled-e1776928394450-778x1024.jpg","datePublished":"2026-04-23T07:29:18+00:00","dateModified":"2026-04-23T07:56:57+00:00","author":{"@id":"https:\/\/hoyre.no\/lillehammer\/#\/schema\/person\/5f3599aa2885378b95cdc2fce31a42cb"},"breadcrumb":{"@id":"https:\/\/hoyre.no\/lillehammer\/aktuelt\/demokrati-ma-oves-saerlig-nar-vi-er-uenige\/#breadcrumb"},"inLanguage":"nb-NO","potentialAction":[{"@type":"ReadAction","target":["https:\/\/hoyre.no\/lillehammer\/aktuelt\/demokrati-ma-oves-saerlig-nar-vi-er-uenige\/"]}]},{"@type":"ImageObject","inLanguage":"nb-NO","@id":"https:\/\/hoyre.no\/lillehammer\/aktuelt\/demokrati-ma-oves-saerlig-nar-vi-er-uenige\/#primaryimage","url":"https:\/\/hoyre.no\/content\/uploads\/sites\/72\/2026\/04\/Bilde-19.02.2026-22-03-16-scaled-e1776928394450-778x1024.jpg","contentUrl":"https:\/\/hoyre.no\/content\/uploads\/sites\/72\/2026\/04\/Bilde-19.02.2026-22-03-16-scaled-e1776928394450-778x1024.jpg"},{"@type":"BreadcrumbList","@id":"https:\/\/hoyre.no\/lillehammer\/aktuelt\/demokrati-ma-oves-saerlig-nar-vi-er-uenige\/#breadcrumb","itemListElement":[{"@type":"ListItem","position":1,"name":"Til hoyre.no","item":"https:\/\/hoyre.no"},{"@type":"ListItem","position":2,"name":"Hjem","item":"https:\/\/hoyre.no\/lillehammer\/"},{"@type":"ListItem","position":3,"name":"Demokrati m\u00e5 \u00f8ves \u2013 s\u00e6rlig n\u00e5r vi er uenige"}]},{"@type":"WebSite","@id":"https:\/\/hoyre.no\/lillehammer\/#website","url":"https:\/\/hoyre.no\/lillehammer\/","name":"Lillehammer H\u00f8yre","description":"Bare enda et H\u00f8yres nettsteder-nettsted","inLanguage":"nb-NO"},{"@type":"Person","@id":"https:\/\/hoyre.no\/lillehammer\/#\/schema\/person\/5f3599aa2885378b95cdc2fce31a42cb","name":"Sindre Log","image":{"@type":"ImageObject","inLanguage":"nb-NO","@id":"https:\/\/hoyre.no\/lillehammer\/#\/schema\/person\/image\/","url":"https:\/\/secure.gravatar.com\/avatar\/8f5710123a6cb26b3929857afa2c38313ded4ced23e1da11c416268d8f7b3d6f?s=96&d=mm&r=g","contentUrl":"https:\/\/secure.gravatar.com\/avatar\/8f5710123a6cb26b3929857afa2c38313ded4ced23e1da11c416268d8f7b3d6f?s=96&d=mm&r=g","caption":"Sindre Log"},"url":"https:\/\/hoyre.no\/lillehammer\/aktuelt\/author\/m51853547\/"}]}},"distributor_meta":false,"distributor_terms":false,"distributor_media":false,"distributor_original_site_name":"Lillehammer H\u00f8yre","distributor_original_site_url":"https:\/\/hoyre.no\/lillehammer","push-errors":false,"_links":{"self":[{"href":"https:\/\/hoyre.no\/lillehammer\/wp-json\/wp\/v2\/posts\/560","targetHints":{"allow":["GET"]}}],"collection":[{"href":"https:\/\/hoyre.no\/lillehammer\/wp-json\/wp\/v2\/posts"}],"about":[{"href":"https:\/\/hoyre.no\/lillehammer\/wp-json\/wp\/v2\/types\/post"}],"author":[{"embeddable":true,"href":"https:\/\/hoyre.no\/lillehammer\/wp-json\/wp\/v2\/users\/34140"}],"replies":[{"embeddable":true,"href":"https:\/\/hoyre.no\/lillehammer\/wp-json\/wp\/v2\/comments?post=560"}],"version-history":[{"count":4,"href":"https:\/\/hoyre.no\/lillehammer\/wp-json\/wp\/v2\/posts\/560\/revisions"}],"predecessor-version":[{"id":566,"href":"https:\/\/hoyre.no\/lillehammer\/wp-json\/wp\/v2\/posts\/560\/revisions\/566"}],"wp:attachment":[{"href":"https:\/\/hoyre.no\/lillehammer\/wp-json\/wp\/v2\/media?parent=560"}],"wp:term":[{"taxonomy":"category","embeddable":true,"href":"https:\/\/hoyre.no\/lillehammer\/wp-json\/wp\/v2\/category?post=560"},{"taxonomy":"post_tag","embeddable":true,"href":"https:\/\/hoyre.no\/lillehammer\/wp-json\/wp\/v2\/post_tag?post=560"},{"taxonomy":"hoyre-visibility","embeddable":true,"href":"https:\/\/hoyre.no\/lillehammer\/wp-json\/wp\/v2\/hoyre-visibility?post=560"},{"taxonomy":"article-type","embeddable":true,"href":"https:\/\/hoyre.no\/lillehammer\/wp-json\/wp\/v2\/article-type?post=560"},{"taxonomy":"politician","embeddable":true,"href":"https:\/\/hoyre.no\/lillehammer\/wp-json\/wp\/v2\/politician?post=560"}],"curies":[{"name":"wp","href":"https:\/\/api.w.org\/{rel}","templated":true}]}}