{"id":1000,"date":"2026-09-02T10:30:47","date_gmt":"2026-09-02T08:30:47","guid":{"rendered":"https:\/\/hoyre.no\/lillesand\/?p=1000"},"modified":"2026-09-02T10:32:31","modified_gmt":"2026-09-02T08:32:31","slug":"hvem-bor-representere-hoyre-i-agder-fylkesting","status":"publish","type":"post","link":"https:\/\/hoyre.no\/lillesand\/aktuelt\/hvem-bor-representere-hoyre-i-agder-fylkesting\/","title":{"rendered":"Hvem b\u00f8r representere H\u00f8yre i Agder fylkesting?"},"content":{"rendered":"\n<p class=\"preamble\">Arbeidet med fylkestingsvalget 2027 er i gang, og n\u00e5 foreligger en alfabetisk oversikt over valgvillige H\u00f8yre kandidater samt kandidatpresentasjoner.<\/p>\t\t\t<div class=\"post-meta wp-block teft-byline-wrapper\">\n\t\t\t\t<div class=\"top\">\n\t\t\t\t\t<div class=\"signature\">\n\t\t\t\t\t\t<div class=\"teft-byline\">\n\t\t\t\t\t\t\t<div class=\"teft-card__media circle-crop\"><img decoding=\"async\" loading=\"lazy\" width=\"500\" height=\"500\" src=\"https:\/\/res.cloudinary.com\/hoyre\/image\/upload\/c_thumb,g_face:center,h_500,w_500,d_defaultprofileimg3.jpg,fl_lossy,f_auto\/w_500\/v20230420\/50468776.jpg\" style=\"background-position:50% 50%;\" alt=\"Gunnar Kulia\" \/><\/div>\t\t\t\t\t\t\t<div>\n\t\t\t\t\t\t\t\t<h3><a href=\"https:\/\/hoyre.no\/personprofiler\/gunnar-kulia\/\">Gunnar Kulia<\/a><\/h3>\t\t\t\t\t\t\t\t\t\t\t\t\t\t\t\t\t<span class=\"position\">Foreningsleder<\/span>\n\t\t\t\t\t\t\t\t\n\t\t\t\t\t\t\t\t\t\t\t\t\t\t\t\t\t<span class=\"date\">Sist oppdatert: 2. september 2026<\/span>\n\t\t\t\t\t\t\t\t\t\t\t\t\t\t\t\t\t\t\t\t\t\t\t\t\t<span class=\"reading-time\" itemprop=\"timeRequired\" content=\"PT1M\"><em>Ca. 1 minutter lesetid<\/em><\/span>\n\t\t\t\t\t\t\t\t\t\t\t\t\t\t\t<\/div>\n\t\t\t\t\t\t<\/div>\n\t\t\t\t\t<\/div>\n\t\t\t\t\t\t<div class=\"sharing\">\n\t\t<a class=\"share-button share-link copy-link\" data-copy=\"https:\/\/hoyre.no\/lillesand\/aktuelt\/hvem-bor-representere-hoyre-i-agder-fylkesting\/\" target=\"_blank\"><span class=\"screen-reader-text\">Del link<\/span><\/a>\n\t\t<a class=\"share-button share-twitter\" href=\"http:\/\/twitter.com\/share?text=Hvem b\u00f8r representere H\u00f8yre i Agder fylkesting?&#038;url=https:\/\/hoyre.no\/lillesand\/aktuelt\/hvem-bor-representere-hoyre-i-agder-fylkesting\/&#038;hashtags=Hoyre\" target=\"_blank\"><span class=\"screen-reader-text\">Del p\u00e5 twitter<\/span><\/a>\n\t\t<a class=\"share-button share-facebook\" href=\"https:\/\/www.facebook.com\/sharer\/sharer.php?u=https:\/\/hoyre.no\/lillesand\/aktuelt\/hvem-bor-representere-hoyre-i-agder-fylkesting\/\" target=\"_blank\"><span class=\"screen-reader-text\">Del p\u00e5 facebook<\/span><\/a>\n\t<\/div>\n\t\t\t\t\t<\/div>\n\t\t\t<\/div>\n\n\t\t\t<figure class=\"hoyre-image-wrapper\"><div class=\"hoyre-image\"><img loading=\"lazy\" decoding=\"async\" width=\"1000\" height=\"1000\" src=\"https:\/\/hoyre.no\/content\/uploads\/sites\/27\/2026\/09\/2020_RGB_hoyre_logo_profilbilde_01.png\" class=\"attachment-scaled size-scaled\" alt=\"\" style=\"object-position: 50% 50%\" srcset=\"https:\/\/hoyre.no\/content\/uploads\/sites\/27\/2026\/09\/2020_RGB_hoyre_logo_profilbilde_01.png 1000w, https:\/\/hoyre.no\/content\/uploads\/sites\/27\/2026\/09\/2020_RGB_hoyre_logo_profilbilde_01-300x300.png 300w, https:\/\/hoyre.no\/content\/uploads\/sites\/27\/2026\/09\/2020_RGB_hoyre_logo_profilbilde_01-150x150.png 150w, https:\/\/hoyre.no\/content\/uploads\/sites\/27\/2026\/09\/2020_RGB_hoyre_logo_profilbilde_01-768x768.png 768w\" sizes=\"auto, (max-width: 1000px) 100vw, 1000px\" \/><\/div><\/figure>\n\n\n\n\n<p class=\"wp-block-paragraph\">Lillesand H\u00f8yre vil i l\u00f8pet av kommende uke sende ut invitasjon til eget medlemsm\u00f8te for pr\u00f8venominasjon til fylkestingsvalget, og vi skal samtidig velge v\u00e5re 9 delegater til nominasjonsm\u00f8tet 21. november.<\/p>\n\n\n\n<p class=\"wp-block-paragraph\">Har du innspill allerede n\u00e5? Hvem mener du b\u00f8r representere H\u00f8yre i fylkestinget de neste fire \u00e5rene?<\/p>\n\n\n\n<p class=\"wp-block-paragraph\"><img loading=\"lazy\" decoding=\"async\" height=\"16\" width=\"16\" src=\"https:\/\/static.xx.fbcdn.net\/images\/emoji.php\/v9\/t6c\/1\/16\/1f499.png\" alt=\"\ud83d\udc99\"> Vi \u00f8nsker \u00e5 h\u00f8re dine synspunkter! Send melding til Gunnar Kulia.<\/p>\n\n\n\n<p class=\"wp-block-paragraph\"><strong>Les mer her \ud83d\udc49 <a href=\"https:\/\/hoyre.no\/agder\/aktuelt\/alfabetisk-navneliste-fylkestingsvalget-2027\/\" target=\"_blank\" rel=\"noreferrer noopener\">Valgvillige kandidater og kandidatpresentasjoner<\/a><\/strong><\/p>\n\n\n<div class=\"tags\">\n\t<\/div>\n<div class=\"post-footer alignfull has-background block-editor-block-list__block\" data-align=full>\n\t<div class=\"post-footer-inner\">\n\t\t<h3>Relaterte artikler<\/h3>\n\t\t<div class=\"related-content\"><div class=\"is-card-hoyre\">\n\t<div class=\"teft-card hoyre-teft-card post-teft-card\">\n\t\t<a href=\"https:\/\/hoyre.no\/lillesand\/aktuelt\/einar-holmer-hoven-valgt-som-lillesand-hoyres-ordforerkandidat\/\" class=\"teft-card__primary-action\">\n\n\t\t\t\t\t<div class=\"teft-card__media teft-card__media--16-9\">\n\t\t\t\t\t\t<img loading=\"lazy\" decoding=\"async\" width=\"768\" height=\"576\" src=\"https:\/\/hoyre.no\/content\/uploads\/sites\/27\/2026\/08\/IMG_1637-768x576.jpg\" class=\"attachment-medium_large size-medium_large\" alt=\"\" srcset=\"https:\/\/hoyre.no\/content\/uploads\/sites\/27\/2026\/08\/IMG_1637-768x576.jpg 768w, https:\/\/hoyre.no\/content\/uploads\/sites\/27\/2026\/08\/IMG_1637-300x225.jpg 300w, https:\/\/hoyre.no\/content\/uploads\/sites\/27\/2026\/08\/IMG_1637-1024x768.jpg 1024w, https:\/\/hoyre.no\/content\/uploads\/sites\/27\/2026\/08\/IMG_1637-1536x1152.jpg 1536w, https:\/\/hoyre.no\/content\/uploads\/sites\/27\/2026\/08\/IMG_1637-2048x1536.jpg 2048w\" sizes=\"auto, (max-width: 768px) 100vw, 768px\" \/>\t\t<\/div>\n\t\t\n\t\t\t<div class=\"teft-card__content-wrapper\">\n\t\t\t\t<div class=\"teft-card__secondary\">\n\t\t\t\t\t\n\t\t\t\t\t\t\t\t<div class=\"teft-card__meta\">\n\t\t\t\t\t\t\t\t\t<span class=\"post-date\">18. aug 2026<\/span>\n\n\t\t\t\t\t\t\t\t\t\t\t\t\t\t\t\t\t<\/div>\n\t\t\t\t\t\t\t\t\t\t\t<\/div>\n\n\t\t\t\t<div class=\"teft-card__primary\">\n\t\t\t\t\t<h2 class=\"teft-card__title\">Einar valgt som Lillesand H\u00f8yres ordf\u00f8rerkandidat&nbsp;<span class=\"teft-card__primary-title-append\"><\/span><\/h2>\t\t\t\t<\/div>\n\t\t\t<\/div>\n\t\t<\/a>\n\t<\/div>\n\n\t<\/div><div class=\"is-card-hoyre\">\n\t<div class=\"teft-card hoyre-teft-card post-teft-card\">\n\t\t<a href=\"https:\/\/hoyre.no\/lillesand\/aktuelt\/stor-takk-til-arne-thomassen-for-en-imponerende-politisk-innsats\/\" class=\"teft-card__primary-action\">\n\n\t\t\t\t\t<div class=\"teft-card__media teft-card__media--16-9\">\n\t\t\t\t\t\t<img loading=\"lazy\" decoding=\"async\" width=\"768\" height=\"512\" src=\"https:\/\/hoyre.no\/content\/uploads\/sites\/27\/2026\/06\/Arne-768x512.jpg\" class=\"attachment-medium_large size-medium_large\" alt=\"\" srcset=\"https:\/\/hoyre.no\/content\/uploads\/sites\/27\/2026\/06\/Arne-768x512.jpg 768w, https:\/\/hoyre.no\/content\/uploads\/sites\/27\/2026\/06\/Arne-300x200.jpg 300w, https:\/\/hoyre.no\/content\/uploads\/sites\/27\/2026\/06\/Arne-1024x683.jpg 1024w, https:\/\/hoyre.no\/content\/uploads\/sites\/27\/2026\/06\/Arne.jpg 1536w\" sizes=\"auto, (max-width: 768px) 100vw, 768px\" \/>\t\t<\/div>\n\t\t\n\t\t\t<div class=\"teft-card__content-wrapper\">\n\t\t\t\t<div class=\"teft-card__secondary\">\n\t\t\t\t\t\n\t\t\t\t\t\t\t\t<div class=\"teft-card__meta\">\n\t\t\t\t\t\t\t\t\t<span class=\"post-date\">22. jun 2026<\/span>\n\n\t\t\t\t\t\t\t\t\t\t\t\t\t\t\t\t\t<\/div>\n\t\t\t\t\t\t\t\t\t\t\t<\/div>\n\n\t\t\t\t<div class=\"teft-card__primary\">\n\t\t\t\t\t<h2 class=\"teft-card__title\">Stor takk til Arne Thomassen for en imponerende politisk innsats&nbsp;<span class=\"teft-card__primary-title-append\"><\/span><\/h2>\t\t\t\t<\/div>\n\t\t\t<\/div>\n\t\t<\/a>\n\t<\/div>\n\n\t<\/div><div class=\"is-card-hoyre\">\n\t<div class=\"teft-card hoyre-teft-card post-teft-card\">\n\t\t<a href=\"https:\/\/hoyre.no\/lillesand\/aktuelt\/ordforerkandidat-for-lillesand-hoyre-i-2027\/\" class=\"teft-card__primary-action\">\n\n\t\t\t\t\t<div class=\"teft-card__media teft-card__media--16-9\">\n\t\t\t\t\t\t<img loading=\"lazy\" decoding=\"async\" width=\"768\" height=\"768\" src=\"https:\/\/hoyre.no\/content\/uploads\/sites\/27\/2023\/05\/IMG_0177-768x768.jpeg\" class=\"attachment-medium_large size-medium_large\" alt=\"\" srcset=\"https:\/\/hoyre.no\/content\/uploads\/sites\/27\/2023\/05\/IMG_0177-768x768.jpeg 768w, https:\/\/hoyre.no\/content\/uploads\/sites\/27\/2023\/05\/IMG_0177-300x300.jpeg 300w, https:\/\/hoyre.no\/content\/uploads\/sites\/27\/2023\/05\/IMG_0177-1024x1024.jpeg 1024w, https:\/\/hoyre.no\/content\/uploads\/sites\/27\/2023\/05\/IMG_0177-150x150.jpeg 150w, https:\/\/hoyre.no\/content\/uploads\/sites\/27\/2023\/05\/IMG_0177-1536x1536.jpeg 1536w, https:\/\/hoyre.no\/content\/uploads\/sites\/27\/2023\/05\/IMG_0177-2048x2048.jpeg 2048w\" sizes=\"auto, (max-width: 768px) 100vw, 768px\" \/>\t\t<\/div>\n\t\t\n\t\t\t<div class=\"teft-card__content-wrapper\">\n\t\t\t\t<div class=\"teft-card__secondary\">\n\t\t\t\t\t\n\t\t\t\t\t\t\t\t<div class=\"teft-card__meta\">\n\t\t\t\t\t\t\t\t\t<span class=\"post-date\">9. apr 2026<\/span>\n\n\t\t\t\t\t\t\t\t\t\t\t\t\t\t\t\t\t<\/div>\n\t\t\t\t\t\t\t\t\t\t\t<\/div>\n\n\t\t\t\t<div class=\"teft-card__primary\">\n\t\t\t\t\t<h2 class=\"teft-card__title\">Ordf\u00f8rerkandidat for Lillesand H\u00f8yre i 2027&nbsp;<span class=\"teft-card__primary-title-append\"><\/span><\/h2>\t\t\t\t<\/div>\n\t\t\t<\/div>\n\t\t<\/a>\n\t<\/div>\n\n\t<\/div><\/div>\t<\/div>\n<\/div>\n","protected":false},"excerpt":{"rendered":"","protected":false},"author":30113,"featured_media":0,"comment_status":"closed","ping_status":"closed","sticky":false,"template":"","format":"standard","meta":{"teft_cards_image_url":"","teft_cards_custom_pretitle":"","teft_cards_image_id":1001,"teft_cards_image_focal_point_x":0.5,"teft_cards_image_focal_point_y":0.5,"teft_cards_title":"","teft_cards_excerpt":"","teft_show_chapters":false,"author_display_name":"","footnotes":""},"category":[1],"post_tag":[],"hoyre-visibility":[],"article-type":[],"politician":[],"class_list":["post-1000","post","type-post","status-publish","format-standard","hentry","category-ukategorisert"],"yoast_head":"<!-- This site is optimized with the Yoast SEO plugin v28.2 - https:\/\/yoast.com\/product\/yoast-seo-wordpress\/ -->\n<title>Hvem b\u00f8r representere H\u00f8yre i Agder fylkesting? - Lillesand H\u00f8yre<\/title>\n<meta name=\"robots\" content=\"index, follow, max-snippet:-1, max-image-preview:large, max-video-preview:-1\" \/>\n<link rel=\"canonical\" href=\"https:\/\/hoyre.no\/lillesand\/aktuelt\/hvem-bor-representere-hoyre-i-agder-fylkesting\/\" \/>\n<meta property=\"og:locale\" content=\"nb_NO\" \/>\n<meta property=\"og:type\" content=\"article\" \/>\n<meta property=\"og:title\" content=\"Hvem b\u00f8r representere H\u00f8yre i Agder fylkesting? - Lillesand H\u00f8yre\" \/>\n<meta property=\"og:url\" content=\"https:\/\/hoyre.no\/lillesand\/aktuelt\/hvem-bor-representere-hoyre-i-agder-fylkesting\/\" \/>\n<meta property=\"og:site_name\" content=\"Lillesand H\u00f8yre\" \/>\n<meta property=\"article:published_time\" content=\"2026-09-02T08:30:47+00:00\" \/>\n<meta property=\"article:modified_time\" content=\"2026-09-02T08:32:31+00:00\" \/>\n<meta property=\"og:image\" content=\"https:\/\/hoyre.no\/content\/uploads\/sites\/27\/2023\/05\/IMG_0177-1024x1024.jpeg\" \/>\n<meta name=\"author\" content=\"Jarle Fosen\" \/>\n<meta name=\"twitter:card\" content=\"summary_large_image\" \/>\n<meta name=\"twitter:label1\" content=\"Skrevet av\" \/>\n\t<meta name=\"twitter:data1\" content=\"Jarle Fosen\" \/>\n\t<meta name=\"twitter:label2\" content=\"Ansl. lesetid\" \/>\n\t<meta name=\"twitter:data2\" content=\"1 minutt\" \/>\n<script type=\"application\/ld+json\" class=\"yoast-schema-graph\">{\"@context\":\"https:\\\/\\\/schema.org\",\"@graph\":[{\"@type\":\"Article\",\"@id\":\"https:\\\/\\\/hoyre.no\\\/lillesand\\\/aktuelt\\\/hvem-bor-representere-hoyre-i-agder-fylkesting\\\/#article\",\"isPartOf\":{\"@id\":\"https:\\\/\\\/hoyre.no\\\/lillesand\\\/aktuelt\\\/hvem-bor-representere-hoyre-i-agder-fylkesting\\\/\"},\"author\":{\"name\":\"Jarle Fosen\",\"@id\":\"https:\\\/\\\/hoyre.no\\\/lillesand\\\/#\\\/schema\\\/person\\\/724bd4d63aa38f332efe112cfa4e9b1b\"},\"headline\":\"Hvem b\u00f8r representere H\u00f8yre i Agder fylkesting?\",\"datePublished\":\"2026-09-02T08:30:47+00:00\",\"dateModified\":\"2026-09-02T08:32:31+00:00\",\"mainEntityOfPage\":{\"@id\":\"https:\\\/\\\/hoyre.no\\\/lillesand\\\/aktuelt\\\/hvem-bor-representere-hoyre-i-agder-fylkesting\\\/\"},\"wordCount\":116,\"image\":{\"@id\":\"https:\\\/\\\/hoyre.no\\\/lillesand\\\/aktuelt\\\/hvem-bor-representere-hoyre-i-agder-fylkesting\\\/#primaryimage\"},\"thumbnailUrl\":\"https:\\\/\\\/static.xx.fbcdn.net\\\/images\\\/emoji.php\\\/v9\\\/t6c\\\/1\\\/16\\\/1f499.png\",\"inLanguage\":\"nb-NO\"},{\"@type\":\"NewsArticle\",\"@id\":\"https:\\\/\\\/hoyre.no\\\/lillesand\\\/aktuelt\\\/hvem-bor-representere-hoyre-i-agder-fylkesting\\\/\",\"url\":\"https:\\\/\\\/hoyre.no\\\/lillesand\\\/aktuelt\\\/hvem-bor-representere-hoyre-i-agder-fylkesting\\\/\",\"name\":\"Hvem b\u00f8r representere H\u00f8yre i Agder fylkesting? - Lillesand H\u00f8yre\",\"isPartOf\":{\"@id\":\"https:\\\/\\\/hoyre.no\\\/lillesand\\\/#website\"},\"image\":{\"@id\":\"https:\\\/\\\/hoyre.no\\\/lillesand\\\/aktuelt\\\/hvem-bor-representere-hoyre-i-agder-fylkesting\\\/#primaryimage\"},\"thumbnailUrl\":\"https:\\\/\\\/static.xx.fbcdn.net\\\/images\\\/emoji.php\\\/v9\\\/t6c\\\/1\\\/16\\\/1f499.png\",\"datePublished\":\"2026-09-02T08:30:47+00:00\",\"dateModified\":\"2026-09-02T08:32:31+00:00\",\"author\":{\"@id\":\"https:\\\/\\\/hoyre.no\\\/lillesand\\\/#\\\/schema\\\/person\\\/724bd4d63aa38f332efe112cfa4e9b1b\"},\"breadcrumb\":{\"@id\":\"https:\\\/\\\/hoyre.no\\\/lillesand\\\/aktuelt\\\/hvem-bor-representere-hoyre-i-agder-fylkesting\\\/#breadcrumb\"},\"inLanguage\":\"nb-NO\",\"potentialAction\":[{\"@type\":\"ReadAction\",\"target\":[\"https:\\\/\\\/hoyre.no\\\/lillesand\\\/aktuelt\\\/hvem-bor-representere-hoyre-i-agder-fylkesting\\\/\"]}]},{\"@type\":\"ImageObject\",\"inLanguage\":\"nb-NO\",\"@id\":\"https:\\\/\\\/hoyre.no\\\/lillesand\\\/aktuelt\\\/hvem-bor-representere-hoyre-i-agder-fylkesting\\\/#primaryimage\",\"url\":\"https:\\\/\\\/static.xx.fbcdn.net\\\/images\\\/emoji.php\\\/v9\\\/t6c\\\/1\\\/16\\\/1f499.png\",\"contentUrl\":\"https:\\\/\\\/static.xx.fbcdn.net\\\/images\\\/emoji.php\\\/v9\\\/t6c\\\/1\\\/16\\\/1f499.png\"},{\"@type\":\"BreadcrumbList\",\"@id\":\"https:\\\/\\\/hoyre.no\\\/lillesand\\\/aktuelt\\\/hvem-bor-representere-hoyre-i-agder-fylkesting\\\/#breadcrumb\",\"itemListElement\":[{\"@type\":\"ListItem\",\"position\":1,\"name\":\"Til hoyre.no\",\"item\":\"https:\\\/\\\/hoyre.no\"},{\"@type\":\"ListItem\",\"position\":2,\"name\":\"Hjem\",\"item\":\"https:\\\/\\\/hoyre.no\\\/lillesand\\\/\"},{\"@type\":\"ListItem\",\"position\":3,\"name\":\"Hvem b\u00f8r representere H\u00f8yre i Agder fylkesting?\"}]},{\"@type\":\"WebSite\",\"@id\":\"https:\\\/\\\/hoyre.no\\\/lillesand\\\/#website\",\"url\":\"https:\\\/\\\/hoyre.no\\\/lillesand\\\/\",\"name\":\"Lillesand H\u00f8yre\",\"description\":\"Bare enda et H\u00f8yres nettsteder-nettsted\",\"inLanguage\":\"nb-NO\"},{\"@type\":\"Person\",\"@id\":\"https:\\\/\\\/hoyre.no\\\/lillesand\\\/#\\\/schema\\\/person\\\/724bd4d63aa38f332efe112cfa4e9b1b\",\"name\":\"Jarle Fosen\",\"image\":{\"@type\":\"ImageObject\",\"inLanguage\":\"nb-NO\",\"@id\":\"https:\\\/\\\/secure.gravatar.com\\\/avatar\\\/6531c7597c63a1ff14c887bc0a36155338bb8772ede97b0583cee1a6caf1070c?s=96&d=mm&r=g\",\"url\":\"https:\\\/\\\/secure.gravatar.com\\\/avatar\\\/6531c7597c63a1ff14c887bc0a36155338bb8772ede97b0583cee1a6caf1070c?s=96&d=mm&r=g\",\"contentUrl\":\"https:\\\/\\\/secure.gravatar.com\\\/avatar\\\/6531c7597c63a1ff14c887bc0a36155338bb8772ede97b0583cee1a6caf1070c?s=96&d=mm&r=g\",\"caption\":\"Jarle Fosen\"},\"url\":\"https:\\\/\\\/hoyre.no\\\/lillesand\\\/aktuelt\\\/author\\\/m52118288\\\/\"}]}<\/script>\n<!-- \/ Yoast SEO plugin. -->","yoast_head_json":{"title":"Hvem b\u00f8r representere H\u00f8yre i Agder fylkesting? - Lillesand H\u00f8yre","robots":{"index":"index","follow":"follow","max-snippet":"max-snippet:-1","max-image-preview":"max-image-preview:large","max-video-preview":"max-video-preview:-1"},"canonical":"https:\/\/hoyre.no\/lillesand\/aktuelt\/hvem-bor-representere-hoyre-i-agder-fylkesting\/","og_locale":"nb_NO","og_type":"article","og_title":"Hvem b\u00f8r representere H\u00f8yre i Agder fylkesting? - Lillesand H\u00f8yre","og_url":"https:\/\/hoyre.no\/lillesand\/aktuelt\/hvem-bor-representere-hoyre-i-agder-fylkesting\/","og_site_name":"Lillesand H\u00f8yre","article_published_time":"2026-09-02T08:30:47+00:00","article_modified_time":"2026-09-02T08:32:31+00:00","og_image":[{"url":"https:\/\/hoyre.no\/content\/uploads\/sites\/27\/2023\/05\/IMG_0177-1024x1024.jpeg","width":"","height":"","type":""}],"author":"Jarle Fosen","twitter_card":"summary_large_image","twitter_misc":{"Skrevet av":"Jarle Fosen","Ansl. lesetid":"1 minutt"},"schema":{"@context":"https:\/\/schema.org","@graph":[{"@type":"Article","@id":"https:\/\/hoyre.no\/lillesand\/aktuelt\/hvem-bor-representere-hoyre-i-agder-fylkesting\/#article","isPartOf":{"@id":"https:\/\/hoyre.no\/lillesand\/aktuelt\/hvem-bor-representere-hoyre-i-agder-fylkesting\/"},"author":{"name":"Jarle Fosen","@id":"https:\/\/hoyre.no\/lillesand\/#\/schema\/person\/724bd4d63aa38f332efe112cfa4e9b1b"},"headline":"Hvem b\u00f8r representere H\u00f8yre i Agder fylkesting?","datePublished":"2026-09-02T08:30:47+00:00","dateModified":"2026-09-02T08:32:31+00:00","mainEntityOfPage":{"@id":"https:\/\/hoyre.no\/lillesand\/aktuelt\/hvem-bor-representere-hoyre-i-agder-fylkesting\/"},"wordCount":116,"image":{"@id":"https:\/\/hoyre.no\/lillesand\/aktuelt\/hvem-bor-representere-hoyre-i-agder-fylkesting\/#primaryimage"},"thumbnailUrl":"https:\/\/static.xx.fbcdn.net\/images\/emoji.php\/v9\/t6c\/1\/16\/1f499.png","inLanguage":"nb-NO"},{"@type":"NewsArticle","@id":"https:\/\/hoyre.no\/lillesand\/aktuelt\/hvem-bor-representere-hoyre-i-agder-fylkesting\/","url":"https:\/\/hoyre.no\/lillesand\/aktuelt\/hvem-bor-representere-hoyre-i-agder-fylkesting\/","name":"Hvem b\u00f8r representere H\u00f8yre i Agder fylkesting? - Lillesand H\u00f8yre","isPartOf":{"@id":"https:\/\/hoyre.no\/lillesand\/#website"},"image":{"@id":"https:\/\/hoyre.no\/lillesand\/aktuelt\/hvem-bor-representere-hoyre-i-agder-fylkesting\/#primaryimage"},"thumbnailUrl":"https:\/\/static.xx.fbcdn.net\/images\/emoji.php\/v9\/t6c\/1\/16\/1f499.png","datePublished":"2026-09-02T08:30:47+00:00","dateModified":"2026-09-02T08:32:31+00:00","author":{"@id":"https:\/\/hoyre.no\/lillesand\/#\/schema\/person\/724bd4d63aa38f332efe112cfa4e9b1b"},"breadcrumb":{"@id":"https:\/\/hoyre.no\/lillesand\/aktuelt\/hvem-bor-representere-hoyre-i-agder-fylkesting\/#breadcrumb"},"inLanguage":"nb-NO","potentialAction":[{"@type":"ReadAction","target":["https:\/\/hoyre.no\/lillesand\/aktuelt\/hvem-bor-representere-hoyre-i-agder-fylkesting\/"]}]},{"@type":"ImageObject","inLanguage":"nb-NO","@id":"https:\/\/hoyre.no\/lillesand\/aktuelt\/hvem-bor-representere-hoyre-i-agder-fylkesting\/#primaryimage","url":"https:\/\/static.xx.fbcdn.net\/images\/emoji.php\/v9\/t6c\/1\/16\/1f499.png","contentUrl":"https:\/\/static.xx.fbcdn.net\/images\/emoji.php\/v9\/t6c\/1\/16\/1f499.png"},{"@type":"BreadcrumbList","@id":"https:\/\/hoyre.no\/lillesand\/aktuelt\/hvem-bor-representere-hoyre-i-agder-fylkesting\/#breadcrumb","itemListElement":[{"@type":"ListItem","position":1,"name":"Til hoyre.no","item":"https:\/\/hoyre.no"},{"@type":"ListItem","position":2,"name":"Hjem","item":"https:\/\/hoyre.no\/lillesand\/"},{"@type":"ListItem","position":3,"name":"Hvem b\u00f8r representere H\u00f8yre i Agder fylkesting?"}]},{"@type":"WebSite","@id":"https:\/\/hoyre.no\/lillesand\/#website","url":"https:\/\/hoyre.no\/lillesand\/","name":"Lillesand H\u00f8yre","description":"Bare enda et H\u00f8yres nettsteder-nettsted","inLanguage":"nb-NO"},{"@type":"Person","@id":"https:\/\/hoyre.no\/lillesand\/#\/schema\/person\/724bd4d63aa38f332efe112cfa4e9b1b","name":"Jarle Fosen","image":{"@type":"ImageObject","inLanguage":"nb-NO","@id":"https:\/\/secure.gravatar.com\/avatar\/6531c7597c63a1ff14c887bc0a36155338bb8772ede97b0583cee1a6caf1070c?s=96&d=mm&r=g","url":"https:\/\/secure.gravatar.com\/avatar\/6531c7597c63a1ff14c887bc0a36155338bb8772ede97b0583cee1a6caf1070c?s=96&d=mm&r=g","contentUrl":"https:\/\/secure.gravatar.com\/avatar\/6531c7597c63a1ff14c887bc0a36155338bb8772ede97b0583cee1a6caf1070c?s=96&d=mm&r=g","caption":"Jarle Fosen"},"url":"https:\/\/hoyre.no\/lillesand\/aktuelt\/author\/m52118288\/"}]}},"distributor_meta":false,"distributor_terms":false,"distributor_media":false,"distributor_original_site_name":"Lillesand H\u00f8yre","distributor_original_site_url":"https:\/\/hoyre.no\/lillesand","push-errors":false,"_links":{"self":[{"href":"https:\/\/hoyre.no\/lillesand\/wp-json\/wp\/v2\/posts\/1000","targetHints":{"allow":["GET"]}}],"collection":[{"href":"https:\/\/hoyre.no\/lillesand\/wp-json\/wp\/v2\/posts"}],"about":[{"href":"https:\/\/hoyre.no\/lillesand\/wp-json\/wp\/v2\/types\/post"}],"author":[{"embeddable":true,"href":"https:\/\/hoyre.no\/lillesand\/wp-json\/wp\/v2\/users\/30113"}],"replies":[{"embeddable":true,"href":"https:\/\/hoyre.no\/lillesand\/wp-json\/wp\/v2\/comments?post=1000"}],"version-history":[{"count":3,"href":"https:\/\/hoyre.no\/lillesand\/wp-json\/wp\/v2\/posts\/1000\/revisions"}],"predecessor-version":[{"id":1004,"href":"https:\/\/hoyre.no\/lillesand\/wp-json\/wp\/v2\/posts\/1000\/revisions\/1004"}],"wp:attachment":[{"href":"https:\/\/hoyre.no\/lillesand\/wp-json\/wp\/v2\/media?parent=1000"}],"wp:term":[{"taxonomy":"category","embeddable":true,"href":"https:\/\/hoyre.no\/lillesand\/wp-json\/wp\/v2\/category?post=1000"},{"taxonomy":"post_tag","embeddable":true,"href":"https:\/\/hoyre.no\/lillesand\/wp-json\/wp\/v2\/post_tag?post=1000"},{"taxonomy":"hoyre-visibility","embeddable":true,"href":"https:\/\/hoyre.no\/lillesand\/wp-json\/wp\/v2\/hoyre-visibility?post=1000"},{"taxonomy":"article-type","embeddable":true,"href":"https:\/\/hoyre.no\/lillesand\/wp-json\/wp\/v2\/article-type?post=1000"},{"taxonomy":"politician","embeddable":true,"href":"https:\/\/hoyre.no\/lillesand\/wp-json\/wp\/v2\/politician?post=1000"}],"curies":[{"name":"wp","href":"https:\/\/api.w.org\/{rel}","templated":true}]}}