{"id":563,"date":"2023-07-03T20:23:13","date_gmt":"2023-07-03T18:23:13","guid":{"rendered":"https:\/\/hoyre.no\/lillesand\/?p=563"},"modified":"2023-07-03T21:33:32","modified_gmt":"2023-07-03T19:33:32","slug":"drommen-om-parkering-i-fjell-i-lillesand-sentrum","status":"publish","type":"post","link":"https:\/\/hoyre.no\/lillesand\/aktuelt\/drommen-om-parkering-i-fjell-i-lillesand-sentrum\/","title":{"rendered":"Dr\u00f8mmen om parkering i fjell i Lillesand sentrum"},"content":{"rendered":"\n<p class=\"preamble\">Det er valgkamp og i artikkelen <a href=\"https:\/\/www.lp.no\/meninger\/i\/eJRxMa\/parkeringsanlegg-er-vedtatt-hva-naa\">\u00abParkeringsanlegg er vedtatt \u2013 hva n\u00e5?\u00bb<\/a>, publisert 30. juni i Lillesands-Posten, forklarer Arbeiderpartiets ordf\u00f8rerkandidat velgerne hva som er H\u00f8yres politikk vedr\u00f8rende parkering i sentrum.<\/p>\t\t\t<div class=\"post-meta wp-block teft-byline-wrapper\">\n\t\t\t\t<div class=\"top\">\n\t\t\t\t\t<div class=\"signature\">\n\t\t\t\t\t\t<div class=\"teft-byline\">\n\t\t\t\t\t\t\t\t\t\t\t\t\t\t<div>\n\t\t\t\t\t\t\t\t<h3>H\u00f8yres redaksjon<\/h3>\t\t\t\t\t\t\t\t\n\t\t\t\t\t\t\t\t\t\t\t\t\t\t\t\t\t<span class=\"date\">Sist oppdatert: 3. juli 2023<\/span>\n\t\t\t\t\t\t\t\t\t\t\t\t\t\t\t\t\t\t\t\t\t\t\t\t\t<span class=\"reading-time\" itemprop=\"timeRequired\" content=\"PT2M\"><em>Ca. 2 minutter lesetid<\/em><\/span>\n\t\t\t\t\t\t\t\t\t\t\t\t\t\t\t<\/div>\n\t\t\t\t\t\t<\/div>\n\t\t\t\t\t<\/div>\n\t\t\t\t\t\t<div class=\"sharing\">\n\t\t<a class=\"share-button share-link copy-link\" data-copy=\"https:\/\/hoyre.no\/lillesand\/aktuelt\/drommen-om-parkering-i-fjell-i-lillesand-sentrum\/\" target=\"_blank\"><span class=\"screen-reader-text\">Del link<\/span><\/a>\n\t\t<a class=\"share-button share-twitter\" href=\"http:\/\/twitter.com\/share?text=Dr\u00f8mmen om parkering i fjell i Lillesand sentrum&#038;url=https:\/\/hoyre.no\/lillesand\/aktuelt\/drommen-om-parkering-i-fjell-i-lillesand-sentrum\/&#038;hashtags=Hoyre\" target=\"_blank\"><span class=\"screen-reader-text\">Del p\u00e5 twitter<\/span><\/a>\n\t\t<a class=\"share-button share-facebook\" href=\"https:\/\/www.facebook.com\/sharer\/sharer.php?u=https:\/\/hoyre.no\/lillesand\/aktuelt\/drommen-om-parkering-i-fjell-i-lillesand-sentrum\/\" target=\"_blank\"><span class=\"screen-reader-text\">Del p\u00e5 facebook<\/span><\/a>\n\t<\/div>\n\t\t\t\t\t<\/div>\n\t\t\t<\/div>\n\n\t\t\t<figure class=\"hoyre-image-wrapper\"><div class=\"hoyre-image\"><img loading=\"lazy\" decoding=\"async\" width=\"2500\" height=\"2500\" src=\"https:\/\/hoyre.no\/content\/uploads\/sites\/27\/2023\/07\/5.-Gunnar-Kulia_3-scaled.jpeg\" class=\"attachment-scaled size-scaled\" alt=\"\" style=\"object-position: 52% 28.999999999999996%\" srcset=\"https:\/\/hoyre.no\/content\/uploads\/sites\/27\/2023\/07\/5.-Gunnar-Kulia_3-scaled.jpeg 2500w, https:\/\/hoyre.no\/content\/uploads\/sites\/27\/2023\/07\/5.-Gunnar-Kulia_3-300x300.jpeg 300w, https:\/\/hoyre.no\/content\/uploads\/sites\/27\/2023\/07\/5.-Gunnar-Kulia_3-1024x1024.jpeg 1024w, https:\/\/hoyre.no\/content\/uploads\/sites\/27\/2023\/07\/5.-Gunnar-Kulia_3-150x150.jpeg 150w, https:\/\/hoyre.no\/content\/uploads\/sites\/27\/2023\/07\/5.-Gunnar-Kulia_3-768x768.jpeg 768w, https:\/\/hoyre.no\/content\/uploads\/sites\/27\/2023\/07\/5.-Gunnar-Kulia_3-1536x1536.jpeg 1536w, https:\/\/hoyre.no\/content\/uploads\/sites\/27\/2023\/07\/5.-Gunnar-Kulia_3-2048x2048.jpeg 2048w\" sizes=\"auto, (max-width: 2500px) 100vw, 2500px\" \/><\/div><figcaption class=\"caption\">Gunnar Kulia, 5. kandidat for Lillesand H\u00f8yre.<\/figcaption><\/figure>\n\n\n\n<p>Jeg vil som bystyrekandidat for H\u00f8yre gjerne tydeliggj\u00f8re hva vi arbeider for.&nbsp;H\u00f8yre mener at vi trenger en bedre parkeringsl\u00f8sning i sentrum. Det f\u00e5r vi gjennom etablering av et parkeringsanlegg.&nbsp;Hadde utbyggingskostnadene v\u00e6rt like for parkering under bakken som over bakken, hadde ogs\u00e5 H\u00f8yre \u00f8nsket parkering i fjell eller under bakken.&nbsp;Men parkering under bakken\/i fjell er ca dobbelt s\u00e5 dyrt \u00e5 bygge som parkering over bakken.&nbsp;<\/p>\n\n\n\n<p>Lillesand kommune inviterte i v\u00e5r tilbydere til \u00e5 bygge parkeringsanlegg p\u00e5 Kollers jorde\/Vesterjordet. Ingen var villig til \u00e5 tilby kommunen \u00e5 bygge parkeringsanlegg med over 200 parkeringsplasser under bakken. Av 12 interessenter var det bare \u00e9n som ga kommunen tilbud om \u00e5 bygge parkeringsanlegg. Asbj\u00f8rn Olsen garanterte bygging av minst 200 parkeringsplasser, men ga ingen garantier om \u00e5 bygge under bakken.<\/p>\n\n\n\n<p>H\u00f8yre mener det vil v\u00e6re feil \u00e5 bruke skattebetalernes penger til \u00e5 finansiere parkeringsanlegg gjennom kommunal bevilgning. Det er eneste mulighet for \u00e5 realisere parkering under bakken i n\u00e6r fremtid. Derfor stemte H\u00f8yre for salget til Asbj\u00f8rn Olsen for \u00e5 realisere parkeringsl\u00f8sning for Lillesand sentrum.&nbsp;<\/p>\n\n\n\n<p>H\u00f8yre er ikke mot kombinert bruk med parkering og bolig p\u00e5 Vesterjordet, og det blir spennende \u00e5 se hva Olsen og hans samarbeidspartnere foresl\u00e5r av l\u00f8sninger i reguleringsplanarbeidet. En stemme til H\u00f8yre vil ikke st\u00e5 i veien for mer enn et rent parkeringsanlegg, men det var H\u00f8yre sammen med et flertall i bystyret som sikret at vi vil f\u00e5 et parkeringsanlegg overhodet. Dette \u00e5pner senere for spennende utvikling av Havnetomta n\u00e5r halvparten av parkeringsplassene der flyttes til Kollers jorde.&nbsp; Bilene i Lillesand trenger ikke den beste utsikten p\u00e5 byens tusen\u00e5rssted.&nbsp;<\/p>\n\n\n\n<p>\u00d8kt parkeringskapasitet p\u00e5 Vesterjordet kan bidra til viktig byutvikling p\u00e5 Brannstasjonstomta og andre steder i Lillesand sentrum.<\/p>\n\n\n\n<figure class=\"wp-block-teft-gallery columns-2 count-2 rows-1 is-cropped is-style-grid\"><ul class=\"teft-gallery-grid\"><li class=\"teft-gallery-item \"><figure><a href=\"https:\/\/hoyre.no\/content\/uploads\/sites\/27\/2023\/07\/IMG_4247.jpeg\" data-size=\"2048x1536\"><img loading=\"lazy\" decoding=\"async\" width=\"1024\" height=\"768\" src=\"https:\/\/hoyre.no\/content\/uploads\/sites\/27\/2023\/07\/IMG_4247-1024x768.jpeg\" class=\"attachment-large size-large\" alt=\"\" srcset=\"https:\/\/hoyre.no\/content\/uploads\/sites\/27\/2023\/07\/IMG_4247-1024x768.jpeg 1024w, https:\/\/hoyre.no\/content\/uploads\/sites\/27\/2023\/07\/IMG_4247-300x225.jpeg 300w, https:\/\/hoyre.no\/content\/uploads\/sites\/27\/2023\/07\/IMG_4247-768x576.jpeg 768w, https:\/\/hoyre.no\/content\/uploads\/sites\/27\/2023\/07\/IMG_4247-1536x1152.jpeg 1536w, https:\/\/hoyre.no\/content\/uploads\/sites\/27\/2023\/07\/IMG_4247.jpeg 2048w\" sizes=\"auto, (max-width: 1024px) 100vw, 1024px\" \/ data-full-url=\"https:\/\/hoyre.no\/content\/uploads\/sites\/27\/2023\/07\/IMG_4247.jpeg\" data-id=\"568\" data-caption=\"568\"\/><\/a><\/figure><\/li><li class=\"teft-gallery-item \"><figure><a href=\"https:\/\/hoyre.no\/content\/uploads\/sites\/27\/2023\/07\/IMG_4248-1.jpeg\" data-size=\"2048x1536\"><img loading=\"lazy\" decoding=\"async\" width=\"1024\" height=\"768\" src=\"https:\/\/hoyre.no\/content\/uploads\/sites\/27\/2023\/07\/IMG_4248-1-1024x768.jpeg\" class=\"attachment-large size-large\" alt=\"\" srcset=\"https:\/\/hoyre.no\/content\/uploads\/sites\/27\/2023\/07\/IMG_4248-1-1024x768.jpeg 1024w, https:\/\/hoyre.no\/content\/uploads\/sites\/27\/2023\/07\/IMG_4248-1-300x225.jpeg 300w, https:\/\/hoyre.no\/content\/uploads\/sites\/27\/2023\/07\/IMG_4248-1-768x576.jpeg 768w, https:\/\/hoyre.no\/content\/uploads\/sites\/27\/2023\/07\/IMG_4248-1-1536x1152.jpeg 1536w, https:\/\/hoyre.no\/content\/uploads\/sites\/27\/2023\/07\/IMG_4248-1.jpeg 2048w\" sizes=\"auto, (max-width: 1024px) 100vw, 1024px\" \/ data-full-url=\"https:\/\/hoyre.no\/content\/uploads\/sites\/27\/2023\/07\/IMG_4248-1.jpeg\" data-id=\"569\" data-caption=\"569\"\/><\/a><\/figure><\/li><\/ul><\/figure>\n\n\n\n<div class=\"wp-block-hoyre-banner undefined  is-style-blue\"><div class=\"banner-inner\"><figure class=\"hoyre-image-wrapper\"><div class=\"hoyre-image\"><img loading=\"lazy\" decoding=\"async\" width=\"2048\" height=\"1536\" src=\"https:\/\/hoyre.no\/content\/uploads\/sites\/27\/2023\/07\/IMG_4319.jpeg\" class=\"attachment-scaled size-scaled\" alt=\"\" style=\"object-position: 50% 62%\" srcset=\"https:\/\/hoyre.no\/content\/uploads\/sites\/27\/2023\/07\/IMG_4319.jpeg 2048w, https:\/\/hoyre.no\/content\/uploads\/sites\/27\/2023\/07\/IMG_4319-300x225.jpeg 300w, https:\/\/hoyre.no\/content\/uploads\/sites\/27\/2023\/07\/IMG_4319-1024x768.jpeg 1024w, https:\/\/hoyre.no\/content\/uploads\/sites\/27\/2023\/07\/IMG_4319-768x576.jpeg 768w, https:\/\/hoyre.no\/content\/uploads\/sites\/27\/2023\/07\/IMG_4319-1536x1152.jpeg 1536w\" sizes=\"auto, (max-width: 2048px) 100vw, 2048px\" \/><\/div><\/figure><div class=\"banner-content\"><div class=\"entry-content\">\n<h2 class=\"wp-block-heading\"><strong>H\u00f8yre \u00f8nsker overkommelige timesatser for parkering i sentrum med en times fri parkering p\u00e5 gateplan.<\/strong><\/h2>\n\n\n\n<p><\/p>\n\n\n\n<div class=\"wp-block-buttons is-layout-flex wp-block-buttons-is-layout-flex\">\n<div class=\"wp-block-button\"><a class=\"wp-block-button__link\" href=\"https:\/\/hoyre.no\/lillesand\/politikk\/\">les mer om v\u00e5r Politikk<\/a><\/div>\n<\/div>\n<\/div><\/div><\/div><\/div>\n\n\n\n\n<p><\/p>\n\n\n<div class=\"tags\">\n\t<\/div>\n<div class=\"post-footer alignfull has-background block-editor-block-list__block\" data-align=full>\n\t<div class=\"post-footer-inner\">\n\t\t<h3>Relaterte artikler<\/h3>\n\t\t<div class=\"related-content\"><div class=\"is-card-hoyre\">\n\t<div class=\"teft-card hoyre-teft-card post-teft-card\">\n\t\t<a href=\"https:\/\/hoyre.no\/lillesand\/aktuelt\/ordforerkandidat-for-lillesand-hoyre-i-2027\/\" class=\"teft-card__primary-action\">\n\n\t\t\t\t\t<div class=\"teft-card__media teft-card__media--16-9\">\n\t\t\t\t\t\t<img loading=\"lazy\" decoding=\"async\" width=\"768\" height=\"768\" src=\"https:\/\/hoyre.no\/content\/uploads\/sites\/27\/2023\/05\/IMG_0177-768x768.jpeg\" class=\"attachment-medium_large size-medium_large\" alt=\"\" srcset=\"https:\/\/hoyre.no\/content\/uploads\/sites\/27\/2023\/05\/IMG_0177-768x768.jpeg 768w, https:\/\/hoyre.no\/content\/uploads\/sites\/27\/2023\/05\/IMG_0177-300x300.jpeg 300w, https:\/\/hoyre.no\/content\/uploads\/sites\/27\/2023\/05\/IMG_0177-1024x1024.jpeg 1024w, https:\/\/hoyre.no\/content\/uploads\/sites\/27\/2023\/05\/IMG_0177-150x150.jpeg 150w, https:\/\/hoyre.no\/content\/uploads\/sites\/27\/2023\/05\/IMG_0177-1536x1536.jpeg 1536w, https:\/\/hoyre.no\/content\/uploads\/sites\/27\/2023\/05\/IMG_0177-2048x2048.jpeg 2048w\" sizes=\"auto, (max-width: 768px) 100vw, 768px\" \/>\t\t<\/div>\n\t\t\n\t\t\t<div class=\"teft-card__content-wrapper\">\n\t\t\t\t<div class=\"teft-card__secondary\">\n\t\t\t\t\t\n\t\t\t\t\t\t\t\t<div class=\"teft-card__meta\">\n\t\t\t\t\t\t\t\t\t<span class=\"post-date\">9. apr 2026<\/span>\n\n\t\t\t\t\t\t\t\t\t\t\t\t\t\t\t\t\t<\/div>\n\t\t\t\t\t\t\t\t\t\t\t<\/div>\n\n\t\t\t\t<div class=\"teft-card__primary\">\n\t\t\t\t\t<h2 class=\"teft-card__title\">Ordf\u00f8rerkandidat for Lillesand H\u00f8yre i 2027&nbsp;<span class=\"teft-card__primary-title-append\"><\/span><\/h2>\t\t\t\t<\/div>\n\t\t\t<\/div>\n\t\t<\/a>\n\t<\/div>\n\n\t<\/div><div class=\"is-card-hoyre\">\n\t<div class=\"teft-card hoyre-teft-card post-teft-card\">\n\t\t<a href=\"https:\/\/hoyre.no\/lillesand\/aktuelt\/tanker-om-budsjett-og-veien-videre\/\" class=\"teft-card__primary-action\">\n\n\t\t\t\t\t<div class=\"teft-card__media teft-card__media--16-9\">\n\t\t\t\t\t\t<img loading=\"lazy\" decoding=\"async\" width=\"768\" height=\"543\" src=\"https:\/\/hoyre.no\/content\/uploads\/sites\/27\/2025\/06\/IMG_5390-1-768x543.jpeg\" class=\"attachment-medium_large size-medium_large\" alt=\"\" srcset=\"https:\/\/hoyre.no\/content\/uploads\/sites\/27\/2025\/06\/IMG_5390-1-768x543.jpeg 768w, https:\/\/hoyre.no\/content\/uploads\/sites\/27\/2025\/06\/IMG_5390-1-300x212.jpeg 300w, https:\/\/hoyre.no\/content\/uploads\/sites\/27\/2025\/06\/IMG_5390-1-1024x724.jpeg 1024w, https:\/\/hoyre.no\/content\/uploads\/sites\/27\/2025\/06\/IMG_5390-1.jpeg 1474w\" sizes=\"auto, (max-width: 768px) 100vw, 768px\" \/>\t\t<\/div>\n\t\t\n\t\t\t<div class=\"teft-card__content-wrapper\">\n\t\t\t\t<div class=\"teft-card__secondary\">\n\t\t\t\t\t\n\t\t\t\t\t\t\t\t<div class=\"teft-card__meta\">\n\t\t\t\t\t\t\t\t\t<span class=\"post-date\">13. des 2025<\/span>\n\n\t\t\t\t\t\t\t\t\t\t\t\t\t\t\t\t\t<\/div>\n\t\t\t\t\t\t\t\t\t\t\t<\/div>\n\n\t\t\t\t<div class=\"teft-card__primary\">\n\t\t\t\t\t<h2 class=\"teft-card__title\">Tanker om budsjett og veien videre&nbsp;<span class=\"teft-card__primary-title-append\"><\/span><\/h2>\t\t\t\t<\/div>\n\t\t\t<\/div>\n\t\t<\/a>\n\t<\/div>\n\n\t<\/div><div class=\"is-card-hoyre\">\n\t<div class=\"teft-card hoyre-teft-card post-teft-card\">\n\t\t<a href=\"https:\/\/hoyre.no\/lillesand\/aktuelt\/valgkampen-i-full-gang-hoy-aktivitet-fra-lillesand-hoyre\/\" class=\"teft-card__primary-action\">\n\n\t\t\t\t\t<div class=\"teft-card__media teft-card__media--16-9\">\n\t\t\t\t\t\t<img loading=\"lazy\" decoding=\"async\" width=\"768\" height=\"576\" src=\"https:\/\/hoyre.no\/content\/uploads\/sites\/27\/2025\/08\/528779231_1503896277431807_320553935355836171_n-768x576.jpg\" class=\"attachment-medium_large size-medium_large\" alt=\"\" srcset=\"https:\/\/hoyre.no\/content\/uploads\/sites\/27\/2025\/08\/528779231_1503896277431807_320553935355836171_n-768x576.jpg 768w, https:\/\/hoyre.no\/content\/uploads\/sites\/27\/2025\/08\/528779231_1503896277431807_320553935355836171_n-300x225.jpg 300w, https:\/\/hoyre.no\/content\/uploads\/sites\/27\/2025\/08\/528779231_1503896277431807_320553935355836171_n-1024x768.jpg 1024w, https:\/\/hoyre.no\/content\/uploads\/sites\/27\/2025\/08\/528779231_1503896277431807_320553935355836171_n-1536x1152.jpg 1536w, https:\/\/hoyre.no\/content\/uploads\/sites\/27\/2025\/08\/528779231_1503896277431807_320553935355836171_n.jpg 2048w\" sizes=\"auto, (max-width: 768px) 100vw, 768px\" \/>\t\t<\/div>\n\t\t\n\t\t\t<div class=\"teft-card__content-wrapper\">\n\t\t\t\t<div class=\"teft-card__secondary\">\n\t\t\t\t\t\n\t\t\t\t\t\t\t\t<div class=\"teft-card__meta\">\n\t\t\t\t\t\t\t\t\t<span class=\"post-date\">18. aug 2025<\/span>\n\n\t\t\t\t\t\t\t\t\t\t\t\t\t\t\t\t\t<\/div>\n\t\t\t\t\t\t\t\t\t\t\t<\/div>\n\n\t\t\t\t<div class=\"teft-card__primary\">\n\t\t\t\t\t<h2 class=\"teft-card__title\">Valgkampen i full gang \u2013 H\u00f8y aktivitet fra Lillesand H\u00f8yre&nbsp;<span class=\"teft-card__primary-title-append\"><\/span><\/h2>\t\t\t\t<\/div>\n\t\t\t<\/div>\n\t\t<\/a>\n\t<\/div>\n\n\t<\/div><\/div>\t<\/div>\n<\/div>\n","protected":false},"excerpt":{"rendered":"<p>Jeg vil som bystyrekandidat for H\u00f8yre gjerne tydeliggj\u00f8re hva vi arbeider for.&nbsp;H\u00f8yre mener at vi trenger en bedre parkeringsl\u00f8sning i sentrum. Det f\u00e5r vi gjennom etablering av et parkeringsanlegg.&nbsp;Hadde utbyggingskostnadene v\u00e6rt like for parkering under bakken som over bakken, hadde ogs\u00e5 H\u00f8yre \u00f8nsket parkering i fjell eller under bakken.&nbsp;Men parkering under bakken\/i fjell er ca [&hellip;]<\/p>\n","protected":false},"author":30113,"featured_media":0,"comment_status":"closed","ping_status":"closed","sticky":false,"template":"","format":"standard","meta":{"teft_cards_image_url":"","teft_cards_custom_pretitle":"","teft_cards_image_id":577,"teft_cards_image_focal_point_x":0.52,"teft_cards_image_focal_point_y":0.38,"teft_cards_title":"","teft_cards_excerpt":"","teft_show_chapters":false,"author_display_name":"","footnotes":""},"category":[1],"post_tag":[],"hoyre-visibility":[],"article-type":[],"politician":[],"class_list":["post-563","post","type-post","status-publish","format-standard","hentry","category-ukategorisert"],"yoast_head":"<!-- This site is optimized with the Yoast SEO plugin v26.6 - https:\/\/yoast.com\/wordpress\/plugins\/seo\/ -->\n<title>Dr\u00f8mmen om parkering i fjell i Lillesand sentrum - Lillesand H\u00f8yre<\/title>\n<meta name=\"robots\" content=\"index, follow, max-snippet:-1, max-image-preview:large, max-video-preview:-1\" \/>\n<link rel=\"canonical\" href=\"https:\/\/hoyre.no\/lillesand\/aktuelt\/drommen-om-parkering-i-fjell-i-lillesand-sentrum\/\" \/>\n<meta property=\"og:locale\" content=\"nb_NO\" \/>\n<meta property=\"og:type\" content=\"article\" \/>\n<meta property=\"og:title\" content=\"Dr\u00f8mmen om parkering i fjell i Lillesand sentrum - Lillesand H\u00f8yre\" \/>\n<meta property=\"og:description\" content=\"Jeg vil som bystyrekandidat for H\u00f8yre gjerne tydeliggj\u00f8re hva vi arbeider for.&nbsp;H\u00f8yre mener at vi trenger en bedre parkeringsl\u00f8sning i sentrum. Det f\u00e5r vi gjennom etablering av et parkeringsanlegg.&nbsp;Hadde utbyggingskostnadene v\u00e6rt like for parkering under bakken som over bakken, hadde ogs\u00e5 H\u00f8yre \u00f8nsket parkering i fjell eller under bakken.&nbsp;Men parkering under bakken\/i fjell er ca [&hellip;]\" \/>\n<meta property=\"og:url\" content=\"https:\/\/hoyre.no\/lillesand\/aktuelt\/drommen-om-parkering-i-fjell-i-lillesand-sentrum\/\" \/>\n<meta property=\"og:site_name\" content=\"Lillesand H\u00f8yre\" \/>\n<meta property=\"article:published_time\" content=\"2023-07-03T18:23:13+00:00\" \/>\n<meta property=\"article:modified_time\" content=\"2023-07-03T19:33:32+00:00\" \/>\n<meta property=\"og:image\" content=\"https:\/\/hoyre.no\/content\/uploads\/sites\/27\/2025\/08\/528779231_1503896277431807_320553935355836171_n-1024x768.jpg\" \/>\n<meta name=\"author\" content=\"Jarle Fosen\" \/>\n<meta name=\"twitter:card\" content=\"summary_large_image\" \/>\n<meta name=\"twitter:label1\" content=\"Skrevet av\" \/>\n\t<meta name=\"twitter:data1\" content=\"Jarle Fosen\" \/>\n\t<meta name=\"twitter:label2\" content=\"Ansl. lesetid\" \/>\n\t<meta name=\"twitter:data2\" content=\"2 minutter\" \/>\n<script type=\"application\/ld+json\" class=\"yoast-schema-graph\">{\"@context\":\"https:\/\/schema.org\",\"@graph\":[{\"@type\":\"NewsArticle\",\"@id\":\"https:\/\/hoyre.no\/lillesand\/aktuelt\/drommen-om-parkering-i-fjell-i-lillesand-sentrum\/\",\"url\":\"https:\/\/hoyre.no\/lillesand\/aktuelt\/drommen-om-parkering-i-fjell-i-lillesand-sentrum\/\",\"name\":\"Dr\u00f8mmen om parkering i fjell i Lillesand sentrum - Lillesand H\u00f8yre\",\"isPartOf\":{\"@id\":\"https:\/\/hoyre.no\/lillesand\/#website\"},\"datePublished\":\"2023-07-03T18:23:13+00:00\",\"dateModified\":\"2023-07-03T19:33:32+00:00\",\"author\":{\"@id\":\"https:\/\/hoyre.no\/lillesand\/#\/schema\/person\/724bd4d63aa38f332efe112cfa4e9b1b\"},\"breadcrumb\":{\"@id\":\"https:\/\/hoyre.no\/lillesand\/aktuelt\/drommen-om-parkering-i-fjell-i-lillesand-sentrum\/#breadcrumb\"},\"inLanguage\":\"nb-NO\",\"potentialAction\":[{\"@type\":\"ReadAction\",\"target\":[\"https:\/\/hoyre.no\/lillesand\/aktuelt\/drommen-om-parkering-i-fjell-i-lillesand-sentrum\/\"]}]},{\"@type\":\"BreadcrumbList\",\"@id\":\"https:\/\/hoyre.no\/lillesand\/aktuelt\/drommen-om-parkering-i-fjell-i-lillesand-sentrum\/#breadcrumb\",\"itemListElement\":[{\"@type\":\"ListItem\",\"position\":1,\"name\":\"Til hoyre.no\",\"item\":\"https:\/\/hoyre.no\"},{\"@type\":\"ListItem\",\"position\":2,\"name\":\"Hjem\",\"item\":\"https:\/\/hoyre.no\/lillesand\/\"},{\"@type\":\"ListItem\",\"position\":3,\"name\":\"Dr\u00f8mmen om parkering i fjell i Lillesand sentrum\"}]},{\"@type\":\"WebSite\",\"@id\":\"https:\/\/hoyre.no\/lillesand\/#website\",\"url\":\"https:\/\/hoyre.no\/lillesand\/\",\"name\":\"Lillesand H\u00f8yre\",\"description\":\"Bare enda et H\u00f8yres nettsteder-nettsted\",\"inLanguage\":\"nb-NO\"},{\"@type\":\"Person\",\"@id\":\"https:\/\/hoyre.no\/lillesand\/#\/schema\/person\/724bd4d63aa38f332efe112cfa4e9b1b\",\"name\":\"Jarle Fosen\",\"image\":{\"@type\":\"ImageObject\",\"inLanguage\":\"nb-NO\",\"@id\":\"https:\/\/hoyre.no\/lillesand\/#\/schema\/person\/image\/\",\"url\":\"https:\/\/secure.gravatar.com\/avatar\/6531c7597c63a1ff14c887bc0a36155338bb8772ede97b0583cee1a6caf1070c?s=96&d=mm&r=g\",\"contentUrl\":\"https:\/\/secure.gravatar.com\/avatar\/6531c7597c63a1ff14c887bc0a36155338bb8772ede97b0583cee1a6caf1070c?s=96&d=mm&r=g\",\"caption\":\"Jarle Fosen\"},\"url\":\"https:\/\/hoyre.no\/lillesand\/aktuelt\/author\/m52118288\/\"}]}<\/script>\n<!-- \/ Yoast SEO plugin. -->","yoast_head_json":{"title":"Dr\u00f8mmen om parkering i fjell i Lillesand sentrum - Lillesand H\u00f8yre","robots":{"index":"index","follow":"follow","max-snippet":"max-snippet:-1","max-image-preview":"max-image-preview:large","max-video-preview":"max-video-preview:-1"},"canonical":"https:\/\/hoyre.no\/lillesand\/aktuelt\/drommen-om-parkering-i-fjell-i-lillesand-sentrum\/","og_locale":"nb_NO","og_type":"article","og_title":"Dr\u00f8mmen om parkering i fjell i Lillesand sentrum - Lillesand H\u00f8yre","og_description":"Jeg vil som bystyrekandidat for H\u00f8yre gjerne tydeliggj\u00f8re hva vi arbeider for.&nbsp;H\u00f8yre mener at vi trenger en bedre parkeringsl\u00f8sning i sentrum. Det f\u00e5r vi gjennom etablering av et parkeringsanlegg.&nbsp;Hadde utbyggingskostnadene v\u00e6rt like for parkering under bakken som over bakken, hadde ogs\u00e5 H\u00f8yre \u00f8nsket parkering i fjell eller under bakken.&nbsp;Men parkering under bakken\/i fjell er ca [&hellip;]","og_url":"https:\/\/hoyre.no\/lillesand\/aktuelt\/drommen-om-parkering-i-fjell-i-lillesand-sentrum\/","og_site_name":"Lillesand H\u00f8yre","article_published_time":"2023-07-03T18:23:13+00:00","article_modified_time":"2023-07-03T19:33:32+00:00","og_image":[{"url":"https:\/\/hoyre.no\/content\/uploads\/sites\/27\/2025\/08\/528779231_1503896277431807_320553935355836171_n-1024x768.jpg","width":"","height":"","type":""}],"author":"Jarle Fosen","twitter_card":"summary_large_image","twitter_misc":{"Skrevet av":"Jarle Fosen","Ansl. lesetid":"2 minutter"},"schema":{"@context":"https:\/\/schema.org","@graph":[{"@type":"NewsArticle","@id":"https:\/\/hoyre.no\/lillesand\/aktuelt\/drommen-om-parkering-i-fjell-i-lillesand-sentrum\/","url":"https:\/\/hoyre.no\/lillesand\/aktuelt\/drommen-om-parkering-i-fjell-i-lillesand-sentrum\/","name":"Dr\u00f8mmen om parkering i fjell i Lillesand sentrum - Lillesand H\u00f8yre","isPartOf":{"@id":"https:\/\/hoyre.no\/lillesand\/#website"},"datePublished":"2023-07-03T18:23:13+00:00","dateModified":"2023-07-03T19:33:32+00:00","author":{"@id":"https:\/\/hoyre.no\/lillesand\/#\/schema\/person\/724bd4d63aa38f332efe112cfa4e9b1b"},"breadcrumb":{"@id":"https:\/\/hoyre.no\/lillesand\/aktuelt\/drommen-om-parkering-i-fjell-i-lillesand-sentrum\/#breadcrumb"},"inLanguage":"nb-NO","potentialAction":[{"@type":"ReadAction","target":["https:\/\/hoyre.no\/lillesand\/aktuelt\/drommen-om-parkering-i-fjell-i-lillesand-sentrum\/"]}]},{"@type":"BreadcrumbList","@id":"https:\/\/hoyre.no\/lillesand\/aktuelt\/drommen-om-parkering-i-fjell-i-lillesand-sentrum\/#breadcrumb","itemListElement":[{"@type":"ListItem","position":1,"name":"Til hoyre.no","item":"https:\/\/hoyre.no"},{"@type":"ListItem","position":2,"name":"Hjem","item":"https:\/\/hoyre.no\/lillesand\/"},{"@type":"ListItem","position":3,"name":"Dr\u00f8mmen om parkering i fjell i Lillesand sentrum"}]},{"@type":"WebSite","@id":"https:\/\/hoyre.no\/lillesand\/#website","url":"https:\/\/hoyre.no\/lillesand\/","name":"Lillesand H\u00f8yre","description":"Bare enda et H\u00f8yres nettsteder-nettsted","inLanguage":"nb-NO"},{"@type":"Person","@id":"https:\/\/hoyre.no\/lillesand\/#\/schema\/person\/724bd4d63aa38f332efe112cfa4e9b1b","name":"Jarle Fosen","image":{"@type":"ImageObject","inLanguage":"nb-NO","@id":"https:\/\/hoyre.no\/lillesand\/#\/schema\/person\/image\/","url":"https:\/\/secure.gravatar.com\/avatar\/6531c7597c63a1ff14c887bc0a36155338bb8772ede97b0583cee1a6caf1070c?s=96&d=mm&r=g","contentUrl":"https:\/\/secure.gravatar.com\/avatar\/6531c7597c63a1ff14c887bc0a36155338bb8772ede97b0583cee1a6caf1070c?s=96&d=mm&r=g","caption":"Jarle Fosen"},"url":"https:\/\/hoyre.no\/lillesand\/aktuelt\/author\/m52118288\/"}]}},"distributor_meta":false,"distributor_terms":false,"distributor_media":false,"distributor_original_site_name":"Lillesand H\u00f8yre","distributor_original_site_url":"https:\/\/hoyre.no\/lillesand","push-errors":false,"_links":{"self":[{"href":"https:\/\/hoyre.no\/lillesand\/wp-json\/wp\/v2\/posts\/563","targetHints":{"allow":["GET"]}}],"collection":[{"href":"https:\/\/hoyre.no\/lillesand\/wp-json\/wp\/v2\/posts"}],"about":[{"href":"https:\/\/hoyre.no\/lillesand\/wp-json\/wp\/v2\/types\/post"}],"author":[{"embeddable":true,"href":"https:\/\/hoyre.no\/lillesand\/wp-json\/wp\/v2\/users\/30113"}],"replies":[{"embeddable":true,"href":"https:\/\/hoyre.no\/lillesand\/wp-json\/wp\/v2\/comments?post=563"}],"version-history":[{"count":21,"href":"https:\/\/hoyre.no\/lillesand\/wp-json\/wp\/v2\/posts\/563\/revisions"}],"predecessor-version":[{"id":596,"href":"https:\/\/hoyre.no\/lillesand\/wp-json\/wp\/v2\/posts\/563\/revisions\/596"}],"wp:attachment":[{"href":"https:\/\/hoyre.no\/lillesand\/wp-json\/wp\/v2\/media?parent=563"}],"wp:term":[{"taxonomy":"category","embeddable":true,"href":"https:\/\/hoyre.no\/lillesand\/wp-json\/wp\/v2\/category?post=563"},{"taxonomy":"post_tag","embeddable":true,"href":"https:\/\/hoyre.no\/lillesand\/wp-json\/wp\/v2\/post_tag?post=563"},{"taxonomy":"hoyre-visibility","embeddable":true,"href":"https:\/\/hoyre.no\/lillesand\/wp-json\/wp\/v2\/hoyre-visibility?post=563"},{"taxonomy":"article-type","embeddable":true,"href":"https:\/\/hoyre.no\/lillesand\/wp-json\/wp\/v2\/article-type?post=563"},{"taxonomy":"politician","embeddable":true,"href":"https:\/\/hoyre.no\/lillesand\/wp-json\/wp\/v2\/politician?post=563"}],"curies":[{"name":"wp","href":"https:\/\/api.w.org\/{rel}","templated":true}]}}