{"id":623,"date":"2023-08-03T10:18:56","date_gmt":"2023-08-03T08:18:56","guid":{"rendered":"https:\/\/hoyre.no\/lillesand\/?p=623"},"modified":"2023-08-03T10:18:57","modified_gmt":"2023-08-03T08:18:57","slug":"nye-politikere-pa-valglistene","status":"publish","type":"post","link":"https:\/\/hoyre.no\/lillesand\/aktuelt\/nye-politikere-pa-valglistene\/","title":{"rendered":"Nye politikere p\u00e5 valglistene"},"content":{"rendered":"\n<p class=\"preamble\">Hei, jeg heter Jarle Fosen og er H\u00f8yre-kandidat for f\u00f8rste gang. I \u00e5r er det mange politiske partier som stiller med nye navn p\u00e5 valglistene sine. Dette skyldes hovedsakelig en naturlig utskifting, der mange politikere har valgt \u00e5 gi seg og dessverre et par triste d\u00f8dsfall vi gjerne skulle v\u00e6rt uten. Dette betyr at det i \u00e5r vil bli en ganske stor fornying av kommunestyrerepresentanter og gj\u00f8re dette valget ekstra spennende.<\/p>\t\t\t<div class=\"post-meta wp-block teft-byline-wrapper\">\n\t\t\t\t<div class=\"top\">\n\t\t\t\t\t<div class=\"signature\">\n\t\t\t\t\t\t<div class=\"teft-byline\">\n\t\t\t\t\t\t\t\t\t\t\t\t\t\t<div>\n\t\t\t\t\t\t\t\t<h3>H\u00f8yres redaksjon<\/h3>\t\t\t\t\t\t\t\t\n\t\t\t\t\t\t\t\t\t\t\t\t\t\t\t\t\t<span class=\"date\">Sist oppdatert: 3. august 2023<\/span>\n\t\t\t\t\t\t\t\t\t\t\t\t\t\t\t\t\t\t\t\t\t\t\t\t\t<span class=\"reading-time\" itemprop=\"timeRequired\" content=\"PT5M\"><em>Ca. 5 minutter lesetid<\/em><\/span>\n\t\t\t\t\t\t\t\t\t\t\t\t\t\t\t<\/div>\n\t\t\t\t\t\t<\/div>\n\t\t\t\t\t<\/div>\n\t\t\t\t\t\t<div class=\"sharing\">\n\t\t<a class=\"share-button share-link copy-link\" data-copy=\"https:\/\/hoyre.no\/lillesand\/aktuelt\/nye-politikere-pa-valglistene\/\" target=\"_blank\"><span class=\"screen-reader-text\">Del link<\/span><\/a>\n\t\t<a class=\"share-button share-twitter\" href=\"http:\/\/twitter.com\/share?text=Nye politikere p\u00e5 valglistene&#038;url=https:\/\/hoyre.no\/lillesand\/aktuelt\/nye-politikere-pa-valglistene\/&#038;hashtags=Hoyre\" target=\"_blank\"><span class=\"screen-reader-text\">Del p\u00e5 twitter<\/span><\/a>\n\t\t<a class=\"share-button share-facebook\" href=\"https:\/\/www.facebook.com\/sharer\/sharer.php?u=https:\/\/hoyre.no\/lillesand\/aktuelt\/nye-politikere-pa-valglistene\/\" target=\"_blank\"><span class=\"screen-reader-text\">Del p\u00e5 facebook<\/span><\/a>\n\t<\/div>\n\t\t\t\t\t<\/div>\n\t\t\t<\/div>\n\n\t\t\t<figure class=\"hoyre-image-wrapper\"><div class=\"hoyre-image\"><img loading=\"lazy\" decoding=\"async\" width=\"1989\" height=\"1436\" src=\"https:\/\/hoyre.no\/content\/uploads\/sites\/27\/2023\/08\/3.jpg\" class=\"attachment-scaled size-scaled\" alt=\"\" style=\"object-position: 50% 50%\" srcset=\"https:\/\/hoyre.no\/content\/uploads\/sites\/27\/2023\/08\/3.jpg 1989w, https:\/\/hoyre.no\/content\/uploads\/sites\/27\/2023\/08\/3-300x217.jpg 300w, https:\/\/hoyre.no\/content\/uploads\/sites\/27\/2023\/08\/3-1024x739.jpg 1024w, https:\/\/hoyre.no\/content\/uploads\/sites\/27\/2023\/08\/3-768x554.jpg 768w, https:\/\/hoyre.no\/content\/uploads\/sites\/27\/2023\/08\/3-1536x1109.jpg 1536w\" sizes=\"auto, (max-width: 1989px) 100vw, 1989px\" \/><\/div><figcaption class=\"caption\">Jarle Fosen, 12. kandidat og fungerende styreleder for Lillesand H\u00f8yre.<\/figcaption><\/figure>\n\n\n\n<p>Noen av disse nye navnene har ikke politisk erfaring, meg inkludert, men det betyr ikke at disse personene mangler engasjement for et trygt og bedre Lillesand og innehar den faglige kompetansen og erfaringen som trengs for \u00e5 h\u00e5ndtere politiske saker. Det stiller fra de fleste partier i Lillesand nye kandidater som kommer fra b\u00e5de offentlig- og privatsektor, selvstendig n\u00e6ringsdrivende, studenter og pensjonister. En god miks, der noen ogs\u00e5 er innflyttere og andre f\u00f8dt og oppvokst i Lillesand.<\/p>\n\n\n\n<p>Jeg er innflytter og har n\u00e5 bodd 15\u00e5r i Lillesand sammen med kone og barn. I dag f\u00f8ler jeg meg godt integrert inn i lokalsamfunnet v\u00e5rt. Dette har jeg f\u00e5tt til ved \u00e5 v\u00e6re aktiv engasjert i det som skjer i byen, frivilligheten, f\u00f8lge oppveksten til mine to barn og gjennom dugnadsarbeid i b\u00e5de barnehage, skole, velforening og idrettslaget som styremedlem i Lillesand Sv\u00f8mmeklubb.<\/p>\n\n\n\n<p>Gjennom mitt engasjement har jeg latt merke at det finnes to leirer i Lillesand, de som \u00f8nsker fornying\/endring og de som vil at alt skal v\u00e6re som det alltid har v\u00e6rt. Dette skyldes nok helt vanlige menneskelige faktorer (de fleste \u00f8nsker ikke endring), byens historiske betydning og sj\u00f8fartshistorien som mange f\u00f8ler et ekstra ansvar for \u00e5 bevare. Jeg \u00f8nsker ogs\u00e5 \u00e5 ta vare p\u00e5 byen v\u00e5r samtidig som jeg \u00f8nsker \u00e5 fornye og gj\u00f8re byen enda mer attraktiv for alle, b\u00e5de unge som eldre og fastboende som bes\u00f8kende.<\/p>\n\n\n\n<p>Jeg valgte for 3 \u00e5r siden \u00e5 engasjere meg politisk ved \u00e5 melde meg inn i Lillesand H\u00f8yre, partiet jeg alltid har stemt. Jeg ville oppleve engasjerte mennesker som sloss for noe viktig. Engasjerte mennesker som ser muligheter der andre har gitt opp. Jeg m\u00e5 bare takk for tillitten i partiet som har valgt meg frem til \u00e5 st\u00e5 p\u00e5 valglista i \u00e5r og fungere som styreleder i partiet under valgkampen.<\/p>\n\n\n\n<p>Jeg kan love dere en ting: Samhold er noe jeg forst\u00e5r verdien av. \u00c5 dyrke samarbeid og samhold har v\u00e6rt mitt viktigste prosjekt i min yrkeskarriere. Egoisme er noe jeg misliker sterkt, og jeg h\u00e5per vi kan unng\u00e5r dette i denne valgkampen. Jeg h\u00e5per vi unng\u00e5r amerikanske tilstander. For det er ikke til \u00e5 legge skjul p\u00e5 at ved lokalvalg som vi har i \u00e5r, har det en tendens til \u00e5 fokusere litt for mye p\u00e5 person istedenfor politikken til de forskjellige partiene.<\/p>\n\n\n\n<p>I det samfunnet ungene v\u00e5re vokser opp i m\u00e5 de l\u00e6re seg toleranse for mangfold. Mangfold gir endringer. Mangfold utfordrer likhetstenkning. Likhet er bra n\u00e5r vi snakker om like rettigheter. Men skal vi utvikle noe nytt, trengs kreativitet, og kreativitet blir til n\u00e5r vi ser p\u00e5 en problemstilling fra ulike vinkler og diskuterer den \u00e5pent. Da er det en fordel at vi er ulike, dette gjelder ogs\u00e5 i kommunestyret.<\/p>\n\n\n\n<p>En viktig l\u00e6ring jeg har f\u00e5tt av mine H\u00f8yrevenner og som fersk politiker er at man vinner aldri velgere ved \u00e5 snakke ned sine motstandere. Det man vinner velgere p\u00e5 er ved \u00e5 fremsnakke sin egen politiske synspunkter og ikke kritisere andre. Og det er selvsagt lov \u00e5 korrigere sine motstandere om de skulle hevde noe som er feil.<\/p>\n\n\n\n<p>Det har v\u00e6rt utrolig l\u00e6rerikt \u00e5 f\u00e5 v\u00e6re med \u00e5 utarbeide Lillesand H\u00f8yre sitt valgprogram som kommer dalende ned i postkassen sammen med alle andre partier sitt program om ikke lenge. Min oppfordring er \u00e5 ta en titt, ikke kast det rett i den gr\u00f8nne dunken. Det ligger mange gode \u00f8nsker \u00e5 m\u00e5l for Lillesand beskrevet i alle partiprogrammene og det vil gj\u00f8re det mye enklere for deg som velger \u00e5 gj\u00f8re det rette valget.<\/p>\n\n\n\n<p>Er du fortsatt usikker s\u00e5 gleder jeg og alle de andre nye navnene p\u00e5 valglistene til \u00e5 m\u00f8te deg p\u00e5 stand og banke p\u00e5 d\u00f8rene for \u00e5 fortelle om det flotte valgprogrammet vi g\u00e5r til valg p\u00e5. <\/p>\n\n\n\n<div class=\"wp-block-hoyre-banner undefined  is-style-blue\"><div class=\"banner-inner\"><figure class=\"hoyre-image-wrapper\"><div class=\"hoyre-image\"><img loading=\"lazy\" decoding=\"async\" width=\"2500\" height=\"1667\" src=\"https:\/\/hoyre.no\/content\/uploads\/sites\/27\/2023\/08\/IMG_0258-scaled.jpeg\" class=\"attachment-scaled size-scaled\" alt=\"\" style=\"object-position: 63% 46%\" srcset=\"https:\/\/hoyre.no\/content\/uploads\/sites\/27\/2023\/08\/IMG_0258-scaled.jpeg 2500w, https:\/\/hoyre.no\/content\/uploads\/sites\/27\/2023\/08\/IMG_0258-300x200.jpeg 300w, https:\/\/hoyre.no\/content\/uploads\/sites\/27\/2023\/08\/IMG_0258-1024x683.jpeg 1024w, https:\/\/hoyre.no\/content\/uploads\/sites\/27\/2023\/08\/IMG_0258-768x512.jpeg 768w, https:\/\/hoyre.no\/content\/uploads\/sites\/27\/2023\/08\/IMG_0258-1536x1024.jpeg 1536w, https:\/\/hoyre.no\/content\/uploads\/sites\/27\/2023\/08\/IMG_0258-2048x1365.jpeg 2048w\" sizes=\"auto, (max-width: 2500px) 100vw, 2500px\" \/><\/div><\/figure><div class=\"banner-content\"><div class=\"entry-content\">\n<h2 class=\"wp-block-heading\">Vi m\u00e5 videreutvikle kommunen for fremtiden<\/h2>\n\n\n\n<p>\u00abJeg vil at Lillesand skal v\u00e6re en levende turist- og tilflytter-kommune som tar vare p\u00e5 sine innbyggere, gjester og unike bebyggelse, skj\u00e6rg\u00e5rd og sj\u00f8fartshistorie. N\u00e5r vi spiller p\u00e5 lag mellom frivilligheten, n\u00e6ringslivet og offentlig sektor skaper vi gode lokalsamfunn som kan h\u00f8ste mer fra v\u00e5re felles ressurser b\u00e5de n\u00e5 og i fremtiden.\u00bb<\/p>\n\n\n\n<div class=\"wp-block-buttons is-layout-flex wp-block-buttons-is-layout-flex\">\n<div class=\"wp-block-button\"><a class=\"wp-block-button__link\" href=\"https:\/\/hoyre.no\/lillesand\/politikk\/\">les mer om v\u00e5r H\u00f8yre politikk<\/a><\/div>\n\n\n\n<div class=\"wp-block-button\"><a class=\"wp-block-button__link\" href=\"https:\/\/hoyre.no\/lillesand\/vare-folk\/\">Se V\u00e5re H\u00f8yre kandidater<\/a><\/div>\n<\/div>\n<\/div><\/div><\/div><\/div>\n\n\n\n\n<p><\/p>\n\n\n<div class=\"tags\">\n\t<\/div>\n<div class=\"post-footer alignfull has-background block-editor-block-list__block\" data-align=full>\n\t<div class=\"post-footer-inner\">\n\t\t<h3>Relaterte artikler<\/h3>\n\t\t<div class=\"related-content\"><div class=\"is-card-hoyre\">\n\t<div class=\"teft-card hoyre-teft-card post-teft-card\">\n\t\t<a href=\"https:\/\/hoyre.no\/lillesand\/aktuelt\/ordforerkandidat-for-lillesand-hoyre-i-2027\/\" class=\"teft-card__primary-action\">\n\n\t\t\t\t\t<div class=\"teft-card__media teft-card__media--16-9\">\n\t\t\t\t\t\t<img loading=\"lazy\" decoding=\"async\" width=\"768\" height=\"768\" src=\"https:\/\/hoyre.no\/content\/uploads\/sites\/27\/2023\/05\/IMG_0177-768x768.jpeg\" class=\"attachment-medium_large size-medium_large\" alt=\"\" srcset=\"https:\/\/hoyre.no\/content\/uploads\/sites\/27\/2023\/05\/IMG_0177-768x768.jpeg 768w, https:\/\/hoyre.no\/content\/uploads\/sites\/27\/2023\/05\/IMG_0177-300x300.jpeg 300w, https:\/\/hoyre.no\/content\/uploads\/sites\/27\/2023\/05\/IMG_0177-1024x1024.jpeg 1024w, https:\/\/hoyre.no\/content\/uploads\/sites\/27\/2023\/05\/IMG_0177-150x150.jpeg 150w, https:\/\/hoyre.no\/content\/uploads\/sites\/27\/2023\/05\/IMG_0177-1536x1536.jpeg 1536w, https:\/\/hoyre.no\/content\/uploads\/sites\/27\/2023\/05\/IMG_0177-2048x2048.jpeg 2048w\" sizes=\"auto, (max-width: 768px) 100vw, 768px\" \/>\t\t<\/div>\n\t\t\n\t\t\t<div class=\"teft-card__content-wrapper\">\n\t\t\t\t<div class=\"teft-card__secondary\">\n\t\t\t\t\t\n\t\t\t\t\t\t\t\t<div class=\"teft-card__meta\">\n\t\t\t\t\t\t\t\t\t<span class=\"post-date\">9. apr 2026<\/span>\n\n\t\t\t\t\t\t\t\t\t\t\t\t\t\t\t\t\t<\/div>\n\t\t\t\t\t\t\t\t\t\t\t<\/div>\n\n\t\t\t\t<div class=\"teft-card__primary\">\n\t\t\t\t\t<h2 class=\"teft-card__title\">Ordf\u00f8rerkandidat for Lillesand H\u00f8yre i 2027&nbsp;<span class=\"teft-card__primary-title-append\"><\/span><\/h2>\t\t\t\t<\/div>\n\t\t\t<\/div>\n\t\t<\/a>\n\t<\/div>\n\n\t<\/div><div class=\"is-card-hoyre\">\n\t<div class=\"teft-card hoyre-teft-card post-teft-card\">\n\t\t<a href=\"https:\/\/hoyre.no\/lillesand\/aktuelt\/tanker-om-budsjett-og-veien-videre\/\" class=\"teft-card__primary-action\">\n\n\t\t\t\t\t<div class=\"teft-card__media teft-card__media--16-9\">\n\t\t\t\t\t\t<img loading=\"lazy\" decoding=\"async\" width=\"768\" height=\"543\" src=\"https:\/\/hoyre.no\/content\/uploads\/sites\/27\/2025\/06\/IMG_5390-1-768x543.jpeg\" class=\"attachment-medium_large size-medium_large\" alt=\"\" srcset=\"https:\/\/hoyre.no\/content\/uploads\/sites\/27\/2025\/06\/IMG_5390-1-768x543.jpeg 768w, https:\/\/hoyre.no\/content\/uploads\/sites\/27\/2025\/06\/IMG_5390-1-300x212.jpeg 300w, https:\/\/hoyre.no\/content\/uploads\/sites\/27\/2025\/06\/IMG_5390-1-1024x724.jpeg 1024w, https:\/\/hoyre.no\/content\/uploads\/sites\/27\/2025\/06\/IMG_5390-1.jpeg 1474w\" sizes=\"auto, (max-width: 768px) 100vw, 768px\" \/>\t\t<\/div>\n\t\t\n\t\t\t<div class=\"teft-card__content-wrapper\">\n\t\t\t\t<div class=\"teft-card__secondary\">\n\t\t\t\t\t\n\t\t\t\t\t\t\t\t<div class=\"teft-card__meta\">\n\t\t\t\t\t\t\t\t\t<span class=\"post-date\">13. des 2025<\/span>\n\n\t\t\t\t\t\t\t\t\t\t\t\t\t\t\t\t\t<\/div>\n\t\t\t\t\t\t\t\t\t\t\t<\/div>\n\n\t\t\t\t<div class=\"teft-card__primary\">\n\t\t\t\t\t<h2 class=\"teft-card__title\">Tanker om budsjett og veien videre&nbsp;<span class=\"teft-card__primary-title-append\"><\/span><\/h2>\t\t\t\t<\/div>\n\t\t\t<\/div>\n\t\t<\/a>\n\t<\/div>\n\n\t<\/div><div class=\"is-card-hoyre\">\n\t<div class=\"teft-card hoyre-teft-card post-teft-card\">\n\t\t<a href=\"https:\/\/hoyre.no\/lillesand\/aktuelt\/valgkampen-i-full-gang-hoy-aktivitet-fra-lillesand-hoyre\/\" class=\"teft-card__primary-action\">\n\n\t\t\t\t\t<div class=\"teft-card__media teft-card__media--16-9\">\n\t\t\t\t\t\t<img loading=\"lazy\" decoding=\"async\" width=\"768\" height=\"576\" src=\"https:\/\/hoyre.no\/content\/uploads\/sites\/27\/2025\/08\/528779231_1503896277431807_320553935355836171_n-768x576.jpg\" class=\"attachment-medium_large size-medium_large\" alt=\"\" srcset=\"https:\/\/hoyre.no\/content\/uploads\/sites\/27\/2025\/08\/528779231_1503896277431807_320553935355836171_n-768x576.jpg 768w, https:\/\/hoyre.no\/content\/uploads\/sites\/27\/2025\/08\/528779231_1503896277431807_320553935355836171_n-300x225.jpg 300w, https:\/\/hoyre.no\/content\/uploads\/sites\/27\/2025\/08\/528779231_1503896277431807_320553935355836171_n-1024x768.jpg 1024w, https:\/\/hoyre.no\/content\/uploads\/sites\/27\/2025\/08\/528779231_1503896277431807_320553935355836171_n-1536x1152.jpg 1536w, https:\/\/hoyre.no\/content\/uploads\/sites\/27\/2025\/08\/528779231_1503896277431807_320553935355836171_n.jpg 2048w\" sizes=\"auto, (max-width: 768px) 100vw, 768px\" \/>\t\t<\/div>\n\t\t\n\t\t\t<div class=\"teft-card__content-wrapper\">\n\t\t\t\t<div class=\"teft-card__secondary\">\n\t\t\t\t\t\n\t\t\t\t\t\t\t\t<div class=\"teft-card__meta\">\n\t\t\t\t\t\t\t\t\t<span class=\"post-date\">18. aug 2025<\/span>\n\n\t\t\t\t\t\t\t\t\t\t\t\t\t\t\t\t\t<\/div>\n\t\t\t\t\t\t\t\t\t\t\t<\/div>\n\n\t\t\t\t<div class=\"teft-card__primary\">\n\t\t\t\t\t<h2 class=\"teft-card__title\">Valgkampen i full gang \u2013 H\u00f8y aktivitet fra Lillesand H\u00f8yre&nbsp;<span class=\"teft-card__primary-title-append\"><\/span><\/h2>\t\t\t\t<\/div>\n\t\t\t<\/div>\n\t\t<\/a>\n\t<\/div>\n\n\t<\/div><\/div>\t<\/div>\n<\/div>\n","protected":false},"excerpt":{"rendered":"<p>Noen av disse nye navnene har ikke politisk erfaring, meg inkludert, men det betyr ikke at disse personene mangler engasjement for et trygt og bedre Lillesand og innehar den faglige kompetansen og erfaringen som trengs for \u00e5 h\u00e5ndtere politiske saker. Det stiller fra de fleste partier i Lillesand nye kandidater som kommer fra b\u00e5de offentlig- [&hellip;]<\/p>\n","protected":false},"author":30113,"featured_media":0,"comment_status":"closed","ping_status":"closed","sticky":false,"template":"","format":"standard","meta":{"teft_cards_image_url":"","teft_cards_custom_pretitle":"","teft_cards_image_id":624,"teft_cards_image_focal_point_x":0.5,"teft_cards_image_focal_point_y":0.5,"teft_cards_title":"","teft_cards_excerpt":"","teft_show_chapters":false,"author_display_name":"","footnotes":""},"category":[1],"post_tag":[],"hoyre-visibility":[],"article-type":[],"politician":[],"class_list":["post-623","post","type-post","status-publish","format-standard","hentry","category-ukategorisert"],"yoast_head":"<!-- This site is optimized with the Yoast SEO plugin v26.6 - https:\/\/yoast.com\/wordpress\/plugins\/seo\/ -->\n<title>Nye politikere p\u00e5 valglistene - Lillesand H\u00f8yre<\/title>\n<meta name=\"robots\" content=\"index, follow, max-snippet:-1, max-image-preview:large, max-video-preview:-1\" \/>\n<link rel=\"canonical\" href=\"https:\/\/hoyre.no\/lillesand\/aktuelt\/nye-politikere-pa-valglistene\/\" \/>\n<meta property=\"og:locale\" content=\"nb_NO\" \/>\n<meta property=\"og:type\" content=\"article\" \/>\n<meta property=\"og:title\" content=\"Nye politikere p\u00e5 valglistene - Lillesand H\u00f8yre\" \/>\n<meta property=\"og:description\" content=\"Noen av disse nye navnene har ikke politisk erfaring, meg inkludert, men det betyr ikke at disse personene mangler engasjement for et trygt og bedre Lillesand og innehar den faglige kompetansen og erfaringen som trengs for \u00e5 h\u00e5ndtere politiske saker. Det stiller fra de fleste partier i Lillesand nye kandidater som kommer fra b\u00e5de offentlig- [&hellip;]\" \/>\n<meta property=\"og:url\" content=\"https:\/\/hoyre.no\/lillesand\/aktuelt\/nye-politikere-pa-valglistene\/\" \/>\n<meta property=\"og:site_name\" content=\"Lillesand H\u00f8yre\" \/>\n<meta property=\"article:published_time\" content=\"2023-08-03T08:18:56+00:00\" \/>\n<meta property=\"article:modified_time\" content=\"2023-08-03T08:18:57+00:00\" \/>\n<meta property=\"og:image\" content=\"https:\/\/hoyre.no\/content\/uploads\/sites\/27\/2025\/08\/528779231_1503896277431807_320553935355836171_n-1024x768.jpg\" \/>\n<meta name=\"author\" content=\"Jarle Fosen\" \/>\n<meta name=\"twitter:card\" content=\"summary_large_image\" \/>\n<meta name=\"twitter:label1\" content=\"Skrevet av\" \/>\n\t<meta name=\"twitter:data1\" content=\"Jarle Fosen\" \/>\n\t<meta name=\"twitter:label2\" content=\"Ansl. lesetid\" \/>\n\t<meta name=\"twitter:data2\" content=\"5 minutter\" \/>\n<script type=\"application\/ld+json\" class=\"yoast-schema-graph\">{\"@context\":\"https:\/\/schema.org\",\"@graph\":[{\"@type\":\"NewsArticle\",\"@id\":\"https:\/\/hoyre.no\/lillesand\/aktuelt\/nye-politikere-pa-valglistene\/\",\"url\":\"https:\/\/hoyre.no\/lillesand\/aktuelt\/nye-politikere-pa-valglistene\/\",\"name\":\"Nye politikere p\u00e5 valglistene - Lillesand H\u00f8yre\",\"isPartOf\":{\"@id\":\"https:\/\/hoyre.no\/lillesand\/#website\"},\"datePublished\":\"2023-08-03T08:18:56+00:00\",\"dateModified\":\"2023-08-03T08:18:57+00:00\",\"author\":{\"@id\":\"https:\/\/hoyre.no\/lillesand\/#\/schema\/person\/724bd4d63aa38f332efe112cfa4e9b1b\"},\"breadcrumb\":{\"@id\":\"https:\/\/hoyre.no\/lillesand\/aktuelt\/nye-politikere-pa-valglistene\/#breadcrumb\"},\"inLanguage\":\"nb-NO\",\"potentialAction\":[{\"@type\":\"ReadAction\",\"target\":[\"https:\/\/hoyre.no\/lillesand\/aktuelt\/nye-politikere-pa-valglistene\/\"]}]},{\"@type\":\"BreadcrumbList\",\"@id\":\"https:\/\/hoyre.no\/lillesand\/aktuelt\/nye-politikere-pa-valglistene\/#breadcrumb\",\"itemListElement\":[{\"@type\":\"ListItem\",\"position\":1,\"name\":\"Til hoyre.no\",\"item\":\"https:\/\/hoyre.no\"},{\"@type\":\"ListItem\",\"position\":2,\"name\":\"Hjem\",\"item\":\"https:\/\/hoyre.no\/lillesand\/\"},{\"@type\":\"ListItem\",\"position\":3,\"name\":\"Nye politikere p\u00e5 valglistene\"}]},{\"@type\":\"WebSite\",\"@id\":\"https:\/\/hoyre.no\/lillesand\/#website\",\"url\":\"https:\/\/hoyre.no\/lillesand\/\",\"name\":\"Lillesand H\u00f8yre\",\"description\":\"Bare enda et H\u00f8yres nettsteder-nettsted\",\"inLanguage\":\"nb-NO\"},{\"@type\":\"Person\",\"@id\":\"https:\/\/hoyre.no\/lillesand\/#\/schema\/person\/724bd4d63aa38f332efe112cfa4e9b1b\",\"name\":\"Jarle Fosen\",\"image\":{\"@type\":\"ImageObject\",\"inLanguage\":\"nb-NO\",\"@id\":\"https:\/\/hoyre.no\/lillesand\/#\/schema\/person\/image\/\",\"url\":\"https:\/\/secure.gravatar.com\/avatar\/6531c7597c63a1ff14c887bc0a36155338bb8772ede97b0583cee1a6caf1070c?s=96&d=mm&r=g\",\"contentUrl\":\"https:\/\/secure.gravatar.com\/avatar\/6531c7597c63a1ff14c887bc0a36155338bb8772ede97b0583cee1a6caf1070c?s=96&d=mm&r=g\",\"caption\":\"Jarle Fosen\"},\"url\":\"https:\/\/hoyre.no\/lillesand\/aktuelt\/author\/m52118288\/\"}]}<\/script>\n<!-- \/ Yoast SEO plugin. -->","yoast_head_json":{"title":"Nye politikere p\u00e5 valglistene - Lillesand H\u00f8yre","robots":{"index":"index","follow":"follow","max-snippet":"max-snippet:-1","max-image-preview":"max-image-preview:large","max-video-preview":"max-video-preview:-1"},"canonical":"https:\/\/hoyre.no\/lillesand\/aktuelt\/nye-politikere-pa-valglistene\/","og_locale":"nb_NO","og_type":"article","og_title":"Nye politikere p\u00e5 valglistene - Lillesand H\u00f8yre","og_description":"Noen av disse nye navnene har ikke politisk erfaring, meg inkludert, men det betyr ikke at disse personene mangler engasjement for et trygt og bedre Lillesand og innehar den faglige kompetansen og erfaringen som trengs for \u00e5 h\u00e5ndtere politiske saker. Det stiller fra de fleste partier i Lillesand nye kandidater som kommer fra b\u00e5de offentlig- [&hellip;]","og_url":"https:\/\/hoyre.no\/lillesand\/aktuelt\/nye-politikere-pa-valglistene\/","og_site_name":"Lillesand H\u00f8yre","article_published_time":"2023-08-03T08:18:56+00:00","article_modified_time":"2023-08-03T08:18:57+00:00","og_image":[{"url":"https:\/\/hoyre.no\/content\/uploads\/sites\/27\/2025\/08\/528779231_1503896277431807_320553935355836171_n-1024x768.jpg","width":"","height":"","type":""}],"author":"Jarle Fosen","twitter_card":"summary_large_image","twitter_misc":{"Skrevet av":"Jarle Fosen","Ansl. lesetid":"5 minutter"},"schema":{"@context":"https:\/\/schema.org","@graph":[{"@type":"NewsArticle","@id":"https:\/\/hoyre.no\/lillesand\/aktuelt\/nye-politikere-pa-valglistene\/","url":"https:\/\/hoyre.no\/lillesand\/aktuelt\/nye-politikere-pa-valglistene\/","name":"Nye politikere p\u00e5 valglistene - Lillesand H\u00f8yre","isPartOf":{"@id":"https:\/\/hoyre.no\/lillesand\/#website"},"datePublished":"2023-08-03T08:18:56+00:00","dateModified":"2023-08-03T08:18:57+00:00","author":{"@id":"https:\/\/hoyre.no\/lillesand\/#\/schema\/person\/724bd4d63aa38f332efe112cfa4e9b1b"},"breadcrumb":{"@id":"https:\/\/hoyre.no\/lillesand\/aktuelt\/nye-politikere-pa-valglistene\/#breadcrumb"},"inLanguage":"nb-NO","potentialAction":[{"@type":"ReadAction","target":["https:\/\/hoyre.no\/lillesand\/aktuelt\/nye-politikere-pa-valglistene\/"]}]},{"@type":"BreadcrumbList","@id":"https:\/\/hoyre.no\/lillesand\/aktuelt\/nye-politikere-pa-valglistene\/#breadcrumb","itemListElement":[{"@type":"ListItem","position":1,"name":"Til hoyre.no","item":"https:\/\/hoyre.no"},{"@type":"ListItem","position":2,"name":"Hjem","item":"https:\/\/hoyre.no\/lillesand\/"},{"@type":"ListItem","position":3,"name":"Nye politikere p\u00e5 valglistene"}]},{"@type":"WebSite","@id":"https:\/\/hoyre.no\/lillesand\/#website","url":"https:\/\/hoyre.no\/lillesand\/","name":"Lillesand H\u00f8yre","description":"Bare enda et H\u00f8yres nettsteder-nettsted","inLanguage":"nb-NO"},{"@type":"Person","@id":"https:\/\/hoyre.no\/lillesand\/#\/schema\/person\/724bd4d63aa38f332efe112cfa4e9b1b","name":"Jarle Fosen","image":{"@type":"ImageObject","inLanguage":"nb-NO","@id":"https:\/\/hoyre.no\/lillesand\/#\/schema\/person\/image\/","url":"https:\/\/secure.gravatar.com\/avatar\/6531c7597c63a1ff14c887bc0a36155338bb8772ede97b0583cee1a6caf1070c?s=96&d=mm&r=g","contentUrl":"https:\/\/secure.gravatar.com\/avatar\/6531c7597c63a1ff14c887bc0a36155338bb8772ede97b0583cee1a6caf1070c?s=96&d=mm&r=g","caption":"Jarle Fosen"},"url":"https:\/\/hoyre.no\/lillesand\/aktuelt\/author\/m52118288\/"}]}},"distributor_meta":false,"distributor_terms":false,"distributor_media":false,"distributor_original_site_name":"Lillesand H\u00f8yre","distributor_original_site_url":"https:\/\/hoyre.no\/lillesand","push-errors":false,"_links":{"self":[{"href":"https:\/\/hoyre.no\/lillesand\/wp-json\/wp\/v2\/posts\/623","targetHints":{"allow":["GET"]}}],"collection":[{"href":"https:\/\/hoyre.no\/lillesand\/wp-json\/wp\/v2\/posts"}],"about":[{"href":"https:\/\/hoyre.no\/lillesand\/wp-json\/wp\/v2\/types\/post"}],"author":[{"embeddable":true,"href":"https:\/\/hoyre.no\/lillesand\/wp-json\/wp\/v2\/users\/30113"}],"replies":[{"embeddable":true,"href":"https:\/\/hoyre.no\/lillesand\/wp-json\/wp\/v2\/comments?post=623"}],"version-history":[{"count":10,"href":"https:\/\/hoyre.no\/lillesand\/wp-json\/wp\/v2\/posts\/623\/revisions"}],"predecessor-version":[{"id":637,"href":"https:\/\/hoyre.no\/lillesand\/wp-json\/wp\/v2\/posts\/623\/revisions\/637"}],"wp:attachment":[{"href":"https:\/\/hoyre.no\/lillesand\/wp-json\/wp\/v2\/media?parent=623"}],"wp:term":[{"taxonomy":"category","embeddable":true,"href":"https:\/\/hoyre.no\/lillesand\/wp-json\/wp\/v2\/category?post=623"},{"taxonomy":"post_tag","embeddable":true,"href":"https:\/\/hoyre.no\/lillesand\/wp-json\/wp\/v2\/post_tag?post=623"},{"taxonomy":"hoyre-visibility","embeddable":true,"href":"https:\/\/hoyre.no\/lillesand\/wp-json\/wp\/v2\/hoyre-visibility?post=623"},{"taxonomy":"article-type","embeddable":true,"href":"https:\/\/hoyre.no\/lillesand\/wp-json\/wp\/v2\/article-type?post=623"},{"taxonomy":"politician","embeddable":true,"href":"https:\/\/hoyre.no\/lillesand\/wp-json\/wp\/v2\/politician?post=623"}],"curies":[{"name":"wp","href":"https:\/\/api.w.org\/{rel}","templated":true}]}}