{"id":638,"date":"2023-08-03T22:59:30","date_gmt":"2023-08-03T20:59:30","guid":{"rendered":"https:\/\/hoyre.no\/lillesand\/?p=638"},"modified":"2023-08-03T23:30:45","modified_gmt":"2023-08-03T21:30:45","slug":"om-integritet-og-ryddighet","status":"publish","type":"post","link":"https:\/\/hoyre.no\/lillesand\/aktuelt\/om-integritet-og-ryddighet\/","title":{"rendered":"Om integritet og ryddighet"},"content":{"rendered":"\n<p class=\"preamble\">Kommunedirekt\u00f8ren m\u00e5 n\u00e5 h\u00e5ndtere en krevende sak, hvor to kommunalt ansatte tilsynelatende har brukt intern informasjon de har f\u00e5tt som ansatte, til \u00e5 gj\u00f8re politiske utspill som kandidater for Arbeiderpartiet. Situasjonen de n\u00e5 har havnet i, kan fort oppst\u00e5 for andre som har tilsvarende dobbeltroller, uavhengig av politisk tilh\u00f8righet. Derfor vil det v\u00e6re viktig at kommunedirekt\u00f8ren unders\u00f8ker forholdene, og at dette gir l\u00e6rdom for fremtiden.<\/p>\t\t\t<div class=\"post-meta wp-block teft-byline-wrapper\">\n\t\t\t\t<div class=\"top\">\n\t\t\t\t\t<div class=\"signature\">\n\t\t\t\t\t\t<div class=\"teft-byline\">\n\t\t\t\t\t\t\t\t\t\t\t\t\t\t<div>\n\t\t\t\t\t\t\t\t<h3>H\u00f8yres redaksjon<\/h3>\t\t\t\t\t\t\t\t\n\t\t\t\t\t\t\t\t\t\t\t\t\t\t\t\t\t<span class=\"date\">Sist oppdatert: 3. august 2023<\/span>\n\t\t\t\t\t\t\t\t\t\t\t\t\t\t\t\t\t\t\t\t\t\t\t\t\t<span class=\"reading-time\" itemprop=\"timeRequired\" content=\"PT3M\"><em>Ca. 3 minutter lesetid<\/em><\/span>\n\t\t\t\t\t\t\t\t\t\t\t\t\t\t\t<\/div>\n\t\t\t\t\t\t<\/div>\n\t\t\t\t\t<\/div>\n\t\t\t\t\t\t<div class=\"sharing\">\n\t\t<a class=\"share-button share-link copy-link\" data-copy=\"https:\/\/hoyre.no\/lillesand\/aktuelt\/om-integritet-og-ryddighet\/\" target=\"_blank\"><span class=\"screen-reader-text\">Del link<\/span><\/a>\n\t\t<a class=\"share-button share-twitter\" href=\"http:\/\/twitter.com\/share?text=Om integritet og ryddighet&#038;url=https:\/\/hoyre.no\/lillesand\/aktuelt\/om-integritet-og-ryddighet\/&#038;hashtags=Hoyre\" target=\"_blank\"><span class=\"screen-reader-text\">Del p\u00e5 twitter<\/span><\/a>\n\t\t<a class=\"share-button share-facebook\" href=\"https:\/\/www.facebook.com\/sharer\/sharer.php?u=https:\/\/hoyre.no\/lillesand\/aktuelt\/om-integritet-og-ryddighet\/\" target=\"_blank\"><span class=\"screen-reader-text\">Del p\u00e5 facebook<\/span><\/a>\n\t<\/div>\n\t\t\t\t\t<\/div>\n\t\t\t<\/div>\n\n\t\t\t<figure class=\"hoyre-image-wrapper\"><div class=\"hoyre-image\"><img loading=\"lazy\" decoding=\"async\" width=\"2500\" height=\"2424\" src=\"https:\/\/hoyre.no\/content\/uploads\/sites\/27\/2023\/08\/Andreas-Brovig-Hoyre-2-Copy-scaled.jpg\" class=\"attachment-scaled size-scaled\" alt=\"\" style=\"object-position: 60% 42%\" srcset=\"https:\/\/hoyre.no\/content\/uploads\/sites\/27\/2023\/08\/Andreas-Brovig-Hoyre-2-Copy-scaled.jpg 2500w, https:\/\/hoyre.no\/content\/uploads\/sites\/27\/2023\/08\/Andreas-Brovig-Hoyre-2-Copy-300x291.jpg 300w, https:\/\/hoyre.no\/content\/uploads\/sites\/27\/2023\/08\/Andreas-Brovig-Hoyre-2-Copy-1024x993.jpg 1024w, https:\/\/hoyre.no\/content\/uploads\/sites\/27\/2023\/08\/Andreas-Brovig-Hoyre-2-Copy-768x745.jpg 768w, https:\/\/hoyre.no\/content\/uploads\/sites\/27\/2023\/08\/Andreas-Brovig-Hoyre-2-Copy-1536x1489.jpg 1536w, https:\/\/hoyre.no\/content\/uploads\/sites\/27\/2023\/08\/Andreas-Brovig-Hoyre-2-Copy-2048x1985.jpg 2048w\" sizes=\"auto, (max-width: 2500px) 100vw, 2500px\" \/><\/div><figcaption class=\"caption\">Andreas Brovig, tidligere ansatt i Lillesand kommune og 3. kandidat for Lillesand H\u00f8yre.<\/figcaption><\/figure>\n\n\n\n<p>Om man er ansatt i kommunen, samtidig som man er folkevalgt, m\u00f8ter man fort mange etiske dilemmaer. Jeg var folkevalgt som bystyremedlem fra 2011 til 2019, og var samtidig ansatt ved kommunens IT-avdeling fra 2012 til begynnelsen av 2023. Jeg har kjent p\u00e5 kroppen hvor vanskelig det eksempelvis er \u00e5 h\u00e5ndtere informasjon man f\u00e5r som ansatt, n\u00e5r man umiddelbart vet at informasjonen kan ha stor politisk interesse.<\/p>\n\n\n\n<p>Tilsvarende f\u00e5r man mye informasjon som folkevalgt, som kan ha p\u00e5virkning p\u00e5 rollen som ansatt. Det krevde mye av meg for \u00e5 kunne balansere rollene, og for min del var dette en av hoved\u00e5rsakene til at jeg trakk meg fra kommunepolitikken i 2020. N\u00e5 er jeg imidlertid ikke lenger ansatt i kommunen, og er p\u00e5 nytt kandidat til bystyret.<\/p>\n\n\n\n<p>I noen situasjoner er man i tillegg opplagt inhabil, hvis man har dobbeltrolle som folkevalgt og ansatt. I mitt tilfelle er et eksempel n\u00e5r bystyret skulle behandle ny organisering av IT-tjenesten. Det ber\u00f8rte min arbeidssituasjon og jeg holdt meg langt unna saksbehandlingen. Men ofte havner man i gr\u00e5soner, hvor det potensielt vil kunne v\u00e6re interessekonflikter eller situasjoner der man har fordeler av \u00e5 ha dobbeltrollen, uten at man n\u00f8dvendigvis er inhabil.<\/p>\n\n\n\n<p>Det skal selvsagt v\u00e6re mulig \u00e5 v\u00e6re ansatt og samtidig ha et verv som folkevalgt, s\u00e5 sant man ikke er kommunedirekt\u00f8r eller kommunalsjef. Men det forutsetter ogs\u00e5 at man skiller p\u00e5 sine ulike roller, har integritet og opptr\u00e5r ryddig hele veien. Det kan man eksempelvis gj\u00f8re ved \u00e5 poengtere hvilken \u00abhatt\u00bb man har p\u00e5 seg, n\u00e5r man deltar i ulike fora. Man m\u00e5 ogs\u00e5 vurdere om man skal delta i alle m\u00f8ter, uttale seg i ulike sammenhenger og s\u00e5 videre. Dette er alts\u00e5 en krevende \u00f8velse for dem som st\u00e5r i det.<\/p>\n\n\n\n<p>H\u00f8yre er opptatt av ansvarlighet og ryddighet, og for meg som bystyrekandidat vil det v\u00e6re viktig \u00e5 f\u00f8lge opp sp\u00f8rsm\u00e5l rundt habilitet og regler for folkevalgte som ogs\u00e5 er ansatte i kommunen. Det har v\u00e6rt et godt politisk arbeidsklima de siste fire \u00e5rene, og jeg h\u00e5per at dette vil fortsette i neste periode. Det forutsetter at alle representanter opptrer ansvarlig, har god rolleforst\u00e5else og et tydelig etisk kompass.<\/p>\n\n\n\n<div class=\"wp-block-hoyre-banner undefined\"><div class=\"banner-inner\"><figure class=\"hoyre-image-wrapper\"><div class=\"hoyre-image\"><img loading=\"lazy\" decoding=\"async\" width=\"2500\" height=\"1667\" src=\"https:\/\/hoyre.no\/content\/uploads\/sites\/27\/2023\/08\/IMG_0245-scaled.jpeg\" class=\"attachment-scaled size-scaled\" alt=\"\" style=\"object-position: 50% 12%\" srcset=\"https:\/\/hoyre.no\/content\/uploads\/sites\/27\/2023\/08\/IMG_0245-scaled.jpeg 2500w, https:\/\/hoyre.no\/content\/uploads\/sites\/27\/2023\/08\/IMG_0245-300x200.jpeg 300w, https:\/\/hoyre.no\/content\/uploads\/sites\/27\/2023\/08\/IMG_0245-1024x683.jpeg 1024w, https:\/\/hoyre.no\/content\/uploads\/sites\/27\/2023\/08\/IMG_0245-768x512.jpeg 768w, https:\/\/hoyre.no\/content\/uploads\/sites\/27\/2023\/08\/IMG_0245-1536x1024.jpeg 1536w, https:\/\/hoyre.no\/content\/uploads\/sites\/27\/2023\/08\/IMG_0245-2048x1365.jpeg 2048w\" sizes=\"auto, (max-width: 2500px) 100vw, 2500px\" \/><\/div><\/figure><div class=\"banner-content\"><div class=\"entry-content\">\n<h2 class=\"wp-block-heading\">For H\u00f8yre er det viktig \u00e5 ha en kommune med trygghet, stabilitet og som gir muligheter for alle.<\/h2>\n\n\n\n<p><\/p>\n\n\n\n<div class=\"wp-block-buttons is-layout-flex wp-block-buttons-is-layout-flex\">\n<div class=\"wp-block-button\"><a class=\"wp-block-button__link\" href=\"https:\/\/hoyre.no\/lillesand\/politikk\/\">Les mer om v\u00e5r politikk<\/a><\/div>\n<\/div>\n<\/div><\/div><\/div><\/div>\n\n\n\n\n<p><\/p>\n\n\n<div class=\"tags\">\n\t<\/div>\n<div class=\"post-footer alignfull has-background block-editor-block-list__block\" data-align=full>\n\t<div class=\"post-footer-inner\">\n\t\t<h3>Relaterte artikler<\/h3>\n\t\t<div class=\"related-content\"><div class=\"is-card-hoyre\">\n\t<div class=\"teft-card hoyre-teft-card post-teft-card\">\n\t\t<a href=\"https:\/\/hoyre.no\/lillesand\/aktuelt\/ordforerkandidat-for-lillesand-hoyre-i-2027\/\" class=\"teft-card__primary-action\">\n\n\t\t\t\t\t<div class=\"teft-card__media teft-card__media--16-9\">\n\t\t\t\t\t\t<img loading=\"lazy\" decoding=\"async\" width=\"768\" height=\"768\" src=\"https:\/\/hoyre.no\/content\/uploads\/sites\/27\/2023\/05\/IMG_0177-768x768.jpeg\" class=\"attachment-medium_large size-medium_large\" alt=\"\" srcset=\"https:\/\/hoyre.no\/content\/uploads\/sites\/27\/2023\/05\/IMG_0177-768x768.jpeg 768w, https:\/\/hoyre.no\/content\/uploads\/sites\/27\/2023\/05\/IMG_0177-300x300.jpeg 300w, https:\/\/hoyre.no\/content\/uploads\/sites\/27\/2023\/05\/IMG_0177-1024x1024.jpeg 1024w, https:\/\/hoyre.no\/content\/uploads\/sites\/27\/2023\/05\/IMG_0177-150x150.jpeg 150w, https:\/\/hoyre.no\/content\/uploads\/sites\/27\/2023\/05\/IMG_0177-1536x1536.jpeg 1536w, https:\/\/hoyre.no\/content\/uploads\/sites\/27\/2023\/05\/IMG_0177-2048x2048.jpeg 2048w\" sizes=\"auto, (max-width: 768px) 100vw, 768px\" \/>\t\t<\/div>\n\t\t\n\t\t\t<div class=\"teft-card__content-wrapper\">\n\t\t\t\t<div class=\"teft-card__secondary\">\n\t\t\t\t\t\n\t\t\t\t\t\t\t\t<div class=\"teft-card__meta\">\n\t\t\t\t\t\t\t\t\t<span class=\"post-date\">9. apr 2026<\/span>\n\n\t\t\t\t\t\t\t\t\t\t\t\t\t\t\t\t\t<\/div>\n\t\t\t\t\t\t\t\t\t\t\t<\/div>\n\n\t\t\t\t<div class=\"teft-card__primary\">\n\t\t\t\t\t<h2 class=\"teft-card__title\">Ordf\u00f8rerkandidat for Lillesand H\u00f8yre i 2027&nbsp;<span class=\"teft-card__primary-title-append\"><\/span><\/h2>\t\t\t\t<\/div>\n\t\t\t<\/div>\n\t\t<\/a>\n\t<\/div>\n\n\t<\/div><div class=\"is-card-hoyre\">\n\t<div class=\"teft-card hoyre-teft-card post-teft-card\">\n\t\t<a href=\"https:\/\/hoyre.no\/lillesand\/aktuelt\/tanker-om-budsjett-og-veien-videre\/\" class=\"teft-card__primary-action\">\n\n\t\t\t\t\t<div class=\"teft-card__media teft-card__media--16-9\">\n\t\t\t\t\t\t<img loading=\"lazy\" decoding=\"async\" width=\"768\" height=\"543\" src=\"https:\/\/hoyre.no\/content\/uploads\/sites\/27\/2025\/06\/IMG_5390-1-768x543.jpeg\" class=\"attachment-medium_large size-medium_large\" alt=\"\" srcset=\"https:\/\/hoyre.no\/content\/uploads\/sites\/27\/2025\/06\/IMG_5390-1-768x543.jpeg 768w, https:\/\/hoyre.no\/content\/uploads\/sites\/27\/2025\/06\/IMG_5390-1-300x212.jpeg 300w, https:\/\/hoyre.no\/content\/uploads\/sites\/27\/2025\/06\/IMG_5390-1-1024x724.jpeg 1024w, https:\/\/hoyre.no\/content\/uploads\/sites\/27\/2025\/06\/IMG_5390-1.jpeg 1474w\" sizes=\"auto, (max-width: 768px) 100vw, 768px\" \/>\t\t<\/div>\n\t\t\n\t\t\t<div class=\"teft-card__content-wrapper\">\n\t\t\t\t<div class=\"teft-card__secondary\">\n\t\t\t\t\t\n\t\t\t\t\t\t\t\t<div class=\"teft-card__meta\">\n\t\t\t\t\t\t\t\t\t<span class=\"post-date\">13. des 2025<\/span>\n\n\t\t\t\t\t\t\t\t\t\t\t\t\t\t\t\t\t<\/div>\n\t\t\t\t\t\t\t\t\t\t\t<\/div>\n\n\t\t\t\t<div class=\"teft-card__primary\">\n\t\t\t\t\t<h2 class=\"teft-card__title\">Tanker om budsjett og veien videre&nbsp;<span class=\"teft-card__primary-title-append\"><\/span><\/h2>\t\t\t\t<\/div>\n\t\t\t<\/div>\n\t\t<\/a>\n\t<\/div>\n\n\t<\/div><div class=\"is-card-hoyre\">\n\t<div class=\"teft-card hoyre-teft-card post-teft-card\">\n\t\t<a href=\"https:\/\/hoyre.no\/lillesand\/aktuelt\/valgkampen-i-full-gang-hoy-aktivitet-fra-lillesand-hoyre\/\" class=\"teft-card__primary-action\">\n\n\t\t\t\t\t<div class=\"teft-card__media teft-card__media--16-9\">\n\t\t\t\t\t\t<img loading=\"lazy\" decoding=\"async\" width=\"768\" height=\"576\" src=\"https:\/\/hoyre.no\/content\/uploads\/sites\/27\/2025\/08\/528779231_1503896277431807_320553935355836171_n-768x576.jpg\" class=\"attachment-medium_large size-medium_large\" alt=\"\" srcset=\"https:\/\/hoyre.no\/content\/uploads\/sites\/27\/2025\/08\/528779231_1503896277431807_320553935355836171_n-768x576.jpg 768w, https:\/\/hoyre.no\/content\/uploads\/sites\/27\/2025\/08\/528779231_1503896277431807_320553935355836171_n-300x225.jpg 300w, https:\/\/hoyre.no\/content\/uploads\/sites\/27\/2025\/08\/528779231_1503896277431807_320553935355836171_n-1024x768.jpg 1024w, https:\/\/hoyre.no\/content\/uploads\/sites\/27\/2025\/08\/528779231_1503896277431807_320553935355836171_n-1536x1152.jpg 1536w, https:\/\/hoyre.no\/content\/uploads\/sites\/27\/2025\/08\/528779231_1503896277431807_320553935355836171_n.jpg 2048w\" sizes=\"auto, (max-width: 768px) 100vw, 768px\" \/>\t\t<\/div>\n\t\t\n\t\t\t<div class=\"teft-card__content-wrapper\">\n\t\t\t\t<div class=\"teft-card__secondary\">\n\t\t\t\t\t\n\t\t\t\t\t\t\t\t<div class=\"teft-card__meta\">\n\t\t\t\t\t\t\t\t\t<span class=\"post-date\">18. aug 2025<\/span>\n\n\t\t\t\t\t\t\t\t\t\t\t\t\t\t\t\t\t<\/div>\n\t\t\t\t\t\t\t\t\t\t\t<\/div>\n\n\t\t\t\t<div class=\"teft-card__primary\">\n\t\t\t\t\t<h2 class=\"teft-card__title\">Valgkampen i full gang \u2013 H\u00f8y aktivitet fra Lillesand H\u00f8yre&nbsp;<span class=\"teft-card__primary-title-append\"><\/span><\/h2>\t\t\t\t<\/div>\n\t\t\t<\/div>\n\t\t<\/a>\n\t<\/div>\n\n\t<\/div><\/div>\t<\/div>\n<\/div>\n","protected":false},"excerpt":{"rendered":"<p>Om man er ansatt i kommunen, samtidig som man er folkevalgt, m\u00f8ter man fort mange etiske dilemmaer. Jeg var folkevalgt som bystyremedlem fra 2011 til 2019, og var samtidig ansatt ved kommunens IT-avdeling fra 2012 til begynnelsen av 2023. Jeg har kjent p\u00e5 kroppen hvor vanskelig det eksempelvis er \u00e5 h\u00e5ndtere informasjon man f\u00e5r som [&hellip;]<\/p>\n","protected":false},"author":30113,"featured_media":0,"comment_status":"closed","ping_status":"closed","sticky":false,"template":"","format":"standard","meta":{"teft_cards_image_url":"","teft_cards_custom_pretitle":"","teft_cards_image_id":644,"teft_cards_image_focal_point_x":0.5,"teft_cards_image_focal_point_y":0.5,"teft_cards_title":"","teft_cards_excerpt":"","teft_show_chapters":false,"author_display_name":"","footnotes":""},"category":[1],"post_tag":[],"hoyre-visibility":[],"article-type":[],"politician":[],"class_list":["post-638","post","type-post","status-publish","format-standard","hentry","category-ukategorisert"],"yoast_head":"<!-- This site is optimized with the Yoast SEO plugin v26.6 - https:\/\/yoast.com\/wordpress\/plugins\/seo\/ -->\n<title>Om integritet og ryddighet - Lillesand H\u00f8yre<\/title>\n<meta name=\"robots\" content=\"index, follow, max-snippet:-1, max-image-preview:large, max-video-preview:-1\" \/>\n<link rel=\"canonical\" href=\"https:\/\/hoyre.no\/lillesand\/aktuelt\/om-integritet-og-ryddighet\/\" \/>\n<meta property=\"og:locale\" content=\"nb_NO\" \/>\n<meta property=\"og:type\" content=\"article\" \/>\n<meta property=\"og:title\" content=\"Om integritet og ryddighet - Lillesand H\u00f8yre\" \/>\n<meta property=\"og:description\" content=\"Om man er ansatt i kommunen, samtidig som man er folkevalgt, m\u00f8ter man fort mange etiske dilemmaer. Jeg var folkevalgt som bystyremedlem fra 2011 til 2019, og var samtidig ansatt ved kommunens IT-avdeling fra 2012 til begynnelsen av 2023. Jeg har kjent p\u00e5 kroppen hvor vanskelig det eksempelvis er \u00e5 h\u00e5ndtere informasjon man f\u00e5r som [&hellip;]\" \/>\n<meta property=\"og:url\" content=\"https:\/\/hoyre.no\/lillesand\/aktuelt\/om-integritet-og-ryddighet\/\" \/>\n<meta property=\"og:site_name\" content=\"Lillesand H\u00f8yre\" \/>\n<meta property=\"article:published_time\" content=\"2023-08-03T20:59:30+00:00\" \/>\n<meta property=\"article:modified_time\" content=\"2023-08-03T21:30:45+00:00\" \/>\n<meta property=\"og:image\" content=\"https:\/\/hoyre.no\/content\/uploads\/sites\/27\/2025\/08\/528779231_1503896277431807_320553935355836171_n-1024x768.jpg\" \/>\n<meta name=\"author\" content=\"Jarle Fosen\" \/>\n<meta name=\"twitter:card\" content=\"summary_large_image\" \/>\n<meta name=\"twitter:label1\" content=\"Skrevet av\" \/>\n\t<meta name=\"twitter:data1\" content=\"Jarle Fosen\" \/>\n\t<meta name=\"twitter:label2\" content=\"Ansl. lesetid\" \/>\n\t<meta name=\"twitter:data2\" content=\"3 minutter\" \/>\n<script type=\"application\/ld+json\" class=\"yoast-schema-graph\">{\"@context\":\"https:\/\/schema.org\",\"@graph\":[{\"@type\":\"NewsArticle\",\"@id\":\"https:\/\/hoyre.no\/lillesand\/aktuelt\/om-integritet-og-ryddighet\/\",\"url\":\"https:\/\/hoyre.no\/lillesand\/aktuelt\/om-integritet-og-ryddighet\/\",\"name\":\"Om integritet og ryddighet - Lillesand H\u00f8yre\",\"isPartOf\":{\"@id\":\"https:\/\/hoyre.no\/lillesand\/#website\"},\"datePublished\":\"2023-08-03T20:59:30+00:00\",\"dateModified\":\"2023-08-03T21:30:45+00:00\",\"author\":{\"@id\":\"https:\/\/hoyre.no\/lillesand\/#\/schema\/person\/724bd4d63aa38f332efe112cfa4e9b1b\"},\"breadcrumb\":{\"@id\":\"https:\/\/hoyre.no\/lillesand\/aktuelt\/om-integritet-og-ryddighet\/#breadcrumb\"},\"inLanguage\":\"nb-NO\",\"potentialAction\":[{\"@type\":\"ReadAction\",\"target\":[\"https:\/\/hoyre.no\/lillesand\/aktuelt\/om-integritet-og-ryddighet\/\"]}]},{\"@type\":\"BreadcrumbList\",\"@id\":\"https:\/\/hoyre.no\/lillesand\/aktuelt\/om-integritet-og-ryddighet\/#breadcrumb\",\"itemListElement\":[{\"@type\":\"ListItem\",\"position\":1,\"name\":\"Til hoyre.no\",\"item\":\"https:\/\/hoyre.no\"},{\"@type\":\"ListItem\",\"position\":2,\"name\":\"Hjem\",\"item\":\"https:\/\/hoyre.no\/lillesand\/\"},{\"@type\":\"ListItem\",\"position\":3,\"name\":\"Om integritet og ryddighet\"}]},{\"@type\":\"WebSite\",\"@id\":\"https:\/\/hoyre.no\/lillesand\/#website\",\"url\":\"https:\/\/hoyre.no\/lillesand\/\",\"name\":\"Lillesand H\u00f8yre\",\"description\":\"Bare enda et H\u00f8yres nettsteder-nettsted\",\"inLanguage\":\"nb-NO\"},{\"@type\":\"Person\",\"@id\":\"https:\/\/hoyre.no\/lillesand\/#\/schema\/person\/724bd4d63aa38f332efe112cfa4e9b1b\",\"name\":\"Jarle Fosen\",\"image\":{\"@type\":\"ImageObject\",\"inLanguage\":\"nb-NO\",\"@id\":\"https:\/\/hoyre.no\/lillesand\/#\/schema\/person\/image\/\",\"url\":\"https:\/\/secure.gravatar.com\/avatar\/6531c7597c63a1ff14c887bc0a36155338bb8772ede97b0583cee1a6caf1070c?s=96&d=mm&r=g\",\"contentUrl\":\"https:\/\/secure.gravatar.com\/avatar\/6531c7597c63a1ff14c887bc0a36155338bb8772ede97b0583cee1a6caf1070c?s=96&d=mm&r=g\",\"caption\":\"Jarle Fosen\"},\"url\":\"https:\/\/hoyre.no\/lillesand\/aktuelt\/author\/m52118288\/\"}]}<\/script>\n<!-- \/ Yoast SEO plugin. -->","yoast_head_json":{"title":"Om integritet og ryddighet - Lillesand H\u00f8yre","robots":{"index":"index","follow":"follow","max-snippet":"max-snippet:-1","max-image-preview":"max-image-preview:large","max-video-preview":"max-video-preview:-1"},"canonical":"https:\/\/hoyre.no\/lillesand\/aktuelt\/om-integritet-og-ryddighet\/","og_locale":"nb_NO","og_type":"article","og_title":"Om integritet og ryddighet - Lillesand H\u00f8yre","og_description":"Om man er ansatt i kommunen, samtidig som man er folkevalgt, m\u00f8ter man fort mange etiske dilemmaer. Jeg var folkevalgt som bystyremedlem fra 2011 til 2019, og var samtidig ansatt ved kommunens IT-avdeling fra 2012 til begynnelsen av 2023. Jeg har kjent p\u00e5 kroppen hvor vanskelig det eksempelvis er \u00e5 h\u00e5ndtere informasjon man f\u00e5r som [&hellip;]","og_url":"https:\/\/hoyre.no\/lillesand\/aktuelt\/om-integritet-og-ryddighet\/","og_site_name":"Lillesand H\u00f8yre","article_published_time":"2023-08-03T20:59:30+00:00","article_modified_time":"2023-08-03T21:30:45+00:00","og_image":[{"url":"https:\/\/hoyre.no\/content\/uploads\/sites\/27\/2025\/08\/528779231_1503896277431807_320553935355836171_n-1024x768.jpg","width":"","height":"","type":""}],"author":"Jarle Fosen","twitter_card":"summary_large_image","twitter_misc":{"Skrevet av":"Jarle Fosen","Ansl. lesetid":"3 minutter"},"schema":{"@context":"https:\/\/schema.org","@graph":[{"@type":"NewsArticle","@id":"https:\/\/hoyre.no\/lillesand\/aktuelt\/om-integritet-og-ryddighet\/","url":"https:\/\/hoyre.no\/lillesand\/aktuelt\/om-integritet-og-ryddighet\/","name":"Om integritet og ryddighet - Lillesand H\u00f8yre","isPartOf":{"@id":"https:\/\/hoyre.no\/lillesand\/#website"},"datePublished":"2023-08-03T20:59:30+00:00","dateModified":"2023-08-03T21:30:45+00:00","author":{"@id":"https:\/\/hoyre.no\/lillesand\/#\/schema\/person\/724bd4d63aa38f332efe112cfa4e9b1b"},"breadcrumb":{"@id":"https:\/\/hoyre.no\/lillesand\/aktuelt\/om-integritet-og-ryddighet\/#breadcrumb"},"inLanguage":"nb-NO","potentialAction":[{"@type":"ReadAction","target":["https:\/\/hoyre.no\/lillesand\/aktuelt\/om-integritet-og-ryddighet\/"]}]},{"@type":"BreadcrumbList","@id":"https:\/\/hoyre.no\/lillesand\/aktuelt\/om-integritet-og-ryddighet\/#breadcrumb","itemListElement":[{"@type":"ListItem","position":1,"name":"Til hoyre.no","item":"https:\/\/hoyre.no"},{"@type":"ListItem","position":2,"name":"Hjem","item":"https:\/\/hoyre.no\/lillesand\/"},{"@type":"ListItem","position":3,"name":"Om integritet og ryddighet"}]},{"@type":"WebSite","@id":"https:\/\/hoyre.no\/lillesand\/#website","url":"https:\/\/hoyre.no\/lillesand\/","name":"Lillesand H\u00f8yre","description":"Bare enda et H\u00f8yres nettsteder-nettsted","inLanguage":"nb-NO"},{"@type":"Person","@id":"https:\/\/hoyre.no\/lillesand\/#\/schema\/person\/724bd4d63aa38f332efe112cfa4e9b1b","name":"Jarle Fosen","image":{"@type":"ImageObject","inLanguage":"nb-NO","@id":"https:\/\/hoyre.no\/lillesand\/#\/schema\/person\/image\/","url":"https:\/\/secure.gravatar.com\/avatar\/6531c7597c63a1ff14c887bc0a36155338bb8772ede97b0583cee1a6caf1070c?s=96&d=mm&r=g","contentUrl":"https:\/\/secure.gravatar.com\/avatar\/6531c7597c63a1ff14c887bc0a36155338bb8772ede97b0583cee1a6caf1070c?s=96&d=mm&r=g","caption":"Jarle Fosen"},"url":"https:\/\/hoyre.no\/lillesand\/aktuelt\/author\/m52118288\/"}]}},"distributor_meta":false,"distributor_terms":false,"distributor_media":false,"distributor_original_site_name":"Lillesand H\u00f8yre","distributor_original_site_url":"https:\/\/hoyre.no\/lillesand","push-errors":false,"_links":{"self":[{"href":"https:\/\/hoyre.no\/lillesand\/wp-json\/wp\/v2\/posts\/638","targetHints":{"allow":["GET"]}}],"collection":[{"href":"https:\/\/hoyre.no\/lillesand\/wp-json\/wp\/v2\/posts"}],"about":[{"href":"https:\/\/hoyre.no\/lillesand\/wp-json\/wp\/v2\/types\/post"}],"author":[{"embeddable":true,"href":"https:\/\/hoyre.no\/lillesand\/wp-json\/wp\/v2\/users\/30113"}],"replies":[{"embeddable":true,"href":"https:\/\/hoyre.no\/lillesand\/wp-json\/wp\/v2\/comments?post=638"}],"version-history":[{"count":4,"href":"https:\/\/hoyre.no\/lillesand\/wp-json\/wp\/v2\/posts\/638\/revisions"}],"predecessor-version":[{"id":646,"href":"https:\/\/hoyre.no\/lillesand\/wp-json\/wp\/v2\/posts\/638\/revisions\/646"}],"wp:attachment":[{"href":"https:\/\/hoyre.no\/lillesand\/wp-json\/wp\/v2\/media?parent=638"}],"wp:term":[{"taxonomy":"category","embeddable":true,"href":"https:\/\/hoyre.no\/lillesand\/wp-json\/wp\/v2\/category?post=638"},{"taxonomy":"post_tag","embeddable":true,"href":"https:\/\/hoyre.no\/lillesand\/wp-json\/wp\/v2\/post_tag?post=638"},{"taxonomy":"hoyre-visibility","embeddable":true,"href":"https:\/\/hoyre.no\/lillesand\/wp-json\/wp\/v2\/hoyre-visibility?post=638"},{"taxonomy":"article-type","embeddable":true,"href":"https:\/\/hoyre.no\/lillesand\/wp-json\/wp\/v2\/article-type?post=638"},{"taxonomy":"politician","embeddable":true,"href":"https:\/\/hoyre.no\/lillesand\/wp-json\/wp\/v2\/politician?post=638"}],"curies":[{"name":"wp","href":"https:\/\/api.w.org\/{rel}","templated":true}]}}