{"id":573,"date":"2023-08-31T21:36:31","date_gmt":"2023-08-31T19:36:31","guid":{"rendered":"https:\/\/hoyre.no\/lillestrom\/?p=573"},"modified":"2023-08-31T21:36:32","modified_gmt":"2023-08-31T19:36:32","slug":"vi-ma-snakke-med-naeringslivet-ikke-trakke-pa-dem","status":"publish","type":"post","link":"https:\/\/hoyre.no\/lillestrom\/aktuelt\/vi-ma-snakke-med-naeringslivet-ikke-trakke-pa-dem\/","title":{"rendered":"Vi m\u00e5 snakke med n\u00e6ringslivet, ikke tr\u00e5kke p\u00e5 dem"},"content":{"rendered":"\n<p class=\"preamble\">Vi i Lillestr\u00f8m H\u00f8yre mener at det er et skrikende behov for en langsiktig plan for n\u00e6ringslivsutviklingen i regionen \u2013 som sikrer at flere unge blir og jobber i regionen. Det krever at vi i mye st\u00f8rre grad lytter til n\u00e6ringslivet og involverer dem i kommunens planarbeid.<\/p>\t\t\t<div class=\"post-meta wp-block teft-byline-wrapper\">\n\t\t\t\t<div class=\"top\">\n\t\t\t\t\t<div class=\"signature\">\n\t\t\t\t\t\t<div class=\"teft-byline\">\n\t\t\t\t\t\t\t\t\t\t\t\t\t\t<div>\n\t\t\t\t\t\t\t\t<h3>H\u00f8yres redaksjon<\/h3>\t\t\t\t\t\t\t\t\n\t\t\t\t\t\t\t\t\t\t\t\t\t\t\t\t\t<span class=\"date\">Sist oppdatert: 31. august 2023<\/span>\n\t\t\t\t\t\t\t\t\t\t\t\t\t\t\t\t\t\t\t\t\t\t\t\t\t<span class=\"reading-time\" itemprop=\"timeRequired\" content=\"PT3M\"><em>Ca. 3 minutter lesetid<\/em><\/span>\n\t\t\t\t\t\t\t\t\t\t\t\t\t\t\t<\/div>\n\t\t\t\t\t\t<\/div>\n\t\t\t\t\t<\/div>\n\t\t\t\t\t\t<div class=\"sharing\">\n\t\t<a class=\"share-button share-link copy-link\" data-copy=\"https:\/\/hoyre.no\/lillestrom\/aktuelt\/vi-ma-snakke-med-naeringslivet-ikke-trakke-pa-dem\/\" target=\"_blank\"><span class=\"screen-reader-text\">Del link<\/span><\/a>\n\t\t<a class=\"share-button share-twitter\" href=\"http:\/\/twitter.com\/share?text=Vi m\u00e5 snakke med n\u00e6ringslivet, ikke tr\u00e5kke p\u00e5 dem&#038;url=https:\/\/hoyre.no\/lillestrom\/aktuelt\/vi-ma-snakke-med-naeringslivet-ikke-trakke-pa-dem\/&#038;hashtags=Hoyre\" target=\"_blank\"><span class=\"screen-reader-text\">Del p\u00e5 twitter<\/span><\/a>\n\t\t<a class=\"share-button share-facebook\" href=\"https:\/\/www.facebook.com\/sharer\/sharer.php?u=https:\/\/hoyre.no\/lillestrom\/aktuelt\/vi-ma-snakke-med-naeringslivet-ikke-trakke-pa-dem\/\" target=\"_blank\"><span class=\"screen-reader-text\">Del p\u00e5 facebook<\/span><\/a>\n\t<\/div>\n\t\t\t\t\t<\/div>\n\t\t\t<\/div>\n\n\t\t\t<figure class=\"hoyre-image-wrapper\"><div class=\"hoyre-image\"><img loading=\"lazy\" decoding=\"async\" width=\"1750\" height=\"1168\" src=\"https:\/\/hoyre.no\/content\/uploads\/sites\/180\/2023\/08\/morten.thorvaldsen_20230216_vidarsandnes.jpg\" class=\"attachment-scaled size-scaled\" alt=\"\" style=\"object-position: 50% 50%\" srcset=\"https:\/\/hoyre.no\/content\/uploads\/sites\/180\/2023\/08\/morten.thorvaldsen_20230216_vidarsandnes.jpg 1750w, https:\/\/hoyre.no\/content\/uploads\/sites\/180\/2023\/08\/morten.thorvaldsen_20230216_vidarsandnes-300x200.jpg 300w, https:\/\/hoyre.no\/content\/uploads\/sites\/180\/2023\/08\/morten.thorvaldsen_20230216_vidarsandnes-1024x683.jpg 1024w, https:\/\/hoyre.no\/content\/uploads\/sites\/180\/2023\/08\/morten.thorvaldsen_20230216_vidarsandnes-768x513.jpg 768w, https:\/\/hoyre.no\/content\/uploads\/sites\/180\/2023\/08\/morten.thorvaldsen_20230216_vidarsandnes-1536x1025.jpg 1536w\" sizes=\"auto, (max-width: 1750px) 100vw, 1750px\" \/><\/div><\/figure>\n\n\n\n\n<p>Arbeiderpartiets fylkesr\u00e5dsleder Hoda Imad skriver i Romerikes Blad at l\u00f8sningene p\u00e5 n\u00e6ringslivsutfordringene i Akershus er handling, ikke ord. Problemet er at n\u00e6ringslivspolitikken i regionen har v\u00e6rt planl\u00f8s de siste 4 \u00e5rene \u2013 og at politisk ledelse ikke har tatt seg bryet med \u00e5 snakke med n\u00e6ringslivet.<\/p>\n\n\n\n<p>Det vil H\u00f8yre gj\u00f8re noe med.<\/p>\n\n\n\n<p>Det er ingen hemmelighet at det ulmer en viss irritasjon og misn\u00f8ye blant n\u00e6ringslivet i Lillestr\u00f8m kommune.<\/p>\n\n\n\n<p>Som n\u00e6ringslivsleder og H\u00f8yre-politiker har jeg selv hatt mange samtaler med folkene som driver virksomheter og n\u00e6ringsvirksomhet i kommune. Tilbakemeldingene jeg f\u00e5r, er at det er tungt \u00e5 drive innovasjon og utvikling i Lillestr\u00f8m. Det st\u00e5r ikke p\u00e5 viljen til \u00e5 investere, men byr\u00e5kratiske prosesser g\u00e5r sakte. Mange opplever at det er liten vilje til \u00e5 se muligheter og evnen til \u00e5 finne pragmatiske l\u00f8sninger i plan- og byggesaker er n\u00e6rmest frav\u00e6rende.<\/p>\n\n\n\n<p>Slik driver vi ikke godt og langsiktig n\u00e6ringslivspolitikk.<\/p>\n\n\n\n<p>Arbeiderpartiets Hoda Imad lovet nylig at partiet tar utfordringene p\u00e5 st\u00f8rste alvor i et innlegg i Romerikes Blad. Problemet er at samme parti i stor grad er ansvarlig for dagens n\u00e6ringslivspolitikk. Tilliten fra n\u00e6ringslivsledere jeg har hatt samtaler med er derfor tynnslitt. De p\u00e5peker et sentralt problem i Arbeiderpartiet og Senterpartiets poltikk: Den mangler en langsiktig plan, og ikke minst involvering fra n\u00e6ringslivet.<\/p>\n\n\n\n<p>Hvordan \u00f8nsker bedriftene at vi utvikler byvekstomr\u00e5det Str\u00f8mmen-Lillestr\u00f8m-Kjeller og tettstedene Fetsund, S\u00f8rumsand, Frogner og Skedsmokorset? Hva er det bedriftsledere i regionen trenger av st\u00f8tte og rammebetingelser for \u00e5 kunne utvikle flere arbeidsplasser?<\/p>\n\n\n\n<p>Vi i Lillestr\u00f8m H\u00f8yre vil opprette et eget n\u00e6ringslivsutvalg som fungerer som et r\u00e5dgivende organ i kommunens planarbeid. Slik kan vi sikre bedre informasjonsflyt tidlig i prosesser og reguleringssaker, og slippe \u00e5 havne i situasjoner dere byr\u00e5krati og teknikaliteter hindrer utvikling og innovasjon.<\/p>\n\n\n\n<p>Vi vil ogs\u00e5 l\u00f8fte satsingen p\u00e5 kulturbasert n\u00e6ringsliv og turisme. Det finnes mange spennende jobber i kommunen i dag. Men hvis vi skal holde p\u00e5 unge arbeidstakere, m\u00e5 vi kunne tilby et rikt kulturliv og et mangfold av butikker og idrettstilbud i tillegg. Skal vi oppn\u00e5 dette m\u00e5 vi legge bedre til rette for turisme, slik at vi sikrer stabile inntekter til butikklivet i regionen.<\/p>\n\n\n\n<p>Lillestr\u00f8m H\u00f8yre er opptatt av \u00e5 skape et arbeidsliv som favner bredt for unge og etablerte arbeidstakere. Ikke alle vil eller kan bli ingeni\u00f8rer. Ikke alle vil eller kan bli l\u00e6rere. Det m\u00e5 finnes jobber til alle som vi bo og etablere seg i Lillestr\u00f8m kommune.<\/p>\n\n\n\n<p>For \u00e5 f\u00e5 til dette m\u00e5 vi involvere n\u00e6ringslivet enda tettere i politiske planprosesser.<\/p>\n\n\n\n<p>Morten Thorvaldsen, Listekandidat Lillestr\u00f8m H\u00f8yre, Lillestr\u00f8m<\/p>\n\n\n<div class=\"tags\">\n\t<\/div>\n<div class=\"post-footer alignfull has-background block-editor-block-list__block\" data-align=full>\n\t<div class=\"post-footer-inner\">\n\t\t<h3>Relaterte artikler<\/h3>\n\t\t<div class=\"related-content\"><div class=\"is-card-hoyre\">\n\t<div class=\"teft-card hoyre-teft-card post-teft-card\">\n\t\t<a href=\"https:\/\/hoyre.no\/lillestrom\/aktuelt\/et-godt-budsjett-for-2024\/\" class=\"teft-card__primary-action\">\n\n\t\t\t\t\t<div class=\"teft-card__media teft-card__media--16-9\">\n\t\t\t\t\t\t<img loading=\"lazy\" decoding=\"async\" width=\"768\" height=\"768\" src=\"https:\/\/hoyre.no\/content\/uploads\/sites\/180\/2023\/12\/Budsjett24-768x768.jpg\" class=\"attachment-medium_large size-medium_large\" alt=\"\" srcset=\"https:\/\/hoyre.no\/content\/uploads\/sites\/180\/2023\/12\/Budsjett24-768x768.jpg 768w, https:\/\/hoyre.no\/content\/uploads\/sites\/180\/2023\/12\/Budsjett24-300x300.jpg 300w, https:\/\/hoyre.no\/content\/uploads\/sites\/180\/2023\/12\/Budsjett24-1024x1024.jpg 1024w, https:\/\/hoyre.no\/content\/uploads\/sites\/180\/2023\/12\/Budsjett24-150x150.jpg 150w, https:\/\/hoyre.no\/content\/uploads\/sites\/180\/2023\/12\/Budsjett24.jpg 1080w\" sizes=\"auto, (max-width: 768px) 100vw, 768px\" \/>\t\t<\/div>\n\t\t\n\t\t\t<div class=\"teft-card__content-wrapper\">\n\t\t\t\t<div class=\"teft-card__secondary\">\n\t\t\t\t\t\n\t\t\t\t\t\t\t\t<div class=\"teft-card__meta\">\n\t\t\t\t\t\t\t\t\t<span class=\"post-date\">19. des 2023<\/span>\n\n\t\t\t\t\t\t\t\t\t<span class=\"post-category\">\u00d8konomi<\/span>\t\t\t\t\t\t\t\t<\/div>\n\t\t\t\t\t\t\t\t\t\t\t<\/div>\n\n\t\t\t\t<div class=\"teft-card__primary\">\n\t\t\t\t\t<h2 class=\"teft-card__title\">Budsjett 2024&nbsp;<span class=\"teft-card__primary-title-append\"><\/span><\/h2>\t\t\t\t<\/div>\n\t\t\t<\/div>\n\t\t<\/a>\n\t<\/div>\n\n\t<\/div><div class=\"is-card-hoyre\">\n\t<div class=\"teft-card hoyre-teft-card post-teft-card\">\n\t\t<a href=\"https:\/\/hoyre.no\/lillestrom\/aktuelt\/program-for-2023-2027\/\" class=\"teft-card__primary-action\">\n\n\t\t\t\t\t<div class=\"teft-card__media teft-card__media--16-9\">\n\t\t\t\t\t\t<img loading=\"lazy\" decoding=\"async\" width=\"768\" height=\"429\" src=\"https:\/\/hoyre.no\/content\/uploads\/sites\/180\/2020\/11\/lillestrom_kjartanberland_860x480-768x429.jpg\" class=\"attachment-medium_large size-medium_large\" alt=\"\" srcset=\"https:\/\/hoyre.no\/content\/uploads\/sites\/180\/2020\/11\/lillestrom_kjartanberland_860x480-768x429.jpg 768w, https:\/\/hoyre.no\/content\/uploads\/sites\/180\/2020\/11\/lillestrom_kjartanberland_860x480-300x167.jpg 300w, https:\/\/hoyre.no\/content\/uploads\/sites\/180\/2020\/11\/lillestrom_kjartanberland_860x480.jpg 860w\" sizes=\"auto, (max-width: 768px) 100vw, 768px\" \/>\t\t<\/div>\n\t\t\n\t\t\t<div class=\"teft-card__content-wrapper\">\n\t\t\t\t<div class=\"teft-card__secondary\">\n\t\t\t\t\t\n\t\t\t\t\t\t\t\t<div class=\"teft-card__meta\">\n\t\t\t\t\t\t\t\t\t<span class=\"post-date\">30. jun 2023<\/span>\n\n\t\t\t\t\t\t\t\t\t<span class=\"post-category\">Ukategorisert<\/span>\t\t\t\t\t\t\t\t<\/div>\n\t\t\t\t\t\t\t\t\t\t\t<\/div>\n\n\t\t\t\t<div class=\"teft-card__primary\">\n\t\t\t\t\t<h2 class=\"teft-card__title\">Program for 2023-2027&nbsp;<span class=\"teft-card__primary-title-append\"><\/span><\/h2>\t\t\t\t<\/div>\n\t\t\t<\/div>\n\t\t<\/a>\n\t<\/div>\n\n\t<\/div><div class=\"is-card-hoyre\">\n\t<div class=\"teft-card hoyre-teft-card post-teft-card\">\n\t\t<a href=\"https:\/\/hoyre.no\/lillestrom\/aktuelt\/fremtidsrettet-byutvikling-parkering-under-bakken-ikke-over\/\" class=\"teft-card__primary-action\">\n\n\t\t\t\t\t<div class=\"teft-card__media teft-card__media--16-9\">\n\t\t\t\t\t\t<img loading=\"lazy\" decoding=\"async\" width=\"768\" height=\"602\" src=\"https:\/\/hoyre.no\/content\/uploads\/sites\/180\/2023\/06\/Lillestrom-768x602.jpg\" class=\"attachment-medium_large size-medium_large\" alt=\"\" srcset=\"https:\/\/hoyre.no\/content\/uploads\/sites\/180\/2023\/06\/Lillestrom-768x602.jpg 768w, https:\/\/hoyre.no\/content\/uploads\/sites\/180\/2023\/06\/Lillestrom-300x235.jpg 300w, https:\/\/hoyre.no\/content\/uploads\/sites\/180\/2023\/06\/Lillestrom-1024x803.jpg 1024w, https:\/\/hoyre.no\/content\/uploads\/sites\/180\/2023\/06\/Lillestrom.jpg 1200w\" sizes=\"auto, (max-width: 768px) 100vw, 768px\" \/>\t\t<\/div>\n\t\t\n\t\t\t<div class=\"teft-card__content-wrapper\">\n\t\t\t\t<div class=\"teft-card__secondary\">\n\t\t\t\t\t\n\t\t\t\t\t\t\t\t<div class=\"teft-card__meta\">\n\t\t\t\t\t\t\t\t\t<span class=\"post-date\">4. apr 2024<\/span>\n\n\t\t\t\t\t\t\t\t\t<span class=\"post-category\">Byutvikling<\/span>\t\t\t\t\t\t\t\t<\/div>\n\t\t\t\t\t\t\t\t\t\t\t<\/div>\n\n\t\t\t\t<div class=\"teft-card__primary\">\n\t\t\t\t\t<h2 class=\"teft-card__title\">Fremtidsrettet byutvikling: Parkering under bakken, ikke over&nbsp;<span class=\"teft-card__primary-title-append\"><\/span><\/h2>\t\t\t\t<\/div>\n\t\t\t<\/div>\n\t\t<\/a>\n\t<\/div>\n\n\t<\/div><\/div>\t<\/div>\n<\/div>\n","protected":false},"excerpt":{"rendered":"","protected":false},"author":27982,"featured_media":0,"comment_status":"closed","ping_status":"closed","sticky":false,"template":"","format":"standard","meta":{"teft_cards_image_url":"","teft_cards_custom_pretitle":"","teft_cards_image_id":463,"teft_cards_image_focal_point_x":0.5,"teft_cards_image_focal_point_y":0.5,"teft_cards_title":"","teft_cards_excerpt":"","teft_show_chapters":false,"author_display_name":"","footnotes":""},"category":[4],"post_tag":[],"hoyre-visibility":[],"article-type":[],"politician":[37],"class_list":["post-573","post","type-post","status-publish","format-standard","hentry","category-naering","politician-morten-thorvaldsen"],"yoast_head":"<!-- This site is optimized with the Yoast SEO plugin v26.6 - https:\/\/yoast.com\/wordpress\/plugins\/seo\/ -->\n<title>Vi m\u00e5 snakke med n\u00e6ringslivet, ikke tr\u00e5kke p\u00e5 dem - Lillestr\u00f8m H\u00f8yre<\/title>\n<meta name=\"robots\" content=\"index, follow, max-snippet:-1, max-image-preview:large, max-video-preview:-1\" \/>\n<link rel=\"canonical\" href=\"https:\/\/hoyre.no\/lillestrom\/aktuelt\/vi-ma-snakke-med-naeringslivet-ikke-trakke-pa-dem\/\" \/>\n<meta property=\"og:locale\" content=\"nb_NO\" \/>\n<meta property=\"og:type\" content=\"article\" \/>\n<meta property=\"og:title\" content=\"Vi m\u00e5 snakke med n\u00e6ringslivet, ikke tr\u00e5kke p\u00e5 dem - Lillestr\u00f8m H\u00f8yre\" \/>\n<meta property=\"og:url\" content=\"https:\/\/hoyre.no\/lillestrom\/aktuelt\/vi-ma-snakke-med-naeringslivet-ikke-trakke-pa-dem\/\" \/>\n<meta property=\"og:site_name\" content=\"Lillestr\u00f8m H\u00f8yre\" \/>\n<meta property=\"article:published_time\" content=\"2023-08-31T19:36:31+00:00\" \/>\n<meta property=\"article:modified_time\" content=\"2023-08-31T19:36:32+00:00\" \/>\n<meta property=\"og:image\" content=\"https:\/\/hoyre.no\/content\/uploads\/sites\/180\/2023\/06\/Lillestrom-1024x803.jpg\" \/>\n<meta name=\"author\" content=\"Thomas Langholen\" \/>\n<meta name=\"twitter:card\" content=\"summary_large_image\" \/>\n<meta name=\"twitter:label1\" content=\"Skrevet av\" \/>\n\t<meta name=\"twitter:data1\" content=\"Thomas Langholen\" \/>\n\t<meta name=\"twitter:label2\" content=\"Ansl. lesetid\" \/>\n\t<meta name=\"twitter:data2\" content=\"3 minutter\" \/>\n<script type=\"application\/ld+json\" class=\"yoast-schema-graph\">{\"@context\":\"https:\/\/schema.org\",\"@graph\":[{\"@type\":\"NewsArticle\",\"@id\":\"https:\/\/hoyre.no\/lillestrom\/aktuelt\/vi-ma-snakke-med-naeringslivet-ikke-trakke-pa-dem\/\",\"url\":\"https:\/\/hoyre.no\/lillestrom\/aktuelt\/vi-ma-snakke-med-naeringslivet-ikke-trakke-pa-dem\/\",\"name\":\"Vi m\u00e5 snakke med n\u00e6ringslivet, ikke tr\u00e5kke p\u00e5 dem - Lillestr\u00f8m H\u00f8yre\",\"isPartOf\":{\"@id\":\"https:\/\/hoyre.no\/lillestrom\/#website\"},\"datePublished\":\"2023-08-31T19:36:31+00:00\",\"dateModified\":\"2023-08-31T19:36:32+00:00\",\"author\":{\"@id\":\"https:\/\/hoyre.no\/lillestrom\/#\/schema\/person\/0bbacf2427431d46247b25a6cb645e05\"},\"breadcrumb\":{\"@id\":\"https:\/\/hoyre.no\/lillestrom\/aktuelt\/vi-ma-snakke-med-naeringslivet-ikke-trakke-pa-dem\/#breadcrumb\"},\"inLanguage\":\"nb-NO\",\"potentialAction\":[{\"@type\":\"ReadAction\",\"target\":[\"https:\/\/hoyre.no\/lillestrom\/aktuelt\/vi-ma-snakke-med-naeringslivet-ikke-trakke-pa-dem\/\"]}]},{\"@type\":\"BreadcrumbList\",\"@id\":\"https:\/\/hoyre.no\/lillestrom\/aktuelt\/vi-ma-snakke-med-naeringslivet-ikke-trakke-pa-dem\/#breadcrumb\",\"itemListElement\":[{\"@type\":\"ListItem\",\"position\":1,\"name\":\"Til hoyre.no\",\"item\":\"https:\/\/hoyre.no\"},{\"@type\":\"ListItem\",\"position\":2,\"name\":\"Hjem\",\"item\":\"https:\/\/hoyre.no\/lillestrom\/\"},{\"@type\":\"ListItem\",\"position\":3,\"name\":\"Vi m\u00e5 snakke med n\u00e6ringslivet, ikke tr\u00e5kke p\u00e5 dem\"}]},{\"@type\":\"WebSite\",\"@id\":\"https:\/\/hoyre.no\/lillestrom\/#website\",\"url\":\"https:\/\/hoyre.no\/lillestrom\/\",\"name\":\"Lillestr\u00f8m H\u00f8yre\",\"description\":\"Bare enda et H\u00f8yres nettsteder-nettsted\",\"inLanguage\":\"nb-NO\"},{\"@type\":\"Person\",\"@id\":\"https:\/\/hoyre.no\/lillestrom\/#\/schema\/person\/0bbacf2427431d46247b25a6cb645e05\",\"name\":\"Thomas Langholen\",\"image\":{\"@type\":\"ImageObject\",\"inLanguage\":\"nb-NO\",\"@id\":\"https:\/\/hoyre.no\/lillestrom\/#\/schema\/person\/image\/\",\"url\":\"https:\/\/secure.gravatar.com\/avatar\/7aa57898e344f3ebb73d3c256bd164f69ee67191198f9723f1c3c8177fabce2e?s=96&d=mm&r=g\",\"contentUrl\":\"https:\/\/secure.gravatar.com\/avatar\/7aa57898e344f3ebb73d3c256bd164f69ee67191198f9723f1c3c8177fabce2e?s=96&d=mm&r=g\",\"caption\":\"Thomas Langholen\"},\"url\":\"https:\/\/hoyre.no\/lillestrom\/aktuelt\/author\/m51513471\/\"}]}<\/script>\n<!-- \/ Yoast SEO plugin. -->","yoast_head_json":{"title":"Vi m\u00e5 snakke med n\u00e6ringslivet, ikke tr\u00e5kke p\u00e5 dem - Lillestr\u00f8m H\u00f8yre","robots":{"index":"index","follow":"follow","max-snippet":"max-snippet:-1","max-image-preview":"max-image-preview:large","max-video-preview":"max-video-preview:-1"},"canonical":"https:\/\/hoyre.no\/lillestrom\/aktuelt\/vi-ma-snakke-med-naeringslivet-ikke-trakke-pa-dem\/","og_locale":"nb_NO","og_type":"article","og_title":"Vi m\u00e5 snakke med n\u00e6ringslivet, ikke tr\u00e5kke p\u00e5 dem - Lillestr\u00f8m H\u00f8yre","og_url":"https:\/\/hoyre.no\/lillestrom\/aktuelt\/vi-ma-snakke-med-naeringslivet-ikke-trakke-pa-dem\/","og_site_name":"Lillestr\u00f8m H\u00f8yre","article_published_time":"2023-08-31T19:36:31+00:00","article_modified_time":"2023-08-31T19:36:32+00:00","og_image":[{"url":"https:\/\/hoyre.no\/content\/uploads\/sites\/180\/2023\/06\/Lillestrom-1024x803.jpg","width":"","height":"","type":""}],"author":"Thomas Langholen","twitter_card":"summary_large_image","twitter_misc":{"Skrevet av":"Thomas Langholen","Ansl. lesetid":"3 minutter"},"schema":{"@context":"https:\/\/schema.org","@graph":[{"@type":"NewsArticle","@id":"https:\/\/hoyre.no\/lillestrom\/aktuelt\/vi-ma-snakke-med-naeringslivet-ikke-trakke-pa-dem\/","url":"https:\/\/hoyre.no\/lillestrom\/aktuelt\/vi-ma-snakke-med-naeringslivet-ikke-trakke-pa-dem\/","name":"Vi m\u00e5 snakke med n\u00e6ringslivet, ikke tr\u00e5kke p\u00e5 dem - Lillestr\u00f8m H\u00f8yre","isPartOf":{"@id":"https:\/\/hoyre.no\/lillestrom\/#website"},"datePublished":"2023-08-31T19:36:31+00:00","dateModified":"2023-08-31T19:36:32+00:00","author":{"@id":"https:\/\/hoyre.no\/lillestrom\/#\/schema\/person\/0bbacf2427431d46247b25a6cb645e05"},"breadcrumb":{"@id":"https:\/\/hoyre.no\/lillestrom\/aktuelt\/vi-ma-snakke-med-naeringslivet-ikke-trakke-pa-dem\/#breadcrumb"},"inLanguage":"nb-NO","potentialAction":[{"@type":"ReadAction","target":["https:\/\/hoyre.no\/lillestrom\/aktuelt\/vi-ma-snakke-med-naeringslivet-ikke-trakke-pa-dem\/"]}]},{"@type":"BreadcrumbList","@id":"https:\/\/hoyre.no\/lillestrom\/aktuelt\/vi-ma-snakke-med-naeringslivet-ikke-trakke-pa-dem\/#breadcrumb","itemListElement":[{"@type":"ListItem","position":1,"name":"Til hoyre.no","item":"https:\/\/hoyre.no"},{"@type":"ListItem","position":2,"name":"Hjem","item":"https:\/\/hoyre.no\/lillestrom\/"},{"@type":"ListItem","position":3,"name":"Vi m\u00e5 snakke med n\u00e6ringslivet, ikke tr\u00e5kke p\u00e5 dem"}]},{"@type":"WebSite","@id":"https:\/\/hoyre.no\/lillestrom\/#website","url":"https:\/\/hoyre.no\/lillestrom\/","name":"Lillestr\u00f8m H\u00f8yre","description":"Bare enda et H\u00f8yres nettsteder-nettsted","inLanguage":"nb-NO"},{"@type":"Person","@id":"https:\/\/hoyre.no\/lillestrom\/#\/schema\/person\/0bbacf2427431d46247b25a6cb645e05","name":"Thomas Langholen","image":{"@type":"ImageObject","inLanguage":"nb-NO","@id":"https:\/\/hoyre.no\/lillestrom\/#\/schema\/person\/image\/","url":"https:\/\/secure.gravatar.com\/avatar\/7aa57898e344f3ebb73d3c256bd164f69ee67191198f9723f1c3c8177fabce2e?s=96&d=mm&r=g","contentUrl":"https:\/\/secure.gravatar.com\/avatar\/7aa57898e344f3ebb73d3c256bd164f69ee67191198f9723f1c3c8177fabce2e?s=96&d=mm&r=g","caption":"Thomas Langholen"},"url":"https:\/\/hoyre.no\/lillestrom\/aktuelt\/author\/m51513471\/"}]}},"distributor_meta":false,"distributor_terms":false,"distributor_media":false,"distributor_original_site_name":"Lillestr\u00f8m H\u00f8yre","distributor_original_site_url":"https:\/\/hoyre.no\/lillestrom","push-errors":false,"_links":{"self":[{"href":"https:\/\/hoyre.no\/lillestrom\/wp-json\/wp\/v2\/posts\/573","targetHints":{"allow":["GET"]}}],"collection":[{"href":"https:\/\/hoyre.no\/lillestrom\/wp-json\/wp\/v2\/posts"}],"about":[{"href":"https:\/\/hoyre.no\/lillestrom\/wp-json\/wp\/v2\/types\/post"}],"author":[{"embeddable":true,"href":"https:\/\/hoyre.no\/lillestrom\/wp-json\/wp\/v2\/users\/27982"}],"replies":[{"embeddable":true,"href":"https:\/\/hoyre.no\/lillestrom\/wp-json\/wp\/v2\/comments?post=573"}],"version-history":[{"count":1,"href":"https:\/\/hoyre.no\/lillestrom\/wp-json\/wp\/v2\/posts\/573\/revisions"}],"predecessor-version":[{"id":574,"href":"https:\/\/hoyre.no\/lillestrom\/wp-json\/wp\/v2\/posts\/573\/revisions\/574"}],"wp:attachment":[{"href":"https:\/\/hoyre.no\/lillestrom\/wp-json\/wp\/v2\/media?parent=573"}],"wp:term":[{"taxonomy":"category","embeddable":true,"href":"https:\/\/hoyre.no\/lillestrom\/wp-json\/wp\/v2\/category?post=573"},{"taxonomy":"post_tag","embeddable":true,"href":"https:\/\/hoyre.no\/lillestrom\/wp-json\/wp\/v2\/post_tag?post=573"},{"taxonomy":"hoyre-visibility","embeddable":true,"href":"https:\/\/hoyre.no\/lillestrom\/wp-json\/wp\/v2\/hoyre-visibility?post=573"},{"taxonomy":"article-type","embeddable":true,"href":"https:\/\/hoyre.no\/lillestrom\/wp-json\/wp\/v2\/article-type?post=573"},{"taxonomy":"politician","embeddable":true,"href":"https:\/\/hoyre.no\/lillestrom\/wp-json\/wp\/v2\/politician?post=573"}],"curies":[{"name":"wp","href":"https:\/\/api.w.org\/{rel}","templated":true}]}}