{"id":577,"date":"2023-09-06T18:29:16","date_gmt":"2023-09-06T16:29:16","guid":{"rendered":"https:\/\/hoyre.no\/lillestrom\/?p=577"},"modified":"2023-09-06T18:29:17","modified_gmt":"2023-09-06T16:29:17","slug":"inkludering-et-felles-ansvar","status":"publish","type":"post","link":"https:\/\/hoyre.no\/lillestrom\/aktuelt\/inkludering-et-felles-ansvar\/","title":{"rendered":"Inkludering et felles ansvar!"},"content":{"rendered":"\n<p class=\"preamble\">Vi har alle ett ansvar for \u00e5 ta imot nye mennesker som kommer til v\u00e5r kommune.<\/p>\t\t\t<div class=\"post-meta wp-block teft-byline-wrapper\">\n\t\t\t\t<div class=\"top\">\n\t\t\t\t\t<div class=\"signature\">\n\t\t\t\t\t\t<div class=\"teft-byline\">\n\t\t\t\t\t\t\t\t\t\t\t\t\t\t<div>\n\t\t\t\t\t\t\t\t<h3>H\u00f8yres redaksjon<\/h3>\t\t\t\t\t\t\t\t\n\t\t\t\t\t\t\t\t\t\t\t\t\t\t\t\t\t<span class=\"date\">Sist oppdatert: 6. september 2023<\/span>\n\t\t\t\t\t\t\t\t\t\t\t\t\t\t\t\t\t\t\t\t\t\t\t\t\t<span class=\"reading-time\" itemprop=\"timeRequired\" content=\"PT2M\"><em>Ca. 2 minutter lesetid<\/em><\/span>\n\t\t\t\t\t\t\t\t\t\t\t\t\t\t\t<\/div>\n\t\t\t\t\t\t<\/div>\n\t\t\t\t\t<\/div>\n\t\t\t\t\t\t<div class=\"sharing\">\n\t\t<a class=\"share-button share-link copy-link\" data-copy=\"https:\/\/hoyre.no\/lillestrom\/aktuelt\/inkludering-et-felles-ansvar\/\" target=\"_blank\"><span class=\"screen-reader-text\">Del link<\/span><\/a>\n\t\t<a class=\"share-button share-twitter\" href=\"http:\/\/twitter.com\/share?text=Inkludering et felles ansvar!&#038;url=https:\/\/hoyre.no\/lillestrom\/aktuelt\/inkludering-et-felles-ansvar\/&#038;hashtags=Hoyre\" target=\"_blank\"><span class=\"screen-reader-text\">Del p\u00e5 twitter<\/span><\/a>\n\t\t<a class=\"share-button share-facebook\" href=\"https:\/\/www.facebook.com\/sharer\/sharer.php?u=https:\/\/hoyre.no\/lillestrom\/aktuelt\/inkludering-et-felles-ansvar\/\" target=\"_blank\"><span class=\"screen-reader-text\">Del p\u00e5 facebook<\/span><\/a>\n\t<\/div>\n\t\t\t\t\t<\/div>\n\t\t\t<\/div>\n\n\t\t\t<figure class=\"hoyre-image-wrapper\"><div class=\"hoyre-image\"><img loading=\"lazy\" decoding=\"async\" width=\"2500\" height=\"1666\" src=\"https:\/\/hoyre.no\/content\/uploads\/sites\/180\/2023\/08\/jan.petter.myrvold_20230417_vs-scaled.jpg\" class=\"attachment-scaled size-scaled\" alt=\"\" style=\"object-position: 50% 50%\" srcset=\"https:\/\/hoyre.no\/content\/uploads\/sites\/180\/2023\/08\/jan.petter.myrvold_20230417_vs-scaled.jpg 2500w, https:\/\/hoyre.no\/content\/uploads\/sites\/180\/2023\/08\/jan.petter.myrvold_20230417_vs-300x200.jpg 300w, https:\/\/hoyre.no\/content\/uploads\/sites\/180\/2023\/08\/jan.petter.myrvold_20230417_vs-1024x683.jpg 1024w, https:\/\/hoyre.no\/content\/uploads\/sites\/180\/2023\/08\/jan.petter.myrvold_20230417_vs-768x512.jpg 768w, https:\/\/hoyre.no\/content\/uploads\/sites\/180\/2023\/08\/jan.petter.myrvold_20230417_vs-1536x1024.jpg 1536w, https:\/\/hoyre.no\/content\/uploads\/sites\/180\/2023\/08\/jan.petter.myrvold_20230417_vs-2048x1365.jpg 2048w\" sizes=\"auto, (max-width: 2500px) 100vw, 2500px\" \/><\/div><\/figure>\n\n\n\n\n<p>Det spiller ingen rolle hvor du som kommer til v\u00e5r kommune er fra. Om du er fra ett annet land eller fra en annen kommune, s\u00e5 skal du tas like godt imot. Det som er viktig, er at i utgangspunktet s\u00e5 er alle som flytter til Lillestr\u00f8m et unikt enkeltmenneske, som skal bli en del av fellesskapet.<\/p>\n\n\n\n<p>Samhandling mellom forskjellige sektorer og frivilligheten er n\u00f8kkelen til \u00e5 f\u00e5 dette til. Skole, helse, kultur og frivillige kan i fellesskap skape en arena som gj\u00f8r det mulig \u00e5 ta imot nye mennesker p\u00e5 en god m\u00e5te. Det f\u00f8rste de fleste, som kommer til v\u00e5r kommune m\u00f8ter er forskjellige former for kultur, idrett eller foreningsarbeid, derfor er det viktig \u00e5 styrke innsatsen p\u00e5 dette omr\u00e5de.<\/p>\n\n\n\n<p>Lillestr\u00f8m H\u00f8yre vil legge til rette for \u00e5 f\u00e5 dette til, gjennom \u00f8kt bruk av gratis lokaler p\u00e5 skolene, styrke tilskuddsordningene til idretten, lag og foreninger og flere m\u00f8teplasser. For oss er det viktig med en god bibliotekstruktur, fritidsklubber og andre naturlige m\u00f8teplasser i hele kommunen.<\/p>\n\n\n\n<p>For \u00e5 synliggj\u00f8re behovene og hva som m\u00e5 til, s\u00e5 er det viktig at vi f\u00e5r p\u00e5 plass en arena for id\u00e9myldring mellom det offentlige og de frivillige i v\u00e5r kommune. Lillestr\u00f8m H\u00f8yre vil arbeide med \u00e5 f\u00e5 dette p\u00e5 plass i den neste fire\u00e5rsperioden. For \u00e5 f\u00e5 Lillestr\u00f8m kommune til \u00e5 bli en mer inkluderende kommune, s\u00e5 m\u00e5 alle gode krefter spille p\u00e5 samme lag.<\/p>\n\n\n\n<p>Jan Petter Myrvold, listekandidat Lillestr\u00f8m H\u00f8yre, Skedsmokorset<\/p>\n\n\n<div class=\"tags\">\n\t<\/div>\n<div class=\"post-footer alignfull has-background block-editor-block-list__block\" data-align=full>\n\t<div class=\"post-footer-inner\">\n\t\t<h3>Relaterte artikler<\/h3>\n\t\t<div class=\"related-content\"><div class=\"is-card-hoyre\">\n\t<div class=\"teft-card hoyre-teft-card post-teft-card\">\n\t\t<a href=\"https:\/\/hoyre.no\/lillestrom\/aktuelt\/et-godt-budsjett-for-2024\/\" class=\"teft-card__primary-action\">\n\n\t\t\t\t\t<div class=\"teft-card__media teft-card__media--16-9\">\n\t\t\t\t\t\t<img loading=\"lazy\" decoding=\"async\" width=\"768\" height=\"768\" src=\"https:\/\/hoyre.no\/content\/uploads\/sites\/180\/2023\/12\/Budsjett24-768x768.jpg\" class=\"attachment-medium_large size-medium_large\" alt=\"\" srcset=\"https:\/\/hoyre.no\/content\/uploads\/sites\/180\/2023\/12\/Budsjett24-768x768.jpg 768w, https:\/\/hoyre.no\/content\/uploads\/sites\/180\/2023\/12\/Budsjett24-300x300.jpg 300w, https:\/\/hoyre.no\/content\/uploads\/sites\/180\/2023\/12\/Budsjett24-1024x1024.jpg 1024w, https:\/\/hoyre.no\/content\/uploads\/sites\/180\/2023\/12\/Budsjett24-150x150.jpg 150w, https:\/\/hoyre.no\/content\/uploads\/sites\/180\/2023\/12\/Budsjett24.jpg 1080w\" sizes=\"auto, (max-width: 768px) 100vw, 768px\" \/>\t\t<\/div>\n\t\t\n\t\t\t<div class=\"teft-card__content-wrapper\">\n\t\t\t\t<div class=\"teft-card__secondary\">\n\t\t\t\t\t\n\t\t\t\t\t\t\t\t<div class=\"teft-card__meta\">\n\t\t\t\t\t\t\t\t\t<span class=\"post-date\">19. des 2023<\/span>\n\n\t\t\t\t\t\t\t\t\t<span class=\"post-category\">\u00d8konomi<\/span>\t\t\t\t\t\t\t\t<\/div>\n\t\t\t\t\t\t\t\t\t\t\t<\/div>\n\n\t\t\t\t<div class=\"teft-card__primary\">\n\t\t\t\t\t<h2 class=\"teft-card__title\">Budsjett 2024&nbsp;<span class=\"teft-card__primary-title-append\"><\/span><\/h2>\t\t\t\t<\/div>\n\t\t\t<\/div>\n\t\t<\/a>\n\t<\/div>\n\n\t<\/div><div class=\"is-card-hoyre\">\n\t<div class=\"teft-card hoyre-teft-card post-teft-card\">\n\t\t<a href=\"https:\/\/hoyre.no\/lillestrom\/aktuelt\/program-for-2023-2027\/\" class=\"teft-card__primary-action\">\n\n\t\t\t\t\t<div class=\"teft-card__media teft-card__media--16-9\">\n\t\t\t\t\t\t<img loading=\"lazy\" decoding=\"async\" width=\"768\" height=\"429\" src=\"https:\/\/hoyre.no\/content\/uploads\/sites\/180\/2020\/11\/lillestrom_kjartanberland_860x480-768x429.jpg\" class=\"attachment-medium_large size-medium_large\" alt=\"\" srcset=\"https:\/\/hoyre.no\/content\/uploads\/sites\/180\/2020\/11\/lillestrom_kjartanberland_860x480-768x429.jpg 768w, https:\/\/hoyre.no\/content\/uploads\/sites\/180\/2020\/11\/lillestrom_kjartanberland_860x480-300x167.jpg 300w, https:\/\/hoyre.no\/content\/uploads\/sites\/180\/2020\/11\/lillestrom_kjartanberland_860x480.jpg 860w\" sizes=\"auto, (max-width: 768px) 100vw, 768px\" \/>\t\t<\/div>\n\t\t\n\t\t\t<div class=\"teft-card__content-wrapper\">\n\t\t\t\t<div class=\"teft-card__secondary\">\n\t\t\t\t\t\n\t\t\t\t\t\t\t\t<div class=\"teft-card__meta\">\n\t\t\t\t\t\t\t\t\t<span class=\"post-date\">30. jun 2023<\/span>\n\n\t\t\t\t\t\t\t\t\t<span class=\"post-category\">Ukategorisert<\/span>\t\t\t\t\t\t\t\t<\/div>\n\t\t\t\t\t\t\t\t\t\t\t<\/div>\n\n\t\t\t\t<div class=\"teft-card__primary\">\n\t\t\t\t\t<h2 class=\"teft-card__title\">Program for 2023-2027&nbsp;<span class=\"teft-card__primary-title-append\"><\/span><\/h2>\t\t\t\t<\/div>\n\t\t\t<\/div>\n\t\t<\/a>\n\t<\/div>\n\n\t<\/div><div class=\"is-card-hoyre\">\n\t<div class=\"teft-card hoyre-teft-card post-teft-card\">\n\t\t<a href=\"https:\/\/hoyre.no\/lillestrom\/aktuelt\/fremtidsrettet-byutvikling-parkering-under-bakken-ikke-over\/\" class=\"teft-card__primary-action\">\n\n\t\t\t\t\t<div class=\"teft-card__media teft-card__media--16-9\">\n\t\t\t\t\t\t<img loading=\"lazy\" decoding=\"async\" width=\"768\" height=\"602\" src=\"https:\/\/hoyre.no\/content\/uploads\/sites\/180\/2023\/06\/Lillestrom-768x602.jpg\" class=\"attachment-medium_large size-medium_large\" alt=\"\" srcset=\"https:\/\/hoyre.no\/content\/uploads\/sites\/180\/2023\/06\/Lillestrom-768x602.jpg 768w, https:\/\/hoyre.no\/content\/uploads\/sites\/180\/2023\/06\/Lillestrom-300x235.jpg 300w, https:\/\/hoyre.no\/content\/uploads\/sites\/180\/2023\/06\/Lillestrom-1024x803.jpg 1024w, https:\/\/hoyre.no\/content\/uploads\/sites\/180\/2023\/06\/Lillestrom.jpg 1200w\" sizes=\"auto, (max-width: 768px) 100vw, 768px\" \/>\t\t<\/div>\n\t\t\n\t\t\t<div class=\"teft-card__content-wrapper\">\n\t\t\t\t<div class=\"teft-card__secondary\">\n\t\t\t\t\t\n\t\t\t\t\t\t\t\t<div class=\"teft-card__meta\">\n\t\t\t\t\t\t\t\t\t<span class=\"post-date\">4. apr 2024<\/span>\n\n\t\t\t\t\t\t\t\t\t<span class=\"post-category\">Byutvikling<\/span>\t\t\t\t\t\t\t\t<\/div>\n\t\t\t\t\t\t\t\t\t\t\t<\/div>\n\n\t\t\t\t<div class=\"teft-card__primary\">\n\t\t\t\t\t<h2 class=\"teft-card__title\">Fremtidsrettet byutvikling: Parkering under bakken, ikke over&nbsp;<span class=\"teft-card__primary-title-append\"><\/span><\/h2>\t\t\t\t<\/div>\n\t\t\t<\/div>\n\t\t<\/a>\n\t<\/div>\n\n\t<\/div><\/div>\t<\/div>\n<\/div>\n","protected":false},"excerpt":{"rendered":"","protected":false},"author":27982,"featured_media":0,"comment_status":"closed","ping_status":"closed","sticky":false,"template":"","format":"standard","meta":{"teft_cards_image_url":"","teft_cards_custom_pretitle":"","teft_cards_image_id":467,"teft_cards_image_focal_point_x":0.5,"teft_cards_image_focal_point_y":0.5,"teft_cards_title":"","teft_cards_excerpt":"","teft_show_chapters":false,"author_display_name":"","footnotes":""},"category":[20],"post_tag":[],"hoyre-visibility":[],"article-type":[],"politician":[18],"class_list":["post-577","post","type-post","status-publish","format-standard","hentry","category-lokalpolitikk","politician-jan-petter-myrvold"],"yoast_head":"<!-- This site is optimized with the Yoast SEO plugin v26.6 - https:\/\/yoast.com\/wordpress\/plugins\/seo\/ -->\n<title>Inkludering et felles ansvar! - Lillestr\u00f8m H\u00f8yre<\/title>\n<meta name=\"robots\" content=\"index, follow, max-snippet:-1, max-image-preview:large, max-video-preview:-1\" \/>\n<link rel=\"canonical\" href=\"https:\/\/hoyre.no\/lillestrom\/aktuelt\/inkludering-et-felles-ansvar\/\" \/>\n<meta property=\"og:locale\" content=\"nb_NO\" \/>\n<meta property=\"og:type\" content=\"article\" \/>\n<meta property=\"og:title\" content=\"Inkludering et felles ansvar! - Lillestr\u00f8m H\u00f8yre\" \/>\n<meta property=\"og:url\" content=\"https:\/\/hoyre.no\/lillestrom\/aktuelt\/inkludering-et-felles-ansvar\/\" \/>\n<meta property=\"og:site_name\" content=\"Lillestr\u00f8m H\u00f8yre\" \/>\n<meta property=\"article:published_time\" content=\"2023-09-06T16:29:16+00:00\" \/>\n<meta property=\"article:modified_time\" content=\"2023-09-06T16:29:17+00:00\" \/>\n<meta property=\"og:image\" content=\"https:\/\/hoyre.no\/content\/uploads\/sites\/180\/2023\/06\/Lillestrom-1024x803.jpg\" \/>\n<meta name=\"author\" content=\"Thomas Langholen\" \/>\n<meta name=\"twitter:card\" content=\"summary_large_image\" \/>\n<meta name=\"twitter:label1\" content=\"Skrevet av\" \/>\n\t<meta name=\"twitter:data1\" content=\"Thomas Langholen\" \/>\n\t<meta name=\"twitter:label2\" content=\"Ansl. lesetid\" \/>\n\t<meta name=\"twitter:data2\" content=\"2 minutter\" \/>\n<script type=\"application\/ld+json\" class=\"yoast-schema-graph\">{\"@context\":\"https:\/\/schema.org\",\"@graph\":[{\"@type\":\"NewsArticle\",\"@id\":\"https:\/\/hoyre.no\/lillestrom\/aktuelt\/inkludering-et-felles-ansvar\/\",\"url\":\"https:\/\/hoyre.no\/lillestrom\/aktuelt\/inkludering-et-felles-ansvar\/\",\"name\":\"Inkludering et felles ansvar! - Lillestr\u00f8m H\u00f8yre\",\"isPartOf\":{\"@id\":\"https:\/\/hoyre.no\/lillestrom\/#website\"},\"datePublished\":\"2023-09-06T16:29:16+00:00\",\"dateModified\":\"2023-09-06T16:29:17+00:00\",\"author\":{\"@id\":\"https:\/\/hoyre.no\/lillestrom\/#\/schema\/person\/0bbacf2427431d46247b25a6cb645e05\"},\"breadcrumb\":{\"@id\":\"https:\/\/hoyre.no\/lillestrom\/aktuelt\/inkludering-et-felles-ansvar\/#breadcrumb\"},\"inLanguage\":\"nb-NO\",\"potentialAction\":[{\"@type\":\"ReadAction\",\"target\":[\"https:\/\/hoyre.no\/lillestrom\/aktuelt\/inkludering-et-felles-ansvar\/\"]}]},{\"@type\":\"BreadcrumbList\",\"@id\":\"https:\/\/hoyre.no\/lillestrom\/aktuelt\/inkludering-et-felles-ansvar\/#breadcrumb\",\"itemListElement\":[{\"@type\":\"ListItem\",\"position\":1,\"name\":\"Til hoyre.no\",\"item\":\"https:\/\/hoyre.no\"},{\"@type\":\"ListItem\",\"position\":2,\"name\":\"Hjem\",\"item\":\"https:\/\/hoyre.no\/lillestrom\/\"},{\"@type\":\"ListItem\",\"position\":3,\"name\":\"Inkludering et felles ansvar!\"}]},{\"@type\":\"WebSite\",\"@id\":\"https:\/\/hoyre.no\/lillestrom\/#website\",\"url\":\"https:\/\/hoyre.no\/lillestrom\/\",\"name\":\"Lillestr\u00f8m H\u00f8yre\",\"description\":\"Bare enda et H\u00f8yres nettsteder-nettsted\",\"inLanguage\":\"nb-NO\"},{\"@type\":\"Person\",\"@id\":\"https:\/\/hoyre.no\/lillestrom\/#\/schema\/person\/0bbacf2427431d46247b25a6cb645e05\",\"name\":\"Thomas Langholen\",\"image\":{\"@type\":\"ImageObject\",\"inLanguage\":\"nb-NO\",\"@id\":\"https:\/\/hoyre.no\/lillestrom\/#\/schema\/person\/image\/\",\"url\":\"https:\/\/secure.gravatar.com\/avatar\/7aa57898e344f3ebb73d3c256bd164f69ee67191198f9723f1c3c8177fabce2e?s=96&d=mm&r=g\",\"contentUrl\":\"https:\/\/secure.gravatar.com\/avatar\/7aa57898e344f3ebb73d3c256bd164f69ee67191198f9723f1c3c8177fabce2e?s=96&d=mm&r=g\",\"caption\":\"Thomas Langholen\"},\"url\":\"https:\/\/hoyre.no\/lillestrom\/aktuelt\/author\/m51513471\/\"}]}<\/script>\n<!-- \/ Yoast SEO plugin. -->","yoast_head_json":{"title":"Inkludering et felles ansvar! - Lillestr\u00f8m H\u00f8yre","robots":{"index":"index","follow":"follow","max-snippet":"max-snippet:-1","max-image-preview":"max-image-preview:large","max-video-preview":"max-video-preview:-1"},"canonical":"https:\/\/hoyre.no\/lillestrom\/aktuelt\/inkludering-et-felles-ansvar\/","og_locale":"nb_NO","og_type":"article","og_title":"Inkludering et felles ansvar! - Lillestr\u00f8m H\u00f8yre","og_url":"https:\/\/hoyre.no\/lillestrom\/aktuelt\/inkludering-et-felles-ansvar\/","og_site_name":"Lillestr\u00f8m H\u00f8yre","article_published_time":"2023-09-06T16:29:16+00:00","article_modified_time":"2023-09-06T16:29:17+00:00","og_image":[{"url":"https:\/\/hoyre.no\/content\/uploads\/sites\/180\/2023\/06\/Lillestrom-1024x803.jpg","width":"","height":"","type":""}],"author":"Thomas Langholen","twitter_card":"summary_large_image","twitter_misc":{"Skrevet av":"Thomas Langholen","Ansl. lesetid":"2 minutter"},"schema":{"@context":"https:\/\/schema.org","@graph":[{"@type":"NewsArticle","@id":"https:\/\/hoyre.no\/lillestrom\/aktuelt\/inkludering-et-felles-ansvar\/","url":"https:\/\/hoyre.no\/lillestrom\/aktuelt\/inkludering-et-felles-ansvar\/","name":"Inkludering et felles ansvar! - Lillestr\u00f8m H\u00f8yre","isPartOf":{"@id":"https:\/\/hoyre.no\/lillestrom\/#website"},"datePublished":"2023-09-06T16:29:16+00:00","dateModified":"2023-09-06T16:29:17+00:00","author":{"@id":"https:\/\/hoyre.no\/lillestrom\/#\/schema\/person\/0bbacf2427431d46247b25a6cb645e05"},"breadcrumb":{"@id":"https:\/\/hoyre.no\/lillestrom\/aktuelt\/inkludering-et-felles-ansvar\/#breadcrumb"},"inLanguage":"nb-NO","potentialAction":[{"@type":"ReadAction","target":["https:\/\/hoyre.no\/lillestrom\/aktuelt\/inkludering-et-felles-ansvar\/"]}]},{"@type":"BreadcrumbList","@id":"https:\/\/hoyre.no\/lillestrom\/aktuelt\/inkludering-et-felles-ansvar\/#breadcrumb","itemListElement":[{"@type":"ListItem","position":1,"name":"Til hoyre.no","item":"https:\/\/hoyre.no"},{"@type":"ListItem","position":2,"name":"Hjem","item":"https:\/\/hoyre.no\/lillestrom\/"},{"@type":"ListItem","position":3,"name":"Inkludering et felles ansvar!"}]},{"@type":"WebSite","@id":"https:\/\/hoyre.no\/lillestrom\/#website","url":"https:\/\/hoyre.no\/lillestrom\/","name":"Lillestr\u00f8m H\u00f8yre","description":"Bare enda et H\u00f8yres nettsteder-nettsted","inLanguage":"nb-NO"},{"@type":"Person","@id":"https:\/\/hoyre.no\/lillestrom\/#\/schema\/person\/0bbacf2427431d46247b25a6cb645e05","name":"Thomas Langholen","image":{"@type":"ImageObject","inLanguage":"nb-NO","@id":"https:\/\/hoyre.no\/lillestrom\/#\/schema\/person\/image\/","url":"https:\/\/secure.gravatar.com\/avatar\/7aa57898e344f3ebb73d3c256bd164f69ee67191198f9723f1c3c8177fabce2e?s=96&d=mm&r=g","contentUrl":"https:\/\/secure.gravatar.com\/avatar\/7aa57898e344f3ebb73d3c256bd164f69ee67191198f9723f1c3c8177fabce2e?s=96&d=mm&r=g","caption":"Thomas Langholen"},"url":"https:\/\/hoyre.no\/lillestrom\/aktuelt\/author\/m51513471\/"}]}},"distributor_meta":false,"distributor_terms":false,"distributor_media":false,"distributor_original_site_name":"Lillestr\u00f8m H\u00f8yre","distributor_original_site_url":"https:\/\/hoyre.no\/lillestrom","push-errors":false,"_links":{"self":[{"href":"https:\/\/hoyre.no\/lillestrom\/wp-json\/wp\/v2\/posts\/577","targetHints":{"allow":["GET"]}}],"collection":[{"href":"https:\/\/hoyre.no\/lillestrom\/wp-json\/wp\/v2\/posts"}],"about":[{"href":"https:\/\/hoyre.no\/lillestrom\/wp-json\/wp\/v2\/types\/post"}],"author":[{"embeddable":true,"href":"https:\/\/hoyre.no\/lillestrom\/wp-json\/wp\/v2\/users\/27982"}],"replies":[{"embeddable":true,"href":"https:\/\/hoyre.no\/lillestrom\/wp-json\/wp\/v2\/comments?post=577"}],"version-history":[{"count":1,"href":"https:\/\/hoyre.no\/lillestrom\/wp-json\/wp\/v2\/posts\/577\/revisions"}],"predecessor-version":[{"id":578,"href":"https:\/\/hoyre.no\/lillestrom\/wp-json\/wp\/v2\/posts\/577\/revisions\/578"}],"wp:attachment":[{"href":"https:\/\/hoyre.no\/lillestrom\/wp-json\/wp\/v2\/media?parent=577"}],"wp:term":[{"taxonomy":"category","embeddable":true,"href":"https:\/\/hoyre.no\/lillestrom\/wp-json\/wp\/v2\/category?post=577"},{"taxonomy":"post_tag","embeddable":true,"href":"https:\/\/hoyre.no\/lillestrom\/wp-json\/wp\/v2\/post_tag?post=577"},{"taxonomy":"hoyre-visibility","embeddable":true,"href":"https:\/\/hoyre.no\/lillestrom\/wp-json\/wp\/v2\/hoyre-visibility?post=577"},{"taxonomy":"article-type","embeddable":true,"href":"https:\/\/hoyre.no\/lillestrom\/wp-json\/wp\/v2\/article-type?post=577"},{"taxonomy":"politician","embeddable":true,"href":"https:\/\/hoyre.no\/lillestrom\/wp-json\/wp\/v2\/politician?post=577"}],"curies":[{"name":"wp","href":"https:\/\/api.w.org\/{rel}","templated":true}]}}