{"id":584,"date":"2023-09-09T08:52:21","date_gmt":"2023-09-09T06:52:21","guid":{"rendered":"https:\/\/hoyre.no\/lillestrom\/?p=584"},"modified":"2023-09-09T08:52:22","modified_gmt":"2023-09-09T06:52:22","slug":"gode-losninger-ikke-ideologi","status":"publish","type":"post","link":"https:\/\/hoyre.no\/lillestrom\/aktuelt\/gode-losninger-ikke-ideologi\/","title":{"rendered":"Gode l\u00f8sninger \u2013 ikke ideologi"},"content":{"rendered":"\n<p class=\"preamble\">B\u00e5de ordf\u00f8rer J\u00f8rgen Vik og Aps Yngve Lofthus Teigen skryter av at alt g\u00e5r s\u00e5 meget bedre i kommunen n\u00e5. Dette med henvisning til det nylige publiserte Kommunebarometeret.<\/p>\t\t\t<div class=\"post-meta wp-block teft-byline-wrapper\">\n\t\t\t\t<div class=\"top\">\n\t\t\t\t\t<div class=\"signature\">\n\t\t\t\t\t\t<div class=\"teft-byline\">\n\t\t\t\t\t\t\t\t\t\t\t\t\t\t<div>\n\t\t\t\t\t\t\t\t<h3>H\u00f8yres redaksjon<\/h3>\t\t\t\t\t\t\t\t\n\t\t\t\t\t\t\t\t\t\t\t\t\t\t\t\t\t<span class=\"date\">Sist oppdatert: 9. september 2023<\/span>\n\t\t\t\t\t\t\t\t\t\t\t\t\t\t\t\t\t\t\t\t\t\t\t\t\t<span class=\"reading-time\" itemprop=\"timeRequired\" content=\"PT3M\"><em>Ca. 3 minutter lesetid<\/em><\/span>\n\t\t\t\t\t\t\t\t\t\t\t\t\t\t\t<\/div>\n\t\t\t\t\t\t<\/div>\n\t\t\t\t\t<\/div>\n\t\t\t\t\t\t<div class=\"sharing\">\n\t\t<a class=\"share-button share-link copy-link\" data-copy=\"https:\/\/hoyre.no\/lillestrom\/aktuelt\/gode-losninger-ikke-ideologi\/\" target=\"_blank\"><span class=\"screen-reader-text\">Del link<\/span><\/a>\n\t\t<a class=\"share-button share-twitter\" href=\"http:\/\/twitter.com\/share?text=Gode l\u00f8sninger \u2013 ikke ideologi&#038;url=https:\/\/hoyre.no\/lillestrom\/aktuelt\/gode-losninger-ikke-ideologi\/&#038;hashtags=Hoyre\" target=\"_blank\"><span class=\"screen-reader-text\">Del p\u00e5 twitter<\/span><\/a>\n\t\t<a class=\"share-button share-facebook\" href=\"https:\/\/www.facebook.com\/sharer\/sharer.php?u=https:\/\/hoyre.no\/lillestrom\/aktuelt\/gode-losninger-ikke-ideologi\/\" target=\"_blank\"><span class=\"screen-reader-text\">Del p\u00e5 facebook<\/span><\/a>\n\t<\/div>\n\t\t\t\t\t<\/div>\n\t\t\t<\/div>\n\n\t\t\t<figure class=\"hoyre-image-wrapper\"><div class=\"hoyre-image\"><img loading=\"lazy\" decoding=\"async\" width=\"1750\" height=\"1167\" src=\"https:\/\/hoyre.no\/content\/uploads\/sites\/180\/2023\/08\/ole.magnus.hjuser_20230417_vs.jpg\" class=\"attachment-scaled size-scaled\" alt=\"\" style=\"object-position: 50% 50%\" srcset=\"https:\/\/hoyre.no\/content\/uploads\/sites\/180\/2023\/08\/ole.magnus.hjuser_20230417_vs.jpg 1750w, https:\/\/hoyre.no\/content\/uploads\/sites\/180\/2023\/08\/ole.magnus.hjuser_20230417_vs-300x200.jpg 300w, https:\/\/hoyre.no\/content\/uploads\/sites\/180\/2023\/08\/ole.magnus.hjuser_20230417_vs-1024x683.jpg 1024w, https:\/\/hoyre.no\/content\/uploads\/sites\/180\/2023\/08\/ole.magnus.hjuser_20230417_vs-768x512.jpg 768w, https:\/\/hoyre.no\/content\/uploads\/sites\/180\/2023\/08\/ole.magnus.hjuser_20230417_vs-1536x1024.jpg 1536w\" sizes=\"auto, (max-width: 1750px) 100vw, 1750px\" \/><\/div><\/figure>\n\n\n\n\n<p>Kommunebarometeret er en \u00abkarakterbok\u00bb p\u00e5 hvordan det st\u00e5r til med de tjenesteomr\u00e5der kommunen har ansvaret for. Alts\u00e5 de oppgavene vi innbyggere i fellesskap har sagt vi skal l\u00f8se sammen. Tja, takket v\u00e6re den usosiale eiendomsskatten, h\u00f8ye avgifter og gebyrer scorer kommunen totalt sett OK. Det er faget \u00ab\u00f8konomi\u00bb som trekker opp snittet betydelig.<\/p>\n\n\n\n<p>God \u00f8konomisk styring er bra, men kommunen er ingen butikk. De kommunale midlene m\u00e5 omsettes i gode og kostnadseffektive tjenester.<\/p>\n\n\n\n<p>Det Vik og Teigen unnlater \u00e5 fortelle er hvordan det st\u00e5r til i alle de andre tjenesteomr\u00e5dene i kommunen. Der er det dessverre \u00abstryk\u00bb i mange fag.<\/p>\n\n\n\n<p>Kommunebarometeret viser faktisk at Lillestr\u00f8m kommunen er p\u00e5 feil vei innenfor:<\/p>\n\n\n\n<ul class=\"wp-block-list\"><li>Pleie og omsorg (159 plass, ned 6 plasser)<\/li><li>Barnehage (309 plass, ned 18 plasser)<\/li><li>Sosialtjeneste (179 plass, ned 10 plasser)<\/li><li>Vann, avl\u00f8p og renovasjon (109 plass, ned 35 plasser).<\/li><\/ul>\n\n\n\n<p>I tillegg scorer Lillestr\u00f8m kommunen i beste fall middelm\u00e5dig p\u00e5:<\/p>\n\n\n\n<ul class=\"wp-block-list\"><li>Grunnskole (156 plass)<\/li><li>Saksbehandling (201 plass)<\/li><li>Helse (218 plass).<\/li><\/ul>\n\n\n\n<p>Dette betyr at mange innbyggere ikke f\u00e5r det de fortjener, betaler for og har krav p\u00e5.<\/p>\n\n\n\n<p>Fakta er at dagens politikk ikke virker.<\/p>\n\n\n\n<p>Dette er det politiske ansvar sittende regime har. Ikke skyld p\u00e5 alle de dyktige medarbeiderne som l\u00f8per og jobber for at innbyggerne skal f\u00e5 god oppf\u00f8lging. Rammebetingelser, m\u00e5l og styring m\u00e5 bli bedre.<\/p>\n\n\n\n<p>Med innbyggerne i fokus og de riktige l\u00f8sningene kan man styre ressursene til bedre og mer kostnadseffektive tjenester. Da m\u00e5 man ta alle gode krefter i bruk.<\/p>\n\n\n\n<p>H\u00f8yre vil blant annet:<\/p>\n\n\n\n<ul class=\"wp-block-list\"><li>Jobbe for et mer aldersvennlig lokalsamfunn og en god eldreomsorg<\/li><li>Utvide kapasiteten p\u00e5 held\u00f8gns omsorgsplasser<\/li><li>Innf\u00f8re et \u00abHelsepersonell \u2013 l\u00f8ftet\u00bb, som styrker blant annet styrker kompetansen til alle som jobber innfor pleie- og omsorg.<\/li><li>Styrke den frivillige innsatsen gjennom gode tilskuddsordninger for frivillige og ideelle organisasjoner<\/li><li>Innf\u00f8re fritt brukervalg der det er hensiktsmessig<\/li><li>Ha et variert tilbud av offentlige, ideelle og private barnehager for \u00e5 sikre mangfold og valgfrihet<\/li><li>At alle barn skal kunne lese, skrive og regne skikkelig n\u00e5r de g\u00e5r ut av grunnskolen<\/li><li>Prioritere tidlig innsats gjennom hele skolel\u00f8pet og sikre at retten til intensivoppl\u00e6ring i lesing, skriving og regning oppfylles.<\/li><\/ul>\n\n\n\n<p>H\u00f8yre har tro p\u00e5 \u00abMuligheter for alle\u00bb og at v\u00e5re l\u00f8sninger for fellesskapet gir bedre og mer kostnadseffektive tjenester for innbyggerne.<\/p>\n\n\n\n<p>Det er folket vi politikere og offentlig ansatte er til for. Ikke glem det.<\/p>\n\n\n\n<p>Ja, en ting skal Loftus Teigen ha rett i. Dette er \u00abEt skjebnevalg for Lillestr\u00f8m kommune\u00bb.<\/p>\n\n\n\n<p>Det betyr noe hvem som styrer der du bor.<\/p>\n\n\n\n<p>Godt valg!<\/p>\n\n\n<div class=\"tags\">\n\t<\/div>\n<div class=\"post-footer alignfull has-background block-editor-block-list__block\" data-align=full>\n\t<div class=\"post-footer-inner\">\n\t\t<h3>Relaterte artikler<\/h3>\n\t\t<div class=\"related-content\"><div class=\"is-card-hoyre\">\n\t<div class=\"teft-card hoyre-teft-card post-teft-card\">\n\t\t<a href=\"https:\/\/hoyre.no\/lillestrom\/aktuelt\/et-godt-budsjett-for-2024\/\" class=\"teft-card__primary-action\">\n\n\t\t\t\t\t<div class=\"teft-card__media teft-card__media--16-9\">\n\t\t\t\t\t\t<img loading=\"lazy\" decoding=\"async\" width=\"768\" height=\"768\" src=\"https:\/\/hoyre.no\/content\/uploads\/sites\/180\/2023\/12\/Budsjett24-768x768.jpg\" class=\"attachment-medium_large size-medium_large\" alt=\"\" srcset=\"https:\/\/hoyre.no\/content\/uploads\/sites\/180\/2023\/12\/Budsjett24-768x768.jpg 768w, https:\/\/hoyre.no\/content\/uploads\/sites\/180\/2023\/12\/Budsjett24-300x300.jpg 300w, https:\/\/hoyre.no\/content\/uploads\/sites\/180\/2023\/12\/Budsjett24-1024x1024.jpg 1024w, https:\/\/hoyre.no\/content\/uploads\/sites\/180\/2023\/12\/Budsjett24-150x150.jpg 150w, https:\/\/hoyre.no\/content\/uploads\/sites\/180\/2023\/12\/Budsjett24.jpg 1080w\" sizes=\"auto, (max-width: 768px) 100vw, 768px\" \/>\t\t<\/div>\n\t\t\n\t\t\t<div class=\"teft-card__content-wrapper\">\n\t\t\t\t<div class=\"teft-card__secondary\">\n\t\t\t\t\t\n\t\t\t\t\t\t\t\t<div class=\"teft-card__meta\">\n\t\t\t\t\t\t\t\t\t<span class=\"post-date\">19. des 2023<\/span>\n\n\t\t\t\t\t\t\t\t\t<span class=\"post-category\">\u00d8konomi<\/span>\t\t\t\t\t\t\t\t<\/div>\n\t\t\t\t\t\t\t\t\t\t\t<\/div>\n\n\t\t\t\t<div class=\"teft-card__primary\">\n\t\t\t\t\t<h2 class=\"teft-card__title\">Budsjett 2024&nbsp;<span class=\"teft-card__primary-title-append\"><\/span><\/h2>\t\t\t\t<\/div>\n\t\t\t<\/div>\n\t\t<\/a>\n\t<\/div>\n\n\t<\/div><div class=\"is-card-hoyre\">\n\t<div class=\"teft-card hoyre-teft-card post-teft-card\">\n\t\t<a href=\"https:\/\/hoyre.no\/lillestrom\/aktuelt\/program-for-2023-2027\/\" class=\"teft-card__primary-action\">\n\n\t\t\t\t\t<div class=\"teft-card__media teft-card__media--16-9\">\n\t\t\t\t\t\t<img loading=\"lazy\" decoding=\"async\" width=\"768\" height=\"429\" src=\"https:\/\/hoyre.no\/content\/uploads\/sites\/180\/2020\/11\/lillestrom_kjartanberland_860x480-768x429.jpg\" class=\"attachment-medium_large size-medium_large\" alt=\"\" srcset=\"https:\/\/hoyre.no\/content\/uploads\/sites\/180\/2020\/11\/lillestrom_kjartanberland_860x480-768x429.jpg 768w, https:\/\/hoyre.no\/content\/uploads\/sites\/180\/2020\/11\/lillestrom_kjartanberland_860x480-300x167.jpg 300w, https:\/\/hoyre.no\/content\/uploads\/sites\/180\/2020\/11\/lillestrom_kjartanberland_860x480.jpg 860w\" sizes=\"auto, (max-width: 768px) 100vw, 768px\" \/>\t\t<\/div>\n\t\t\n\t\t\t<div class=\"teft-card__content-wrapper\">\n\t\t\t\t<div class=\"teft-card__secondary\">\n\t\t\t\t\t\n\t\t\t\t\t\t\t\t<div class=\"teft-card__meta\">\n\t\t\t\t\t\t\t\t\t<span class=\"post-date\">30. jun 2023<\/span>\n\n\t\t\t\t\t\t\t\t\t<span class=\"post-category\">Ukategorisert<\/span>\t\t\t\t\t\t\t\t<\/div>\n\t\t\t\t\t\t\t\t\t\t\t<\/div>\n\n\t\t\t\t<div class=\"teft-card__primary\">\n\t\t\t\t\t<h2 class=\"teft-card__title\">Program for 2023-2027&nbsp;<span class=\"teft-card__primary-title-append\"><\/span><\/h2>\t\t\t\t<\/div>\n\t\t\t<\/div>\n\t\t<\/a>\n\t<\/div>\n\n\t<\/div><div class=\"is-card-hoyre\">\n\t<div class=\"teft-card hoyre-teft-card post-teft-card\">\n\t\t<a href=\"https:\/\/hoyre.no\/lillestrom\/aktuelt\/fremtidsrettet-byutvikling-parkering-under-bakken-ikke-over\/\" class=\"teft-card__primary-action\">\n\n\t\t\t\t\t<div class=\"teft-card__media teft-card__media--16-9\">\n\t\t\t\t\t\t<img loading=\"lazy\" decoding=\"async\" width=\"768\" height=\"602\" src=\"https:\/\/hoyre.no\/content\/uploads\/sites\/180\/2023\/06\/Lillestrom-768x602.jpg\" class=\"attachment-medium_large size-medium_large\" alt=\"\" srcset=\"https:\/\/hoyre.no\/content\/uploads\/sites\/180\/2023\/06\/Lillestrom-768x602.jpg 768w, https:\/\/hoyre.no\/content\/uploads\/sites\/180\/2023\/06\/Lillestrom-300x235.jpg 300w, https:\/\/hoyre.no\/content\/uploads\/sites\/180\/2023\/06\/Lillestrom-1024x803.jpg 1024w, https:\/\/hoyre.no\/content\/uploads\/sites\/180\/2023\/06\/Lillestrom.jpg 1200w\" sizes=\"auto, (max-width: 768px) 100vw, 768px\" \/>\t\t<\/div>\n\t\t\n\t\t\t<div class=\"teft-card__content-wrapper\">\n\t\t\t\t<div class=\"teft-card__secondary\">\n\t\t\t\t\t\n\t\t\t\t\t\t\t\t<div class=\"teft-card__meta\">\n\t\t\t\t\t\t\t\t\t<span class=\"post-date\">4. apr 2024<\/span>\n\n\t\t\t\t\t\t\t\t\t<span class=\"post-category\">Byutvikling<\/span>\t\t\t\t\t\t\t\t<\/div>\n\t\t\t\t\t\t\t\t\t\t\t<\/div>\n\n\t\t\t\t<div class=\"teft-card__primary\">\n\t\t\t\t\t<h2 class=\"teft-card__title\">Fremtidsrettet byutvikling: Parkering under bakken, ikke over&nbsp;<span class=\"teft-card__primary-title-append\"><\/span><\/h2>\t\t\t\t<\/div>\n\t\t\t<\/div>\n\t\t<\/a>\n\t<\/div>\n\n\t<\/div><\/div>\t<\/div>\n<\/div>\n","protected":false},"excerpt":{"rendered":"","protected":false},"author":27982,"featured_media":0,"comment_status":"closed","ping_status":"closed","sticky":false,"template":"","format":"standard","meta":{"teft_cards_image_url":"","teft_cards_custom_pretitle":"","teft_cards_image_id":490,"teft_cards_image_focal_point_x":0.5,"teft_cards_image_focal_point_y":0.5,"teft_cards_title":"","teft_cards_excerpt":"","teft_show_chapters":false,"author_display_name":"","footnotes":""},"category":[20],"post_tag":[],"hoyre-visibility":[],"article-type":[],"politician":[38],"class_list":["post-584","post","type-post","status-publish","format-standard","hentry","category-lokalpolitikk","politician-ole-magnus-huser"],"yoast_head":"<!-- This site is optimized with the Yoast SEO plugin v26.6 - https:\/\/yoast.com\/wordpress\/plugins\/seo\/ -->\n<title>Gode l\u00f8sninger \u2013 ikke ideologi - Lillestr\u00f8m H\u00f8yre<\/title>\n<meta name=\"robots\" content=\"index, follow, max-snippet:-1, max-image-preview:large, max-video-preview:-1\" \/>\n<link rel=\"canonical\" href=\"https:\/\/hoyre.no\/lillestrom\/aktuelt\/gode-losninger-ikke-ideologi\/\" \/>\n<meta property=\"og:locale\" content=\"nb_NO\" \/>\n<meta property=\"og:type\" content=\"article\" \/>\n<meta property=\"og:title\" content=\"Gode l\u00f8sninger \u2013 ikke ideologi - Lillestr\u00f8m H\u00f8yre\" \/>\n<meta property=\"og:url\" content=\"https:\/\/hoyre.no\/lillestrom\/aktuelt\/gode-losninger-ikke-ideologi\/\" \/>\n<meta property=\"og:site_name\" content=\"Lillestr\u00f8m H\u00f8yre\" \/>\n<meta property=\"article:published_time\" content=\"2023-09-09T06:52:21+00:00\" \/>\n<meta property=\"article:modified_time\" content=\"2023-09-09T06:52:22+00:00\" \/>\n<meta property=\"og:image\" content=\"https:\/\/hoyre.no\/content\/uploads\/sites\/180\/2023\/06\/Lillestrom-1024x803.jpg\" \/>\n<meta name=\"author\" content=\"Thomas Langholen\" \/>\n<meta name=\"twitter:card\" content=\"summary_large_image\" \/>\n<meta name=\"twitter:label1\" content=\"Skrevet av\" \/>\n\t<meta name=\"twitter:data1\" content=\"Thomas Langholen\" \/>\n\t<meta name=\"twitter:label2\" content=\"Ansl. lesetid\" \/>\n\t<meta name=\"twitter:data2\" content=\"3 minutter\" \/>\n<script type=\"application\/ld+json\" class=\"yoast-schema-graph\">{\"@context\":\"https:\/\/schema.org\",\"@graph\":[{\"@type\":\"NewsArticle\",\"@id\":\"https:\/\/hoyre.no\/lillestrom\/aktuelt\/gode-losninger-ikke-ideologi\/\",\"url\":\"https:\/\/hoyre.no\/lillestrom\/aktuelt\/gode-losninger-ikke-ideologi\/\",\"name\":\"Gode l\u00f8sninger \u2013 ikke ideologi - Lillestr\u00f8m H\u00f8yre\",\"isPartOf\":{\"@id\":\"https:\/\/hoyre.no\/lillestrom\/#website\"},\"datePublished\":\"2023-09-09T06:52:21+00:00\",\"dateModified\":\"2023-09-09T06:52:22+00:00\",\"author\":{\"@id\":\"https:\/\/hoyre.no\/lillestrom\/#\/schema\/person\/0bbacf2427431d46247b25a6cb645e05\"},\"breadcrumb\":{\"@id\":\"https:\/\/hoyre.no\/lillestrom\/aktuelt\/gode-losninger-ikke-ideologi\/#breadcrumb\"},\"inLanguage\":\"nb-NO\",\"potentialAction\":[{\"@type\":\"ReadAction\",\"target\":[\"https:\/\/hoyre.no\/lillestrom\/aktuelt\/gode-losninger-ikke-ideologi\/\"]}]},{\"@type\":\"BreadcrumbList\",\"@id\":\"https:\/\/hoyre.no\/lillestrom\/aktuelt\/gode-losninger-ikke-ideologi\/#breadcrumb\",\"itemListElement\":[{\"@type\":\"ListItem\",\"position\":1,\"name\":\"Til hoyre.no\",\"item\":\"https:\/\/hoyre.no\"},{\"@type\":\"ListItem\",\"position\":2,\"name\":\"Hjem\",\"item\":\"https:\/\/hoyre.no\/lillestrom\/\"},{\"@type\":\"ListItem\",\"position\":3,\"name\":\"Gode l\u00f8sninger \u2013 ikke ideologi\"}]},{\"@type\":\"WebSite\",\"@id\":\"https:\/\/hoyre.no\/lillestrom\/#website\",\"url\":\"https:\/\/hoyre.no\/lillestrom\/\",\"name\":\"Lillestr\u00f8m H\u00f8yre\",\"description\":\"Bare enda et H\u00f8yres nettsteder-nettsted\",\"inLanguage\":\"nb-NO\"},{\"@type\":\"Person\",\"@id\":\"https:\/\/hoyre.no\/lillestrom\/#\/schema\/person\/0bbacf2427431d46247b25a6cb645e05\",\"name\":\"Thomas Langholen\",\"image\":{\"@type\":\"ImageObject\",\"inLanguage\":\"nb-NO\",\"@id\":\"https:\/\/hoyre.no\/lillestrom\/#\/schema\/person\/image\/\",\"url\":\"https:\/\/secure.gravatar.com\/avatar\/7aa57898e344f3ebb73d3c256bd164f69ee67191198f9723f1c3c8177fabce2e?s=96&d=mm&r=g\",\"contentUrl\":\"https:\/\/secure.gravatar.com\/avatar\/7aa57898e344f3ebb73d3c256bd164f69ee67191198f9723f1c3c8177fabce2e?s=96&d=mm&r=g\",\"caption\":\"Thomas Langholen\"},\"url\":\"https:\/\/hoyre.no\/lillestrom\/aktuelt\/author\/m51513471\/\"}]}<\/script>\n<!-- \/ Yoast SEO plugin. -->","yoast_head_json":{"title":"Gode l\u00f8sninger \u2013 ikke ideologi - Lillestr\u00f8m H\u00f8yre","robots":{"index":"index","follow":"follow","max-snippet":"max-snippet:-1","max-image-preview":"max-image-preview:large","max-video-preview":"max-video-preview:-1"},"canonical":"https:\/\/hoyre.no\/lillestrom\/aktuelt\/gode-losninger-ikke-ideologi\/","og_locale":"nb_NO","og_type":"article","og_title":"Gode l\u00f8sninger \u2013 ikke ideologi - Lillestr\u00f8m H\u00f8yre","og_url":"https:\/\/hoyre.no\/lillestrom\/aktuelt\/gode-losninger-ikke-ideologi\/","og_site_name":"Lillestr\u00f8m H\u00f8yre","article_published_time":"2023-09-09T06:52:21+00:00","article_modified_time":"2023-09-09T06:52:22+00:00","og_image":[{"url":"https:\/\/hoyre.no\/content\/uploads\/sites\/180\/2023\/06\/Lillestrom-1024x803.jpg","width":"","height":"","type":""}],"author":"Thomas Langholen","twitter_card":"summary_large_image","twitter_misc":{"Skrevet av":"Thomas Langholen","Ansl. lesetid":"3 minutter"},"schema":{"@context":"https:\/\/schema.org","@graph":[{"@type":"NewsArticle","@id":"https:\/\/hoyre.no\/lillestrom\/aktuelt\/gode-losninger-ikke-ideologi\/","url":"https:\/\/hoyre.no\/lillestrom\/aktuelt\/gode-losninger-ikke-ideologi\/","name":"Gode l\u00f8sninger \u2013 ikke ideologi - Lillestr\u00f8m H\u00f8yre","isPartOf":{"@id":"https:\/\/hoyre.no\/lillestrom\/#website"},"datePublished":"2023-09-09T06:52:21+00:00","dateModified":"2023-09-09T06:52:22+00:00","author":{"@id":"https:\/\/hoyre.no\/lillestrom\/#\/schema\/person\/0bbacf2427431d46247b25a6cb645e05"},"breadcrumb":{"@id":"https:\/\/hoyre.no\/lillestrom\/aktuelt\/gode-losninger-ikke-ideologi\/#breadcrumb"},"inLanguage":"nb-NO","potentialAction":[{"@type":"ReadAction","target":["https:\/\/hoyre.no\/lillestrom\/aktuelt\/gode-losninger-ikke-ideologi\/"]}]},{"@type":"BreadcrumbList","@id":"https:\/\/hoyre.no\/lillestrom\/aktuelt\/gode-losninger-ikke-ideologi\/#breadcrumb","itemListElement":[{"@type":"ListItem","position":1,"name":"Til hoyre.no","item":"https:\/\/hoyre.no"},{"@type":"ListItem","position":2,"name":"Hjem","item":"https:\/\/hoyre.no\/lillestrom\/"},{"@type":"ListItem","position":3,"name":"Gode l\u00f8sninger \u2013 ikke ideologi"}]},{"@type":"WebSite","@id":"https:\/\/hoyre.no\/lillestrom\/#website","url":"https:\/\/hoyre.no\/lillestrom\/","name":"Lillestr\u00f8m H\u00f8yre","description":"Bare enda et H\u00f8yres nettsteder-nettsted","inLanguage":"nb-NO"},{"@type":"Person","@id":"https:\/\/hoyre.no\/lillestrom\/#\/schema\/person\/0bbacf2427431d46247b25a6cb645e05","name":"Thomas Langholen","image":{"@type":"ImageObject","inLanguage":"nb-NO","@id":"https:\/\/hoyre.no\/lillestrom\/#\/schema\/person\/image\/","url":"https:\/\/secure.gravatar.com\/avatar\/7aa57898e344f3ebb73d3c256bd164f69ee67191198f9723f1c3c8177fabce2e?s=96&d=mm&r=g","contentUrl":"https:\/\/secure.gravatar.com\/avatar\/7aa57898e344f3ebb73d3c256bd164f69ee67191198f9723f1c3c8177fabce2e?s=96&d=mm&r=g","caption":"Thomas Langholen"},"url":"https:\/\/hoyre.no\/lillestrom\/aktuelt\/author\/m51513471\/"}]}},"distributor_meta":false,"distributor_terms":false,"distributor_media":false,"distributor_original_site_name":"Lillestr\u00f8m H\u00f8yre","distributor_original_site_url":"https:\/\/hoyre.no\/lillestrom","push-errors":false,"_links":{"self":[{"href":"https:\/\/hoyre.no\/lillestrom\/wp-json\/wp\/v2\/posts\/584","targetHints":{"allow":["GET"]}}],"collection":[{"href":"https:\/\/hoyre.no\/lillestrom\/wp-json\/wp\/v2\/posts"}],"about":[{"href":"https:\/\/hoyre.no\/lillestrom\/wp-json\/wp\/v2\/types\/post"}],"author":[{"embeddable":true,"href":"https:\/\/hoyre.no\/lillestrom\/wp-json\/wp\/v2\/users\/27982"}],"replies":[{"embeddable":true,"href":"https:\/\/hoyre.no\/lillestrom\/wp-json\/wp\/v2\/comments?post=584"}],"version-history":[{"count":1,"href":"https:\/\/hoyre.no\/lillestrom\/wp-json\/wp\/v2\/posts\/584\/revisions"}],"predecessor-version":[{"id":585,"href":"https:\/\/hoyre.no\/lillestrom\/wp-json\/wp\/v2\/posts\/584\/revisions\/585"}],"wp:attachment":[{"href":"https:\/\/hoyre.no\/lillestrom\/wp-json\/wp\/v2\/media?parent=584"}],"wp:term":[{"taxonomy":"category","embeddable":true,"href":"https:\/\/hoyre.no\/lillestrom\/wp-json\/wp\/v2\/category?post=584"},{"taxonomy":"post_tag","embeddable":true,"href":"https:\/\/hoyre.no\/lillestrom\/wp-json\/wp\/v2\/post_tag?post=584"},{"taxonomy":"hoyre-visibility","embeddable":true,"href":"https:\/\/hoyre.no\/lillestrom\/wp-json\/wp\/v2\/hoyre-visibility?post=584"},{"taxonomy":"article-type","embeddable":true,"href":"https:\/\/hoyre.no\/lillestrom\/wp-json\/wp\/v2\/article-type?post=584"},{"taxonomy":"politician","embeddable":true,"href":"https:\/\/hoyre.no\/lillestrom\/wp-json\/wp\/v2\/politician?post=584"}],"curies":[{"name":"wp","href":"https:\/\/api.w.org\/{rel}","templated":true}]}}