{"id":589,"date":"2023-09-09T08:55:59","date_gmt":"2023-09-09T06:55:59","guid":{"rendered":"https:\/\/hoyre.no\/lillestrom\/?p=589"},"modified":"2023-09-09T08:56:00","modified_gmt":"2023-09-09T06:56:00","slug":"lillestrom-kommune-har-handlingsrom","status":"publish","type":"post","link":"https:\/\/hoyre.no\/lillestrom\/aktuelt\/lillestrom-kommune-har-handlingsrom\/","title":{"rendered":"Lillestr\u00f8m kommune har handlingsrom!"},"content":{"rendered":"\n<p class=\"preamble\">Valgkampen n\u00e6rmer seg slutten og vi kan tydelig se desperasjonen hos flere parti som er mer opptatt av \u00e5 \u201csnakke ned\u201d H\u00f8yre sin politikk enn \u00e5 snakke om egen.<\/p>\t\t\t<div class=\"post-meta wp-block teft-byline-wrapper\">\n\t\t\t\t<div class=\"top\">\n\t\t\t\t\t<div class=\"signature\">\n\t\t\t\t\t\t<div class=\"teft-byline\">\n\t\t\t\t\t\t\t\t\t\t\t\t\t\t<div>\n\t\t\t\t\t\t\t\t<h3>H\u00f8yres redaksjon<\/h3>\t\t\t\t\t\t\t\t\n\t\t\t\t\t\t\t\t\t\t\t\t\t\t\t\t\t<span class=\"date\">Sist oppdatert: 9. september 2023<\/span>\n\t\t\t\t\t\t\t\t\t\t\t\t\t\t\t\t\t\t\t\t\t\t\t\t\t<span class=\"reading-time\" itemprop=\"timeRequired\" content=\"PT2M\"><em>Ca. 2 minutter lesetid<\/em><\/span>\n\t\t\t\t\t\t\t\t\t\t\t\t\t\t\t<\/div>\n\t\t\t\t\t\t<\/div>\n\t\t\t\t\t<\/div>\n\t\t\t\t\t\t<div class=\"sharing\">\n\t\t<a class=\"share-button share-link copy-link\" data-copy=\"https:\/\/hoyre.no\/lillestrom\/aktuelt\/lillestrom-kommune-har-handlingsrom\/\" target=\"_blank\"><span class=\"screen-reader-text\">Del link<\/span><\/a>\n\t\t<a class=\"share-button share-twitter\" href=\"http:\/\/twitter.com\/share?text=Lillestr\u00f8m kommune har handlingsrom!&#038;url=https:\/\/hoyre.no\/lillestrom\/aktuelt\/lillestrom-kommune-har-handlingsrom\/&#038;hashtags=Hoyre\" target=\"_blank\"><span class=\"screen-reader-text\">Del p\u00e5 twitter<\/span><\/a>\n\t\t<a class=\"share-button share-facebook\" href=\"https:\/\/www.facebook.com\/sharer\/sharer.php?u=https:\/\/hoyre.no\/lillestrom\/aktuelt\/lillestrom-kommune-har-handlingsrom\/\" target=\"_blank\"><span class=\"screen-reader-text\">Del p\u00e5 facebook<\/span><\/a>\n\t<\/div>\n\t\t\t\t\t<\/div>\n\t\t\t<\/div>\n\n\t\t\t<figure class=\"hoyre-image-wrapper\"><div class=\"hoyre-image\"><img loading=\"lazy\" decoding=\"async\" width=\"2500\" height=\"1407\" src=\"https:\/\/hoyre.no\/content\/uploads\/sites\/180\/2023\/08\/Thomas-Langholen-scaled.jpg\" class=\"attachment-scaled size-scaled\" alt=\"\" style=\"object-position: 50% 50%\" srcset=\"https:\/\/hoyre.no\/content\/uploads\/sites\/180\/2023\/08\/Thomas-Langholen-scaled.jpg 2500w, https:\/\/hoyre.no\/content\/uploads\/sites\/180\/2023\/08\/Thomas-Langholen-300x169.jpg 300w, https:\/\/hoyre.no\/content\/uploads\/sites\/180\/2023\/08\/Thomas-Langholen-1024x576.jpg 1024w, https:\/\/hoyre.no\/content\/uploads\/sites\/180\/2023\/08\/Thomas-Langholen-768x432.jpg 768w, https:\/\/hoyre.no\/content\/uploads\/sites\/180\/2023\/08\/Thomas-Langholen-1536x864.jpg 1536w, https:\/\/hoyre.no\/content\/uploads\/sites\/180\/2023\/08\/Thomas-Langholen-2048x1152.jpg 2048w\" sizes=\"auto, (max-width: 2500px) 100vw, 2500px\" \/><\/div><\/figure>\n\n\n\n\n<p>At SV med J\u00f8rgen Skogan og en rekke Ap-politikere ikke forst\u00e5r hva H\u00f8yre \u00f8nsker \u00e5 gj\u00f8re n\u00e5r det kommer til for eksempel eiendomsskatt eller eldreomsorg, er tydelig ut fra hvordan kommunen driftes i dag. De har ikke \u00f8nske eller vilje til \u00e5 se p\u00e5 alternativer som f\u00f8rst og fremst vil gi et bedre tjenestetilbud til brukerne.<\/p>\n\n\n\n<p>Med et kommunebudsjett p\u00e5 over 7 milliarder kroner er det selvsagt mulig \u00e5 se p\u00e5 handlingsrommet. Vi i H\u00f8yre er helt sikker p\u00e5 at det finnes rom for innsparinger og mer effektiv drift. Kommunaldirekt\u00f8ren sier selv i strategidokumentet at det er et handlingsrom, men sittende flertall \u00f8nsker ikke \u00e5 se p\u00e5 hva dette handlingsrommet er.<\/p>\n\n\n\n<p>Vi kan lese at SV sin kandidat mener at eiendomsskatten ikke p\u00e5virker leieprisene. Det er ikke slik at man slipper eiendomsskatt selv om man leier ut en bolig eller leilighet. Det er ogs\u00e5 slik at man m\u00e5 betale kommunale avgifter p\u00e5 en utleiebolig. F\u00e5r vi redusert avgifter og fjernet eiendomsskatten, vil det komme alle til gode, ogs\u00e5 de som leier. SV st\u00f8ttet ogs\u00e5 forslaget om \u00e5 begrense befolkningsveksten i kommunen til 2%. Det eneste verkt\u00f8yet vi har som kommune for \u00e5 oppn\u00e5 dette er \u00e5 begrense utbygging. Dette vil igjen f\u00f8re til \u00f8kt ettersp\u00f8rsel, \u00f8kte boligpriser og \u00f8kt leiepriser.<\/p>\n\n\n\n<p>SV var med \u00e5 st\u00f8tte budsjettet som ble vedtatt i desember 2022. Dette var et budsjett med st\u00f8tte fra ytterste venstre med R\u00f8dt til ytterste h\u00f8yre med FrP. Dette budsjettet er f\u00f8lgelig et salig kompromiss som bruker rekordmye eiendomsskatt for \u00e5 oppn\u00e5 inndekning. N\u00e5r SV sier det blir trangere tider er det nettopp fordi dette budsjettet med \u00f8konomiplanen ikke har inndekning i planperioden og m\u00e5 bruke av sparegrisen. Dette blir t\u00f8ft og trenger st\u00f8dig styring fra H\u00f8yre for \u00e5 komme p\u00e5 rett kj\u00f8l igjen.<\/p>\n\n\n\n<p>Det betyr noe for deg hvem som styrer der du bor \u2013 godt valg!<\/p>\n\n\n<div class=\"tags\">\n\t<\/div>\n<div class=\"post-footer alignfull has-background block-editor-block-list__block\" data-align=full>\n\t<div class=\"post-footer-inner\">\n\t\t<h3>Relaterte artikler<\/h3>\n\t\t<div class=\"related-content\"><div class=\"is-card-hoyre\">\n\t<div class=\"teft-card hoyre-teft-card post-teft-card\">\n\t\t<a href=\"https:\/\/hoyre.no\/lillestrom\/aktuelt\/et-godt-budsjett-for-2024\/\" class=\"teft-card__primary-action\">\n\n\t\t\t\t\t<div class=\"teft-card__media teft-card__media--16-9\">\n\t\t\t\t\t\t<img loading=\"lazy\" decoding=\"async\" width=\"768\" height=\"768\" src=\"https:\/\/hoyre.no\/content\/uploads\/sites\/180\/2023\/12\/Budsjett24-768x768.jpg\" class=\"attachment-medium_large size-medium_large\" alt=\"\" srcset=\"https:\/\/hoyre.no\/content\/uploads\/sites\/180\/2023\/12\/Budsjett24-768x768.jpg 768w, https:\/\/hoyre.no\/content\/uploads\/sites\/180\/2023\/12\/Budsjett24-300x300.jpg 300w, https:\/\/hoyre.no\/content\/uploads\/sites\/180\/2023\/12\/Budsjett24-1024x1024.jpg 1024w, https:\/\/hoyre.no\/content\/uploads\/sites\/180\/2023\/12\/Budsjett24-150x150.jpg 150w, https:\/\/hoyre.no\/content\/uploads\/sites\/180\/2023\/12\/Budsjett24.jpg 1080w\" sizes=\"auto, (max-width: 768px) 100vw, 768px\" \/>\t\t<\/div>\n\t\t\n\t\t\t<div class=\"teft-card__content-wrapper\">\n\t\t\t\t<div class=\"teft-card__secondary\">\n\t\t\t\t\t\n\t\t\t\t\t\t\t\t<div class=\"teft-card__meta\">\n\t\t\t\t\t\t\t\t\t<span class=\"post-date\">19. des 2023<\/span>\n\n\t\t\t\t\t\t\t\t\t<span class=\"post-category\">\u00d8konomi<\/span>\t\t\t\t\t\t\t\t<\/div>\n\t\t\t\t\t\t\t\t\t\t\t<\/div>\n\n\t\t\t\t<div class=\"teft-card__primary\">\n\t\t\t\t\t<h2 class=\"teft-card__title\">Budsjett 2024&nbsp;<span class=\"teft-card__primary-title-append\"><\/span><\/h2>\t\t\t\t<\/div>\n\t\t\t<\/div>\n\t\t<\/a>\n\t<\/div>\n\n\t<\/div><div class=\"is-card-hoyre\">\n\t<div class=\"teft-card hoyre-teft-card post-teft-card\">\n\t\t<a href=\"https:\/\/hoyre.no\/lillestrom\/aktuelt\/program-for-2023-2027\/\" class=\"teft-card__primary-action\">\n\n\t\t\t\t\t<div class=\"teft-card__media teft-card__media--16-9\">\n\t\t\t\t\t\t<img loading=\"lazy\" decoding=\"async\" width=\"768\" height=\"429\" src=\"https:\/\/hoyre.no\/content\/uploads\/sites\/180\/2020\/11\/lillestrom_kjartanberland_860x480-768x429.jpg\" class=\"attachment-medium_large size-medium_large\" alt=\"\" srcset=\"https:\/\/hoyre.no\/content\/uploads\/sites\/180\/2020\/11\/lillestrom_kjartanberland_860x480-768x429.jpg 768w, https:\/\/hoyre.no\/content\/uploads\/sites\/180\/2020\/11\/lillestrom_kjartanberland_860x480-300x167.jpg 300w, https:\/\/hoyre.no\/content\/uploads\/sites\/180\/2020\/11\/lillestrom_kjartanberland_860x480.jpg 860w\" sizes=\"auto, (max-width: 768px) 100vw, 768px\" \/>\t\t<\/div>\n\t\t\n\t\t\t<div class=\"teft-card__content-wrapper\">\n\t\t\t\t<div class=\"teft-card__secondary\">\n\t\t\t\t\t\n\t\t\t\t\t\t\t\t<div class=\"teft-card__meta\">\n\t\t\t\t\t\t\t\t\t<span class=\"post-date\">30. jun 2023<\/span>\n\n\t\t\t\t\t\t\t\t\t<span class=\"post-category\">Ukategorisert<\/span>\t\t\t\t\t\t\t\t<\/div>\n\t\t\t\t\t\t\t\t\t\t\t<\/div>\n\n\t\t\t\t<div class=\"teft-card__primary\">\n\t\t\t\t\t<h2 class=\"teft-card__title\">Program for 2023-2027&nbsp;<span class=\"teft-card__primary-title-append\"><\/span><\/h2>\t\t\t\t<\/div>\n\t\t\t<\/div>\n\t\t<\/a>\n\t<\/div>\n\n\t<\/div><div class=\"is-card-hoyre\">\n\t<div class=\"teft-card hoyre-teft-card post-teft-card\">\n\t\t<a href=\"https:\/\/hoyre.no\/lillestrom\/aktuelt\/fremtidsrettet-byutvikling-parkering-under-bakken-ikke-over\/\" class=\"teft-card__primary-action\">\n\n\t\t\t\t\t<div class=\"teft-card__media teft-card__media--16-9\">\n\t\t\t\t\t\t<img loading=\"lazy\" decoding=\"async\" width=\"768\" height=\"602\" src=\"https:\/\/hoyre.no\/content\/uploads\/sites\/180\/2023\/06\/Lillestrom-768x602.jpg\" class=\"attachment-medium_large size-medium_large\" alt=\"\" srcset=\"https:\/\/hoyre.no\/content\/uploads\/sites\/180\/2023\/06\/Lillestrom-768x602.jpg 768w, https:\/\/hoyre.no\/content\/uploads\/sites\/180\/2023\/06\/Lillestrom-300x235.jpg 300w, https:\/\/hoyre.no\/content\/uploads\/sites\/180\/2023\/06\/Lillestrom-1024x803.jpg 1024w, https:\/\/hoyre.no\/content\/uploads\/sites\/180\/2023\/06\/Lillestrom.jpg 1200w\" sizes=\"auto, (max-width: 768px) 100vw, 768px\" \/>\t\t<\/div>\n\t\t\n\t\t\t<div class=\"teft-card__content-wrapper\">\n\t\t\t\t<div class=\"teft-card__secondary\">\n\t\t\t\t\t\n\t\t\t\t\t\t\t\t<div class=\"teft-card__meta\">\n\t\t\t\t\t\t\t\t\t<span class=\"post-date\">4. apr 2024<\/span>\n\n\t\t\t\t\t\t\t\t\t<span class=\"post-category\">Byutvikling<\/span>\t\t\t\t\t\t\t\t<\/div>\n\t\t\t\t\t\t\t\t\t\t\t<\/div>\n\n\t\t\t\t<div class=\"teft-card__primary\">\n\t\t\t\t\t<h2 class=\"teft-card__title\">Fremtidsrettet byutvikling: Parkering under bakken, ikke over&nbsp;<span class=\"teft-card__primary-title-append\"><\/span><\/h2>\t\t\t\t<\/div>\n\t\t\t<\/div>\n\t\t<\/a>\n\t<\/div>\n\n\t<\/div><\/div>\t<\/div>\n<\/div>\n","protected":false},"excerpt":{"rendered":"","protected":false},"author":27982,"featured_media":0,"comment_status":"closed","ping_status":"closed","sticky":false,"template":"","format":"standard","meta":{"teft_cards_image_url":"","teft_cards_custom_pretitle":"","teft_cards_image_id":389,"teft_cards_image_focal_point_x":0.5,"teft_cards_image_focal_point_y":0.5,"teft_cards_title":"","teft_cards_excerpt":"","teft_show_chapters":false,"author_display_name":"","footnotes":""},"category":[20],"post_tag":[],"hoyre-visibility":[],"article-type":[],"politician":[15],"class_list":["post-589","post","type-post","status-publish","format-standard","hentry","category-lokalpolitikk","politician-thomas-langholen"],"yoast_head":"<!-- This site is optimized with the Yoast SEO plugin v26.6 - https:\/\/yoast.com\/wordpress\/plugins\/seo\/ -->\n<title>Lillestr\u00f8m kommune har handlingsrom! - Lillestr\u00f8m H\u00f8yre<\/title>\n<meta name=\"robots\" content=\"index, follow, max-snippet:-1, max-image-preview:large, max-video-preview:-1\" \/>\n<link rel=\"canonical\" href=\"https:\/\/hoyre.no\/lillestrom\/aktuelt\/lillestrom-kommune-har-handlingsrom\/\" \/>\n<meta property=\"og:locale\" content=\"nb_NO\" \/>\n<meta property=\"og:type\" content=\"article\" \/>\n<meta property=\"og:title\" content=\"Lillestr\u00f8m kommune har handlingsrom! - Lillestr\u00f8m H\u00f8yre\" \/>\n<meta property=\"og:url\" content=\"https:\/\/hoyre.no\/lillestrom\/aktuelt\/lillestrom-kommune-har-handlingsrom\/\" \/>\n<meta property=\"og:site_name\" content=\"Lillestr\u00f8m H\u00f8yre\" \/>\n<meta property=\"article:published_time\" content=\"2023-09-09T06:55:59+00:00\" \/>\n<meta property=\"article:modified_time\" content=\"2023-09-09T06:56:00+00:00\" \/>\n<meta property=\"og:image\" content=\"https:\/\/hoyre.no\/content\/uploads\/sites\/180\/2023\/06\/Lillestrom-1024x803.jpg\" \/>\n<meta name=\"author\" content=\"Thomas Langholen\" \/>\n<meta name=\"twitter:card\" content=\"summary_large_image\" \/>\n<meta name=\"twitter:label1\" content=\"Skrevet av\" \/>\n\t<meta name=\"twitter:data1\" content=\"Thomas Langholen\" \/>\n\t<meta name=\"twitter:label2\" content=\"Ansl. lesetid\" \/>\n\t<meta name=\"twitter:data2\" content=\"2 minutter\" \/>\n<script type=\"application\/ld+json\" class=\"yoast-schema-graph\">{\"@context\":\"https:\/\/schema.org\",\"@graph\":[{\"@type\":\"NewsArticle\",\"@id\":\"https:\/\/hoyre.no\/lillestrom\/aktuelt\/lillestrom-kommune-har-handlingsrom\/\",\"url\":\"https:\/\/hoyre.no\/lillestrom\/aktuelt\/lillestrom-kommune-har-handlingsrom\/\",\"name\":\"Lillestr\u00f8m kommune har handlingsrom! - Lillestr\u00f8m H\u00f8yre\",\"isPartOf\":{\"@id\":\"https:\/\/hoyre.no\/lillestrom\/#website\"},\"datePublished\":\"2023-09-09T06:55:59+00:00\",\"dateModified\":\"2023-09-09T06:56:00+00:00\",\"author\":{\"@id\":\"https:\/\/hoyre.no\/lillestrom\/#\/schema\/person\/0bbacf2427431d46247b25a6cb645e05\"},\"breadcrumb\":{\"@id\":\"https:\/\/hoyre.no\/lillestrom\/aktuelt\/lillestrom-kommune-har-handlingsrom\/#breadcrumb\"},\"inLanguage\":\"nb-NO\",\"potentialAction\":[{\"@type\":\"ReadAction\",\"target\":[\"https:\/\/hoyre.no\/lillestrom\/aktuelt\/lillestrom-kommune-har-handlingsrom\/\"]}]},{\"@type\":\"BreadcrumbList\",\"@id\":\"https:\/\/hoyre.no\/lillestrom\/aktuelt\/lillestrom-kommune-har-handlingsrom\/#breadcrumb\",\"itemListElement\":[{\"@type\":\"ListItem\",\"position\":1,\"name\":\"Til hoyre.no\",\"item\":\"https:\/\/hoyre.no\"},{\"@type\":\"ListItem\",\"position\":2,\"name\":\"Hjem\",\"item\":\"https:\/\/hoyre.no\/lillestrom\/\"},{\"@type\":\"ListItem\",\"position\":3,\"name\":\"Lillestr\u00f8m kommune har handlingsrom!\"}]},{\"@type\":\"WebSite\",\"@id\":\"https:\/\/hoyre.no\/lillestrom\/#website\",\"url\":\"https:\/\/hoyre.no\/lillestrom\/\",\"name\":\"Lillestr\u00f8m H\u00f8yre\",\"description\":\"Bare enda et H\u00f8yres nettsteder-nettsted\",\"inLanguage\":\"nb-NO\"},{\"@type\":\"Person\",\"@id\":\"https:\/\/hoyre.no\/lillestrom\/#\/schema\/person\/0bbacf2427431d46247b25a6cb645e05\",\"name\":\"Thomas Langholen\",\"image\":{\"@type\":\"ImageObject\",\"inLanguage\":\"nb-NO\",\"@id\":\"https:\/\/hoyre.no\/lillestrom\/#\/schema\/person\/image\/\",\"url\":\"https:\/\/secure.gravatar.com\/avatar\/7aa57898e344f3ebb73d3c256bd164f69ee67191198f9723f1c3c8177fabce2e?s=96&d=mm&r=g\",\"contentUrl\":\"https:\/\/secure.gravatar.com\/avatar\/7aa57898e344f3ebb73d3c256bd164f69ee67191198f9723f1c3c8177fabce2e?s=96&d=mm&r=g\",\"caption\":\"Thomas Langholen\"},\"url\":\"https:\/\/hoyre.no\/lillestrom\/aktuelt\/author\/m51513471\/\"}]}<\/script>\n<!-- \/ Yoast SEO plugin. -->","yoast_head_json":{"title":"Lillestr\u00f8m kommune har handlingsrom! - Lillestr\u00f8m H\u00f8yre","robots":{"index":"index","follow":"follow","max-snippet":"max-snippet:-1","max-image-preview":"max-image-preview:large","max-video-preview":"max-video-preview:-1"},"canonical":"https:\/\/hoyre.no\/lillestrom\/aktuelt\/lillestrom-kommune-har-handlingsrom\/","og_locale":"nb_NO","og_type":"article","og_title":"Lillestr\u00f8m kommune har handlingsrom! - Lillestr\u00f8m H\u00f8yre","og_url":"https:\/\/hoyre.no\/lillestrom\/aktuelt\/lillestrom-kommune-har-handlingsrom\/","og_site_name":"Lillestr\u00f8m H\u00f8yre","article_published_time":"2023-09-09T06:55:59+00:00","article_modified_time":"2023-09-09T06:56:00+00:00","og_image":[{"url":"https:\/\/hoyre.no\/content\/uploads\/sites\/180\/2023\/06\/Lillestrom-1024x803.jpg","width":"","height":"","type":""}],"author":"Thomas Langholen","twitter_card":"summary_large_image","twitter_misc":{"Skrevet av":"Thomas Langholen","Ansl. lesetid":"2 minutter"},"schema":{"@context":"https:\/\/schema.org","@graph":[{"@type":"NewsArticle","@id":"https:\/\/hoyre.no\/lillestrom\/aktuelt\/lillestrom-kommune-har-handlingsrom\/","url":"https:\/\/hoyre.no\/lillestrom\/aktuelt\/lillestrom-kommune-har-handlingsrom\/","name":"Lillestr\u00f8m kommune har handlingsrom! - Lillestr\u00f8m H\u00f8yre","isPartOf":{"@id":"https:\/\/hoyre.no\/lillestrom\/#website"},"datePublished":"2023-09-09T06:55:59+00:00","dateModified":"2023-09-09T06:56:00+00:00","author":{"@id":"https:\/\/hoyre.no\/lillestrom\/#\/schema\/person\/0bbacf2427431d46247b25a6cb645e05"},"breadcrumb":{"@id":"https:\/\/hoyre.no\/lillestrom\/aktuelt\/lillestrom-kommune-har-handlingsrom\/#breadcrumb"},"inLanguage":"nb-NO","potentialAction":[{"@type":"ReadAction","target":["https:\/\/hoyre.no\/lillestrom\/aktuelt\/lillestrom-kommune-har-handlingsrom\/"]}]},{"@type":"BreadcrumbList","@id":"https:\/\/hoyre.no\/lillestrom\/aktuelt\/lillestrom-kommune-har-handlingsrom\/#breadcrumb","itemListElement":[{"@type":"ListItem","position":1,"name":"Til hoyre.no","item":"https:\/\/hoyre.no"},{"@type":"ListItem","position":2,"name":"Hjem","item":"https:\/\/hoyre.no\/lillestrom\/"},{"@type":"ListItem","position":3,"name":"Lillestr\u00f8m kommune har handlingsrom!"}]},{"@type":"WebSite","@id":"https:\/\/hoyre.no\/lillestrom\/#website","url":"https:\/\/hoyre.no\/lillestrom\/","name":"Lillestr\u00f8m H\u00f8yre","description":"Bare enda et H\u00f8yres nettsteder-nettsted","inLanguage":"nb-NO"},{"@type":"Person","@id":"https:\/\/hoyre.no\/lillestrom\/#\/schema\/person\/0bbacf2427431d46247b25a6cb645e05","name":"Thomas Langholen","image":{"@type":"ImageObject","inLanguage":"nb-NO","@id":"https:\/\/hoyre.no\/lillestrom\/#\/schema\/person\/image\/","url":"https:\/\/secure.gravatar.com\/avatar\/7aa57898e344f3ebb73d3c256bd164f69ee67191198f9723f1c3c8177fabce2e?s=96&d=mm&r=g","contentUrl":"https:\/\/secure.gravatar.com\/avatar\/7aa57898e344f3ebb73d3c256bd164f69ee67191198f9723f1c3c8177fabce2e?s=96&d=mm&r=g","caption":"Thomas Langholen"},"url":"https:\/\/hoyre.no\/lillestrom\/aktuelt\/author\/m51513471\/"}]}},"distributor_meta":false,"distributor_terms":false,"distributor_media":false,"distributor_original_site_name":"Lillestr\u00f8m H\u00f8yre","distributor_original_site_url":"https:\/\/hoyre.no\/lillestrom","push-errors":false,"_links":{"self":[{"href":"https:\/\/hoyre.no\/lillestrom\/wp-json\/wp\/v2\/posts\/589","targetHints":{"allow":["GET"]}}],"collection":[{"href":"https:\/\/hoyre.no\/lillestrom\/wp-json\/wp\/v2\/posts"}],"about":[{"href":"https:\/\/hoyre.no\/lillestrom\/wp-json\/wp\/v2\/types\/post"}],"author":[{"embeddable":true,"href":"https:\/\/hoyre.no\/lillestrom\/wp-json\/wp\/v2\/users\/27982"}],"replies":[{"embeddable":true,"href":"https:\/\/hoyre.no\/lillestrom\/wp-json\/wp\/v2\/comments?post=589"}],"version-history":[{"count":1,"href":"https:\/\/hoyre.no\/lillestrom\/wp-json\/wp\/v2\/posts\/589\/revisions"}],"predecessor-version":[{"id":590,"href":"https:\/\/hoyre.no\/lillestrom\/wp-json\/wp\/v2\/posts\/589\/revisions\/590"}],"wp:attachment":[{"href":"https:\/\/hoyre.no\/lillestrom\/wp-json\/wp\/v2\/media?parent=589"}],"wp:term":[{"taxonomy":"category","embeddable":true,"href":"https:\/\/hoyre.no\/lillestrom\/wp-json\/wp\/v2\/category?post=589"},{"taxonomy":"post_tag","embeddable":true,"href":"https:\/\/hoyre.no\/lillestrom\/wp-json\/wp\/v2\/post_tag?post=589"},{"taxonomy":"hoyre-visibility","embeddable":true,"href":"https:\/\/hoyre.no\/lillestrom\/wp-json\/wp\/v2\/hoyre-visibility?post=589"},{"taxonomy":"article-type","embeddable":true,"href":"https:\/\/hoyre.no\/lillestrom\/wp-json\/wp\/v2\/article-type?post=589"},{"taxonomy":"politician","embeddable":true,"href":"https:\/\/hoyre.no\/lillestrom\/wp-json\/wp\/v2\/politician?post=589"}],"curies":[{"name":"wp","href":"https:\/\/api.w.org\/{rel}","templated":true}]}}