{"id":645,"date":"2023-12-31T20:27:24","date_gmt":"2023-12-31T19:27:24","guid":{"rendered":"https:\/\/hoyre.no\/lillestrom\/?p=645"},"modified":"2023-12-31T20:27:25","modified_gmt":"2023-12-31T19:27:25","slug":"mindre-okning-i-gebyrene-for-vann-og-avlop","status":"publish","type":"post","link":"https:\/\/hoyre.no\/lillestrom\/aktuelt\/mindre-okning-i-gebyrene-for-vann-og-avlop\/","title":{"rendered":"Mindre \u00f8kning i gebyrene for vann og avl\u00f8p"},"content":{"rendered":"\n<p class=\"preamble\">Gebyr\u00f8kningene for vann og avl\u00f8p har de tre siste \u00e5rene l\u00f8pt l\u00f8psk under det r\u00f8dgr\u00f8nne styret i Lillestr\u00f8m.<\/p>\t\t\t<div class=\"post-meta wp-block teft-byline-wrapper\">\n\t\t\t\t<div class=\"top\">\n\t\t\t\t\t<div class=\"signature\">\n\t\t\t\t\t\t<div class=\"teft-byline\">\n\t\t\t\t\t\t\t\t\t\t\t\t\t\t<div>\n\t\t\t\t\t\t\t\t<h3>H\u00f8yres redaksjon<\/h3>\t\t\t\t\t\t\t\t\n\t\t\t\t\t\t\t\t\t\t\t\t\t\t\t\t\t<span class=\"date\">Sist oppdatert: 31. desember 2023<\/span>\n\t\t\t\t\t\t\t\t\t\t\t\t\t\t\t\t\t\t\t\t\t\t\t\t\t<span class=\"reading-time\" itemprop=\"timeRequired\" content=\"PT3M\"><em>Ca. 3 minutter lesetid<\/em><\/span>\n\t\t\t\t\t\t\t\t\t\t\t\t\t\t\t<\/div>\n\t\t\t\t\t\t<\/div>\n\t\t\t\t\t<\/div>\n\t\t\t\t\t\t<div class=\"sharing\">\n\t\t<a class=\"share-button share-link copy-link\" data-copy=\"https:\/\/hoyre.no\/lillestrom\/aktuelt\/mindre-okning-i-gebyrene-for-vann-og-avlop\/\" target=\"_blank\"><span class=\"screen-reader-text\">Del link<\/span><\/a>\n\t\t<a class=\"share-button share-twitter\" href=\"http:\/\/twitter.com\/share?text=Mindre \u00f8kning i gebyrene for vann og avl\u00f8p&#038;url=https:\/\/hoyre.no\/lillestrom\/aktuelt\/mindre-okning-i-gebyrene-for-vann-og-avlop\/&#038;hashtags=Hoyre\" target=\"_blank\"><span class=\"screen-reader-text\">Del p\u00e5 twitter<\/span><\/a>\n\t\t<a class=\"share-button share-facebook\" href=\"https:\/\/www.facebook.com\/sharer\/sharer.php?u=https:\/\/hoyre.no\/lillestrom\/aktuelt\/mindre-okning-i-gebyrene-for-vann-og-avlop\/\" target=\"_blank\"><span class=\"screen-reader-text\">Del p\u00e5 facebook<\/span><\/a>\n\t<\/div>\n\t\t\t\t\t<\/div>\n\t\t\t<\/div>\n\n\t\t\t<figure class=\"hoyre-image-wrapper\"><div class=\"hoyre-image\"><img loading=\"lazy\" decoding=\"async\" width=\"2500\" height=\"1407\" src=\"https:\/\/hoyre.no\/content\/uploads\/sites\/180\/2023\/08\/Thomas-Langholen-scaled.jpg\" class=\"attachment-scaled size-scaled\" alt=\"\" style=\"object-position: 50% 50%\" srcset=\"https:\/\/hoyre.no\/content\/uploads\/sites\/180\/2023\/08\/Thomas-Langholen-scaled.jpg 2500w, https:\/\/hoyre.no\/content\/uploads\/sites\/180\/2023\/08\/Thomas-Langholen-300x169.jpg 300w, https:\/\/hoyre.no\/content\/uploads\/sites\/180\/2023\/08\/Thomas-Langholen-1024x576.jpg 1024w, https:\/\/hoyre.no\/content\/uploads\/sites\/180\/2023\/08\/Thomas-Langholen-768x432.jpg 768w, https:\/\/hoyre.no\/content\/uploads\/sites\/180\/2023\/08\/Thomas-Langholen-1536x864.jpg 1536w, https:\/\/hoyre.no\/content\/uploads\/sites\/180\/2023\/08\/Thomas-Langholen-2048x1152.jpg 2048w\" sizes=\"auto, (max-width: 2500px) 100vw, 2500px\" \/><\/div><\/figure>\n\n\n\n\n<p>Det er behov for \u00e5 stoppe opp og gjennomg\u00e5 hva som skal legges inn i det s\u00e5kalte selvkostbegrepet, og det m\u00e5 stilles krav til oss som kommune p\u00e5 pris og leveranse av vann og avl\u00f8pstjenester.<\/p>\n\n\n\n<p>Det er dyrtid og mange opplever utfordrende tider med h\u00f8y rente og stor prisvekst, men alle trenger vann. I H\u00f8yre mener vi det er kommunestyrets ansvar \u00e5 se til at vi har h\u00f8y kvalitet p\u00e5 tjenestetilbudet, og i dette tilfellet leveranse av vann- og avl\u00f8pstjenester som oppfyller myndighetenes milj\u00f8krav og sikrer god og kvalitativ vannforsyning og avl\u00f8psh\u00e5ndtering.<\/p>\n\n\n\n<p>Kommunestyret har n\u00e5 vedtatt at det blir en vesentlig mindre \u00f8kning i gebyrene for vann og avl\u00f8p i 2024 enn det som var det opprinnelige forslaget til kommunedirekt\u00f8ren. Med budsjettopplegget til de fem samarbeidspartiene H\u00f8yre, Frp, Folkets R\u00f8st, Venstre og KrF, blir kubikkprisen p\u00e5 forbruk av vann og avl\u00f8p, p\u00e5 samme prisniv\u00e5 som 2023 med kun tillegg av 4 prosent prisjustering. Kommunedirekt\u00f8rens forslag, med st\u00f8tte fra de r\u00f8dgr\u00f8nne partiene, \u00f8nsket gebyr\u00f8kning for vann og avl\u00f8p p\u00e5 35-40 prosent fra 2023 til 2024. Allerede fra 2022 til 2023 vedtok kommunestyret gebyr\u00f8kning for vann og avl\u00f8pstjenestene p\u00e5 29 prosent for vann og 20 prosent for avl\u00f8p.<\/p>\n\n\n\n<p>Samtidig som vi i praksis fryser gebyrene p\u00e5 forbruk av vann og avl\u00f8p s\u00e5 skal det ogs\u00e5 igangsettes konkrete tiltak for gjennomgang av hele verdikjeden for produksjon og leveranse av vann og avl\u00f8pstjenestene. Dette er en oppgave som kommunedirekt\u00f8ren n\u00e5 blir bedt om \u00e5 starte opp i n\u00e6rt samarbeid med de andre eierkommunene til de to interkommunale selskapene Nedre Romerike vann og avl\u00f8psselskap (NRVA) og Midtre Romerike avl\u00f8psselskap (MIRA). I tillegg legger kommunestyret til grunn at det ogs\u00e5 blir foretatt en kritisk gjennomgang av kommunens egen drift for vann og avl\u00f8pstjenestene. M\u00e5lsetningen er \u00e5 f\u00e5 til best mulig tjenesteleveranse til innbyggerne til lavest mulig kostnad. Milj\u00f8krav og kvalitet p\u00e5 tjenestene skal v\u00e6re p\u00e5 et h\u00f8yt niv\u00e5.<\/p>\n\n\n\n<p>Enkelte har i den offentlige debatten kritisert de fem samarbeidspartiene i kommunestyret for \u00e5 bryte med prinsippet om selvkost for vann og avl\u00f8pstjenester, og at man finansierer lavere gebyrer med bruk av kommunens oppsparte midler som st\u00e5r p\u00e5 disposisjonsfond. Etter min mening er kritikken lite treffende. Prinsippet om selvkost for vann og avl\u00f8pstjenester ligger fast, og dette har ogs\u00e5 samarbeidspartiene lagt til grunn i sitt budsjettopplegg. For 2024 har flertallet i kommunestyret imidlertid lagt til grunn \u00e5 bruke noe av kommunens disposisjonsfond til \u00e5 dekke inn \u00f8kningen p\u00e5 selvkost fra 2023 til 2024. Dette gj\u00f8res samtidig som det skal foretas en grundig gjennomgang av hva som inng\u00e5r i selvkost for de to tjenesteomr\u00e5dene innenfor vann og avl\u00f8p. Paradoksalt nok s\u00e5 har kommunens disposisjonsfond \u00f8kt vesentlig de tre siste \u00e5rene, og alle kostnads\u00f8kninger som faller innunder begrepet selvkost, er i tur og orden blitt lagt til \u00f8kning i gebyrene som innbyggerne m\u00e5 betale som abonnenter.<\/p>\n\n\n\n<p>Tiden er overmoden for \u00e5 ha en kritisk gjennomgang av hele grunnlaget for selvkost innenfor vann og avl\u00f8pstjenestene i kommunen. Det blir for enkelt \u00e5 bare lempe \u00f8kte kostnader over p\u00e5 innbyggerne gjennom gebyr\u00f8kninger og forsvare dette med at dette er selvkost.<\/p>\n\n\n\n<p>De fem samarbeidspartiene H\u00f8yre, Frp, Folkets R\u00f8st, Venstre og KrF har lagt et budsjettopplegg som gir en tydelig retning for gjennomgang av selvkostomr\u00e5dene. Med dette grepet for vann og avl\u00f8p mener vi det n\u00e5 ligger til rette for en god gjennomgang av tjenesteomr\u00e5dene som skal sikre gode leveranser til en lavest mulig pris til h\u00f8y kvalitet.<\/p>\n\n\n\n<p>Thomas Langholen (H)<\/p>\n\n\n\n<p>Gruppeleder Lillestr\u00f8m<\/p>\n\n\n<div class=\"tags\">\n\t<\/div>\n<div class=\"post-footer alignfull has-background block-editor-block-list__block\" data-align=full>\n\t<div class=\"post-footer-inner\">\n\t\t<h3>Relaterte artikler<\/h3>\n\t\t<div class=\"related-content\"><div class=\"is-card-hoyre\">\n\t<div class=\"teft-card hoyre-teft-card post-teft-card\">\n\t\t<a href=\"https:\/\/hoyre.no\/lillestrom\/aktuelt\/et-godt-budsjett-for-2024\/\" class=\"teft-card__primary-action\">\n\n\t\t\t\t\t<div class=\"teft-card__media teft-card__media--16-9\">\n\t\t\t\t\t\t<img loading=\"lazy\" decoding=\"async\" width=\"768\" height=\"768\" src=\"https:\/\/hoyre.no\/content\/uploads\/sites\/180\/2023\/12\/Budsjett24-768x768.jpg\" class=\"attachment-medium_large size-medium_large\" alt=\"\" srcset=\"https:\/\/hoyre.no\/content\/uploads\/sites\/180\/2023\/12\/Budsjett24-768x768.jpg 768w, https:\/\/hoyre.no\/content\/uploads\/sites\/180\/2023\/12\/Budsjett24-300x300.jpg 300w, https:\/\/hoyre.no\/content\/uploads\/sites\/180\/2023\/12\/Budsjett24-1024x1024.jpg 1024w, https:\/\/hoyre.no\/content\/uploads\/sites\/180\/2023\/12\/Budsjett24-150x150.jpg 150w, https:\/\/hoyre.no\/content\/uploads\/sites\/180\/2023\/12\/Budsjett24.jpg 1080w\" sizes=\"auto, (max-width: 768px) 100vw, 768px\" \/>\t\t<\/div>\n\t\t\n\t\t\t<div class=\"teft-card__content-wrapper\">\n\t\t\t\t<div class=\"teft-card__secondary\">\n\t\t\t\t\t\n\t\t\t\t\t\t\t\t<div class=\"teft-card__meta\">\n\t\t\t\t\t\t\t\t\t<span class=\"post-date\">19. des 2023<\/span>\n\n\t\t\t\t\t\t\t\t\t<span class=\"post-category\">\u00d8konomi<\/span>\t\t\t\t\t\t\t\t<\/div>\n\t\t\t\t\t\t\t\t\t\t\t<\/div>\n\n\t\t\t\t<div class=\"teft-card__primary\">\n\t\t\t\t\t<h2 class=\"teft-card__title\">Budsjett 2024&nbsp;<span class=\"teft-card__primary-title-append\"><\/span><\/h2>\t\t\t\t<\/div>\n\t\t\t<\/div>\n\t\t<\/a>\n\t<\/div>\n\n\t<\/div><div class=\"is-card-hoyre\">\n\t<div class=\"teft-card hoyre-teft-card post-teft-card\">\n\t\t<a href=\"https:\/\/hoyre.no\/lillestrom\/aktuelt\/program-for-2023-2027\/\" class=\"teft-card__primary-action\">\n\n\t\t\t\t\t<div class=\"teft-card__media teft-card__media--16-9\">\n\t\t\t\t\t\t<img loading=\"lazy\" decoding=\"async\" width=\"768\" height=\"429\" src=\"https:\/\/hoyre.no\/content\/uploads\/sites\/180\/2020\/11\/lillestrom_kjartanberland_860x480-768x429.jpg\" class=\"attachment-medium_large size-medium_large\" alt=\"\" srcset=\"https:\/\/hoyre.no\/content\/uploads\/sites\/180\/2020\/11\/lillestrom_kjartanberland_860x480-768x429.jpg 768w, https:\/\/hoyre.no\/content\/uploads\/sites\/180\/2020\/11\/lillestrom_kjartanberland_860x480-300x167.jpg 300w, https:\/\/hoyre.no\/content\/uploads\/sites\/180\/2020\/11\/lillestrom_kjartanberland_860x480.jpg 860w\" sizes=\"auto, (max-width: 768px) 100vw, 768px\" \/>\t\t<\/div>\n\t\t\n\t\t\t<div class=\"teft-card__content-wrapper\">\n\t\t\t\t<div class=\"teft-card__secondary\">\n\t\t\t\t\t\n\t\t\t\t\t\t\t\t<div class=\"teft-card__meta\">\n\t\t\t\t\t\t\t\t\t<span class=\"post-date\">30. jun 2023<\/span>\n\n\t\t\t\t\t\t\t\t\t<span class=\"post-category\">Ukategorisert<\/span>\t\t\t\t\t\t\t\t<\/div>\n\t\t\t\t\t\t\t\t\t\t\t<\/div>\n\n\t\t\t\t<div class=\"teft-card__primary\">\n\t\t\t\t\t<h2 class=\"teft-card__title\">Program for 2023-2027&nbsp;<span class=\"teft-card__primary-title-append\"><\/span><\/h2>\t\t\t\t<\/div>\n\t\t\t<\/div>\n\t\t<\/a>\n\t<\/div>\n\n\t<\/div><div class=\"is-card-hoyre\">\n\t<div class=\"teft-card hoyre-teft-card post-teft-card\">\n\t\t<a href=\"https:\/\/hoyre.no\/lillestrom\/aktuelt\/fremtidsrettet-byutvikling-parkering-under-bakken-ikke-over\/\" class=\"teft-card__primary-action\">\n\n\t\t\t\t\t<div class=\"teft-card__media teft-card__media--16-9\">\n\t\t\t\t\t\t<img loading=\"lazy\" decoding=\"async\" width=\"768\" height=\"602\" src=\"https:\/\/hoyre.no\/content\/uploads\/sites\/180\/2023\/06\/Lillestrom-768x602.jpg\" class=\"attachment-medium_large size-medium_large\" alt=\"\" srcset=\"https:\/\/hoyre.no\/content\/uploads\/sites\/180\/2023\/06\/Lillestrom-768x602.jpg 768w, https:\/\/hoyre.no\/content\/uploads\/sites\/180\/2023\/06\/Lillestrom-300x235.jpg 300w, https:\/\/hoyre.no\/content\/uploads\/sites\/180\/2023\/06\/Lillestrom-1024x803.jpg 1024w, https:\/\/hoyre.no\/content\/uploads\/sites\/180\/2023\/06\/Lillestrom.jpg 1200w\" sizes=\"auto, (max-width: 768px) 100vw, 768px\" \/>\t\t<\/div>\n\t\t\n\t\t\t<div class=\"teft-card__content-wrapper\">\n\t\t\t\t<div class=\"teft-card__secondary\">\n\t\t\t\t\t\n\t\t\t\t\t\t\t\t<div class=\"teft-card__meta\">\n\t\t\t\t\t\t\t\t\t<span class=\"post-date\">4. apr 2024<\/span>\n\n\t\t\t\t\t\t\t\t\t<span class=\"post-category\">Byutvikling<\/span>\t\t\t\t\t\t\t\t<\/div>\n\t\t\t\t\t\t\t\t\t\t\t<\/div>\n\n\t\t\t\t<div class=\"teft-card__primary\">\n\t\t\t\t\t<h2 class=\"teft-card__title\">Fremtidsrettet byutvikling: Parkering under bakken, ikke over&nbsp;<span class=\"teft-card__primary-title-append\"><\/span><\/h2>\t\t\t\t<\/div>\n\t\t\t<\/div>\n\t\t<\/a>\n\t<\/div>\n\n\t<\/div><\/div>\t<\/div>\n<\/div>\n","protected":false},"excerpt":{"rendered":"","protected":false},"author":27982,"featured_media":0,"comment_status":"closed","ping_status":"closed","sticky":false,"template":"","format":"standard","meta":{"teft_cards_image_url":"","teft_cards_custom_pretitle":"","teft_cards_image_id":31,"teft_cards_image_focal_point_x":0.5,"teft_cards_image_focal_point_y":0.5,"teft_cards_title":"","teft_cards_excerpt":"","teft_show_chapters":false,"author_display_name":"","footnotes":""},"category":[3],"post_tag":[],"hoyre-visibility":[],"article-type":[],"politician":[15],"class_list":["post-645","post","type-post","status-publish","format-standard","hentry","category-okonomi","politician-thomas-langholen"],"yoast_head":"<!-- This site is optimized with the Yoast SEO plugin v26.6 - https:\/\/yoast.com\/wordpress\/plugins\/seo\/ -->\n<title>Mindre \u00f8kning i gebyrene for vann og avl\u00f8p - Lillestr\u00f8m H\u00f8yre<\/title>\n<meta name=\"robots\" content=\"index, follow, max-snippet:-1, max-image-preview:large, max-video-preview:-1\" \/>\n<link rel=\"canonical\" href=\"https:\/\/hoyre.no\/lillestrom\/aktuelt\/mindre-okning-i-gebyrene-for-vann-og-avlop\/\" \/>\n<meta property=\"og:locale\" content=\"nb_NO\" \/>\n<meta property=\"og:type\" content=\"article\" \/>\n<meta property=\"og:title\" content=\"Mindre \u00f8kning i gebyrene for vann og avl\u00f8p - Lillestr\u00f8m H\u00f8yre\" \/>\n<meta property=\"og:url\" content=\"https:\/\/hoyre.no\/lillestrom\/aktuelt\/mindre-okning-i-gebyrene-for-vann-og-avlop\/\" \/>\n<meta property=\"og:site_name\" content=\"Lillestr\u00f8m H\u00f8yre\" \/>\n<meta property=\"article:published_time\" content=\"2023-12-31T19:27:24+00:00\" \/>\n<meta property=\"article:modified_time\" content=\"2023-12-31T19:27:25+00:00\" \/>\n<meta property=\"og:image\" content=\"https:\/\/hoyre.no\/content\/uploads\/sites\/180\/2023\/06\/Lillestrom-1024x803.jpg\" \/>\n<meta name=\"author\" content=\"Thomas Langholen\" \/>\n<meta name=\"twitter:card\" content=\"summary_large_image\" \/>\n<meta name=\"twitter:label1\" content=\"Skrevet av\" \/>\n\t<meta name=\"twitter:data1\" content=\"Thomas Langholen\" \/>\n\t<meta name=\"twitter:label2\" content=\"Ansl. lesetid\" \/>\n\t<meta name=\"twitter:data2\" content=\"4 minutter\" \/>\n<script type=\"application\/ld+json\" class=\"yoast-schema-graph\">{\"@context\":\"https:\/\/schema.org\",\"@graph\":[{\"@type\":\"NewsArticle\",\"@id\":\"https:\/\/hoyre.no\/lillestrom\/aktuelt\/mindre-okning-i-gebyrene-for-vann-og-avlop\/\",\"url\":\"https:\/\/hoyre.no\/lillestrom\/aktuelt\/mindre-okning-i-gebyrene-for-vann-og-avlop\/\",\"name\":\"Mindre \u00f8kning i gebyrene for vann og avl\u00f8p - Lillestr\u00f8m H\u00f8yre\",\"isPartOf\":{\"@id\":\"https:\/\/hoyre.no\/lillestrom\/#website\"},\"datePublished\":\"2023-12-31T19:27:24+00:00\",\"dateModified\":\"2023-12-31T19:27:25+00:00\",\"author\":{\"@id\":\"https:\/\/hoyre.no\/lillestrom\/#\/schema\/person\/0bbacf2427431d46247b25a6cb645e05\"},\"breadcrumb\":{\"@id\":\"https:\/\/hoyre.no\/lillestrom\/aktuelt\/mindre-okning-i-gebyrene-for-vann-og-avlop\/#breadcrumb\"},\"inLanguage\":\"nb-NO\",\"potentialAction\":[{\"@type\":\"ReadAction\",\"target\":[\"https:\/\/hoyre.no\/lillestrom\/aktuelt\/mindre-okning-i-gebyrene-for-vann-og-avlop\/\"]}]},{\"@type\":\"BreadcrumbList\",\"@id\":\"https:\/\/hoyre.no\/lillestrom\/aktuelt\/mindre-okning-i-gebyrene-for-vann-og-avlop\/#breadcrumb\",\"itemListElement\":[{\"@type\":\"ListItem\",\"position\":1,\"name\":\"Til hoyre.no\",\"item\":\"https:\/\/hoyre.no\"},{\"@type\":\"ListItem\",\"position\":2,\"name\":\"Hjem\",\"item\":\"https:\/\/hoyre.no\/lillestrom\/\"},{\"@type\":\"ListItem\",\"position\":3,\"name\":\"Mindre \u00f8kning i gebyrene for vann og avl\u00f8p\"}]},{\"@type\":\"WebSite\",\"@id\":\"https:\/\/hoyre.no\/lillestrom\/#website\",\"url\":\"https:\/\/hoyre.no\/lillestrom\/\",\"name\":\"Lillestr\u00f8m H\u00f8yre\",\"description\":\"Bare enda et H\u00f8yres nettsteder-nettsted\",\"inLanguage\":\"nb-NO\"},{\"@type\":\"Person\",\"@id\":\"https:\/\/hoyre.no\/lillestrom\/#\/schema\/person\/0bbacf2427431d46247b25a6cb645e05\",\"name\":\"Thomas Langholen\",\"image\":{\"@type\":\"ImageObject\",\"inLanguage\":\"nb-NO\",\"@id\":\"https:\/\/hoyre.no\/lillestrom\/#\/schema\/person\/image\/\",\"url\":\"https:\/\/secure.gravatar.com\/avatar\/7aa57898e344f3ebb73d3c256bd164f69ee67191198f9723f1c3c8177fabce2e?s=96&d=mm&r=g\",\"contentUrl\":\"https:\/\/secure.gravatar.com\/avatar\/7aa57898e344f3ebb73d3c256bd164f69ee67191198f9723f1c3c8177fabce2e?s=96&d=mm&r=g\",\"caption\":\"Thomas Langholen\"},\"url\":\"https:\/\/hoyre.no\/lillestrom\/aktuelt\/author\/m51513471\/\"}]}<\/script>\n<!-- \/ Yoast SEO plugin. -->","yoast_head_json":{"title":"Mindre \u00f8kning i gebyrene for vann og avl\u00f8p - Lillestr\u00f8m H\u00f8yre","robots":{"index":"index","follow":"follow","max-snippet":"max-snippet:-1","max-image-preview":"max-image-preview:large","max-video-preview":"max-video-preview:-1"},"canonical":"https:\/\/hoyre.no\/lillestrom\/aktuelt\/mindre-okning-i-gebyrene-for-vann-og-avlop\/","og_locale":"nb_NO","og_type":"article","og_title":"Mindre \u00f8kning i gebyrene for vann og avl\u00f8p - Lillestr\u00f8m H\u00f8yre","og_url":"https:\/\/hoyre.no\/lillestrom\/aktuelt\/mindre-okning-i-gebyrene-for-vann-og-avlop\/","og_site_name":"Lillestr\u00f8m H\u00f8yre","article_published_time":"2023-12-31T19:27:24+00:00","article_modified_time":"2023-12-31T19:27:25+00:00","og_image":[{"url":"https:\/\/hoyre.no\/content\/uploads\/sites\/180\/2023\/06\/Lillestrom-1024x803.jpg","width":"","height":"","type":""}],"author":"Thomas Langholen","twitter_card":"summary_large_image","twitter_misc":{"Skrevet av":"Thomas Langholen","Ansl. lesetid":"4 minutter"},"schema":{"@context":"https:\/\/schema.org","@graph":[{"@type":"NewsArticle","@id":"https:\/\/hoyre.no\/lillestrom\/aktuelt\/mindre-okning-i-gebyrene-for-vann-og-avlop\/","url":"https:\/\/hoyre.no\/lillestrom\/aktuelt\/mindre-okning-i-gebyrene-for-vann-og-avlop\/","name":"Mindre \u00f8kning i gebyrene for vann og avl\u00f8p - Lillestr\u00f8m H\u00f8yre","isPartOf":{"@id":"https:\/\/hoyre.no\/lillestrom\/#website"},"datePublished":"2023-12-31T19:27:24+00:00","dateModified":"2023-12-31T19:27:25+00:00","author":{"@id":"https:\/\/hoyre.no\/lillestrom\/#\/schema\/person\/0bbacf2427431d46247b25a6cb645e05"},"breadcrumb":{"@id":"https:\/\/hoyre.no\/lillestrom\/aktuelt\/mindre-okning-i-gebyrene-for-vann-og-avlop\/#breadcrumb"},"inLanguage":"nb-NO","potentialAction":[{"@type":"ReadAction","target":["https:\/\/hoyre.no\/lillestrom\/aktuelt\/mindre-okning-i-gebyrene-for-vann-og-avlop\/"]}]},{"@type":"BreadcrumbList","@id":"https:\/\/hoyre.no\/lillestrom\/aktuelt\/mindre-okning-i-gebyrene-for-vann-og-avlop\/#breadcrumb","itemListElement":[{"@type":"ListItem","position":1,"name":"Til hoyre.no","item":"https:\/\/hoyre.no"},{"@type":"ListItem","position":2,"name":"Hjem","item":"https:\/\/hoyre.no\/lillestrom\/"},{"@type":"ListItem","position":3,"name":"Mindre \u00f8kning i gebyrene for vann og avl\u00f8p"}]},{"@type":"WebSite","@id":"https:\/\/hoyre.no\/lillestrom\/#website","url":"https:\/\/hoyre.no\/lillestrom\/","name":"Lillestr\u00f8m H\u00f8yre","description":"Bare enda et H\u00f8yres nettsteder-nettsted","inLanguage":"nb-NO"},{"@type":"Person","@id":"https:\/\/hoyre.no\/lillestrom\/#\/schema\/person\/0bbacf2427431d46247b25a6cb645e05","name":"Thomas Langholen","image":{"@type":"ImageObject","inLanguage":"nb-NO","@id":"https:\/\/hoyre.no\/lillestrom\/#\/schema\/person\/image\/","url":"https:\/\/secure.gravatar.com\/avatar\/7aa57898e344f3ebb73d3c256bd164f69ee67191198f9723f1c3c8177fabce2e?s=96&d=mm&r=g","contentUrl":"https:\/\/secure.gravatar.com\/avatar\/7aa57898e344f3ebb73d3c256bd164f69ee67191198f9723f1c3c8177fabce2e?s=96&d=mm&r=g","caption":"Thomas Langholen"},"url":"https:\/\/hoyre.no\/lillestrom\/aktuelt\/author\/m51513471\/"}]}},"distributor_meta":false,"distributor_terms":false,"distributor_media":false,"distributor_original_site_name":"Lillestr\u00f8m H\u00f8yre","distributor_original_site_url":"https:\/\/hoyre.no\/lillestrom","push-errors":false,"_links":{"self":[{"href":"https:\/\/hoyre.no\/lillestrom\/wp-json\/wp\/v2\/posts\/645","targetHints":{"allow":["GET"]}}],"collection":[{"href":"https:\/\/hoyre.no\/lillestrom\/wp-json\/wp\/v2\/posts"}],"about":[{"href":"https:\/\/hoyre.no\/lillestrom\/wp-json\/wp\/v2\/types\/post"}],"author":[{"embeddable":true,"href":"https:\/\/hoyre.no\/lillestrom\/wp-json\/wp\/v2\/users\/27982"}],"replies":[{"embeddable":true,"href":"https:\/\/hoyre.no\/lillestrom\/wp-json\/wp\/v2\/comments?post=645"}],"version-history":[{"count":1,"href":"https:\/\/hoyre.no\/lillestrom\/wp-json\/wp\/v2\/posts\/645\/revisions"}],"predecessor-version":[{"id":646,"href":"https:\/\/hoyre.no\/lillestrom\/wp-json\/wp\/v2\/posts\/645\/revisions\/646"}],"wp:attachment":[{"href":"https:\/\/hoyre.no\/lillestrom\/wp-json\/wp\/v2\/media?parent=645"}],"wp:term":[{"taxonomy":"category","embeddable":true,"href":"https:\/\/hoyre.no\/lillestrom\/wp-json\/wp\/v2\/category?post=645"},{"taxonomy":"post_tag","embeddable":true,"href":"https:\/\/hoyre.no\/lillestrom\/wp-json\/wp\/v2\/post_tag?post=645"},{"taxonomy":"hoyre-visibility","embeddable":true,"href":"https:\/\/hoyre.no\/lillestrom\/wp-json\/wp\/v2\/hoyre-visibility?post=645"},{"taxonomy":"article-type","embeddable":true,"href":"https:\/\/hoyre.no\/lillestrom\/wp-json\/wp\/v2\/article-type?post=645"},{"taxonomy":"politician","embeddable":true,"href":"https:\/\/hoyre.no\/lillestrom\/wp-json\/wp\/v2\/politician?post=645"}],"curies":[{"name":"wp","href":"https:\/\/api.w.org\/{rel}","templated":true}]}}