{"id":656,"date":"2024-01-10T18:41:56","date_gmt":"2024-01-10T17:41:56","guid":{"rendered":"https:\/\/hoyre.no\/lillestrom\/?p=656"},"modified":"2024-01-10T18:41:56","modified_gmt":"2024-01-10T17:41:56","slug":"regjeringen-strammer-grepet-om-private-barnehager","status":"publish","type":"post","link":"https:\/\/hoyre.no\/lillestrom\/aktuelt\/regjeringen-strammer-grepet-om-private-barnehager\/","title":{"rendered":"Regjeringen strammer grepet om private barnehager"},"content":{"rendered":"\n<p class=\"preamble\">Regjeringen har sendt p\u00e5 h\u00f8ring en rekke forslag til endringer i barnehageloven. Lillestr\u00f8m H\u00f8yre er bekymret for at innbyggerne ikke skal f\u00e5 et like mangfoldig og godt barnehagetilbud fremover.<\/p>\n\n\n\n\n<p>Lillestr\u00f8m-barnehagen benyttes av flere enn 4500 av v\u00e5re barn. Som folkevalgte med s\u00e6rinteresse for barn, unge og oppvekstsvilk\u00e5r, m\u00e5 vi gj\u00f8re v\u00e5rt for \u00e5 sikre at barnehagetilbudet totalt sett vil holde h\u00f8y kvalitet. Imidlertid inneb\u00e6rer dessverre h\u00f8ringsforslaget fra regjeringen at mangfoldet og dermed kvaliteten p\u00e5 barnehagene utfordres. Det er s\u00e6rlig tre grep i h\u00f8ringsnotatet som vil f\u00e5 stor negativ effekt for mangfoldet i barnehagesektoren dersom de blir innf\u00f8rt:<\/p>\n\n\n\n<p>1) Kommunen gis mulighet til \u00e5 redusere antall plasser en privat barnehage er godkjent for hvert tiende \u00e5r, inkludert allerede om to \u00e5r.<\/p>\n\n\n\n<p>2) Kommunen gis mulighet til \u00e5 detaljstyre tilskuddet private barnehager f\u00e5r flere ganger i \u00e5ret og etter et omfattende og intrikat regelverk, som gir lite forutsigbarhet og g\u00e5r bort fra prinsippet om likebehandling. Det er overveiende sannsynlig at dette vil f\u00f8re til f\u00e6rre private\/ideelle barnehager over tid.<\/p>\n\n\n\n<p>3) Forslaget om \u00e5 kunne begrense kostpenger vil gj\u00f8re mangfoldet av barnehagene mindre fordi mange har mat som en del av sitt konsept, og ta bort et godt mattilbud i noen barnehager.<\/p>\n\n\n\n<p>Det \u00e5 \u00f8nske seg et mangfold av l\u00f8sninger, som skal passe ulike familier med ulike \u00f8nsker, betyr at vi m\u00e5 akseptere at ikke alle tilbud er helt like. For \u00e5 beholde mangfoldet, er vi avhengig av \u00e5 gi forutsigbarhet, langsiktighet og frihet til \u00e5 forme innholdet. Forsvinner det, forsvinner ogs\u00e5 motivasjonen til \u00e5 drive utenfor det offentlige, og vi st\u00e5r igjen med et fattigere velferdstilbud.<\/p>\n\n\n\n<p>Det beste samspillet mellom private\/ideelle og det offentlige skjer i samarbeid, ikke ved at kommunen skal styre alt med loven i h\u00e5nd. Det er i dag et relativt lettfattelig tilskuddssystem, som krever lite administrasjon.<\/p>\n\n\n\n<p>H\u00f8ringsforslaget legger opp til at hver enkelt kommune m\u00e5 legge mer arbeid i \u00e5 utforme tilskuddsregler og sikre likebehandling eller begrunne unntak vesentlig mer enn i dag. Vi mener kommunenes innsats heller b\u00f8r settes inn p\u00e5 \u00e5 gi barn og foreldre et bedre tilbud, enn \u00e5 \u00f8ke det kommunale barnehagebyr\u00e5kratiet<\/p>\n\n\n\n<p>Venstresiden hevder ofte at private barnehagekonsern er velfersprofit\u00f8rer. Til det \u00f8nsker vi \u00e5 poengtere at Solberg-regjeringen s\u00f8rget for nye rammeplaner for barnehagen, skjerpede krav til bemanning og pedagogiske ansatte, og et nasjonalt barnehagetilsyn som sikrer \u00e5penhet og transparens.<\/p>\n\n\n\n<p>Vi mener at det private og ideelle barnehagetilbudet er tilstrekkelig regulert og at de fleste av regjeringens forslag til lovendringer vil f\u00f8re til at det blir vanskeligere \u00e5 opprette og drive private og ideelle barnehager. Dette vil kunne utarme mangfold og kvalitet i dagens barnehagetilbud.<\/p>\n\n\n\n<p>Odne Holm og Kjersti Vevstad, folkevalgte i Lillestr\u00f8m kommune for H\u00f8yre<\/p>\n\n\n<div class=\"tags\">\n\t<\/div>\n<div class=\"post-footer alignfull has-background block-editor-block-list__block\" data-align=full>\n\t<div class=\"post-footer-inner\">\n\t\t<h3>Relaterte artikler<\/h3>\n\t\t<div class=\"related-content\"><div class=\"is-card-hoyre\">\n\t<div class=\"teft-card hoyre-teft-card post-teft-card\">\n\t\t<a href=\"https:\/\/hoyre.no\/lillestrom\/aktuelt\/et-godt-budsjett-for-2024\/\" class=\"teft-card__primary-action\">\n\n\t\t\t\t\t<div class=\"teft-card__media teft-card__media--16-9\">\n\t\t\t\t\t\t<img loading=\"lazy\" decoding=\"async\" width=\"768\" height=\"768\" src=\"https:\/\/hoyre.no\/content\/uploads\/sites\/180\/2023\/12\/Budsjett24-768x768.jpg\" class=\"attachment-medium_large size-medium_large\" alt=\"\" srcset=\"https:\/\/hoyre.no\/content\/uploads\/sites\/180\/2023\/12\/Budsjett24-768x768.jpg 768w, https:\/\/hoyre.no\/content\/uploads\/sites\/180\/2023\/12\/Budsjett24-300x300.jpg 300w, https:\/\/hoyre.no\/content\/uploads\/sites\/180\/2023\/12\/Budsjett24-1024x1024.jpg 1024w, https:\/\/hoyre.no\/content\/uploads\/sites\/180\/2023\/12\/Budsjett24-150x150.jpg 150w, https:\/\/hoyre.no\/content\/uploads\/sites\/180\/2023\/12\/Budsjett24.jpg 1080w\" sizes=\"auto, (max-width: 768px) 100vw, 768px\" \/>\t\t<\/div>\n\t\t\n\t\t\t<div class=\"teft-card__content-wrapper\">\n\t\t\t\t<div class=\"teft-card__secondary\">\n\t\t\t\t\t\n\t\t\t\t\t\t\t\t<div class=\"teft-card__meta\">\n\t\t\t\t\t\t\t\t\t<span class=\"post-date\">19. des 2023<\/span>\n\n\t\t\t\t\t\t\t\t\t<span class=\"post-category\">\u00d8konomi<\/span>\t\t\t\t\t\t\t\t<\/div>\n\t\t\t\t\t\t\t\t\t\t\t<\/div>\n\n\t\t\t\t<div class=\"teft-card__primary\">\n\t\t\t\t\t<h2 class=\"teft-card__title\">Budsjett 2024&nbsp;<span class=\"teft-card__primary-title-append\"><\/span><\/h2>\t\t\t\t<\/div>\n\t\t\t<\/div>\n\t\t<\/a>\n\t<\/div>\n\n\t<\/div><div class=\"is-card-hoyre\">\n\t<div class=\"teft-card hoyre-teft-card post-teft-card\">\n\t\t<a href=\"https:\/\/hoyre.no\/lillestrom\/aktuelt\/program-for-2023-2027\/\" class=\"teft-card__primary-action\">\n\n\t\t\t\t\t<div class=\"teft-card__media teft-card__media--16-9\">\n\t\t\t\t\t\t<img loading=\"lazy\" decoding=\"async\" width=\"768\" height=\"429\" src=\"https:\/\/hoyre.no\/content\/uploads\/sites\/180\/2020\/11\/lillestrom_kjartanberland_860x480-768x429.jpg\" class=\"attachment-medium_large size-medium_large\" alt=\"\" srcset=\"https:\/\/hoyre.no\/content\/uploads\/sites\/180\/2020\/11\/lillestrom_kjartanberland_860x480-768x429.jpg 768w, https:\/\/hoyre.no\/content\/uploads\/sites\/180\/2020\/11\/lillestrom_kjartanberland_860x480-300x167.jpg 300w, https:\/\/hoyre.no\/content\/uploads\/sites\/180\/2020\/11\/lillestrom_kjartanberland_860x480.jpg 860w\" sizes=\"auto, (max-width: 768px) 100vw, 768px\" \/>\t\t<\/div>\n\t\t\n\t\t\t<div class=\"teft-card__content-wrapper\">\n\t\t\t\t<div class=\"teft-card__secondary\">\n\t\t\t\t\t\n\t\t\t\t\t\t\t\t<div class=\"teft-card__meta\">\n\t\t\t\t\t\t\t\t\t<span class=\"post-date\">30. jun 2023<\/span>\n\n\t\t\t\t\t\t\t\t\t<span class=\"post-category\">Ukategorisert<\/span>\t\t\t\t\t\t\t\t<\/div>\n\t\t\t\t\t\t\t\t\t\t\t<\/div>\n\n\t\t\t\t<div class=\"teft-card__primary\">\n\t\t\t\t\t<h2 class=\"teft-card__title\">Program for 2023-2027&nbsp;<span class=\"teft-card__primary-title-append\"><\/span><\/h2>\t\t\t\t<\/div>\n\t\t\t<\/div>\n\t\t<\/a>\n\t<\/div>\n\n\t<\/div><div class=\"is-card-hoyre\">\n\t<div class=\"teft-card hoyre-teft-card post-teft-card\">\n\t\t<a href=\"https:\/\/hoyre.no\/lillestrom\/aktuelt\/fremtidsrettet-byutvikling-parkering-under-bakken-ikke-over\/\" class=\"teft-card__primary-action\">\n\n\t\t\t\t\t<div class=\"teft-card__media teft-card__media--16-9\">\n\t\t\t\t\t\t<img loading=\"lazy\" decoding=\"async\" width=\"768\" height=\"602\" src=\"https:\/\/hoyre.no\/content\/uploads\/sites\/180\/2023\/06\/Lillestrom-768x602.jpg\" class=\"attachment-medium_large size-medium_large\" alt=\"\" srcset=\"https:\/\/hoyre.no\/content\/uploads\/sites\/180\/2023\/06\/Lillestrom-768x602.jpg 768w, https:\/\/hoyre.no\/content\/uploads\/sites\/180\/2023\/06\/Lillestrom-300x235.jpg 300w, https:\/\/hoyre.no\/content\/uploads\/sites\/180\/2023\/06\/Lillestrom-1024x803.jpg 1024w, https:\/\/hoyre.no\/content\/uploads\/sites\/180\/2023\/06\/Lillestrom.jpg 1200w\" sizes=\"auto, (max-width: 768px) 100vw, 768px\" \/>\t\t<\/div>\n\t\t\n\t\t\t<div class=\"teft-card__content-wrapper\">\n\t\t\t\t<div class=\"teft-card__secondary\">\n\t\t\t\t\t\n\t\t\t\t\t\t\t\t<div class=\"teft-card__meta\">\n\t\t\t\t\t\t\t\t\t<span class=\"post-date\">4. apr 2024<\/span>\n\n\t\t\t\t\t\t\t\t\t<span class=\"post-category\">Byutvikling<\/span>\t\t\t\t\t\t\t\t<\/div>\n\t\t\t\t\t\t\t\t\t\t\t<\/div>\n\n\t\t\t\t<div class=\"teft-card__primary\">\n\t\t\t\t\t<h2 class=\"teft-card__title\">Fremtidsrettet byutvikling: Parkering under bakken, ikke over&nbsp;<span class=\"teft-card__primary-title-append\"><\/span><\/h2>\t\t\t\t<\/div>\n\t\t\t<\/div>\n\t\t<\/a>\n\t<\/div>\n\n\t<\/div><\/div>\t<\/div>\n<\/div>\n","protected":false},"excerpt":{"rendered":"","protected":false},"author":27982,"featured_media":0,"comment_status":"closed","ping_status":"closed","sticky":false,"template":"","format":"standard","meta":{"teft_cards_image_url":"","teft_cards_custom_pretitle":"","teft_cards_image_id":71,"teft_cards_image_focal_point_x":0.5,"teft_cards_image_focal_point_y":0.5,"teft_cards_title":"","teft_cards_excerpt":"","teft_show_chapters":false,"author_display_name":"","footnotes":""},"category":[8],"post_tag":[],"hoyre-visibility":[],"article-type":[],"politician":[16,31],"class_list":["post-656","post","type-post","status-publish","format-standard","hentry","category-barnehage","politician-kjersti-vevsta","politician-odne-holm"],"yoast_head":"<!-- This site is optimized with the Yoast SEO plugin v26.6 - https:\/\/yoast.com\/wordpress\/plugins\/seo\/ -->\n<title>Regjeringen strammer grepet om private barnehager - Lillestr\u00f8m H\u00f8yre<\/title>\n<meta name=\"robots\" content=\"index, follow, max-snippet:-1, max-image-preview:large, max-video-preview:-1\" \/>\n<link rel=\"canonical\" href=\"https:\/\/hoyre.no\/lillestrom\/aktuelt\/regjeringen-strammer-grepet-om-private-barnehager\/\" \/>\n<meta property=\"og:locale\" content=\"nb_NO\" \/>\n<meta property=\"og:type\" content=\"article\" \/>\n<meta property=\"og:title\" content=\"Regjeringen strammer grepet om private barnehager - Lillestr\u00f8m H\u00f8yre\" \/>\n<meta property=\"og:url\" content=\"https:\/\/hoyre.no\/lillestrom\/aktuelt\/regjeringen-strammer-grepet-om-private-barnehager\/\" \/>\n<meta property=\"og:site_name\" content=\"Lillestr\u00f8m H\u00f8yre\" \/>\n<meta property=\"article:published_time\" content=\"2024-01-10T17:41:56+00:00\" \/>\n<meta property=\"og:image\" content=\"https:\/\/hoyre.no\/content\/uploads\/sites\/180\/2023\/06\/Lillestrom-1024x803.jpg\" \/>\n<meta name=\"author\" content=\"Thomas Langholen\" \/>\n<meta name=\"twitter:card\" content=\"summary_large_image\" \/>\n<meta name=\"twitter:label1\" content=\"Skrevet av\" \/>\n\t<meta name=\"twitter:data1\" content=\"Thomas Langholen\" \/>\n\t<meta name=\"twitter:label2\" content=\"Ansl. lesetid\" \/>\n\t<meta name=\"twitter:data2\" content=\"3 minutter\" \/>\n<script type=\"application\/ld+json\" class=\"yoast-schema-graph\">{\"@context\":\"https:\/\/schema.org\",\"@graph\":[{\"@type\":\"NewsArticle\",\"@id\":\"https:\/\/hoyre.no\/lillestrom\/aktuelt\/regjeringen-strammer-grepet-om-private-barnehager\/\",\"url\":\"https:\/\/hoyre.no\/lillestrom\/aktuelt\/regjeringen-strammer-grepet-om-private-barnehager\/\",\"name\":\"Regjeringen strammer grepet om private barnehager - Lillestr\u00f8m H\u00f8yre\",\"isPartOf\":{\"@id\":\"https:\/\/hoyre.no\/lillestrom\/#website\"},\"datePublished\":\"2024-01-10T17:41:56+00:00\",\"author\":{\"@id\":\"https:\/\/hoyre.no\/lillestrom\/#\/schema\/person\/0bbacf2427431d46247b25a6cb645e05\"},\"breadcrumb\":{\"@id\":\"https:\/\/hoyre.no\/lillestrom\/aktuelt\/regjeringen-strammer-grepet-om-private-barnehager\/#breadcrumb\"},\"inLanguage\":\"nb-NO\",\"potentialAction\":[{\"@type\":\"ReadAction\",\"target\":[\"https:\/\/hoyre.no\/lillestrom\/aktuelt\/regjeringen-strammer-grepet-om-private-barnehager\/\"]}]},{\"@type\":\"BreadcrumbList\",\"@id\":\"https:\/\/hoyre.no\/lillestrom\/aktuelt\/regjeringen-strammer-grepet-om-private-barnehager\/#breadcrumb\",\"itemListElement\":[{\"@type\":\"ListItem\",\"position\":1,\"name\":\"Til hoyre.no\",\"item\":\"https:\/\/hoyre.no\"},{\"@type\":\"ListItem\",\"position\":2,\"name\":\"Hjem\",\"item\":\"https:\/\/hoyre.no\/lillestrom\/\"},{\"@type\":\"ListItem\",\"position\":3,\"name\":\"Regjeringen strammer grepet om private barnehager\"}]},{\"@type\":\"WebSite\",\"@id\":\"https:\/\/hoyre.no\/lillestrom\/#website\",\"url\":\"https:\/\/hoyre.no\/lillestrom\/\",\"name\":\"Lillestr\u00f8m H\u00f8yre\",\"description\":\"Bare enda et H\u00f8yres nettsteder-nettsted\",\"inLanguage\":\"nb-NO\"},{\"@type\":\"Person\",\"@id\":\"https:\/\/hoyre.no\/lillestrom\/#\/schema\/person\/0bbacf2427431d46247b25a6cb645e05\",\"name\":\"Thomas Langholen\",\"image\":{\"@type\":\"ImageObject\",\"inLanguage\":\"nb-NO\",\"@id\":\"https:\/\/hoyre.no\/lillestrom\/#\/schema\/person\/image\/\",\"url\":\"https:\/\/secure.gravatar.com\/avatar\/7aa57898e344f3ebb73d3c256bd164f69ee67191198f9723f1c3c8177fabce2e?s=96&d=mm&r=g\",\"contentUrl\":\"https:\/\/secure.gravatar.com\/avatar\/7aa57898e344f3ebb73d3c256bd164f69ee67191198f9723f1c3c8177fabce2e?s=96&d=mm&r=g\",\"caption\":\"Thomas Langholen\"},\"url\":\"https:\/\/hoyre.no\/lillestrom\/aktuelt\/author\/m51513471\/\"}]}<\/script>\n<!-- \/ Yoast SEO plugin. -->","yoast_head_json":{"title":"Regjeringen strammer grepet om private barnehager - Lillestr\u00f8m H\u00f8yre","robots":{"index":"index","follow":"follow","max-snippet":"max-snippet:-1","max-image-preview":"max-image-preview:large","max-video-preview":"max-video-preview:-1"},"canonical":"https:\/\/hoyre.no\/lillestrom\/aktuelt\/regjeringen-strammer-grepet-om-private-barnehager\/","og_locale":"nb_NO","og_type":"article","og_title":"Regjeringen strammer grepet om private barnehager - Lillestr\u00f8m H\u00f8yre","og_url":"https:\/\/hoyre.no\/lillestrom\/aktuelt\/regjeringen-strammer-grepet-om-private-barnehager\/","og_site_name":"Lillestr\u00f8m H\u00f8yre","article_published_time":"2024-01-10T17:41:56+00:00","og_image":[{"url":"https:\/\/hoyre.no\/content\/uploads\/sites\/180\/2023\/06\/Lillestrom-1024x803.jpg","width":"","height":"","type":""}],"author":"Thomas Langholen","twitter_card":"summary_large_image","twitter_misc":{"Skrevet av":"Thomas Langholen","Ansl. lesetid":"3 minutter"},"schema":{"@context":"https:\/\/schema.org","@graph":[{"@type":"NewsArticle","@id":"https:\/\/hoyre.no\/lillestrom\/aktuelt\/regjeringen-strammer-grepet-om-private-barnehager\/","url":"https:\/\/hoyre.no\/lillestrom\/aktuelt\/regjeringen-strammer-grepet-om-private-barnehager\/","name":"Regjeringen strammer grepet om private barnehager - Lillestr\u00f8m H\u00f8yre","isPartOf":{"@id":"https:\/\/hoyre.no\/lillestrom\/#website"},"datePublished":"2024-01-10T17:41:56+00:00","author":{"@id":"https:\/\/hoyre.no\/lillestrom\/#\/schema\/person\/0bbacf2427431d46247b25a6cb645e05"},"breadcrumb":{"@id":"https:\/\/hoyre.no\/lillestrom\/aktuelt\/regjeringen-strammer-grepet-om-private-barnehager\/#breadcrumb"},"inLanguage":"nb-NO","potentialAction":[{"@type":"ReadAction","target":["https:\/\/hoyre.no\/lillestrom\/aktuelt\/regjeringen-strammer-grepet-om-private-barnehager\/"]}]},{"@type":"BreadcrumbList","@id":"https:\/\/hoyre.no\/lillestrom\/aktuelt\/regjeringen-strammer-grepet-om-private-barnehager\/#breadcrumb","itemListElement":[{"@type":"ListItem","position":1,"name":"Til hoyre.no","item":"https:\/\/hoyre.no"},{"@type":"ListItem","position":2,"name":"Hjem","item":"https:\/\/hoyre.no\/lillestrom\/"},{"@type":"ListItem","position":3,"name":"Regjeringen strammer grepet om private barnehager"}]},{"@type":"WebSite","@id":"https:\/\/hoyre.no\/lillestrom\/#website","url":"https:\/\/hoyre.no\/lillestrom\/","name":"Lillestr\u00f8m H\u00f8yre","description":"Bare enda et H\u00f8yres nettsteder-nettsted","inLanguage":"nb-NO"},{"@type":"Person","@id":"https:\/\/hoyre.no\/lillestrom\/#\/schema\/person\/0bbacf2427431d46247b25a6cb645e05","name":"Thomas Langholen","image":{"@type":"ImageObject","inLanguage":"nb-NO","@id":"https:\/\/hoyre.no\/lillestrom\/#\/schema\/person\/image\/","url":"https:\/\/secure.gravatar.com\/avatar\/7aa57898e344f3ebb73d3c256bd164f69ee67191198f9723f1c3c8177fabce2e?s=96&d=mm&r=g","contentUrl":"https:\/\/secure.gravatar.com\/avatar\/7aa57898e344f3ebb73d3c256bd164f69ee67191198f9723f1c3c8177fabce2e?s=96&d=mm&r=g","caption":"Thomas Langholen"},"url":"https:\/\/hoyre.no\/lillestrom\/aktuelt\/author\/m51513471\/"}]}},"distributor_meta":false,"distributor_terms":false,"distributor_media":false,"distributor_original_site_name":"Lillestr\u00f8m H\u00f8yre","distributor_original_site_url":"https:\/\/hoyre.no\/lillestrom","push-errors":false,"_links":{"self":[{"href":"https:\/\/hoyre.no\/lillestrom\/wp-json\/wp\/v2\/posts\/656","targetHints":{"allow":["GET"]}}],"collection":[{"href":"https:\/\/hoyre.no\/lillestrom\/wp-json\/wp\/v2\/posts"}],"about":[{"href":"https:\/\/hoyre.no\/lillestrom\/wp-json\/wp\/v2\/types\/post"}],"author":[{"embeddable":true,"href":"https:\/\/hoyre.no\/lillestrom\/wp-json\/wp\/v2\/users\/27982"}],"replies":[{"embeddable":true,"href":"https:\/\/hoyre.no\/lillestrom\/wp-json\/wp\/v2\/comments?post=656"}],"version-history":[{"count":1,"href":"https:\/\/hoyre.no\/lillestrom\/wp-json\/wp\/v2\/posts\/656\/revisions"}],"predecessor-version":[{"id":657,"href":"https:\/\/hoyre.no\/lillestrom\/wp-json\/wp\/v2\/posts\/656\/revisions\/657"}],"wp:attachment":[{"href":"https:\/\/hoyre.no\/lillestrom\/wp-json\/wp\/v2\/media?parent=656"}],"wp:term":[{"taxonomy":"category","embeddable":true,"href":"https:\/\/hoyre.no\/lillestrom\/wp-json\/wp\/v2\/category?post=656"},{"taxonomy":"post_tag","embeddable":true,"href":"https:\/\/hoyre.no\/lillestrom\/wp-json\/wp\/v2\/post_tag?post=656"},{"taxonomy":"hoyre-visibility","embeddable":true,"href":"https:\/\/hoyre.no\/lillestrom\/wp-json\/wp\/v2\/hoyre-visibility?post=656"},{"taxonomy":"article-type","embeddable":true,"href":"https:\/\/hoyre.no\/lillestrom\/wp-json\/wp\/v2\/article-type?post=656"},{"taxonomy":"politician","embeddable":true,"href":"https:\/\/hoyre.no\/lillestrom\/wp-json\/wp\/v2\/politician?post=656"}],"curies":[{"name":"wp","href":"https:\/\/api.w.org\/{rel}","templated":true}]}}