{"id":660,"date":"2024-01-21T20:23:22","date_gmt":"2024-01-21T19:23:22","guid":{"rendered":"https:\/\/hoyre.no\/lillestrom\/?p=660"},"modified":"2024-01-23T19:28:29","modified_gmt":"2024-01-23T18:28:29","slug":"forstar-regjeringen-politiets-hverdag","status":"publish","type":"post","link":"https:\/\/hoyre.no\/lillestrom\/aktuelt\/forstar-regjeringen-politiets-hverdag\/","title":{"rendered":"Forst\u00e5r regjeringen politiets hverdag?"},"content":{"rendered":"\n<p class=\"preamble\">Det er flere enn vi politikere som b\u00f8r v\u00e6re alvorlig bekymret for utviklingen i politiet.<\/p>\t\t\t<div class=\"post-meta wp-block teft-byline-wrapper\">\n\t\t\t\t<div class=\"top\">\n\t\t\t\t\t<div class=\"signature\">\n\t\t\t\t\t\t<div class=\"teft-byline\">\n\t\t\t\t\t\t\t\t\t\t\t\t\t\t<div>\n\t\t\t\t\t\t\t\t<h3>H\u00f8yres redaksjon<\/h3>\t\t\t\t\t\t\t\t\n\t\t\t\t\t\t\t\t\t\t\t\t\t\t\t\t\t<span class=\"date\">Sist oppdatert: 23. januar 2024<\/span>\n\t\t\t\t\t\t\t\t\t\t\t\t\t\t\t\t\t\t\t\t\t\t\t\t\t<span class=\"reading-time\" itemprop=\"timeRequired\" content=\"PT2M\"><em>Ca. 2 minutter lesetid<\/em><\/span>\n\t\t\t\t\t\t\t\t\t\t\t\t\t\t\t<\/div>\n\t\t\t\t\t\t<\/div>\n\t\t\t\t\t<\/div>\n\t\t\t\t\t\t<div class=\"sharing\">\n\t\t<a class=\"share-button share-link copy-link\" data-copy=\"https:\/\/hoyre.no\/lillestrom\/aktuelt\/forstar-regjeringen-politiets-hverdag\/\" target=\"_blank\"><span class=\"screen-reader-text\">Del link<\/span><\/a>\n\t\t<a class=\"share-button share-twitter\" href=\"http:\/\/twitter.com\/share?text=Forst\u00e5r regjeringen politiets hverdag?&#038;url=https:\/\/hoyre.no\/lillestrom\/aktuelt\/forstar-regjeringen-politiets-hverdag\/&#038;hashtags=Hoyre\" target=\"_blank\"><span class=\"screen-reader-text\">Del p\u00e5 twitter<\/span><\/a>\n\t\t<a class=\"share-button share-facebook\" href=\"https:\/\/www.facebook.com\/sharer\/sharer.php?u=https:\/\/hoyre.no\/lillestrom\/aktuelt\/forstar-regjeringen-politiets-hverdag\/\" target=\"_blank\"><span class=\"screen-reader-text\">Del p\u00e5 facebook<\/span><\/a>\n\t<\/div>\n\t\t\t\t\t<\/div>\n\t\t\t<\/div>\n\n\t\t\t<figure class=\"hoyre-image-wrapper\"><div class=\"hoyre-image\"><img loading=\"lazy\" decoding=\"async\" width=\"1750\" height=\"1168\" src=\"https:\/\/hoyre.no\/content\/uploads\/sites\/180\/2023\/08\/glenn.due_.sorensen_20230216_vidarsandnes.jpg\" class=\"attachment-scaled size-scaled\" alt=\"\" style=\"object-position: 50% 50%\" srcset=\"https:\/\/hoyre.no\/content\/uploads\/sites\/180\/2023\/08\/glenn.due_.sorensen_20230216_vidarsandnes.jpg 1750w, https:\/\/hoyre.no\/content\/uploads\/sites\/180\/2023\/08\/glenn.due_.sorensen_20230216_vidarsandnes-300x200.jpg 300w, https:\/\/hoyre.no\/content\/uploads\/sites\/180\/2023\/08\/glenn.due_.sorensen_20230216_vidarsandnes-1024x683.jpg 1024w, https:\/\/hoyre.no\/content\/uploads\/sites\/180\/2023\/08\/glenn.due_.sorensen_20230216_vidarsandnes-768x513.jpg 768w, https:\/\/hoyre.no\/content\/uploads\/sites\/180\/2023\/08\/glenn.due_.sorensen_20230216_vidarsandnes-1536x1025.jpg 1536w\" sizes=\"auto, (max-width: 1750px) 100vw, 1750px\" \/><\/div><\/figure>\n\n\n\n\n<p>P\u00e5 grunn av stramme budsjetter m\u00e5 politiet i Lillestr\u00f8m legge ned den sv\u00e6rt viktige forebyggende avdelingen og overf\u00f8re mannskapene til ordin\u00e6r patruljetjeneste. Dette skjer mens Senterpartiet er p\u00e5 vakt i Justisdepartementet, og hver gang de blir spurt om politiets situasjon, svarer de: \u00abAldri har politiet f\u00e5tt mer penger\u00bb.<\/p>\n\n\n\n<p>Det Senterpartiet helt glemmer \u00e5 si, er at de pengene har g\u00e5tt til det samme som for oss vanlige folk, betale dyrere str\u00f8m, dyrere varer og tjenester og ikke til flere politifolk. Kan de ikke regne i Senterpartiet?<\/p>\n\n\n\n<p>N\u00e5 m\u00e5 regjeringen med justisminister Emilie Mehl v\u00e5kne opp og handle. Konsekvensene av \u00e5 legge ned forebyggende avdelinger i hele landet og spesielt i omr\u00e5dene i og rundt Oslo kan f\u00e5 s\u00e5 store konsekvenser med ungdomsgjenger i fri utfoldelse og organisert kriminalitet som f\u00e5r gro, at vi ikke vil klare \u00e5 kontrollere utviklingen.<\/p>\n\n\n\n<p>Mens Senterpartiet jubler for at de har f\u00e5tt presset igjennom at det skal \u00e5pnes flere lokale politikontorer og passkontorer p\u00e5 steder hvor det ikke bor folk, s\u00e5 g\u00e5r vi andre med en klump i magen og er sv\u00e6rt bekymret over hvordan framtiden blir n\u00e5r de i virkeligheten svekker politiets muligheter til \u00e5 gj\u00f8re en god jobb. I Lillestr\u00f8m kommune skal det \u00e5pnes et kontor p\u00e5 S\u00f8rumsand, imot politiets faglige r\u00e5d. Politifolk p\u00e5 Romerike frykter at flere tjenester m\u00e5 legges ned for \u00e5 bemanne et kontor p\u00e5 S\u00f8rumsand som kun Sp og Ap jubler over. Snakk om symbolpolitikk og populisme.<\/p>\n\n\n\n<p>Jeg lurer veldig p\u00e5 hvem som skal sitte p\u00e5 disse nye kontorene, n\u00e5r det ikke er politifolk til \u00e5 jobbe med forebyggende arbeid i en kommune som har s\u00e5 tett tilknytning til Oslo. Hvor skal man finne disse folka?<\/p>\n\n\n\n<p>Politifolk jeg snakker med er sv\u00e6rt bekymret over at de f\u00e5r nye oppgaver tredd ned over hodet uten at det f\u00f8lger penger med vedtakene.<\/p>\n\n\n\n<p>N\u00e5 m\u00e5 vi stoppe opp og innse realitetene: Politiet i Norge og i Lillestr\u00f8m m\u00e5 f\u00e5 tilf\u00f8rt flere midler slik at de kan ansatte flere folk b\u00e5de til forebyggende arbeid og til patruljevirksomhet. Det g\u00e5r n\u00e5 mange nyutdanna politifolk rundt omkring i Norge uten jobb i Politiet, s\u00e5 det er en enkel jobb \u00e5 ansette flere folk raskt. N\u00e5 m\u00e5 det handles fra sentrale myndigheter eller s\u00e5 vil konsekvensene bli enorme og skadevirkningene s\u00e5 store at vi vil slite med \u00e5 rette det opp.<\/p>\n\n\n\n<p>Regjeringen med Senterpartiet i spissen m\u00e5 v\u00e5kne opp og handle, for det haster med \u00e5 gi politiet flere ressurser.<\/p>\n\n\n\n<p>Glenn Due-S\u00f8rensen, kommunestyrerepresentant, Lillestr\u00f8m H\u00f8yre<\/p>\n\n\n<div class=\"tags\">\n\t<\/div>\n<div class=\"post-footer alignfull has-background block-editor-block-list__block\" data-align=full>\n\t<div class=\"post-footer-inner\">\n\t\t<h3>Relaterte artikler<\/h3>\n\t\t<div class=\"related-content\"><div class=\"is-card-hoyre\">\n\t<div class=\"teft-card hoyre-teft-card post-teft-card\">\n\t\t<a href=\"https:\/\/hoyre.no\/lillestrom\/aktuelt\/et-godt-budsjett-for-2024\/\" class=\"teft-card__primary-action\">\n\n\t\t\t\t\t<div class=\"teft-card__media teft-card__media--16-9\">\n\t\t\t\t\t\t<img loading=\"lazy\" decoding=\"async\" width=\"768\" height=\"768\" src=\"https:\/\/hoyre.no\/content\/uploads\/sites\/180\/2023\/12\/Budsjett24-768x768.jpg\" class=\"attachment-medium_large size-medium_large\" alt=\"\" srcset=\"https:\/\/hoyre.no\/content\/uploads\/sites\/180\/2023\/12\/Budsjett24-768x768.jpg 768w, https:\/\/hoyre.no\/content\/uploads\/sites\/180\/2023\/12\/Budsjett24-300x300.jpg 300w, https:\/\/hoyre.no\/content\/uploads\/sites\/180\/2023\/12\/Budsjett24-1024x1024.jpg 1024w, https:\/\/hoyre.no\/content\/uploads\/sites\/180\/2023\/12\/Budsjett24-150x150.jpg 150w, https:\/\/hoyre.no\/content\/uploads\/sites\/180\/2023\/12\/Budsjett24.jpg 1080w\" sizes=\"auto, (max-width: 768px) 100vw, 768px\" \/>\t\t<\/div>\n\t\t\n\t\t\t<div class=\"teft-card__content-wrapper\">\n\t\t\t\t<div class=\"teft-card__secondary\">\n\t\t\t\t\t\n\t\t\t\t\t\t\t\t<div class=\"teft-card__meta\">\n\t\t\t\t\t\t\t\t\t<span class=\"post-date\">19. des 2023<\/span>\n\n\t\t\t\t\t\t\t\t\t<span class=\"post-category\">\u00d8konomi<\/span>\t\t\t\t\t\t\t\t<\/div>\n\t\t\t\t\t\t\t\t\t\t\t<\/div>\n\n\t\t\t\t<div class=\"teft-card__primary\">\n\t\t\t\t\t<h2 class=\"teft-card__title\">Budsjett 2024&nbsp;<span class=\"teft-card__primary-title-append\"><\/span><\/h2>\t\t\t\t<\/div>\n\t\t\t<\/div>\n\t\t<\/a>\n\t<\/div>\n\n\t<\/div><div class=\"is-card-hoyre\">\n\t<div class=\"teft-card hoyre-teft-card post-teft-card\">\n\t\t<a href=\"https:\/\/hoyre.no\/lillestrom\/aktuelt\/program-for-2023-2027\/\" class=\"teft-card__primary-action\">\n\n\t\t\t\t\t<div class=\"teft-card__media teft-card__media--16-9\">\n\t\t\t\t\t\t<img loading=\"lazy\" decoding=\"async\" width=\"768\" height=\"429\" src=\"https:\/\/hoyre.no\/content\/uploads\/sites\/180\/2020\/11\/lillestrom_kjartanberland_860x480-768x429.jpg\" class=\"attachment-medium_large size-medium_large\" alt=\"\" srcset=\"https:\/\/hoyre.no\/content\/uploads\/sites\/180\/2020\/11\/lillestrom_kjartanberland_860x480-768x429.jpg 768w, https:\/\/hoyre.no\/content\/uploads\/sites\/180\/2020\/11\/lillestrom_kjartanberland_860x480-300x167.jpg 300w, https:\/\/hoyre.no\/content\/uploads\/sites\/180\/2020\/11\/lillestrom_kjartanberland_860x480.jpg 860w\" sizes=\"auto, (max-width: 768px) 100vw, 768px\" \/>\t\t<\/div>\n\t\t\n\t\t\t<div class=\"teft-card__content-wrapper\">\n\t\t\t\t<div class=\"teft-card__secondary\">\n\t\t\t\t\t\n\t\t\t\t\t\t\t\t<div class=\"teft-card__meta\">\n\t\t\t\t\t\t\t\t\t<span class=\"post-date\">30. jun 2023<\/span>\n\n\t\t\t\t\t\t\t\t\t<span class=\"post-category\">Ukategorisert<\/span>\t\t\t\t\t\t\t\t<\/div>\n\t\t\t\t\t\t\t\t\t\t\t<\/div>\n\n\t\t\t\t<div class=\"teft-card__primary\">\n\t\t\t\t\t<h2 class=\"teft-card__title\">Program for 2023-2027&nbsp;<span class=\"teft-card__primary-title-append\"><\/span><\/h2>\t\t\t\t<\/div>\n\t\t\t<\/div>\n\t\t<\/a>\n\t<\/div>\n\n\t<\/div><div class=\"is-card-hoyre\">\n\t<div class=\"teft-card hoyre-teft-card post-teft-card\">\n\t\t<a href=\"https:\/\/hoyre.no\/lillestrom\/aktuelt\/fremtidsrettet-byutvikling-parkering-under-bakken-ikke-over\/\" class=\"teft-card__primary-action\">\n\n\t\t\t\t\t<div class=\"teft-card__media teft-card__media--16-9\">\n\t\t\t\t\t\t<img loading=\"lazy\" decoding=\"async\" width=\"768\" height=\"602\" src=\"https:\/\/hoyre.no\/content\/uploads\/sites\/180\/2023\/06\/Lillestrom-768x602.jpg\" class=\"attachment-medium_large size-medium_large\" alt=\"\" srcset=\"https:\/\/hoyre.no\/content\/uploads\/sites\/180\/2023\/06\/Lillestrom-768x602.jpg 768w, https:\/\/hoyre.no\/content\/uploads\/sites\/180\/2023\/06\/Lillestrom-300x235.jpg 300w, https:\/\/hoyre.no\/content\/uploads\/sites\/180\/2023\/06\/Lillestrom-1024x803.jpg 1024w, https:\/\/hoyre.no\/content\/uploads\/sites\/180\/2023\/06\/Lillestrom.jpg 1200w\" sizes=\"auto, (max-width: 768px) 100vw, 768px\" \/>\t\t<\/div>\n\t\t\n\t\t\t<div class=\"teft-card__content-wrapper\">\n\t\t\t\t<div class=\"teft-card__secondary\">\n\t\t\t\t\t\n\t\t\t\t\t\t\t\t<div class=\"teft-card__meta\">\n\t\t\t\t\t\t\t\t\t<span class=\"post-date\">4. apr 2024<\/span>\n\n\t\t\t\t\t\t\t\t\t<span class=\"post-category\">Byutvikling<\/span>\t\t\t\t\t\t\t\t<\/div>\n\t\t\t\t\t\t\t\t\t\t\t<\/div>\n\n\t\t\t\t<div class=\"teft-card__primary\">\n\t\t\t\t\t<h2 class=\"teft-card__title\">Fremtidsrettet byutvikling: Parkering under bakken, ikke over&nbsp;<span class=\"teft-card__primary-title-append\"><\/span><\/h2>\t\t\t\t<\/div>\n\t\t\t<\/div>\n\t\t<\/a>\n\t<\/div>\n\n\t<\/div><\/div>\t<\/div>\n<\/div>\n","protected":false},"excerpt":{"rendered":"","protected":false},"author":27982,"featured_media":0,"comment_status":"closed","ping_status":"closed","sticky":false,"template":"","format":"standard","meta":{"teft_cards_image_url":"","teft_cards_custom_pretitle":"","teft_cards_image_id":465,"teft_cards_image_focal_point_x":0.67,"teft_cards_image_focal_point_y":0.44,"teft_cards_title":"","teft_cards_excerpt":"","teft_show_chapters":false,"author_display_name":"","footnotes":""},"category":[12],"post_tag":[],"hoyre-visibility":[],"article-type":[],"politician":[19],"class_list":["post-660","post","type-post","status-publish","format-standard","hentry","category-justis","politician-glenn-due-sorensen"],"yoast_head":"<!-- This site is optimized with the Yoast SEO plugin v26.6 - https:\/\/yoast.com\/wordpress\/plugins\/seo\/ -->\n<title>Forst\u00e5r regjeringen politiets hverdag? - Lillestr\u00f8m H\u00f8yre<\/title>\n<meta name=\"robots\" content=\"index, follow, max-snippet:-1, max-image-preview:large, max-video-preview:-1\" \/>\n<link rel=\"canonical\" href=\"https:\/\/hoyre.no\/lillestrom\/aktuelt\/forstar-regjeringen-politiets-hverdag\/\" \/>\n<meta property=\"og:locale\" content=\"nb_NO\" \/>\n<meta property=\"og:type\" content=\"article\" \/>\n<meta property=\"og:title\" content=\"Forst\u00e5r regjeringen politiets hverdag? - Lillestr\u00f8m H\u00f8yre\" \/>\n<meta property=\"og:url\" content=\"https:\/\/hoyre.no\/lillestrom\/aktuelt\/forstar-regjeringen-politiets-hverdag\/\" \/>\n<meta property=\"og:site_name\" content=\"Lillestr\u00f8m H\u00f8yre\" \/>\n<meta property=\"article:published_time\" content=\"2024-01-21T19:23:22+00:00\" \/>\n<meta property=\"article:modified_time\" content=\"2024-01-23T18:28:29+00:00\" \/>\n<meta property=\"og:image\" content=\"https:\/\/hoyre.no\/content\/uploads\/sites\/180\/2023\/06\/Lillestrom-1024x803.jpg\" \/>\n<meta name=\"author\" content=\"Thomas Langholen\" \/>\n<meta name=\"twitter:card\" content=\"summary_large_image\" \/>\n<meta name=\"twitter:label1\" content=\"Skrevet av\" \/>\n\t<meta name=\"twitter:data1\" content=\"Thomas Langholen\" \/>\n\t<meta name=\"twitter:label2\" content=\"Ansl. lesetid\" \/>\n\t<meta name=\"twitter:data2\" content=\"3 minutter\" \/>\n<script type=\"application\/ld+json\" class=\"yoast-schema-graph\">{\"@context\":\"https:\/\/schema.org\",\"@graph\":[{\"@type\":\"NewsArticle\",\"@id\":\"https:\/\/hoyre.no\/lillestrom\/aktuelt\/forstar-regjeringen-politiets-hverdag\/\",\"url\":\"https:\/\/hoyre.no\/lillestrom\/aktuelt\/forstar-regjeringen-politiets-hverdag\/\",\"name\":\"Forst\u00e5r regjeringen politiets hverdag? - Lillestr\u00f8m H\u00f8yre\",\"isPartOf\":{\"@id\":\"https:\/\/hoyre.no\/lillestrom\/#website\"},\"datePublished\":\"2024-01-21T19:23:22+00:00\",\"dateModified\":\"2024-01-23T18:28:29+00:00\",\"author\":{\"@id\":\"https:\/\/hoyre.no\/lillestrom\/#\/schema\/person\/0bbacf2427431d46247b25a6cb645e05\"},\"breadcrumb\":{\"@id\":\"https:\/\/hoyre.no\/lillestrom\/aktuelt\/forstar-regjeringen-politiets-hverdag\/#breadcrumb\"},\"inLanguage\":\"nb-NO\",\"potentialAction\":[{\"@type\":\"ReadAction\",\"target\":[\"https:\/\/hoyre.no\/lillestrom\/aktuelt\/forstar-regjeringen-politiets-hverdag\/\"]}]},{\"@type\":\"BreadcrumbList\",\"@id\":\"https:\/\/hoyre.no\/lillestrom\/aktuelt\/forstar-regjeringen-politiets-hverdag\/#breadcrumb\",\"itemListElement\":[{\"@type\":\"ListItem\",\"position\":1,\"name\":\"Til hoyre.no\",\"item\":\"https:\/\/hoyre.no\"},{\"@type\":\"ListItem\",\"position\":2,\"name\":\"Hjem\",\"item\":\"https:\/\/hoyre.no\/lillestrom\/\"},{\"@type\":\"ListItem\",\"position\":3,\"name\":\"Forst\u00e5r regjeringen politiets hverdag?\"}]},{\"@type\":\"WebSite\",\"@id\":\"https:\/\/hoyre.no\/lillestrom\/#website\",\"url\":\"https:\/\/hoyre.no\/lillestrom\/\",\"name\":\"Lillestr\u00f8m H\u00f8yre\",\"description\":\"Bare enda et H\u00f8yres nettsteder-nettsted\",\"inLanguage\":\"nb-NO\"},{\"@type\":\"Person\",\"@id\":\"https:\/\/hoyre.no\/lillestrom\/#\/schema\/person\/0bbacf2427431d46247b25a6cb645e05\",\"name\":\"Thomas Langholen\",\"image\":{\"@type\":\"ImageObject\",\"inLanguage\":\"nb-NO\",\"@id\":\"https:\/\/hoyre.no\/lillestrom\/#\/schema\/person\/image\/\",\"url\":\"https:\/\/secure.gravatar.com\/avatar\/7aa57898e344f3ebb73d3c256bd164f69ee67191198f9723f1c3c8177fabce2e?s=96&d=mm&r=g\",\"contentUrl\":\"https:\/\/secure.gravatar.com\/avatar\/7aa57898e344f3ebb73d3c256bd164f69ee67191198f9723f1c3c8177fabce2e?s=96&d=mm&r=g\",\"caption\":\"Thomas Langholen\"},\"url\":\"https:\/\/hoyre.no\/lillestrom\/aktuelt\/author\/m51513471\/\"}]}<\/script>\n<!-- \/ Yoast SEO plugin. -->","yoast_head_json":{"title":"Forst\u00e5r regjeringen politiets hverdag? - Lillestr\u00f8m H\u00f8yre","robots":{"index":"index","follow":"follow","max-snippet":"max-snippet:-1","max-image-preview":"max-image-preview:large","max-video-preview":"max-video-preview:-1"},"canonical":"https:\/\/hoyre.no\/lillestrom\/aktuelt\/forstar-regjeringen-politiets-hverdag\/","og_locale":"nb_NO","og_type":"article","og_title":"Forst\u00e5r regjeringen politiets hverdag? - Lillestr\u00f8m H\u00f8yre","og_url":"https:\/\/hoyre.no\/lillestrom\/aktuelt\/forstar-regjeringen-politiets-hverdag\/","og_site_name":"Lillestr\u00f8m H\u00f8yre","article_published_time":"2024-01-21T19:23:22+00:00","article_modified_time":"2024-01-23T18:28:29+00:00","og_image":[{"url":"https:\/\/hoyre.no\/content\/uploads\/sites\/180\/2023\/06\/Lillestrom-1024x803.jpg","width":"","height":"","type":""}],"author":"Thomas Langholen","twitter_card":"summary_large_image","twitter_misc":{"Skrevet av":"Thomas Langholen","Ansl. lesetid":"3 minutter"},"schema":{"@context":"https:\/\/schema.org","@graph":[{"@type":"NewsArticle","@id":"https:\/\/hoyre.no\/lillestrom\/aktuelt\/forstar-regjeringen-politiets-hverdag\/","url":"https:\/\/hoyre.no\/lillestrom\/aktuelt\/forstar-regjeringen-politiets-hverdag\/","name":"Forst\u00e5r regjeringen politiets hverdag? - Lillestr\u00f8m H\u00f8yre","isPartOf":{"@id":"https:\/\/hoyre.no\/lillestrom\/#website"},"datePublished":"2024-01-21T19:23:22+00:00","dateModified":"2024-01-23T18:28:29+00:00","author":{"@id":"https:\/\/hoyre.no\/lillestrom\/#\/schema\/person\/0bbacf2427431d46247b25a6cb645e05"},"breadcrumb":{"@id":"https:\/\/hoyre.no\/lillestrom\/aktuelt\/forstar-regjeringen-politiets-hverdag\/#breadcrumb"},"inLanguage":"nb-NO","potentialAction":[{"@type":"ReadAction","target":["https:\/\/hoyre.no\/lillestrom\/aktuelt\/forstar-regjeringen-politiets-hverdag\/"]}]},{"@type":"BreadcrumbList","@id":"https:\/\/hoyre.no\/lillestrom\/aktuelt\/forstar-regjeringen-politiets-hverdag\/#breadcrumb","itemListElement":[{"@type":"ListItem","position":1,"name":"Til hoyre.no","item":"https:\/\/hoyre.no"},{"@type":"ListItem","position":2,"name":"Hjem","item":"https:\/\/hoyre.no\/lillestrom\/"},{"@type":"ListItem","position":3,"name":"Forst\u00e5r regjeringen politiets hverdag?"}]},{"@type":"WebSite","@id":"https:\/\/hoyre.no\/lillestrom\/#website","url":"https:\/\/hoyre.no\/lillestrom\/","name":"Lillestr\u00f8m H\u00f8yre","description":"Bare enda et H\u00f8yres nettsteder-nettsted","inLanguage":"nb-NO"},{"@type":"Person","@id":"https:\/\/hoyre.no\/lillestrom\/#\/schema\/person\/0bbacf2427431d46247b25a6cb645e05","name":"Thomas Langholen","image":{"@type":"ImageObject","inLanguage":"nb-NO","@id":"https:\/\/hoyre.no\/lillestrom\/#\/schema\/person\/image\/","url":"https:\/\/secure.gravatar.com\/avatar\/7aa57898e344f3ebb73d3c256bd164f69ee67191198f9723f1c3c8177fabce2e?s=96&d=mm&r=g","contentUrl":"https:\/\/secure.gravatar.com\/avatar\/7aa57898e344f3ebb73d3c256bd164f69ee67191198f9723f1c3c8177fabce2e?s=96&d=mm&r=g","caption":"Thomas Langholen"},"url":"https:\/\/hoyre.no\/lillestrom\/aktuelt\/author\/m51513471\/"}]}},"distributor_meta":false,"distributor_terms":false,"distributor_media":false,"distributor_original_site_name":"Lillestr\u00f8m H\u00f8yre","distributor_original_site_url":"https:\/\/hoyre.no\/lillestrom","push-errors":false,"_links":{"self":[{"href":"https:\/\/hoyre.no\/lillestrom\/wp-json\/wp\/v2\/posts\/660","targetHints":{"allow":["GET"]}}],"collection":[{"href":"https:\/\/hoyre.no\/lillestrom\/wp-json\/wp\/v2\/posts"}],"about":[{"href":"https:\/\/hoyre.no\/lillestrom\/wp-json\/wp\/v2\/types\/post"}],"author":[{"embeddable":true,"href":"https:\/\/hoyre.no\/lillestrom\/wp-json\/wp\/v2\/users\/27982"}],"replies":[{"embeddable":true,"href":"https:\/\/hoyre.no\/lillestrom\/wp-json\/wp\/v2\/comments?post=660"}],"version-history":[{"count":2,"href":"https:\/\/hoyre.no\/lillestrom\/wp-json\/wp\/v2\/posts\/660\/revisions"}],"predecessor-version":[{"id":664,"href":"https:\/\/hoyre.no\/lillestrom\/wp-json\/wp\/v2\/posts\/660\/revisions\/664"}],"wp:attachment":[{"href":"https:\/\/hoyre.no\/lillestrom\/wp-json\/wp\/v2\/media?parent=660"}],"wp:term":[{"taxonomy":"category","embeddable":true,"href":"https:\/\/hoyre.no\/lillestrom\/wp-json\/wp\/v2\/category?post=660"},{"taxonomy":"post_tag","embeddable":true,"href":"https:\/\/hoyre.no\/lillestrom\/wp-json\/wp\/v2\/post_tag?post=660"},{"taxonomy":"hoyre-visibility","embeddable":true,"href":"https:\/\/hoyre.no\/lillestrom\/wp-json\/wp\/v2\/hoyre-visibility?post=660"},{"taxonomy":"article-type","embeddable":true,"href":"https:\/\/hoyre.no\/lillestrom\/wp-json\/wp\/v2\/article-type?post=660"},{"taxonomy":"politician","embeddable":true,"href":"https:\/\/hoyre.no\/lillestrom\/wp-json\/wp\/v2\/politician?post=660"}],"curies":[{"name":"wp","href":"https:\/\/api.w.org\/{rel}","templated":true}]}}