{"id":665,"date":"2024-01-24T20:30:53","date_gmt":"2024-01-24T19:30:53","guid":{"rendered":"https:\/\/hoyre.no\/lillestrom\/?p=665"},"modified":"2024-01-24T20:40:54","modified_gmt":"2024-01-24T19:40:54","slug":"ja-til-friluftsrad","status":"publish","type":"post","link":"https:\/\/hoyre.no\/lillestrom\/aktuelt\/ja-til-friluftsrad\/","title":{"rendered":"Ja til friluftsforum"},"content":{"rendered":"\n<p class=\"preamble\">Lillestr\u00f8m H\u00f8yre \u00f8nsker \u00e5 f\u00e5 etablert et friluftsforum i v\u00e5r kommune og fikk vedtatt det i kommunestyret 24. januar. <\/p>\t\t\t<div class=\"post-meta wp-block teft-byline-wrapper\">\n\t\t\t\t<div class=\"top\">\n\t\t\t\t\t<div class=\"signature\">\n\t\t\t\t\t\t<div class=\"teft-byline\">\n\t\t\t\t\t\t\t\t\t\t\t\t\t\t<div>\n\t\t\t\t\t\t\t\t<h3>H\u00f8yres redaksjon<\/h3>\t\t\t\t\t\t\t\t\n\t\t\t\t\t\t\t\t\t\t\t\t\t\t\t\t\t<span class=\"date\">Sist oppdatert: 24. januar 2024<\/span>\n\t\t\t\t\t\t\t\t\t\t\t\t\t\t\t\t\t\t\t\t\t\t\t\t\t<span class=\"reading-time\" itemprop=\"timeRequired\" content=\"PT2M\"><em>Ca. 2 minutter lesetid<\/em><\/span>\n\t\t\t\t\t\t\t\t\t\t\t\t\t\t\t<\/div>\n\t\t\t\t\t\t<\/div>\n\t\t\t\t\t<\/div>\n\t\t\t\t\t\t<div class=\"sharing\">\n\t\t<a class=\"share-button share-link copy-link\" data-copy=\"https:\/\/hoyre.no\/lillestrom\/aktuelt\/ja-til-friluftsrad\/\" target=\"_blank\"><span class=\"screen-reader-text\">Del link<\/span><\/a>\n\t\t<a class=\"share-button share-twitter\" href=\"http:\/\/twitter.com\/share?text=Ja til friluftsforum&#038;url=https:\/\/hoyre.no\/lillestrom\/aktuelt\/ja-til-friluftsrad\/&#038;hashtags=Hoyre\" target=\"_blank\"><span class=\"screen-reader-text\">Del p\u00e5 twitter<\/span><\/a>\n\t\t<a class=\"share-button share-facebook\" href=\"https:\/\/www.facebook.com\/sharer\/sharer.php?u=https:\/\/hoyre.no\/lillestrom\/aktuelt\/ja-til-friluftsrad\/\" target=\"_blank\"><span class=\"screen-reader-text\">Del p\u00e5 facebook<\/span><\/a>\n\t<\/div>\n\t\t\t\t\t<\/div>\n\t\t\t<\/div>\n\n\t\t\t<figure class=\"hoyre-image-wrapper\"><div class=\"hoyre-image\"><img loading=\"lazy\" decoding=\"async\" width=\"2500\" height=\"1668\" src=\"https:\/\/hoyre.no\/content\/uploads\/sites\/180\/2024\/01\/GettyImages-504187390-scaled.jpg\" class=\"attachment-scaled size-scaled\" alt=\"\" style=\"object-position: 50% 50%\" srcset=\"https:\/\/hoyre.no\/content\/uploads\/sites\/180\/2024\/01\/GettyImages-504187390-scaled.jpg 2500w, https:\/\/hoyre.no\/content\/uploads\/sites\/180\/2024\/01\/GettyImages-504187390-300x200.jpg 300w, https:\/\/hoyre.no\/content\/uploads\/sites\/180\/2024\/01\/GettyImages-504187390-1024x683.jpg 1024w, https:\/\/hoyre.no\/content\/uploads\/sites\/180\/2024\/01\/GettyImages-504187390-768x513.jpg 768w, https:\/\/hoyre.no\/content\/uploads\/sites\/180\/2024\/01\/GettyImages-504187390-1536x1025.jpg 1536w, https:\/\/hoyre.no\/content\/uploads\/sites\/180\/2024\/01\/GettyImages-504187390-2048x1367.jpg 2048w\" sizes=\"auto, (max-width: 2500px) 100vw, 2500px\" \/><\/div><\/figure>\n\n\n\n\n<p>Vi er opptatt av muligheten for at v\u00e5re innbyggere f\u00e5r v\u00e6re aktive! Det v\u00e6re seg gjennom fotballaktiviteter, bueskyting, rugby, kor, korps eller de som s\u00f8ker naturopplevelser i skog og mark. Et friluftsforum vil gi alle de som er opptatt av friluftsliv en stemme som h\u00f8ringsinstans i viktige reguleringssaker i kommunen. Dette \u00f8nsker vi velkommen!<\/p>\n\n\n\n<p>I forrige m\u00f8te i Hovedutvalget for Kultur fikk vi to veldig nyttige presentasjoner fra b\u00e5de Lillestr\u00f8m musikkr\u00e5d og Lillestr\u00f8m idrettsr\u00e5d. En har samarbeidsavtale med kommunen, den andre \u00f8nsker det. Uansett, de viser at de har en viktig rolle i \u00e5 samle interesser rundt en sak. Dette \u00f8nsker vi i Lillestr\u00f8m H\u00f8yre at alle friluftsorganisasjoner og skal f\u00e5. <\/p>\n\n\n\n<p>Det er kommunen som har det overordnede ansvaret for tilrettelegging av friluftslivet i kommunen- herunder \u00e5 bygge og drifte turveier, badeplasser med mer. Frivilligheten spiller en viktig rolle med \u00e5 drifte gode tilbud! Det er et viktig samspill mellom kommune og frivillighet. Ved opprettelse av et friluftsforum er en av de s\u00e6rdeles store fordelene vi \u00f8nsker \u00e5 peke p\u00e5 dette: at lag- og foreninger kan gi sine innspill p\u00e5 hva som er viktige prioriteringer gjennom \u00e5 svare ut h\u00f8ringer med EN sterk stemme. I tillegg h\u00e5per vi at dette kan v\u00e6re et forum hvor det kan v\u00e6re fint at det etableres kontakt med grunneiere i aktuelle omr\u00e5der. <\/p>\n\n\n\n<p>Vi er opptatt av folkehelse! Lillestr\u00f8m kommune har forpliktet seg p\u00e5 en plattform bygget opp under FNs b\u00e6rekraftsm\u00e5l. Naturopplevelser, n\u00e6re tilbud i skog og utmark, gjerne lavterskel, bidrar til at alle kan f\u00e5 genuine og gode opplevelser som kan \u00f8ke livskvaliteten for den enkelte. Etablering av friluftsforum er et av mange ting som bidrar til at v\u00e5r kommune skal bli landets beste kommune \u00e5 bo og leve i.<\/p>\n\n\n<div class=\"tags\">\n\t<\/div>\n<div class=\"post-footer alignfull has-background block-editor-block-list__block\" data-align=full>\n\t<div class=\"post-footer-inner\">\n\t\t<h3>Relaterte artikler<\/h3>\n\t\t<div class=\"related-content\"><div class=\"is-card-hoyre\">\n\t<div class=\"teft-card hoyre-teft-card post-teft-card\">\n\t\t<a href=\"https:\/\/hoyre.no\/lillestrom\/aktuelt\/et-godt-budsjett-for-2024\/\" class=\"teft-card__primary-action\">\n\n\t\t\t\t\t<div class=\"teft-card__media teft-card__media--16-9\">\n\t\t\t\t\t\t<img loading=\"lazy\" decoding=\"async\" width=\"768\" height=\"768\" src=\"https:\/\/hoyre.no\/content\/uploads\/sites\/180\/2023\/12\/Budsjett24-768x768.jpg\" class=\"attachment-medium_large size-medium_large\" alt=\"\" srcset=\"https:\/\/hoyre.no\/content\/uploads\/sites\/180\/2023\/12\/Budsjett24-768x768.jpg 768w, https:\/\/hoyre.no\/content\/uploads\/sites\/180\/2023\/12\/Budsjett24-300x300.jpg 300w, https:\/\/hoyre.no\/content\/uploads\/sites\/180\/2023\/12\/Budsjett24-1024x1024.jpg 1024w, https:\/\/hoyre.no\/content\/uploads\/sites\/180\/2023\/12\/Budsjett24-150x150.jpg 150w, https:\/\/hoyre.no\/content\/uploads\/sites\/180\/2023\/12\/Budsjett24.jpg 1080w\" sizes=\"auto, (max-width: 768px) 100vw, 768px\" \/>\t\t<\/div>\n\t\t\n\t\t\t<div class=\"teft-card__content-wrapper\">\n\t\t\t\t<div class=\"teft-card__secondary\">\n\t\t\t\t\t\n\t\t\t\t\t\t\t\t<div class=\"teft-card__meta\">\n\t\t\t\t\t\t\t\t\t<span class=\"post-date\">19. des 2023<\/span>\n\n\t\t\t\t\t\t\t\t\t<span class=\"post-category\">\u00d8konomi<\/span>\t\t\t\t\t\t\t\t<\/div>\n\t\t\t\t\t\t\t\t\t\t\t<\/div>\n\n\t\t\t\t<div class=\"teft-card__primary\">\n\t\t\t\t\t<h2 class=\"teft-card__title\">Budsjett 2024&nbsp;<span class=\"teft-card__primary-title-append\"><\/span><\/h2>\t\t\t\t<\/div>\n\t\t\t<\/div>\n\t\t<\/a>\n\t<\/div>\n\n\t<\/div><div class=\"is-card-hoyre\">\n\t<div class=\"teft-card hoyre-teft-card post-teft-card\">\n\t\t<a href=\"https:\/\/hoyre.no\/lillestrom\/aktuelt\/program-for-2023-2027\/\" class=\"teft-card__primary-action\">\n\n\t\t\t\t\t<div class=\"teft-card__media teft-card__media--16-9\">\n\t\t\t\t\t\t<img loading=\"lazy\" decoding=\"async\" width=\"768\" height=\"429\" src=\"https:\/\/hoyre.no\/content\/uploads\/sites\/180\/2020\/11\/lillestrom_kjartanberland_860x480-768x429.jpg\" class=\"attachment-medium_large size-medium_large\" alt=\"\" srcset=\"https:\/\/hoyre.no\/content\/uploads\/sites\/180\/2020\/11\/lillestrom_kjartanberland_860x480-768x429.jpg 768w, https:\/\/hoyre.no\/content\/uploads\/sites\/180\/2020\/11\/lillestrom_kjartanberland_860x480-300x167.jpg 300w, https:\/\/hoyre.no\/content\/uploads\/sites\/180\/2020\/11\/lillestrom_kjartanberland_860x480.jpg 860w\" sizes=\"auto, (max-width: 768px) 100vw, 768px\" \/>\t\t<\/div>\n\t\t\n\t\t\t<div class=\"teft-card__content-wrapper\">\n\t\t\t\t<div class=\"teft-card__secondary\">\n\t\t\t\t\t\n\t\t\t\t\t\t\t\t<div class=\"teft-card__meta\">\n\t\t\t\t\t\t\t\t\t<span class=\"post-date\">30. jun 2023<\/span>\n\n\t\t\t\t\t\t\t\t\t<span class=\"post-category\">Ukategorisert<\/span>\t\t\t\t\t\t\t\t<\/div>\n\t\t\t\t\t\t\t\t\t\t\t<\/div>\n\n\t\t\t\t<div class=\"teft-card__primary\">\n\t\t\t\t\t<h2 class=\"teft-card__title\">Program for 2023-2027&nbsp;<span class=\"teft-card__primary-title-append\"><\/span><\/h2>\t\t\t\t<\/div>\n\t\t\t<\/div>\n\t\t<\/a>\n\t<\/div>\n\n\t<\/div><div class=\"is-card-hoyre\">\n\t<div class=\"teft-card hoyre-teft-card post-teft-card\">\n\t\t<a href=\"https:\/\/hoyre.no\/lillestrom\/aktuelt\/fremtidsrettet-byutvikling-parkering-under-bakken-ikke-over\/\" class=\"teft-card__primary-action\">\n\n\t\t\t\t\t<div class=\"teft-card__media teft-card__media--16-9\">\n\t\t\t\t\t\t<img loading=\"lazy\" decoding=\"async\" width=\"768\" height=\"602\" src=\"https:\/\/hoyre.no\/content\/uploads\/sites\/180\/2023\/06\/Lillestrom-768x602.jpg\" class=\"attachment-medium_large size-medium_large\" alt=\"\" srcset=\"https:\/\/hoyre.no\/content\/uploads\/sites\/180\/2023\/06\/Lillestrom-768x602.jpg 768w, https:\/\/hoyre.no\/content\/uploads\/sites\/180\/2023\/06\/Lillestrom-300x235.jpg 300w, https:\/\/hoyre.no\/content\/uploads\/sites\/180\/2023\/06\/Lillestrom-1024x803.jpg 1024w, https:\/\/hoyre.no\/content\/uploads\/sites\/180\/2023\/06\/Lillestrom.jpg 1200w\" sizes=\"auto, (max-width: 768px) 100vw, 768px\" \/>\t\t<\/div>\n\t\t\n\t\t\t<div class=\"teft-card__content-wrapper\">\n\t\t\t\t<div class=\"teft-card__secondary\">\n\t\t\t\t\t\n\t\t\t\t\t\t\t\t<div class=\"teft-card__meta\">\n\t\t\t\t\t\t\t\t\t<span class=\"post-date\">4. apr 2024<\/span>\n\n\t\t\t\t\t\t\t\t\t<span class=\"post-category\">Byutvikling<\/span>\t\t\t\t\t\t\t\t<\/div>\n\t\t\t\t\t\t\t\t\t\t\t<\/div>\n\n\t\t\t\t<div class=\"teft-card__primary\">\n\t\t\t\t\t<h2 class=\"teft-card__title\">Fremtidsrettet byutvikling: Parkering under bakken, ikke over&nbsp;<span class=\"teft-card__primary-title-append\"><\/span><\/h2>\t\t\t\t<\/div>\n\t\t\t<\/div>\n\t\t<\/a>\n\t<\/div>\n\n\t<\/div><\/div>\t<\/div>\n<\/div>\n","protected":false},"excerpt":{"rendered":"","protected":false},"author":331,"featured_media":0,"comment_status":"closed","ping_status":"closed","sticky":false,"template":"","format":"standard","meta":{"teft_cards_image_url":"","teft_cards_custom_pretitle":"","teft_cards_image_id":667,"teft_cards_image_focal_point_x":0.5,"teft_cards_image_focal_point_y":0.5,"teft_cards_title":"","teft_cards_excerpt":"","teft_show_chapters":false,"author_display_name":"Guro Myklestul","footnotes":""},"category":[1],"post_tag":[],"hoyre-visibility":[],"article-type":[],"politician":[],"class_list":["post-665","post","type-post","status-publish","format-standard","hentry","category-ukategorisert"],"yoast_head":"<!-- This site is optimized with the Yoast SEO plugin v26.6 - https:\/\/yoast.com\/wordpress\/plugins\/seo\/ -->\n<title>Ja til friluftsforum - Lillestr\u00f8m H\u00f8yre<\/title>\n<meta name=\"robots\" content=\"index, follow, max-snippet:-1, max-image-preview:large, max-video-preview:-1\" \/>\n<link rel=\"canonical\" href=\"https:\/\/hoyre.no\/lillestrom\/aktuelt\/ja-til-friluftsrad\/\" \/>\n<meta property=\"og:locale\" content=\"nb_NO\" \/>\n<meta property=\"og:type\" content=\"article\" \/>\n<meta property=\"og:title\" content=\"Ja til friluftsforum - Lillestr\u00f8m H\u00f8yre\" \/>\n<meta property=\"og:url\" content=\"https:\/\/hoyre.no\/lillestrom\/aktuelt\/ja-til-friluftsrad\/\" \/>\n<meta property=\"og:site_name\" content=\"Lillestr\u00f8m H\u00f8yre\" \/>\n<meta property=\"article:published_time\" content=\"2024-01-24T19:30:53+00:00\" \/>\n<meta property=\"article:modified_time\" content=\"2024-01-24T19:40:54+00:00\" \/>\n<meta property=\"og:image\" content=\"https:\/\/hoyre.no\/content\/uploads\/sites\/180\/2023\/06\/Lillestrom-1024x803.jpg\" \/>\n<meta name=\"author\" content=\"Per Erling L\u00f8kken\" \/>\n<meta name=\"twitter:card\" content=\"summary_large_image\" \/>\n<meta name=\"twitter:label1\" content=\"Skrevet av\" \/>\n\t<meta name=\"twitter:data1\" content=\"Per Erling L\u00f8kken\" \/>\n\t<meta name=\"twitter:label2\" content=\"Ansl. lesetid\" \/>\n\t<meta name=\"twitter:data2\" content=\"2 minutter\" \/>\n<script type=\"application\/ld+json\" class=\"yoast-schema-graph\">{\"@context\":\"https:\/\/schema.org\",\"@graph\":[{\"@type\":\"NewsArticle\",\"@id\":\"https:\/\/hoyre.no\/lillestrom\/aktuelt\/ja-til-friluftsrad\/\",\"url\":\"https:\/\/hoyre.no\/lillestrom\/aktuelt\/ja-til-friluftsrad\/\",\"name\":\"Ja til friluftsforum - Lillestr\u00f8m H\u00f8yre\",\"isPartOf\":{\"@id\":\"https:\/\/hoyre.no\/lillestrom\/#website\"},\"datePublished\":\"2024-01-24T19:30:53+00:00\",\"dateModified\":\"2024-01-24T19:40:54+00:00\",\"author\":{\"@id\":\"https:\/\/hoyre.no\/lillestrom\/#\/schema\/person\/6e46eb3e9a4c8e7473939a85320f9fb2\"},\"breadcrumb\":{\"@id\":\"https:\/\/hoyre.no\/lillestrom\/aktuelt\/ja-til-friluftsrad\/#breadcrumb\"},\"inLanguage\":\"nb-NO\",\"potentialAction\":[{\"@type\":\"ReadAction\",\"target\":[\"https:\/\/hoyre.no\/lillestrom\/aktuelt\/ja-til-friluftsrad\/\"]}]},{\"@type\":\"BreadcrumbList\",\"@id\":\"https:\/\/hoyre.no\/lillestrom\/aktuelt\/ja-til-friluftsrad\/#breadcrumb\",\"itemListElement\":[{\"@type\":\"ListItem\",\"position\":1,\"name\":\"Til hoyre.no\",\"item\":\"https:\/\/hoyre.no\"},{\"@type\":\"ListItem\",\"position\":2,\"name\":\"Hjem\",\"item\":\"https:\/\/hoyre.no\/lillestrom\/\"},{\"@type\":\"ListItem\",\"position\":3,\"name\":\"Ja til friluftsforum\"}]},{\"@type\":\"WebSite\",\"@id\":\"https:\/\/hoyre.no\/lillestrom\/#website\",\"url\":\"https:\/\/hoyre.no\/lillestrom\/\",\"name\":\"Lillestr\u00f8m H\u00f8yre\",\"description\":\"Bare enda et H\u00f8yres nettsteder-nettsted\",\"inLanguage\":\"nb-NO\"},{\"@type\":\"Person\",\"@id\":\"https:\/\/hoyre.no\/lillestrom\/#\/schema\/person\/6e46eb3e9a4c8e7473939a85320f9fb2\",\"name\":\"Per Erling L\u00f8kken\",\"image\":{\"@type\":\"ImageObject\",\"inLanguage\":\"nb-NO\",\"@id\":\"https:\/\/hoyre.no\/lillestrom\/#\/schema\/person\/image\/\",\"url\":\"https:\/\/secure.gravatar.com\/avatar\/4e3f6be6470f177562be57e1a3727490102daf3fcc622692278cbf92c0e6d7b4?s=96&d=mm&r=g\",\"contentUrl\":\"https:\/\/secure.gravatar.com\/avatar\/4e3f6be6470f177562be57e1a3727490102daf3fcc622692278cbf92c0e6d7b4?s=96&d=mm&r=g\",\"caption\":\"Per Erling L\u00f8kken\"},\"url\":\"https:\/\/hoyre.no\/lillestrom\/aktuelt\/author\/m50167253\/\"}]}<\/script>\n<!-- \/ Yoast SEO plugin. -->","yoast_head_json":{"title":"Ja til friluftsforum - Lillestr\u00f8m H\u00f8yre","robots":{"index":"index","follow":"follow","max-snippet":"max-snippet:-1","max-image-preview":"max-image-preview:large","max-video-preview":"max-video-preview:-1"},"canonical":"https:\/\/hoyre.no\/lillestrom\/aktuelt\/ja-til-friluftsrad\/","og_locale":"nb_NO","og_type":"article","og_title":"Ja til friluftsforum - Lillestr\u00f8m H\u00f8yre","og_url":"https:\/\/hoyre.no\/lillestrom\/aktuelt\/ja-til-friluftsrad\/","og_site_name":"Lillestr\u00f8m H\u00f8yre","article_published_time":"2024-01-24T19:30:53+00:00","article_modified_time":"2024-01-24T19:40:54+00:00","og_image":[{"url":"https:\/\/hoyre.no\/content\/uploads\/sites\/180\/2023\/06\/Lillestrom-1024x803.jpg","width":"","height":"","type":""}],"author":"Per Erling L\u00f8kken","twitter_card":"summary_large_image","twitter_misc":{"Skrevet av":"Per Erling L\u00f8kken","Ansl. lesetid":"2 minutter"},"schema":{"@context":"https:\/\/schema.org","@graph":[{"@type":"NewsArticle","@id":"https:\/\/hoyre.no\/lillestrom\/aktuelt\/ja-til-friluftsrad\/","url":"https:\/\/hoyre.no\/lillestrom\/aktuelt\/ja-til-friluftsrad\/","name":"Ja til friluftsforum - Lillestr\u00f8m H\u00f8yre","isPartOf":{"@id":"https:\/\/hoyre.no\/lillestrom\/#website"},"datePublished":"2024-01-24T19:30:53+00:00","dateModified":"2024-01-24T19:40:54+00:00","author":{"@id":"https:\/\/hoyre.no\/lillestrom\/#\/schema\/person\/6e46eb3e9a4c8e7473939a85320f9fb2"},"breadcrumb":{"@id":"https:\/\/hoyre.no\/lillestrom\/aktuelt\/ja-til-friluftsrad\/#breadcrumb"},"inLanguage":"nb-NO","potentialAction":[{"@type":"ReadAction","target":["https:\/\/hoyre.no\/lillestrom\/aktuelt\/ja-til-friluftsrad\/"]}]},{"@type":"BreadcrumbList","@id":"https:\/\/hoyre.no\/lillestrom\/aktuelt\/ja-til-friluftsrad\/#breadcrumb","itemListElement":[{"@type":"ListItem","position":1,"name":"Til hoyre.no","item":"https:\/\/hoyre.no"},{"@type":"ListItem","position":2,"name":"Hjem","item":"https:\/\/hoyre.no\/lillestrom\/"},{"@type":"ListItem","position":3,"name":"Ja til friluftsforum"}]},{"@type":"WebSite","@id":"https:\/\/hoyre.no\/lillestrom\/#website","url":"https:\/\/hoyre.no\/lillestrom\/","name":"Lillestr\u00f8m H\u00f8yre","description":"Bare enda et H\u00f8yres nettsteder-nettsted","inLanguage":"nb-NO"},{"@type":"Person","@id":"https:\/\/hoyre.no\/lillestrom\/#\/schema\/person\/6e46eb3e9a4c8e7473939a85320f9fb2","name":"Per Erling L\u00f8kken","image":{"@type":"ImageObject","inLanguage":"nb-NO","@id":"https:\/\/hoyre.no\/lillestrom\/#\/schema\/person\/image\/","url":"https:\/\/secure.gravatar.com\/avatar\/4e3f6be6470f177562be57e1a3727490102daf3fcc622692278cbf92c0e6d7b4?s=96&d=mm&r=g","contentUrl":"https:\/\/secure.gravatar.com\/avatar\/4e3f6be6470f177562be57e1a3727490102daf3fcc622692278cbf92c0e6d7b4?s=96&d=mm&r=g","caption":"Per Erling L\u00f8kken"},"url":"https:\/\/hoyre.no\/lillestrom\/aktuelt\/author\/m50167253\/"}]}},"distributor_meta":false,"distributor_terms":false,"distributor_media":false,"distributor_original_site_name":"Lillestr\u00f8m H\u00f8yre","distributor_original_site_url":"https:\/\/hoyre.no\/lillestrom","push-errors":false,"_links":{"self":[{"href":"https:\/\/hoyre.no\/lillestrom\/wp-json\/wp\/v2\/posts\/665","targetHints":{"allow":["GET"]}}],"collection":[{"href":"https:\/\/hoyre.no\/lillestrom\/wp-json\/wp\/v2\/posts"}],"about":[{"href":"https:\/\/hoyre.no\/lillestrom\/wp-json\/wp\/v2\/types\/post"}],"author":[{"embeddable":true,"href":"https:\/\/hoyre.no\/lillestrom\/wp-json\/wp\/v2\/users\/331"}],"replies":[{"embeddable":true,"href":"https:\/\/hoyre.no\/lillestrom\/wp-json\/wp\/v2\/comments?post=665"}],"version-history":[{"count":4,"href":"https:\/\/hoyre.no\/lillestrom\/wp-json\/wp\/v2\/posts\/665\/revisions"}],"predecessor-version":[{"id":670,"href":"https:\/\/hoyre.no\/lillestrom\/wp-json\/wp\/v2\/posts\/665\/revisions\/670"}],"wp:attachment":[{"href":"https:\/\/hoyre.no\/lillestrom\/wp-json\/wp\/v2\/media?parent=665"}],"wp:term":[{"taxonomy":"category","embeddable":true,"href":"https:\/\/hoyre.no\/lillestrom\/wp-json\/wp\/v2\/category?post=665"},{"taxonomy":"post_tag","embeddable":true,"href":"https:\/\/hoyre.no\/lillestrom\/wp-json\/wp\/v2\/post_tag?post=665"},{"taxonomy":"hoyre-visibility","embeddable":true,"href":"https:\/\/hoyre.no\/lillestrom\/wp-json\/wp\/v2\/hoyre-visibility?post=665"},{"taxonomy":"article-type","embeddable":true,"href":"https:\/\/hoyre.no\/lillestrom\/wp-json\/wp\/v2\/article-type?post=665"},{"taxonomy":"politician","embeddable":true,"href":"https:\/\/hoyre.no\/lillestrom\/wp-json\/wp\/v2\/politician?post=665"}],"curies":[{"name":"wp","href":"https:\/\/api.w.org\/{rel}","templated":true}]}}