{"id":672,"date":"2024-02-02T12:33:46","date_gmt":"2024-02-02T11:33:46","guid":{"rendered":"https:\/\/hoyre.no\/lillestrom\/?p=672"},"modified":"2024-02-02T12:34:15","modified_gmt":"2024-02-02T11:34:15","slug":"gi-muligheter-for-mennesker-med-nedsatt-funksjonsevne","status":"publish","type":"post","link":"https:\/\/hoyre.no\/lillestrom\/aktuelt\/gi-muligheter-for-mennesker-med-nedsatt-funksjonsevne\/","title":{"rendered":"Gi muligheter for mennesker med nedsatt funksjonsevne"},"content":{"rendered":"\n<p class=\"preamble\">I Lillestr\u00f8m kommune har vi mennesker med nedsatt funksjonsevne. Mange av disse \u00f8nsker \u00e5 bidra til felleskapet gjennom \u00e5 benytte sin restarbeidsevne til et meningsfullt arbeid. Andre har hull i CV-en, men \u00f8nsker \u00e5 komme tilbake til arbeidslivet selv om ikke alle papirer er p\u00e5 plass. Dette \u00f8nsker vi \u00e5 gj\u00f8re noe med.<\/p>\t\t\t<div class=\"post-meta wp-block teft-byline-wrapper\">\n\t\t\t\t<div class=\"top\">\n\t\t\t\t\t<div class=\"signature\">\n\t\t\t\t\t\t<div class=\"teft-byline\">\n\t\t\t\t\t\t\t\t\t\t\t\t\t\t<div>\n\t\t\t\t\t\t\t\t<h3>H\u00f8yres redaksjon<\/h3>\t\t\t\t\t\t\t\t\n\t\t\t\t\t\t\t\t\t\t\t\t\t\t\t\t\t<span class=\"date\">Sist oppdatert: 2. februar 2024<\/span>\n\t\t\t\t\t\t\t\t\t\t\t\t\t\t\t\t\t\t\t\t\t\t\t\t\t<span class=\"reading-time\" itemprop=\"timeRequired\" content=\"PT4M\"><em>Ca. 4 minutter lesetid<\/em><\/span>\n\t\t\t\t\t\t\t\t\t\t\t\t\t\t\t<\/div>\n\t\t\t\t\t\t<\/div>\n\t\t\t\t\t<\/div>\n\t\t\t\t\t\t<div class=\"sharing\">\n\t\t<a class=\"share-button share-link copy-link\" data-copy=\"https:\/\/hoyre.no\/lillestrom\/aktuelt\/gi-muligheter-for-mennesker-med-nedsatt-funksjonsevne\/\" target=\"_blank\"><span class=\"screen-reader-text\">Del link<\/span><\/a>\n\t\t<a class=\"share-button share-twitter\" href=\"http:\/\/twitter.com\/share?text=Gi muligheter for mennesker med nedsatt funksjonsevne&#038;url=https:\/\/hoyre.no\/lillestrom\/aktuelt\/gi-muligheter-for-mennesker-med-nedsatt-funksjonsevne\/&#038;hashtags=Hoyre\" target=\"_blank\"><span class=\"screen-reader-text\">Del p\u00e5 twitter<\/span><\/a>\n\t\t<a class=\"share-button share-facebook\" href=\"https:\/\/www.facebook.com\/sharer\/sharer.php?u=https:\/\/hoyre.no\/lillestrom\/aktuelt\/gi-muligheter-for-mennesker-med-nedsatt-funksjonsevne\/\" target=\"_blank\"><span class=\"screen-reader-text\">Del p\u00e5 facebook<\/span><\/a>\n\t<\/div>\n\t\t\t\t\t<\/div>\n\t\t\t<\/div>\n\n\t\t\t<figure class=\"hoyre-image-wrapper\"><div class=\"hoyre-image\"><img loading=\"lazy\" decoding=\"async\" width=\"2500\" height=\"1667\" src=\"https:\/\/hoyre.no\/content\/uploads\/sites\/180\/2024\/02\/GettyImages-846017896-scaled.jpg\" class=\"attachment-scaled size-scaled\" alt=\"\" style=\"object-position: 50% 50%\" srcset=\"https:\/\/hoyre.no\/content\/uploads\/sites\/180\/2024\/02\/GettyImages-846017896-scaled.jpg 2500w, https:\/\/hoyre.no\/content\/uploads\/sites\/180\/2024\/02\/GettyImages-846017896-300x200.jpg 300w, https:\/\/hoyre.no\/content\/uploads\/sites\/180\/2024\/02\/GettyImages-846017896-1024x683.jpg 1024w, https:\/\/hoyre.no\/content\/uploads\/sites\/180\/2024\/02\/GettyImages-846017896-768x512.jpg 768w, https:\/\/hoyre.no\/content\/uploads\/sites\/180\/2024\/02\/GettyImages-846017896-1536x1024.jpg 1536w, https:\/\/hoyre.no\/content\/uploads\/sites\/180\/2024\/02\/GettyImages-846017896-2048x1365.jpg 2048w\" sizes=\"auto, (max-width: 2500px) 100vw, 2500px\" \/><\/div><\/figure>\n\n\n\n\n<p>Det er viktig for en kommune som Lillestr\u00f8m \u00e5 v\u00e6re med p\u00e5 en dugnad, slik at forholdene blir lagt til rette for at disse gruppene skal ha et mest mulig selvstendig liv med full deltagelse, ogs\u00e5 i arbeidslivet.<\/p>\n\n\n\n<p>\u00c5 f\u00e5 mennesker som har en evne til \u00e5 yte noe ut i arbeid, m\u00e5 v\u00e6re en av de viktigste jobbene for Lillestr\u00f8m kommune. For det enkelte menneske betyr det \u00e5 v\u00e6re til nytte, \u00e5 vite at noen trenger deg, selv om du bare kan arbeide 20 % eller har manglende skolegang. Lillestr\u00f8m kommune skal v\u00e6re en JA-kommune, ogs\u00e5 for de som ikke er A4.<\/p>\n\n\n\n<p>Vi har i flere \u00e5r jobbet for gi disse grupper et bedre tilbud, men det har ikke tidligere v\u00e6rt politisk vilje til det. N\u00e5 har vi et borgelig styre og vi utfordret ordf\u00f8reren p\u00e5 tre sp\u00f8rsm\u00e5l:<\/p>\n\n\n\n<ol class=\"wp-block-list\" type=\"1\">\n<li>Hva gj\u00f8r kommunen som arbeidsgiver for \u00e5 legge forholdene til rette for mennesker med nedsatt funksjonsevne og hull i CV-en som \u00f8nsker seg arbeid?<\/li>\n\n\n\n<li>Vil ordf\u00f8reren arbeide for at virksomhetene i kommunen skal oppfordre mennesker med nedsatt funksjonsevne til \u00e5 s\u00f8ke stillinger der det er mulig?<\/li>\n\n\n\n<li>Vil ordf\u00f8rer arbeide for at det fremmes en sak om tiltak som kan f\u00e5 flere med hull i CV-en ut i arbeid?<\/li>\n<\/ol>\n\n\n\n<h2 class=\"wp-block-heading\">Ordf\u00f8rerens svar<\/h2>\n\n\n\n<p>I offentlig sektor gjelder kvalifikasjonsprinsippet ved ansettelser. Prinsippet inneb\u00e6rer at den best kvalifiserte s\u00f8keren skal tilbys stillingen. Det forutsetter en samlet vurdering av teoretisk utdanning, yrkeserfaring og personlige egenskaper sammenholdt med fastsatte krav og \u00f8nskede kvalifikasjoner i stillingsutlysningen. Prinsippet er ogs\u00e5 tariffestet i kommunesektoren. Prinsippet, som har lovs rang, har skapt utfordringer for kommuner n\u00e5r de skal ansette personer som st\u00e5r utenfor arbeidslivet i kommunale jobber. Staten har flere muligheter i sitt regelverk og<br>har en \u00e5pning for \u00e5 ansette utover kvalifikasjonsprinsippet. KS har derfor arbeidet for at kommunal sektor skal ha like vilk\u00e5r for arbeidsinkludering som staten har.<\/p>\n\n\n\n<p>I november 2023 har arbeids- og inkluderingsdepartementet i brev til KS uttalt f\u00f8lgende:<\/p>\n\n\n\n<p class=\"has-text-align-center\">\u00abDepartementet ser at det i enkelte tilfeller kan v\u00e6re hensiktsmessig \u00e5 gj\u00f8re<br>begrensede unntak fra kvalifikasjonsprinsippet for \u00e5 bidra til at personer med nedsatt funksjonsevne og personer med frav\u00e6r fra arbeid eller utdanning kommer i arbeid.\u00bb<\/p>\n\n\n\n<p>Kommunal sektor har n\u00e5 f\u00e5tt st\u00f8rre mulighet til \u00e5 ansette personer i utenforskap i kommunale jobber. KS har utledet en forst\u00e5else av handlingsrommet i kvalifikasjonsprinsippet; det er et lovlig unntak fra kvalifikasjonsprinsippet \u00e5 begrense s\u00f8kerkretsen ved noen stillinger til gruppen med redusert funksjonsevne eller frav\u00e6r fra arbeid, utdanning eller oppl\u00e6ring. Forutsetningen er at dette st\u00e5r i rimelig forhold til det totale antallet ledige stillinger, og at det er diskutert og<br>forankret med de tillitsvalgte. <\/p>\n\n\n\n<p>Kvalifikasjonsprinsippet er fortsatt hovedregelen i kommunal sektor, og et viktig prinsipp, men det kan n\u00e5 gj\u00f8res saklige unntak for denne gruppen. KS arrangerer ogs\u00e5 \u00abInn i jobb\u00bb som er et nettverk der det jobbes med unge i egen kommune som av ulike \u00e5rsaker har vanskelig med \u00e5 f\u00e5 fotfeste i arbeidslivet. Lillestr\u00f8m kommune deltar ikke i dette prosjektet\/nettverket, men f\u00f8lger med p\u00e5 utviklingen i prosjektet og mulighetene dette kan gi for v\u00e5r kommune. Arbeid er avgj\u00f8rende for ikke \u00e5 havne i utenforskap. <\/p>\n\n\n\n<p>Lillestr\u00f8m kommune vil i stillinger der det kan v\u00e6re aktuelt utnytte det nye handlingsrommet med hensyn til \u00e5 gj\u00f8re saklige unntak fra kvalifikasjonsprinsippet for \u00e5 hjelpe personer i utsatte grupper inn i arbeidslivet. <\/p>\n\n\n\n<p>Ordf\u00f8rer vil f\u00f8lge opp saken og ser det som naturlig at temaet i f\u00f8rste omgang blir dr\u00f8ftet i arbeidsgiverutvalget og partssammensatt utvalg<\/p>\n\n\n<div class=\"tags\">\n\t<\/div>\n<div class=\"post-footer alignfull has-background block-editor-block-list__block\" data-align=full>\n\t<div class=\"post-footer-inner\">\n\t\t<h3>Relaterte artikler<\/h3>\n\t\t<div class=\"related-content\"><div class=\"is-card-hoyre\">\n\t<div class=\"teft-card hoyre-teft-card post-teft-card\">\n\t\t<a href=\"https:\/\/hoyre.no\/lillestrom\/aktuelt\/et-godt-budsjett-for-2024\/\" class=\"teft-card__primary-action\">\n\n\t\t\t\t\t<div class=\"teft-card__media teft-card__media--16-9\">\n\t\t\t\t\t\t<img loading=\"lazy\" decoding=\"async\" width=\"768\" height=\"768\" src=\"https:\/\/hoyre.no\/content\/uploads\/sites\/180\/2023\/12\/Budsjett24-768x768.jpg\" class=\"attachment-medium_large size-medium_large\" alt=\"\" srcset=\"https:\/\/hoyre.no\/content\/uploads\/sites\/180\/2023\/12\/Budsjett24-768x768.jpg 768w, https:\/\/hoyre.no\/content\/uploads\/sites\/180\/2023\/12\/Budsjett24-300x300.jpg 300w, https:\/\/hoyre.no\/content\/uploads\/sites\/180\/2023\/12\/Budsjett24-1024x1024.jpg 1024w, https:\/\/hoyre.no\/content\/uploads\/sites\/180\/2023\/12\/Budsjett24-150x150.jpg 150w, https:\/\/hoyre.no\/content\/uploads\/sites\/180\/2023\/12\/Budsjett24.jpg 1080w\" sizes=\"auto, (max-width: 768px) 100vw, 768px\" \/>\t\t<\/div>\n\t\t\n\t\t\t<div class=\"teft-card__content-wrapper\">\n\t\t\t\t<div class=\"teft-card__secondary\">\n\t\t\t\t\t\n\t\t\t\t\t\t\t\t<div class=\"teft-card__meta\">\n\t\t\t\t\t\t\t\t\t<span class=\"post-date\">19. des 2023<\/span>\n\n\t\t\t\t\t\t\t\t\t<span class=\"post-category\">\u00d8konomi<\/span>\t\t\t\t\t\t\t\t<\/div>\n\t\t\t\t\t\t\t\t\t\t\t<\/div>\n\n\t\t\t\t<div class=\"teft-card__primary\">\n\t\t\t\t\t<h2 class=\"teft-card__title\">Budsjett 2024&nbsp;<span class=\"teft-card__primary-title-append\"><\/span><\/h2>\t\t\t\t<\/div>\n\t\t\t<\/div>\n\t\t<\/a>\n\t<\/div>\n\n\t<\/div><div class=\"is-card-hoyre\">\n\t<div class=\"teft-card hoyre-teft-card post-teft-card\">\n\t\t<a href=\"https:\/\/hoyre.no\/lillestrom\/aktuelt\/program-for-2023-2027\/\" class=\"teft-card__primary-action\">\n\n\t\t\t\t\t<div class=\"teft-card__media teft-card__media--16-9\">\n\t\t\t\t\t\t<img loading=\"lazy\" decoding=\"async\" width=\"768\" height=\"429\" src=\"https:\/\/hoyre.no\/content\/uploads\/sites\/180\/2020\/11\/lillestrom_kjartanberland_860x480-768x429.jpg\" class=\"attachment-medium_large size-medium_large\" alt=\"\" srcset=\"https:\/\/hoyre.no\/content\/uploads\/sites\/180\/2020\/11\/lillestrom_kjartanberland_860x480-768x429.jpg 768w, https:\/\/hoyre.no\/content\/uploads\/sites\/180\/2020\/11\/lillestrom_kjartanberland_860x480-300x167.jpg 300w, https:\/\/hoyre.no\/content\/uploads\/sites\/180\/2020\/11\/lillestrom_kjartanberland_860x480.jpg 860w\" sizes=\"auto, (max-width: 768px) 100vw, 768px\" \/>\t\t<\/div>\n\t\t\n\t\t\t<div class=\"teft-card__content-wrapper\">\n\t\t\t\t<div class=\"teft-card__secondary\">\n\t\t\t\t\t\n\t\t\t\t\t\t\t\t<div class=\"teft-card__meta\">\n\t\t\t\t\t\t\t\t\t<span class=\"post-date\">30. jun 2023<\/span>\n\n\t\t\t\t\t\t\t\t\t<span class=\"post-category\">Ukategorisert<\/span>\t\t\t\t\t\t\t\t<\/div>\n\t\t\t\t\t\t\t\t\t\t\t<\/div>\n\n\t\t\t\t<div class=\"teft-card__primary\">\n\t\t\t\t\t<h2 class=\"teft-card__title\">Program for 2023-2027&nbsp;<span class=\"teft-card__primary-title-append\"><\/span><\/h2>\t\t\t\t<\/div>\n\t\t\t<\/div>\n\t\t<\/a>\n\t<\/div>\n\n\t<\/div><div class=\"is-card-hoyre\">\n\t<div class=\"teft-card hoyre-teft-card post-teft-card\">\n\t\t<a href=\"https:\/\/hoyre.no\/lillestrom\/aktuelt\/fremtidsrettet-byutvikling-parkering-under-bakken-ikke-over\/\" class=\"teft-card__primary-action\">\n\n\t\t\t\t\t<div class=\"teft-card__media teft-card__media--16-9\">\n\t\t\t\t\t\t<img loading=\"lazy\" decoding=\"async\" width=\"768\" height=\"602\" src=\"https:\/\/hoyre.no\/content\/uploads\/sites\/180\/2023\/06\/Lillestrom-768x602.jpg\" class=\"attachment-medium_large size-medium_large\" alt=\"\" srcset=\"https:\/\/hoyre.no\/content\/uploads\/sites\/180\/2023\/06\/Lillestrom-768x602.jpg 768w, https:\/\/hoyre.no\/content\/uploads\/sites\/180\/2023\/06\/Lillestrom-300x235.jpg 300w, https:\/\/hoyre.no\/content\/uploads\/sites\/180\/2023\/06\/Lillestrom-1024x803.jpg 1024w, https:\/\/hoyre.no\/content\/uploads\/sites\/180\/2023\/06\/Lillestrom.jpg 1200w\" sizes=\"auto, (max-width: 768px) 100vw, 768px\" \/>\t\t<\/div>\n\t\t\n\t\t\t<div class=\"teft-card__content-wrapper\">\n\t\t\t\t<div class=\"teft-card__secondary\">\n\t\t\t\t\t\n\t\t\t\t\t\t\t\t<div class=\"teft-card__meta\">\n\t\t\t\t\t\t\t\t\t<span class=\"post-date\">4. apr 2024<\/span>\n\n\t\t\t\t\t\t\t\t\t<span class=\"post-category\">Byutvikling<\/span>\t\t\t\t\t\t\t\t<\/div>\n\t\t\t\t\t\t\t\t\t\t\t<\/div>\n\n\t\t\t\t<div class=\"teft-card__primary\">\n\t\t\t\t\t<h2 class=\"teft-card__title\">Fremtidsrettet byutvikling: Parkering under bakken, ikke over&nbsp;<span class=\"teft-card__primary-title-append\"><\/span><\/h2>\t\t\t\t<\/div>\n\t\t\t<\/div>\n\t\t<\/a>\n\t<\/div>\n\n\t<\/div><\/div>\t<\/div>\n<\/div>\n","protected":false},"excerpt":{"rendered":"","protected":false},"author":331,"featured_media":0,"comment_status":"closed","ping_status":"closed","sticky":false,"template":"","format":"standard","meta":{"teft_cards_image_url":"","teft_cards_custom_pretitle":"","teft_cards_image_id":674,"teft_cards_image_focal_point_x":0.5,"teft_cards_image_focal_point_y":0.5,"teft_cards_title":"","teft_cards_excerpt":"","teft_show_chapters":false,"author_display_name":"Jan Petter Myrvold","footnotes":""},"category":[5,1],"post_tag":[],"hoyre-visibility":[],"article-type":[],"politician":[18],"class_list":["post-672","post","type-post","status-publish","format-standard","hentry","category-helse","category-ukategorisert","politician-jan-petter-myrvold"],"yoast_head":"<!-- This site is optimized with the Yoast SEO plugin v26.6 - https:\/\/yoast.com\/wordpress\/plugins\/seo\/ -->\n<title>Gi muligheter for mennesker med nedsatt funksjonsevne - Lillestr\u00f8m H\u00f8yre<\/title>\n<meta name=\"robots\" content=\"index, follow, max-snippet:-1, max-image-preview:large, max-video-preview:-1\" \/>\n<link rel=\"canonical\" href=\"https:\/\/hoyre.no\/lillestrom\/aktuelt\/gi-muligheter-for-mennesker-med-nedsatt-funksjonsevne\/\" \/>\n<meta property=\"og:locale\" content=\"nb_NO\" \/>\n<meta property=\"og:type\" content=\"article\" \/>\n<meta property=\"og:title\" content=\"Gi muligheter for mennesker med nedsatt funksjonsevne - Lillestr\u00f8m H\u00f8yre\" \/>\n<meta property=\"og:url\" content=\"https:\/\/hoyre.no\/lillestrom\/aktuelt\/gi-muligheter-for-mennesker-med-nedsatt-funksjonsevne\/\" \/>\n<meta property=\"og:site_name\" content=\"Lillestr\u00f8m H\u00f8yre\" \/>\n<meta property=\"article:published_time\" content=\"2024-02-02T11:33:46+00:00\" \/>\n<meta property=\"article:modified_time\" content=\"2024-02-02T11:34:15+00:00\" \/>\n<meta property=\"og:image\" content=\"https:\/\/hoyre.no\/content\/uploads\/sites\/180\/2023\/06\/Lillestrom-1024x803.jpg\" \/>\n<meta name=\"author\" content=\"Per Erling L\u00f8kken\" \/>\n<meta name=\"twitter:card\" content=\"summary_large_image\" \/>\n<meta name=\"twitter:label1\" content=\"Skrevet av\" \/>\n\t<meta name=\"twitter:data1\" content=\"Per Erling L\u00f8kken\" \/>\n\t<meta name=\"twitter:label2\" content=\"Ansl. lesetid\" \/>\n\t<meta name=\"twitter:data2\" content=\"4 minutter\" \/>\n<script type=\"application\/ld+json\" class=\"yoast-schema-graph\">{\"@context\":\"https:\/\/schema.org\",\"@graph\":[{\"@type\":\"NewsArticle\",\"@id\":\"https:\/\/hoyre.no\/lillestrom\/aktuelt\/gi-muligheter-for-mennesker-med-nedsatt-funksjonsevne\/\",\"url\":\"https:\/\/hoyre.no\/lillestrom\/aktuelt\/gi-muligheter-for-mennesker-med-nedsatt-funksjonsevne\/\",\"name\":\"Gi muligheter for mennesker med nedsatt funksjonsevne - Lillestr\u00f8m H\u00f8yre\",\"isPartOf\":{\"@id\":\"https:\/\/hoyre.no\/lillestrom\/#website\"},\"datePublished\":\"2024-02-02T11:33:46+00:00\",\"dateModified\":\"2024-02-02T11:34:15+00:00\",\"author\":{\"@id\":\"https:\/\/hoyre.no\/lillestrom\/#\/schema\/person\/6e46eb3e9a4c8e7473939a85320f9fb2\"},\"breadcrumb\":{\"@id\":\"https:\/\/hoyre.no\/lillestrom\/aktuelt\/gi-muligheter-for-mennesker-med-nedsatt-funksjonsevne\/#breadcrumb\"},\"inLanguage\":\"nb-NO\",\"potentialAction\":[{\"@type\":\"ReadAction\",\"target\":[\"https:\/\/hoyre.no\/lillestrom\/aktuelt\/gi-muligheter-for-mennesker-med-nedsatt-funksjonsevne\/\"]}]},{\"@type\":\"BreadcrumbList\",\"@id\":\"https:\/\/hoyre.no\/lillestrom\/aktuelt\/gi-muligheter-for-mennesker-med-nedsatt-funksjonsevne\/#breadcrumb\",\"itemListElement\":[{\"@type\":\"ListItem\",\"position\":1,\"name\":\"Til hoyre.no\",\"item\":\"https:\/\/hoyre.no\"},{\"@type\":\"ListItem\",\"position\":2,\"name\":\"Hjem\",\"item\":\"https:\/\/hoyre.no\/lillestrom\/\"},{\"@type\":\"ListItem\",\"position\":3,\"name\":\"Gi muligheter for mennesker med nedsatt funksjonsevne\"}]},{\"@type\":\"WebSite\",\"@id\":\"https:\/\/hoyre.no\/lillestrom\/#website\",\"url\":\"https:\/\/hoyre.no\/lillestrom\/\",\"name\":\"Lillestr\u00f8m H\u00f8yre\",\"description\":\"Bare enda et H\u00f8yres nettsteder-nettsted\",\"inLanguage\":\"nb-NO\"},{\"@type\":\"Person\",\"@id\":\"https:\/\/hoyre.no\/lillestrom\/#\/schema\/person\/6e46eb3e9a4c8e7473939a85320f9fb2\",\"name\":\"Per Erling L\u00f8kken\",\"image\":{\"@type\":\"ImageObject\",\"inLanguage\":\"nb-NO\",\"@id\":\"https:\/\/hoyre.no\/lillestrom\/#\/schema\/person\/image\/\",\"url\":\"https:\/\/secure.gravatar.com\/avatar\/4e3f6be6470f177562be57e1a3727490102daf3fcc622692278cbf92c0e6d7b4?s=96&d=mm&r=g\",\"contentUrl\":\"https:\/\/secure.gravatar.com\/avatar\/4e3f6be6470f177562be57e1a3727490102daf3fcc622692278cbf92c0e6d7b4?s=96&d=mm&r=g\",\"caption\":\"Per Erling L\u00f8kken\"},\"url\":\"https:\/\/hoyre.no\/lillestrom\/aktuelt\/author\/m50167253\/\"}]}<\/script>\n<!-- \/ Yoast SEO plugin. -->","yoast_head_json":{"title":"Gi muligheter for mennesker med nedsatt funksjonsevne - Lillestr\u00f8m H\u00f8yre","robots":{"index":"index","follow":"follow","max-snippet":"max-snippet:-1","max-image-preview":"max-image-preview:large","max-video-preview":"max-video-preview:-1"},"canonical":"https:\/\/hoyre.no\/lillestrom\/aktuelt\/gi-muligheter-for-mennesker-med-nedsatt-funksjonsevne\/","og_locale":"nb_NO","og_type":"article","og_title":"Gi muligheter for mennesker med nedsatt funksjonsevne - Lillestr\u00f8m H\u00f8yre","og_url":"https:\/\/hoyre.no\/lillestrom\/aktuelt\/gi-muligheter-for-mennesker-med-nedsatt-funksjonsevne\/","og_site_name":"Lillestr\u00f8m H\u00f8yre","article_published_time":"2024-02-02T11:33:46+00:00","article_modified_time":"2024-02-02T11:34:15+00:00","og_image":[{"url":"https:\/\/hoyre.no\/content\/uploads\/sites\/180\/2023\/06\/Lillestrom-1024x803.jpg","width":"","height":"","type":""}],"author":"Per Erling L\u00f8kken","twitter_card":"summary_large_image","twitter_misc":{"Skrevet av":"Per Erling L\u00f8kken","Ansl. lesetid":"4 minutter"},"schema":{"@context":"https:\/\/schema.org","@graph":[{"@type":"NewsArticle","@id":"https:\/\/hoyre.no\/lillestrom\/aktuelt\/gi-muligheter-for-mennesker-med-nedsatt-funksjonsevne\/","url":"https:\/\/hoyre.no\/lillestrom\/aktuelt\/gi-muligheter-for-mennesker-med-nedsatt-funksjonsevne\/","name":"Gi muligheter for mennesker med nedsatt funksjonsevne - Lillestr\u00f8m H\u00f8yre","isPartOf":{"@id":"https:\/\/hoyre.no\/lillestrom\/#website"},"datePublished":"2024-02-02T11:33:46+00:00","dateModified":"2024-02-02T11:34:15+00:00","author":{"@id":"https:\/\/hoyre.no\/lillestrom\/#\/schema\/person\/6e46eb3e9a4c8e7473939a85320f9fb2"},"breadcrumb":{"@id":"https:\/\/hoyre.no\/lillestrom\/aktuelt\/gi-muligheter-for-mennesker-med-nedsatt-funksjonsevne\/#breadcrumb"},"inLanguage":"nb-NO","potentialAction":[{"@type":"ReadAction","target":["https:\/\/hoyre.no\/lillestrom\/aktuelt\/gi-muligheter-for-mennesker-med-nedsatt-funksjonsevne\/"]}]},{"@type":"BreadcrumbList","@id":"https:\/\/hoyre.no\/lillestrom\/aktuelt\/gi-muligheter-for-mennesker-med-nedsatt-funksjonsevne\/#breadcrumb","itemListElement":[{"@type":"ListItem","position":1,"name":"Til hoyre.no","item":"https:\/\/hoyre.no"},{"@type":"ListItem","position":2,"name":"Hjem","item":"https:\/\/hoyre.no\/lillestrom\/"},{"@type":"ListItem","position":3,"name":"Gi muligheter for mennesker med nedsatt funksjonsevne"}]},{"@type":"WebSite","@id":"https:\/\/hoyre.no\/lillestrom\/#website","url":"https:\/\/hoyre.no\/lillestrom\/","name":"Lillestr\u00f8m H\u00f8yre","description":"Bare enda et H\u00f8yres nettsteder-nettsted","inLanguage":"nb-NO"},{"@type":"Person","@id":"https:\/\/hoyre.no\/lillestrom\/#\/schema\/person\/6e46eb3e9a4c8e7473939a85320f9fb2","name":"Per Erling L\u00f8kken","image":{"@type":"ImageObject","inLanguage":"nb-NO","@id":"https:\/\/hoyre.no\/lillestrom\/#\/schema\/person\/image\/","url":"https:\/\/secure.gravatar.com\/avatar\/4e3f6be6470f177562be57e1a3727490102daf3fcc622692278cbf92c0e6d7b4?s=96&d=mm&r=g","contentUrl":"https:\/\/secure.gravatar.com\/avatar\/4e3f6be6470f177562be57e1a3727490102daf3fcc622692278cbf92c0e6d7b4?s=96&d=mm&r=g","caption":"Per Erling L\u00f8kken"},"url":"https:\/\/hoyre.no\/lillestrom\/aktuelt\/author\/m50167253\/"}]}},"distributor_meta":false,"distributor_terms":false,"distributor_media":false,"distributor_original_site_name":"Lillestr\u00f8m H\u00f8yre","distributor_original_site_url":"https:\/\/hoyre.no\/lillestrom","push-errors":false,"_links":{"self":[{"href":"https:\/\/hoyre.no\/lillestrom\/wp-json\/wp\/v2\/posts\/672","targetHints":{"allow":["GET"]}}],"collection":[{"href":"https:\/\/hoyre.no\/lillestrom\/wp-json\/wp\/v2\/posts"}],"about":[{"href":"https:\/\/hoyre.no\/lillestrom\/wp-json\/wp\/v2\/types\/post"}],"author":[{"embeddable":true,"href":"https:\/\/hoyre.no\/lillestrom\/wp-json\/wp\/v2\/users\/331"}],"replies":[{"embeddable":true,"href":"https:\/\/hoyre.no\/lillestrom\/wp-json\/wp\/v2\/comments?post=672"}],"version-history":[{"count":3,"href":"https:\/\/hoyre.no\/lillestrom\/wp-json\/wp\/v2\/posts\/672\/revisions"}],"predecessor-version":[{"id":676,"href":"https:\/\/hoyre.no\/lillestrom\/wp-json\/wp\/v2\/posts\/672\/revisions\/676"}],"wp:attachment":[{"href":"https:\/\/hoyre.no\/lillestrom\/wp-json\/wp\/v2\/media?parent=672"}],"wp:term":[{"taxonomy":"category","embeddable":true,"href":"https:\/\/hoyre.no\/lillestrom\/wp-json\/wp\/v2\/category?post=672"},{"taxonomy":"post_tag","embeddable":true,"href":"https:\/\/hoyre.no\/lillestrom\/wp-json\/wp\/v2\/post_tag?post=672"},{"taxonomy":"hoyre-visibility","embeddable":true,"href":"https:\/\/hoyre.no\/lillestrom\/wp-json\/wp\/v2\/hoyre-visibility?post=672"},{"taxonomy":"article-type","embeddable":true,"href":"https:\/\/hoyre.no\/lillestrom\/wp-json\/wp\/v2\/article-type?post=672"},{"taxonomy":"politician","embeddable":true,"href":"https:\/\/hoyre.no\/lillestrom\/wp-json\/wp\/v2\/politician?post=672"}],"curies":[{"name":"wp","href":"https:\/\/api.w.org\/{rel}","templated":true}]}}