{"id":170,"date":"2023-06-19T20:46:14","date_gmt":"2023-06-19T18:46:14","guid":{"rendered":"https:\/\/hoyre.no\/lindesnes\/?p=170"},"modified":"2023-06-19T20:46:15","modified_gmt":"2023-06-19T18:46:15","slug":"lindesnes-hoyre-har-hatt-sommerfest","status":"publish","type":"post","link":"https:\/\/hoyre.no\/lindesnes\/aktuelt\/lindesnes-hoyre-har-hatt-sommerfest\/","title":{"rendered":"Lindesnes H\u00f8yre har hatt sommerfest!"},"content":{"rendered":"\n<p class=\"preamble\">Den 19. juni arrangerte Lindesnes H\u00f8yre sommerfest og hadde utlodning p\u00e5 kastellet i Mandal. <\/p>\t\t\t<div class=\"post-meta wp-block teft-byline-wrapper\">\n\t\t\t\t<div class=\"top\">\n\t\t\t\t\t<div class=\"signature\">\n\t\t\t\t\t\t<div class=\"teft-byline\">\n\t\t\t\t\t\t\t\t\t\t\t\t\t\t<div>\n\t\t\t\t\t\t\t\t<h3>H\u00f8yres redaksjon<\/h3>\t\t\t\t\t\t\t\t\n\t\t\t\t\t\t\t\t\t\t\t\t\t\t\t\t\t<span class=\"date\">Sist oppdatert: 19. juni 2023<\/span>\n\t\t\t\t\t\t\t\t\t\t\t\t\t\t\t\t\t\t\t\t\t\t\t\t\t<span class=\"reading-time\" itemprop=\"timeRequired\" content=\"PT1M\"><em>Ca. 1 minutter lesetid<\/em><\/span>\n\t\t\t\t\t\t\t\t\t\t\t\t\t\t\t<\/div>\n\t\t\t\t\t\t<\/div>\n\t\t\t\t\t<\/div>\n\t\t\t\t\t\t<div class=\"sharing\">\n\t\t<a class=\"share-button share-link copy-link\" data-copy=\"https:\/\/hoyre.no\/lindesnes\/aktuelt\/lindesnes-hoyre-har-hatt-sommerfest\/\" target=\"_blank\"><span class=\"screen-reader-text\">Del link<\/span><\/a>\n\t\t<a class=\"share-button share-twitter\" href=\"http:\/\/twitter.com\/share?text=Lindesnes H\u00f8yre har hatt sommerfest!&#038;url=https:\/\/hoyre.no\/lindesnes\/aktuelt\/lindesnes-hoyre-har-hatt-sommerfest\/&#038;hashtags=Hoyre\" target=\"_blank\"><span class=\"screen-reader-text\">Del p\u00e5 twitter<\/span><\/a>\n\t\t<a class=\"share-button share-facebook\" href=\"https:\/\/www.facebook.com\/sharer\/sharer.php?u=https:\/\/hoyre.no\/lindesnes\/aktuelt\/lindesnes-hoyre-har-hatt-sommerfest\/\" target=\"_blank\"><span class=\"screen-reader-text\">Del p\u00e5 facebook<\/span><\/a>\n\t<\/div>\n\t\t\t\t\t<\/div>\n\t\t\t<\/div>\n\n\t\t\t<figure class=\"hoyre-image-wrapper\"><div class=\"hoyre-image\"><img loading=\"lazy\" decoding=\"async\" width=\"2709\" height=\"3020\" src=\"https:\/\/hoyre.no\/content\/uploads\/sites\/26\/2023\/06\/image-3.png\" class=\"attachment-scaled size-scaled\" alt=\"\" style=\"object-position: 50% 50%\" srcset=\"https:\/\/hoyre.no\/content\/uploads\/sites\/26\/2023\/06\/image-3.png 2709w, https:\/\/hoyre.no\/content\/uploads\/sites\/26\/2023\/06\/image-3-269x300.png 269w, https:\/\/hoyre.no\/content\/uploads\/sites\/26\/2023\/06\/image-3-919x1024.png 919w, https:\/\/hoyre.no\/content\/uploads\/sites\/26\/2023\/06\/image-3-768x856.png 768w, https:\/\/hoyre.no\/content\/uploads\/sites\/26\/2023\/06\/image-3-1378x1536.png 1378w, https:\/\/hoyre.no\/content\/uploads\/sites\/26\/2023\/06\/image-3-1837x2048.png 1837w\" sizes=\"auto, (max-width: 2709px) 100vw, 2709px\" \/><\/div><figcaption class=\"caption\">Representanter fra Lindesnes H\u00f8yre (Foto: Lindesnes H\u00f8yre)<\/figcaption><\/figure>\n\n\n\n\n<h3 class=\"has-text-align-center wp-block-heading\">Plan for valgkampen <\/h3>\n\n\n\n<p>Sommerfesten ble startet med at ordf\u00f8rerkandidat Paal Pedersen innledet om hvilke saker han mente var relevant for denne kommende perioden. Deretter fortsatte kampanjeleder Hans Stusvik med mer den praktiske planen for valgkampen og hvordan han s\u00e5 p\u00e5 H\u00f8yres sjanse til \u00e5 bli valgets vinner.<\/p>\n\n\n\n<figure class=\"wp-block-image size-large\"><img loading=\"lazy\" decoding=\"async\" width=\"768\" height=\"1024\" src=\"https:\/\/hoyre.no\/content\/uploads\/sites\/26\/2023\/06\/image-768x1024.png\" alt=\"\" class=\"wp-image-172\" srcset=\"https:\/\/hoyre.no\/content\/uploads\/sites\/26\/2023\/06\/image-768x1024.png 768w, https:\/\/hoyre.no\/content\/uploads\/sites\/26\/2023\/06\/image-225x300.png 225w, https:\/\/hoyre.no\/content\/uploads\/sites\/26\/2023\/06\/image-1152x1536.png 1152w, https:\/\/hoyre.no\/content\/uploads\/sites\/26\/2023\/06\/image-1536x2048.png 1536w\" sizes=\"auto, (max-width: 768px) 100vw, 768px\" \/><figcaption>Hans Stusvik (Foto: Lindesnes H\u00f8yre)<\/figcaption><\/figure>\n\n\n\n<p><\/p>\n\n\n\n<p><\/p>\n\n\n\n<h3 class=\"has-text-align-center wp-block-heading\"><strong>Lasagne <\/strong>p\u00e5 menyen<\/h3>\n\n\n\n<p>P\u00e5 menyen denne kvelden sto det lasagne og opp til flere mente at det lokale n\u00e6ringslivet virkelig leverte!<\/p>\n\n\n\n<figure class=\"wp-block-image size-large\"><img loading=\"lazy\" decoding=\"async\" width=\"1024\" height=\"768\" src=\"https:\/\/hoyre.no\/content\/uploads\/sites\/26\/2023\/06\/image-1-1024x768.png\" alt=\"\" class=\"wp-image-173\" srcset=\"https:\/\/hoyre.no\/content\/uploads\/sites\/26\/2023\/06\/image-1-1024x768.png 1024w, https:\/\/hoyre.no\/content\/uploads\/sites\/26\/2023\/06\/image-1-300x225.png 300w, https:\/\/hoyre.no\/content\/uploads\/sites\/26\/2023\/06\/image-1-768x576.png 768w, https:\/\/hoyre.no\/content\/uploads\/sites\/26\/2023\/06\/image-1-1536x1152.png 1536w, https:\/\/hoyre.no\/content\/uploads\/sites\/26\/2023\/06\/image-1-2048x1536.png 2048w\" sizes=\"auto, (max-width: 1024px) 100vw, 1024px\" \/><figcaption>\u00c5shild Schmidt. (Foto: Lindesnes H\u00f8yre)<\/figcaption><\/figure>\n\n\n\n<p><\/p>\n\n\n\n<p><\/p>\n\n\n\n<h3 class=\"has-text-align-center wp-block-heading\">Utlodning<\/h3>\n\n\n\n<p>Festen ble avsluttet med utlodning til inntekt for valgkampen. Dette var en stor suksess og det var mange som var forn\u00f8yde med \u00e5 vinne ulike premier. <\/p>\n\n\n\n<figure class=\"wp-block-image size-large\"><img loading=\"lazy\" decoding=\"async\" width=\"1024\" height=\"768\" src=\"https:\/\/hoyre.no\/content\/uploads\/sites\/26\/2023\/06\/image-2-1024x768.png\" alt=\"\" class=\"wp-image-174\" srcset=\"https:\/\/hoyre.no\/content\/uploads\/sites\/26\/2023\/06\/image-2-1024x768.png 1024w, https:\/\/hoyre.no\/content\/uploads\/sites\/26\/2023\/06\/image-2-300x225.png 300w, https:\/\/hoyre.no\/content\/uploads\/sites\/26\/2023\/06\/image-2-768x576.png 768w, https:\/\/hoyre.no\/content\/uploads\/sites\/26\/2023\/06\/image-2-1536x1152.png 1536w, https:\/\/hoyre.no\/content\/uploads\/sites\/26\/2023\/06\/image-2-2048x1536.png 2048w\" sizes=\"auto, (max-width: 1024px) 100vw, 1024px\" \/><figcaption>(Foto: Lindesnes H\u00f8yre)<\/figcaption><\/figure>\n\n\n\n<p><\/p>\n\n\n<div class=\"tags\">\n\t<\/div>\n<div class=\"post-footer alignfull has-background block-editor-block-list__block\" data-align=full>\n\t<div class=\"post-footer-inner\">\n\t\t<h3>Relaterte artikler<\/h3>\n\t\t<div class=\"related-content\"><div class=\"is-card-hoyre\">\n\t<div class=\"teft-card hoyre-teft-card post-teft-card\">\n\t\t<a href=\"https:\/\/hoyre.no\/lindesnes\/aktuelt\/takk-for-et-flott-arsmote-%f0%9f%92%99\/\" class=\"teft-card__primary-action\">\n\n\t\t\t\t\t<div class=\"teft-card__media teft-card__media--16-9\">\n\t\t\t\t\t\t<img loading=\"lazy\" decoding=\"async\" width=\"768\" height=\"527\" src=\"https:\/\/hoyre.no\/content\/uploads\/sites\/26\/2025\/12\/image-768x527.png\" class=\"attachment-medium_large size-medium_large\" alt=\"\" srcset=\"https:\/\/hoyre.no\/content\/uploads\/sites\/26\/2025\/12\/image-768x527.png 768w, https:\/\/hoyre.no\/content\/uploads\/sites\/26\/2025\/12\/image-300x206.png 300w, https:\/\/hoyre.no\/content\/uploads\/sites\/26\/2025\/12\/image-1024x703.png 1024w, https:\/\/hoyre.no\/content\/uploads\/sites\/26\/2025\/12\/image-1536x1055.png 1536w, https:\/\/hoyre.no\/content\/uploads\/sites\/26\/2025\/12\/image-2048x1406.png 2048w\" sizes=\"auto, (max-width: 768px) 100vw, 768px\" \/>\t\t<\/div>\n\t\t\n\t\t\t<div class=\"teft-card__content-wrapper\">\n\t\t\t\t<div class=\"teft-card__secondary\">\n\t\t\t\t\t\n\t\t\t\t\t\t\t\t<div class=\"teft-card__meta\">\n\t\t\t\t\t\t\t\t\t<span class=\"post-date\">2. des 2025<\/span>\n\n\t\t\t\t\t\t\t\t\t<span class=\"post-category\">Ukategorisert<\/span>\t\t\t\t\t\t\t\t<\/div>\n\t\t\t\t\t\t\t\t\t\t\t<\/div>\n\n\t\t\t\t<div class=\"teft-card__primary\">\n\t\t\t\t\t<h2 class=\"teft-card__title\">Takk for et flott \u00e5rsm\u00f8te! \ud83d\udc99&nbsp;<span class=\"teft-card__primary-title-append\"><\/span><\/h2>\t\t\t\t<\/div>\n\t\t\t<\/div>\n\t\t<\/a>\n\t<\/div>\n\n\t<\/div><div class=\"is-card-hoyre\">\n\t<div class=\"teft-card hoyre-teft-card post-teft-card\">\n\t\t<a href=\"https:\/\/hoyre.no\/lindesnes\/aktuelt\/arsmote-lindesnes-hoyre\/\" class=\"teft-card__primary-action\">\n\n\t\t\t\t\t<div class=\"teft-card__media teft-card__media--16-9\">\n\t\t\t\t\t\t<img loading=\"lazy\" decoding=\"async\" width=\"768\" height=\"529\" src=\"https:\/\/hoyre.no\/content\/uploads\/sites\/26\/2022\/09\/Arsmote-1200x826-1-768x529.jpg\" class=\"attachment-medium_large size-medium_large\" alt=\"\" srcset=\"https:\/\/hoyre.no\/content\/uploads\/sites\/26\/2022\/09\/Arsmote-1200x826-1-768x529.jpg 768w, https:\/\/hoyre.no\/content\/uploads\/sites\/26\/2022\/09\/Arsmote-1200x826-1-300x207.jpg 300w, https:\/\/hoyre.no\/content\/uploads\/sites\/26\/2022\/09\/Arsmote-1200x826-1-1024x705.jpg 1024w, https:\/\/hoyre.no\/content\/uploads\/sites\/26\/2022\/09\/Arsmote-1200x826-1.jpg 1200w\" sizes=\"auto, (max-width: 768px) 100vw, 768px\" \/>\t\t<\/div>\n\t\t\n\t\t\t<div class=\"teft-card__content-wrapper\">\n\t\t\t\t<div class=\"teft-card__secondary\">\n\t\t\t\t\t\n\t\t\t\t\t\t\t\t<div class=\"teft-card__meta\">\n\t\t\t\t\t\t\t\t\t<span class=\"post-date\">23. okt 2024<\/span>\n\n\t\t\t\t\t\t\t\t\t<span class=\"post-category\">Ukategorisert<\/span>\t\t\t\t\t\t\t\t<\/div>\n\t\t\t\t\t\t\t\t\t\t\t<\/div>\n\n\t\t\t\t<div class=\"teft-card__primary\">\n\t\t\t\t\t<h2 class=\"teft-card__title\">\u00c5rsm\u00f8te-Lindesnes H\u00f8yre&nbsp;<span class=\"teft-card__primary-title-append\"><\/span><\/h2>\t\t\t\t<\/div>\n\t\t\t<\/div>\n\t\t<\/a>\n\t<\/div>\n\n\t<\/div><div class=\"is-card-hoyre\">\n\t<div class=\"teft-card hoyre-teft-card post-teft-card\">\n\t\t<a href=\"https:\/\/hoyre.no\/lindesnes\/aktuelt\/onsker-du-a-komme-i-kontakt-med-vare-utvalgsrepresentanter\/\" class=\"teft-card__primary-action\">\n\n\t\t\t\t\t<div class=\"teft-card__media teft-card__media--16-9\">\n\t\t\t\t\t\t<img loading=\"lazy\" decoding=\"async\" width=\"768\" height=\"1024\" src=\"https:\/\/hoyre.no\/content\/uploads\/sites\/26\/2023\/07\/Hoyre-mandal-bilder_2-768x1024.jpg\" class=\"attachment-medium_large size-medium_large\" alt=\"\" srcset=\"https:\/\/hoyre.no\/content\/uploads\/sites\/26\/2023\/07\/Hoyre-mandal-bilder_2-768x1024.jpg 768w, https:\/\/hoyre.no\/content\/uploads\/sites\/26\/2023\/07\/Hoyre-mandal-bilder_2-225x300.jpg 225w, https:\/\/hoyre.no\/content\/uploads\/sites\/26\/2023\/07\/Hoyre-mandal-bilder_2-1152x1536.jpg 1152w, https:\/\/hoyre.no\/content\/uploads\/sites\/26\/2023\/07\/Hoyre-mandal-bilder_2-1536x2048.jpg 1536w, https:\/\/hoyre.no\/content\/uploads\/sites\/26\/2023\/07\/Hoyre-mandal-bilder_2-scaled.jpg 1875w\" sizes=\"auto, (max-width: 768px) 100vw, 768px\" \/>\t\t<\/div>\n\t\t\n\t\t\t<div class=\"teft-card__content-wrapper\">\n\t\t\t\t<div class=\"teft-card__secondary\">\n\t\t\t\t\t\n\t\t\t\t\t\t\t\t<div class=\"teft-card__meta\">\n\t\t\t\t\t\t\t\t\t<span class=\"post-date\">22. feb 2024<\/span>\n\n\t\t\t\t\t\t\t\t\t<span class=\"post-category\">Ukategorisert<\/span>\t\t\t\t\t\t\t\t<\/div>\n\t\t\t\t\t\t\t\t\t\t\t<\/div>\n\n\t\t\t\t<div class=\"teft-card__primary\">\n\t\t\t\t\t<h2 class=\"teft-card__title\">\u00d8nsker du \u00e5 komme i kontakt med v\u00e5re utvalgsrepresentanter?&nbsp;<span class=\"teft-card__primary-title-append\"><\/span><\/h2>\t\t\t\t<\/div>\n\t\t\t<\/div>\n\t\t<\/a>\n\t<\/div>\n\n\t<\/div><\/div>\t<\/div>\n<\/div>\n","protected":false},"excerpt":{"rendered":"","protected":false},"author":28868,"featured_media":0,"comment_status":"closed","ping_status":"closed","sticky":false,"template":"","format":"standard","meta":{"teft_cards_image_url":"","teft_cards_custom_pretitle":"","teft_cards_image_id":0,"teft_cards_image_focal_point_x":0,"teft_cards_image_focal_point_y":0,"teft_cards_title":"","teft_cards_excerpt":"","teft_show_chapters":false,"author_display_name":"","footnotes":""},"category":[1],"post_tag":[],"hoyre-visibility":[],"article-type":[],"politician":[],"class_list":["post-170","post","type-post","status-publish","format-standard","hentry","category-ukategorisert"],"yoast_head":"<!-- This site is optimized with the Yoast SEO plugin v26.6 - https:\/\/yoast.com\/wordpress\/plugins\/seo\/ -->\n<title>Lindesnes H\u00f8yre har hatt sommerfest! - Lindesnes H\u00f8yre<\/title>\n<meta name=\"robots\" content=\"index, follow, max-snippet:-1, max-image-preview:large, max-video-preview:-1\" \/>\n<link rel=\"canonical\" href=\"https:\/\/hoyre.no\/lindesnes\/aktuelt\/lindesnes-hoyre-har-hatt-sommerfest\/\" \/>\n<meta property=\"og:locale\" content=\"nb_NO\" \/>\n<meta property=\"og:type\" content=\"article\" \/>\n<meta property=\"og:title\" content=\"Lindesnes H\u00f8yre har hatt sommerfest! - Lindesnes H\u00f8yre\" \/>\n<meta property=\"og:url\" content=\"https:\/\/hoyre.no\/lindesnes\/aktuelt\/lindesnes-hoyre-har-hatt-sommerfest\/\" \/>\n<meta property=\"og:site_name\" content=\"Lindesnes H\u00f8yre\" \/>\n<meta property=\"article:published_time\" content=\"2023-06-19T18:46:14+00:00\" \/>\n<meta property=\"article:modified_time\" content=\"2023-06-19T18:46:15+00:00\" \/>\n<meta property=\"og:image\" content=\"https:\/\/hoyre.no\/content\/uploads\/sites\/26\/2023\/07\/Hoyre-mandal-bilder_2-768x1024.jpg\" \/>\n<meta name=\"author\" content=\"Johannes Str\u00f8mberg\" \/>\n<meta name=\"twitter:card\" content=\"summary_large_image\" \/>\n<meta name=\"twitter:label1\" content=\"Skrevet av\" \/>\n\t<meta name=\"twitter:data1\" content=\"Johannes Str\u00f8mberg\" \/>\n\t<meta name=\"twitter:label2\" content=\"Ansl. lesetid\" \/>\n\t<meta name=\"twitter:data2\" content=\"2 minutter\" \/>\n<script type=\"application\/ld+json\" class=\"yoast-schema-graph\">{\"@context\":\"https:\/\/schema.org\",\"@graph\":[{\"@type\":\"NewsArticle\",\"@id\":\"https:\/\/hoyre.no\/lindesnes\/aktuelt\/lindesnes-hoyre-har-hatt-sommerfest\/\",\"url\":\"https:\/\/hoyre.no\/lindesnes\/aktuelt\/lindesnes-hoyre-har-hatt-sommerfest\/\",\"name\":\"Lindesnes H\u00f8yre har hatt sommerfest! - Lindesnes H\u00f8yre\",\"isPartOf\":{\"@id\":\"https:\/\/hoyre.no\/lindesnes\/#website\"},\"image\":{\"@id\":\"https:\/\/hoyre.no\/lindesnes\/aktuelt\/lindesnes-hoyre-har-hatt-sommerfest\/#primaryimage\"},\"thumbnailUrl\":\"https:\/\/hoyre.no\/content\/uploads\/sites\/26\/2023\/06\/image-768x1024.png\",\"datePublished\":\"2023-06-19T18:46:14+00:00\",\"dateModified\":\"2023-06-19T18:46:15+00:00\",\"author\":{\"@id\":\"https:\/\/hoyre.no\/lindesnes\/#\/schema\/person\/c163ff5f76c860a02db911f83831bd69\"},\"breadcrumb\":{\"@id\":\"https:\/\/hoyre.no\/lindesnes\/aktuelt\/lindesnes-hoyre-har-hatt-sommerfest\/#breadcrumb\"},\"inLanguage\":\"nb-NO\",\"potentialAction\":[{\"@type\":\"ReadAction\",\"target\":[\"https:\/\/hoyre.no\/lindesnes\/aktuelt\/lindesnes-hoyre-har-hatt-sommerfest\/\"]}]},{\"@type\":\"ImageObject\",\"inLanguage\":\"nb-NO\",\"@id\":\"https:\/\/hoyre.no\/lindesnes\/aktuelt\/lindesnes-hoyre-har-hatt-sommerfest\/#primaryimage\",\"url\":\"https:\/\/hoyre.no\/content\/uploads\/sites\/26\/2023\/06\/image-768x1024.png\",\"contentUrl\":\"https:\/\/hoyre.no\/content\/uploads\/sites\/26\/2023\/06\/image-768x1024.png\"},{\"@type\":\"BreadcrumbList\",\"@id\":\"https:\/\/hoyre.no\/lindesnes\/aktuelt\/lindesnes-hoyre-har-hatt-sommerfest\/#breadcrumb\",\"itemListElement\":[{\"@type\":\"ListItem\",\"position\":1,\"name\":\"Til hoyre.no\",\"item\":\"https:\/\/hoyre.no\"},{\"@type\":\"ListItem\",\"position\":2,\"name\":\"Hjem\",\"item\":\"https:\/\/hoyre.no\/lindesnes\/\"},{\"@type\":\"ListItem\",\"position\":3,\"name\":\"Lindesnes H\u00f8yre har hatt sommerfest!\"}]},{\"@type\":\"WebSite\",\"@id\":\"https:\/\/hoyre.no\/lindesnes\/#website\",\"url\":\"https:\/\/hoyre.no\/lindesnes\/\",\"name\":\"Lindesnes H\u00f8yre\",\"description\":\"Bare enda et H\u00f8yres nettsteder-nettsted\",\"inLanguage\":\"nb-NO\"},{\"@type\":\"Person\",\"@id\":\"https:\/\/hoyre.no\/lindesnes\/#\/schema\/person\/c163ff5f76c860a02db911f83831bd69\",\"name\":\"Johannes Str\u00f8mberg\",\"image\":{\"@type\":\"ImageObject\",\"inLanguage\":\"nb-NO\",\"@id\":\"https:\/\/hoyre.no\/lindesnes\/#\/schema\/person\/image\/\",\"url\":\"https:\/\/secure.gravatar.com\/avatar\/69a51525e179c87eaf4c14f9c59455d87efc9f0f7e0fb555882dc63e89aaa9a8?s=96&d=mm&r=g\",\"contentUrl\":\"https:\/\/secure.gravatar.com\/avatar\/69a51525e179c87eaf4c14f9c59455d87efc9f0f7e0fb555882dc63e89aaa9a8?s=96&d=mm&r=g\",\"caption\":\"Johannes Str\u00f8mberg\"},\"url\":\"https:\/\/hoyre.no\/lindesnes\/aktuelt\/author\/m51961407\/\"}]}<\/script>\n<!-- \/ Yoast SEO plugin. -->","yoast_head_json":{"title":"Lindesnes H\u00f8yre har hatt sommerfest! - Lindesnes H\u00f8yre","robots":{"index":"index","follow":"follow","max-snippet":"max-snippet:-1","max-image-preview":"max-image-preview:large","max-video-preview":"max-video-preview:-1"},"canonical":"https:\/\/hoyre.no\/lindesnes\/aktuelt\/lindesnes-hoyre-har-hatt-sommerfest\/","og_locale":"nb_NO","og_type":"article","og_title":"Lindesnes H\u00f8yre har hatt sommerfest! - Lindesnes H\u00f8yre","og_url":"https:\/\/hoyre.no\/lindesnes\/aktuelt\/lindesnes-hoyre-har-hatt-sommerfest\/","og_site_name":"Lindesnes H\u00f8yre","article_published_time":"2023-06-19T18:46:14+00:00","article_modified_time":"2023-06-19T18:46:15+00:00","og_image":[{"url":"https:\/\/hoyre.no\/content\/uploads\/sites\/26\/2023\/07\/Hoyre-mandal-bilder_2-768x1024.jpg","width":"","height":"","type":""}],"author":"Johannes Str\u00f8mberg","twitter_card":"summary_large_image","twitter_misc":{"Skrevet av":"Johannes Str\u00f8mberg","Ansl. lesetid":"2 minutter"},"schema":{"@context":"https:\/\/schema.org","@graph":[{"@type":"NewsArticle","@id":"https:\/\/hoyre.no\/lindesnes\/aktuelt\/lindesnes-hoyre-har-hatt-sommerfest\/","url":"https:\/\/hoyre.no\/lindesnes\/aktuelt\/lindesnes-hoyre-har-hatt-sommerfest\/","name":"Lindesnes H\u00f8yre har hatt sommerfest! - Lindesnes H\u00f8yre","isPartOf":{"@id":"https:\/\/hoyre.no\/lindesnes\/#website"},"image":{"@id":"https:\/\/hoyre.no\/lindesnes\/aktuelt\/lindesnes-hoyre-har-hatt-sommerfest\/#primaryimage"},"thumbnailUrl":"https:\/\/hoyre.no\/content\/uploads\/sites\/26\/2023\/06\/image-768x1024.png","datePublished":"2023-06-19T18:46:14+00:00","dateModified":"2023-06-19T18:46:15+00:00","author":{"@id":"https:\/\/hoyre.no\/lindesnes\/#\/schema\/person\/c163ff5f76c860a02db911f83831bd69"},"breadcrumb":{"@id":"https:\/\/hoyre.no\/lindesnes\/aktuelt\/lindesnes-hoyre-har-hatt-sommerfest\/#breadcrumb"},"inLanguage":"nb-NO","potentialAction":[{"@type":"ReadAction","target":["https:\/\/hoyre.no\/lindesnes\/aktuelt\/lindesnes-hoyre-har-hatt-sommerfest\/"]}]},{"@type":"ImageObject","inLanguage":"nb-NO","@id":"https:\/\/hoyre.no\/lindesnes\/aktuelt\/lindesnes-hoyre-har-hatt-sommerfest\/#primaryimage","url":"https:\/\/hoyre.no\/content\/uploads\/sites\/26\/2023\/06\/image-768x1024.png","contentUrl":"https:\/\/hoyre.no\/content\/uploads\/sites\/26\/2023\/06\/image-768x1024.png"},{"@type":"BreadcrumbList","@id":"https:\/\/hoyre.no\/lindesnes\/aktuelt\/lindesnes-hoyre-har-hatt-sommerfest\/#breadcrumb","itemListElement":[{"@type":"ListItem","position":1,"name":"Til hoyre.no","item":"https:\/\/hoyre.no"},{"@type":"ListItem","position":2,"name":"Hjem","item":"https:\/\/hoyre.no\/lindesnes\/"},{"@type":"ListItem","position":3,"name":"Lindesnes H\u00f8yre har hatt sommerfest!"}]},{"@type":"WebSite","@id":"https:\/\/hoyre.no\/lindesnes\/#website","url":"https:\/\/hoyre.no\/lindesnes\/","name":"Lindesnes H\u00f8yre","description":"Bare enda et H\u00f8yres nettsteder-nettsted","inLanguage":"nb-NO"},{"@type":"Person","@id":"https:\/\/hoyre.no\/lindesnes\/#\/schema\/person\/c163ff5f76c860a02db911f83831bd69","name":"Johannes Str\u00f8mberg","image":{"@type":"ImageObject","inLanguage":"nb-NO","@id":"https:\/\/hoyre.no\/lindesnes\/#\/schema\/person\/image\/","url":"https:\/\/secure.gravatar.com\/avatar\/69a51525e179c87eaf4c14f9c59455d87efc9f0f7e0fb555882dc63e89aaa9a8?s=96&d=mm&r=g","contentUrl":"https:\/\/secure.gravatar.com\/avatar\/69a51525e179c87eaf4c14f9c59455d87efc9f0f7e0fb555882dc63e89aaa9a8?s=96&d=mm&r=g","caption":"Johannes Str\u00f8mberg"},"url":"https:\/\/hoyre.no\/lindesnes\/aktuelt\/author\/m51961407\/"}]}},"distributor_meta":false,"distributor_terms":false,"distributor_media":false,"distributor_original_site_name":"Lindesnes H\u00f8yre","distributor_original_site_url":"https:\/\/hoyre.no\/lindesnes","push-errors":false,"_links":{"self":[{"href":"https:\/\/hoyre.no\/lindesnes\/wp-json\/wp\/v2\/posts\/170","targetHints":{"allow":["GET"]}}],"collection":[{"href":"https:\/\/hoyre.no\/lindesnes\/wp-json\/wp\/v2\/posts"}],"about":[{"href":"https:\/\/hoyre.no\/lindesnes\/wp-json\/wp\/v2\/types\/post"}],"author":[{"embeddable":true,"href":"https:\/\/hoyre.no\/lindesnes\/wp-json\/wp\/v2\/users\/28868"}],"replies":[{"embeddable":true,"href":"https:\/\/hoyre.no\/lindesnes\/wp-json\/wp\/v2\/comments?post=170"}],"version-history":[{"count":1,"href":"https:\/\/hoyre.no\/lindesnes\/wp-json\/wp\/v2\/posts\/170\/revisions"}],"predecessor-version":[{"id":177,"href":"https:\/\/hoyre.no\/lindesnes\/wp-json\/wp\/v2\/posts\/170\/revisions\/177"}],"wp:attachment":[{"href":"https:\/\/hoyre.no\/lindesnes\/wp-json\/wp\/v2\/media?parent=170"}],"wp:term":[{"taxonomy":"category","embeddable":true,"href":"https:\/\/hoyre.no\/lindesnes\/wp-json\/wp\/v2\/category?post=170"},{"taxonomy":"post_tag","embeddable":true,"href":"https:\/\/hoyre.no\/lindesnes\/wp-json\/wp\/v2\/post_tag?post=170"},{"taxonomy":"hoyre-visibility","embeddable":true,"href":"https:\/\/hoyre.no\/lindesnes\/wp-json\/wp\/v2\/hoyre-visibility?post=170"},{"taxonomy":"article-type","embeddable":true,"href":"https:\/\/hoyre.no\/lindesnes\/wp-json\/wp\/v2\/article-type?post=170"},{"taxonomy":"politician","embeddable":true,"href":"https:\/\/hoyre.no\/lindesnes\/wp-json\/wp\/v2\/politician?post=170"}],"curies":[{"name":"wp","href":"https:\/\/api.w.org\/{rel}","templated":true}]}}