{"id":23,"date":"2019-08-11T22:00:00","date_gmt":"2019-08-11T20:00:00","guid":{"rendered":"https:\/\/hoyre.no\/lindesnes\/aktuelt\/bli_bedre_kjent_med_erik_hillesund\/"},"modified":"2019-08-11T22:00:00","modified_gmt":"2019-08-11T20:00:00","slug":"bli_bedre_kjent_med_erik_hillesund","status":"publish","type":"post","link":"https:\/\/hoyre.no\/lindesnes\/aktuelt\/bli_bedre_kjent_med_erik_hillesund\/","title":{"rendered":"Bli bedre kjent med Erik Hillesund"},"content":{"rendered":"<p class=\"preamble\">nn Erik Hillesund er p\u00e5 11. plass p\u00e5 Lindesnes H\u00f8yres liste til kommunevalget i \u00e5r. Han er en familiemann som setter familien sin h\u00f8yt.Han stortrives p\u00e5 hytta iHillesund. Erikliker \u00e5 v\u00e6re engasjert og delta i frivillig arbeid hvorhan kan bruke kompetanse og arbeidskraft og f\u00e5 til utvikling og samtidig f\u00f8lge med og l\u00e6re noe selv. Vi har stilt han noen kjappe sp\u00f8rsm\u00e5l slik at du kan bli bedre kjent med han. nnn n<\/p>\t\t\t<div class=\"post-meta wp-block teft-byline-wrapper\">\n\t\t\t\t<div class=\"top\">\n\t\t\t\t\t<div class=\"signature\">\n\t\t\t\t\t\t<div class=\"teft-byline\">\n\t\t\t\t\t\t\t\t\t\t\t\t\t\t<div>\n\t\t\t\t\t\t\t\t<h3>H\u00f8yres redaksjon<\/h3>\t\t\t\t\t\t\t\t\n\t\t\t\t\t\t\t\t\t\t\t\t\t\t\t\t\t<span class=\"date\">Sist oppdatert: 11. august 2019<\/span>\n\t\t\t\t\t\t\t\t\t\t\t\t\t\t\t\t\t\t\t\t\t\t\t\t\t<span class=\"reading-time\" itemprop=\"timeRequired\" content=\"PT2M\"><em>Ca. 2 minutter lesetid<\/em><\/span>\n\t\t\t\t\t\t\t\t\t\t\t\t\t\t\t<\/div>\n\t\t\t\t\t\t<\/div>\n\t\t\t\t\t<\/div>\n\t\t\t\t\t\t<div class=\"sharing\">\n\t\t<a class=\"share-button share-link copy-link\" data-copy=\"https:\/\/hoyre.no\/lindesnes\/aktuelt\/bli_bedre_kjent_med_erik_hillesund\/\" target=\"_blank\"><span class=\"screen-reader-text\">Del link<\/span><\/a>\n\t\t<a class=\"share-button share-twitter\" href=\"http:\/\/twitter.com\/share?text=Bli bedre kjent med Erik Hillesund&#038;url=https:\/\/hoyre.no\/lindesnes\/aktuelt\/bli_bedre_kjent_med_erik_hillesund\/&#038;hashtags=Hoyre\" target=\"_blank\"><span class=\"screen-reader-text\">Del p\u00e5 twitter<\/span><\/a>\n\t\t<a class=\"share-button share-facebook\" href=\"https:\/\/www.facebook.com\/sharer\/sharer.php?u=https:\/\/hoyre.no\/lindesnes\/aktuelt\/bli_bedre_kjent_med_erik_hillesund\/\" target=\"_blank\"><span class=\"screen-reader-text\">Del p\u00e5 facebook<\/span><\/a>\n\t<\/div>\n\t\t\t\t\t<\/div>\n\t\t\t<\/div>\n\n\t\t\t<figure class=\"hoyre-image-wrapper\"><div class=\"hoyre-image\"><img loading=\"lazy\" decoding=\"async\" width=\"848\" height=\"476\" src=\"https:\/\/hoyre.no\/content\/uploads\/sites\/26\/2020\/11\/erik_h-16-9.jpg\" class=\"attachment-scaled size-scaled\" alt=\"\" style=\"object-position: 50% 50%\" srcset=\"https:\/\/hoyre.no\/content\/uploads\/sites\/26\/2020\/11\/erik_h-16-9.jpg 848w, https:\/\/hoyre.no\/content\/uploads\/sites\/26\/2020\/11\/erik_h-16-9-300x168.jpg 300w, https:\/\/hoyre.no\/content\/uploads\/sites\/26\/2020\/11\/erik_h-16-9-768x431.jpg 768w\" sizes=\"auto, (max-width: 848px) 100vw, 848px\" \/><\/div><\/figure><div id=\"hoyre-old-article-content-wrapper\"><p>nn  <strong>Personalia: <\/strong>F\u00f8dt 29.01.47 i Mandal, gift, ett barn og to barnebarn, bor i Mandal sentrum.<\/p>nn<p><strong>Utdanning<\/strong>: Utdannet som tannlege ved Universitet i Oslo, spesialutdannelse i kjeveortopedi og samfunnsodontologin<\/p>nn<p><strong>Jobberfaring:<\/strong><\/p>nn<p>Tannlege i Luftforsvaret, Distriktstannlege i Marnardal og \u00c5seral Videreutdanning<\/p>nn<p>Fylkestannlege i Finnmark inkl. fylkeshelsesjef i Finnmark 1989-90n<\/p>nn<p>Fylkestannlege i Vest-Agder<\/p>nn<p>Fylkeshelsesjef i Vest-Agder<\/p>nn<p>R\u00e5dmann i Mandal kommune<\/p>nn<p>R\u00e5dgiver i MENKO AS<\/p>nn<p>Prosjektleder i SINPRO (N\u00e6ringsklynge med medlemmer i hovedsak i Lindesnesregionen)<\/p>nn<p>I ulike jobber har jeg deltatt i\/ledet ulike prosjektgrupper, arbeidsgrupper, utredninger p\u00e5<\/p>nn<p>kommunalt, fylkeskommunalt og statlig\/nasjonalt niv\u00e5.<\/p>nn<h1><strong>Hvorfornpolitisk aktiv?<\/strong><\/h1>nn<p>Har alltid v\u00e6rt politisk interessert og samfunnsinteressert. Har som leder i offentlig forvaltning arbeidet i grenselandet mellom administrasjon\/ledelse og politikk. Synes det er spennende ogs\u00e5 \u00e5 v\u00e6re politisk aktiv og bruke kunnskap og erfaring og bidra til bedre tjenester og utvikling av lokalsamfunn og regioner. \u00d8nsker \u00e5 se resultater av det jeg deltar i.<\/p>nn<p><\/p>nn<h1><strong>Hva er dine hjertesaker?<\/strong><\/h1>nn<ul>n  <li>Helse- og sosialpolitikk <\/li>n  <li>Samfunnsutvikling mer generelt<\/li>n  <li>Ledelse, \u00f8konomi, ressursbruk, innovasjon og utvikling<\/li>n<\/ul>nn<p>n  <br \/>n<\/p><\/div>\n<div class=\"tags\">\n\t<\/div>\n<div class=\"post-footer alignfull has-background block-editor-block-list__block\" data-align=full>\n\t<div class=\"post-footer-inner\">\n\t\t<h3>Relaterte artikler<\/h3>\n\t\t<div class=\"related-content\"><div class=\"is-card-hoyre\">\n\t<div class=\"teft-card hoyre-teft-card post-teft-card\">\n\t\t<a href=\"https:\/\/hoyre.no\/lindesnes\/aktuelt\/takk-for-et-flott-arsmote-%f0%9f%92%99\/\" class=\"teft-card__primary-action\">\n\n\t\t\t\t\t<div class=\"teft-card__media teft-card__media--16-9\">\n\t\t\t\t\t\t<img loading=\"lazy\" decoding=\"async\" width=\"768\" height=\"527\" src=\"https:\/\/hoyre.no\/content\/uploads\/sites\/26\/2025\/12\/image-768x527.png\" class=\"attachment-medium_large size-medium_large\" alt=\"\" srcset=\"https:\/\/hoyre.no\/content\/uploads\/sites\/26\/2025\/12\/image-768x527.png 768w, https:\/\/hoyre.no\/content\/uploads\/sites\/26\/2025\/12\/image-300x206.png 300w, https:\/\/hoyre.no\/content\/uploads\/sites\/26\/2025\/12\/image-1024x703.png 1024w, https:\/\/hoyre.no\/content\/uploads\/sites\/26\/2025\/12\/image-1536x1055.png 1536w, https:\/\/hoyre.no\/content\/uploads\/sites\/26\/2025\/12\/image-2048x1406.png 2048w\" sizes=\"auto, (max-width: 768px) 100vw, 768px\" \/>\t\t<\/div>\n\t\t\n\t\t\t<div class=\"teft-card__content-wrapper\">\n\t\t\t\t<div class=\"teft-card__secondary\">\n\t\t\t\t\t\n\t\t\t\t\t\t\t\t<div class=\"teft-card__meta\">\n\t\t\t\t\t\t\t\t\t<span class=\"post-date\">2. des 2025<\/span>\n\n\t\t\t\t\t\t\t\t\t<span class=\"post-category\">Ukategorisert<\/span>\t\t\t\t\t\t\t\t<\/div>\n\t\t\t\t\t\t\t\t\t\t\t<\/div>\n\n\t\t\t\t<div class=\"teft-card__primary\">\n\t\t\t\t\t<h2 class=\"teft-card__title\">Takk for et flott \u00e5rsm\u00f8te! \ud83d\udc99&nbsp;<span class=\"teft-card__primary-title-append\"><\/span><\/h2>\t\t\t\t<\/div>\n\t\t\t<\/div>\n\t\t<\/a>\n\t<\/div>\n\n\t<\/div><div class=\"is-card-hoyre\">\n\t<div class=\"teft-card hoyre-teft-card post-teft-card\">\n\t\t<a href=\"https:\/\/hoyre.no\/lindesnes\/aktuelt\/arsmote-lindesnes-hoyre\/\" class=\"teft-card__primary-action\">\n\n\t\t\t\t\t<div class=\"teft-card__media teft-card__media--16-9\">\n\t\t\t\t\t\t<img loading=\"lazy\" decoding=\"async\" width=\"768\" height=\"529\" src=\"https:\/\/hoyre.no\/content\/uploads\/sites\/26\/2022\/09\/Arsmote-1200x826-1-768x529.jpg\" class=\"attachment-medium_large size-medium_large\" alt=\"\" srcset=\"https:\/\/hoyre.no\/content\/uploads\/sites\/26\/2022\/09\/Arsmote-1200x826-1-768x529.jpg 768w, https:\/\/hoyre.no\/content\/uploads\/sites\/26\/2022\/09\/Arsmote-1200x826-1-300x207.jpg 300w, https:\/\/hoyre.no\/content\/uploads\/sites\/26\/2022\/09\/Arsmote-1200x826-1-1024x705.jpg 1024w, https:\/\/hoyre.no\/content\/uploads\/sites\/26\/2022\/09\/Arsmote-1200x826-1.jpg 1200w\" sizes=\"auto, (max-width: 768px) 100vw, 768px\" \/>\t\t<\/div>\n\t\t\n\t\t\t<div class=\"teft-card__content-wrapper\">\n\t\t\t\t<div class=\"teft-card__secondary\">\n\t\t\t\t\t\n\t\t\t\t\t\t\t\t<div class=\"teft-card__meta\">\n\t\t\t\t\t\t\t\t\t<span class=\"post-date\">23. okt 2024<\/span>\n\n\t\t\t\t\t\t\t\t\t<span class=\"post-category\">Ukategorisert<\/span>\t\t\t\t\t\t\t\t<\/div>\n\t\t\t\t\t\t\t\t\t\t\t<\/div>\n\n\t\t\t\t<div class=\"teft-card__primary\">\n\t\t\t\t\t<h2 class=\"teft-card__title\">\u00c5rsm\u00f8te-Lindesnes H\u00f8yre&nbsp;<span class=\"teft-card__primary-title-append\"><\/span><\/h2>\t\t\t\t<\/div>\n\t\t\t<\/div>\n\t\t<\/a>\n\t<\/div>\n\n\t<\/div><div class=\"is-card-hoyre\">\n\t<div class=\"teft-card hoyre-teft-card post-teft-card\">\n\t\t<a href=\"https:\/\/hoyre.no\/lindesnes\/aktuelt\/onsker-du-a-komme-i-kontakt-med-vare-utvalgsrepresentanter\/\" class=\"teft-card__primary-action\">\n\n\t\t\t\t\t<div class=\"teft-card__media teft-card__media--16-9\">\n\t\t\t\t\t\t<img loading=\"lazy\" decoding=\"async\" width=\"768\" height=\"1024\" src=\"https:\/\/hoyre.no\/content\/uploads\/sites\/26\/2023\/07\/Hoyre-mandal-bilder_2-768x1024.jpg\" class=\"attachment-medium_large size-medium_large\" alt=\"\" srcset=\"https:\/\/hoyre.no\/content\/uploads\/sites\/26\/2023\/07\/Hoyre-mandal-bilder_2-768x1024.jpg 768w, https:\/\/hoyre.no\/content\/uploads\/sites\/26\/2023\/07\/Hoyre-mandal-bilder_2-225x300.jpg 225w, https:\/\/hoyre.no\/content\/uploads\/sites\/26\/2023\/07\/Hoyre-mandal-bilder_2-1152x1536.jpg 1152w, https:\/\/hoyre.no\/content\/uploads\/sites\/26\/2023\/07\/Hoyre-mandal-bilder_2-1536x2048.jpg 1536w, https:\/\/hoyre.no\/content\/uploads\/sites\/26\/2023\/07\/Hoyre-mandal-bilder_2-scaled.jpg 1875w\" sizes=\"auto, (max-width: 768px) 100vw, 768px\" \/>\t\t<\/div>\n\t\t\n\t\t\t<div class=\"teft-card__content-wrapper\">\n\t\t\t\t<div class=\"teft-card__secondary\">\n\t\t\t\t\t\n\t\t\t\t\t\t\t\t<div class=\"teft-card__meta\">\n\t\t\t\t\t\t\t\t\t<span class=\"post-date\">22. feb 2024<\/span>\n\n\t\t\t\t\t\t\t\t\t<span class=\"post-category\">Ukategorisert<\/span>\t\t\t\t\t\t\t\t<\/div>\n\t\t\t\t\t\t\t\t\t\t\t<\/div>\n\n\t\t\t\t<div class=\"teft-card__primary\">\n\t\t\t\t\t<h2 class=\"teft-card__title\">\u00d8nsker du \u00e5 komme i kontakt med v\u00e5re utvalgsrepresentanter?&nbsp;<span class=\"teft-card__primary-title-append\"><\/span><\/h2>\t\t\t\t<\/div>\n\t\t\t<\/div>\n\t\t<\/a>\n\t<\/div>\n\n\t<\/div><\/div>\t<\/div>\n<\/div>\n","protected":false},"excerpt":{"rendered":"","protected":false},"author":0,"featured_media":0,"comment_status":"open","ping_status":"open","sticky":false,"template":"","format":"standard","meta":{"teft_cards_image_url":"https:\/\/hoyre.no\/content\/uploads\/sites\/26\/2020\/11\/erik_h-16-9.jpg","teft_cards_custom_pretitle":"","teft_cards_image_id":22,"teft_cards_image_focal_point_x":0,"teft_cards_image_focal_point_y":0,"teft_cards_title":"","teft_cards_excerpt":"","teft_show_chapters":false,"author_display_name":"Lene R\u00f8mteland H\u00e6gbostad","footnotes":""},"category":[1],"post_tag":[],"hoyre-visibility":[],"article-type":[],"politician":[],"class_list":["post-23","post","type-post","status-publish","format-standard","hentry","category-ukategorisert"],"yoast_head":"<!-- This site is optimized with the Yoast SEO plugin v26.6 - https:\/\/yoast.com\/wordpress\/plugins\/seo\/ -->\n<title>Bli bedre kjent med Erik Hillesund - Lindesnes H\u00f8yre<\/title>\n<meta name=\"robots\" content=\"index, follow, max-snippet:-1, max-image-preview:large, max-video-preview:-1\" \/>\n<link rel=\"canonical\" href=\"https:\/\/hoyre.no\/lindesnes\/aktuelt\/bli_bedre_kjent_med_erik_hillesund\/\" \/>\n<meta property=\"og:locale\" content=\"nb_NO\" \/>\n<meta property=\"og:type\" content=\"article\" \/>\n<meta property=\"og:title\" content=\"Bli bedre kjent med Erik Hillesund - Lindesnes H\u00f8yre\" \/>\n<meta property=\"og:url\" content=\"https:\/\/hoyre.no\/lindesnes\/aktuelt\/bli_bedre_kjent_med_erik_hillesund\/\" \/>\n<meta property=\"og:site_name\" content=\"Lindesnes H\u00f8yre\" \/>\n<meta property=\"article:published_time\" content=\"2019-08-11T20:00:00+00:00\" \/>\n<meta property=\"og:image\" content=\"https:\/\/hoyre.no\/content\/uploads\/sites\/26\/2023\/07\/Hoyre-mandal-bilder_2-768x1024.jpg\" \/>\n<meta name=\"twitter:card\" content=\"summary_large_image\" \/>\n<meta name=\"twitter:label1\" content=\"Ansl. lesetid\" \/>\n\t<meta name=\"twitter:data1\" content=\"1 minutt\" \/>\n<script type=\"application\/ld+json\" class=\"yoast-schema-graph\">{\"@context\":\"https:\/\/schema.org\",\"@graph\":[{\"@type\":\"NewsArticle\",\"@id\":\"https:\/\/hoyre.no\/lindesnes\/aktuelt\/bli_bedre_kjent_med_erik_hillesund\/\",\"url\":\"https:\/\/hoyre.no\/lindesnes\/aktuelt\/bli_bedre_kjent_med_erik_hillesund\/\",\"name\":\"Bli bedre kjent med Erik Hillesund - Lindesnes H\u00f8yre\",\"isPartOf\":{\"@id\":\"https:\/\/hoyre.no\/lindesnes\/#website\"},\"datePublished\":\"2019-08-11T20:00:00+00:00\",\"author\":{\"@id\":\"\"},\"breadcrumb\":{\"@id\":\"https:\/\/hoyre.no\/lindesnes\/aktuelt\/bli_bedre_kjent_med_erik_hillesund\/#breadcrumb\"},\"inLanguage\":\"nb-NO\",\"potentialAction\":[{\"@type\":\"ReadAction\",\"target\":[\"https:\/\/hoyre.no\/lindesnes\/aktuelt\/bli_bedre_kjent_med_erik_hillesund\/\"]}]},{\"@type\":\"BreadcrumbList\",\"@id\":\"https:\/\/hoyre.no\/lindesnes\/aktuelt\/bli_bedre_kjent_med_erik_hillesund\/#breadcrumb\",\"itemListElement\":[{\"@type\":\"ListItem\",\"position\":1,\"name\":\"Til hoyre.no\",\"item\":\"https:\/\/hoyre.no\"},{\"@type\":\"ListItem\",\"position\":2,\"name\":\"Hjem\",\"item\":\"https:\/\/hoyre.no\/lindesnes\/\"},{\"@type\":\"ListItem\",\"position\":3,\"name\":\"Bli bedre kjent med Erik Hillesund\"}]},{\"@type\":\"WebSite\",\"@id\":\"https:\/\/hoyre.no\/lindesnes\/#website\",\"url\":\"https:\/\/hoyre.no\/lindesnes\/\",\"name\":\"Lindesnes H\u00f8yre\",\"description\":\"Bare enda et H\u00f8yres nettsteder-nettsted\",\"inLanguage\":\"nb-NO\"}]}<\/script>\n<!-- \/ Yoast SEO plugin. -->","yoast_head_json":{"title":"Bli bedre kjent med Erik Hillesund - Lindesnes H\u00f8yre","robots":{"index":"index","follow":"follow","max-snippet":"max-snippet:-1","max-image-preview":"max-image-preview:large","max-video-preview":"max-video-preview:-1"},"canonical":"https:\/\/hoyre.no\/lindesnes\/aktuelt\/bli_bedre_kjent_med_erik_hillesund\/","og_locale":"nb_NO","og_type":"article","og_title":"Bli bedre kjent med Erik Hillesund - Lindesnes H\u00f8yre","og_url":"https:\/\/hoyre.no\/lindesnes\/aktuelt\/bli_bedre_kjent_med_erik_hillesund\/","og_site_name":"Lindesnes H\u00f8yre","article_published_time":"2019-08-11T20:00:00+00:00","og_image":[{"url":"https:\/\/hoyre.no\/content\/uploads\/sites\/26\/2023\/07\/Hoyre-mandal-bilder_2-768x1024.jpg","width":"","height":"","type":""}],"twitter_card":"summary_large_image","twitter_misc":{"Ansl. lesetid":"1 minutt"},"schema":{"@context":"https:\/\/schema.org","@graph":[{"@type":"NewsArticle","@id":"https:\/\/hoyre.no\/lindesnes\/aktuelt\/bli_bedre_kjent_med_erik_hillesund\/","url":"https:\/\/hoyre.no\/lindesnes\/aktuelt\/bli_bedre_kjent_med_erik_hillesund\/","name":"Bli bedre kjent med Erik Hillesund - Lindesnes H\u00f8yre","isPartOf":{"@id":"https:\/\/hoyre.no\/lindesnes\/#website"},"datePublished":"2019-08-11T20:00:00+00:00","author":{"@id":""},"breadcrumb":{"@id":"https:\/\/hoyre.no\/lindesnes\/aktuelt\/bli_bedre_kjent_med_erik_hillesund\/#breadcrumb"},"inLanguage":"nb-NO","potentialAction":[{"@type":"ReadAction","target":["https:\/\/hoyre.no\/lindesnes\/aktuelt\/bli_bedre_kjent_med_erik_hillesund\/"]}]},{"@type":"BreadcrumbList","@id":"https:\/\/hoyre.no\/lindesnes\/aktuelt\/bli_bedre_kjent_med_erik_hillesund\/#breadcrumb","itemListElement":[{"@type":"ListItem","position":1,"name":"Til hoyre.no","item":"https:\/\/hoyre.no"},{"@type":"ListItem","position":2,"name":"Hjem","item":"https:\/\/hoyre.no\/lindesnes\/"},{"@type":"ListItem","position":3,"name":"Bli bedre kjent med Erik Hillesund"}]},{"@type":"WebSite","@id":"https:\/\/hoyre.no\/lindesnes\/#website","url":"https:\/\/hoyre.no\/lindesnes\/","name":"Lindesnes H\u00f8yre","description":"Bare enda et H\u00f8yres nettsteder-nettsted","inLanguage":"nb-NO"}]}},"distributor_meta":false,"distributor_terms":false,"distributor_media":false,"distributor_original_site_name":"Lindesnes H\u00f8yre","distributor_original_site_url":"https:\/\/hoyre.no\/lindesnes","push-errors":false,"_links":{"self":[{"href":"https:\/\/hoyre.no\/lindesnes\/wp-json\/wp\/v2\/posts\/23","targetHints":{"allow":["GET"]}}],"collection":[{"href":"https:\/\/hoyre.no\/lindesnes\/wp-json\/wp\/v2\/posts"}],"about":[{"href":"https:\/\/hoyre.no\/lindesnes\/wp-json\/wp\/v2\/types\/post"}],"replies":[{"embeddable":true,"href":"https:\/\/hoyre.no\/lindesnes\/wp-json\/wp\/v2\/comments?post=23"}],"version-history":[{"count":0,"href":"https:\/\/hoyre.no\/lindesnes\/wp-json\/wp\/v2\/posts\/23\/revisions"}],"wp:attachment":[{"href":"https:\/\/hoyre.no\/lindesnes\/wp-json\/wp\/v2\/media?parent=23"}],"wp:term":[{"taxonomy":"category","embeddable":true,"href":"https:\/\/hoyre.no\/lindesnes\/wp-json\/wp\/v2\/category?post=23"},{"taxonomy":"post_tag","embeddable":true,"href":"https:\/\/hoyre.no\/lindesnes\/wp-json\/wp\/v2\/post_tag?post=23"},{"taxonomy":"hoyre-visibility","embeddable":true,"href":"https:\/\/hoyre.no\/lindesnes\/wp-json\/wp\/v2\/hoyre-visibility?post=23"},{"taxonomy":"article-type","embeddable":true,"href":"https:\/\/hoyre.no\/lindesnes\/wp-json\/wp\/v2\/article-type?post=23"},{"taxonomy":"politician","embeddable":true,"href":"https:\/\/hoyre.no\/lindesnes\/wp-json\/wp\/v2\/politician?post=23"}],"curies":[{"name":"wp","href":"https:\/\/api.w.org\/{rel}","templated":true}]}}