{"id":233,"date":"2024-10-23T13:55:54","date_gmt":"2024-10-23T11:55:54","guid":{"rendered":"https:\/\/hoyre.no\/lindesnes\/?p=233"},"modified":"2024-10-23T13:55:54","modified_gmt":"2024-10-23T11:55:54","slug":"arsmote-lindesnes-hoyre","status":"publish","type":"post","link":"https:\/\/hoyre.no\/lindesnes\/aktuelt\/arsmote-lindesnes-hoyre\/","title":{"rendered":"\u00c5rsm\u00f8te-Lindesnes H\u00f8yre"},"content":{"rendered":"\n<figure class=\"wp-block-image size-large\"><img loading=\"lazy\" decoding=\"async\" width=\"1024\" height=\"576\" src=\"https:\/\/hoyre.no\/content\/uploads\/sites\/26\/2024\/10\/image-1024x576.png\" alt=\"\" class=\"wp-image-236\" srcset=\"https:\/\/hoyre.no\/content\/uploads\/sites\/26\/2024\/10\/image-1024x576.png 1024w, https:\/\/hoyre.no\/content\/uploads\/sites\/26\/2024\/10\/image-300x169.png 300w, https:\/\/hoyre.no\/content\/uploads\/sites\/26\/2024\/10\/image-768x432.png 768w, https:\/\/hoyre.no\/content\/uploads\/sites\/26\/2024\/10\/image-1536x864.png 1536w, https:\/\/hoyre.no\/content\/uploads\/sites\/26\/2024\/10\/image.png 1920w\" sizes=\"auto, (max-width: 1024px) 100vw, 1024px\" \/><\/figure>\n\n\n\n<p>Foto:(H\u00f8yre)<\/p>\n\n\n\n<p>\u00c5rsm\u00f8te for lokalforening blir avholdt onsdag 20.11.24 kl. 19:00<br><br>Sted: Lindesnesg\u00e5rden 2. etg.<br><br>Saker som \u00f8nskes behandlet m\u00e5 v\u00e6re innsendt til Styret senest 05.11.<br>Innkalling kommer p\u00e5 mail til alle betalende medlemmer av lokalforeningen.<br><\/p>\n","protected":false},"excerpt":{"rendered":"<p>Foto:(H\u00f8yre) \u00c5rsm\u00f8te for lokalforening blir avholdt onsdag 20.11.24 kl. 19:00 Sted: Lindesnesg\u00e5rden 2. etg. Saker som \u00f8nskes behandlet m\u00e5 v\u00e6re innsendt til Styret senest 05.11.Innkalling kommer p\u00e5 mail til alle betalende medlemmer av lokalforeningen.<\/p>\n","protected":false},"author":28868,"featured_media":0,"comment_status":"closed","ping_status":"closed","sticky":false,"template":"","format":"standard","meta":{"teft_cards_image_url":"","teft_cards_custom_pretitle":"","teft_cards_image_id":104,"teft_cards_image_focal_point_x":0.5,"teft_cards_image_focal_point_y":0.5,"teft_cards_title":"\u00c5rsm\u00f8te-Lindesnes H\u00f8yre","teft_cards_excerpt":"","teft_show_chapters":false,"author_display_name":"Brede Pedersen","footnotes":""},"category":[1],"post_tag":[],"hoyre-visibility":[],"article-type":[],"politician":[],"class_list":["post-233","post","type-post","status-publish","format-standard","hentry","category-ukategorisert"],"yoast_head":"<!-- This site is optimized with the Yoast SEO plugin v26.6 - https:\/\/yoast.com\/wordpress\/plugins\/seo\/ -->\n<title>\u00c5rsm\u00f8te-Lindesnes H\u00f8yre - Lindesnes H\u00f8yre<\/title>\n<meta name=\"robots\" content=\"index, follow, max-snippet:-1, max-image-preview:large, max-video-preview:-1\" \/>\n<link rel=\"canonical\" href=\"https:\/\/hoyre.no\/lindesnes\/aktuelt\/arsmote-lindesnes-hoyre\/\" \/>\n<meta property=\"og:locale\" content=\"nb_NO\" \/>\n<meta property=\"og:type\" content=\"article\" \/>\n<meta property=\"og:title\" content=\"\u00c5rsm\u00f8te-Lindesnes H\u00f8yre - Lindesnes H\u00f8yre\" \/>\n<meta property=\"og:description\" content=\"Foto:(H\u00f8yre) \u00c5rsm\u00f8te for lokalforening blir avholdt onsdag 20.11.24 kl. 19:00 Sted: Lindesnesg\u00e5rden 2. etg. Saker som \u00f8nskes behandlet m\u00e5 v\u00e6re innsendt til Styret senest 05.11.Innkalling kommer p\u00e5 mail til alle betalende medlemmer av lokalforeningen.\" \/>\n<meta property=\"og:url\" content=\"https:\/\/hoyre.no\/lindesnes\/aktuelt\/arsmote-lindesnes-hoyre\/\" \/>\n<meta property=\"og:site_name\" content=\"Lindesnes H\u00f8yre\" \/>\n<meta property=\"article:published_time\" content=\"2024-10-23T11:55:54+00:00\" \/>\n<meta property=\"og:image\" content=\"https:\/\/hoyre.no\/content\/uploads\/sites\/26\/2022\/09\/Arsmote-1200x826-1-1024x705.jpg\" \/>\n<meta name=\"author\" content=\"Johannes Str\u00f8mberg\" \/>\n<meta name=\"twitter:card\" content=\"summary_large_image\" \/>\n<meta name=\"twitter:label1\" content=\"Skrevet av\" \/>\n\t<meta name=\"twitter:data1\" content=\"Johannes Str\u00f8mberg\" \/>\n\t<meta name=\"twitter:label2\" content=\"Ansl. lesetid\" \/>\n\t<meta name=\"twitter:data2\" content=\"1 minutt\" \/>\n<script type=\"application\/ld+json\" class=\"yoast-schema-graph\">{\"@context\":\"https:\/\/schema.org\",\"@graph\":[{\"@type\":\"NewsArticle\",\"@id\":\"https:\/\/hoyre.no\/lindesnes\/aktuelt\/arsmote-lindesnes-hoyre\/\",\"url\":\"https:\/\/hoyre.no\/lindesnes\/aktuelt\/arsmote-lindesnes-hoyre\/\",\"name\":\"\u00c5rsm\u00f8te-Lindesnes H\u00f8yre - Lindesnes H\u00f8yre\",\"isPartOf\":{\"@id\":\"https:\/\/hoyre.no\/lindesnes\/#website\"},\"image\":{\"@id\":\"https:\/\/hoyre.no\/lindesnes\/aktuelt\/arsmote-lindesnes-hoyre\/#primaryimage\"},\"thumbnailUrl\":\"https:\/\/hoyre.no\/content\/uploads\/sites\/26\/2024\/10\/image-1024x576.png\",\"datePublished\":\"2024-10-23T11:55:54+00:00\",\"author\":{\"@id\":\"https:\/\/hoyre.no\/lindesnes\/#\/schema\/person\/c163ff5f76c860a02db911f83831bd69\"},\"breadcrumb\":{\"@id\":\"https:\/\/hoyre.no\/lindesnes\/aktuelt\/arsmote-lindesnes-hoyre\/#breadcrumb\"},\"inLanguage\":\"nb-NO\",\"potentialAction\":[{\"@type\":\"ReadAction\",\"target\":[\"https:\/\/hoyre.no\/lindesnes\/aktuelt\/arsmote-lindesnes-hoyre\/\"]}]},{\"@type\":\"ImageObject\",\"inLanguage\":\"nb-NO\",\"@id\":\"https:\/\/hoyre.no\/lindesnes\/aktuelt\/arsmote-lindesnes-hoyre\/#primaryimage\",\"url\":\"https:\/\/hoyre.no\/content\/uploads\/sites\/26\/2024\/10\/image-1024x576.png\",\"contentUrl\":\"https:\/\/hoyre.no\/content\/uploads\/sites\/26\/2024\/10\/image-1024x576.png\"},{\"@type\":\"BreadcrumbList\",\"@id\":\"https:\/\/hoyre.no\/lindesnes\/aktuelt\/arsmote-lindesnes-hoyre\/#breadcrumb\",\"itemListElement\":[{\"@type\":\"ListItem\",\"position\":1,\"name\":\"Til hoyre.no\",\"item\":\"https:\/\/hoyre.no\"},{\"@type\":\"ListItem\",\"position\":2,\"name\":\"Hjem\",\"item\":\"https:\/\/hoyre.no\/lindesnes\/\"},{\"@type\":\"ListItem\",\"position\":3,\"name\":\"\u00c5rsm\u00f8te-Lindesnes H\u00f8yre\"}]},{\"@type\":\"WebSite\",\"@id\":\"https:\/\/hoyre.no\/lindesnes\/#website\",\"url\":\"https:\/\/hoyre.no\/lindesnes\/\",\"name\":\"Lindesnes H\u00f8yre\",\"description\":\"Bare enda et H\u00f8yres nettsteder-nettsted\",\"inLanguage\":\"nb-NO\"},{\"@type\":\"Person\",\"@id\":\"https:\/\/hoyre.no\/lindesnes\/#\/schema\/person\/c163ff5f76c860a02db911f83831bd69\",\"name\":\"Johannes Str\u00f8mberg\",\"image\":{\"@type\":\"ImageObject\",\"inLanguage\":\"nb-NO\",\"@id\":\"https:\/\/hoyre.no\/lindesnes\/#\/schema\/person\/image\/\",\"url\":\"https:\/\/secure.gravatar.com\/avatar\/69a51525e179c87eaf4c14f9c59455d87efc9f0f7e0fb555882dc63e89aaa9a8?s=96&d=mm&r=g\",\"contentUrl\":\"https:\/\/secure.gravatar.com\/avatar\/69a51525e179c87eaf4c14f9c59455d87efc9f0f7e0fb555882dc63e89aaa9a8?s=96&d=mm&r=g\",\"caption\":\"Johannes Str\u00f8mberg\"},\"url\":\"https:\/\/hoyre.no\/lindesnes\/aktuelt\/author\/m51961407\/\"}]}<\/script>\n<!-- \/ Yoast SEO plugin. -->","yoast_head_json":{"title":"\u00c5rsm\u00f8te-Lindesnes H\u00f8yre - Lindesnes H\u00f8yre","robots":{"index":"index","follow":"follow","max-snippet":"max-snippet:-1","max-image-preview":"max-image-preview:large","max-video-preview":"max-video-preview:-1"},"canonical":"https:\/\/hoyre.no\/lindesnes\/aktuelt\/arsmote-lindesnes-hoyre\/","og_locale":"nb_NO","og_type":"article","og_title":"\u00c5rsm\u00f8te-Lindesnes H\u00f8yre - Lindesnes H\u00f8yre","og_description":"Foto:(H\u00f8yre) \u00c5rsm\u00f8te for lokalforening blir avholdt onsdag 20.11.24 kl. 19:00 Sted: Lindesnesg\u00e5rden 2. etg. Saker som \u00f8nskes behandlet m\u00e5 v\u00e6re innsendt til Styret senest 05.11.Innkalling kommer p\u00e5 mail til alle betalende medlemmer av lokalforeningen.","og_url":"https:\/\/hoyre.no\/lindesnes\/aktuelt\/arsmote-lindesnes-hoyre\/","og_site_name":"Lindesnes H\u00f8yre","article_published_time":"2024-10-23T11:55:54+00:00","og_image":[{"url":"https:\/\/hoyre.no\/content\/uploads\/sites\/26\/2022\/09\/Arsmote-1200x826-1-1024x705.jpg","width":"","height":"","type":""}],"author":"Johannes Str\u00f8mberg","twitter_card":"summary_large_image","twitter_misc":{"Skrevet av":"Johannes Str\u00f8mberg","Ansl. lesetid":"1 minutt"},"schema":{"@context":"https:\/\/schema.org","@graph":[{"@type":"NewsArticle","@id":"https:\/\/hoyre.no\/lindesnes\/aktuelt\/arsmote-lindesnes-hoyre\/","url":"https:\/\/hoyre.no\/lindesnes\/aktuelt\/arsmote-lindesnes-hoyre\/","name":"\u00c5rsm\u00f8te-Lindesnes H\u00f8yre - Lindesnes H\u00f8yre","isPartOf":{"@id":"https:\/\/hoyre.no\/lindesnes\/#website"},"image":{"@id":"https:\/\/hoyre.no\/lindesnes\/aktuelt\/arsmote-lindesnes-hoyre\/#primaryimage"},"thumbnailUrl":"https:\/\/hoyre.no\/content\/uploads\/sites\/26\/2024\/10\/image-1024x576.png","datePublished":"2024-10-23T11:55:54+00:00","author":{"@id":"https:\/\/hoyre.no\/lindesnes\/#\/schema\/person\/c163ff5f76c860a02db911f83831bd69"},"breadcrumb":{"@id":"https:\/\/hoyre.no\/lindesnes\/aktuelt\/arsmote-lindesnes-hoyre\/#breadcrumb"},"inLanguage":"nb-NO","potentialAction":[{"@type":"ReadAction","target":["https:\/\/hoyre.no\/lindesnes\/aktuelt\/arsmote-lindesnes-hoyre\/"]}]},{"@type":"ImageObject","inLanguage":"nb-NO","@id":"https:\/\/hoyre.no\/lindesnes\/aktuelt\/arsmote-lindesnes-hoyre\/#primaryimage","url":"https:\/\/hoyre.no\/content\/uploads\/sites\/26\/2024\/10\/image-1024x576.png","contentUrl":"https:\/\/hoyre.no\/content\/uploads\/sites\/26\/2024\/10\/image-1024x576.png"},{"@type":"BreadcrumbList","@id":"https:\/\/hoyre.no\/lindesnes\/aktuelt\/arsmote-lindesnes-hoyre\/#breadcrumb","itemListElement":[{"@type":"ListItem","position":1,"name":"Til hoyre.no","item":"https:\/\/hoyre.no"},{"@type":"ListItem","position":2,"name":"Hjem","item":"https:\/\/hoyre.no\/lindesnes\/"},{"@type":"ListItem","position":3,"name":"\u00c5rsm\u00f8te-Lindesnes H\u00f8yre"}]},{"@type":"WebSite","@id":"https:\/\/hoyre.no\/lindesnes\/#website","url":"https:\/\/hoyre.no\/lindesnes\/","name":"Lindesnes H\u00f8yre","description":"Bare enda et H\u00f8yres nettsteder-nettsted","inLanguage":"nb-NO"},{"@type":"Person","@id":"https:\/\/hoyre.no\/lindesnes\/#\/schema\/person\/c163ff5f76c860a02db911f83831bd69","name":"Johannes Str\u00f8mberg","image":{"@type":"ImageObject","inLanguage":"nb-NO","@id":"https:\/\/hoyre.no\/lindesnes\/#\/schema\/person\/image\/","url":"https:\/\/secure.gravatar.com\/avatar\/69a51525e179c87eaf4c14f9c59455d87efc9f0f7e0fb555882dc63e89aaa9a8?s=96&d=mm&r=g","contentUrl":"https:\/\/secure.gravatar.com\/avatar\/69a51525e179c87eaf4c14f9c59455d87efc9f0f7e0fb555882dc63e89aaa9a8?s=96&d=mm&r=g","caption":"Johannes Str\u00f8mberg"},"url":"https:\/\/hoyre.no\/lindesnes\/aktuelt\/author\/m51961407\/"}]}},"distributor_meta":false,"distributor_terms":false,"distributor_media":false,"distributor_original_site_name":"Lindesnes H\u00f8yre","distributor_original_site_url":"https:\/\/hoyre.no\/lindesnes","push-errors":false,"_links":{"self":[{"href":"https:\/\/hoyre.no\/lindesnes\/wp-json\/wp\/v2\/posts\/233","targetHints":{"allow":["GET"]}}],"collection":[{"href":"https:\/\/hoyre.no\/lindesnes\/wp-json\/wp\/v2\/posts"}],"about":[{"href":"https:\/\/hoyre.no\/lindesnes\/wp-json\/wp\/v2\/types\/post"}],"author":[{"embeddable":true,"href":"https:\/\/hoyre.no\/lindesnes\/wp-json\/wp\/v2\/users\/28868"}],"replies":[{"embeddable":true,"href":"https:\/\/hoyre.no\/lindesnes\/wp-json\/wp\/v2\/comments?post=233"}],"version-history":[{"count":2,"href":"https:\/\/hoyre.no\/lindesnes\/wp-json\/wp\/v2\/posts\/233\/revisions"}],"predecessor-version":[{"id":237,"href":"https:\/\/hoyre.no\/lindesnes\/wp-json\/wp\/v2\/posts\/233\/revisions\/237"}],"wp:attachment":[{"href":"https:\/\/hoyre.no\/lindesnes\/wp-json\/wp\/v2\/media?parent=233"}],"wp:term":[{"taxonomy":"category","embeddable":true,"href":"https:\/\/hoyre.no\/lindesnes\/wp-json\/wp\/v2\/category?post=233"},{"taxonomy":"post_tag","embeddable":true,"href":"https:\/\/hoyre.no\/lindesnes\/wp-json\/wp\/v2\/post_tag?post=233"},{"taxonomy":"hoyre-visibility","embeddable":true,"href":"https:\/\/hoyre.no\/lindesnes\/wp-json\/wp\/v2\/hoyre-visibility?post=233"},{"taxonomy":"article-type","embeddable":true,"href":"https:\/\/hoyre.no\/lindesnes\/wp-json\/wp\/v2\/article-type?post=233"},{"taxonomy":"politician","embeddable":true,"href":"https:\/\/hoyre.no\/lindesnes\/wp-json\/wp\/v2\/politician?post=233"}],"curies":[{"name":"wp","href":"https:\/\/api.w.org\/{rel}","templated":true}]}}