{"id":247,"date":"2025-12-02T12:01:54","date_gmt":"2025-12-02T11:01:54","guid":{"rendered":"https:\/\/hoyre.no\/lindesnes\/?p=247"},"modified":"2025-12-02T12:03:45","modified_gmt":"2025-12-02T11:03:45","slug":"takk-for-et-flott-arsmote-%f0%9f%92%99","status":"publish","type":"post","link":"https:\/\/hoyre.no\/lindesnes\/aktuelt\/takk-for-et-flott-arsmote-%f0%9f%92%99\/","title":{"rendered":"Takk for et flott \u00e5rsm\u00f8te! \ud83d\udc99"},"content":{"rendered":"\n<figure class=\"wp-block-image size-large\"><img loading=\"lazy\" decoding=\"async\" width=\"1024\" height=\"703\" src=\"https:\/\/hoyre.no\/content\/uploads\/sites\/26\/2025\/12\/image-1024x703.png\" alt=\"\" class=\"wp-image-250\" srcset=\"https:\/\/hoyre.no\/content\/uploads\/sites\/26\/2025\/12\/image-1024x703.png 1024w, https:\/\/hoyre.no\/content\/uploads\/sites\/26\/2025\/12\/image-300x206.png 300w, https:\/\/hoyre.no\/content\/uploads\/sites\/26\/2025\/12\/image-768x527.png 768w, https:\/\/hoyre.no\/content\/uploads\/sites\/26\/2025\/12\/image-1536x1055.png 1536w, https:\/\/hoyre.no\/content\/uploads\/sites\/26\/2025\/12\/image-2048x1406.png 2048w\" sizes=\"auto, (max-width: 1024px) 100vw, 1024px\" \/><\/figure>\n\n\n\n<p>Illustrasjonsfoto<\/p>\n\n\n\n<p>Takk for et flott \u00e5rsm\u00f8te! \ud83d\udc99<br><br>Lindesnes H\u00f8yre vil takke alle som m\u00f8tte opp p\u00e5 \u00e5rsm\u00f8tet v\u00e5rt [dato]. Det ble en veldig hyggelig kveld med gode samtaler, politisk engasjement og fine blikk p\u00e5 \u00e5ret som har g\u00e5tt \u2014 og \u00e5ret vi har foran oss.<br><br>Vi fikk valgt nytt styre, g\u00e5tt gjennom det viktigste fra 2025 og lagt planer for hvordan vi sammen kan jobbe for en enda bedre kommune. Tusen takk til b\u00e5de nye og erfarne medlemmer for innsatsen, engasjementet og gode bidrag!<br><br>Vi gleder oss til \u00e5 fortsette arbeidet \u2014 og h\u00e5per \u00e5 se enda flere av dere p\u00e5 kommende aktiviteter og m\u00f8ter. Ta gjerne kontakt om du vil engasjere deg, har sp\u00f8rsm\u00e5l eller bare vil sl\u00e5 av en prat om lokalpolitikk \u263a\ufe0f<\/p>\n\n\n\n<p>\ud83d\udcc4 Protokollen fra \u00e5rsm\u00f8tet finner du her: <\/p>\n\n\n\n<div class=\"wp-block-teft-file icon-link-block\"><a href=\"https:\/\/hoyre.no\/content\/uploads\/sites\/26\/2025\/12\/0170_001.pdf\" download><span class=\"file-title\">0170_001<\/span><span class=\"file-name\"><\/span><\/a><\/div>\n","protected":false},"excerpt":{"rendered":"<p>Illustrasjonsfoto Takk for et flott \u00e5rsm\u00f8te! \ud83d\udc99 Lindesnes H\u00f8yre vil takke alle som m\u00f8tte opp p\u00e5 \u00e5rsm\u00f8tet v\u00e5rt [dato]. Det ble en veldig hyggelig kveld med gode samtaler, politisk engasjement og fine blikk p\u00e5 \u00e5ret som har g\u00e5tt \u2014 og \u00e5ret vi har foran oss. Vi fikk valgt nytt styre, g\u00e5tt gjennom det viktigste fra [&hellip;]<\/p>\n","protected":false},"author":28868,"featured_media":0,"comment_status":"closed","ping_status":"closed","sticky":false,"template":"","format":"standard","meta":{"teft_cards_image_url":"","teft_cards_custom_pretitle":"","teft_cards_image_id":250,"teft_cards_image_focal_point_x":0.5,"teft_cards_image_focal_point_y":0.5,"teft_cards_title":"Takk for et flott \u00e5rsm\u00f8te! \ud83d\udc99","teft_cards_excerpt":"","teft_show_chapters":false,"author_display_name":"","footnotes":""},"category":[1],"post_tag":[],"hoyre-visibility":[],"article-type":[],"politician":[],"class_list":["post-247","post","type-post","status-publish","format-standard","hentry","category-ukategorisert"],"yoast_head":"<!-- This site is optimized with the Yoast SEO plugin v26.6 - https:\/\/yoast.com\/wordpress\/plugins\/seo\/ -->\n<title>Takk for et flott \u00e5rsm\u00f8te! \ud83d\udc99 - Lindesnes H\u00f8yre<\/title>\n<meta name=\"robots\" content=\"index, follow, max-snippet:-1, max-image-preview:large, max-video-preview:-1\" \/>\n<link rel=\"canonical\" href=\"https:\/\/hoyre.no\/lindesnes\/aktuelt\/takk-for-et-flott-arsmote-\ud83d\udc99\/\" \/>\n<meta property=\"og:locale\" content=\"nb_NO\" \/>\n<meta property=\"og:type\" content=\"article\" \/>\n<meta property=\"og:title\" content=\"Takk for et flott \u00e5rsm\u00f8te! \ud83d\udc99 - Lindesnes H\u00f8yre\" \/>\n<meta property=\"og:description\" content=\"Illustrasjonsfoto Takk for et flott \u00e5rsm\u00f8te! \ud83d\udc99 Lindesnes H\u00f8yre vil takke alle som m\u00f8tte opp p\u00e5 \u00e5rsm\u00f8tet v\u00e5rt [dato]. Det ble en veldig hyggelig kveld med gode samtaler, politisk engasjement og fine blikk p\u00e5 \u00e5ret som har g\u00e5tt \u2014 og \u00e5ret vi har foran oss. Vi fikk valgt nytt styre, g\u00e5tt gjennom det viktigste fra [&hellip;]\" \/>\n<meta property=\"og:url\" content=\"https:\/\/hoyre.no\/lindesnes\/aktuelt\/takk-for-et-flott-arsmote-\ud83d\udc99\/\" \/>\n<meta property=\"og:site_name\" content=\"Lindesnes H\u00f8yre\" \/>\n<meta property=\"article:published_time\" content=\"2025-12-02T11:01:54+00:00\" \/>\n<meta property=\"article:modified_time\" content=\"2025-12-02T11:03:45+00:00\" \/>\n<meta property=\"og:image\" content=\"https:\/\/hoyre.no\/content\/uploads\/sites\/26\/2025\/12\/image-1024x703.png\" \/>\n<meta name=\"author\" content=\"Johannes Str\u00f8mberg\" \/>\n<meta name=\"twitter:card\" content=\"summary_large_image\" \/>\n<meta name=\"twitter:label1\" content=\"Skrevet av\" \/>\n\t<meta name=\"twitter:data1\" content=\"Johannes Str\u00f8mberg\" \/>\n\t<meta name=\"twitter:label2\" content=\"Ansl. lesetid\" \/>\n\t<meta name=\"twitter:data2\" content=\"1 minutt\" \/>\n<script type=\"application\/ld+json\" class=\"yoast-schema-graph\">{\"@context\":\"https:\/\/schema.org\",\"@graph\":[{\"@type\":\"NewsArticle\",\"@id\":\"https:\/\/hoyre.no\/lindesnes\/aktuelt\/takk-for-et-flott-arsmote-%f0%9f%92%99\/\",\"url\":\"https:\/\/hoyre.no\/lindesnes\/aktuelt\/takk-for-et-flott-arsmote-%f0%9f%92%99\/\",\"name\":\"Takk for et flott \u00e5rsm\u00f8te! \ud83d\udc99 - Lindesnes H\u00f8yre\",\"isPartOf\":{\"@id\":\"https:\/\/hoyre.no\/lindesnes\/#website\"},\"image\":{\"@id\":\"https:\/\/hoyre.no\/lindesnes\/aktuelt\/takk-for-et-flott-arsmote-%f0%9f%92%99\/#primaryimage\"},\"thumbnailUrl\":\"https:\/\/hoyre.no\/content\/uploads\/sites\/26\/2025\/12\/image-1024x703.png\",\"datePublished\":\"2025-12-02T11:01:54+00:00\",\"dateModified\":\"2025-12-02T11:03:45+00:00\",\"author\":{\"@id\":\"https:\/\/hoyre.no\/lindesnes\/#\/schema\/person\/c163ff5f76c860a02db911f83831bd69\"},\"breadcrumb\":{\"@id\":\"https:\/\/hoyre.no\/lindesnes\/aktuelt\/takk-for-et-flott-arsmote-%f0%9f%92%99\/#breadcrumb\"},\"inLanguage\":\"nb-NO\",\"potentialAction\":[{\"@type\":\"ReadAction\",\"target\":[\"https:\/\/hoyre.no\/lindesnes\/aktuelt\/takk-for-et-flott-arsmote-%f0%9f%92%99\/\"]}]},{\"@type\":\"ImageObject\",\"inLanguage\":\"nb-NO\",\"@id\":\"https:\/\/hoyre.no\/lindesnes\/aktuelt\/takk-for-et-flott-arsmote-%f0%9f%92%99\/#primaryimage\",\"url\":\"https:\/\/hoyre.no\/content\/uploads\/sites\/26\/2025\/12\/image-1024x703.png\",\"contentUrl\":\"https:\/\/hoyre.no\/content\/uploads\/sites\/26\/2025\/12\/image-1024x703.png\"},{\"@type\":\"BreadcrumbList\",\"@id\":\"https:\/\/hoyre.no\/lindesnes\/aktuelt\/takk-for-et-flott-arsmote-%f0%9f%92%99\/#breadcrumb\",\"itemListElement\":[{\"@type\":\"ListItem\",\"position\":1,\"name\":\"Til hoyre.no\",\"item\":\"https:\/\/hoyre.no\"},{\"@type\":\"ListItem\",\"position\":2,\"name\":\"Hjem\",\"item\":\"https:\/\/hoyre.no\/lindesnes\/\"},{\"@type\":\"ListItem\",\"position\":3,\"name\":\"Takk for et flott \u00e5rsm\u00f8te! \ud83d\udc99\"}]},{\"@type\":\"WebSite\",\"@id\":\"https:\/\/hoyre.no\/lindesnes\/#website\",\"url\":\"https:\/\/hoyre.no\/lindesnes\/\",\"name\":\"Lindesnes H\u00f8yre\",\"description\":\"Bare enda et H\u00f8yres nettsteder-nettsted\",\"inLanguage\":\"nb-NO\"},{\"@type\":\"Person\",\"@id\":\"https:\/\/hoyre.no\/lindesnes\/#\/schema\/person\/c163ff5f76c860a02db911f83831bd69\",\"name\":\"Johannes Str\u00f8mberg\",\"image\":{\"@type\":\"ImageObject\",\"inLanguage\":\"nb-NO\",\"@id\":\"https:\/\/hoyre.no\/lindesnes\/#\/schema\/person\/image\/\",\"url\":\"https:\/\/secure.gravatar.com\/avatar\/69a51525e179c87eaf4c14f9c59455d87efc9f0f7e0fb555882dc63e89aaa9a8?s=96&d=mm&r=g\",\"contentUrl\":\"https:\/\/secure.gravatar.com\/avatar\/69a51525e179c87eaf4c14f9c59455d87efc9f0f7e0fb555882dc63e89aaa9a8?s=96&d=mm&r=g\",\"caption\":\"Johannes Str\u00f8mberg\"},\"url\":\"https:\/\/hoyre.no\/lindesnes\/aktuelt\/author\/m51961407\/\"}]}<\/script>\n<!-- \/ Yoast SEO plugin. -->","yoast_head_json":{"title":"Takk for et flott \u00e5rsm\u00f8te! \ud83d\udc99 - Lindesnes H\u00f8yre","robots":{"index":"index","follow":"follow","max-snippet":"max-snippet:-1","max-image-preview":"max-image-preview:large","max-video-preview":"max-video-preview:-1"},"canonical":"https:\/\/hoyre.no\/lindesnes\/aktuelt\/takk-for-et-flott-arsmote-\ud83d\udc99\/","og_locale":"nb_NO","og_type":"article","og_title":"Takk for et flott \u00e5rsm\u00f8te! \ud83d\udc99 - Lindesnes H\u00f8yre","og_description":"Illustrasjonsfoto Takk for et flott \u00e5rsm\u00f8te! \ud83d\udc99 Lindesnes H\u00f8yre vil takke alle som m\u00f8tte opp p\u00e5 \u00e5rsm\u00f8tet v\u00e5rt [dato]. Det ble en veldig hyggelig kveld med gode samtaler, politisk engasjement og fine blikk p\u00e5 \u00e5ret som har g\u00e5tt \u2014 og \u00e5ret vi har foran oss. Vi fikk valgt nytt styre, g\u00e5tt gjennom det viktigste fra [&hellip;]","og_url":"https:\/\/hoyre.no\/lindesnes\/aktuelt\/takk-for-et-flott-arsmote-\ud83d\udc99\/","og_site_name":"Lindesnes H\u00f8yre","article_published_time":"2025-12-02T11:01:54+00:00","article_modified_time":"2025-12-02T11:03:45+00:00","og_image":[{"url":"https:\/\/hoyre.no\/content\/uploads\/sites\/26\/2025\/12\/image-1024x703.png","width":"","height":"","type":""}],"author":"Johannes Str\u00f8mberg","twitter_card":"summary_large_image","twitter_misc":{"Skrevet av":"Johannes Str\u00f8mberg","Ansl. lesetid":"1 minutt"},"schema":{"@context":"https:\/\/schema.org","@graph":[{"@type":"NewsArticle","@id":"https:\/\/hoyre.no\/lindesnes\/aktuelt\/takk-for-et-flott-arsmote-%f0%9f%92%99\/","url":"https:\/\/hoyre.no\/lindesnes\/aktuelt\/takk-for-et-flott-arsmote-%f0%9f%92%99\/","name":"Takk for et flott \u00e5rsm\u00f8te! \ud83d\udc99 - Lindesnes H\u00f8yre","isPartOf":{"@id":"https:\/\/hoyre.no\/lindesnes\/#website"},"image":{"@id":"https:\/\/hoyre.no\/lindesnes\/aktuelt\/takk-for-et-flott-arsmote-%f0%9f%92%99\/#primaryimage"},"thumbnailUrl":"https:\/\/hoyre.no\/content\/uploads\/sites\/26\/2025\/12\/image-1024x703.png","datePublished":"2025-12-02T11:01:54+00:00","dateModified":"2025-12-02T11:03:45+00:00","author":{"@id":"https:\/\/hoyre.no\/lindesnes\/#\/schema\/person\/c163ff5f76c860a02db911f83831bd69"},"breadcrumb":{"@id":"https:\/\/hoyre.no\/lindesnes\/aktuelt\/takk-for-et-flott-arsmote-%f0%9f%92%99\/#breadcrumb"},"inLanguage":"nb-NO","potentialAction":[{"@type":"ReadAction","target":["https:\/\/hoyre.no\/lindesnes\/aktuelt\/takk-for-et-flott-arsmote-%f0%9f%92%99\/"]}]},{"@type":"ImageObject","inLanguage":"nb-NO","@id":"https:\/\/hoyre.no\/lindesnes\/aktuelt\/takk-for-et-flott-arsmote-%f0%9f%92%99\/#primaryimage","url":"https:\/\/hoyre.no\/content\/uploads\/sites\/26\/2025\/12\/image-1024x703.png","contentUrl":"https:\/\/hoyre.no\/content\/uploads\/sites\/26\/2025\/12\/image-1024x703.png"},{"@type":"BreadcrumbList","@id":"https:\/\/hoyre.no\/lindesnes\/aktuelt\/takk-for-et-flott-arsmote-%f0%9f%92%99\/#breadcrumb","itemListElement":[{"@type":"ListItem","position":1,"name":"Til hoyre.no","item":"https:\/\/hoyre.no"},{"@type":"ListItem","position":2,"name":"Hjem","item":"https:\/\/hoyre.no\/lindesnes\/"},{"@type":"ListItem","position":3,"name":"Takk for et flott \u00e5rsm\u00f8te! \ud83d\udc99"}]},{"@type":"WebSite","@id":"https:\/\/hoyre.no\/lindesnes\/#website","url":"https:\/\/hoyre.no\/lindesnes\/","name":"Lindesnes H\u00f8yre","description":"Bare enda et H\u00f8yres nettsteder-nettsted","inLanguage":"nb-NO"},{"@type":"Person","@id":"https:\/\/hoyre.no\/lindesnes\/#\/schema\/person\/c163ff5f76c860a02db911f83831bd69","name":"Johannes Str\u00f8mberg","image":{"@type":"ImageObject","inLanguage":"nb-NO","@id":"https:\/\/hoyre.no\/lindesnes\/#\/schema\/person\/image\/","url":"https:\/\/secure.gravatar.com\/avatar\/69a51525e179c87eaf4c14f9c59455d87efc9f0f7e0fb555882dc63e89aaa9a8?s=96&d=mm&r=g","contentUrl":"https:\/\/secure.gravatar.com\/avatar\/69a51525e179c87eaf4c14f9c59455d87efc9f0f7e0fb555882dc63e89aaa9a8?s=96&d=mm&r=g","caption":"Johannes Str\u00f8mberg"},"url":"https:\/\/hoyre.no\/lindesnes\/aktuelt\/author\/m51961407\/"}]}},"distributor_meta":false,"distributor_terms":false,"distributor_media":false,"distributor_original_site_name":"Lindesnes H\u00f8yre","distributor_original_site_url":"https:\/\/hoyre.no\/lindesnes","push-errors":false,"_links":{"self":[{"href":"https:\/\/hoyre.no\/lindesnes\/wp-json\/wp\/v2\/posts\/247","targetHints":{"allow":["GET"]}}],"collection":[{"href":"https:\/\/hoyre.no\/lindesnes\/wp-json\/wp\/v2\/posts"}],"about":[{"href":"https:\/\/hoyre.no\/lindesnes\/wp-json\/wp\/v2\/types\/post"}],"author":[{"embeddable":true,"href":"https:\/\/hoyre.no\/lindesnes\/wp-json\/wp\/v2\/users\/28868"}],"replies":[{"embeddable":true,"href":"https:\/\/hoyre.no\/lindesnes\/wp-json\/wp\/v2\/comments?post=247"}],"version-history":[{"count":3,"href":"https:\/\/hoyre.no\/lindesnes\/wp-json\/wp\/v2\/posts\/247\/revisions"}],"predecessor-version":[{"id":253,"href":"https:\/\/hoyre.no\/lindesnes\/wp-json\/wp\/v2\/posts\/247\/revisions\/253"}],"wp:attachment":[{"href":"https:\/\/hoyre.no\/lindesnes\/wp-json\/wp\/v2\/media?parent=247"}],"wp:term":[{"taxonomy":"category","embeddable":true,"href":"https:\/\/hoyre.no\/lindesnes\/wp-json\/wp\/v2\/category?post=247"},{"taxonomy":"post_tag","embeddable":true,"href":"https:\/\/hoyre.no\/lindesnes\/wp-json\/wp\/v2\/post_tag?post=247"},{"taxonomy":"hoyre-visibility","embeddable":true,"href":"https:\/\/hoyre.no\/lindesnes\/wp-json\/wp\/v2\/hoyre-visibility?post=247"},{"taxonomy":"article-type","embeddable":true,"href":"https:\/\/hoyre.no\/lindesnes\/wp-json\/wp\/v2\/article-type?post=247"},{"taxonomy":"politician","embeddable":true,"href":"https:\/\/hoyre.no\/lindesnes\/wp-json\/wp\/v2\/politician?post=247"}],"curies":[{"name":"wp","href":"https:\/\/api.w.org\/{rel}","templated":true}]}}